{"id":3278,"date":"2023-10-06T09:03:42","date_gmt":"2023-10-06T07:03:42","guid":{"rendered":"https:\/\/covasna45.ro\/?p=3278"},"modified":"2023-10-06T09:05:21","modified_gmt":"2023-10-06T07:05:21","slug":"parlamentul-european-cere-ca-republica-moldova-sa-inceapa-negocierile-de-aderare-la-ue","status":"publish","type":"post","link":"https:\/\/covasna45.ro\/index.php\/lumea-noastra\/parlamentul-european-cere-ca-republica-moldova-sa-inceapa-negocierile-de-aderare-la-ue\/","title":{"rendered":"Republica Moldova va \u00eencepe negocierile de aderare la UE"},"content":{"rendered":"\n<p>Plenul Parlamentului European a votat cu larg\u0103 majoritate \u2013 448 de voturi \u201epentru\u201d, 45 \u201e\u00eempotriv\u0103\u201d \u0219i 43 de ab\u021bineri &#8211; rezolu\u021bia prin care solicit\u0103 Consiliului European \u0219i Comisiei Europene \u00eenceperea negocierilor de aderare a Republicii Moldova la Uniunea European\u0103. Termen &#8211; p\u00e2n\u0103 la finalul acestui an.<\/p>\n\n\n\n<p>Rezolu\u021bia a fost adoptat\u0103 la propunerea Grupului PPE din Parlamentul European. Ini\u021biativa a fost a deputatului european Siegfried Mure\u0219an (PPE \/ PNL). Acesta este pre\u0219edinte al Delega\u021biei Parlamentului European pentru rela\u021biile cu Republica Moldova.<\/p>\n\n\n\n<p><strong><em>\u201eCet\u0103\u021benii Republicii Moldova \u00ee\u0219i doresc s\u0103 tr\u0103iasc\u0103, la fel ca noi, \u00een libertate \u0219i \u00een democra\u021bie. Iar noi vrem s\u0103 le transmitem foarte clar: \u00eentr-o zi, Republica Moldova va fi membru al Uniunii Europene. Cet\u0103\u021benii s\u0103i vor avea exact acelea\u0219i drepturi \u0219i oportunit\u0103\u021bi ca to\u021bi cet\u0103\u021benii din celelalte state membre ale Uniunii Europene.<\/em><\/strong><\/p>\n\n\n\n<p><strong><em>\u0218i, de aceea, prin aceast\u0103 rezolu\u021bie, noi, Parlamentul European, cerem \u00eenceperea negocierilor de aderare a Republicii Moldova la Uniunea European\u0103 p\u00e2n\u0103 la finalul anului\u201d,<\/em><\/strong> a declarat deputatul european Siegfried Mure\u0219an.<\/p>\n\n\n\n<h2 class=\"wp-block-heading\">Sprijin sporit pentru Republica Moldova<\/h2>\n\n\n\n<p>\u00cen rezolu\u021bie, deputa\u021bii europeni mai cer, totodat\u0103, cre\u0219terea sprijinului financiar \u0219i tehnic pe care Uniunea European\u0103 \u00eel ofer\u0103 Republicii Moldova. Banii sunt pentru gestionarea provoc\u0103rilor legate de r\u0103zboiul din Ucraina \u0219i continuarea integr\u0103rii europene.<\/p>\n\n\n\n<p>Astfel, \u00een urma propunerii lui Siegfried Mure\u0219an, rezolu\u021bia solicit\u0103 relocarea c\u0103tre Republica Moldova a fondurilor programate ini\u021bial pentru Ucraina \u00een bugetul Uniunii Europene pentru perioada 2024 &#8211; 2027. <\/p>\n\n\n\n<p>Aceste fonduri vor deveni disponibile dup\u0103 ce UE va adopta un nou instrument financiar special dedicat Ucrainei. Suma ce ar putea fi relocat\u0103 este estimat\u0103 la 600 de milioane de euro.<\/p>\n\n\n\n<p><strong><em>\u201eRepublica Moldova este, dup\u0103 Ucraina, \u021bara cea mai puternic afectat\u0103 de consecin\u021bele r\u0103zboiului din Ucraina. Cu toate acestea, autorit\u0103\u021bile de la Chi\u0219in\u0103u au realizat progrese impresionante \u00een reformarea statului \u0219i apropierea de Uniunea European\u0103. De aceea, trebuie s\u0103 cre\u0219tem c\u00e2t mai mult sprijinul pe care \u00eel oferim autorit\u0103\u021bilor \u0219i cet\u0103\u021benilor Republicii Moldova\u201d,<\/em><\/strong> a mai spus Mure\u0219an.<\/p>\n\n\n\n<p>Printre m\u0103surile solicitate \u00een rezolu\u021bia votat\u0103 de Parlamentul European se mai num\u0103r\u0103 liberalizarea permanent\u0103 a comer\u021bului dintre Uniunea European\u0103 \u0219i Republica Moldov. Dar \u0219i integrarea gradual\u0103 a Moldovei \u00een Pia\u021ba Unic\u0103 European\u0103 \u00eenainte de finalizarea negocierilor de aderare.<\/p>\n","protected":false},"excerpt":{"rendered":"<p>Plenul Parlamentului European a votat cu larg\u0103 majoritate \u2013 448 de voturi \u201epentru\u201d, 45 \u201e\u00eempotriv\u0103\u201d \u0219i 43 de ab\u021bineri &#8211; rezolu\u021bia prin care solicit\u0103 Consiliului European \u0219i Comisiei Europene \u00eenceperea negocierilor de aderare a Republicii Moldova la Uniunea European\u0103. Termen &#8211; p\u00e2n\u0103 la finalul acestui an. Rezolu\u021bia a fost adoptat\u0103 la propunerea Grupului PPE din [&hellip;]<\/p>\n","protected":false},"author":1,"featured_media":3279,"comment_status":"open","ping_status":"closed","sticky":false,"template":"","format":"standard","meta":{"tdm_status":"","tdm_grid_status":"","footnotes":""},"categories":[14],"tags":[569,609,1290,1291,47],"class_list":{"0":"post-3278","1":"post","2":"type-post","3":"status-publish","4":"format-standard","5":"has-post-thumbnail","7":"category-lumea-noastra","8":"tag-aderare","9":"tag-parlamentul-european","10":"tag-republica-moldiva","11":"tag-rezolutie","12":"tag-ue"},"yoast_head":"<!-- This site is optimized with the Yoast SEO plugin v27.5 - https:\/\/yoast.com\/product\/yoast-seo-wordpress\/ -->\n<title>Republica Moldova va \u00eencepe negocierile de aderare la UE - Covasna45<\/title>\n<meta name=\"description\" content=\"Republica Moldova este, dup\u0103 Ucraina, \u021bara cea mai puternic afectat\u0103 de consecin\u021bele r\u0103zboiului din Ucraina.\" \/>\n<meta name=\"robots\" content=\"index, follow, max-snippet:-1, max-image-preview:large, max-video-preview:-1\" \/>\n<link rel=\"canonical\" href=\"https:\/\/covasna45.ro\/index.php\/lumea-noastra\/parlamentul-european-cere-ca-republica-moldova-sa-inceapa-negocierile-de-aderare-la-ue\/\" \/>\n<meta property=\"og:locale\" content=\"ro_RO\" \/>\n<meta property=\"og:type\" content=\"article\" \/>\n<meta property=\"og:title\" content=\"Republica Moldova va \u00eencepe negocierile de aderare la UE - Covasna45\" \/>\n<meta property=\"og:description\" content=\"Republica Moldova este, dup\u0103 Ucraina, \u021bara cea mai puternic afectat\u0103 de consecin\u021bele r\u0103zboiului din Ucraina.\" \/>\n<meta property=\"og:url\" content=\"https:\/\/covasna45.ro\/index.php\/lumea-noastra\/parlamentul-european-cere-ca-republica-moldova-sa-inceapa-negocierile-de-aderare-la-ue\/\" \/>\n<meta property=\"og:site_name\" content=\"Covasna45\" \/>\n<meta property=\"article:published_time\" content=\"2023-10-06T07:03:42+00:00\" \/>\n<meta property=\"article:modified_time\" content=\"2023-10-06T07:05:21+00:00\" \/>\n<meta property=\"og:image\" content=\"https:\/\/covasna45.ro\/wp-content\/uploads\/2023\/10\/moldova.png\" \/>\n\t<meta property=\"og:image:width\" content=\"1920\" \/>\n\t<meta property=\"og:image:height\" content=\"1020\" \/>\n\t<meta property=\"og:image:type\" content=\"image\/png\" \/>\n<meta name=\"author\" content=\"Covasna45\" \/>\n<meta name=\"twitter:card\" content=\"summary_large_image\" \/>\n<meta name=\"twitter:label1\" content=\"Scris de\" \/>\n\t<meta name=\"twitter:data1\" content=\"Covasna45\" \/>\n\t<meta name=\"twitter:label2\" content=\"Timp estimat pentru citire\" \/>\n\t<meta name=\"twitter:data2\" content=\"2 minute\" \/>\n<script type=\"application\/ld+json\" class=\"yoast-schema-graph\">{\"@context\":\"https:\\\/\\\/schema.org\",\"@graph\":[{\"@type\":\"Article\",\"@id\":\"https:\\\/\\\/covasna45.ro\\\/index.php\\\/lumea-noastra\\\/parlamentul-european-cere-ca-republica-moldova-sa-inceapa-negocierile-de-aderare-la-ue\\\/#article\",\"isPartOf\":{\"@id\":\"https:\\\/\\\/covasna45.ro\\\/index.php\\\/lumea-noastra\\\/parlamentul-european-cere-ca-republica-moldova-sa-inceapa-negocierile-de-aderare-la-ue\\\/\"},\"author\":{\"name\":\"Covasna45\",\"@id\":\"https:\\\/\\\/covasna45.ro\\\/#\\\/schema\\\/person\\\/e674052bd7d95d70bbb007a1060ab73c\"},\"headline\":\"Republica Moldova va \u00eencepe negocierile de aderare la UE\",\"datePublished\":\"2023-10-06T07:03:42+00:00\",\"dateModified\":\"2023-10-06T07:05:21+00:00\",\"mainEntityOfPage\":{\"@id\":\"https:\\\/\\\/covasna45.ro\\\/index.php\\\/lumea-noastra\\\/parlamentul-european-cere-ca-republica-moldova-sa-inceapa-negocierile-de-aderare-la-ue\\\/\"},\"wordCount\":402,\"commentCount\":0,\"publisher\":{\"@id\":\"https:\\\/\\\/covasna45.ro\\\/#organization\"},\"image\":{\"@id\":\"https:\\\/\\\/covasna45.ro\\\/index.php\\\/lumea-noastra\\\/parlamentul-european-cere-ca-republica-moldova-sa-inceapa-negocierile-de-aderare-la-ue\\\/#primaryimage\"},\"thumbnailUrl\":\"https:\\\/\\\/covasna45.ro\\\/wp-content\\\/uploads\\\/2023\\\/10\\\/moldova.png\",\"keywords\":[\"Aderare\",\"Parlamentul European\",\"Republica Moldiva\",\"Rezolu\u021bie\",\"UE\"],\"articleSection\":[\"Lumea noastr\u0103\"],\"inLanguage\":\"ro-RO\",\"potentialAction\":[{\"@type\":\"CommentAction\",\"name\":\"Comment\",\"target\":[\"https:\\\/\\\/covasna45.ro\\\/index.php\\\/lumea-noastra\\\/parlamentul-european-cere-ca-republica-moldova-sa-inceapa-negocierile-de-aderare-la-ue\\\/#respond\"]}]},{\"@type\":\"WebPage\",\"@id\":\"https:\\\/\\\/covasna45.ro\\\/index.php\\\/lumea-noastra\\\/parlamentul-european-cere-ca-republica-moldova-sa-inceapa-negocierile-de-aderare-la-ue\\\/\",\"url\":\"https:\\\/\\\/covasna45.ro\\\/index.php\\\/lumea-noastra\\\/parlamentul-european-cere-ca-republica-moldova-sa-inceapa-negocierile-de-aderare-la-ue\\\/\",\"name\":\"Republica Moldova va \u00eencepe negocierile de aderare la UE - Covasna45\",\"isPartOf\":{\"@id\":\"https:\\\/\\\/covasna45.ro\\\/#website\"},\"primaryImageOfPage\":{\"@id\":\"https:\\\/\\\/covasna45.ro\\\/index.php\\\/lumea-noastra\\\/parlamentul-european-cere-ca-republica-moldova-sa-inceapa-negocierile-de-aderare-la-ue\\\/#primaryimage\"},\"image\":{\"@id\":\"https:\\\/\\\/covasna45.ro\\\/index.php\\\/lumea-noastra\\\/parlamentul-european-cere-ca-republica-moldova-sa-inceapa-negocierile-de-aderare-la-ue\\\/#primaryimage\"},\"thumbnailUrl\":\"https:\\\/\\\/covasna45.ro\\\/wp-content\\\/uploads\\\/2023\\\/10\\\/moldova.png\",\"datePublished\":\"2023-10-06T07:03:42+00:00\",\"dateModified\":\"2023-10-06T07:05:21+00:00\",\"description\":\"Republica Moldova este, dup\u0103 Ucraina, \u021bara cea mai puternic afectat\u0103 de consecin\u021bele r\u0103zboiului din Ucraina.\",\"breadcrumb\":{\"@id\":\"https:\\\/\\\/covasna45.ro\\\/index.php\\\/lumea-noastra\\\/parlamentul-european-cere-ca-republica-moldova-sa-inceapa-negocierile-de-aderare-la-ue\\\/#breadcrumb\"},\"inLanguage\":\"ro-RO\",\"potentialAction\":[{\"@type\":\"ReadAction\",\"target\":[\"https:\\\/\\\/covasna45.ro\\\/index.php\\\/lumea-noastra\\\/parlamentul-european-cere-ca-republica-moldova-sa-inceapa-negocierile-de-aderare-la-ue\\\/\"]}]},{\"@type\":\"ImageObject\",\"inLanguage\":\"ro-RO\",\"@id\":\"https:\\\/\\\/covasna45.ro\\\/index.php\\\/lumea-noastra\\\/parlamentul-european-cere-ca-republica-moldova-sa-inceapa-negocierile-de-aderare-la-ue\\\/#primaryimage\",\"url\":\"https:\\\/\\\/covasna45.ro\\\/wp-content\\\/uploads\\\/2023\\\/10\\\/moldova.png\",\"contentUrl\":\"https:\\\/\\\/covasna45.ro\\\/wp-content\\\/uploads\\\/2023\\\/10\\\/moldova.png\",\"width\":1920,\"height\":1020},{\"@type\":\"BreadcrumbList\",\"@id\":\"https:\\\/\\\/covasna45.ro\\\/index.php\\\/lumea-noastra\\\/parlamentul-european-cere-ca-republica-moldova-sa-inceapa-negocierile-de-aderare-la-ue\\\/#breadcrumb\",\"itemListElement\":[{\"@type\":\"ListItem\",\"position\":1,\"name\":\"Prima pagin\u0103\",\"item\":\"https:\\\/\\\/covasna45.ro\\\/\"},{\"@type\":\"ListItem\",\"position\":2,\"name\":\"Republica Moldova va \u00eencepe negocierile de aderare la UE\"}]},{\"@type\":\"WebSite\",\"@id\":\"https:\\\/\\\/covasna45.ro\\\/#website\",\"url\":\"https:\\\/\\\/covasna45.ro\\\/\",\"name\":\"covasna45.ro\",\"description\":\"\",\"publisher\":{\"@id\":\"https:\\\/\\\/covasna45.ro\\\/#organization\"},\"potentialAction\":[{\"@type\":\"SearchAction\",\"target\":{\"@type\":\"EntryPoint\",\"urlTemplate\":\"https:\\\/\\\/covasna45.ro\\\/?s={search_term_string}\"},\"query-input\":{\"@type\":\"PropertyValueSpecification\",\"valueRequired\":true,\"valueName\":\"search_term_string\"}}],\"inLanguage\":\"ro-RO\"},{\"@type\":\"Organization\",\"@id\":\"https:\\\/\\\/covasna45.ro\\\/#organization\",\"name\":\"covasna45.ro\",\"url\":\"https:\\\/\\\/covasna45.ro\\\/\",\"logo\":{\"@type\":\"ImageObject\",\"inLanguage\":\"ro-RO\",\"@id\":\"https:\\\/\\\/covasna45.ro\\\/#\\\/schema\\\/logo\\\/image\\\/\",\"url\":\"https:\\\/\\\/covasna45.ro\\\/wp-content\\\/uploads\\\/2023\\\/01\\\/icon_logo.png\",\"contentUrl\":\"https:\\\/\\\/covasna45.ro\\\/wp-content\\\/uploads\\\/2023\\\/01\\\/icon_logo.png\",\"width\":1900,\"height\":1900,\"caption\":\"covasna45.ro\"},\"image\":{\"@id\":\"https:\\\/\\\/covasna45.ro\\\/#\\\/schema\\\/logo\\\/image\\\/\"}},{\"@type\":\"Person\",\"@id\":\"https:\\\/\\\/covasna45.ro\\\/#\\\/schema\\\/person\\\/e674052bd7d95d70bbb007a1060ab73c\",\"name\":\"Covasna45\",\"image\":{\"@type\":\"ImageObject\",\"inLanguage\":\"ro-RO\",\"@id\":\"https:\\\/\\\/covasna45.ro\\\/wp-content\\\/uploads\\\/2025\\\/10\\\/icon_logo_covasna45-150x150.png\",\"url\":\"https:\\\/\\\/covasna45.ro\\\/wp-content\\\/uploads\\\/2025\\\/10\\\/icon_logo_covasna45-150x150.png\",\"contentUrl\":\"https:\\\/\\\/covasna45.ro\\\/wp-content\\\/uploads\\\/2025\\\/10\\\/icon_logo_covasna45-150x150.png\",\"caption\":\"Covasna45\"},\"sameAs\":[\"https:\\\/\\\/covasna45.ro\"],\"url\":\"https:\\\/\\\/covasna45.ro\\\/index.php\\\/author\\\/covasna\\\/\"}]}<\/script>\n<!-- \/ Yoast SEO plugin. -->","yoast_head_json":{"title":"Republica Moldova va \u00eencepe negocierile de aderare la UE - Covasna45","description":"Republica Moldova este, dup\u0103 Ucraina, \u021bara cea mai puternic afectat\u0103 de consecin\u021bele r\u0103zboiului din Ucraina.","robots":{"index":"index","follow":"follow","max-snippet":"max-snippet:-1","max-image-preview":"max-image-preview:large","max-video-preview":"max-video-preview:-1"},"canonical":"https:\/\/covasna45.ro\/index.php\/lumea-noastra\/parlamentul-european-cere-ca-republica-moldova-sa-inceapa-negocierile-de-aderare-la-ue\/","og_locale":"ro_RO","og_type":"article","og_title":"Republica Moldova va \u00eencepe negocierile de aderare la UE - Covasna45","og_description":"Republica Moldova este, dup\u0103 Ucraina, \u021bara cea mai puternic afectat\u0103 de consecin\u021bele r\u0103zboiului din Ucraina.","og_url":"https:\/\/covasna45.ro\/index.php\/lumea-noastra\/parlamentul-european-cere-ca-republica-moldova-sa-inceapa-negocierile-de-aderare-la-ue\/","og_site_name":"Covasna45","article_published_time":"2023-10-06T07:03:42+00:00","article_modified_time":"2023-10-06T07:05:21+00:00","og_image":[{"width":1920,"height":1020,"url":"https:\/\/covasna45.ro\/wp-content\/uploads\/2023\/10\/moldova.png","type":"image\/png"}],"author":"Covasna45","twitter_card":"summary_large_image","twitter_misc":{"Scris de":"Covasna45","Timp estimat pentru citire":"2 minute"},"schema":{"@context":"https:\/\/schema.org","@graph":[{"@type":"Article","@id":"https:\/\/covasna45.ro\/index.php\/lumea-noastra\/parlamentul-european-cere-ca-republica-moldova-sa-inceapa-negocierile-de-aderare-la-ue\/#article","isPartOf":{"@id":"https:\/\/covasna45.ro\/index.php\/lumea-noastra\/parlamentul-european-cere-ca-republica-moldova-sa-inceapa-negocierile-de-aderare-la-ue\/"},"author":{"name":"Covasna45","@id":"https:\/\/covasna45.ro\/#\/schema\/person\/e674052bd7d95d70bbb007a1060ab73c"},"headline":"Republica Moldova va \u00eencepe negocierile de aderare la UE","datePublished":"2023-10-06T07:03:42+00:00","dateModified":"2023-10-06T07:05:21+00:00","mainEntityOfPage":{"@id":"https:\/\/covasna45.ro\/index.php\/lumea-noastra\/parlamentul-european-cere-ca-republica-moldova-sa-inceapa-negocierile-de-aderare-la-ue\/"},"wordCount":402,"commentCount":0,"publisher":{"@id":"https:\/\/covasna45.ro\/#organization"},"image":{"@id":"https:\/\/covasna45.ro\/index.php\/lumea-noastra\/parlamentul-european-cere-ca-republica-moldova-sa-inceapa-negocierile-de-aderare-la-ue\/#primaryimage"},"thumbnailUrl":"https:\/\/covasna45.ro\/wp-content\/uploads\/2023\/10\/moldova.png","keywords":["Aderare","Parlamentul European","Republica Moldiva","Rezolu\u021bie","UE"],"articleSection":["Lumea noastr\u0103"],"inLanguage":"ro-RO","potentialAction":[{"@type":"CommentAction","name":"Comment","target":["https:\/\/covasna45.ro\/index.php\/lumea-noastra\/parlamentul-european-cere-ca-republica-moldova-sa-inceapa-negocierile-de-aderare-la-ue\/#respond"]}]},{"@type":"WebPage","@id":"https:\/\/covasna45.ro\/index.php\/lumea-noastra\/parlamentul-european-cere-ca-republica-moldova-sa-inceapa-negocierile-de-aderare-la-ue\/","url":"https:\/\/covasna45.ro\/index.php\/lumea-noastra\/parlamentul-european-cere-ca-republica-moldova-sa-inceapa-negocierile-de-aderare-la-ue\/","name":"Republica Moldova va \u00eencepe negocierile de aderare la UE - Covasna45","isPartOf":{"@id":"https:\/\/covasna45.ro\/#website"},"primaryImageOfPage":{"@id":"https:\/\/covasna45.ro\/index.php\/lumea-noastra\/parlamentul-european-cere-ca-republica-moldova-sa-inceapa-negocierile-de-aderare-la-ue\/#primaryimage"},"image":{"@id":"https:\/\/covasna45.ro\/index.php\/lumea-noastra\/parlamentul-european-cere-ca-republica-moldova-sa-inceapa-negocierile-de-aderare-la-ue\/#primaryimage"},"thumbnailUrl":"https:\/\/covasna45.ro\/wp-content\/uploads\/2023\/10\/moldova.png","datePublished":"2023-10-06T07:03:42+00:00","dateModified":"2023-10-06T07:05:21+00:00","description":"Republica Moldova este, dup\u0103 Ucraina, \u021bara cea mai puternic afectat\u0103 de consecin\u021bele r\u0103zboiului din Ucraina.","breadcrumb":{"@id":"https:\/\/covasna45.ro\/index.php\/lumea-noastra\/parlamentul-european-cere-ca-republica-moldova-sa-inceapa-negocierile-de-aderare-la-ue\/#breadcrumb"},"inLanguage":"ro-RO","potentialAction":[{"@type":"ReadAction","target":["https:\/\/covasna45.ro\/index.php\/lumea-noastra\/parlamentul-european-cere-ca-republica-moldova-sa-inceapa-negocierile-de-aderare-la-ue\/"]}]},{"@type":"ImageObject","inLanguage":"ro-RO","@id":"https:\/\/covasna45.ro\/index.php\/lumea-noastra\/parlamentul-european-cere-ca-republica-moldova-sa-inceapa-negocierile-de-aderare-la-ue\/#primaryimage","url":"https:\/\/covasna45.ro\/wp-content\/uploads\/2023\/10\/moldova.png","contentUrl":"https:\/\/covasna45.ro\/wp-content\/uploads\/2023\/10\/moldova.png","width":1920,"height":1020},{"@type":"BreadcrumbList","@id":"https:\/\/covasna45.ro\/index.php\/lumea-noastra\/parlamentul-european-cere-ca-republica-moldova-sa-inceapa-negocierile-de-aderare-la-ue\/#breadcrumb","itemListElement":[{"@type":"ListItem","position":1,"name":"Prima pagin\u0103","item":"https:\/\/covasna45.ro\/"},{"@type":"ListItem","position":2,"name":"Republica Moldova va \u00eencepe negocierile de aderare la UE"}]},{"@type":"WebSite","@id":"https:\/\/covasna45.ro\/#website","url":"https:\/\/covasna45.ro\/","name":"covasna45.ro","description":"","publisher":{"@id":"https:\/\/covasna45.ro\/#organization"},"potentialAction":[{"@type":"SearchAction","target":{"@type":"EntryPoint","urlTemplate":"https:\/\/covasna45.ro\/?s={search_term_string}"},"query-input":{"@type":"PropertyValueSpecification","valueRequired":true,"valueName":"search_term_string"}}],"inLanguage":"ro-RO"},{"@type":"Organization","@id":"https:\/\/covasna45.ro\/#organization","name":"covasna45.ro","url":"https:\/\/covasna45.ro\/","logo":{"@type":"ImageObject","inLanguage":"ro-RO","@id":"https:\/\/covasna45.ro\/#\/schema\/logo\/image\/","url":"https:\/\/covasna45.ro\/wp-content\/uploads\/2023\/01\/icon_logo.png","contentUrl":"https:\/\/covasna45.ro\/wp-content\/uploads\/2023\/01\/icon_logo.png","width":1900,"height":1900,"caption":"covasna45.ro"},"image":{"@id":"https:\/\/covasna45.ro\/#\/schema\/logo\/image\/"}},{"@type":"Person","@id":"https:\/\/covasna45.ro\/#\/schema\/person\/e674052bd7d95d70bbb007a1060ab73c","name":"Covasna45","image":{"@type":"ImageObject","inLanguage":"ro-RO","@id":"https:\/\/covasna45.ro\/wp-content\/uploads\/2025\/10\/icon_logo_covasna45-150x150.png","url":"https:\/\/covasna45.ro\/wp-content\/uploads\/2025\/10\/icon_logo_covasna45-150x150.png","contentUrl":"https:\/\/covasna45.ro\/wp-content\/uploads\/2025\/10\/icon_logo_covasna45-150x150.png","caption":"Covasna45"},"sameAs":["https:\/\/covasna45.ro"],"url":"https:\/\/covasna45.ro\/index.php\/author\/covasna\/"}]}},"_links":{"self":[{"href":"https:\/\/covasna45.ro\/index.php\/wp-json\/wp\/v2\/posts\/3278","targetHints":{"allow":["GET"]}}],"collection":[{"href":"https:\/\/covasna45.ro\/index.php\/wp-json\/wp\/v2\/posts"}],"about":[{"href":"https:\/\/covasna45.ro\/index.php\/wp-json\/wp\/v2\/types\/post"}],"author":[{"embeddable":true,"href":"https:\/\/covasna45.ro\/index.php\/wp-json\/wp\/v2\/users\/1"}],"replies":[{"embeddable":true,"href":"https:\/\/covasna45.ro\/index.php\/wp-json\/wp\/v2\/comments?post=3278"}],"version-history":[{"count":2,"href":"https:\/\/covasna45.ro\/index.php\/wp-json\/wp\/v2\/posts\/3278\/revisions"}],"predecessor-version":[{"id":3282,"href":"https:\/\/covasna45.ro\/index.php\/wp-json\/wp\/v2\/posts\/3278\/revisions\/3282"}],"wp:featuredmedia":[{"embeddable":true,"href":"https:\/\/covasna45.ro\/index.php\/wp-json\/wp\/v2\/media\/3279"}],"wp:attachment":[{"href":"https:\/\/covasna45.ro\/index.php\/wp-json\/wp\/v2\/media?parent=3278"}],"wp:term":[{"taxonomy":"category","embeddable":true,"href":"https:\/\/covasna45.ro\/index.php\/wp-json\/wp\/v2\/categories?post=3278"},{"taxonomy":"post_tag","embeddable":true,"href":"https:\/\/covasna45.ro\/index.php\/wp-json\/wp\/v2\/tags?post=3278"}],"curies":[{"name":"wp","href":"https:\/\/api.w.org\/{rel}","templated":true}]}}