{"id":3284,"date":"2023-10-06T12:06:38","date_gmt":"2023-10-06T10:06:38","guid":{"rendered":"https:\/\/covasna45.ro\/?p=3284"},"modified":"2023-10-06T12:07:09","modified_gmt":"2023-10-06T10:07:09","slug":"gala-celor-mai-tari-firme-din-judet-pe-anul-2022","status":"publish","type":"post","link":"https:\/\/covasna45.ro\/index.php\/lumea-noastra\/gala-celor-mai-tari-firme-din-judet-pe-anul-2022\/","title":{"rendered":"Gala celor mai tari firme din jude\u021b pe anul 2022"},"content":{"rendered":"\n<p>Camera de Comer\u021b \u0219i Industrie Covasna a premiat asear\u0103, \u00een cadrul unei Gale organizate la Panorama Event Hall, cele mai performante companii din jude\u021b, dup\u0103 cifra de afaceri din anul 2022.<\/p>\n\n\n\n<figure class=\"wp-block-image size-large\"><img loading=\"lazy\" decoding=\"async\" width=\"1024\" height=\"623\" src=\"https:\/\/covasna45.ro\/wp-content\/uploads\/2023\/10\/gala-2-1024x623.jpg\" alt=\"\" class=\"wp-image-3285\" srcset=\"https:\/\/covasna45.ro\/wp-content\/uploads\/2023\/10\/gala-2-1024x623.jpg 1024w, https:\/\/covasna45.ro\/wp-content\/uploads\/2023\/10\/gala-2-300x183.jpg 300w, https:\/\/covasna45.ro\/wp-content\/uploads\/2023\/10\/gala-2-768x468.jpg 768w, https:\/\/covasna45.ro\/wp-content\/uploads\/2023\/10\/gala-2-1536x935.jpg 1536w, https:\/\/covasna45.ro\/wp-content\/uploads\/2023\/10\/gala-2-150x91.jpg 150w, https:\/\/covasna45.ro\/wp-content\/uploads\/2023\/10\/gala-2-696x424.jpg 696w, https:\/\/covasna45.ro\/wp-content\/uploads\/2023\/10\/gala-2-1068x650.jpg 1068w, https:\/\/covasna45.ro\/wp-content\/uploads\/2023\/10\/gala-2.jpg 1600w\" sizes=\"auto, (max-width: 1024px) 100vw, 1024px\" \/><\/figure>\n\n\n\n<p>La eveniment au luat parte, pe l\u00e2ng\u0103 antreprenori, \u0219i oficiali. Printre ace\u0219tia, pre\u0219edintele Consiliului Jude\u021bean, Tam\u00e1s S\u00e1ndor, dar \u0219i fostul premier Victor Ponta. Ponta a venit \u00een calitate de consilier al pre\u0219edintelui Camerei de Comer\u021b a Rom\u00e2niei , dar \u0219i al prim-ministrului Marcel Ciolacu. El a fost \u00eenso\u021bit de pre\u0219edintele PSD Covasna, Bogdan Barbu.<\/p>\n\n\n\n<h2 class=\"wp-block-heading\">Primele 10 companii din jude\u021b, dup\u0103 cifra de afaceri<\/h2>\n\n\n\n<ol class=\"wp-block-list\">\n<li><strong>HS Timber Production Reci (prelucrarea lemnului)<\/strong><\/li>\n\n\n\n<li><strong>Fabrica de Lapte Bra\u0219ov SA<\/strong><\/li>\n\n\n\n<li><strong>Dunapak Rambox (ambalaje h\u00e2rtie \u0219i carton)<\/strong><\/li>\n\n\n\n<li><strong>Bertis SRL (carne \u0219i produse din carne)<\/strong><\/li>\n\n\n\n<li><strong>Covalact SA<\/strong><\/li>\n\n\n\n<li><strong>Nexxon SRL (piese \u0219i accesorii autovehicole)<\/strong><\/li>\n\n\n\n<li><strong>Walor Ro SRL (mecanic\u0103 general\u0103)<\/strong><\/li>\n\n\n\n<li><strong>Produc\u021bie zah\u0103r Moden SRL T\u00e2rgu Secuiesc<\/strong><\/li>\n\n\n\n<li><strong>Hope Sped (transport)<\/strong><\/li>\n\n\n\n<li><strong>Valdek Impex (construc\u021bii drumuri).<\/strong><\/li>\n<\/ol>\n\n\n\n<h2 class=\"wp-block-heading\">Tam\u00e1s S\u00e1ndor: \u201e\u00cen timp de criz\u0103, nu cre\u0219ti taxele!\u201d<\/h2>\n\n\n\n<p>Pre\u0219edintele Consiliului Jude\u021bean Covasna a \u021binut un scurt discurs la \u00eenceputul Galei. Le-a mul\u021bumit antreprenorilor pentru activitatea lor. Tam\u00e1s S\u00e1ndor le-a mul\u021bumit \u0219i pentru c\u0103, de la an la an, cifra de afaceri din jude\u021b a crescut.<\/p>\n\n\n\n<figure class=\"wp-block-image size-large\"><img loading=\"lazy\" decoding=\"async\" width=\"1024\" height=\"768\" src=\"https:\/\/covasna45.ro\/wp-content\/uploads\/2023\/10\/tamas_gala-1024x768.jpg\" alt=\"\" class=\"wp-image-3287\" srcset=\"https:\/\/covasna45.ro\/wp-content\/uploads\/2023\/10\/tamas_gala-1024x768.jpg 1024w, https:\/\/covasna45.ro\/wp-content\/uploads\/2023\/10\/tamas_gala-300x225.jpg 300w, https:\/\/covasna45.ro\/wp-content\/uploads\/2023\/10\/tamas_gala-768x576.jpg 768w, https:\/\/covasna45.ro\/wp-content\/uploads\/2023\/10\/tamas_gala-1536x1152.jpg 1536w, https:\/\/covasna45.ro\/wp-content\/uploads\/2023\/10\/tamas_gala-150x113.jpg 150w, https:\/\/covasna45.ro\/wp-content\/uploads\/2023\/10\/tamas_gala-696x522.jpg 696w, https:\/\/covasna45.ro\/wp-content\/uploads\/2023\/10\/tamas_gala-1068x801.jpg 1068w, https:\/\/covasna45.ro\/wp-content\/uploads\/2023\/10\/tamas_gala-265x198.jpg 265w, https:\/\/covasna45.ro\/wp-content\/uploads\/2023\/10\/tamas_gala.jpg 1600w\" sizes=\"auto, (max-width: 1024px) 100vw, 1024px\" \/><\/figure>\n\n\n\n<p><strong><em>\u201eDe\u0219i nu sunt bun la matematic\u0103, \u0219tiu foarte bine c\u0103 \u00een perioad\u0103 de criz\u0103 nu e bine s\u0103 m\u0103re\u0219ti taxele, ci s\u0103 le scazi. Dar, m\u0103 rog, Bucure\u0219tiul e departe de noi, vedem c\u0103 nu se g\u0103se\u0219te busola. Le mul\u021bumesc \u00eentreprinz\u0103torilor din jude\u021bul Covasna! <\/em><\/strong><\/p>\n\n\n\n<p><strong><em>\u00cen ultimii 10 \u2013 12 ani, jude\u021bul Covasna a fost penultimul \u00een clasament la salariul mediu, acum 5 ani s-a ridicat la locul al 15-lea din spate, iar acum, datorit\u0103 celor care sunt \u00een sal\u0103 \u0219i nu numai, jude\u021bul Covasna se claseaz\u0103 la mijloc sau pu\u021bin mai sus\u201d,<\/em><\/strong> a spus \u0219eful CJ. <\/p>\n\n\n\n<p>El a subliniat, referindu-se la viitor, c\u0103 jude\u021bul Covasna colaboreaz\u0103 foarte bine cu Bra\u0219ovul. A dat exemplu Aeroportul Ghimbav, la care CJ a contribuit politic \u0219i financiar.<\/p>\n\n\n\n<h2 class=\"wp-block-heading\">Victor Ponta: \u201eNu am venit cu ve\u0219ti bune!\u201d<\/h2>\n\n\n\n<p>Consilierul premierului Marcel Ciolacu, Victor Ponta, a spus, printre altele, c\u0103 nu are ve\u0219ti bune pentru mediul de afaceri.<\/p>\n\n\n\n<figure class=\"wp-block-image size-large\"><img loading=\"lazy\" decoding=\"async\" width=\"768\" height=\"1024\" src=\"https:\/\/covasna45.ro\/wp-content\/uploads\/2023\/10\/ponta_gala-768x1024.jpg\" alt=\"\" class=\"wp-image-3288\" srcset=\"https:\/\/covasna45.ro\/wp-content\/uploads\/2023\/10\/ponta_gala-768x1024.jpg 768w, https:\/\/covasna45.ro\/wp-content\/uploads\/2023\/10\/ponta_gala-225x300.jpg 225w, https:\/\/covasna45.ro\/wp-content\/uploads\/2023\/10\/ponta_gala-1152x1536.jpg 1152w, https:\/\/covasna45.ro\/wp-content\/uploads\/2023\/10\/ponta_gala-150x200.jpg 150w, https:\/\/covasna45.ro\/wp-content\/uploads\/2023\/10\/ponta_gala-300x400.jpg 300w, https:\/\/covasna45.ro\/wp-content\/uploads\/2023\/10\/ponta_gala-696x928.jpg 696w, https:\/\/covasna45.ro\/wp-content\/uploads\/2023\/10\/ponta_gala-1068x1424.jpg 1068w, https:\/\/covasna45.ro\/wp-content\/uploads\/2023\/10\/ponta_gala.jpg 1200w\" sizes=\"auto, (max-width: 768px) 100vw, 768px\" \/><\/figure>\n\n\n\n<p><strong><em>\u201eDomnul pre\u0219edinte Tam\u00e1s S\u00e1ndor avea dreptate, a\u0219a am \u00eenv\u0103\u021bat \u0219i eu, c\u0103 atunci c\u00e2nd economia merge foarte bine, po\u021bi s\u0103 pui taxe mai mari sau s\u0103 sco\u021bi anumite subven\u021bii. C\u00e2nd merge prost, atunci aju\u021bi, ca s\u0103 reporneasc\u0103. <\/em><\/strong><\/p>\n\n\n\n<p><strong><em>La noi\u2026 cei care fac afaceri bune, cei care \u00ee\u0219i pl\u0103tesc taxele, or s\u0103 pl\u0103tesc\u0103 \u0219i mai mult. \u0218i nu e valabil doar la Sf\u00e2ntu Gheorghe sau Bucure\u0219ti, ci \u0219i la Bruxelles pare s\u0103 fie tot a\u0219a. Cine munce\u0219te, \u00eei mai lu\u0103m ni\u0219te taxe \u0219i cine gre\u0219e\u0219te \u00eei mai d\u0103m ni\u0219te bani s\u0103 \u00eei cheltuie. A\u0219a \u00eenc\u00e2t nu am venit s\u0103 v\u0103 dau ve\u0219ti bune. La nivelul Camerei de Comer\u021b \u0219i Industrie \u00eencerc\u0103m s\u0103 \u00eei facem pe cei care iau decizii s\u0103 ia decizii mai bune. <\/em><\/strong><\/p>\n\n\n\n<p><strong><em>Am venit s\u0103 v\u0103 fac o m\u0103rturisire: nu ar trebui s\u0103 mai l\u0103s\u0103m \u00een Rom\u00e2nia niciun prim-ministru, ministru, pre\u0219edinte de Consiliu Jude\u021bean dac\u0103 nu a lucrat \u0219i el un pic \u00een privat, dac\u0103 nu a f\u0103cut o factur\u0103\u201d.<\/em><\/strong><\/p>\n\n\n\n<h2 class=\"wp-block-heading\">Gala a fost un prilej de promovare pentru produsele locale<\/h2>\n\n\n\n<figure class=\"wp-block-image size-large\"><img loading=\"lazy\" decoding=\"async\" width=\"1024\" height=\"768\" src=\"https:\/\/covasna45.ro\/wp-content\/uploads\/2023\/10\/bertis_gala-1024x768.jpg\" alt=\"\" class=\"wp-image-3289\" srcset=\"https:\/\/covasna45.ro\/wp-content\/uploads\/2023\/10\/bertis_gala-1024x768.jpg 1024w, https:\/\/covasna45.ro\/wp-content\/uploads\/2023\/10\/bertis_gala-300x225.jpg 300w, https:\/\/covasna45.ro\/wp-content\/uploads\/2023\/10\/bertis_gala-768x576.jpg 768w, https:\/\/covasna45.ro\/wp-content\/uploads\/2023\/10\/bertis_gala-1536x1152.jpg 1536w, https:\/\/covasna45.ro\/wp-content\/uploads\/2023\/10\/bertis_gala-150x113.jpg 150w, https:\/\/covasna45.ro\/wp-content\/uploads\/2023\/10\/bertis_gala-696x522.jpg 696w, https:\/\/covasna45.ro\/wp-content\/uploads\/2023\/10\/bertis_gala-1068x801.jpg 1068w, https:\/\/covasna45.ro\/wp-content\/uploads\/2023\/10\/bertis_gala-265x198.jpg 265w, https:\/\/covasna45.ro\/wp-content\/uploads\/2023\/10\/bertis_gala.jpg 1600w\" sizes=\"auto, (max-width: 1024px) 100vw, 1024px\" \/><\/figure>\n\n\n\n<p>Gala Topul Firmelor din jude\u021bul Covasna a avut loc la Panorama Event Hall \u0219i a cuprins mai multe atrac\u021bii pentru invita\u021bi, printre care c\u00e2teva produse locale. Cum ar fi, produsele premium ale Bertis, br\u00e2nzeturi de l produc\u0103torul de ca\u0219caval Arkase din Arcu\u0219, apa mineral\u0103 Matild al produc\u0103torului din Bodoc sau cozonacul secuiesc\u00a0produs de cea mai veche firm\u0103 din domeniu din Sf\u00e2ntu Gheorghe, Oltisz Superpast.<\/p>\n\n\n\n<p>Pute\u021bi vedea Topul firmelor din Covasna <a href=\"https:\/\/www.ccicv.ro\/topul-firmelor\">AICI<\/a>.<a href=\"\"><\/a><\/p>\n","protected":false},"excerpt":{"rendered":"<p>Camera de Comer\u021b \u0219i Industrie Covasna a premiat asear\u0103, \u00een cadrul unei Gale organizate la Panorama Event Hall, cele mai performante companii din jude\u021b, dup\u0103 cifra de afaceri din anul 2022. La eveniment au luat parte, pe l\u00e2ng\u0103 antreprenori, \u0219i oficiali. Printre ace\u0219tia, pre\u0219edintele Consiliului Jude\u021bean, Tam\u00e1s S\u00e1ndor, dar \u0219i fostul premier Victor Ponta. Ponta [&hellip;]<\/p>\n","protected":false},"author":3,"featured_media":3286,"comment_status":"open","ping_status":"closed","sticky":false,"template":"","format":"standard","meta":{"tdm_status":"","tdm_grid_status":"","footnotes":""},"categories":[14],"tags":[],"class_list":{"0":"post-3284","1":"post","2":"type-post","3":"status-publish","4":"format-standard","5":"has-post-thumbnail","7":"category-lumea-noastra"},"yoast_head":"<!-- This site is optimized with the Yoast SEO plugin v27.5 - https:\/\/yoast.com\/product\/yoast-seo-wordpress\/ -->\n<title>Gala celor mai tari firme din jude\u021b pe anul 2022 - Covasna45<\/title>\n<meta name=\"description\" content=\"Gala Topul Firmelor din jude\u021bul Covasna a avut loc la Panorama Event Hall \u0219i a cuprins mai multe atrac\u021bii pentru invita\u021bi\" \/>\n<meta name=\"robots\" content=\"index, follow, max-snippet:-1, max-image-preview:large, max-video-preview:-1\" \/>\n<link rel=\"canonical\" href=\"https:\/\/covasna45.ro\/index.php\/lumea-noastra\/gala-celor-mai-tari-firme-din-judet-pe-anul-2022\/\" \/>\n<meta property=\"og:locale\" content=\"ro_RO\" \/>\n<meta property=\"og:type\" content=\"article\" \/>\n<meta property=\"og:title\" content=\"Gala celor mai tari firme din jude\u021b pe anul 2022 - Covasna45\" \/>\n<meta property=\"og:description\" content=\"Gala Topul Firmelor din jude\u021bul Covasna a avut loc la Panorama Event Hall \u0219i a cuprins mai multe atrac\u021bii pentru invita\u021bi\" \/>\n<meta property=\"og:url\" content=\"https:\/\/covasna45.ro\/index.php\/lumea-noastra\/gala-celor-mai-tari-firme-din-judet-pe-anul-2022\/\" \/>\n<meta property=\"og:site_name\" content=\"Covasna45\" \/>\n<meta property=\"article:published_time\" content=\"2023-10-06T10:06:38+00:00\" \/>\n<meta property=\"article:modified_time\" content=\"2023-10-06T10:07:09+00:00\" \/>\n<meta property=\"og:image\" content=\"https:\/\/covasna45.ro\/wp-content\/uploads\/2023\/10\/gala1.jpg\" \/>\n\t<meta property=\"og:image:width\" content=\"1600\" \/>\n\t<meta property=\"og:image:height\" content=\"1200\" \/>\n\t<meta property=\"og:image:type\" content=\"image\/jpeg\" \/>\n<meta name=\"author\" content=\"Gina Artenie\" \/>\n<meta name=\"twitter:card\" content=\"summary_large_image\" \/>\n<meta name=\"twitter:label1\" content=\"Scris de\" \/>\n\t<meta name=\"twitter:data1\" content=\"Gina Artenie\" \/>\n\t<meta name=\"twitter:label2\" content=\"Timp estimat pentru citire\" \/>\n\t<meta name=\"twitter:data2\" content=\"4 minute\" \/>\n<script type=\"application\/ld+json\" class=\"yoast-schema-graph\">{\"@context\":\"https:\\\/\\\/schema.org\",\"@graph\":[{\"@type\":\"Article\",\"@id\":\"https:\\\/\\\/covasna45.ro\\\/index.php\\\/lumea-noastra\\\/gala-celor-mai-tari-firme-din-judet-pe-anul-2022\\\/#article\",\"isPartOf\":{\"@id\":\"https:\\\/\\\/covasna45.ro\\\/index.php\\\/lumea-noastra\\\/gala-celor-mai-tari-firme-din-judet-pe-anul-2022\\\/\"},\"author\":{\"name\":\"Gina Artenie\",\"@id\":\"https:\\\/\\\/covasna45.ro\\\/#\\\/schema\\\/person\\\/a1349b84526c62ffb40b193ae8676c7e\"},\"headline\":\"Gala celor mai tari firme din jude\u021b pe anul 2022\",\"datePublished\":\"2023-10-06T10:06:38+00:00\",\"dateModified\":\"2023-10-06T10:07:09+00:00\",\"mainEntityOfPage\":{\"@id\":\"https:\\\/\\\/covasna45.ro\\\/index.php\\\/lumea-noastra\\\/gala-celor-mai-tari-firme-din-judet-pe-anul-2022\\\/\"},\"wordCount\":670,\"commentCount\":1,\"publisher\":{\"@id\":\"https:\\\/\\\/covasna45.ro\\\/#organization\"},\"image\":{\"@id\":\"https:\\\/\\\/covasna45.ro\\\/index.php\\\/lumea-noastra\\\/gala-celor-mai-tari-firme-din-judet-pe-anul-2022\\\/#primaryimage\"},\"thumbnailUrl\":\"https:\\\/\\\/covasna45.ro\\\/wp-content\\\/uploads\\\/2023\\\/10\\\/gala1.jpg\",\"articleSection\":[\"Lumea noastr\u0103\"],\"inLanguage\":\"ro-RO\",\"potentialAction\":[{\"@type\":\"CommentAction\",\"name\":\"Comment\",\"target\":[\"https:\\\/\\\/covasna45.ro\\\/index.php\\\/lumea-noastra\\\/gala-celor-mai-tari-firme-din-judet-pe-anul-2022\\\/#respond\"]}]},{\"@type\":\"WebPage\",\"@id\":\"https:\\\/\\\/covasna45.ro\\\/index.php\\\/lumea-noastra\\\/gala-celor-mai-tari-firme-din-judet-pe-anul-2022\\\/\",\"url\":\"https:\\\/\\\/covasna45.ro\\\/index.php\\\/lumea-noastra\\\/gala-celor-mai-tari-firme-din-judet-pe-anul-2022\\\/\",\"name\":\"Gala celor mai tari firme din jude\u021b pe anul 2022 - Covasna45\",\"isPartOf\":{\"@id\":\"https:\\\/\\\/covasna45.ro\\\/#website\"},\"primaryImageOfPage\":{\"@id\":\"https:\\\/\\\/covasna45.ro\\\/index.php\\\/lumea-noastra\\\/gala-celor-mai-tari-firme-din-judet-pe-anul-2022\\\/#primaryimage\"},\"image\":{\"@id\":\"https:\\\/\\\/covasna45.ro\\\/index.php\\\/lumea-noastra\\\/gala-celor-mai-tari-firme-din-judet-pe-anul-2022\\\/#primaryimage\"},\"thumbnailUrl\":\"https:\\\/\\\/covasna45.ro\\\/wp-content\\\/uploads\\\/2023\\\/10\\\/gala1.jpg\",\"datePublished\":\"2023-10-06T10:06:38+00:00\",\"dateModified\":\"2023-10-06T10:07:09+00:00\",\"description\":\"Gala Topul Firmelor din jude\u021bul Covasna a avut loc la Panorama Event Hall \u0219i a cuprins mai multe atrac\u021bii pentru invita\u021bi\",\"breadcrumb\":{\"@id\":\"https:\\\/\\\/covasna45.ro\\\/index.php\\\/lumea-noastra\\\/gala-celor-mai-tari-firme-din-judet-pe-anul-2022\\\/#breadcrumb\"},\"inLanguage\":\"ro-RO\",\"potentialAction\":[{\"@type\":\"ReadAction\",\"target\":[\"https:\\\/\\\/covasna45.ro\\\/index.php\\\/lumea-noastra\\\/gala-celor-mai-tari-firme-din-judet-pe-anul-2022\\\/\"]}]},{\"@type\":\"ImageObject\",\"inLanguage\":\"ro-RO\",\"@id\":\"https:\\\/\\\/covasna45.ro\\\/index.php\\\/lumea-noastra\\\/gala-celor-mai-tari-firme-din-judet-pe-anul-2022\\\/#primaryimage\",\"url\":\"https:\\\/\\\/covasna45.ro\\\/wp-content\\\/uploads\\\/2023\\\/10\\\/gala1.jpg\",\"contentUrl\":\"https:\\\/\\\/covasna45.ro\\\/wp-content\\\/uploads\\\/2023\\\/10\\\/gala1.jpg\",\"width\":1600,\"height\":1200},{\"@type\":\"BreadcrumbList\",\"@id\":\"https:\\\/\\\/covasna45.ro\\\/index.php\\\/lumea-noastra\\\/gala-celor-mai-tari-firme-din-judet-pe-anul-2022\\\/#breadcrumb\",\"itemListElement\":[{\"@type\":\"ListItem\",\"position\":1,\"name\":\"Prima pagin\u0103\",\"item\":\"https:\\\/\\\/covasna45.ro\\\/\"},{\"@type\":\"ListItem\",\"position\":2,\"name\":\"Gala celor mai tari firme din jude\u021b pe anul 2022\"}]},{\"@type\":\"WebSite\",\"@id\":\"https:\\\/\\\/covasna45.ro\\\/#website\",\"url\":\"https:\\\/\\\/covasna45.ro\\\/\",\"name\":\"covasna45.ro\",\"description\":\"\",\"publisher\":{\"@id\":\"https:\\\/\\\/covasna45.ro\\\/#organization\"},\"potentialAction\":[{\"@type\":\"SearchAction\",\"target\":{\"@type\":\"EntryPoint\",\"urlTemplate\":\"https:\\\/\\\/covasna45.ro\\\/?s={search_term_string}\"},\"query-input\":{\"@type\":\"PropertyValueSpecification\",\"valueRequired\":true,\"valueName\":\"search_term_string\"}}],\"inLanguage\":\"ro-RO\"},{\"@type\":\"Organization\",\"@id\":\"https:\\\/\\\/covasna45.ro\\\/#organization\",\"name\":\"covasna45.ro\",\"url\":\"https:\\\/\\\/covasna45.ro\\\/\",\"logo\":{\"@type\":\"ImageObject\",\"inLanguage\":\"ro-RO\",\"@id\":\"https:\\\/\\\/covasna45.ro\\\/#\\\/schema\\\/logo\\\/image\\\/\",\"url\":\"https:\\\/\\\/covasna45.ro\\\/wp-content\\\/uploads\\\/2023\\\/01\\\/icon_logo.png\",\"contentUrl\":\"https:\\\/\\\/covasna45.ro\\\/wp-content\\\/uploads\\\/2023\\\/01\\\/icon_logo.png\",\"width\":1900,\"height\":1900,\"caption\":\"covasna45.ro\"},\"image\":{\"@id\":\"https:\\\/\\\/covasna45.ro\\\/#\\\/schema\\\/logo\\\/image\\\/\"}},{\"@type\":\"Person\",\"@id\":\"https:\\\/\\\/covasna45.ro\\\/#\\\/schema\\\/person\\\/a1349b84526c62ffb40b193ae8676c7e\",\"name\":\"Gina Artenie\",\"image\":{\"@type\":\"ImageObject\",\"inLanguage\":\"ro-RO\",\"@id\":\"https:\\\/\\\/covasna45.ro\\\/wp-content\\\/uploads\\\/2023\\\/08\\\/gina_artenie-150x150.jpg\",\"url\":\"https:\\\/\\\/covasna45.ro\\\/wp-content\\\/uploads\\\/2023\\\/08\\\/gina_artenie-150x150.jpg\",\"contentUrl\":\"https:\\\/\\\/covasna45.ro\\\/wp-content\\\/uploads\\\/2023\\\/08\\\/gina_artenie-150x150.jpg\",\"caption\":\"Gina Artenie\"},\"sameAs\":[\"http:\\\/\\\/www.covasna45.ro\"],\"url\":\"https:\\\/\\\/covasna45.ro\\\/index.php\\\/author\\\/gina\\\/\"}]}<\/script>\n<!-- \/ Yoast SEO plugin. -->","yoast_head_json":{"title":"Gala celor mai tari firme din jude\u021b pe anul 2022 - Covasna45","description":"Gala Topul Firmelor din jude\u021bul Covasna a avut loc la Panorama Event Hall \u0219i a cuprins mai multe atrac\u021bii pentru invita\u021bi","robots":{"index":"index","follow":"follow","max-snippet":"max-snippet:-1","max-image-preview":"max-image-preview:large","max-video-preview":"max-video-preview:-1"},"canonical":"https:\/\/covasna45.ro\/index.php\/lumea-noastra\/gala-celor-mai-tari-firme-din-judet-pe-anul-2022\/","og_locale":"ro_RO","og_type":"article","og_title":"Gala celor mai tari firme din jude\u021b pe anul 2022 - Covasna45","og_description":"Gala Topul Firmelor din jude\u021bul Covasna a avut loc la Panorama Event Hall \u0219i a cuprins mai multe atrac\u021bii pentru invita\u021bi","og_url":"https:\/\/covasna45.ro\/index.php\/lumea-noastra\/gala-celor-mai-tari-firme-din-judet-pe-anul-2022\/","og_site_name":"Covasna45","article_published_time":"2023-10-06T10:06:38+00:00","article_modified_time":"2023-10-06T10:07:09+00:00","og_image":[{"width":1600,"height":1200,"url":"https:\/\/covasna45.ro\/wp-content\/uploads\/2023\/10\/gala1.jpg","type":"image\/jpeg"}],"author":"Gina Artenie","twitter_card":"summary_large_image","twitter_misc":{"Scris de":"Gina Artenie","Timp estimat pentru citire":"4 minute"},"schema":{"@context":"https:\/\/schema.org","@graph":[{"@type":"Article","@id":"https:\/\/covasna45.ro\/index.php\/lumea-noastra\/gala-celor-mai-tari-firme-din-judet-pe-anul-2022\/#article","isPartOf":{"@id":"https:\/\/covasna45.ro\/index.php\/lumea-noastra\/gala-celor-mai-tari-firme-din-judet-pe-anul-2022\/"},"author":{"name":"Gina Artenie","@id":"https:\/\/covasna45.ro\/#\/schema\/person\/a1349b84526c62ffb40b193ae8676c7e"},"headline":"Gala celor mai tari firme din jude\u021b pe anul 2022","datePublished":"2023-10-06T10:06:38+00:00","dateModified":"2023-10-06T10:07:09+00:00","mainEntityOfPage":{"@id":"https:\/\/covasna45.ro\/index.php\/lumea-noastra\/gala-celor-mai-tari-firme-din-judet-pe-anul-2022\/"},"wordCount":670,"commentCount":1,"publisher":{"@id":"https:\/\/covasna45.ro\/#organization"},"image":{"@id":"https:\/\/covasna45.ro\/index.php\/lumea-noastra\/gala-celor-mai-tari-firme-din-judet-pe-anul-2022\/#primaryimage"},"thumbnailUrl":"https:\/\/covasna45.ro\/wp-content\/uploads\/2023\/10\/gala1.jpg","articleSection":["Lumea noastr\u0103"],"inLanguage":"ro-RO","potentialAction":[{"@type":"CommentAction","name":"Comment","target":["https:\/\/covasna45.ro\/index.php\/lumea-noastra\/gala-celor-mai-tari-firme-din-judet-pe-anul-2022\/#respond"]}]},{"@type":"WebPage","@id":"https:\/\/covasna45.ro\/index.php\/lumea-noastra\/gala-celor-mai-tari-firme-din-judet-pe-anul-2022\/","url":"https:\/\/covasna45.ro\/index.php\/lumea-noastra\/gala-celor-mai-tari-firme-din-judet-pe-anul-2022\/","name":"Gala celor mai tari firme din jude\u021b pe anul 2022 - Covasna45","isPartOf":{"@id":"https:\/\/covasna45.ro\/#website"},"primaryImageOfPage":{"@id":"https:\/\/covasna45.ro\/index.php\/lumea-noastra\/gala-celor-mai-tari-firme-din-judet-pe-anul-2022\/#primaryimage"},"image":{"@id":"https:\/\/covasna45.ro\/index.php\/lumea-noastra\/gala-celor-mai-tari-firme-din-judet-pe-anul-2022\/#primaryimage"},"thumbnailUrl":"https:\/\/covasna45.ro\/wp-content\/uploads\/2023\/10\/gala1.jpg","datePublished":"2023-10-06T10:06:38+00:00","dateModified":"2023-10-06T10:07:09+00:00","description":"Gala Topul Firmelor din jude\u021bul Covasna a avut loc la Panorama Event Hall \u0219i a cuprins mai multe atrac\u021bii pentru invita\u021bi","breadcrumb":{"@id":"https:\/\/covasna45.ro\/index.php\/lumea-noastra\/gala-celor-mai-tari-firme-din-judet-pe-anul-2022\/#breadcrumb"},"inLanguage":"ro-RO","potentialAction":[{"@type":"ReadAction","target":["https:\/\/covasna45.ro\/index.php\/lumea-noastra\/gala-celor-mai-tari-firme-din-judet-pe-anul-2022\/"]}]},{"@type":"ImageObject","inLanguage":"ro-RO","@id":"https:\/\/covasna45.ro\/index.php\/lumea-noastra\/gala-celor-mai-tari-firme-din-judet-pe-anul-2022\/#primaryimage","url":"https:\/\/covasna45.ro\/wp-content\/uploads\/2023\/10\/gala1.jpg","contentUrl":"https:\/\/covasna45.ro\/wp-content\/uploads\/2023\/10\/gala1.jpg","width":1600,"height":1200},{"@type":"BreadcrumbList","@id":"https:\/\/covasna45.ro\/index.php\/lumea-noastra\/gala-celor-mai-tari-firme-din-judet-pe-anul-2022\/#breadcrumb","itemListElement":[{"@type":"ListItem","position":1,"name":"Prima pagin\u0103","item":"https:\/\/covasna45.ro\/"},{"@type":"ListItem","position":2,"name":"Gala celor mai tari firme din jude\u021b pe anul 2022"}]},{"@type":"WebSite","@id":"https:\/\/covasna45.ro\/#website","url":"https:\/\/covasna45.ro\/","name":"covasna45.ro","description":"","publisher":{"@id":"https:\/\/covasna45.ro\/#organization"},"potentialAction":[{"@type":"SearchAction","target":{"@type":"EntryPoint","urlTemplate":"https:\/\/covasna45.ro\/?s={search_term_string}"},"query-input":{"@type":"PropertyValueSpecification","valueRequired":true,"valueName":"search_term_string"}}],"inLanguage":"ro-RO"},{"@type":"Organization","@id":"https:\/\/covasna45.ro\/#organization","name":"covasna45.ro","url":"https:\/\/covasna45.ro\/","logo":{"@type":"ImageObject","inLanguage":"ro-RO","@id":"https:\/\/covasna45.ro\/#\/schema\/logo\/image\/","url":"https:\/\/covasna45.ro\/wp-content\/uploads\/2023\/01\/icon_logo.png","contentUrl":"https:\/\/covasna45.ro\/wp-content\/uploads\/2023\/01\/icon_logo.png","width":1900,"height":1900,"caption":"covasna45.ro"},"image":{"@id":"https:\/\/covasna45.ro\/#\/schema\/logo\/image\/"}},{"@type":"Person","@id":"https:\/\/covasna45.ro\/#\/schema\/person\/a1349b84526c62ffb40b193ae8676c7e","name":"Gina Artenie","image":{"@type":"ImageObject","inLanguage":"ro-RO","@id":"https:\/\/covasna45.ro\/wp-content\/uploads\/2023\/08\/gina_artenie-150x150.jpg","url":"https:\/\/covasna45.ro\/wp-content\/uploads\/2023\/08\/gina_artenie-150x150.jpg","contentUrl":"https:\/\/covasna45.ro\/wp-content\/uploads\/2023\/08\/gina_artenie-150x150.jpg","caption":"Gina Artenie"},"sameAs":["http:\/\/www.covasna45.ro"],"url":"https:\/\/covasna45.ro\/index.php\/author\/gina\/"}]}},"_links":{"self":[{"href":"https:\/\/covasna45.ro\/index.php\/wp-json\/wp\/v2\/posts\/3284","targetHints":{"allow":["GET"]}}],"collection":[{"href":"https:\/\/covasna45.ro\/index.php\/wp-json\/wp\/v2\/posts"}],"about":[{"href":"https:\/\/covasna45.ro\/index.php\/wp-json\/wp\/v2\/types\/post"}],"author":[{"embeddable":true,"href":"https:\/\/covasna45.ro\/index.php\/wp-json\/wp\/v2\/users\/3"}],"replies":[{"embeddable":true,"href":"https:\/\/covasna45.ro\/index.php\/wp-json\/wp\/v2\/comments?post=3284"}],"version-history":[{"count":1,"href":"https:\/\/covasna45.ro\/index.php\/wp-json\/wp\/v2\/posts\/3284\/revisions"}],"predecessor-version":[{"id":3290,"href":"https:\/\/covasna45.ro\/index.php\/wp-json\/wp\/v2\/posts\/3284\/revisions\/3290"}],"wp:featuredmedia":[{"embeddable":true,"href":"https:\/\/covasna45.ro\/index.php\/wp-json\/wp\/v2\/media\/3286"}],"wp:attachment":[{"href":"https:\/\/covasna45.ro\/index.php\/wp-json\/wp\/v2\/media?parent=3284"}],"wp:term":[{"taxonomy":"category","embeddable":true,"href":"https:\/\/covasna45.ro\/index.php\/wp-json\/wp\/v2\/categories?post=3284"},{"taxonomy":"post_tag","embeddable":true,"href":"https:\/\/covasna45.ro\/index.php\/wp-json\/wp\/v2\/tags?post=3284"}],"curies":[{"name":"wp","href":"https:\/\/api.w.org\/{rel}","templated":true}]}}