{"id":3469,"date":"2023-10-16T09:03:46","date_gmt":"2023-10-16T07:03:46","guid":{"rendered":"https:\/\/covasna45.ro\/?p=3469"},"modified":"2023-10-16T09:03:48","modified_gmt":"2023-10-16T07:03:48","slug":"peste-jumatate-dintre-copiii-romani-vor-sa-plece-definitiv-din-tara","status":"publish","type":"post","link":"https:\/\/covasna45.ro\/index.php\/lumea-noastra\/peste-jumatate-dintre-copiii-romani-vor-sa-plece-definitiv-din-tara\/","title":{"rendered":"Peste jum\u0103tate dintre copiii rom\u00e2ni vor s\u0103 plece definitiv din \u021bar\u0103"},"content":{"rendered":"\n<p>Peste jum\u0103tate dintre copiii rom\u00e2ni \u00ee\u0219i doresc s\u0103 plece din \u021bar\u0103 \u0219i s\u0103 se stabileasc\u0103 peste grani\u021be. Cifrele au fost prezentate de un raport privind starea copiilor din Rom\u00e2nia al organiza\u021biei \u201eSalva\u021bi Copiii\u201d.<\/p>\n\n\n\n<p>Datele atrag aten\u021bia asupra mai multor fenomene. \u00cen primul r\u00e2nd, asupra abandonului \u0219colar. Dar \u0219i asupra num\u0103rului mare de copii rom\u00e2ni care nu se afl\u0103 \u00een \u00eengrijirea direct\u0103 a p\u0103rin\u021bilor. Raportul aminte\u0219te \u0219i faptul c\u0103 Rom\u00e2nia conduce la nivel european \u00een clasamentul privind mamele minore.<\/p>\n\n\n\n<h2 class=\"wp-block-heading\">Copiii sunt afecta\u021bi de s\u0103r\u0103cie.<\/h2>\n\n\n\n<p>S\u0103r\u0103cia este fenomenul care \u00eei afecteaz\u0103 pe mul\u021bi dintre copii. \u00cen ceea ce speciali\u0219tii numesc bun\u0103starea emo\u021bional\u0103, statisticile arat\u0103 c\u0103 minorii nu sunt feri\u021bi de anxietate \u0219i depresie. Studiul mai arat\u0103 c\u0103 aproape un sfert dintre copiii rom\u00e2ni care au acum v\u00e2rste de p\u00e2n\u0103 la 17 ani au avut sau au un p\u0103rinte plecat la munc\u0103 \u00een str\u0103in\u0103tate. O treime dintre ei declar\u0103 c\u0103 nu au fost de acord cu plecarea celor dragi la munc\u0103 peste grani\u021be.<\/p>\n\n\n\n<p>Conform Institutului Na\u021bional de Statistic\u0103, \u00een august 2023 s-a \u00eenregistrat na\u0219terea a 16.195 copii. Cu 1.908 mai mul\u021bi copii dec\u00e2t \u00een luna iulie 2023. Sporul natural s-a men\u021binut negativ (-3.108) \u00een luna august 2023, num\u0103rul persoanelor decedate fiind de 1,2 ori mai mare dec\u00e2t cel al n\u0103scu\u021bilor-vii. Num\u0103rul deceselor \u00eenregistrate \u00een luna august 2023 a fost de 19.303 (10.125 persoane de sex masculin \u0219i 9178 persoane de sex feminin), cu 357 decese (221 persoane de sex masculin \u0219i 136 persoane de sex feminin) mai multe dec\u00e2t \u00een luna iulie 2023. <\/p>\n\n\n\n<p>Num\u0103rul deceselor copiilor cu v\u00e2rsta de sub 1 an \u00eenregistrate \u00een luna august 2023 a fost de 68, \u00een sc\u0103dere cu 6 fa\u021b\u0103 de luna iulie 2023.<\/p>\n","protected":false},"excerpt":{"rendered":"<p>Peste jum\u0103tate dintre copiii rom\u00e2ni \u00ee\u0219i doresc s\u0103 plece din \u021bar\u0103 \u0219i s\u0103 se stabileasc\u0103 peste grani\u021be. Cifrele au fost prezentate de un raport privind starea copiilor din Rom\u00e2nia al organiza\u021biei \u201eSalva\u021bi Copiii\u201d. Datele atrag aten\u021bia asupra mai multor fenomene. \u00cen primul r\u00e2nd, asupra abandonului \u0219colar. Dar \u0219i asupra num\u0103rului mare de copii rom\u00e2ni care [&hellip;]<\/p>\n","protected":false},"author":1,"featured_media":3470,"comment_status":"open","ping_status":"closed","sticky":false,"template":"","format":"standard","meta":{"tdm_status":"","tdm_grid_status":"","footnotes":""},"categories":[14],"tags":[135,136,1598],"class_list":{"0":"post-3469","1":"post","2":"type-post","3":"status-publish","4":"format-standard","5":"has-post-thumbnail","7":"category-lumea-noastra","8":"tag-copii","9":"tag-saracie","10":"tag-strainatate"},"yoast_head":"<!-- This site is optimized with the Yoast SEO plugin v27.5 - https:\/\/yoast.com\/product\/yoast-seo-wordpress\/ -->\n<title>Peste jum\u0103tate dintre copiii rom\u00e2ni vor s\u0103 plece definitiv din \u021bar\u0103 - Covasna45<\/title>\n<meta name=\"description\" content=\"Peste jum\u0103tate dintre copiii rom\u00e2ni \u00ee\u0219i doresc s\u0103 plece din \u021bar\u0103 \u0219i s\u0103 se stabileasc\u0103 peste grani\u021be. Cifrele au fost prezentate de un raport\" \/>\n<meta name=\"robots\" content=\"index, follow, max-snippet:-1, max-image-preview:large, max-video-preview:-1\" \/>\n<link rel=\"canonical\" href=\"https:\/\/covasna45.ro\/index.php\/lumea-noastra\/peste-jumatate-dintre-copiii-romani-vor-sa-plece-definitiv-din-tara\/\" \/>\n<meta property=\"og:locale\" content=\"ro_RO\" \/>\n<meta property=\"og:type\" content=\"article\" \/>\n<meta property=\"og:title\" content=\"Peste jum\u0103tate dintre copiii rom\u00e2ni vor s\u0103 plece definitiv din \u021bar\u0103 - Covasna45\" \/>\n<meta property=\"og:description\" content=\"Peste jum\u0103tate dintre copiii rom\u00e2ni \u00ee\u0219i doresc s\u0103 plece din \u021bar\u0103 \u0219i s\u0103 se stabileasc\u0103 peste grani\u021be. Cifrele au fost prezentate de un raport\" \/>\n<meta property=\"og:url\" content=\"https:\/\/covasna45.ro\/index.php\/lumea-noastra\/peste-jumatate-dintre-copiii-romani-vor-sa-plece-definitiv-din-tara\/\" \/>\n<meta property=\"og:site_name\" content=\"Covasna45\" \/>\n<meta property=\"article:published_time\" content=\"2023-10-16T07:03:46+00:00\" \/>\n<meta property=\"article:modified_time\" content=\"2023-10-16T07:03:48+00:00\" \/>\n<meta property=\"og:image\" content=\"https:\/\/covasna45.ro\/wp-content\/uploads\/2023\/10\/copiii.jpg\" \/>\n\t<meta property=\"og:image:width\" content=\"1200\" \/>\n\t<meta property=\"og:image:height\" content=\"630\" \/>\n\t<meta property=\"og:image:type\" content=\"image\/jpeg\" \/>\n<meta name=\"author\" content=\"Covasna45\" \/>\n<meta name=\"twitter:card\" content=\"summary_large_image\" \/>\n<meta name=\"twitter:label1\" content=\"Scris de\" \/>\n\t<meta name=\"twitter:data1\" content=\"Covasna45\" \/>\n\t<meta name=\"twitter:label2\" content=\"Timp estimat pentru citire\" \/>\n\t<meta name=\"twitter:data2\" content=\"2 minute\" \/>\n<script type=\"application\/ld+json\" class=\"yoast-schema-graph\">{\"@context\":\"https:\\\/\\\/schema.org\",\"@graph\":[{\"@type\":\"Article\",\"@id\":\"https:\\\/\\\/covasna45.ro\\\/index.php\\\/lumea-noastra\\\/peste-jumatate-dintre-copiii-romani-vor-sa-plece-definitiv-din-tara\\\/#article\",\"isPartOf\":{\"@id\":\"https:\\\/\\\/covasna45.ro\\\/index.php\\\/lumea-noastra\\\/peste-jumatate-dintre-copiii-romani-vor-sa-plece-definitiv-din-tara\\\/\"},\"author\":{\"name\":\"Covasna45\",\"@id\":\"https:\\\/\\\/covasna45.ro\\\/#\\\/schema\\\/person\\\/e674052bd7d95d70bbb007a1060ab73c\"},\"headline\":\"Peste jum\u0103tate dintre copiii rom\u00e2ni vor s\u0103 plece definitiv din \u021bar\u0103\",\"datePublished\":\"2023-10-16T07:03:46+00:00\",\"dateModified\":\"2023-10-16T07:03:48+00:00\",\"mainEntityOfPage\":{\"@id\":\"https:\\\/\\\/covasna45.ro\\\/index.php\\\/lumea-noastra\\\/peste-jumatate-dintre-copiii-romani-vor-sa-plece-definitiv-din-tara\\\/\"},\"wordCount\":315,\"commentCount\":2,\"publisher\":{\"@id\":\"https:\\\/\\\/covasna45.ro\\\/#organization\"},\"image\":{\"@id\":\"https:\\\/\\\/covasna45.ro\\\/index.php\\\/lumea-noastra\\\/peste-jumatate-dintre-copiii-romani-vor-sa-plece-definitiv-din-tara\\\/#primaryimage\"},\"thumbnailUrl\":\"https:\\\/\\\/covasna45.ro\\\/wp-content\\\/uploads\\\/2023\\\/10\\\/copiii.jpg\",\"keywords\":[\"Copii\",\"S\u0103r\u0103cie\",\"Str\u0103in\u0103tate\"],\"articleSection\":[\"Lumea noastr\u0103\"],\"inLanguage\":\"ro-RO\",\"potentialAction\":[{\"@type\":\"CommentAction\",\"name\":\"Comment\",\"target\":[\"https:\\\/\\\/covasna45.ro\\\/index.php\\\/lumea-noastra\\\/peste-jumatate-dintre-copiii-romani-vor-sa-plece-definitiv-din-tara\\\/#respond\"]}]},{\"@type\":\"WebPage\",\"@id\":\"https:\\\/\\\/covasna45.ro\\\/index.php\\\/lumea-noastra\\\/peste-jumatate-dintre-copiii-romani-vor-sa-plece-definitiv-din-tara\\\/\",\"url\":\"https:\\\/\\\/covasna45.ro\\\/index.php\\\/lumea-noastra\\\/peste-jumatate-dintre-copiii-romani-vor-sa-plece-definitiv-din-tara\\\/\",\"name\":\"Peste jum\u0103tate dintre copiii rom\u00e2ni vor s\u0103 plece definitiv din \u021bar\u0103 - Covasna45\",\"isPartOf\":{\"@id\":\"https:\\\/\\\/covasna45.ro\\\/#website\"},\"primaryImageOfPage\":{\"@id\":\"https:\\\/\\\/covasna45.ro\\\/index.php\\\/lumea-noastra\\\/peste-jumatate-dintre-copiii-romani-vor-sa-plece-definitiv-din-tara\\\/#primaryimage\"},\"image\":{\"@id\":\"https:\\\/\\\/covasna45.ro\\\/index.php\\\/lumea-noastra\\\/peste-jumatate-dintre-copiii-romani-vor-sa-plece-definitiv-din-tara\\\/#primaryimage\"},\"thumbnailUrl\":\"https:\\\/\\\/covasna45.ro\\\/wp-content\\\/uploads\\\/2023\\\/10\\\/copiii.jpg\",\"datePublished\":\"2023-10-16T07:03:46+00:00\",\"dateModified\":\"2023-10-16T07:03:48+00:00\",\"description\":\"Peste jum\u0103tate dintre copiii rom\u00e2ni \u00ee\u0219i doresc s\u0103 plece din \u021bar\u0103 \u0219i s\u0103 se stabileasc\u0103 peste grani\u021be. Cifrele au fost prezentate de un raport\",\"breadcrumb\":{\"@id\":\"https:\\\/\\\/covasna45.ro\\\/index.php\\\/lumea-noastra\\\/peste-jumatate-dintre-copiii-romani-vor-sa-plece-definitiv-din-tara\\\/#breadcrumb\"},\"inLanguage\":\"ro-RO\",\"potentialAction\":[{\"@type\":\"ReadAction\",\"target\":[\"https:\\\/\\\/covasna45.ro\\\/index.php\\\/lumea-noastra\\\/peste-jumatate-dintre-copiii-romani-vor-sa-plece-definitiv-din-tara\\\/\"]}]},{\"@type\":\"ImageObject\",\"inLanguage\":\"ro-RO\",\"@id\":\"https:\\\/\\\/covasna45.ro\\\/index.php\\\/lumea-noastra\\\/peste-jumatate-dintre-copiii-romani-vor-sa-plece-definitiv-din-tara\\\/#primaryimage\",\"url\":\"https:\\\/\\\/covasna45.ro\\\/wp-content\\\/uploads\\\/2023\\\/10\\\/copiii.jpg\",\"contentUrl\":\"https:\\\/\\\/covasna45.ro\\\/wp-content\\\/uploads\\\/2023\\\/10\\\/copiii.jpg\",\"width\":1200,\"height\":630},{\"@type\":\"BreadcrumbList\",\"@id\":\"https:\\\/\\\/covasna45.ro\\\/index.php\\\/lumea-noastra\\\/peste-jumatate-dintre-copiii-romani-vor-sa-plece-definitiv-din-tara\\\/#breadcrumb\",\"itemListElement\":[{\"@type\":\"ListItem\",\"position\":1,\"name\":\"Prima pagin\u0103\",\"item\":\"https:\\\/\\\/covasna45.ro\\\/\"},{\"@type\":\"ListItem\",\"position\":2,\"name\":\"Peste jum\u0103tate dintre copiii rom\u00e2ni vor s\u0103 plece definitiv din \u021bar\u0103\"}]},{\"@type\":\"WebSite\",\"@id\":\"https:\\\/\\\/covasna45.ro\\\/#website\",\"url\":\"https:\\\/\\\/covasna45.ro\\\/\",\"name\":\"covasna45.ro\",\"description\":\"\",\"publisher\":{\"@id\":\"https:\\\/\\\/covasna45.ro\\\/#organization\"},\"potentialAction\":[{\"@type\":\"SearchAction\",\"target\":{\"@type\":\"EntryPoint\",\"urlTemplate\":\"https:\\\/\\\/covasna45.ro\\\/?s={search_term_string}\"},\"query-input\":{\"@type\":\"PropertyValueSpecification\",\"valueRequired\":true,\"valueName\":\"search_term_string\"}}],\"inLanguage\":\"ro-RO\"},{\"@type\":\"Organization\",\"@id\":\"https:\\\/\\\/covasna45.ro\\\/#organization\",\"name\":\"covasna45.ro\",\"url\":\"https:\\\/\\\/covasna45.ro\\\/\",\"logo\":{\"@type\":\"ImageObject\",\"inLanguage\":\"ro-RO\",\"@id\":\"https:\\\/\\\/covasna45.ro\\\/#\\\/schema\\\/logo\\\/image\\\/\",\"url\":\"https:\\\/\\\/covasna45.ro\\\/wp-content\\\/uploads\\\/2023\\\/01\\\/icon_logo.png\",\"contentUrl\":\"https:\\\/\\\/covasna45.ro\\\/wp-content\\\/uploads\\\/2023\\\/01\\\/icon_logo.png\",\"width\":1900,\"height\":1900,\"caption\":\"covasna45.ro\"},\"image\":{\"@id\":\"https:\\\/\\\/covasna45.ro\\\/#\\\/schema\\\/logo\\\/image\\\/\"}},{\"@type\":\"Person\",\"@id\":\"https:\\\/\\\/covasna45.ro\\\/#\\\/schema\\\/person\\\/e674052bd7d95d70bbb007a1060ab73c\",\"name\":\"Covasna45\",\"image\":{\"@type\":\"ImageObject\",\"inLanguage\":\"ro-RO\",\"@id\":\"https:\\\/\\\/covasna45.ro\\\/wp-content\\\/uploads\\\/2025\\\/10\\\/icon_logo_covasna45-150x150.png\",\"url\":\"https:\\\/\\\/covasna45.ro\\\/wp-content\\\/uploads\\\/2025\\\/10\\\/icon_logo_covasna45-150x150.png\",\"contentUrl\":\"https:\\\/\\\/covasna45.ro\\\/wp-content\\\/uploads\\\/2025\\\/10\\\/icon_logo_covasna45-150x150.png\",\"caption\":\"Covasna45\"},\"sameAs\":[\"https:\\\/\\\/covasna45.ro\"],\"url\":\"https:\\\/\\\/covasna45.ro\\\/index.php\\\/author\\\/covasna\\\/\"}]}<\/script>\n<!-- \/ Yoast SEO plugin. -->","yoast_head_json":{"title":"Peste jum\u0103tate dintre copiii rom\u00e2ni vor s\u0103 plece definitiv din \u021bar\u0103 - Covasna45","description":"Peste jum\u0103tate dintre copiii rom\u00e2ni \u00ee\u0219i doresc s\u0103 plece din \u021bar\u0103 \u0219i s\u0103 se stabileasc\u0103 peste grani\u021be. Cifrele au fost prezentate de un raport","robots":{"index":"index","follow":"follow","max-snippet":"max-snippet:-1","max-image-preview":"max-image-preview:large","max-video-preview":"max-video-preview:-1"},"canonical":"https:\/\/covasna45.ro\/index.php\/lumea-noastra\/peste-jumatate-dintre-copiii-romani-vor-sa-plece-definitiv-din-tara\/","og_locale":"ro_RO","og_type":"article","og_title":"Peste jum\u0103tate dintre copiii rom\u00e2ni vor s\u0103 plece definitiv din \u021bar\u0103 - Covasna45","og_description":"Peste jum\u0103tate dintre copiii rom\u00e2ni \u00ee\u0219i doresc s\u0103 plece din \u021bar\u0103 \u0219i s\u0103 se stabileasc\u0103 peste grani\u021be. Cifrele au fost prezentate de un raport","og_url":"https:\/\/covasna45.ro\/index.php\/lumea-noastra\/peste-jumatate-dintre-copiii-romani-vor-sa-plece-definitiv-din-tara\/","og_site_name":"Covasna45","article_published_time":"2023-10-16T07:03:46+00:00","article_modified_time":"2023-10-16T07:03:48+00:00","og_image":[{"width":1200,"height":630,"url":"https:\/\/covasna45.ro\/wp-content\/uploads\/2023\/10\/copiii.jpg","type":"image\/jpeg"}],"author":"Covasna45","twitter_card":"summary_large_image","twitter_misc":{"Scris de":"Covasna45","Timp estimat pentru citire":"2 minute"},"schema":{"@context":"https:\/\/schema.org","@graph":[{"@type":"Article","@id":"https:\/\/covasna45.ro\/index.php\/lumea-noastra\/peste-jumatate-dintre-copiii-romani-vor-sa-plece-definitiv-din-tara\/#article","isPartOf":{"@id":"https:\/\/covasna45.ro\/index.php\/lumea-noastra\/peste-jumatate-dintre-copiii-romani-vor-sa-plece-definitiv-din-tara\/"},"author":{"name":"Covasna45","@id":"https:\/\/covasna45.ro\/#\/schema\/person\/e674052bd7d95d70bbb007a1060ab73c"},"headline":"Peste jum\u0103tate dintre copiii rom\u00e2ni vor s\u0103 plece definitiv din \u021bar\u0103","datePublished":"2023-10-16T07:03:46+00:00","dateModified":"2023-10-16T07:03:48+00:00","mainEntityOfPage":{"@id":"https:\/\/covasna45.ro\/index.php\/lumea-noastra\/peste-jumatate-dintre-copiii-romani-vor-sa-plece-definitiv-din-tara\/"},"wordCount":315,"commentCount":2,"publisher":{"@id":"https:\/\/covasna45.ro\/#organization"},"image":{"@id":"https:\/\/covasna45.ro\/index.php\/lumea-noastra\/peste-jumatate-dintre-copiii-romani-vor-sa-plece-definitiv-din-tara\/#primaryimage"},"thumbnailUrl":"https:\/\/covasna45.ro\/wp-content\/uploads\/2023\/10\/copiii.jpg","keywords":["Copii","S\u0103r\u0103cie","Str\u0103in\u0103tate"],"articleSection":["Lumea noastr\u0103"],"inLanguage":"ro-RO","potentialAction":[{"@type":"CommentAction","name":"Comment","target":["https:\/\/covasna45.ro\/index.php\/lumea-noastra\/peste-jumatate-dintre-copiii-romani-vor-sa-plece-definitiv-din-tara\/#respond"]}]},{"@type":"WebPage","@id":"https:\/\/covasna45.ro\/index.php\/lumea-noastra\/peste-jumatate-dintre-copiii-romani-vor-sa-plece-definitiv-din-tara\/","url":"https:\/\/covasna45.ro\/index.php\/lumea-noastra\/peste-jumatate-dintre-copiii-romani-vor-sa-plece-definitiv-din-tara\/","name":"Peste jum\u0103tate dintre copiii rom\u00e2ni vor s\u0103 plece definitiv din \u021bar\u0103 - Covasna45","isPartOf":{"@id":"https:\/\/covasna45.ro\/#website"},"primaryImageOfPage":{"@id":"https:\/\/covasna45.ro\/index.php\/lumea-noastra\/peste-jumatate-dintre-copiii-romani-vor-sa-plece-definitiv-din-tara\/#primaryimage"},"image":{"@id":"https:\/\/covasna45.ro\/index.php\/lumea-noastra\/peste-jumatate-dintre-copiii-romani-vor-sa-plece-definitiv-din-tara\/#primaryimage"},"thumbnailUrl":"https:\/\/covasna45.ro\/wp-content\/uploads\/2023\/10\/copiii.jpg","datePublished":"2023-10-16T07:03:46+00:00","dateModified":"2023-10-16T07:03:48+00:00","description":"Peste jum\u0103tate dintre copiii rom\u00e2ni \u00ee\u0219i doresc s\u0103 plece din \u021bar\u0103 \u0219i s\u0103 se stabileasc\u0103 peste grani\u021be. Cifrele au fost prezentate de un raport","breadcrumb":{"@id":"https:\/\/covasna45.ro\/index.php\/lumea-noastra\/peste-jumatate-dintre-copiii-romani-vor-sa-plece-definitiv-din-tara\/#breadcrumb"},"inLanguage":"ro-RO","potentialAction":[{"@type":"ReadAction","target":["https:\/\/covasna45.ro\/index.php\/lumea-noastra\/peste-jumatate-dintre-copiii-romani-vor-sa-plece-definitiv-din-tara\/"]}]},{"@type":"ImageObject","inLanguage":"ro-RO","@id":"https:\/\/covasna45.ro\/index.php\/lumea-noastra\/peste-jumatate-dintre-copiii-romani-vor-sa-plece-definitiv-din-tara\/#primaryimage","url":"https:\/\/covasna45.ro\/wp-content\/uploads\/2023\/10\/copiii.jpg","contentUrl":"https:\/\/covasna45.ro\/wp-content\/uploads\/2023\/10\/copiii.jpg","width":1200,"height":630},{"@type":"BreadcrumbList","@id":"https:\/\/covasna45.ro\/index.php\/lumea-noastra\/peste-jumatate-dintre-copiii-romani-vor-sa-plece-definitiv-din-tara\/#breadcrumb","itemListElement":[{"@type":"ListItem","position":1,"name":"Prima pagin\u0103","item":"https:\/\/covasna45.ro\/"},{"@type":"ListItem","position":2,"name":"Peste jum\u0103tate dintre copiii rom\u00e2ni vor s\u0103 plece definitiv din \u021bar\u0103"}]},{"@type":"WebSite","@id":"https:\/\/covasna45.ro\/#website","url":"https:\/\/covasna45.ro\/","name":"covasna45.ro","description":"","publisher":{"@id":"https:\/\/covasna45.ro\/#organization"},"potentialAction":[{"@type":"SearchAction","target":{"@type":"EntryPoint","urlTemplate":"https:\/\/covasna45.ro\/?s={search_term_string}"},"query-input":{"@type":"PropertyValueSpecification","valueRequired":true,"valueName":"search_term_string"}}],"inLanguage":"ro-RO"},{"@type":"Organization","@id":"https:\/\/covasna45.ro\/#organization","name":"covasna45.ro","url":"https:\/\/covasna45.ro\/","logo":{"@type":"ImageObject","inLanguage":"ro-RO","@id":"https:\/\/covasna45.ro\/#\/schema\/logo\/image\/","url":"https:\/\/covasna45.ro\/wp-content\/uploads\/2023\/01\/icon_logo.png","contentUrl":"https:\/\/covasna45.ro\/wp-content\/uploads\/2023\/01\/icon_logo.png","width":1900,"height":1900,"caption":"covasna45.ro"},"image":{"@id":"https:\/\/covasna45.ro\/#\/schema\/logo\/image\/"}},{"@type":"Person","@id":"https:\/\/covasna45.ro\/#\/schema\/person\/e674052bd7d95d70bbb007a1060ab73c","name":"Covasna45","image":{"@type":"ImageObject","inLanguage":"ro-RO","@id":"https:\/\/covasna45.ro\/wp-content\/uploads\/2025\/10\/icon_logo_covasna45-150x150.png","url":"https:\/\/covasna45.ro\/wp-content\/uploads\/2025\/10\/icon_logo_covasna45-150x150.png","contentUrl":"https:\/\/covasna45.ro\/wp-content\/uploads\/2025\/10\/icon_logo_covasna45-150x150.png","caption":"Covasna45"},"sameAs":["https:\/\/covasna45.ro"],"url":"https:\/\/covasna45.ro\/index.php\/author\/covasna\/"}]}},"_links":{"self":[{"href":"https:\/\/covasna45.ro\/index.php\/wp-json\/wp\/v2\/posts\/3469","targetHints":{"allow":["GET"]}}],"collection":[{"href":"https:\/\/covasna45.ro\/index.php\/wp-json\/wp\/v2\/posts"}],"about":[{"href":"https:\/\/covasna45.ro\/index.php\/wp-json\/wp\/v2\/types\/post"}],"author":[{"embeddable":true,"href":"https:\/\/covasna45.ro\/index.php\/wp-json\/wp\/v2\/users\/1"}],"replies":[{"embeddable":true,"href":"https:\/\/covasna45.ro\/index.php\/wp-json\/wp\/v2\/comments?post=3469"}],"version-history":[{"count":1,"href":"https:\/\/covasna45.ro\/index.php\/wp-json\/wp\/v2\/posts\/3469\/revisions"}],"predecessor-version":[{"id":3471,"href":"https:\/\/covasna45.ro\/index.php\/wp-json\/wp\/v2\/posts\/3469\/revisions\/3471"}],"wp:featuredmedia":[{"embeddable":true,"href":"https:\/\/covasna45.ro\/index.php\/wp-json\/wp\/v2\/media\/3470"}],"wp:attachment":[{"href":"https:\/\/covasna45.ro\/index.php\/wp-json\/wp\/v2\/media?parent=3469"}],"wp:term":[{"taxonomy":"category","embeddable":true,"href":"https:\/\/covasna45.ro\/index.php\/wp-json\/wp\/v2\/categories?post=3469"},{"taxonomy":"post_tag","embeddable":true,"href":"https:\/\/covasna45.ro\/index.php\/wp-json\/wp\/v2\/tags?post=3469"}],"curies":[{"name":"wp","href":"https:\/\/api.w.org\/{rel}","templated":true}]}}