{"id":3472,"date":"2023-10-16T09:21:22","date_gmt":"2023-10-16T07:21:22","guid":{"rendered":"https:\/\/covasna45.ro\/?p=3472"},"modified":"2023-10-16T09:21:51","modified_gmt":"2023-10-16T07:21:51","slug":"israel-s-ar-putea-retrage-din-lupta-pentru-euro-2024","status":"publish","type":"post","link":"https:\/\/covasna45.ro\/index.php\/sport\/israel-s-ar-putea-retrage-din-lupta-pentru-euro-2024\/","title":{"rendered":"Israel s-ar putea retrage din lupta pentru EURO 2024"},"content":{"rendered":"\n<p>\u00centr-o grup\u0103 cu calendarul bulversat de conflictul din Israel, echipa na\u021bional\u0103 a\u0219teapt\u0103 finalul preliminariilor tr\u0103g\u00e2nd linie, dup\u0103 4-0 cu Andorra \u00een fa\u021ba copiilor de pe Arena Na\u021bional\u0103, de pe o pozi\u021bie avantajoas\u0103. <\/p>\n\n\n\n<p>Opt meciuri jucate dintre care jum\u0103tate sunt victorii, zero \u00eenfr\u00e2ngeri. Locul 1 \u00een grup\u0103, cu Elve\u021bia av\u00e2nd un meci \u00een minus.<\/p>\n\n\n\n<p>Iat\u0103 cum arat\u0103 clasamentul grupei noastre acum:<br>1. Rom\u00e2nia \u2013 16p<br>2. Elve\u021bia \u2013 15p<br>3. Israel \u2013 11 p<br>4. Kosovo \u2013 7p<br>5. Belarus \u2013 5p<br>6. Andorra \u2013 2p<\/p>\n\n\n\n<p>\u00cen caz de egalitate de puncte, primul criteriu de departajare este rezultatul meciurilor directe. Ulterior, dac\u0103 egalitate se men\u021bine, se aplic\u0103 golaverajul general din grup\u0103!<\/p>\n\n\n\n<h2 class=\"wp-block-heading\">Ce va face federa\u021bia din Israel?<\/h2>\n\n\n\n<p>R\u0103zboiul a dat peste cap toate planurile de calificare la EURO 2024. \u00cen contextul \u00een care dubla na\u021bionalei din luna octombrie a fost deja am\u00e2nat\u0103, israelienii vor avea un program extrem de aglomerat. Vor fi nevoi\u021bi s\u0103 joace o mul\u021bime de meciuri \u00eentr-un timp limitat.<\/p>\n\n\n\n<p>Ca variant\u0103 de urgen\u021b\u0103, Shino Moshe Juarez, pre\u0219edintele forului fotbalistic din Israel, nu exclude posibilitatea de a retrage na\u021bionala din lupta pentru Campionatul European.<\/p>\n\n\n\n<p><strong><em>\u201eCu c\u00e2t r\u0103zboiul va \u021bine mai mult, posibilit\u0103\u021bile noastre vor fi mai reduse \u0219i mai rele, e vorba s\u0103 juc\u0103m mai multe partide una dup\u0103 alta \u00eentr-o perioad\u0103 scurt\u0103 sau s\u0103 fim obliga\u021bi s\u0103 evolu\u0103m \u00een alt\u0103 \u021bar\u0103 sau f\u0103r\u0103 public.<\/em><\/strong><\/p>\n\n\n\n<p><strong><em>Eu sper s\u0103 nu ajungem \u00een situa\u021bia de a renun\u021ba la un turneu interna\u021bional. Nu pute\u021bi pune semnul de egalitate \u00eentre unele lucruri \u0219i adev\u0103rul istoric.<\/em><\/strong><\/p>\n\n\n\n<p><strong><em>Cei care au fost uci\u0219i cu s\u00e2nge rece de ace\u0219ti oameni (dac\u0103 se mai pot numi oameni), f\u0103r\u0103 mil\u0103, au fost victimele unor acte barbare naziste. Au omor\u00e2t femei, copii, bebelu\u0219i, b\u0103rba\u021bi \u0219i oameni b\u0103tr\u00e2ni, al c\u0103ror singur p\u0103cat e c\u0103 sunt israelieni.<\/em><\/strong><\/p>\n\n\n\n<p><strong><em>Am primit mesaje din lumea \u00eentreag\u0103. Mul\u021bi ne-au scris c\u0103 sunt al\u0103turi de noi \u0219i s-au \u00eenfuriat pe cei care se \u00eenc\u0103p\u0103\u021b\u00e2neaz\u0103 s\u0103 fac\u0103 simetria, care nu e relevant\u0103 \u0219i nici corect\u0103\u201d,<\/em><\/strong> a declarat Shino Moshe Juarez.<\/p>\n","protected":false},"excerpt":{"rendered":"<p>\u00centr-o grup\u0103 cu calendarul bulversat de conflictul din Israel, echipa na\u021bional\u0103 a\u0219teapt\u0103 finalul preliminariilor tr\u0103g\u00e2nd linie, dup\u0103 4-0 cu Andorra \u00een fa\u021ba copiilor de pe Arena Na\u021bional\u0103, de pe o pozi\u021bie avantajoas\u0103. Opt meciuri jucate dintre care jum\u0103tate sunt victorii, zero \u00eenfr\u00e2ngeri. Locul 1 \u00een grup\u0103, cu Elve\u021bia av\u00e2nd un meci \u00een minus. Iat\u0103 cum [&hellip;]<\/p>\n","protected":false},"author":1,"featured_media":3473,"comment_status":"open","ping_status":"closed","sticky":false,"template":"","format":"standard","meta":{"tdm_status":"","tdm_grid_status":"","footnotes":""},"categories":[17],"tags":[1599,842,236,1107,26],"class_list":{"0":"post-3472","1":"post","2":"type-post","3":"status-publish","4":"format-standard","5":"has-post-thumbnail","7":"category-sport","8":"tag-andorra","9":"tag-clasament","10":"tag-euro-2024","11":"tag-israel","12":"tag-romania"},"yoast_head":"<!-- This site is optimized with the Yoast SEO plugin v27.5 - https:\/\/yoast.com\/product\/yoast-seo-wordpress\/ -->\n<title>Israel s-ar putea retrage din lupta pentru EURO 2024 - Covasna45<\/title>\n<meta name=\"description\" content=\"\u00centr-o grup\u0103 cu calendarul bulversat de conflictul din Israel, echipa na\u021bional\u0103 a\u0219teapt\u0103 finalul preliminariilor tr\u0103g\u00e2nd linie\" \/>\n<meta name=\"robots\" content=\"index, follow, max-snippet:-1, max-image-preview:large, max-video-preview:-1\" \/>\n<link rel=\"canonical\" href=\"https:\/\/covasna45.ro\/index.php\/sport\/israel-s-ar-putea-retrage-din-lupta-pentru-euro-2024\/\" \/>\n<meta property=\"og:locale\" content=\"ro_RO\" \/>\n<meta property=\"og:type\" content=\"article\" \/>\n<meta property=\"og:title\" content=\"Israel s-ar putea retrage din lupta pentru EURO 2024 - Covasna45\" \/>\n<meta property=\"og:description\" content=\"\u00centr-o grup\u0103 cu calendarul bulversat de conflictul din Israel, echipa na\u021bional\u0103 a\u0219teapt\u0103 finalul preliminariilor tr\u0103g\u00e2nd linie\" \/>\n<meta property=\"og:url\" content=\"https:\/\/covasna45.ro\/index.php\/sport\/israel-s-ar-putea-retrage-din-lupta-pentru-euro-2024\/\" \/>\n<meta property=\"og:site_name\" content=\"Covasna45\" \/>\n<meta property=\"article:published_time\" content=\"2023-10-16T07:21:22+00:00\" \/>\n<meta property=\"article:modified_time\" content=\"2023-10-16T07:21:51+00:00\" \/>\n<meta property=\"og:image\" content=\"https:\/\/covasna45.ro\/wp-content\/uploads\/2023\/10\/fotbal-2.jpg\" \/>\n\t<meta property=\"og:image:width\" content=\"1200\" \/>\n\t<meta property=\"og:image:height\" content=\"675\" \/>\n\t<meta property=\"og:image:type\" content=\"image\/jpeg\" \/>\n<meta name=\"author\" content=\"Covasna45\" \/>\n<meta name=\"twitter:card\" content=\"summary_large_image\" \/>\n<meta name=\"twitter:label1\" content=\"Scris de\" \/>\n\t<meta name=\"twitter:data1\" content=\"Covasna45\" \/>\n\t<meta name=\"twitter:label2\" content=\"Timp estimat pentru citire\" \/>\n\t<meta name=\"twitter:data2\" content=\"2 minute\" \/>\n<script type=\"application\/ld+json\" class=\"yoast-schema-graph\">{\"@context\":\"https:\\\/\\\/schema.org\",\"@graph\":[{\"@type\":\"Article\",\"@id\":\"https:\\\/\\\/covasna45.ro\\\/index.php\\\/sport\\\/israel-s-ar-putea-retrage-din-lupta-pentru-euro-2024\\\/#article\",\"isPartOf\":{\"@id\":\"https:\\\/\\\/covasna45.ro\\\/index.php\\\/sport\\\/israel-s-ar-putea-retrage-din-lupta-pentru-euro-2024\\\/\"},\"author\":{\"name\":\"Covasna45\",\"@id\":\"https:\\\/\\\/covasna45.ro\\\/#\\\/schema\\\/person\\\/e674052bd7d95d70bbb007a1060ab73c\"},\"headline\":\"Israel s-ar putea retrage din lupta pentru EURO 2024\",\"datePublished\":\"2023-10-16T07:21:22+00:00\",\"dateModified\":\"2023-10-16T07:21:51+00:00\",\"mainEntityOfPage\":{\"@id\":\"https:\\\/\\\/covasna45.ro\\\/index.php\\\/sport\\\/israel-s-ar-putea-retrage-din-lupta-pentru-euro-2024\\\/\"},\"wordCount\":375,\"commentCount\":0,\"publisher\":{\"@id\":\"https:\\\/\\\/covasna45.ro\\\/#organization\"},\"image\":{\"@id\":\"https:\\\/\\\/covasna45.ro\\\/index.php\\\/sport\\\/israel-s-ar-putea-retrage-din-lupta-pentru-euro-2024\\\/#primaryimage\"},\"thumbnailUrl\":\"https:\\\/\\\/covasna45.ro\\\/wp-content\\\/uploads\\\/2023\\\/10\\\/fotbal-2.jpg\",\"keywords\":[\"Andorra\",\"Clasament\",\"Euro 2024\",\"Israel\",\"Rom\u00e2nia\"],\"articleSection\":[\"Sport\"],\"inLanguage\":\"ro-RO\",\"potentialAction\":[{\"@type\":\"CommentAction\",\"name\":\"Comment\",\"target\":[\"https:\\\/\\\/covasna45.ro\\\/index.php\\\/sport\\\/israel-s-ar-putea-retrage-din-lupta-pentru-euro-2024\\\/#respond\"]}]},{\"@type\":\"WebPage\",\"@id\":\"https:\\\/\\\/covasna45.ro\\\/index.php\\\/sport\\\/israel-s-ar-putea-retrage-din-lupta-pentru-euro-2024\\\/\",\"url\":\"https:\\\/\\\/covasna45.ro\\\/index.php\\\/sport\\\/israel-s-ar-putea-retrage-din-lupta-pentru-euro-2024\\\/\",\"name\":\"Israel s-ar putea retrage din lupta pentru EURO 2024 - Covasna45\",\"isPartOf\":{\"@id\":\"https:\\\/\\\/covasna45.ro\\\/#website\"},\"primaryImageOfPage\":{\"@id\":\"https:\\\/\\\/covasna45.ro\\\/index.php\\\/sport\\\/israel-s-ar-putea-retrage-din-lupta-pentru-euro-2024\\\/#primaryimage\"},\"image\":{\"@id\":\"https:\\\/\\\/covasna45.ro\\\/index.php\\\/sport\\\/israel-s-ar-putea-retrage-din-lupta-pentru-euro-2024\\\/#primaryimage\"},\"thumbnailUrl\":\"https:\\\/\\\/covasna45.ro\\\/wp-content\\\/uploads\\\/2023\\\/10\\\/fotbal-2.jpg\",\"datePublished\":\"2023-10-16T07:21:22+00:00\",\"dateModified\":\"2023-10-16T07:21:51+00:00\",\"description\":\"\u00centr-o grup\u0103 cu calendarul bulversat de conflictul din Israel, echipa na\u021bional\u0103 a\u0219teapt\u0103 finalul preliminariilor tr\u0103g\u00e2nd linie\",\"breadcrumb\":{\"@id\":\"https:\\\/\\\/covasna45.ro\\\/index.php\\\/sport\\\/israel-s-ar-putea-retrage-din-lupta-pentru-euro-2024\\\/#breadcrumb\"},\"inLanguage\":\"ro-RO\",\"potentialAction\":[{\"@type\":\"ReadAction\",\"target\":[\"https:\\\/\\\/covasna45.ro\\\/index.php\\\/sport\\\/israel-s-ar-putea-retrage-din-lupta-pentru-euro-2024\\\/\"]}]},{\"@type\":\"ImageObject\",\"inLanguage\":\"ro-RO\",\"@id\":\"https:\\\/\\\/covasna45.ro\\\/index.php\\\/sport\\\/israel-s-ar-putea-retrage-din-lupta-pentru-euro-2024\\\/#primaryimage\",\"url\":\"https:\\\/\\\/covasna45.ro\\\/wp-content\\\/uploads\\\/2023\\\/10\\\/fotbal-2.jpg\",\"contentUrl\":\"https:\\\/\\\/covasna45.ro\\\/wp-content\\\/uploads\\\/2023\\\/10\\\/fotbal-2.jpg\",\"width\":1200,\"height\":675},{\"@type\":\"BreadcrumbList\",\"@id\":\"https:\\\/\\\/covasna45.ro\\\/index.php\\\/sport\\\/israel-s-ar-putea-retrage-din-lupta-pentru-euro-2024\\\/#breadcrumb\",\"itemListElement\":[{\"@type\":\"ListItem\",\"position\":1,\"name\":\"Prima pagin\u0103\",\"item\":\"https:\\\/\\\/covasna45.ro\\\/\"},{\"@type\":\"ListItem\",\"position\":2,\"name\":\"Israel s-ar putea retrage din lupta pentru EURO 2024\"}]},{\"@type\":\"WebSite\",\"@id\":\"https:\\\/\\\/covasna45.ro\\\/#website\",\"url\":\"https:\\\/\\\/covasna45.ro\\\/\",\"name\":\"covasna45.ro\",\"description\":\"\",\"publisher\":{\"@id\":\"https:\\\/\\\/covasna45.ro\\\/#organization\"},\"potentialAction\":[{\"@type\":\"SearchAction\",\"target\":{\"@type\":\"EntryPoint\",\"urlTemplate\":\"https:\\\/\\\/covasna45.ro\\\/?s={search_term_string}\"},\"query-input\":{\"@type\":\"PropertyValueSpecification\",\"valueRequired\":true,\"valueName\":\"search_term_string\"}}],\"inLanguage\":\"ro-RO\"},{\"@type\":\"Organization\",\"@id\":\"https:\\\/\\\/covasna45.ro\\\/#organization\",\"name\":\"covasna45.ro\",\"url\":\"https:\\\/\\\/covasna45.ro\\\/\",\"logo\":{\"@type\":\"ImageObject\",\"inLanguage\":\"ro-RO\",\"@id\":\"https:\\\/\\\/covasna45.ro\\\/#\\\/schema\\\/logo\\\/image\\\/\",\"url\":\"https:\\\/\\\/covasna45.ro\\\/wp-content\\\/uploads\\\/2023\\\/01\\\/icon_logo.png\",\"contentUrl\":\"https:\\\/\\\/covasna45.ro\\\/wp-content\\\/uploads\\\/2023\\\/01\\\/icon_logo.png\",\"width\":1900,\"height\":1900,\"caption\":\"covasna45.ro\"},\"image\":{\"@id\":\"https:\\\/\\\/covasna45.ro\\\/#\\\/schema\\\/logo\\\/image\\\/\"}},{\"@type\":\"Person\",\"@id\":\"https:\\\/\\\/covasna45.ro\\\/#\\\/schema\\\/person\\\/e674052bd7d95d70bbb007a1060ab73c\",\"name\":\"Covasna45\",\"image\":{\"@type\":\"ImageObject\",\"inLanguage\":\"ro-RO\",\"@id\":\"https:\\\/\\\/covasna45.ro\\\/wp-content\\\/uploads\\\/2025\\\/10\\\/icon_logo_covasna45-150x150.png\",\"url\":\"https:\\\/\\\/covasna45.ro\\\/wp-content\\\/uploads\\\/2025\\\/10\\\/icon_logo_covasna45-150x150.png\",\"contentUrl\":\"https:\\\/\\\/covasna45.ro\\\/wp-content\\\/uploads\\\/2025\\\/10\\\/icon_logo_covasna45-150x150.png\",\"caption\":\"Covasna45\"},\"sameAs\":[\"https:\\\/\\\/covasna45.ro\"],\"url\":\"https:\\\/\\\/covasna45.ro\\\/index.php\\\/author\\\/covasna\\\/\"}]}<\/script>\n<!-- \/ Yoast SEO plugin. -->","yoast_head_json":{"title":"Israel s-ar putea retrage din lupta pentru EURO 2024 - Covasna45","description":"\u00centr-o grup\u0103 cu calendarul bulversat de conflictul din Israel, echipa na\u021bional\u0103 a\u0219teapt\u0103 finalul preliminariilor tr\u0103g\u00e2nd linie","robots":{"index":"index","follow":"follow","max-snippet":"max-snippet:-1","max-image-preview":"max-image-preview:large","max-video-preview":"max-video-preview:-1"},"canonical":"https:\/\/covasna45.ro\/index.php\/sport\/israel-s-ar-putea-retrage-din-lupta-pentru-euro-2024\/","og_locale":"ro_RO","og_type":"article","og_title":"Israel s-ar putea retrage din lupta pentru EURO 2024 - Covasna45","og_description":"\u00centr-o grup\u0103 cu calendarul bulversat de conflictul din Israel, echipa na\u021bional\u0103 a\u0219teapt\u0103 finalul preliminariilor tr\u0103g\u00e2nd linie","og_url":"https:\/\/covasna45.ro\/index.php\/sport\/israel-s-ar-putea-retrage-din-lupta-pentru-euro-2024\/","og_site_name":"Covasna45","article_published_time":"2023-10-16T07:21:22+00:00","article_modified_time":"2023-10-16T07:21:51+00:00","og_image":[{"width":1200,"height":675,"url":"https:\/\/covasna45.ro\/wp-content\/uploads\/2023\/10\/fotbal-2.jpg","type":"image\/jpeg"}],"author":"Covasna45","twitter_card":"summary_large_image","twitter_misc":{"Scris de":"Covasna45","Timp estimat pentru citire":"2 minute"},"schema":{"@context":"https:\/\/schema.org","@graph":[{"@type":"Article","@id":"https:\/\/covasna45.ro\/index.php\/sport\/israel-s-ar-putea-retrage-din-lupta-pentru-euro-2024\/#article","isPartOf":{"@id":"https:\/\/covasna45.ro\/index.php\/sport\/israel-s-ar-putea-retrage-din-lupta-pentru-euro-2024\/"},"author":{"name":"Covasna45","@id":"https:\/\/covasna45.ro\/#\/schema\/person\/e674052bd7d95d70bbb007a1060ab73c"},"headline":"Israel s-ar putea retrage din lupta pentru EURO 2024","datePublished":"2023-10-16T07:21:22+00:00","dateModified":"2023-10-16T07:21:51+00:00","mainEntityOfPage":{"@id":"https:\/\/covasna45.ro\/index.php\/sport\/israel-s-ar-putea-retrage-din-lupta-pentru-euro-2024\/"},"wordCount":375,"commentCount":0,"publisher":{"@id":"https:\/\/covasna45.ro\/#organization"},"image":{"@id":"https:\/\/covasna45.ro\/index.php\/sport\/israel-s-ar-putea-retrage-din-lupta-pentru-euro-2024\/#primaryimage"},"thumbnailUrl":"https:\/\/covasna45.ro\/wp-content\/uploads\/2023\/10\/fotbal-2.jpg","keywords":["Andorra","Clasament","Euro 2024","Israel","Rom\u00e2nia"],"articleSection":["Sport"],"inLanguage":"ro-RO","potentialAction":[{"@type":"CommentAction","name":"Comment","target":["https:\/\/covasna45.ro\/index.php\/sport\/israel-s-ar-putea-retrage-din-lupta-pentru-euro-2024\/#respond"]}]},{"@type":"WebPage","@id":"https:\/\/covasna45.ro\/index.php\/sport\/israel-s-ar-putea-retrage-din-lupta-pentru-euro-2024\/","url":"https:\/\/covasna45.ro\/index.php\/sport\/israel-s-ar-putea-retrage-din-lupta-pentru-euro-2024\/","name":"Israel s-ar putea retrage din lupta pentru EURO 2024 - Covasna45","isPartOf":{"@id":"https:\/\/covasna45.ro\/#website"},"primaryImageOfPage":{"@id":"https:\/\/covasna45.ro\/index.php\/sport\/israel-s-ar-putea-retrage-din-lupta-pentru-euro-2024\/#primaryimage"},"image":{"@id":"https:\/\/covasna45.ro\/index.php\/sport\/israel-s-ar-putea-retrage-din-lupta-pentru-euro-2024\/#primaryimage"},"thumbnailUrl":"https:\/\/covasna45.ro\/wp-content\/uploads\/2023\/10\/fotbal-2.jpg","datePublished":"2023-10-16T07:21:22+00:00","dateModified":"2023-10-16T07:21:51+00:00","description":"\u00centr-o grup\u0103 cu calendarul bulversat de conflictul din Israel, echipa na\u021bional\u0103 a\u0219teapt\u0103 finalul preliminariilor tr\u0103g\u00e2nd linie","breadcrumb":{"@id":"https:\/\/covasna45.ro\/index.php\/sport\/israel-s-ar-putea-retrage-din-lupta-pentru-euro-2024\/#breadcrumb"},"inLanguage":"ro-RO","potentialAction":[{"@type":"ReadAction","target":["https:\/\/covasna45.ro\/index.php\/sport\/israel-s-ar-putea-retrage-din-lupta-pentru-euro-2024\/"]}]},{"@type":"ImageObject","inLanguage":"ro-RO","@id":"https:\/\/covasna45.ro\/index.php\/sport\/israel-s-ar-putea-retrage-din-lupta-pentru-euro-2024\/#primaryimage","url":"https:\/\/covasna45.ro\/wp-content\/uploads\/2023\/10\/fotbal-2.jpg","contentUrl":"https:\/\/covasna45.ro\/wp-content\/uploads\/2023\/10\/fotbal-2.jpg","width":1200,"height":675},{"@type":"BreadcrumbList","@id":"https:\/\/covasna45.ro\/index.php\/sport\/israel-s-ar-putea-retrage-din-lupta-pentru-euro-2024\/#breadcrumb","itemListElement":[{"@type":"ListItem","position":1,"name":"Prima pagin\u0103","item":"https:\/\/covasna45.ro\/"},{"@type":"ListItem","position":2,"name":"Israel s-ar putea retrage din lupta pentru EURO 2024"}]},{"@type":"WebSite","@id":"https:\/\/covasna45.ro\/#website","url":"https:\/\/covasna45.ro\/","name":"covasna45.ro","description":"","publisher":{"@id":"https:\/\/covasna45.ro\/#organization"},"potentialAction":[{"@type":"SearchAction","target":{"@type":"EntryPoint","urlTemplate":"https:\/\/covasna45.ro\/?s={search_term_string}"},"query-input":{"@type":"PropertyValueSpecification","valueRequired":true,"valueName":"search_term_string"}}],"inLanguage":"ro-RO"},{"@type":"Organization","@id":"https:\/\/covasna45.ro\/#organization","name":"covasna45.ro","url":"https:\/\/covasna45.ro\/","logo":{"@type":"ImageObject","inLanguage":"ro-RO","@id":"https:\/\/covasna45.ro\/#\/schema\/logo\/image\/","url":"https:\/\/covasna45.ro\/wp-content\/uploads\/2023\/01\/icon_logo.png","contentUrl":"https:\/\/covasna45.ro\/wp-content\/uploads\/2023\/01\/icon_logo.png","width":1900,"height":1900,"caption":"covasna45.ro"},"image":{"@id":"https:\/\/covasna45.ro\/#\/schema\/logo\/image\/"}},{"@type":"Person","@id":"https:\/\/covasna45.ro\/#\/schema\/person\/e674052bd7d95d70bbb007a1060ab73c","name":"Covasna45","image":{"@type":"ImageObject","inLanguage":"ro-RO","@id":"https:\/\/covasna45.ro\/wp-content\/uploads\/2025\/10\/icon_logo_covasna45-150x150.png","url":"https:\/\/covasna45.ro\/wp-content\/uploads\/2025\/10\/icon_logo_covasna45-150x150.png","contentUrl":"https:\/\/covasna45.ro\/wp-content\/uploads\/2025\/10\/icon_logo_covasna45-150x150.png","caption":"Covasna45"},"sameAs":["https:\/\/covasna45.ro"],"url":"https:\/\/covasna45.ro\/index.php\/author\/covasna\/"}]}},"_links":{"self":[{"href":"https:\/\/covasna45.ro\/index.php\/wp-json\/wp\/v2\/posts\/3472","targetHints":{"allow":["GET"]}}],"collection":[{"href":"https:\/\/covasna45.ro\/index.php\/wp-json\/wp\/v2\/posts"}],"about":[{"href":"https:\/\/covasna45.ro\/index.php\/wp-json\/wp\/v2\/types\/post"}],"author":[{"embeddable":true,"href":"https:\/\/covasna45.ro\/index.php\/wp-json\/wp\/v2\/users\/1"}],"replies":[{"embeddable":true,"href":"https:\/\/covasna45.ro\/index.php\/wp-json\/wp\/v2\/comments?post=3472"}],"version-history":[{"count":1,"href":"https:\/\/covasna45.ro\/index.php\/wp-json\/wp\/v2\/posts\/3472\/revisions"}],"predecessor-version":[{"id":3474,"href":"https:\/\/covasna45.ro\/index.php\/wp-json\/wp\/v2\/posts\/3472\/revisions\/3474"}],"wp:featuredmedia":[{"embeddable":true,"href":"https:\/\/covasna45.ro\/index.php\/wp-json\/wp\/v2\/media\/3473"}],"wp:attachment":[{"href":"https:\/\/covasna45.ro\/index.php\/wp-json\/wp\/v2\/media?parent=3472"}],"wp:term":[{"taxonomy":"category","embeddable":true,"href":"https:\/\/covasna45.ro\/index.php\/wp-json\/wp\/v2\/categories?post=3472"},{"taxonomy":"post_tag","embeddable":true,"href":"https:\/\/covasna45.ro\/index.php\/wp-json\/wp\/v2\/tags?post=3472"}],"curies":[{"name":"wp","href":"https:\/\/api.w.org\/{rel}","templated":true}]}}