{"id":3475,"date":"2023-10-16T09:32:09","date_gmt":"2023-10-16T07:32:09","guid":{"rendered":"https:\/\/covasna45.ro\/?p=3475"},"modified":"2023-10-16T09:32:10","modified_gmt":"2023-10-16T07:32:10","slug":"suedia-violente-fara-precedent-ucigasii-sunt-tot-mai-tineri","status":"publish","type":"post","link":"https:\/\/covasna45.ro\/index.php\/lumea-larga\/suedia-violente-fara-precedent-ucigasii-sunt-tot-mai-tineri\/","title":{"rendered":"Suedia &#8211; violen\u021be f\u0103r\u0103 precedent. Uciga\u0219ii sunt tot mai tineri"},"content":{"rendered":"\n<p>Suedia, considerat\u0103 c\u00e2ndva o \u021bar\u0103 pa\u0219nic\u0103 \u0219i sigur\u0103, a devenit \u00een ultimii ani un \u201eparadis\u201d pentru organiza\u021biile criminale. Acestea sunt formate \u00een general din tineri imigran\u021bi.<\/p>\n\n\n\n<p>La finalul lunii septembrie, \u00eentr-o zi de miercuri, cu pu\u021bin timp \u00eenainte de ora 19.00, dou\u0103 echipe de adolescen\u021bi se preg\u0103teau s\u0103 intre pe patinoarul unui complex sportiv, la sud de Stockholm, pentru un meci de hochei pe ghea\u021b\u0103. Tocmai \u00ee\u0219i terminaser\u0103 \u00eenc\u0103lzirea \u00een parcarea de al\u0103turi \u0219i au \u00eenceput \u00eempu\u0219c\u0103turile. Un 4\u00d74 a demarat \u00een tromb\u0103. Aduli, un rapper cunoscut \u00een v\u00e2rst\u0103 de 18 ani, z\u0103cea la p\u0103m\u00e2nt ciuruit de gloan\u021be. <strong><em>\u201eEra un b\u0103iat bun \u0219i talentat. Nu merita asta<\/em><\/strong>\u201d, spunea, \u00een lacrimi, unul dintre prietenii s\u0103i.<\/p>\n\n\n\n<p>C\u00e2teva ore mai t\u00e2rziu, doi b\u0103rba\u021bi erau \u00eempu\u0219ca\u021bi la sud de capitala Suediei. Pentru unul dintre ei gloan\u021bele i-au fost fatale.<\/p>\n\n\n\n<p>Apoi, o t\u00e2n\u0103r\u0103 de 25 de ani a murit \u00een zorii zilei de joia trecut\u0103 \u00een urma unei explozii produse \u00een casa ei, la nord de Uppsala.<\/p>\n\n\n\n<h2 class=\"wp-block-heading\">F\u0103r\u0103 precedent \u00een Suedia, acest episod de violen\u021be a provocat moartea a 44 de persoane \u0219i alte 88 de victime r\u0103nite \u00een cursul acestui an. <\/h2>\n\n\n\n<p>Dou\u0103sprezece din cele 44 de omoruri s-au produs doar \u00een septembrie \u00een 60 de schimburi de focuri sau explozii de bombe.<\/p>\n\n\n\n<p>\u00cen contextul acestei escalad\u0103ri, dreapta, aliat\u0103 la guvernare cu extrema dreapt\u0103, vrea s\u0103 rechizi\u021bioneze arme pentru a sprijini poli\u021bia, relateaz\u0103 cotidianul francez \u201eLe Figaro\u201d.<\/p>\n\n\n\n<p>\u00cen plus, guvernul suedez ia \u00een calcul s\u0103 mobilizeze armata pe str\u0103zi, scrie ziarul britanic \u201eThe Sun\u201d. Ziarul evoc\u0103 o baie de s\u00e2nge alimentat\u0103 mai ales pe fondul cre\u0219terii unor grup\u0103ri infrac\u021bionale specializate \u00een trafic de droguri precum Kurdish Fox \u0219i The Greek.<\/p>\n\n\n\n<h2 class=\"wp-block-heading\">Rat\u0103 de condamnare sc\u0103zut\u0103<\/h2>\n\n\n\n<p>Nikoi Djane, un fost gangster reconvertit \u00een criminolog, spune c\u0103 Suedia a alunecat treptat \u00een astfel de violen\u021be \u00eencep\u00e2nd din 2010. Locul r\u0103sp\u00e2ndirii acestui flagel este Malmo, un ora\u0219 din sudul \u021b\u0103rii. Fostul infractor m\u0103rturise\u0219te c\u0103 \u201ea participat la violen\u021b\u0103\u201d c\u00e2nd era mai t\u00e2n\u0103r &#8211; \u00eentr-o perioad\u0103 c\u00e2nd situa\u021bia \u201enu era la fel de s\u00e2ngeroas\u0103 ca ast\u0103zi\u201d. Dar violen\u021bele de atunci nu degenerau \u00eentr-un cerc vicios de extindere a crimelor.<\/p>\n\n\n\n<p>De ce s-a ajuns \u00een aceast\u0103 situa\u021bie? Potrivit lui Djane, bandele criminale caut\u0103 \u00een prezent s\u0103 devin\u0103 tot mai mari \u0219i s\u0103 controleze zonele lor de interes. De regul\u0103, una pe seama alteia. Autorit\u0103\u021bile suedeze au fost bl\u00e2nde \u00een aplicarea pedepselor, inclusiv a celor legate de crime.<\/p>\n\n\n\n<p><strong><em>\u201eRata de condamnare este extrem de sc\u0103zut\u0103 pentru aceste crime, ceea ce a contribuit la continuarea omorurilor\u201d,<\/em><\/strong> afirm\u0103 el.<\/p>\n\n\n\n<p><strong><em>\u201eA\u0219adar, pentru fiecare crim\u0103 nerezolvat\u0103, apar mai multe \u021binte, ceea ce \u00eenseamn\u0103 mai multe crime poten\u021biale\u201d,<\/em><\/strong> a explic\u0103 Nikoi Djane.<\/p>\n\n\n\n<p>Cu dou\u0103 decenii \u00een urm\u0103, Suedia avea una dintre cele mai sc\u0103zute rate de omoruri pe cap de locuitor din Europa. Acum este \u00een frunte, cu de 2,5 ori mai multe dec\u00e2t media european\u0103, remarc\u0103 \u201eThe Sun\u201d.<\/p>\n\n\n\n<h2 class=\"wp-block-heading\">Asasini la 13 ani<\/h2>\n\n\n\n<p>Anul trecut, peste 60 de persoane au fost ucise prin \u00eempu\u0219care \u00een Suedia &#8211; cel mai mare num\u0103r \u00eenregistrat vreodat\u0103. \u00cen acest an, bilan\u021bul risc\u0103 s\u0103 devin\u0103 mai grav.<\/p>\n\n\n\n<p>Tot anul trecut au fost \u00eenregistrate 90 de explozii \u0219i 101 tentative de atacuri cu explozibili. Un bilan\u021b egalat deja \u00een acest an.<\/p>\n\n\n\n<p>Violen\u021bele din aceste zile din Suedia nu sunt neobi\u0219nuite doar prin intensitatea lor, ci \u0219i prin v\u00e2rsta fraged\u0103 a celor implica\u021bi. Unii asasini sunt copii de 13-14 ani.<\/p>\n\n\n\n<p>Datele oficiale arat\u0103 c\u0103 jum\u0103tate dintre suspec\u021bi au sub 18 ani, iar trei sferturi sub 21 de ani<\/p>\n\n\n\n<p>Bandele angajeaz\u0103 copii ca asasini, \u201efurniz\u00e2ndu-le arme\u201d \u0219i adrese cu \u021binte, a recunoscut \u0219eful poli\u021biei, Anders Thornberg.<\/p>\n\n\n\n<p>Oficialul suedez a mai descoperit c\u0103 \u00een unele cazuri copiii au contactat bandele pentru a ucide \u00een schimbul unei remuner\u0103ri.<\/p>\n","protected":false},"excerpt":{"rendered":"<p>Suedia, considerat\u0103 c\u00e2ndva o \u021bar\u0103 pa\u0219nic\u0103 \u0219i sigur\u0103, a devenit \u00een ultimii ani un \u201eparadis\u201d pentru organiza\u021biile criminale. Acestea sunt formate \u00een general din tineri imigran\u021bi. La finalul lunii septembrie, \u00eentr-o zi de miercuri, cu pu\u021bin timp \u00eenainte de ora 19.00, dou\u0103 echipe de adolescen\u021bi se preg\u0103teau s\u0103 intre pe patinoarul unui complex sportiv, la [&hellip;]<\/p>\n","protected":false},"author":1,"featured_media":3476,"comment_status":"open","ping_status":"closed","sticky":false,"template":"","format":"standard","meta":{"tdm_status":"","tdm_grid_status":"","footnotes":""},"categories":[10],"tags":[1600,1601,577,27],"class_list":{"0":"post-3475","1":"post","2":"type-post","3":"status-publish","4":"format-standard","5":"has-post-thumbnail","7":"category-lumea-larga","8":"tag-asasinate","9":"tag-criminalitate","10":"tag-politie","11":"tag-suedia"},"yoast_head":"<!-- This site is optimized with the Yoast SEO plugin v27.5 - https:\/\/yoast.com\/product\/yoast-seo-wordpress\/ -->\n<title>Suedia - violen\u021be f\u0103r\u0103 precedent. Uciga\u0219ii sunt tot mai tineri - Covasna45<\/title>\n<meta name=\"description\" content=\"Suedia, considerat\u0103 c\u00e2ndva o \u021bar\u0103 pa\u0219nic\u0103 \u0219i sigur\u0103, a devenit \u00een ultimii ani un \u201eparadis\u201d pentru organiza\u021biile criminale.\" \/>\n<meta name=\"robots\" content=\"index, follow, max-snippet:-1, max-image-preview:large, max-video-preview:-1\" \/>\n<link rel=\"canonical\" href=\"https:\/\/covasna45.ro\/index.php\/lumea-larga\/suedia-violente-fara-precedent-ucigasii-sunt-tot-mai-tineri\/\" \/>\n<meta property=\"og:locale\" content=\"ro_RO\" \/>\n<meta property=\"og:type\" content=\"article\" \/>\n<meta property=\"og:title\" content=\"Suedia - violen\u021be f\u0103r\u0103 precedent. Uciga\u0219ii sunt tot mai tineri - Covasna45\" \/>\n<meta property=\"og:description\" content=\"Suedia, considerat\u0103 c\u00e2ndva o \u021bar\u0103 pa\u0219nic\u0103 \u0219i sigur\u0103, a devenit \u00een ultimii ani un \u201eparadis\u201d pentru organiza\u021biile criminale.\" \/>\n<meta property=\"og:url\" content=\"https:\/\/covasna45.ro\/index.php\/lumea-larga\/suedia-violente-fara-precedent-ucigasii-sunt-tot-mai-tineri\/\" \/>\n<meta property=\"og:site_name\" content=\"Covasna45\" \/>\n<meta property=\"article:published_time\" content=\"2023-10-16T07:32:09+00:00\" \/>\n<meta property=\"article:modified_time\" content=\"2023-10-16T07:32:10+00:00\" \/>\n<meta property=\"og:image\" content=\"https:\/\/covasna45.ro\/wp-content\/uploads\/2023\/10\/suedia.jpg\" \/>\n\t<meta property=\"og:image:width\" content=\"1162\" \/>\n\t<meta property=\"og:image:height\" content=\"630\" \/>\n\t<meta property=\"og:image:type\" content=\"image\/jpeg\" \/>\n<meta name=\"author\" content=\"Covasna45\" \/>\n<meta name=\"twitter:card\" content=\"summary_large_image\" \/>\n<meta name=\"twitter:label1\" content=\"Scris de\" \/>\n\t<meta name=\"twitter:data1\" content=\"Covasna45\" \/>\n\t<meta name=\"twitter:label2\" content=\"Timp estimat pentru citire\" \/>\n\t<meta name=\"twitter:data2\" content=\"4 minute\" \/>\n<script type=\"application\/ld+json\" class=\"yoast-schema-graph\">{\"@context\":\"https:\\\/\\\/schema.org\",\"@graph\":[{\"@type\":\"Article\",\"@id\":\"https:\\\/\\\/covasna45.ro\\\/index.php\\\/lumea-larga\\\/suedia-violente-fara-precedent-ucigasii-sunt-tot-mai-tineri\\\/#article\",\"isPartOf\":{\"@id\":\"https:\\\/\\\/covasna45.ro\\\/index.php\\\/lumea-larga\\\/suedia-violente-fara-precedent-ucigasii-sunt-tot-mai-tineri\\\/\"},\"author\":{\"name\":\"Covasna45\",\"@id\":\"https:\\\/\\\/covasna45.ro\\\/#\\\/schema\\\/person\\\/e674052bd7d95d70bbb007a1060ab73c\"},\"headline\":\"Suedia &#8211; violen\u021be f\u0103r\u0103 precedent. Uciga\u0219ii sunt tot mai tineri\",\"datePublished\":\"2023-10-16T07:32:09+00:00\",\"dateModified\":\"2023-10-16T07:32:10+00:00\",\"mainEntityOfPage\":{\"@id\":\"https:\\\/\\\/covasna45.ro\\\/index.php\\\/lumea-larga\\\/suedia-violente-fara-precedent-ucigasii-sunt-tot-mai-tineri\\\/\"},\"wordCount\":682,\"commentCount\":0,\"publisher\":{\"@id\":\"https:\\\/\\\/covasna45.ro\\\/#organization\"},\"image\":{\"@id\":\"https:\\\/\\\/covasna45.ro\\\/index.php\\\/lumea-larga\\\/suedia-violente-fara-precedent-ucigasii-sunt-tot-mai-tineri\\\/#primaryimage\"},\"thumbnailUrl\":\"https:\\\/\\\/covasna45.ro\\\/wp-content\\\/uploads\\\/2023\\\/10\\\/suedia.jpg\",\"keywords\":[\"Asasinate\",\"Criminalitate\",\"Poli\u021bie\",\"Suedia\"],\"articleSection\":[\"Lumea larg\u0103\"],\"inLanguage\":\"ro-RO\",\"potentialAction\":[{\"@type\":\"CommentAction\",\"name\":\"Comment\",\"target\":[\"https:\\\/\\\/covasna45.ro\\\/index.php\\\/lumea-larga\\\/suedia-violente-fara-precedent-ucigasii-sunt-tot-mai-tineri\\\/#respond\"]}]},{\"@type\":\"WebPage\",\"@id\":\"https:\\\/\\\/covasna45.ro\\\/index.php\\\/lumea-larga\\\/suedia-violente-fara-precedent-ucigasii-sunt-tot-mai-tineri\\\/\",\"url\":\"https:\\\/\\\/covasna45.ro\\\/index.php\\\/lumea-larga\\\/suedia-violente-fara-precedent-ucigasii-sunt-tot-mai-tineri\\\/\",\"name\":\"Suedia - violen\u021be f\u0103r\u0103 precedent. Uciga\u0219ii sunt tot mai tineri - Covasna45\",\"isPartOf\":{\"@id\":\"https:\\\/\\\/covasna45.ro\\\/#website\"},\"primaryImageOfPage\":{\"@id\":\"https:\\\/\\\/covasna45.ro\\\/index.php\\\/lumea-larga\\\/suedia-violente-fara-precedent-ucigasii-sunt-tot-mai-tineri\\\/#primaryimage\"},\"image\":{\"@id\":\"https:\\\/\\\/covasna45.ro\\\/index.php\\\/lumea-larga\\\/suedia-violente-fara-precedent-ucigasii-sunt-tot-mai-tineri\\\/#primaryimage\"},\"thumbnailUrl\":\"https:\\\/\\\/covasna45.ro\\\/wp-content\\\/uploads\\\/2023\\\/10\\\/suedia.jpg\",\"datePublished\":\"2023-10-16T07:32:09+00:00\",\"dateModified\":\"2023-10-16T07:32:10+00:00\",\"description\":\"Suedia, considerat\u0103 c\u00e2ndva o \u021bar\u0103 pa\u0219nic\u0103 \u0219i sigur\u0103, a devenit \u00een ultimii ani un \u201eparadis\u201d pentru organiza\u021biile criminale.\",\"breadcrumb\":{\"@id\":\"https:\\\/\\\/covasna45.ro\\\/index.php\\\/lumea-larga\\\/suedia-violente-fara-precedent-ucigasii-sunt-tot-mai-tineri\\\/#breadcrumb\"},\"inLanguage\":\"ro-RO\",\"potentialAction\":[{\"@type\":\"ReadAction\",\"target\":[\"https:\\\/\\\/covasna45.ro\\\/index.php\\\/lumea-larga\\\/suedia-violente-fara-precedent-ucigasii-sunt-tot-mai-tineri\\\/\"]}]},{\"@type\":\"ImageObject\",\"inLanguage\":\"ro-RO\",\"@id\":\"https:\\\/\\\/covasna45.ro\\\/index.php\\\/lumea-larga\\\/suedia-violente-fara-precedent-ucigasii-sunt-tot-mai-tineri\\\/#primaryimage\",\"url\":\"https:\\\/\\\/covasna45.ro\\\/wp-content\\\/uploads\\\/2023\\\/10\\\/suedia.jpg\",\"contentUrl\":\"https:\\\/\\\/covasna45.ro\\\/wp-content\\\/uploads\\\/2023\\\/10\\\/suedia.jpg\",\"width\":1162,\"height\":630},{\"@type\":\"BreadcrumbList\",\"@id\":\"https:\\\/\\\/covasna45.ro\\\/index.php\\\/lumea-larga\\\/suedia-violente-fara-precedent-ucigasii-sunt-tot-mai-tineri\\\/#breadcrumb\",\"itemListElement\":[{\"@type\":\"ListItem\",\"position\":1,\"name\":\"Prima pagin\u0103\",\"item\":\"https:\\\/\\\/covasna45.ro\\\/\"},{\"@type\":\"ListItem\",\"position\":2,\"name\":\"Suedia &#8211; violen\u021be f\u0103r\u0103 precedent. Uciga\u0219ii sunt tot mai tineri\"}]},{\"@type\":\"WebSite\",\"@id\":\"https:\\\/\\\/covasna45.ro\\\/#website\",\"url\":\"https:\\\/\\\/covasna45.ro\\\/\",\"name\":\"covasna45.ro\",\"description\":\"\",\"publisher\":{\"@id\":\"https:\\\/\\\/covasna45.ro\\\/#organization\"},\"potentialAction\":[{\"@type\":\"SearchAction\",\"target\":{\"@type\":\"EntryPoint\",\"urlTemplate\":\"https:\\\/\\\/covasna45.ro\\\/?s={search_term_string}\"},\"query-input\":{\"@type\":\"PropertyValueSpecification\",\"valueRequired\":true,\"valueName\":\"search_term_string\"}}],\"inLanguage\":\"ro-RO\"},{\"@type\":\"Organization\",\"@id\":\"https:\\\/\\\/covasna45.ro\\\/#organization\",\"name\":\"covasna45.ro\",\"url\":\"https:\\\/\\\/covasna45.ro\\\/\",\"logo\":{\"@type\":\"ImageObject\",\"inLanguage\":\"ro-RO\",\"@id\":\"https:\\\/\\\/covasna45.ro\\\/#\\\/schema\\\/logo\\\/image\\\/\",\"url\":\"https:\\\/\\\/covasna45.ro\\\/wp-content\\\/uploads\\\/2023\\\/01\\\/icon_logo.png\",\"contentUrl\":\"https:\\\/\\\/covasna45.ro\\\/wp-content\\\/uploads\\\/2023\\\/01\\\/icon_logo.png\",\"width\":1900,\"height\":1900,\"caption\":\"covasna45.ro\"},\"image\":{\"@id\":\"https:\\\/\\\/covasna45.ro\\\/#\\\/schema\\\/logo\\\/image\\\/\"}},{\"@type\":\"Person\",\"@id\":\"https:\\\/\\\/covasna45.ro\\\/#\\\/schema\\\/person\\\/e674052bd7d95d70bbb007a1060ab73c\",\"name\":\"Covasna45\",\"image\":{\"@type\":\"ImageObject\",\"inLanguage\":\"ro-RO\",\"@id\":\"https:\\\/\\\/covasna45.ro\\\/wp-content\\\/uploads\\\/2025\\\/10\\\/icon_logo_covasna45-150x150.png\",\"url\":\"https:\\\/\\\/covasna45.ro\\\/wp-content\\\/uploads\\\/2025\\\/10\\\/icon_logo_covasna45-150x150.png\",\"contentUrl\":\"https:\\\/\\\/covasna45.ro\\\/wp-content\\\/uploads\\\/2025\\\/10\\\/icon_logo_covasna45-150x150.png\",\"caption\":\"Covasna45\"},\"sameAs\":[\"https:\\\/\\\/covasna45.ro\"],\"url\":\"https:\\\/\\\/covasna45.ro\\\/index.php\\\/author\\\/covasna\\\/\"}]}<\/script>\n<!-- \/ Yoast SEO plugin. -->","yoast_head_json":{"title":"Suedia - violen\u021be f\u0103r\u0103 precedent. Uciga\u0219ii sunt tot mai tineri - Covasna45","description":"Suedia, considerat\u0103 c\u00e2ndva o \u021bar\u0103 pa\u0219nic\u0103 \u0219i sigur\u0103, a devenit \u00een ultimii ani un \u201eparadis\u201d pentru organiza\u021biile criminale.","robots":{"index":"index","follow":"follow","max-snippet":"max-snippet:-1","max-image-preview":"max-image-preview:large","max-video-preview":"max-video-preview:-1"},"canonical":"https:\/\/covasna45.ro\/index.php\/lumea-larga\/suedia-violente-fara-precedent-ucigasii-sunt-tot-mai-tineri\/","og_locale":"ro_RO","og_type":"article","og_title":"Suedia - violen\u021be f\u0103r\u0103 precedent. Uciga\u0219ii sunt tot mai tineri - Covasna45","og_description":"Suedia, considerat\u0103 c\u00e2ndva o \u021bar\u0103 pa\u0219nic\u0103 \u0219i sigur\u0103, a devenit \u00een ultimii ani un \u201eparadis\u201d pentru organiza\u021biile criminale.","og_url":"https:\/\/covasna45.ro\/index.php\/lumea-larga\/suedia-violente-fara-precedent-ucigasii-sunt-tot-mai-tineri\/","og_site_name":"Covasna45","article_published_time":"2023-10-16T07:32:09+00:00","article_modified_time":"2023-10-16T07:32:10+00:00","og_image":[{"width":1162,"height":630,"url":"https:\/\/covasna45.ro\/wp-content\/uploads\/2023\/10\/suedia.jpg","type":"image\/jpeg"}],"author":"Covasna45","twitter_card":"summary_large_image","twitter_misc":{"Scris de":"Covasna45","Timp estimat pentru citire":"4 minute"},"schema":{"@context":"https:\/\/schema.org","@graph":[{"@type":"Article","@id":"https:\/\/covasna45.ro\/index.php\/lumea-larga\/suedia-violente-fara-precedent-ucigasii-sunt-tot-mai-tineri\/#article","isPartOf":{"@id":"https:\/\/covasna45.ro\/index.php\/lumea-larga\/suedia-violente-fara-precedent-ucigasii-sunt-tot-mai-tineri\/"},"author":{"name":"Covasna45","@id":"https:\/\/covasna45.ro\/#\/schema\/person\/e674052bd7d95d70bbb007a1060ab73c"},"headline":"Suedia &#8211; violen\u021be f\u0103r\u0103 precedent. Uciga\u0219ii sunt tot mai tineri","datePublished":"2023-10-16T07:32:09+00:00","dateModified":"2023-10-16T07:32:10+00:00","mainEntityOfPage":{"@id":"https:\/\/covasna45.ro\/index.php\/lumea-larga\/suedia-violente-fara-precedent-ucigasii-sunt-tot-mai-tineri\/"},"wordCount":682,"commentCount":0,"publisher":{"@id":"https:\/\/covasna45.ro\/#organization"},"image":{"@id":"https:\/\/covasna45.ro\/index.php\/lumea-larga\/suedia-violente-fara-precedent-ucigasii-sunt-tot-mai-tineri\/#primaryimage"},"thumbnailUrl":"https:\/\/covasna45.ro\/wp-content\/uploads\/2023\/10\/suedia.jpg","keywords":["Asasinate","Criminalitate","Poli\u021bie","Suedia"],"articleSection":["Lumea larg\u0103"],"inLanguage":"ro-RO","potentialAction":[{"@type":"CommentAction","name":"Comment","target":["https:\/\/covasna45.ro\/index.php\/lumea-larga\/suedia-violente-fara-precedent-ucigasii-sunt-tot-mai-tineri\/#respond"]}]},{"@type":"WebPage","@id":"https:\/\/covasna45.ro\/index.php\/lumea-larga\/suedia-violente-fara-precedent-ucigasii-sunt-tot-mai-tineri\/","url":"https:\/\/covasna45.ro\/index.php\/lumea-larga\/suedia-violente-fara-precedent-ucigasii-sunt-tot-mai-tineri\/","name":"Suedia - violen\u021be f\u0103r\u0103 precedent. Uciga\u0219ii sunt tot mai tineri - Covasna45","isPartOf":{"@id":"https:\/\/covasna45.ro\/#website"},"primaryImageOfPage":{"@id":"https:\/\/covasna45.ro\/index.php\/lumea-larga\/suedia-violente-fara-precedent-ucigasii-sunt-tot-mai-tineri\/#primaryimage"},"image":{"@id":"https:\/\/covasna45.ro\/index.php\/lumea-larga\/suedia-violente-fara-precedent-ucigasii-sunt-tot-mai-tineri\/#primaryimage"},"thumbnailUrl":"https:\/\/covasna45.ro\/wp-content\/uploads\/2023\/10\/suedia.jpg","datePublished":"2023-10-16T07:32:09+00:00","dateModified":"2023-10-16T07:32:10+00:00","description":"Suedia, considerat\u0103 c\u00e2ndva o \u021bar\u0103 pa\u0219nic\u0103 \u0219i sigur\u0103, a devenit \u00een ultimii ani un \u201eparadis\u201d pentru organiza\u021biile criminale.","breadcrumb":{"@id":"https:\/\/covasna45.ro\/index.php\/lumea-larga\/suedia-violente-fara-precedent-ucigasii-sunt-tot-mai-tineri\/#breadcrumb"},"inLanguage":"ro-RO","potentialAction":[{"@type":"ReadAction","target":["https:\/\/covasna45.ro\/index.php\/lumea-larga\/suedia-violente-fara-precedent-ucigasii-sunt-tot-mai-tineri\/"]}]},{"@type":"ImageObject","inLanguage":"ro-RO","@id":"https:\/\/covasna45.ro\/index.php\/lumea-larga\/suedia-violente-fara-precedent-ucigasii-sunt-tot-mai-tineri\/#primaryimage","url":"https:\/\/covasna45.ro\/wp-content\/uploads\/2023\/10\/suedia.jpg","contentUrl":"https:\/\/covasna45.ro\/wp-content\/uploads\/2023\/10\/suedia.jpg","width":1162,"height":630},{"@type":"BreadcrumbList","@id":"https:\/\/covasna45.ro\/index.php\/lumea-larga\/suedia-violente-fara-precedent-ucigasii-sunt-tot-mai-tineri\/#breadcrumb","itemListElement":[{"@type":"ListItem","position":1,"name":"Prima pagin\u0103","item":"https:\/\/covasna45.ro\/"},{"@type":"ListItem","position":2,"name":"Suedia &#8211; violen\u021be f\u0103r\u0103 precedent. Uciga\u0219ii sunt tot mai tineri"}]},{"@type":"WebSite","@id":"https:\/\/covasna45.ro\/#website","url":"https:\/\/covasna45.ro\/","name":"covasna45.ro","description":"","publisher":{"@id":"https:\/\/covasna45.ro\/#organization"},"potentialAction":[{"@type":"SearchAction","target":{"@type":"EntryPoint","urlTemplate":"https:\/\/covasna45.ro\/?s={search_term_string}"},"query-input":{"@type":"PropertyValueSpecification","valueRequired":true,"valueName":"search_term_string"}}],"inLanguage":"ro-RO"},{"@type":"Organization","@id":"https:\/\/covasna45.ro\/#organization","name":"covasna45.ro","url":"https:\/\/covasna45.ro\/","logo":{"@type":"ImageObject","inLanguage":"ro-RO","@id":"https:\/\/covasna45.ro\/#\/schema\/logo\/image\/","url":"https:\/\/covasna45.ro\/wp-content\/uploads\/2023\/01\/icon_logo.png","contentUrl":"https:\/\/covasna45.ro\/wp-content\/uploads\/2023\/01\/icon_logo.png","width":1900,"height":1900,"caption":"covasna45.ro"},"image":{"@id":"https:\/\/covasna45.ro\/#\/schema\/logo\/image\/"}},{"@type":"Person","@id":"https:\/\/covasna45.ro\/#\/schema\/person\/e674052bd7d95d70bbb007a1060ab73c","name":"Covasna45","image":{"@type":"ImageObject","inLanguage":"ro-RO","@id":"https:\/\/covasna45.ro\/wp-content\/uploads\/2025\/10\/icon_logo_covasna45-150x150.png","url":"https:\/\/covasna45.ro\/wp-content\/uploads\/2025\/10\/icon_logo_covasna45-150x150.png","contentUrl":"https:\/\/covasna45.ro\/wp-content\/uploads\/2025\/10\/icon_logo_covasna45-150x150.png","caption":"Covasna45"},"sameAs":["https:\/\/covasna45.ro"],"url":"https:\/\/covasna45.ro\/index.php\/author\/covasna\/"}]}},"_links":{"self":[{"href":"https:\/\/covasna45.ro\/index.php\/wp-json\/wp\/v2\/posts\/3475","targetHints":{"allow":["GET"]}}],"collection":[{"href":"https:\/\/covasna45.ro\/index.php\/wp-json\/wp\/v2\/posts"}],"about":[{"href":"https:\/\/covasna45.ro\/index.php\/wp-json\/wp\/v2\/types\/post"}],"author":[{"embeddable":true,"href":"https:\/\/covasna45.ro\/index.php\/wp-json\/wp\/v2\/users\/1"}],"replies":[{"embeddable":true,"href":"https:\/\/covasna45.ro\/index.php\/wp-json\/wp\/v2\/comments?post=3475"}],"version-history":[{"count":1,"href":"https:\/\/covasna45.ro\/index.php\/wp-json\/wp\/v2\/posts\/3475\/revisions"}],"predecessor-version":[{"id":3477,"href":"https:\/\/covasna45.ro\/index.php\/wp-json\/wp\/v2\/posts\/3475\/revisions\/3477"}],"wp:featuredmedia":[{"embeddable":true,"href":"https:\/\/covasna45.ro\/index.php\/wp-json\/wp\/v2\/media\/3476"}],"wp:attachment":[{"href":"https:\/\/covasna45.ro\/index.php\/wp-json\/wp\/v2\/media?parent=3475"}],"wp:term":[{"taxonomy":"category","embeddable":true,"href":"https:\/\/covasna45.ro\/index.php\/wp-json\/wp\/v2\/categories?post=3475"},{"taxonomy":"post_tag","embeddable":true,"href":"https:\/\/covasna45.ro\/index.php\/wp-json\/wp\/v2\/tags?post=3475"}],"curies":[{"name":"wp","href":"https:\/\/api.w.org\/{rel}","templated":true}]}}