{"id":3633,"date":"2023-10-26T09:40:28","date_gmt":"2023-10-26T07:40:28","guid":{"rendered":"https:\/\/covasna45.ro\/?p=3633"},"modified":"2023-10-26T09:40:29","modified_gmt":"2023-10-26T07:40:29","slug":"parlamentul-a-aprobat-cumpararea-a-32-de-avioane-f-35","status":"publish","type":"post","link":"https:\/\/covasna45.ro\/index.php\/lumea-noastra\/parlamentul-a-aprobat-cumpararea-a-32-de-avioane-f-35\/","title":{"rendered":"Parlamentul a aprobat cump\u0103rarea a 32 de avioane F-35"},"content":{"rendered":"\n<p>Parlamentul a aprobat solicitarea ministrului Ap\u0103r\u0103rii prin care se achizi\u021bioneaz\u0103 32 de avioane F-35. Cea mai scump\u0103 achizi\u021bie din istoria Armatei ajunge la 6,5 miliarde de dolari f\u0103r\u0103 TVA.<\/p>\n\n\n\n<p>Armata a cerut aprobarea Parlamentului pentru demararea primei faze a programului F-35, potrivit unui document trimis Parlamentului \u0219i consultat de <a href=\"https:\/\/www.hotnews.ro\/stiri-defense-26629422-document-parlamentul-aprobat-cumpararea-32-avioane-35-achizitia-armatei-ajunge-6-5-miliarde-dolari.htm\">HotNews.ro<\/a>. <\/p>\n\n\n\n<h2 class=\"wp-block-heading\">Rom\u00e2nia se va dota cu avioane F-35 \u00een dou\u0103 faze: Faza 1 (2 escadrile-32 de avioane), Faza 2 (1 escadrila-16 avioane).<\/h2>\n\n\n\n<p><strong><em>\u201eSolicit\u0103m aprobarea prealabil\u0103 a Parlamentului pentru ini\u0163ierea procedurii de atribuire a acordurilor aferente achizi\u021biei a 32 de avioane F-35, \u00een cadrul programului de \u00eenzestrare \u201eAvion multirol de genera\u021bia a V-a, F-35&#8243;, prin programul de asisten\u0163\u0103 de securitate Foreign Military Sales (FMS).\u201d<\/em><\/strong>, transmite MApN.<\/p>\n\n\n\n<p>Pre\u0219edintele Iohannis anun\u021base \u00eenc\u0103 din februarie 2022 c\u0103 Rom\u00e2nia va achizi\u021biona modelul F-35. Avionul de genera\u021bia a 5-a produs de Lockheed Martin este cel mai selectat avion nou \u00een statele NATO.<\/p>\n\n\n\n<p>Tranzi\u021bia spre avioanele de genera\u021bia a V-a este programat\u0103 s\u0103 aib\u0103 loc dup\u0103 2030. Va dura ma mul\u021bi ani. O parte din pl\u0103\u021bi se vor face \u00eenainte de livrare. Contractul se refer\u0103 \u0219i la preg\u0103tiri ce \u021bin de infrastructur\u0103, logistic\u0103 \u0219i preg\u0103tirea pilo\u021bilor.<\/p>\n","protected":false},"excerpt":{"rendered":"<p>Parlamentul a aprobat solicitarea ministrului Ap\u0103r\u0103rii prin care se achizi\u021bioneaz\u0103 32 de avioane F-35. Cea mai scump\u0103 achizi\u021bie din istoria Armatei ajunge la 6,5 miliarde de dolari f\u0103r\u0103 TVA. Armata a cerut aprobarea Parlamentului pentru demararea primei faze a programului F-35, potrivit unui document trimis Parlamentului \u0219i consultat de HotNews.ro. Rom\u00e2nia se va dota cu [&hellip;]<\/p>\n","protected":false},"author":1,"featured_media":3634,"comment_status":"open","ping_status":"closed","sticky":false,"template":"","format":"standard","meta":{"tdm_status":"","tdm_grid_status":"","footnotes":""},"categories":[14],"tags":[1650,1652,1651,109],"class_list":{"0":"post-3633","1":"post","2":"type-post","3":"status-publish","4":"format-standard","5":"has-post-thumbnail","7":"category-lumea-noastra","8":"tag-avioane","9":"tag-f-35","10":"tag-mapn","11":"tag-nato"},"yoast_head":"<!-- This site is optimized with the Yoast SEO plugin v27.5 - https:\/\/yoast.com\/product\/yoast-seo-wordpress\/ -->\n<title>Parlamentul a aprobat cump\u0103rarea a 32 de avioane F-35 - Covasna45<\/title>\n<meta name=\"description\" content=\"Parlamentul a aprobat solicitarea ministrului Ap\u0103r\u0103rii prin care se achizi\u021bioneaz\u0103 32 de avioane F-35. Cea mai scump\u0103 achizi\u021bie\" \/>\n<meta name=\"robots\" content=\"index, follow, max-snippet:-1, max-image-preview:large, max-video-preview:-1\" \/>\n<link rel=\"canonical\" href=\"https:\/\/covasna45.ro\/index.php\/lumea-noastra\/parlamentul-a-aprobat-cumpararea-a-32-de-avioane-f-35\/\" \/>\n<meta property=\"og:locale\" content=\"ro_RO\" \/>\n<meta property=\"og:type\" content=\"article\" \/>\n<meta property=\"og:title\" content=\"Parlamentul a aprobat cump\u0103rarea a 32 de avioane F-35 - Covasna45\" \/>\n<meta property=\"og:description\" content=\"Parlamentul a aprobat solicitarea ministrului Ap\u0103r\u0103rii prin care se achizi\u021bioneaz\u0103 32 de avioane F-35. Cea mai scump\u0103 achizi\u021bie\" \/>\n<meta property=\"og:url\" content=\"https:\/\/covasna45.ro\/index.php\/lumea-noastra\/parlamentul-a-aprobat-cumpararea-a-32-de-avioane-f-35\/\" \/>\n<meta property=\"og:site_name\" content=\"Covasna45\" \/>\n<meta property=\"article:published_time\" content=\"2023-10-26T07:40:28+00:00\" \/>\n<meta property=\"article:modified_time\" content=\"2023-10-26T07:40:29+00:00\" \/>\n<meta property=\"og:image\" content=\"https:\/\/covasna45.ro\/wp-content\/uploads\/2023\/10\/f-35.jpg\" \/>\n\t<meta property=\"og:image:width\" content=\"1200\" \/>\n\t<meta property=\"og:image:height\" content=\"960\" \/>\n\t<meta property=\"og:image:type\" content=\"image\/jpeg\" \/>\n<meta name=\"author\" content=\"Covasna45\" \/>\n<meta name=\"twitter:card\" content=\"summary_large_image\" \/>\n<meta name=\"twitter:label1\" content=\"Scris de\" \/>\n\t<meta name=\"twitter:data1\" content=\"Covasna45\" \/>\n\t<meta name=\"twitter:label2\" content=\"Timp estimat pentru citire\" \/>\n\t<meta name=\"twitter:data2\" content=\"2 minute\" \/>\n<script type=\"application\/ld+json\" class=\"yoast-schema-graph\">{\"@context\":\"https:\\\/\\\/schema.org\",\"@graph\":[{\"@type\":\"Article\",\"@id\":\"https:\\\/\\\/covasna45.ro\\\/index.php\\\/lumea-noastra\\\/parlamentul-a-aprobat-cumpararea-a-32-de-avioane-f-35\\\/#article\",\"isPartOf\":{\"@id\":\"https:\\\/\\\/covasna45.ro\\\/index.php\\\/lumea-noastra\\\/parlamentul-a-aprobat-cumpararea-a-32-de-avioane-f-35\\\/\"},\"author\":{\"name\":\"Covasna45\",\"@id\":\"https:\\\/\\\/covasna45.ro\\\/#\\\/schema\\\/person\\\/e674052bd7d95d70bbb007a1060ab73c\"},\"headline\":\"Parlamentul a aprobat cump\u0103rarea a 32 de avioane F-35\",\"datePublished\":\"2023-10-26T07:40:28+00:00\",\"dateModified\":\"2023-10-26T07:40:29+00:00\",\"mainEntityOfPage\":{\"@id\":\"https:\\\/\\\/covasna45.ro\\\/index.php\\\/lumea-noastra\\\/parlamentul-a-aprobat-cumpararea-a-32-de-avioane-f-35\\\/\"},\"wordCount\":211,\"commentCount\":4,\"publisher\":{\"@id\":\"https:\\\/\\\/covasna45.ro\\\/#organization\"},\"image\":{\"@id\":\"https:\\\/\\\/covasna45.ro\\\/index.php\\\/lumea-noastra\\\/parlamentul-a-aprobat-cumpararea-a-32-de-avioane-f-35\\\/#primaryimage\"},\"thumbnailUrl\":\"https:\\\/\\\/covasna45.ro\\\/wp-content\\\/uploads\\\/2023\\\/10\\\/f-35.jpg\",\"keywords\":[\"Avioane\",\"F-35\",\"MApN\",\"NATO\"],\"articleSection\":[\"Lumea noastr\u0103\"],\"inLanguage\":\"ro-RO\",\"potentialAction\":[{\"@type\":\"CommentAction\",\"name\":\"Comment\",\"target\":[\"https:\\\/\\\/covasna45.ro\\\/index.php\\\/lumea-noastra\\\/parlamentul-a-aprobat-cumpararea-a-32-de-avioane-f-35\\\/#respond\"]}]},{\"@type\":\"WebPage\",\"@id\":\"https:\\\/\\\/covasna45.ro\\\/index.php\\\/lumea-noastra\\\/parlamentul-a-aprobat-cumpararea-a-32-de-avioane-f-35\\\/\",\"url\":\"https:\\\/\\\/covasna45.ro\\\/index.php\\\/lumea-noastra\\\/parlamentul-a-aprobat-cumpararea-a-32-de-avioane-f-35\\\/\",\"name\":\"Parlamentul a aprobat cump\u0103rarea a 32 de avioane F-35 - Covasna45\",\"isPartOf\":{\"@id\":\"https:\\\/\\\/covasna45.ro\\\/#website\"},\"primaryImageOfPage\":{\"@id\":\"https:\\\/\\\/covasna45.ro\\\/index.php\\\/lumea-noastra\\\/parlamentul-a-aprobat-cumpararea-a-32-de-avioane-f-35\\\/#primaryimage\"},\"image\":{\"@id\":\"https:\\\/\\\/covasna45.ro\\\/index.php\\\/lumea-noastra\\\/parlamentul-a-aprobat-cumpararea-a-32-de-avioane-f-35\\\/#primaryimage\"},\"thumbnailUrl\":\"https:\\\/\\\/covasna45.ro\\\/wp-content\\\/uploads\\\/2023\\\/10\\\/f-35.jpg\",\"datePublished\":\"2023-10-26T07:40:28+00:00\",\"dateModified\":\"2023-10-26T07:40:29+00:00\",\"description\":\"Parlamentul a aprobat solicitarea ministrului Ap\u0103r\u0103rii prin care se achizi\u021bioneaz\u0103 32 de avioane F-35. Cea mai scump\u0103 achizi\u021bie\",\"breadcrumb\":{\"@id\":\"https:\\\/\\\/covasna45.ro\\\/index.php\\\/lumea-noastra\\\/parlamentul-a-aprobat-cumpararea-a-32-de-avioane-f-35\\\/#breadcrumb\"},\"inLanguage\":\"ro-RO\",\"potentialAction\":[{\"@type\":\"ReadAction\",\"target\":[\"https:\\\/\\\/covasna45.ro\\\/index.php\\\/lumea-noastra\\\/parlamentul-a-aprobat-cumpararea-a-32-de-avioane-f-35\\\/\"]}]},{\"@type\":\"ImageObject\",\"inLanguage\":\"ro-RO\",\"@id\":\"https:\\\/\\\/covasna45.ro\\\/index.php\\\/lumea-noastra\\\/parlamentul-a-aprobat-cumpararea-a-32-de-avioane-f-35\\\/#primaryimage\",\"url\":\"https:\\\/\\\/covasna45.ro\\\/wp-content\\\/uploads\\\/2023\\\/10\\\/f-35.jpg\",\"contentUrl\":\"https:\\\/\\\/covasna45.ro\\\/wp-content\\\/uploads\\\/2023\\\/10\\\/f-35.jpg\",\"width\":1200,\"height\":960},{\"@type\":\"BreadcrumbList\",\"@id\":\"https:\\\/\\\/covasna45.ro\\\/index.php\\\/lumea-noastra\\\/parlamentul-a-aprobat-cumpararea-a-32-de-avioane-f-35\\\/#breadcrumb\",\"itemListElement\":[{\"@type\":\"ListItem\",\"position\":1,\"name\":\"Prima pagin\u0103\",\"item\":\"https:\\\/\\\/covasna45.ro\\\/\"},{\"@type\":\"ListItem\",\"position\":2,\"name\":\"Parlamentul a aprobat cump\u0103rarea a 32 de avioane F-35\"}]},{\"@type\":\"WebSite\",\"@id\":\"https:\\\/\\\/covasna45.ro\\\/#website\",\"url\":\"https:\\\/\\\/covasna45.ro\\\/\",\"name\":\"covasna45.ro\",\"description\":\"\",\"publisher\":{\"@id\":\"https:\\\/\\\/covasna45.ro\\\/#organization\"},\"potentialAction\":[{\"@type\":\"SearchAction\",\"target\":{\"@type\":\"EntryPoint\",\"urlTemplate\":\"https:\\\/\\\/covasna45.ro\\\/?s={search_term_string}\"},\"query-input\":{\"@type\":\"PropertyValueSpecification\",\"valueRequired\":true,\"valueName\":\"search_term_string\"}}],\"inLanguage\":\"ro-RO\"},{\"@type\":\"Organization\",\"@id\":\"https:\\\/\\\/covasna45.ro\\\/#organization\",\"name\":\"covasna45.ro\",\"url\":\"https:\\\/\\\/covasna45.ro\\\/\",\"logo\":{\"@type\":\"ImageObject\",\"inLanguage\":\"ro-RO\",\"@id\":\"https:\\\/\\\/covasna45.ro\\\/#\\\/schema\\\/logo\\\/image\\\/\",\"url\":\"https:\\\/\\\/covasna45.ro\\\/wp-content\\\/uploads\\\/2023\\\/01\\\/icon_logo.png\",\"contentUrl\":\"https:\\\/\\\/covasna45.ro\\\/wp-content\\\/uploads\\\/2023\\\/01\\\/icon_logo.png\",\"width\":1900,\"height\":1900,\"caption\":\"covasna45.ro\"},\"image\":{\"@id\":\"https:\\\/\\\/covasna45.ro\\\/#\\\/schema\\\/logo\\\/image\\\/\"}},{\"@type\":\"Person\",\"@id\":\"https:\\\/\\\/covasna45.ro\\\/#\\\/schema\\\/person\\\/e674052bd7d95d70bbb007a1060ab73c\",\"name\":\"Covasna45\",\"image\":{\"@type\":\"ImageObject\",\"inLanguage\":\"ro-RO\",\"@id\":\"https:\\\/\\\/covasna45.ro\\\/wp-content\\\/uploads\\\/2025\\\/10\\\/icon_logo_covasna45-150x150.png\",\"url\":\"https:\\\/\\\/covasna45.ro\\\/wp-content\\\/uploads\\\/2025\\\/10\\\/icon_logo_covasna45-150x150.png\",\"contentUrl\":\"https:\\\/\\\/covasna45.ro\\\/wp-content\\\/uploads\\\/2025\\\/10\\\/icon_logo_covasna45-150x150.png\",\"caption\":\"Covasna45\"},\"sameAs\":[\"https:\\\/\\\/covasna45.ro\"],\"url\":\"https:\\\/\\\/covasna45.ro\\\/index.php\\\/author\\\/covasna\\\/\"}]}<\/script>\n<!-- \/ Yoast SEO plugin. -->","yoast_head_json":{"title":"Parlamentul a aprobat cump\u0103rarea a 32 de avioane F-35 - Covasna45","description":"Parlamentul a aprobat solicitarea ministrului Ap\u0103r\u0103rii prin care se achizi\u021bioneaz\u0103 32 de avioane F-35. Cea mai scump\u0103 achizi\u021bie","robots":{"index":"index","follow":"follow","max-snippet":"max-snippet:-1","max-image-preview":"max-image-preview:large","max-video-preview":"max-video-preview:-1"},"canonical":"https:\/\/covasna45.ro\/index.php\/lumea-noastra\/parlamentul-a-aprobat-cumpararea-a-32-de-avioane-f-35\/","og_locale":"ro_RO","og_type":"article","og_title":"Parlamentul a aprobat cump\u0103rarea a 32 de avioane F-35 - Covasna45","og_description":"Parlamentul a aprobat solicitarea ministrului Ap\u0103r\u0103rii prin care se achizi\u021bioneaz\u0103 32 de avioane F-35. Cea mai scump\u0103 achizi\u021bie","og_url":"https:\/\/covasna45.ro\/index.php\/lumea-noastra\/parlamentul-a-aprobat-cumpararea-a-32-de-avioane-f-35\/","og_site_name":"Covasna45","article_published_time":"2023-10-26T07:40:28+00:00","article_modified_time":"2023-10-26T07:40:29+00:00","og_image":[{"width":1200,"height":960,"url":"https:\/\/covasna45.ro\/wp-content\/uploads\/2023\/10\/f-35.jpg","type":"image\/jpeg"}],"author":"Covasna45","twitter_card":"summary_large_image","twitter_misc":{"Scris de":"Covasna45","Timp estimat pentru citire":"2 minute"},"schema":{"@context":"https:\/\/schema.org","@graph":[{"@type":"Article","@id":"https:\/\/covasna45.ro\/index.php\/lumea-noastra\/parlamentul-a-aprobat-cumpararea-a-32-de-avioane-f-35\/#article","isPartOf":{"@id":"https:\/\/covasna45.ro\/index.php\/lumea-noastra\/parlamentul-a-aprobat-cumpararea-a-32-de-avioane-f-35\/"},"author":{"name":"Covasna45","@id":"https:\/\/covasna45.ro\/#\/schema\/person\/e674052bd7d95d70bbb007a1060ab73c"},"headline":"Parlamentul a aprobat cump\u0103rarea a 32 de avioane F-35","datePublished":"2023-10-26T07:40:28+00:00","dateModified":"2023-10-26T07:40:29+00:00","mainEntityOfPage":{"@id":"https:\/\/covasna45.ro\/index.php\/lumea-noastra\/parlamentul-a-aprobat-cumpararea-a-32-de-avioane-f-35\/"},"wordCount":211,"commentCount":4,"publisher":{"@id":"https:\/\/covasna45.ro\/#organization"},"image":{"@id":"https:\/\/covasna45.ro\/index.php\/lumea-noastra\/parlamentul-a-aprobat-cumpararea-a-32-de-avioane-f-35\/#primaryimage"},"thumbnailUrl":"https:\/\/covasna45.ro\/wp-content\/uploads\/2023\/10\/f-35.jpg","keywords":["Avioane","F-35","MApN","NATO"],"articleSection":["Lumea noastr\u0103"],"inLanguage":"ro-RO","potentialAction":[{"@type":"CommentAction","name":"Comment","target":["https:\/\/covasna45.ro\/index.php\/lumea-noastra\/parlamentul-a-aprobat-cumpararea-a-32-de-avioane-f-35\/#respond"]}]},{"@type":"WebPage","@id":"https:\/\/covasna45.ro\/index.php\/lumea-noastra\/parlamentul-a-aprobat-cumpararea-a-32-de-avioane-f-35\/","url":"https:\/\/covasna45.ro\/index.php\/lumea-noastra\/parlamentul-a-aprobat-cumpararea-a-32-de-avioane-f-35\/","name":"Parlamentul a aprobat cump\u0103rarea a 32 de avioane F-35 - Covasna45","isPartOf":{"@id":"https:\/\/covasna45.ro\/#website"},"primaryImageOfPage":{"@id":"https:\/\/covasna45.ro\/index.php\/lumea-noastra\/parlamentul-a-aprobat-cumpararea-a-32-de-avioane-f-35\/#primaryimage"},"image":{"@id":"https:\/\/covasna45.ro\/index.php\/lumea-noastra\/parlamentul-a-aprobat-cumpararea-a-32-de-avioane-f-35\/#primaryimage"},"thumbnailUrl":"https:\/\/covasna45.ro\/wp-content\/uploads\/2023\/10\/f-35.jpg","datePublished":"2023-10-26T07:40:28+00:00","dateModified":"2023-10-26T07:40:29+00:00","description":"Parlamentul a aprobat solicitarea ministrului Ap\u0103r\u0103rii prin care se achizi\u021bioneaz\u0103 32 de avioane F-35. Cea mai scump\u0103 achizi\u021bie","breadcrumb":{"@id":"https:\/\/covasna45.ro\/index.php\/lumea-noastra\/parlamentul-a-aprobat-cumpararea-a-32-de-avioane-f-35\/#breadcrumb"},"inLanguage":"ro-RO","potentialAction":[{"@type":"ReadAction","target":["https:\/\/covasna45.ro\/index.php\/lumea-noastra\/parlamentul-a-aprobat-cumpararea-a-32-de-avioane-f-35\/"]}]},{"@type":"ImageObject","inLanguage":"ro-RO","@id":"https:\/\/covasna45.ro\/index.php\/lumea-noastra\/parlamentul-a-aprobat-cumpararea-a-32-de-avioane-f-35\/#primaryimage","url":"https:\/\/covasna45.ro\/wp-content\/uploads\/2023\/10\/f-35.jpg","contentUrl":"https:\/\/covasna45.ro\/wp-content\/uploads\/2023\/10\/f-35.jpg","width":1200,"height":960},{"@type":"BreadcrumbList","@id":"https:\/\/covasna45.ro\/index.php\/lumea-noastra\/parlamentul-a-aprobat-cumpararea-a-32-de-avioane-f-35\/#breadcrumb","itemListElement":[{"@type":"ListItem","position":1,"name":"Prima pagin\u0103","item":"https:\/\/covasna45.ro\/"},{"@type":"ListItem","position":2,"name":"Parlamentul a aprobat cump\u0103rarea a 32 de avioane F-35"}]},{"@type":"WebSite","@id":"https:\/\/covasna45.ro\/#website","url":"https:\/\/covasna45.ro\/","name":"covasna45.ro","description":"","publisher":{"@id":"https:\/\/covasna45.ro\/#organization"},"potentialAction":[{"@type":"SearchAction","target":{"@type":"EntryPoint","urlTemplate":"https:\/\/covasna45.ro\/?s={search_term_string}"},"query-input":{"@type":"PropertyValueSpecification","valueRequired":true,"valueName":"search_term_string"}}],"inLanguage":"ro-RO"},{"@type":"Organization","@id":"https:\/\/covasna45.ro\/#organization","name":"covasna45.ro","url":"https:\/\/covasna45.ro\/","logo":{"@type":"ImageObject","inLanguage":"ro-RO","@id":"https:\/\/covasna45.ro\/#\/schema\/logo\/image\/","url":"https:\/\/covasna45.ro\/wp-content\/uploads\/2023\/01\/icon_logo.png","contentUrl":"https:\/\/covasna45.ro\/wp-content\/uploads\/2023\/01\/icon_logo.png","width":1900,"height":1900,"caption":"covasna45.ro"},"image":{"@id":"https:\/\/covasna45.ro\/#\/schema\/logo\/image\/"}},{"@type":"Person","@id":"https:\/\/covasna45.ro\/#\/schema\/person\/e674052bd7d95d70bbb007a1060ab73c","name":"Covasna45","image":{"@type":"ImageObject","inLanguage":"ro-RO","@id":"https:\/\/covasna45.ro\/wp-content\/uploads\/2025\/10\/icon_logo_covasna45-150x150.png","url":"https:\/\/covasna45.ro\/wp-content\/uploads\/2025\/10\/icon_logo_covasna45-150x150.png","contentUrl":"https:\/\/covasna45.ro\/wp-content\/uploads\/2025\/10\/icon_logo_covasna45-150x150.png","caption":"Covasna45"},"sameAs":["https:\/\/covasna45.ro"],"url":"https:\/\/covasna45.ro\/index.php\/author\/covasna\/"}]}},"_links":{"self":[{"href":"https:\/\/covasna45.ro\/index.php\/wp-json\/wp\/v2\/posts\/3633","targetHints":{"allow":["GET"]}}],"collection":[{"href":"https:\/\/covasna45.ro\/index.php\/wp-json\/wp\/v2\/posts"}],"about":[{"href":"https:\/\/covasna45.ro\/index.php\/wp-json\/wp\/v2\/types\/post"}],"author":[{"embeddable":true,"href":"https:\/\/covasna45.ro\/index.php\/wp-json\/wp\/v2\/users\/1"}],"replies":[{"embeddable":true,"href":"https:\/\/covasna45.ro\/index.php\/wp-json\/wp\/v2\/comments?post=3633"}],"version-history":[{"count":1,"href":"https:\/\/covasna45.ro\/index.php\/wp-json\/wp\/v2\/posts\/3633\/revisions"}],"predecessor-version":[{"id":3635,"href":"https:\/\/covasna45.ro\/index.php\/wp-json\/wp\/v2\/posts\/3633\/revisions\/3635"}],"wp:featuredmedia":[{"embeddable":true,"href":"https:\/\/covasna45.ro\/index.php\/wp-json\/wp\/v2\/media\/3634"}],"wp:attachment":[{"href":"https:\/\/covasna45.ro\/index.php\/wp-json\/wp\/v2\/media?parent=3633"}],"wp:term":[{"taxonomy":"category","embeddable":true,"href":"https:\/\/covasna45.ro\/index.php\/wp-json\/wp\/v2\/categories?post=3633"},{"taxonomy":"post_tag","embeddable":true,"href":"https:\/\/covasna45.ro\/index.php\/wp-json\/wp\/v2\/tags?post=3633"}],"curies":[{"name":"wp","href":"https:\/\/api.w.org\/{rel}","templated":true}]}}