{"id":3690,"date":"2023-10-31T11:23:45","date_gmt":"2023-10-31T09:23:45","guid":{"rendered":"https:\/\/covasna45.ro\/?p=3690"},"modified":"2023-10-31T11:23:46","modified_gmt":"2023-10-31T09:23:46","slug":"ministrul-dezvoltarii-avem-orase-mici-si-comune-care-cheltuiesc-mai-mult-decat-produc","status":"publish","type":"post","link":"https:\/\/covasna45.ro\/index.php\/lumea-noastra\/ministrul-dezvoltarii-avem-orase-mici-si-comune-care-cheltuiesc-mai-mult-decat-produc\/","title":{"rendered":"Ministrul Dezvolt\u0103rii: Avem ora\u0219e mici \u0219i comune care cheltuiesc mai mult dec\u00e2t produc"},"content":{"rendered":"\n<p>Ministrul Dezvolt\u0103rii, Adrian Ve\u0219tea, a readus \u00een discu\u021bie reorganizarea administrativ\u0103, \u00een cadrul unei conferin\u021be despre educa\u021bie financiar\u0103 organizat\u0103 la sediul B\u0103ncii Na\u021bionale a Rom\u00e2niei.<\/p>\n\n\n\n<p>\u201e<strong>Sus\u021bin ideea unei administra\u021bii mai suple, mai eficiente, cu mai pu\u021bine UAT-uri, prin reorganizarea administrativ-teritorial\u0103 a Rom\u00e2niei<\/strong>. Consider c\u0103 reorganizarea administrativ-teritorial\u0103 \u0219i regionalizarea ar putea contribui la consolidarea capacit\u0103\u021bii administrative la nivel local \u0219i dezvoltarea de proiecte strategice pe termen lung\u201d, a spus Adrian Ve\u0219tea, ministrul Dezvolt\u0103rii, Lucr\u0103rilor Publice \u0219i Administra\u021biei, conform <a href=\"https:\/\/www.bizbrasov.ro\/2023\/10\/30\/vestea-sustine-reorganizarea-administrativ-teritoriala-a-romaniei\/\">Biz Bra\u0219ov<\/a>.<\/p>\n\n\n\n<h2 class=\"wp-block-heading\">Ideea reorganiz\u0103rii nu e nou\u0103, doar abord\u0103rile difer\u0103.<\/h2>\n\n\n\n<p>\u00cenc\u0103 din 2011 fostul pre\u0219edinte Traian B\u0103sescu sus\u021binea c\u0103 \u201ecele 41 de judete trebuie desfiintate, Romania trebuie \u00eemp\u0103r\u021bit\u0103 \u00een 8 regiuni mari\u201d.<br>\u201eUn cet\u0103\u021bean mai bine preg\u0103tit din punct de vedere financiar poate pune o mai mare presiune pe administra\u021bia public\u0103 local\u0103 s\u0103 cheltuie banii corect \u0219i eficient\u201d, a mai spus luni Ve\u0219tea. Ora\u0219ele mari, mai sus\u021bine ministrul, unde popula\u021bia are acces la educa\u021bia general\u0103 de bun\u0103 calitate mai u\u0219or, sunt mai performante din punct de vedere al execu\u021biei bugetare.<\/p>\n\n\n\n<p>\u201eAst\u0103zi poate c\u0103 suntem mai s\u0103r\u0103ci tocmai pentru c\u0103 nu a contat foarte mult educa\u021bia financiar\u0103 \u0219i chiar mai \u00eengrijor\u0103tor dec\u00e2t at\u00e2t, observ c\u0103 nu mai prea conteaz\u0103 nici m\u0103car educa\u021bia general\u0103 de baz\u0103\u201d, a mai spus Ve\u0219tea.<br><br>\u201e<strong>\u00cen \u021bara noastr\u0103 exist\u0103 circa 200 de ora\u0219e mici \u0219i aproximativ 1200 de comune care se confrunt\u0103 cu o presiune financiar\u0103 considerabil\u0103. <\/strong>Acestea sunt nevoite s\u0103 apeleze la bugetul de stat pentru a putea face fa\u021b\u0103 costurilor de func\u021bionare din cauza veniturilor locale insuficiente. Cu alte cuvinte, cheltuiesc mai mult dec\u00e2t produc \u0219i extind problemele lor \u00een corpul deja greoi al administra\u021biei statului. \u00cen peste jum\u0103tate din administra\u021biile locale, veniturile nu reu\u0219esc s\u0103 acopere nici m\u0103car cheltuielile cu salariile. Acesta este un semn c\u0103 multe dintre comunit\u0103\u021bile noastre lupt\u0103 pentru a se men\u021bine pe linia de plutire. <\/p>\n\n\n\n<h2 class=\"wp-block-heading\"><strong>Situa\u021bia nu este neap\u0103rat mai bun\u0103 nici \u00een r\u00e2ndul municipiilor care nu sunt re\u0219edin\u021b\u0103 de jude\u021b, pentru c\u0103, din cele 62 de municipii, nu mai pu\u021bin de 56 se confrunt\u0103 cu acelea\u0219i provoc\u0103ri financiare.<\/strong> <\/h2>\n\n\n\n<p>Municipiile re\u0219edin\u021b\u0103 de jude\u021b par s\u0103 aib\u0103 o situa\u021bie financiar\u0103 mai stabil\u0103. Din cele 40, doar nou\u0103 au nevoie de sprijin financiar pentru a-\u0219i echilibra bugetul. Pe fondul cre\u0219terii pre\u021burilor la utilit\u0103\u021bi \u0219i la materiale, autorit\u0103\u021bile administra\u021biei publice locale sunt uneori \u00een imposibilitatea de a asigura func\u021bionarea aparatului de specialitate, a serviciilor publice din subordine cu finan\u021barea proiectelor de finan\u021bare nerambursabil\u0103, cu finan\u021bare nerambursabil\u0103 sau cu finan\u021bare din programe na\u021bionale \u0219i plata unor cheltuieli stabilite prin hot\u0103r\u00e2ri judec\u0103tore\u0219ti\u201d, a mai declarat Adrian Ve\u0219tea.<\/p>\n","protected":false},"excerpt":{"rendered":"<p>Ministrul Dezvolt\u0103rii, Adrian Ve\u0219tea, a readus \u00een discu\u021bie reorganizarea administrativ\u0103, \u00een cadrul unei conferin\u021be despre educa\u021bie financiar\u0103 organizat\u0103 la sediul B\u0103ncii Na\u021bionale a Rom\u00e2niei. \u201eSus\u021bin ideea unei administra\u021bii mai suple, mai eficiente, cu mai pu\u021bine UAT-uri, prin reorganizarea administrativ-teritorial\u0103 a Rom\u00e2niei. Consider c\u0103 reorganizarea administrativ-teritorial\u0103 \u0219i regionalizarea ar putea contribui la consolidarea capacit\u0103\u021bii administrative la [&hellip;]<\/p>\n","protected":false},"author":1,"featured_media":3691,"comment_status":"open","ping_status":"closed","sticky":false,"template":"","format":"standard","meta":{"tdm_status":"","tdm_grid_status":"","footnotes":""},"categories":[14],"tags":[1671,640,1672],"class_list":{"0":"post-3690","1":"post","2":"type-post","3":"status-publish","4":"format-standard","5":"has-post-thumbnail","7":"category-lumea-noastra","8":"tag-adrian-vestea-2","9":"tag-ministerul-dezvoltarii","10":"tag-reorganziare-administrativa"},"yoast_head":"<!-- This site is optimized with the Yoast SEO plugin v27.5 - https:\/\/yoast.com\/product\/yoast-seo-wordpress\/ -->\n<title>Ministrul Dezvolt\u0103rii: Avem ora\u0219e mici \u0219i comune care cheltuiesc mai mult dec\u00e2t produc - Covasna45<\/title>\n<meta name=\"description\" content=\"Ministrul Dezvolt\u0103rii, Adrian Ve\u0219tea, a readus \u00een discu\u021bie reorganizarea administrativ\u0103, \u00een cadrul unei conferin\u021be.\" \/>\n<meta name=\"robots\" content=\"index, follow, max-snippet:-1, max-image-preview:large, max-video-preview:-1\" \/>\n<link rel=\"canonical\" href=\"https:\/\/covasna45.ro\/index.php\/lumea-noastra\/ministrul-dezvoltarii-avem-orase-mici-si-comune-care-cheltuiesc-mai-mult-decat-produc\/\" \/>\n<meta property=\"og:locale\" content=\"ro_RO\" \/>\n<meta property=\"og:type\" content=\"article\" \/>\n<meta property=\"og:title\" content=\"Ministrul Dezvolt\u0103rii: Avem ora\u0219e mici \u0219i comune care cheltuiesc mai mult dec\u00e2t produc - Covasna45\" \/>\n<meta property=\"og:description\" content=\"Ministrul Dezvolt\u0103rii, Adrian Ve\u0219tea, a readus \u00een discu\u021bie reorganizarea administrativ\u0103, \u00een cadrul unei conferin\u021be.\" \/>\n<meta property=\"og:url\" content=\"https:\/\/covasna45.ro\/index.php\/lumea-noastra\/ministrul-dezvoltarii-avem-orase-mici-si-comune-care-cheltuiesc-mai-mult-decat-produc\/\" \/>\n<meta property=\"og:site_name\" content=\"Covasna45\" \/>\n<meta property=\"article:published_time\" content=\"2023-10-31T09:23:45+00:00\" \/>\n<meta property=\"article:modified_time\" content=\"2023-10-31T09:23:46+00:00\" \/>\n<meta property=\"og:image\" content=\"https:\/\/covasna45.ro\/wp-content\/uploads\/2023\/10\/adrian-vestea.jpg\" \/>\n\t<meta property=\"og:image:width\" content=\"1600\" \/>\n\t<meta property=\"og:image:height\" content=\"1199\" \/>\n\t<meta property=\"og:image:type\" content=\"image\/jpeg\" \/>\n<meta name=\"author\" content=\"Covasna45\" \/>\n<meta name=\"twitter:card\" content=\"summary_large_image\" \/>\n<meta name=\"twitter:label1\" content=\"Scris de\" \/>\n\t<meta name=\"twitter:data1\" content=\"Covasna45\" \/>\n\t<meta name=\"twitter:label2\" content=\"Timp estimat pentru citire\" \/>\n\t<meta name=\"twitter:data2\" content=\"3 minute\" \/>\n<script type=\"application\/ld+json\" class=\"yoast-schema-graph\">{\"@context\":\"https:\\\/\\\/schema.org\",\"@graph\":[{\"@type\":\"Article\",\"@id\":\"https:\\\/\\\/covasna45.ro\\\/index.php\\\/lumea-noastra\\\/ministrul-dezvoltarii-avem-orase-mici-si-comune-care-cheltuiesc-mai-mult-decat-produc\\\/#article\",\"isPartOf\":{\"@id\":\"https:\\\/\\\/covasna45.ro\\\/index.php\\\/lumea-noastra\\\/ministrul-dezvoltarii-avem-orase-mici-si-comune-care-cheltuiesc-mai-mult-decat-produc\\\/\"},\"author\":{\"name\":\"Covasna45\",\"@id\":\"https:\\\/\\\/covasna45.ro\\\/#\\\/schema\\\/person\\\/e674052bd7d95d70bbb007a1060ab73c\"},\"headline\":\"Ministrul Dezvolt\u0103rii: Avem ora\u0219e mici \u0219i comune care cheltuiesc mai mult dec\u00e2t produc\",\"datePublished\":\"2023-10-31T09:23:45+00:00\",\"dateModified\":\"2023-10-31T09:23:46+00:00\",\"mainEntityOfPage\":{\"@id\":\"https:\\\/\\\/covasna45.ro\\\/index.php\\\/lumea-noastra\\\/ministrul-dezvoltarii-avem-orase-mici-si-comune-care-cheltuiesc-mai-mult-decat-produc\\\/\"},\"wordCount\":507,\"commentCount\":0,\"publisher\":{\"@id\":\"https:\\\/\\\/covasna45.ro\\\/#organization\"},\"image\":{\"@id\":\"https:\\\/\\\/covasna45.ro\\\/index.php\\\/lumea-noastra\\\/ministrul-dezvoltarii-avem-orase-mici-si-comune-care-cheltuiesc-mai-mult-decat-produc\\\/#primaryimage\"},\"thumbnailUrl\":\"https:\\\/\\\/covasna45.ro\\\/wp-content\\\/uploads\\\/2023\\\/10\\\/adrian-vestea.jpg\",\"keywords\":[\"Adrian Vestea\",\"Ministerul Dezvolt\u0103rii\",\"reorganziare administrativa\"],\"articleSection\":[\"Lumea noastr\u0103\"],\"inLanguage\":\"ro-RO\",\"potentialAction\":[{\"@type\":\"CommentAction\",\"name\":\"Comment\",\"target\":[\"https:\\\/\\\/covasna45.ro\\\/index.php\\\/lumea-noastra\\\/ministrul-dezvoltarii-avem-orase-mici-si-comune-care-cheltuiesc-mai-mult-decat-produc\\\/#respond\"]}]},{\"@type\":\"WebPage\",\"@id\":\"https:\\\/\\\/covasna45.ro\\\/index.php\\\/lumea-noastra\\\/ministrul-dezvoltarii-avem-orase-mici-si-comune-care-cheltuiesc-mai-mult-decat-produc\\\/\",\"url\":\"https:\\\/\\\/covasna45.ro\\\/index.php\\\/lumea-noastra\\\/ministrul-dezvoltarii-avem-orase-mici-si-comune-care-cheltuiesc-mai-mult-decat-produc\\\/\",\"name\":\"Ministrul Dezvolt\u0103rii: Avem ora\u0219e mici \u0219i comune care cheltuiesc mai mult dec\u00e2t produc - Covasna45\",\"isPartOf\":{\"@id\":\"https:\\\/\\\/covasna45.ro\\\/#website\"},\"primaryImageOfPage\":{\"@id\":\"https:\\\/\\\/covasna45.ro\\\/index.php\\\/lumea-noastra\\\/ministrul-dezvoltarii-avem-orase-mici-si-comune-care-cheltuiesc-mai-mult-decat-produc\\\/#primaryimage\"},\"image\":{\"@id\":\"https:\\\/\\\/covasna45.ro\\\/index.php\\\/lumea-noastra\\\/ministrul-dezvoltarii-avem-orase-mici-si-comune-care-cheltuiesc-mai-mult-decat-produc\\\/#primaryimage\"},\"thumbnailUrl\":\"https:\\\/\\\/covasna45.ro\\\/wp-content\\\/uploads\\\/2023\\\/10\\\/adrian-vestea.jpg\",\"datePublished\":\"2023-10-31T09:23:45+00:00\",\"dateModified\":\"2023-10-31T09:23:46+00:00\",\"description\":\"Ministrul Dezvolt\u0103rii, Adrian Ve\u0219tea, a readus \u00een discu\u021bie reorganizarea administrativ\u0103, \u00een cadrul unei conferin\u021be.\",\"breadcrumb\":{\"@id\":\"https:\\\/\\\/covasna45.ro\\\/index.php\\\/lumea-noastra\\\/ministrul-dezvoltarii-avem-orase-mici-si-comune-care-cheltuiesc-mai-mult-decat-produc\\\/#breadcrumb\"},\"inLanguage\":\"ro-RO\",\"potentialAction\":[{\"@type\":\"ReadAction\",\"target\":[\"https:\\\/\\\/covasna45.ro\\\/index.php\\\/lumea-noastra\\\/ministrul-dezvoltarii-avem-orase-mici-si-comune-care-cheltuiesc-mai-mult-decat-produc\\\/\"]}]},{\"@type\":\"ImageObject\",\"inLanguage\":\"ro-RO\",\"@id\":\"https:\\\/\\\/covasna45.ro\\\/index.php\\\/lumea-noastra\\\/ministrul-dezvoltarii-avem-orase-mici-si-comune-care-cheltuiesc-mai-mult-decat-produc\\\/#primaryimage\",\"url\":\"https:\\\/\\\/covasna45.ro\\\/wp-content\\\/uploads\\\/2023\\\/10\\\/adrian-vestea.jpg\",\"contentUrl\":\"https:\\\/\\\/covasna45.ro\\\/wp-content\\\/uploads\\\/2023\\\/10\\\/adrian-vestea.jpg\",\"width\":1600,\"height\":1199},{\"@type\":\"BreadcrumbList\",\"@id\":\"https:\\\/\\\/covasna45.ro\\\/index.php\\\/lumea-noastra\\\/ministrul-dezvoltarii-avem-orase-mici-si-comune-care-cheltuiesc-mai-mult-decat-produc\\\/#breadcrumb\",\"itemListElement\":[{\"@type\":\"ListItem\",\"position\":1,\"name\":\"Prima pagin\u0103\",\"item\":\"https:\\\/\\\/covasna45.ro\\\/\"},{\"@type\":\"ListItem\",\"position\":2,\"name\":\"Ministrul Dezvolt\u0103rii: Avem ora\u0219e mici \u0219i comune care cheltuiesc mai mult dec\u00e2t produc\"}]},{\"@type\":\"WebSite\",\"@id\":\"https:\\\/\\\/covasna45.ro\\\/#website\",\"url\":\"https:\\\/\\\/covasna45.ro\\\/\",\"name\":\"covasna45.ro\",\"description\":\"\",\"publisher\":{\"@id\":\"https:\\\/\\\/covasna45.ro\\\/#organization\"},\"potentialAction\":[{\"@type\":\"SearchAction\",\"target\":{\"@type\":\"EntryPoint\",\"urlTemplate\":\"https:\\\/\\\/covasna45.ro\\\/?s={search_term_string}\"},\"query-input\":{\"@type\":\"PropertyValueSpecification\",\"valueRequired\":true,\"valueName\":\"search_term_string\"}}],\"inLanguage\":\"ro-RO\"},{\"@type\":\"Organization\",\"@id\":\"https:\\\/\\\/covasna45.ro\\\/#organization\",\"name\":\"covasna45.ro\",\"url\":\"https:\\\/\\\/covasna45.ro\\\/\",\"logo\":{\"@type\":\"ImageObject\",\"inLanguage\":\"ro-RO\",\"@id\":\"https:\\\/\\\/covasna45.ro\\\/#\\\/schema\\\/logo\\\/image\\\/\",\"url\":\"https:\\\/\\\/covasna45.ro\\\/wp-content\\\/uploads\\\/2023\\\/01\\\/icon_logo.png\",\"contentUrl\":\"https:\\\/\\\/covasna45.ro\\\/wp-content\\\/uploads\\\/2023\\\/01\\\/icon_logo.png\",\"width\":1900,\"height\":1900,\"caption\":\"covasna45.ro\"},\"image\":{\"@id\":\"https:\\\/\\\/covasna45.ro\\\/#\\\/schema\\\/logo\\\/image\\\/\"}},{\"@type\":\"Person\",\"@id\":\"https:\\\/\\\/covasna45.ro\\\/#\\\/schema\\\/person\\\/e674052bd7d95d70bbb007a1060ab73c\",\"name\":\"Covasna45\",\"image\":{\"@type\":\"ImageObject\",\"inLanguage\":\"ro-RO\",\"@id\":\"https:\\\/\\\/covasna45.ro\\\/wp-content\\\/uploads\\\/2025\\\/10\\\/icon_logo_covasna45-150x150.png\",\"url\":\"https:\\\/\\\/covasna45.ro\\\/wp-content\\\/uploads\\\/2025\\\/10\\\/icon_logo_covasna45-150x150.png\",\"contentUrl\":\"https:\\\/\\\/covasna45.ro\\\/wp-content\\\/uploads\\\/2025\\\/10\\\/icon_logo_covasna45-150x150.png\",\"caption\":\"Covasna45\"},\"sameAs\":[\"https:\\\/\\\/covasna45.ro\"],\"url\":\"https:\\\/\\\/covasna45.ro\\\/index.php\\\/author\\\/covasna\\\/\"}]}<\/script>\n<!-- \/ Yoast SEO plugin. -->","yoast_head_json":{"title":"Ministrul Dezvolt\u0103rii: Avem ora\u0219e mici \u0219i comune care cheltuiesc mai mult dec\u00e2t produc - Covasna45","description":"Ministrul Dezvolt\u0103rii, Adrian Ve\u0219tea, a readus \u00een discu\u021bie reorganizarea administrativ\u0103, \u00een cadrul unei conferin\u021be.","robots":{"index":"index","follow":"follow","max-snippet":"max-snippet:-1","max-image-preview":"max-image-preview:large","max-video-preview":"max-video-preview:-1"},"canonical":"https:\/\/covasna45.ro\/index.php\/lumea-noastra\/ministrul-dezvoltarii-avem-orase-mici-si-comune-care-cheltuiesc-mai-mult-decat-produc\/","og_locale":"ro_RO","og_type":"article","og_title":"Ministrul Dezvolt\u0103rii: Avem ora\u0219e mici \u0219i comune care cheltuiesc mai mult dec\u00e2t produc - Covasna45","og_description":"Ministrul Dezvolt\u0103rii, Adrian Ve\u0219tea, a readus \u00een discu\u021bie reorganizarea administrativ\u0103, \u00een cadrul unei conferin\u021be.","og_url":"https:\/\/covasna45.ro\/index.php\/lumea-noastra\/ministrul-dezvoltarii-avem-orase-mici-si-comune-care-cheltuiesc-mai-mult-decat-produc\/","og_site_name":"Covasna45","article_published_time":"2023-10-31T09:23:45+00:00","article_modified_time":"2023-10-31T09:23:46+00:00","og_image":[{"width":1600,"height":1199,"url":"https:\/\/covasna45.ro\/wp-content\/uploads\/2023\/10\/adrian-vestea.jpg","type":"image\/jpeg"}],"author":"Covasna45","twitter_card":"summary_large_image","twitter_misc":{"Scris de":"Covasna45","Timp estimat pentru citire":"3 minute"},"schema":{"@context":"https:\/\/schema.org","@graph":[{"@type":"Article","@id":"https:\/\/covasna45.ro\/index.php\/lumea-noastra\/ministrul-dezvoltarii-avem-orase-mici-si-comune-care-cheltuiesc-mai-mult-decat-produc\/#article","isPartOf":{"@id":"https:\/\/covasna45.ro\/index.php\/lumea-noastra\/ministrul-dezvoltarii-avem-orase-mici-si-comune-care-cheltuiesc-mai-mult-decat-produc\/"},"author":{"name":"Covasna45","@id":"https:\/\/covasna45.ro\/#\/schema\/person\/e674052bd7d95d70bbb007a1060ab73c"},"headline":"Ministrul Dezvolt\u0103rii: Avem ora\u0219e mici \u0219i comune care cheltuiesc mai mult dec\u00e2t produc","datePublished":"2023-10-31T09:23:45+00:00","dateModified":"2023-10-31T09:23:46+00:00","mainEntityOfPage":{"@id":"https:\/\/covasna45.ro\/index.php\/lumea-noastra\/ministrul-dezvoltarii-avem-orase-mici-si-comune-care-cheltuiesc-mai-mult-decat-produc\/"},"wordCount":507,"commentCount":0,"publisher":{"@id":"https:\/\/covasna45.ro\/#organization"},"image":{"@id":"https:\/\/covasna45.ro\/index.php\/lumea-noastra\/ministrul-dezvoltarii-avem-orase-mici-si-comune-care-cheltuiesc-mai-mult-decat-produc\/#primaryimage"},"thumbnailUrl":"https:\/\/covasna45.ro\/wp-content\/uploads\/2023\/10\/adrian-vestea.jpg","keywords":["Adrian Vestea","Ministerul Dezvolt\u0103rii","reorganziare administrativa"],"articleSection":["Lumea noastr\u0103"],"inLanguage":"ro-RO","potentialAction":[{"@type":"CommentAction","name":"Comment","target":["https:\/\/covasna45.ro\/index.php\/lumea-noastra\/ministrul-dezvoltarii-avem-orase-mici-si-comune-care-cheltuiesc-mai-mult-decat-produc\/#respond"]}]},{"@type":"WebPage","@id":"https:\/\/covasna45.ro\/index.php\/lumea-noastra\/ministrul-dezvoltarii-avem-orase-mici-si-comune-care-cheltuiesc-mai-mult-decat-produc\/","url":"https:\/\/covasna45.ro\/index.php\/lumea-noastra\/ministrul-dezvoltarii-avem-orase-mici-si-comune-care-cheltuiesc-mai-mult-decat-produc\/","name":"Ministrul Dezvolt\u0103rii: Avem ora\u0219e mici \u0219i comune care cheltuiesc mai mult dec\u00e2t produc - Covasna45","isPartOf":{"@id":"https:\/\/covasna45.ro\/#website"},"primaryImageOfPage":{"@id":"https:\/\/covasna45.ro\/index.php\/lumea-noastra\/ministrul-dezvoltarii-avem-orase-mici-si-comune-care-cheltuiesc-mai-mult-decat-produc\/#primaryimage"},"image":{"@id":"https:\/\/covasna45.ro\/index.php\/lumea-noastra\/ministrul-dezvoltarii-avem-orase-mici-si-comune-care-cheltuiesc-mai-mult-decat-produc\/#primaryimage"},"thumbnailUrl":"https:\/\/covasna45.ro\/wp-content\/uploads\/2023\/10\/adrian-vestea.jpg","datePublished":"2023-10-31T09:23:45+00:00","dateModified":"2023-10-31T09:23:46+00:00","description":"Ministrul Dezvolt\u0103rii, Adrian Ve\u0219tea, a readus \u00een discu\u021bie reorganizarea administrativ\u0103, \u00een cadrul unei conferin\u021be.","breadcrumb":{"@id":"https:\/\/covasna45.ro\/index.php\/lumea-noastra\/ministrul-dezvoltarii-avem-orase-mici-si-comune-care-cheltuiesc-mai-mult-decat-produc\/#breadcrumb"},"inLanguage":"ro-RO","potentialAction":[{"@type":"ReadAction","target":["https:\/\/covasna45.ro\/index.php\/lumea-noastra\/ministrul-dezvoltarii-avem-orase-mici-si-comune-care-cheltuiesc-mai-mult-decat-produc\/"]}]},{"@type":"ImageObject","inLanguage":"ro-RO","@id":"https:\/\/covasna45.ro\/index.php\/lumea-noastra\/ministrul-dezvoltarii-avem-orase-mici-si-comune-care-cheltuiesc-mai-mult-decat-produc\/#primaryimage","url":"https:\/\/covasna45.ro\/wp-content\/uploads\/2023\/10\/adrian-vestea.jpg","contentUrl":"https:\/\/covasna45.ro\/wp-content\/uploads\/2023\/10\/adrian-vestea.jpg","width":1600,"height":1199},{"@type":"BreadcrumbList","@id":"https:\/\/covasna45.ro\/index.php\/lumea-noastra\/ministrul-dezvoltarii-avem-orase-mici-si-comune-care-cheltuiesc-mai-mult-decat-produc\/#breadcrumb","itemListElement":[{"@type":"ListItem","position":1,"name":"Prima pagin\u0103","item":"https:\/\/covasna45.ro\/"},{"@type":"ListItem","position":2,"name":"Ministrul Dezvolt\u0103rii: Avem ora\u0219e mici \u0219i comune care cheltuiesc mai mult dec\u00e2t produc"}]},{"@type":"WebSite","@id":"https:\/\/covasna45.ro\/#website","url":"https:\/\/covasna45.ro\/","name":"covasna45.ro","description":"","publisher":{"@id":"https:\/\/covasna45.ro\/#organization"},"potentialAction":[{"@type":"SearchAction","target":{"@type":"EntryPoint","urlTemplate":"https:\/\/covasna45.ro\/?s={search_term_string}"},"query-input":{"@type":"PropertyValueSpecification","valueRequired":true,"valueName":"search_term_string"}}],"inLanguage":"ro-RO"},{"@type":"Organization","@id":"https:\/\/covasna45.ro\/#organization","name":"covasna45.ro","url":"https:\/\/covasna45.ro\/","logo":{"@type":"ImageObject","inLanguage":"ro-RO","@id":"https:\/\/covasna45.ro\/#\/schema\/logo\/image\/","url":"https:\/\/covasna45.ro\/wp-content\/uploads\/2023\/01\/icon_logo.png","contentUrl":"https:\/\/covasna45.ro\/wp-content\/uploads\/2023\/01\/icon_logo.png","width":1900,"height":1900,"caption":"covasna45.ro"},"image":{"@id":"https:\/\/covasna45.ro\/#\/schema\/logo\/image\/"}},{"@type":"Person","@id":"https:\/\/covasna45.ro\/#\/schema\/person\/e674052bd7d95d70bbb007a1060ab73c","name":"Covasna45","image":{"@type":"ImageObject","inLanguage":"ro-RO","@id":"https:\/\/covasna45.ro\/wp-content\/uploads\/2025\/10\/icon_logo_covasna45-150x150.png","url":"https:\/\/covasna45.ro\/wp-content\/uploads\/2025\/10\/icon_logo_covasna45-150x150.png","contentUrl":"https:\/\/covasna45.ro\/wp-content\/uploads\/2025\/10\/icon_logo_covasna45-150x150.png","caption":"Covasna45"},"sameAs":["https:\/\/covasna45.ro"],"url":"https:\/\/covasna45.ro\/index.php\/author\/covasna\/"}]}},"_links":{"self":[{"href":"https:\/\/covasna45.ro\/index.php\/wp-json\/wp\/v2\/posts\/3690","targetHints":{"allow":["GET"]}}],"collection":[{"href":"https:\/\/covasna45.ro\/index.php\/wp-json\/wp\/v2\/posts"}],"about":[{"href":"https:\/\/covasna45.ro\/index.php\/wp-json\/wp\/v2\/types\/post"}],"author":[{"embeddable":true,"href":"https:\/\/covasna45.ro\/index.php\/wp-json\/wp\/v2\/users\/1"}],"replies":[{"embeddable":true,"href":"https:\/\/covasna45.ro\/index.php\/wp-json\/wp\/v2\/comments?post=3690"}],"version-history":[{"count":1,"href":"https:\/\/covasna45.ro\/index.php\/wp-json\/wp\/v2\/posts\/3690\/revisions"}],"predecessor-version":[{"id":3692,"href":"https:\/\/covasna45.ro\/index.php\/wp-json\/wp\/v2\/posts\/3690\/revisions\/3692"}],"wp:featuredmedia":[{"embeddable":true,"href":"https:\/\/covasna45.ro\/index.php\/wp-json\/wp\/v2\/media\/3691"}],"wp:attachment":[{"href":"https:\/\/covasna45.ro\/index.php\/wp-json\/wp\/v2\/media?parent=3690"}],"wp:term":[{"taxonomy":"category","embeddable":true,"href":"https:\/\/covasna45.ro\/index.php\/wp-json\/wp\/v2\/categories?post=3690"},{"taxonomy":"post_tag","embeddable":true,"href":"https:\/\/covasna45.ro\/index.php\/wp-json\/wp\/v2\/tags?post=3690"}],"curies":[{"name":"wp","href":"https:\/\/api.w.org\/{rel}","templated":true}]}}