{"id":3700,"date":"2023-11-01T10:32:39","date_gmt":"2023-11-01T08:32:39","guid":{"rendered":"https:\/\/covasna45.ro\/?p=3700"},"modified":"2023-11-01T10:32:41","modified_gmt":"2023-11-01T08:32:41","slug":"demnitarii-magistratii-sau-politistii-vor-putea-detine-un-numar-nelimitat-de-arme","status":"publish","type":"post","link":"https:\/\/covasna45.ro\/index.php\/lumea-noastra\/demnitarii-magistratii-sau-politistii-vor-putea-detine-un-numar-nelimitat-de-arme\/","title":{"rendered":"Demnitarii, magistra\u0163ii sau poli\u0163i\u015ftii vor putea de\u021bine un num\u0103r nelimitat de arme"},"content":{"rendered":"\n<p>Demnitarii, magistra\u0163ii, diploma\u0163ii, militarii \u015fi poli\u0163i\u015ftii vor putea de\u021bine un num\u0103r nelimitat de arme pentru autoap\u0103rare. Un proiect de lege \u00een acest sens a fost adoptat tacit de Senat. De asemenea, pot de\u021bine arme \u0219i inculpa\u021bii pentru diverse infrac\u021biuni cu inten\u021bie. Printre ace\u0219tia, inculpa\u021bii pentru proxenetism, \u0219antaj, trafic de persoane. Doar cei care au s\u0103v\u00e2r\u0219it fapte cu violen\u021b\u0103 sau au \u00eenc\u0103lcat regimul armelor \u0219i muni\u021biilor nu vor avea acest drept. <\/p>\n\n\n\n<h2 class=\"wp-block-heading\">\u00cen actuala lege, portul de arm\u0103 le este interzis tuturor inculpa\u021bilor, indiferent de infrac\u021biunea de care sunt acuza\u021bi.<\/h2>\n\n\n\n<p>Dup\u0103 ce a trecut tacit de Senat, proiectul de lege prin care persoanele autorizate vor putea de\u021bine un num\u0103r nelimitat de arme de paz\u0103 \u0219i ap\u0103rare se afl\u0103 \u00een dezbaterea Camerei Deputa\u021bilor. \u00cen prezent, acest num\u0103r este limitat la dou\u0103 arme de persoan\u0103.<\/p>\n\n\n\n<p>APADOR-CH a cerut Camerei Deputa\u021bilor s\u0103 renun\u021be complet la proiect sau m\u0103car la dou\u0103 dintre \u201ecele mai inadecvate articole\u201d. Organiza\u021bia cere renun\u021barea la articolul prin care posesorii de arme pot s\u0103 de\u021bin\u0103 un num\u0103r nelimitat de arme, comparativ cu doar dou\u0103 \u00een actuala lege. \u0218i de\u021binerea de arme de c\u0103tre inculpa\u021bi este contestat\u0103.<\/p>\n\n\n\n<h2 class=\"wp-block-heading\">Sunt mai multe categorii de persoane care vor putea de\u021bine un num\u0103r nelimitat de arme.<\/h2>\n\n\n\n<p>Conform proiectului, acestea sunt: <\/p>\n\n\n\n<ul class=\"wp-block-list\">\n<li>demnitarii, magistra\u0163ii, diploma\u0163ii, militarii \u015fi poli\u0163i\u015ftii, pe perioada c\u00e2t sunt \u00een activitate \u015fi dup\u0103 \u00eencetarea activit\u0103\u0163ii, pensionare, trecerea \u00een rezerv\u0103 sau retragere. <\/li>\n\n\n\n<li>persoanele prev\u0103zute de lege, care \u00eendeplinesc o func\u0163ie ce implic\u0103 exerci\u0163iul autorit\u0103\u0163ii publice, pe perioada \u00een care au aceast\u0103 calitate.<\/li>\n\n\n\n<li>persoanele incluse \u00een programe de protec\u0163ie a martorilor, pe perioada \u00een care au aceast\u0103 calitate.<\/li>\n<\/ul>\n\n\n\n<h2 class=\"wp-block-heading\">Argumentele APADOR-CH<\/h2>\n\n\n\n<p><strong><em>\u201eDin experien\u0163a \u0163\u0103rilor \u00een care regimul armelor este foarte relaxat rezult\u0103 c\u0103, din ce \u00een ce mai des, armele sunt implicate \u00een diverse incidente, la \u015fcoal\u0103, pe strad\u0103, \u00een magazine, soldate cu uciderea multor persoane. Nu este necesar ca aceast\u0103 experien\u0163\u0103 s\u0103 fie preluat\u0103 \u015fi \u00een Rom\u00e2nia.<\/em><\/strong><\/p>\n\n\n\n<p><strong><em>Eliminarea limitelor privitoare la num\u0103rul de arme care pot fi de\u021binute nu va face dec\u00e2t s\u0103 stimuleze folosirea armelor. De\u0163in\u0103torul unui arsenal \u00een locuin\u0163\u0103 va fi tentat s\u0103 \u00eel foloseasc\u0103. Nu au fost aduse argumente sau justific\u0103ri pentru ca legea s\u0103 permit\u0103 de\u0163inerea de arme \u201ef\u0103r\u0103 num\u0103r\u201d. Nu a fost identificat\u0103 \u015fi nici dovedit\u0103 o nevoie social\u0103 presant\u0103 \u00een acest sens.<\/em><\/strong><\/p>\n\n\n\n<h2 class=\"wp-block-heading\"><strong><em>\u00cen cazul \u00een care comer\u0163ul cu arme en detail se afl\u0103 \u00een impas, exist\u0103 solu\u0163ii de recalificare profesional\u0103.<\/em><\/strong><\/h2>\n\n\n\n<p><strong><em>De asemenea, nu este justificat\u0103 prin existen\u0163a unei nevoi sociale presante nici m\u0103sura propus\u0103 de eliminare a interdic\u021biei de a de\u021bine permis de port-arm\u0103 pentru cei inculpa\u0163i pentru comiterea oric\u0103rei fapte inten\u0163ionate (inclusiv, pentru proxenetism, \u0219antaj sau trafic de persoane) \u0219i o limitare a acestei interdic\u0163ii doar la cei inculpa\u0163i pentru fapte s\u0103v\u00e2r\u015fite cu violen\u0163\u0103 sau fapte privind regimul armelor \u015fi muni\u0163iilor. <\/em><\/strong><\/p>\n\n\n\n<p><strong><em>Dimpotriv\u0103, APADOR-CH consider\u0103 c\u0103 trebuie men\u0163inut\u0103 actuala interdic\u0163ie a de\u0163inerii unei arme de c\u0103tre o persoan\u0103 inculpat\u0103 pentru orice fapt\u0103 inten\u0163ionat\u0103.<\/em><\/strong><\/p>\n\n\n\n<p><strong><em>Propunerea legislativ\u0103 mai con\u0163ine \u015fi alte prevederi cu privire la care nu s-a demonstrat existen\u0163a unei nevoi sociale presante care s\u0103 justifice ini\u0163ierea de noi reguli\u201d,<\/em><\/strong> sus\u021bin cei de la APADOR-CH.<\/p>\n","protected":false},"excerpt":{"rendered":"<p>Demnitarii, magistra\u0163ii, diploma\u0163ii, militarii \u015fi poli\u0163i\u015ftii vor putea de\u021bine un num\u0103r nelimitat de arme pentru autoap\u0103rare. Un proiect de lege \u00een acest sens a fost adoptat tacit de Senat. De asemenea, pot de\u021bine arme \u0219i inculpa\u021bii pentru diverse infrac\u021biuni cu inten\u021bie. Printre ace\u0219tia, inculpa\u021bii pentru proxenetism, \u0219antaj, trafic de persoane. Doar cei care au s\u0103v\u00e2r\u0219it [&hellip;]<\/p>\n","protected":false},"author":1,"featured_media":3701,"comment_status":"open","ping_status":"closed","sticky":false,"template":"","format":"standard","meta":{"tdm_status":"","tdm_grid_status":"","footnotes":""},"categories":[14],"tags":[1675,1210,46,1674],"class_list":{"0":"post-3700","1":"post","2":"type-post","3":"status-publish","4":"format-standard","5":"has-post-thumbnail","7":"category-lumea-noastra","8":"tag-apador-ch","9":"tag-arme","10":"tag-lege","11":"tag-senat"},"yoast_head":"<!-- This site is optimized with the Yoast SEO plugin v27.5 - https:\/\/yoast.com\/product\/yoast-seo-wordpress\/ -->\n<title>Demnitarii, magistra\u0163ii sau poli\u0163i\u015ftii vor putea de\u021bine un num\u0103r nelimitat de arme - Covasna45<\/title>\n<meta name=\"description\" content=\"Demnitarii, magistra\u0163ii, diploma\u0163ii, militarii \u015fi poli\u0163i\u015ftii vor putea de\u021bine un num\u0103r nelimitat de arme pentru autoap\u0103rare.\" \/>\n<meta name=\"robots\" content=\"index, follow, max-snippet:-1, max-image-preview:large, max-video-preview:-1\" \/>\n<link rel=\"canonical\" href=\"https:\/\/covasna45.ro\/index.php\/lumea-noastra\/demnitarii-magistratii-sau-politistii-vor-putea-detine-un-numar-nelimitat-de-arme\/\" \/>\n<meta property=\"og:locale\" content=\"ro_RO\" \/>\n<meta property=\"og:type\" content=\"article\" \/>\n<meta property=\"og:title\" content=\"Demnitarii, magistra\u0163ii sau poli\u0163i\u015ftii vor putea de\u021bine un num\u0103r nelimitat de arme - Covasna45\" \/>\n<meta property=\"og:description\" content=\"Demnitarii, magistra\u0163ii, diploma\u0163ii, militarii \u015fi poli\u0163i\u015ftii vor putea de\u021bine un num\u0103r nelimitat de arme pentru autoap\u0103rare.\" \/>\n<meta property=\"og:url\" content=\"https:\/\/covasna45.ro\/index.php\/lumea-noastra\/demnitarii-magistratii-sau-politistii-vor-putea-detine-un-numar-nelimitat-de-arme\/\" \/>\n<meta property=\"og:site_name\" content=\"Covasna45\" \/>\n<meta property=\"article:published_time\" content=\"2023-11-01T08:32:39+00:00\" \/>\n<meta property=\"article:modified_time\" content=\"2023-11-01T08:32:41+00:00\" \/>\n<meta property=\"og:image\" content=\"https:\/\/covasna45.ro\/wp-content\/uploads\/2023\/11\/arme.jpg\" \/>\n\t<meta property=\"og:image:width\" content=\"1349\" \/>\n\t<meta property=\"og:image:height\" content=\"900\" \/>\n\t<meta property=\"og:image:type\" content=\"image\/jpeg\" \/>\n<meta name=\"author\" content=\"Covasna45\" \/>\n<meta name=\"twitter:card\" content=\"summary_large_image\" \/>\n<meta name=\"twitter:label1\" content=\"Scris de\" \/>\n\t<meta name=\"twitter:data1\" content=\"Covasna45\" \/>\n\t<meta name=\"twitter:label2\" content=\"Timp estimat pentru citire\" \/>\n\t<meta name=\"twitter:data2\" content=\"3 minute\" \/>\n<script type=\"application\/ld+json\" class=\"yoast-schema-graph\">{\"@context\":\"https:\\\/\\\/schema.org\",\"@graph\":[{\"@type\":\"Article\",\"@id\":\"https:\\\/\\\/covasna45.ro\\\/index.php\\\/lumea-noastra\\\/demnitarii-magistratii-sau-politistii-vor-putea-detine-un-numar-nelimitat-de-arme\\\/#article\",\"isPartOf\":{\"@id\":\"https:\\\/\\\/covasna45.ro\\\/index.php\\\/lumea-noastra\\\/demnitarii-magistratii-sau-politistii-vor-putea-detine-un-numar-nelimitat-de-arme\\\/\"},\"author\":{\"name\":\"Covasna45\",\"@id\":\"https:\\\/\\\/covasna45.ro\\\/#\\\/schema\\\/person\\\/e674052bd7d95d70bbb007a1060ab73c\"},\"headline\":\"Demnitarii, magistra\u0163ii sau poli\u0163i\u015ftii vor putea de\u021bine un num\u0103r nelimitat de arme\",\"datePublished\":\"2023-11-01T08:32:39+00:00\",\"dateModified\":\"2023-11-01T08:32:41+00:00\",\"mainEntityOfPage\":{\"@id\":\"https:\\\/\\\/covasna45.ro\\\/index.php\\\/lumea-noastra\\\/demnitarii-magistratii-sau-politistii-vor-putea-detine-un-numar-nelimitat-de-arme\\\/\"},\"wordCount\":603,\"commentCount\":2,\"publisher\":{\"@id\":\"https:\\\/\\\/covasna45.ro\\\/#organization\"},\"image\":{\"@id\":\"https:\\\/\\\/covasna45.ro\\\/index.php\\\/lumea-noastra\\\/demnitarii-magistratii-sau-politistii-vor-putea-detine-un-numar-nelimitat-de-arme\\\/#primaryimage\"},\"thumbnailUrl\":\"https:\\\/\\\/covasna45.ro\\\/wp-content\\\/uploads\\\/2023\\\/11\\\/arme.jpg\",\"keywords\":[\"APADOR-CH\",\"Arme\",\"lege\",\"Senat\"],\"articleSection\":[\"Lumea noastr\u0103\"],\"inLanguage\":\"ro-RO\",\"potentialAction\":[{\"@type\":\"CommentAction\",\"name\":\"Comment\",\"target\":[\"https:\\\/\\\/covasna45.ro\\\/index.php\\\/lumea-noastra\\\/demnitarii-magistratii-sau-politistii-vor-putea-detine-un-numar-nelimitat-de-arme\\\/#respond\"]}]},{\"@type\":\"WebPage\",\"@id\":\"https:\\\/\\\/covasna45.ro\\\/index.php\\\/lumea-noastra\\\/demnitarii-magistratii-sau-politistii-vor-putea-detine-un-numar-nelimitat-de-arme\\\/\",\"url\":\"https:\\\/\\\/covasna45.ro\\\/index.php\\\/lumea-noastra\\\/demnitarii-magistratii-sau-politistii-vor-putea-detine-un-numar-nelimitat-de-arme\\\/\",\"name\":\"Demnitarii, magistra\u0163ii sau poli\u0163i\u015ftii vor putea de\u021bine un num\u0103r nelimitat de arme - Covasna45\",\"isPartOf\":{\"@id\":\"https:\\\/\\\/covasna45.ro\\\/#website\"},\"primaryImageOfPage\":{\"@id\":\"https:\\\/\\\/covasna45.ro\\\/index.php\\\/lumea-noastra\\\/demnitarii-magistratii-sau-politistii-vor-putea-detine-un-numar-nelimitat-de-arme\\\/#primaryimage\"},\"image\":{\"@id\":\"https:\\\/\\\/covasna45.ro\\\/index.php\\\/lumea-noastra\\\/demnitarii-magistratii-sau-politistii-vor-putea-detine-un-numar-nelimitat-de-arme\\\/#primaryimage\"},\"thumbnailUrl\":\"https:\\\/\\\/covasna45.ro\\\/wp-content\\\/uploads\\\/2023\\\/11\\\/arme.jpg\",\"datePublished\":\"2023-11-01T08:32:39+00:00\",\"dateModified\":\"2023-11-01T08:32:41+00:00\",\"description\":\"Demnitarii, magistra\u0163ii, diploma\u0163ii, militarii \u015fi poli\u0163i\u015ftii vor putea de\u021bine un num\u0103r nelimitat de arme pentru autoap\u0103rare.\",\"breadcrumb\":{\"@id\":\"https:\\\/\\\/covasna45.ro\\\/index.php\\\/lumea-noastra\\\/demnitarii-magistratii-sau-politistii-vor-putea-detine-un-numar-nelimitat-de-arme\\\/#breadcrumb\"},\"inLanguage\":\"ro-RO\",\"potentialAction\":[{\"@type\":\"ReadAction\",\"target\":[\"https:\\\/\\\/covasna45.ro\\\/index.php\\\/lumea-noastra\\\/demnitarii-magistratii-sau-politistii-vor-putea-detine-un-numar-nelimitat-de-arme\\\/\"]}]},{\"@type\":\"ImageObject\",\"inLanguage\":\"ro-RO\",\"@id\":\"https:\\\/\\\/covasna45.ro\\\/index.php\\\/lumea-noastra\\\/demnitarii-magistratii-sau-politistii-vor-putea-detine-un-numar-nelimitat-de-arme\\\/#primaryimage\",\"url\":\"https:\\\/\\\/covasna45.ro\\\/wp-content\\\/uploads\\\/2023\\\/11\\\/arme.jpg\",\"contentUrl\":\"https:\\\/\\\/covasna45.ro\\\/wp-content\\\/uploads\\\/2023\\\/11\\\/arme.jpg\",\"width\":1349,\"height\":900},{\"@type\":\"BreadcrumbList\",\"@id\":\"https:\\\/\\\/covasna45.ro\\\/index.php\\\/lumea-noastra\\\/demnitarii-magistratii-sau-politistii-vor-putea-detine-un-numar-nelimitat-de-arme\\\/#breadcrumb\",\"itemListElement\":[{\"@type\":\"ListItem\",\"position\":1,\"name\":\"Prima pagin\u0103\",\"item\":\"https:\\\/\\\/covasna45.ro\\\/\"},{\"@type\":\"ListItem\",\"position\":2,\"name\":\"Demnitarii, magistra\u0163ii sau poli\u0163i\u015ftii vor putea de\u021bine un num\u0103r nelimitat de arme\"}]},{\"@type\":\"WebSite\",\"@id\":\"https:\\\/\\\/covasna45.ro\\\/#website\",\"url\":\"https:\\\/\\\/covasna45.ro\\\/\",\"name\":\"covasna45.ro\",\"description\":\"\",\"publisher\":{\"@id\":\"https:\\\/\\\/covasna45.ro\\\/#organization\"},\"potentialAction\":[{\"@type\":\"SearchAction\",\"target\":{\"@type\":\"EntryPoint\",\"urlTemplate\":\"https:\\\/\\\/covasna45.ro\\\/?s={search_term_string}\"},\"query-input\":{\"@type\":\"PropertyValueSpecification\",\"valueRequired\":true,\"valueName\":\"search_term_string\"}}],\"inLanguage\":\"ro-RO\"},{\"@type\":\"Organization\",\"@id\":\"https:\\\/\\\/covasna45.ro\\\/#organization\",\"name\":\"covasna45.ro\",\"url\":\"https:\\\/\\\/covasna45.ro\\\/\",\"logo\":{\"@type\":\"ImageObject\",\"inLanguage\":\"ro-RO\",\"@id\":\"https:\\\/\\\/covasna45.ro\\\/#\\\/schema\\\/logo\\\/image\\\/\",\"url\":\"https:\\\/\\\/covasna45.ro\\\/wp-content\\\/uploads\\\/2023\\\/01\\\/icon_logo.png\",\"contentUrl\":\"https:\\\/\\\/covasna45.ro\\\/wp-content\\\/uploads\\\/2023\\\/01\\\/icon_logo.png\",\"width\":1900,\"height\":1900,\"caption\":\"covasna45.ro\"},\"image\":{\"@id\":\"https:\\\/\\\/covasna45.ro\\\/#\\\/schema\\\/logo\\\/image\\\/\"}},{\"@type\":\"Person\",\"@id\":\"https:\\\/\\\/covasna45.ro\\\/#\\\/schema\\\/person\\\/e674052bd7d95d70bbb007a1060ab73c\",\"name\":\"Covasna45\",\"image\":{\"@type\":\"ImageObject\",\"inLanguage\":\"ro-RO\",\"@id\":\"https:\\\/\\\/covasna45.ro\\\/wp-content\\\/uploads\\\/2025\\\/10\\\/icon_logo_covasna45-150x150.png\",\"url\":\"https:\\\/\\\/covasna45.ro\\\/wp-content\\\/uploads\\\/2025\\\/10\\\/icon_logo_covasna45-150x150.png\",\"contentUrl\":\"https:\\\/\\\/covasna45.ro\\\/wp-content\\\/uploads\\\/2025\\\/10\\\/icon_logo_covasna45-150x150.png\",\"caption\":\"Covasna45\"},\"sameAs\":[\"https:\\\/\\\/covasna45.ro\"],\"url\":\"https:\\\/\\\/covasna45.ro\\\/index.php\\\/author\\\/covasna\\\/\"}]}<\/script>\n<!-- \/ Yoast SEO plugin. -->","yoast_head_json":{"title":"Demnitarii, magistra\u0163ii sau poli\u0163i\u015ftii vor putea de\u021bine un num\u0103r nelimitat de arme - Covasna45","description":"Demnitarii, magistra\u0163ii, diploma\u0163ii, militarii \u015fi poli\u0163i\u015ftii vor putea de\u021bine un num\u0103r nelimitat de arme pentru autoap\u0103rare.","robots":{"index":"index","follow":"follow","max-snippet":"max-snippet:-1","max-image-preview":"max-image-preview:large","max-video-preview":"max-video-preview:-1"},"canonical":"https:\/\/covasna45.ro\/index.php\/lumea-noastra\/demnitarii-magistratii-sau-politistii-vor-putea-detine-un-numar-nelimitat-de-arme\/","og_locale":"ro_RO","og_type":"article","og_title":"Demnitarii, magistra\u0163ii sau poli\u0163i\u015ftii vor putea de\u021bine un num\u0103r nelimitat de arme - Covasna45","og_description":"Demnitarii, magistra\u0163ii, diploma\u0163ii, militarii \u015fi poli\u0163i\u015ftii vor putea de\u021bine un num\u0103r nelimitat de arme pentru autoap\u0103rare.","og_url":"https:\/\/covasna45.ro\/index.php\/lumea-noastra\/demnitarii-magistratii-sau-politistii-vor-putea-detine-un-numar-nelimitat-de-arme\/","og_site_name":"Covasna45","article_published_time":"2023-11-01T08:32:39+00:00","article_modified_time":"2023-11-01T08:32:41+00:00","og_image":[{"width":1349,"height":900,"url":"https:\/\/covasna45.ro\/wp-content\/uploads\/2023\/11\/arme.jpg","type":"image\/jpeg"}],"author":"Covasna45","twitter_card":"summary_large_image","twitter_misc":{"Scris de":"Covasna45","Timp estimat pentru citire":"3 minute"},"schema":{"@context":"https:\/\/schema.org","@graph":[{"@type":"Article","@id":"https:\/\/covasna45.ro\/index.php\/lumea-noastra\/demnitarii-magistratii-sau-politistii-vor-putea-detine-un-numar-nelimitat-de-arme\/#article","isPartOf":{"@id":"https:\/\/covasna45.ro\/index.php\/lumea-noastra\/demnitarii-magistratii-sau-politistii-vor-putea-detine-un-numar-nelimitat-de-arme\/"},"author":{"name":"Covasna45","@id":"https:\/\/covasna45.ro\/#\/schema\/person\/e674052bd7d95d70bbb007a1060ab73c"},"headline":"Demnitarii, magistra\u0163ii sau poli\u0163i\u015ftii vor putea de\u021bine un num\u0103r nelimitat de arme","datePublished":"2023-11-01T08:32:39+00:00","dateModified":"2023-11-01T08:32:41+00:00","mainEntityOfPage":{"@id":"https:\/\/covasna45.ro\/index.php\/lumea-noastra\/demnitarii-magistratii-sau-politistii-vor-putea-detine-un-numar-nelimitat-de-arme\/"},"wordCount":603,"commentCount":2,"publisher":{"@id":"https:\/\/covasna45.ro\/#organization"},"image":{"@id":"https:\/\/covasna45.ro\/index.php\/lumea-noastra\/demnitarii-magistratii-sau-politistii-vor-putea-detine-un-numar-nelimitat-de-arme\/#primaryimage"},"thumbnailUrl":"https:\/\/covasna45.ro\/wp-content\/uploads\/2023\/11\/arme.jpg","keywords":["APADOR-CH","Arme","lege","Senat"],"articleSection":["Lumea noastr\u0103"],"inLanguage":"ro-RO","potentialAction":[{"@type":"CommentAction","name":"Comment","target":["https:\/\/covasna45.ro\/index.php\/lumea-noastra\/demnitarii-magistratii-sau-politistii-vor-putea-detine-un-numar-nelimitat-de-arme\/#respond"]}]},{"@type":"WebPage","@id":"https:\/\/covasna45.ro\/index.php\/lumea-noastra\/demnitarii-magistratii-sau-politistii-vor-putea-detine-un-numar-nelimitat-de-arme\/","url":"https:\/\/covasna45.ro\/index.php\/lumea-noastra\/demnitarii-magistratii-sau-politistii-vor-putea-detine-un-numar-nelimitat-de-arme\/","name":"Demnitarii, magistra\u0163ii sau poli\u0163i\u015ftii vor putea de\u021bine un num\u0103r nelimitat de arme - Covasna45","isPartOf":{"@id":"https:\/\/covasna45.ro\/#website"},"primaryImageOfPage":{"@id":"https:\/\/covasna45.ro\/index.php\/lumea-noastra\/demnitarii-magistratii-sau-politistii-vor-putea-detine-un-numar-nelimitat-de-arme\/#primaryimage"},"image":{"@id":"https:\/\/covasna45.ro\/index.php\/lumea-noastra\/demnitarii-magistratii-sau-politistii-vor-putea-detine-un-numar-nelimitat-de-arme\/#primaryimage"},"thumbnailUrl":"https:\/\/covasna45.ro\/wp-content\/uploads\/2023\/11\/arme.jpg","datePublished":"2023-11-01T08:32:39+00:00","dateModified":"2023-11-01T08:32:41+00:00","description":"Demnitarii, magistra\u0163ii, diploma\u0163ii, militarii \u015fi poli\u0163i\u015ftii vor putea de\u021bine un num\u0103r nelimitat de arme pentru autoap\u0103rare.","breadcrumb":{"@id":"https:\/\/covasna45.ro\/index.php\/lumea-noastra\/demnitarii-magistratii-sau-politistii-vor-putea-detine-un-numar-nelimitat-de-arme\/#breadcrumb"},"inLanguage":"ro-RO","potentialAction":[{"@type":"ReadAction","target":["https:\/\/covasna45.ro\/index.php\/lumea-noastra\/demnitarii-magistratii-sau-politistii-vor-putea-detine-un-numar-nelimitat-de-arme\/"]}]},{"@type":"ImageObject","inLanguage":"ro-RO","@id":"https:\/\/covasna45.ro\/index.php\/lumea-noastra\/demnitarii-magistratii-sau-politistii-vor-putea-detine-un-numar-nelimitat-de-arme\/#primaryimage","url":"https:\/\/covasna45.ro\/wp-content\/uploads\/2023\/11\/arme.jpg","contentUrl":"https:\/\/covasna45.ro\/wp-content\/uploads\/2023\/11\/arme.jpg","width":1349,"height":900},{"@type":"BreadcrumbList","@id":"https:\/\/covasna45.ro\/index.php\/lumea-noastra\/demnitarii-magistratii-sau-politistii-vor-putea-detine-un-numar-nelimitat-de-arme\/#breadcrumb","itemListElement":[{"@type":"ListItem","position":1,"name":"Prima pagin\u0103","item":"https:\/\/covasna45.ro\/"},{"@type":"ListItem","position":2,"name":"Demnitarii, magistra\u0163ii sau poli\u0163i\u015ftii vor putea de\u021bine un num\u0103r nelimitat de arme"}]},{"@type":"WebSite","@id":"https:\/\/covasna45.ro\/#website","url":"https:\/\/covasna45.ro\/","name":"covasna45.ro","description":"","publisher":{"@id":"https:\/\/covasna45.ro\/#organization"},"potentialAction":[{"@type":"SearchAction","target":{"@type":"EntryPoint","urlTemplate":"https:\/\/covasna45.ro\/?s={search_term_string}"},"query-input":{"@type":"PropertyValueSpecification","valueRequired":true,"valueName":"search_term_string"}}],"inLanguage":"ro-RO"},{"@type":"Organization","@id":"https:\/\/covasna45.ro\/#organization","name":"covasna45.ro","url":"https:\/\/covasna45.ro\/","logo":{"@type":"ImageObject","inLanguage":"ro-RO","@id":"https:\/\/covasna45.ro\/#\/schema\/logo\/image\/","url":"https:\/\/covasna45.ro\/wp-content\/uploads\/2023\/01\/icon_logo.png","contentUrl":"https:\/\/covasna45.ro\/wp-content\/uploads\/2023\/01\/icon_logo.png","width":1900,"height":1900,"caption":"covasna45.ro"},"image":{"@id":"https:\/\/covasna45.ro\/#\/schema\/logo\/image\/"}},{"@type":"Person","@id":"https:\/\/covasna45.ro\/#\/schema\/person\/e674052bd7d95d70bbb007a1060ab73c","name":"Covasna45","image":{"@type":"ImageObject","inLanguage":"ro-RO","@id":"https:\/\/covasna45.ro\/wp-content\/uploads\/2025\/10\/icon_logo_covasna45-150x150.png","url":"https:\/\/covasna45.ro\/wp-content\/uploads\/2025\/10\/icon_logo_covasna45-150x150.png","contentUrl":"https:\/\/covasna45.ro\/wp-content\/uploads\/2025\/10\/icon_logo_covasna45-150x150.png","caption":"Covasna45"},"sameAs":["https:\/\/covasna45.ro"],"url":"https:\/\/covasna45.ro\/index.php\/author\/covasna\/"}]}},"_links":{"self":[{"href":"https:\/\/covasna45.ro\/index.php\/wp-json\/wp\/v2\/posts\/3700","targetHints":{"allow":["GET"]}}],"collection":[{"href":"https:\/\/covasna45.ro\/index.php\/wp-json\/wp\/v2\/posts"}],"about":[{"href":"https:\/\/covasna45.ro\/index.php\/wp-json\/wp\/v2\/types\/post"}],"author":[{"embeddable":true,"href":"https:\/\/covasna45.ro\/index.php\/wp-json\/wp\/v2\/users\/1"}],"replies":[{"embeddable":true,"href":"https:\/\/covasna45.ro\/index.php\/wp-json\/wp\/v2\/comments?post=3700"}],"version-history":[{"count":1,"href":"https:\/\/covasna45.ro\/index.php\/wp-json\/wp\/v2\/posts\/3700\/revisions"}],"predecessor-version":[{"id":3702,"href":"https:\/\/covasna45.ro\/index.php\/wp-json\/wp\/v2\/posts\/3700\/revisions\/3702"}],"wp:featuredmedia":[{"embeddable":true,"href":"https:\/\/covasna45.ro\/index.php\/wp-json\/wp\/v2\/media\/3701"}],"wp:attachment":[{"href":"https:\/\/covasna45.ro\/index.php\/wp-json\/wp\/v2\/media?parent=3700"}],"wp:term":[{"taxonomy":"category","embeddable":true,"href":"https:\/\/covasna45.ro\/index.php\/wp-json\/wp\/v2\/categories?post=3700"},{"taxonomy":"post_tag","embeddable":true,"href":"https:\/\/covasna45.ro\/index.php\/wp-json\/wp\/v2\/tags?post=3700"}],"curies":[{"name":"wp","href":"https:\/\/api.w.org\/{rel}","templated":true}]}}