{"id":3703,"date":"2023-11-01T10:51:08","date_gmt":"2023-11-01T08:51:08","guid":{"rendered":"https:\/\/covasna45.ro\/?p=3703"},"modified":"2023-11-01T10:51:10","modified_gmt":"2023-11-01T08:51:10","slug":"noua-lege-a-pensiilor-femeile-si-barbatii-vor-iesi-la-pensie-la-65-de-ani","status":"publish","type":"post","link":"https:\/\/covasna45.ro\/index.php\/lumea-noastra\/noua-lege-a-pensiilor-femeile-si-barbatii-vor-iesi-la-pensie-la-65-de-ani\/","title":{"rendered":"Noua Lege a pensiilor: femeile \u0219i b\u0103rba\u021bii vor ie\u0219i la pensie la 65 de ani"},"content":{"rendered":"\n<p>Stagiul minim contributiv de cotizare pentru a beneficia de pensie pentru limit\u0103 de v\u00e2rst\u0103 va fi de 15 ani. P\u00e2n\u0103 \u00een 2035, v\u00e2rsta de pensionare va fi aceea\u0219i pentru femei \u0219i b\u0103rba\u021bi, respectiv 65 de ani. Pentru a beneficia de pensie anticipat\u0103, este necesar un stagiu complet de cotizare contributiv de 35 de ani. Acestea sunt o parte din prevederile noii legi a pensiilor, convenite \u00een Coali\u021bie.<\/p>\n\n\n\n<p>Potrivit noului proiect de lege, stagiile de cotizare peste 25 de ani vor fi r\u0103spl\u0103tite cu puncte suplimentare. <br>&#8211; 0,50 puncte\/an pentru anii de contributivitate din intervalul 26-30 inclusiv.<br>&#8211; 0,75 puncte\/an pentru anii de contributivitate din intervalul 31-35 inclusiv.<br>&#8211; 1 punct\/an \u00eencep\u00e2nd cu anul 36 de contributivitate.<\/p>\n\n\n\n<p>Vor fi calculate la pensie \u0219i sporurile nepermanente contributive. Adic\u0103,  acordul global, plata cu ora, al treisprezecelea salariu, premiile etc.<\/p>\n\n\n\n<h2 class=\"wp-block-heading\">Facilit\u0103\u021bi la pensie pentru femeile cu mai mul\u021bi copii<\/h2>\n\n\n\n<p>Femeile cu mai mul\u021bi copii vor beneficia de reducerea v\u00e2rstei standard de pensionare. Astfel, reducerile pentru mamele care au n\u0103scut \u0219i crescut copii cel pu\u021bin p\u00e2n\u0103 la v\u00e2rsta de 16 ani sunt:<br>&#8211; Un copil: 6 luni.<br>&#8211; Doi copii: un an.<br>&#8211; Trei copii: un an \u0219i \u0219ase luni.<br>&#8211; Patru copii: doi ani.<br>&#8211; Cinci copii: doi ani \u0219i \u0219ase luni.<br>&#8211; \u0218ase copii: trei ani.<br>&#8211; \u0218apte copii sau mai mul\u021bi: trei ani \u0219i \u0219ase luni.<\/p>\n\n\n\n<p>Reducerea v\u00e2rstei de pensionare se aplic\u0103 \u0219i \u00een cazul femeilor care au adoptat copii \u0219i i-au crescut minim 14 ani.<\/p>\n\n\n\n<p>Persoanele care lucreaz\u0103 \u00een condi\u021bii de handicap grav sau accentuat vor primi o suplimentare a num\u0103rului de puncte. Adic\u0103, 0,5 puncte \u0219i, respectiv, 0,25 puncte pentru fiecare an.<\/p>\n\n\n\n<h2 class=\"wp-block-heading\">Noua formul\u0103 de calcul a pensiei<\/h2>\n\n\n\n<p>Pensia va fi egal\u0103 cu valoarea punctului de referin\u021b\u0103 \u00eenmul\u021bit cu num\u0103rul de puncte. Valoarea punctului de referin\u021b\u0103 reprezint\u0103 valoarea punctului de pensie \u00eemp\u0103r\u021bit la 25. Num\u0103rul total de puncte de pensie este format din num\u0103rul de puncte contributive, necontributive \u0219i de stabilitate.<\/p>\n\n\n\n<p>\u00cen termen de \u0219ase luni vor fi recalculate toate pensiile aflate \u00een plat\u0103 pentru care exist\u0103 la dosar documente cu sporuri\/venituri contributive nepermanente. La calculul pensiei va fi avut \u00een vedere venitul brut pentru care s-a re\u021binut contribu\u021bia de asigur\u0103ri sociale.<\/p>\n\n\n\n<p>\u00cen situa\u021bia \u00een care, din diverse motive, nu se poate face dovada acestor venituri brute cu documente, la calculul punctajelor se utilizeaz\u0103, ca \u0219i \u00een prezent, salariile din carnetul de munc\u0103 \u0219i sporurile permanente.<\/p>\n\n\n\n<p>Formula de majorare are \u00een vedere rata medie anual\u0103 a infla\u021biei, la care se adaug\u0103 50% din cre\u0219terea real\u0103 a c\u00e2\u0219tigului salarial mediu brut realizat, indicatori definitivi, cunoscu\u021bi \u00een anul curent pentru anul calendaristic anterior. <\/p>\n\n\n\n<p>Procentul de majorare \u0219i data de acordare se stabilesc anual prin legea bugetului asigur\u0103rilor sociale de stat. Bugetul va fi stabilit \u00een func\u021bie de veniturile la BASS \u0219i infla\u021bia estimat\u0103 de INS din anul precedent.<\/p>\n\n\n\n<p>\u00cencep\u00e2nd cu data intr\u0103rii \u00een vigoare a noii legi, cuantumul indemniza\u021biei va fi majorat anual cu acela\u0219i mecanism de majorare a pensiilor publice.<\/p>\n\n\n\n<p>Proiectul urmeaz\u0103 s\u0103 intre \u00een dezbatere public\u0103 \u00een urm\u0103toarele 10 zile. Parlamentul are termen de adoptare p\u00e2n\u0103 la 29 noiembrie. Legea ar urma s\u0103 intre \u00een vigoare de la 1 ianuarie 2024. \u00cen prima etap\u0103, pensiile vor cre\u0219te de la 1 ianuarie cu 13.8%. O nou\u0103 majorare va avea loc la 1 septembrie 2024.<\/p>\n\n\n\n<p>Foto:<a href=\"https:\/\/pxhere.com\/\"> pxhere.com<\/a><\/p>\n","protected":false},"excerpt":{"rendered":"<p>Stagiul minim contributiv de cotizare pentru a beneficia de pensie pentru limit\u0103 de v\u00e2rst\u0103 va fi de 15 ani. P\u00e2n\u0103 \u00een 2035, v\u00e2rsta de pensionare va fi aceea\u0219i pentru femei \u0219i b\u0103rba\u021bi, respectiv 65 de ani. Pentru a beneficia de pensie anticipat\u0103, este necesar un stagiu complet de cotizare contributiv de 35 de ani. Acestea [&hellip;]<\/p>\n","protected":false},"author":1,"featured_media":3704,"comment_status":"open","ping_status":"closed","sticky":false,"template":"","format":"standard","meta":{"tdm_status":"","tdm_grid_status":"","footnotes":""},"categories":[14],"tags":[287,46,225,1676],"class_list":{"0":"post-3703","1":"post","2":"type-post","3":"status-publish","4":"format-standard","5":"has-post-thumbnail","7":"category-lumea-noastra","8":"tag-contributivitate","9":"tag-lege","10":"tag-pensie","11":"tag-puncte-de-pensie"},"yoast_head":"<!-- This site is optimized with the Yoast SEO plugin v27.5 - https:\/\/yoast.com\/product\/yoast-seo-wordpress\/ -->\n<title>Noua Lege a pensiilor: femeile \u0219i b\u0103rba\u021bii vor ie\u0219i la pensie la 65 de ani - Covasna45<\/title>\n<meta name=\"description\" content=\"Stagiul minim contributiv de cotizare pentru a beneficia de pensie pentru limit\u0103 de v\u00e2rst\u0103 va fi de 15 ani.\" \/>\n<meta name=\"robots\" content=\"index, follow, max-snippet:-1, max-image-preview:large, max-video-preview:-1\" \/>\n<link rel=\"canonical\" href=\"https:\/\/covasna45.ro\/index.php\/lumea-noastra\/noua-lege-a-pensiilor-femeile-si-barbatii-vor-iesi-la-pensie-la-65-de-ani\/\" \/>\n<meta property=\"og:locale\" content=\"ro_RO\" \/>\n<meta property=\"og:type\" content=\"article\" \/>\n<meta property=\"og:title\" content=\"Noua Lege a pensiilor: femeile \u0219i b\u0103rba\u021bii vor ie\u0219i la pensie la 65 de ani - Covasna45\" \/>\n<meta property=\"og:description\" content=\"Stagiul minim contributiv de cotizare pentru a beneficia de pensie pentru limit\u0103 de v\u00e2rst\u0103 va fi de 15 ani.\" \/>\n<meta property=\"og:url\" content=\"https:\/\/covasna45.ro\/index.php\/lumea-noastra\/noua-lege-a-pensiilor-femeile-si-barbatii-vor-iesi-la-pensie-la-65-de-ani\/\" \/>\n<meta property=\"og:site_name\" content=\"Covasna45\" \/>\n<meta property=\"article:published_time\" content=\"2023-11-01T08:51:08+00:00\" \/>\n<meta property=\"article:modified_time\" content=\"2023-11-01T08:51:10+00:00\" \/>\n<meta property=\"og:image\" content=\"https:\/\/covasna45.ro\/wp-content\/uploads\/2023\/11\/pensie.jpg\" \/>\n\t<meta property=\"og:image:width\" content=\"1350\" \/>\n\t<meta property=\"og:image:height\" content=\"900\" \/>\n\t<meta property=\"og:image:type\" content=\"image\/jpeg\" \/>\n<meta name=\"author\" content=\"Covasna45\" \/>\n<meta name=\"twitter:card\" content=\"summary_large_image\" \/>\n<meta name=\"twitter:label1\" content=\"Scris de\" \/>\n\t<meta name=\"twitter:data1\" content=\"Covasna45\" \/>\n\t<meta name=\"twitter:label2\" content=\"Timp estimat pentru citire\" \/>\n\t<meta name=\"twitter:data2\" content=\"3 minute\" \/>\n<script type=\"application\/ld+json\" class=\"yoast-schema-graph\">{\"@context\":\"https:\\\/\\\/schema.org\",\"@graph\":[{\"@type\":\"Article\",\"@id\":\"https:\\\/\\\/covasna45.ro\\\/index.php\\\/lumea-noastra\\\/noua-lege-a-pensiilor-femeile-si-barbatii-vor-iesi-la-pensie-la-65-de-ani\\\/#article\",\"isPartOf\":{\"@id\":\"https:\\\/\\\/covasna45.ro\\\/index.php\\\/lumea-noastra\\\/noua-lege-a-pensiilor-femeile-si-barbatii-vor-iesi-la-pensie-la-65-de-ani\\\/\"},\"author\":{\"name\":\"Covasna45\",\"@id\":\"https:\\\/\\\/covasna45.ro\\\/#\\\/schema\\\/person\\\/e674052bd7d95d70bbb007a1060ab73c\"},\"headline\":\"Noua Lege a pensiilor: femeile \u0219i b\u0103rba\u021bii vor ie\u0219i la pensie la 65 de ani\",\"datePublished\":\"2023-11-01T08:51:08+00:00\",\"dateModified\":\"2023-11-01T08:51:10+00:00\",\"mainEntityOfPage\":{\"@id\":\"https:\\\/\\\/covasna45.ro\\\/index.php\\\/lumea-noastra\\\/noua-lege-a-pensiilor-femeile-si-barbatii-vor-iesi-la-pensie-la-65-de-ani\\\/\"},\"wordCount\":589,\"commentCount\":0,\"publisher\":{\"@id\":\"https:\\\/\\\/covasna45.ro\\\/#organization\"},\"image\":{\"@id\":\"https:\\\/\\\/covasna45.ro\\\/index.php\\\/lumea-noastra\\\/noua-lege-a-pensiilor-femeile-si-barbatii-vor-iesi-la-pensie-la-65-de-ani\\\/#primaryimage\"},\"thumbnailUrl\":\"https:\\\/\\\/covasna45.ro\\\/wp-content\\\/uploads\\\/2023\\\/11\\\/pensie.jpg\",\"keywords\":[\"Contributivitate\",\"lege\",\"Pensie\",\"Puncte de pensie\"],\"articleSection\":[\"Lumea noastr\u0103\"],\"inLanguage\":\"ro-RO\",\"potentialAction\":[{\"@type\":\"CommentAction\",\"name\":\"Comment\",\"target\":[\"https:\\\/\\\/covasna45.ro\\\/index.php\\\/lumea-noastra\\\/noua-lege-a-pensiilor-femeile-si-barbatii-vor-iesi-la-pensie-la-65-de-ani\\\/#respond\"]}]},{\"@type\":\"WebPage\",\"@id\":\"https:\\\/\\\/covasna45.ro\\\/index.php\\\/lumea-noastra\\\/noua-lege-a-pensiilor-femeile-si-barbatii-vor-iesi-la-pensie-la-65-de-ani\\\/\",\"url\":\"https:\\\/\\\/covasna45.ro\\\/index.php\\\/lumea-noastra\\\/noua-lege-a-pensiilor-femeile-si-barbatii-vor-iesi-la-pensie-la-65-de-ani\\\/\",\"name\":\"Noua Lege a pensiilor: femeile \u0219i b\u0103rba\u021bii vor ie\u0219i la pensie la 65 de ani - Covasna45\",\"isPartOf\":{\"@id\":\"https:\\\/\\\/covasna45.ro\\\/#website\"},\"primaryImageOfPage\":{\"@id\":\"https:\\\/\\\/covasna45.ro\\\/index.php\\\/lumea-noastra\\\/noua-lege-a-pensiilor-femeile-si-barbatii-vor-iesi-la-pensie-la-65-de-ani\\\/#primaryimage\"},\"image\":{\"@id\":\"https:\\\/\\\/covasna45.ro\\\/index.php\\\/lumea-noastra\\\/noua-lege-a-pensiilor-femeile-si-barbatii-vor-iesi-la-pensie-la-65-de-ani\\\/#primaryimage\"},\"thumbnailUrl\":\"https:\\\/\\\/covasna45.ro\\\/wp-content\\\/uploads\\\/2023\\\/11\\\/pensie.jpg\",\"datePublished\":\"2023-11-01T08:51:08+00:00\",\"dateModified\":\"2023-11-01T08:51:10+00:00\",\"description\":\"Stagiul minim contributiv de cotizare pentru a beneficia de pensie pentru limit\u0103 de v\u00e2rst\u0103 va fi de 15 ani.\",\"breadcrumb\":{\"@id\":\"https:\\\/\\\/covasna45.ro\\\/index.php\\\/lumea-noastra\\\/noua-lege-a-pensiilor-femeile-si-barbatii-vor-iesi-la-pensie-la-65-de-ani\\\/#breadcrumb\"},\"inLanguage\":\"ro-RO\",\"potentialAction\":[{\"@type\":\"ReadAction\",\"target\":[\"https:\\\/\\\/covasna45.ro\\\/index.php\\\/lumea-noastra\\\/noua-lege-a-pensiilor-femeile-si-barbatii-vor-iesi-la-pensie-la-65-de-ani\\\/\"]}]},{\"@type\":\"ImageObject\",\"inLanguage\":\"ro-RO\",\"@id\":\"https:\\\/\\\/covasna45.ro\\\/index.php\\\/lumea-noastra\\\/noua-lege-a-pensiilor-femeile-si-barbatii-vor-iesi-la-pensie-la-65-de-ani\\\/#primaryimage\",\"url\":\"https:\\\/\\\/covasna45.ro\\\/wp-content\\\/uploads\\\/2023\\\/11\\\/pensie.jpg\",\"contentUrl\":\"https:\\\/\\\/covasna45.ro\\\/wp-content\\\/uploads\\\/2023\\\/11\\\/pensie.jpg\",\"width\":1350,\"height\":900},{\"@type\":\"BreadcrumbList\",\"@id\":\"https:\\\/\\\/covasna45.ro\\\/index.php\\\/lumea-noastra\\\/noua-lege-a-pensiilor-femeile-si-barbatii-vor-iesi-la-pensie-la-65-de-ani\\\/#breadcrumb\",\"itemListElement\":[{\"@type\":\"ListItem\",\"position\":1,\"name\":\"Prima pagin\u0103\",\"item\":\"https:\\\/\\\/covasna45.ro\\\/\"},{\"@type\":\"ListItem\",\"position\":2,\"name\":\"Noua Lege a pensiilor: femeile \u0219i b\u0103rba\u021bii vor ie\u0219i la pensie la 65 de ani\"}]},{\"@type\":\"WebSite\",\"@id\":\"https:\\\/\\\/covasna45.ro\\\/#website\",\"url\":\"https:\\\/\\\/covasna45.ro\\\/\",\"name\":\"covasna45.ro\",\"description\":\"\",\"publisher\":{\"@id\":\"https:\\\/\\\/covasna45.ro\\\/#organization\"},\"potentialAction\":[{\"@type\":\"SearchAction\",\"target\":{\"@type\":\"EntryPoint\",\"urlTemplate\":\"https:\\\/\\\/covasna45.ro\\\/?s={search_term_string}\"},\"query-input\":{\"@type\":\"PropertyValueSpecification\",\"valueRequired\":true,\"valueName\":\"search_term_string\"}}],\"inLanguage\":\"ro-RO\"},{\"@type\":\"Organization\",\"@id\":\"https:\\\/\\\/covasna45.ro\\\/#organization\",\"name\":\"covasna45.ro\",\"url\":\"https:\\\/\\\/covasna45.ro\\\/\",\"logo\":{\"@type\":\"ImageObject\",\"inLanguage\":\"ro-RO\",\"@id\":\"https:\\\/\\\/covasna45.ro\\\/#\\\/schema\\\/logo\\\/image\\\/\",\"url\":\"https:\\\/\\\/covasna45.ro\\\/wp-content\\\/uploads\\\/2023\\\/01\\\/icon_logo.png\",\"contentUrl\":\"https:\\\/\\\/covasna45.ro\\\/wp-content\\\/uploads\\\/2023\\\/01\\\/icon_logo.png\",\"width\":1900,\"height\":1900,\"caption\":\"covasna45.ro\"},\"image\":{\"@id\":\"https:\\\/\\\/covasna45.ro\\\/#\\\/schema\\\/logo\\\/image\\\/\"}},{\"@type\":\"Person\",\"@id\":\"https:\\\/\\\/covasna45.ro\\\/#\\\/schema\\\/person\\\/e674052bd7d95d70bbb007a1060ab73c\",\"name\":\"Covasna45\",\"image\":{\"@type\":\"ImageObject\",\"inLanguage\":\"ro-RO\",\"@id\":\"https:\\\/\\\/covasna45.ro\\\/wp-content\\\/uploads\\\/2025\\\/10\\\/icon_logo_covasna45-150x150.png\",\"url\":\"https:\\\/\\\/covasna45.ro\\\/wp-content\\\/uploads\\\/2025\\\/10\\\/icon_logo_covasna45-150x150.png\",\"contentUrl\":\"https:\\\/\\\/covasna45.ro\\\/wp-content\\\/uploads\\\/2025\\\/10\\\/icon_logo_covasna45-150x150.png\",\"caption\":\"Covasna45\"},\"sameAs\":[\"https:\\\/\\\/covasna45.ro\"],\"url\":\"https:\\\/\\\/covasna45.ro\\\/index.php\\\/author\\\/covasna\\\/\"}]}<\/script>\n<!-- \/ Yoast SEO plugin. -->","yoast_head_json":{"title":"Noua Lege a pensiilor: femeile \u0219i b\u0103rba\u021bii vor ie\u0219i la pensie la 65 de ani - Covasna45","description":"Stagiul minim contributiv de cotizare pentru a beneficia de pensie pentru limit\u0103 de v\u00e2rst\u0103 va fi de 15 ani.","robots":{"index":"index","follow":"follow","max-snippet":"max-snippet:-1","max-image-preview":"max-image-preview:large","max-video-preview":"max-video-preview:-1"},"canonical":"https:\/\/covasna45.ro\/index.php\/lumea-noastra\/noua-lege-a-pensiilor-femeile-si-barbatii-vor-iesi-la-pensie-la-65-de-ani\/","og_locale":"ro_RO","og_type":"article","og_title":"Noua Lege a pensiilor: femeile \u0219i b\u0103rba\u021bii vor ie\u0219i la pensie la 65 de ani - Covasna45","og_description":"Stagiul minim contributiv de cotizare pentru a beneficia de pensie pentru limit\u0103 de v\u00e2rst\u0103 va fi de 15 ani.","og_url":"https:\/\/covasna45.ro\/index.php\/lumea-noastra\/noua-lege-a-pensiilor-femeile-si-barbatii-vor-iesi-la-pensie-la-65-de-ani\/","og_site_name":"Covasna45","article_published_time":"2023-11-01T08:51:08+00:00","article_modified_time":"2023-11-01T08:51:10+00:00","og_image":[{"width":1350,"height":900,"url":"https:\/\/covasna45.ro\/wp-content\/uploads\/2023\/11\/pensie.jpg","type":"image\/jpeg"}],"author":"Covasna45","twitter_card":"summary_large_image","twitter_misc":{"Scris de":"Covasna45","Timp estimat pentru citire":"3 minute"},"schema":{"@context":"https:\/\/schema.org","@graph":[{"@type":"Article","@id":"https:\/\/covasna45.ro\/index.php\/lumea-noastra\/noua-lege-a-pensiilor-femeile-si-barbatii-vor-iesi-la-pensie-la-65-de-ani\/#article","isPartOf":{"@id":"https:\/\/covasna45.ro\/index.php\/lumea-noastra\/noua-lege-a-pensiilor-femeile-si-barbatii-vor-iesi-la-pensie-la-65-de-ani\/"},"author":{"name":"Covasna45","@id":"https:\/\/covasna45.ro\/#\/schema\/person\/e674052bd7d95d70bbb007a1060ab73c"},"headline":"Noua Lege a pensiilor: femeile \u0219i b\u0103rba\u021bii vor ie\u0219i la pensie la 65 de ani","datePublished":"2023-11-01T08:51:08+00:00","dateModified":"2023-11-01T08:51:10+00:00","mainEntityOfPage":{"@id":"https:\/\/covasna45.ro\/index.php\/lumea-noastra\/noua-lege-a-pensiilor-femeile-si-barbatii-vor-iesi-la-pensie-la-65-de-ani\/"},"wordCount":589,"commentCount":0,"publisher":{"@id":"https:\/\/covasna45.ro\/#organization"},"image":{"@id":"https:\/\/covasna45.ro\/index.php\/lumea-noastra\/noua-lege-a-pensiilor-femeile-si-barbatii-vor-iesi-la-pensie-la-65-de-ani\/#primaryimage"},"thumbnailUrl":"https:\/\/covasna45.ro\/wp-content\/uploads\/2023\/11\/pensie.jpg","keywords":["Contributivitate","lege","Pensie","Puncte de pensie"],"articleSection":["Lumea noastr\u0103"],"inLanguage":"ro-RO","potentialAction":[{"@type":"CommentAction","name":"Comment","target":["https:\/\/covasna45.ro\/index.php\/lumea-noastra\/noua-lege-a-pensiilor-femeile-si-barbatii-vor-iesi-la-pensie-la-65-de-ani\/#respond"]}]},{"@type":"WebPage","@id":"https:\/\/covasna45.ro\/index.php\/lumea-noastra\/noua-lege-a-pensiilor-femeile-si-barbatii-vor-iesi-la-pensie-la-65-de-ani\/","url":"https:\/\/covasna45.ro\/index.php\/lumea-noastra\/noua-lege-a-pensiilor-femeile-si-barbatii-vor-iesi-la-pensie-la-65-de-ani\/","name":"Noua Lege a pensiilor: femeile \u0219i b\u0103rba\u021bii vor ie\u0219i la pensie la 65 de ani - Covasna45","isPartOf":{"@id":"https:\/\/covasna45.ro\/#website"},"primaryImageOfPage":{"@id":"https:\/\/covasna45.ro\/index.php\/lumea-noastra\/noua-lege-a-pensiilor-femeile-si-barbatii-vor-iesi-la-pensie-la-65-de-ani\/#primaryimage"},"image":{"@id":"https:\/\/covasna45.ro\/index.php\/lumea-noastra\/noua-lege-a-pensiilor-femeile-si-barbatii-vor-iesi-la-pensie-la-65-de-ani\/#primaryimage"},"thumbnailUrl":"https:\/\/covasna45.ro\/wp-content\/uploads\/2023\/11\/pensie.jpg","datePublished":"2023-11-01T08:51:08+00:00","dateModified":"2023-11-01T08:51:10+00:00","description":"Stagiul minim contributiv de cotizare pentru a beneficia de pensie pentru limit\u0103 de v\u00e2rst\u0103 va fi de 15 ani.","breadcrumb":{"@id":"https:\/\/covasna45.ro\/index.php\/lumea-noastra\/noua-lege-a-pensiilor-femeile-si-barbatii-vor-iesi-la-pensie-la-65-de-ani\/#breadcrumb"},"inLanguage":"ro-RO","potentialAction":[{"@type":"ReadAction","target":["https:\/\/covasna45.ro\/index.php\/lumea-noastra\/noua-lege-a-pensiilor-femeile-si-barbatii-vor-iesi-la-pensie-la-65-de-ani\/"]}]},{"@type":"ImageObject","inLanguage":"ro-RO","@id":"https:\/\/covasna45.ro\/index.php\/lumea-noastra\/noua-lege-a-pensiilor-femeile-si-barbatii-vor-iesi-la-pensie-la-65-de-ani\/#primaryimage","url":"https:\/\/covasna45.ro\/wp-content\/uploads\/2023\/11\/pensie.jpg","contentUrl":"https:\/\/covasna45.ro\/wp-content\/uploads\/2023\/11\/pensie.jpg","width":1350,"height":900},{"@type":"BreadcrumbList","@id":"https:\/\/covasna45.ro\/index.php\/lumea-noastra\/noua-lege-a-pensiilor-femeile-si-barbatii-vor-iesi-la-pensie-la-65-de-ani\/#breadcrumb","itemListElement":[{"@type":"ListItem","position":1,"name":"Prima pagin\u0103","item":"https:\/\/covasna45.ro\/"},{"@type":"ListItem","position":2,"name":"Noua Lege a pensiilor: femeile \u0219i b\u0103rba\u021bii vor ie\u0219i la pensie la 65 de ani"}]},{"@type":"WebSite","@id":"https:\/\/covasna45.ro\/#website","url":"https:\/\/covasna45.ro\/","name":"covasna45.ro","description":"","publisher":{"@id":"https:\/\/covasna45.ro\/#organization"},"potentialAction":[{"@type":"SearchAction","target":{"@type":"EntryPoint","urlTemplate":"https:\/\/covasna45.ro\/?s={search_term_string}"},"query-input":{"@type":"PropertyValueSpecification","valueRequired":true,"valueName":"search_term_string"}}],"inLanguage":"ro-RO"},{"@type":"Organization","@id":"https:\/\/covasna45.ro\/#organization","name":"covasna45.ro","url":"https:\/\/covasna45.ro\/","logo":{"@type":"ImageObject","inLanguage":"ro-RO","@id":"https:\/\/covasna45.ro\/#\/schema\/logo\/image\/","url":"https:\/\/covasna45.ro\/wp-content\/uploads\/2023\/01\/icon_logo.png","contentUrl":"https:\/\/covasna45.ro\/wp-content\/uploads\/2023\/01\/icon_logo.png","width":1900,"height":1900,"caption":"covasna45.ro"},"image":{"@id":"https:\/\/covasna45.ro\/#\/schema\/logo\/image\/"}},{"@type":"Person","@id":"https:\/\/covasna45.ro\/#\/schema\/person\/e674052bd7d95d70bbb007a1060ab73c","name":"Covasna45","image":{"@type":"ImageObject","inLanguage":"ro-RO","@id":"https:\/\/covasna45.ro\/wp-content\/uploads\/2025\/10\/icon_logo_covasna45-150x150.png","url":"https:\/\/covasna45.ro\/wp-content\/uploads\/2025\/10\/icon_logo_covasna45-150x150.png","contentUrl":"https:\/\/covasna45.ro\/wp-content\/uploads\/2025\/10\/icon_logo_covasna45-150x150.png","caption":"Covasna45"},"sameAs":["https:\/\/covasna45.ro"],"url":"https:\/\/covasna45.ro\/index.php\/author\/covasna\/"}]}},"_links":{"self":[{"href":"https:\/\/covasna45.ro\/index.php\/wp-json\/wp\/v2\/posts\/3703","targetHints":{"allow":["GET"]}}],"collection":[{"href":"https:\/\/covasna45.ro\/index.php\/wp-json\/wp\/v2\/posts"}],"about":[{"href":"https:\/\/covasna45.ro\/index.php\/wp-json\/wp\/v2\/types\/post"}],"author":[{"embeddable":true,"href":"https:\/\/covasna45.ro\/index.php\/wp-json\/wp\/v2\/users\/1"}],"replies":[{"embeddable":true,"href":"https:\/\/covasna45.ro\/index.php\/wp-json\/wp\/v2\/comments?post=3703"}],"version-history":[{"count":1,"href":"https:\/\/covasna45.ro\/index.php\/wp-json\/wp\/v2\/posts\/3703\/revisions"}],"predecessor-version":[{"id":3705,"href":"https:\/\/covasna45.ro\/index.php\/wp-json\/wp\/v2\/posts\/3703\/revisions\/3705"}],"wp:featuredmedia":[{"embeddable":true,"href":"https:\/\/covasna45.ro\/index.php\/wp-json\/wp\/v2\/media\/3704"}],"wp:attachment":[{"href":"https:\/\/covasna45.ro\/index.php\/wp-json\/wp\/v2\/media?parent=3703"}],"wp:term":[{"taxonomy":"category","embeddable":true,"href":"https:\/\/covasna45.ro\/index.php\/wp-json\/wp\/v2\/categories?post=3703"},{"taxonomy":"post_tag","embeddable":true,"href":"https:\/\/covasna45.ro\/index.php\/wp-json\/wp\/v2\/tags?post=3703"}],"curies":[{"name":"wp","href":"https:\/\/api.w.org\/{rel}","templated":true}]}}