{"id":3709,"date":"2023-11-01T11:41:45","date_gmt":"2023-11-01T09:41:45","guid":{"rendered":"https:\/\/covasna45.ro\/?p=3709"},"modified":"2023-11-01T11:41:47","modified_gmt":"2023-11-01T09:41:47","slug":"laszlo-dioszegi-baga-echipa-in-sedinta","status":"publish","type":"post","link":"https:\/\/covasna45.ro\/index.php\/sport\/laszlo-dioszegi-baga-echipa-in-sedinta\/","title":{"rendered":"L\u00e1szl\u00f3 Di\u00f3szegi bag\u0103 echipa \u00een \u0219edin\u021b\u0103"},"content":{"rendered":"\n<p>Corvinul Hunedoara a \u00eenvins-o pe Sepsi OSK, scor 1-0, \u00een runda secund\u0103 a grupei A din Cupa Rom\u00e2niei Betano. De\u021bin\u0103toarea trofeului, a p\u0103r\u0103sit Cupa Rom\u00e2niei Betano \u00eenc\u0103 din faza grupelor. L\u00e1szl\u00f3 Di\u00f3szegi spune c\u0103 la echip\u0103 este haos. Juc\u0103torii se pl\u00e2ng de multe lucruri, iar staff-ul pare dep\u0103\u0219it de situa\u021bie. O discu\u021bie l\u0103muritoare ar urma s\u0103 aib\u0103 loc \u00een cursul zilei de ast\u0103zi.<\/p>\n\n\n\n<h2 class=\"wp-block-heading\">L\u00e1szl\u00f3 Di\u00f3szegi: <strong><em>\u201eAm auzit c\u0103 exist\u0103 o problem\u0103!\u201d<\/em><\/strong><\/h2>\n\n\n\n<p><strong><em>\u201eSunt foarte sup\u0103rat. Atitudinea juc\u0103torilor, a tuturor, las\u0103 de dorit. Juc\u0103torii au crezut c\u0103 sunt \u00eenving\u0103tori \u00eenainte de a \u00eencepe meciul \u015fi s-a v\u0103zut. A fost o victorie total meritat\u0103 a Corvinului, \u00eei felicit.<\/em><\/strong><\/p>\n\n\n\n<p><strong><em>Asta trebuiau s\u0103 fac\u0103 \u015fi juc\u0103torii mei. Noi suntem o echip\u0103 din prima lig\u0103 \u015fi ne-am l\u0103sat dominat\u0103 de cea din Liga 2, care ataca \u015fi la 1-0 \u00een minutul 80. Echipa noastr\u0103 n-a jucat absolut deloc.<br>A\u015fa am auzit c\u0103 exist\u0103 o problem\u0103 \u015fi \u00eentre juc\u0103tori, \u00eencerc s\u0103 vorbesc m\u00e2ine cu ei s\u0103 v\u0103d despre ce e vorba. Nu se \u00een\u0163eleg juc\u0103torii. A\u015fa se aude. Nimeni nu mi-a zis clar, dar asta mi-au dat de \u00een\u0163eles.<\/em><\/strong><\/p>\n\n\n\n<p><strong><em>M\u00e2ine o s\u0103 mergem s\u0103 discut\u0103m \u015fi cu ei, nu mi se pare normal\u0103 atitudinea juc\u0103torilor \u015fi ceva trebuie s\u0103 schimb\u0103m. Dac\u0103 a\u015fa mergem mai departe, vor veni e\u015fecuri pe linie\u201d,<\/em><\/strong> a spus L\u00e1szl\u00f3 Di\u00f3szegi.<\/p>\n\n\n\n<h2 class=\"wp-block-heading\">Ciobotariu, \u00een vizorul conducerii \u00a0<\/h2>\n\n\n\n<p><strong><em>\u201eNormal c\u0103 \u015fi staff-ul trebuie s\u0103 \u015ftie despre acest lucru. Am auzit, dar m\u00e2ine m\u0103 duc s\u0103 vorbesc cu cei care sunt acolo, s\u0103 vedem care sunt problemele \u015fi ce putem rezolva. Am sprijinit \u015fi staff-ul, \u015fi juc\u0103torii, dar a\u015fa nu mai merge.<\/em><\/strong><\/p>\n\n\n\n<p><strong><em>Am auzit lucruri nefire\u015fti, c\u0103 de ce am dormit \u00een Hunedoara la hotel de 4 stele \u015fi nu la 5 stele&#8230; Nu mi se pare normal. Noi am dat condi\u0163ii de primele cinci echipe din prima lig\u0103 \u015fi nu mi se pare normal ca juc\u0103torii s\u0103 aib\u0103 asemenea discu\u0163ii.<\/em><\/strong><\/p>\n\n\n\n<p><strong><em>Nu \u015ftiu care sunt juc\u0103torii, dar \u015fti\u0163i c\u0103 se afl\u0103. Oricum, m\u00e2ine discut cu toat\u0103 lumea s\u0103 v\u0103d care sunt problemele lor. Cu primele \u015fi salariile suntem la zi, nu au ce s\u0103 spun\u0103&#8221;<\/em><\/strong>, a transmis Di\u00f3szegi.<\/p>\n\n\n\n<h2 class=\"wp-block-heading\">Cosmin Matei s-a certat cu staff-ul.<\/h2>\n\n\n\n<p>\u00cen minutul 14 al partidei de la Hunedoara, Cosmin Matei a fost \u00eenlocuit cu Sherif Kallaku. Finan\u021batorul lui Sepsi OSK a explicat ce s-a \u00eent\u00e2mplat. A fost un conflict \u00eentre fotbalist \u0219i staff.<\/p>\n\n\n\n<p><strong><em>\u201eMatei n-a fost accidentat, a fost o ceart\u0103 \u00eentre el \u015fi staff-ul tehnic. A\u015fa am auzit, c\u0103 nu el trebuia s\u0103 execute lovitura liber\u0103. M\u00e2ine voi \u015fti mai multe detalii, dar Matei nu s-a accidentat. Eu am auzit doar zvonuri, nu pot s\u0103 dau nume, c\u0103 nu \u015ftiu. Dar \u015ftiu c\u0103 lucrurile nu sunt ok. Ce am v\u0103zut ast\u0103zi, n-avem nicio \u015fans\u0103 la play-off\u201d,<\/em><\/strong> a mai spus L\u00e1szl\u00f3 Di\u00f3szegi.\u00a0<\/p>\n","protected":false},"excerpt":{"rendered":"<p>Corvinul Hunedoara a \u00eenvins-o pe Sepsi OSK, scor 1-0, \u00een runda secund\u0103 a grupei A din Cupa Rom\u00e2niei Betano. De\u021bin\u0103toarea trofeului, a p\u0103r\u0103sit Cupa Rom\u00e2niei Betano \u00eenc\u0103 din faza grupelor. L\u00e1szl\u00f3 Di\u00f3szegi spune c\u0103 la echip\u0103 este haos. Juc\u0103torii se pl\u00e2ng de multe lucruri, iar staff-ul pare dep\u0103\u0219it de situa\u021bie. O discu\u021bie l\u0103muritoare ar urma [&hellip;]<\/p>\n","protected":false},"author":1,"featured_media":3710,"comment_status":"open","ping_status":"closed","sticky":false,"template":"","format":"standard","meta":{"tdm_status":"","tdm_grid_status":"","footnotes":""},"categories":[17],"tags":[1093,350,705,60],"class_list":{"0":"post-3709","1":"post","2":"type-post","3":"status-publish","4":"format-standard","5":"has-post-thumbnail","7":"category-sport","8":"tag-cosmin-matei","9":"tag-laszlo-dioszegi","10":"tag-liviu-ciobotariu","11":"tag-sepsi-osk"},"yoast_head":"<!-- This site is optimized with the Yoast SEO plugin v27.5 - https:\/\/yoast.com\/product\/yoast-seo-wordpress\/ -->\n<title>L\u00e1szl\u00f3 Di\u00f3szegi bag\u0103 echipa \u00een \u0219edin\u021b\u0103 - Covasna45<\/title>\n<meta name=\"description\" content=\"L\u00e1szl\u00f3 Di\u00f3szegi: \u201eAm auzit c\u0103 exist\u0103 o problem\u0103! Sunt foarte sup\u0103rat. Atitudinea juc\u0103torilor, a tuturor, las\u0103 de dorit.\" \/>\n<meta name=\"robots\" content=\"index, follow, max-snippet:-1, max-image-preview:large, max-video-preview:-1\" \/>\n<link rel=\"canonical\" href=\"https:\/\/covasna45.ro\/index.php\/sport\/laszlo-dioszegi-baga-echipa-in-sedinta\/\" \/>\n<meta property=\"og:locale\" content=\"ro_RO\" \/>\n<meta property=\"og:type\" content=\"article\" \/>\n<meta property=\"og:title\" content=\"L\u00e1szl\u00f3 Di\u00f3szegi bag\u0103 echipa \u00een \u0219edin\u021b\u0103 - Covasna45\" \/>\n<meta property=\"og:description\" content=\"L\u00e1szl\u00f3 Di\u00f3szegi: \u201eAm auzit c\u0103 exist\u0103 o problem\u0103! Sunt foarte sup\u0103rat. Atitudinea juc\u0103torilor, a tuturor, las\u0103 de dorit.\" \/>\n<meta property=\"og:url\" content=\"https:\/\/covasna45.ro\/index.php\/sport\/laszlo-dioszegi-baga-echipa-in-sedinta\/\" \/>\n<meta property=\"og:site_name\" content=\"Covasna45\" \/>\n<meta property=\"article:published_time\" content=\"2023-11-01T09:41:45+00:00\" \/>\n<meta property=\"article:modified_time\" content=\"2023-11-01T09:41:47+00:00\" \/>\n<meta property=\"og:image\" content=\"https:\/\/covasna45.ro\/wp-content\/uploads\/2023\/11\/sepsi-osk.jpg\" \/>\n\t<meta property=\"og:image:width\" content=\"1350\" \/>\n\t<meta property=\"og:image:height\" content=\"900\" \/>\n\t<meta property=\"og:image:type\" content=\"image\/jpeg\" \/>\n<meta name=\"author\" content=\"Covasna45\" \/>\n<meta name=\"twitter:card\" content=\"summary_large_image\" \/>\n<meta name=\"twitter:label1\" content=\"Scris de\" \/>\n\t<meta name=\"twitter:data1\" content=\"Covasna45\" \/>\n\t<meta name=\"twitter:label2\" content=\"Timp estimat pentru citire\" \/>\n\t<meta name=\"twitter:data2\" content=\"3 minute\" \/>\n<script type=\"application\/ld+json\" class=\"yoast-schema-graph\">{\"@context\":\"https:\\\/\\\/schema.org\",\"@graph\":[{\"@type\":\"Article\",\"@id\":\"https:\\\/\\\/covasna45.ro\\\/index.php\\\/sport\\\/laszlo-dioszegi-baga-echipa-in-sedinta\\\/#article\",\"isPartOf\":{\"@id\":\"https:\\\/\\\/covasna45.ro\\\/index.php\\\/sport\\\/laszlo-dioszegi-baga-echipa-in-sedinta\\\/\"},\"author\":{\"name\":\"Covasna45\",\"@id\":\"https:\\\/\\\/covasna45.ro\\\/#\\\/schema\\\/person\\\/e674052bd7d95d70bbb007a1060ab73c\"},\"headline\":\"L\u00e1szl\u00f3 Di\u00f3szegi bag\u0103 echipa \u00een \u0219edin\u021b\u0103\",\"datePublished\":\"2023-11-01T09:41:45+00:00\",\"dateModified\":\"2023-11-01T09:41:47+00:00\",\"mainEntityOfPage\":{\"@id\":\"https:\\\/\\\/covasna45.ro\\\/index.php\\\/sport\\\/laszlo-dioszegi-baga-echipa-in-sedinta\\\/\"},\"wordCount\":521,\"commentCount\":0,\"publisher\":{\"@id\":\"https:\\\/\\\/covasna45.ro\\\/#organization\"},\"image\":{\"@id\":\"https:\\\/\\\/covasna45.ro\\\/index.php\\\/sport\\\/laszlo-dioszegi-baga-echipa-in-sedinta\\\/#primaryimage\"},\"thumbnailUrl\":\"https:\\\/\\\/covasna45.ro\\\/wp-content\\\/uploads\\\/2023\\\/11\\\/sepsi-osk.jpg\",\"keywords\":[\"Cosmin Matei\",\"L\u00e1szl\u00f3 Di\u00f3szegi\",\"Liviu Ciobotariu\",\"Sepsi OSK\"],\"articleSection\":[\"Sport\"],\"inLanguage\":\"ro-RO\",\"potentialAction\":[{\"@type\":\"CommentAction\",\"name\":\"Comment\",\"target\":[\"https:\\\/\\\/covasna45.ro\\\/index.php\\\/sport\\\/laszlo-dioszegi-baga-echipa-in-sedinta\\\/#respond\"]}]},{\"@type\":\"WebPage\",\"@id\":\"https:\\\/\\\/covasna45.ro\\\/index.php\\\/sport\\\/laszlo-dioszegi-baga-echipa-in-sedinta\\\/\",\"url\":\"https:\\\/\\\/covasna45.ro\\\/index.php\\\/sport\\\/laszlo-dioszegi-baga-echipa-in-sedinta\\\/\",\"name\":\"L\u00e1szl\u00f3 Di\u00f3szegi bag\u0103 echipa \u00een \u0219edin\u021b\u0103 - Covasna45\",\"isPartOf\":{\"@id\":\"https:\\\/\\\/covasna45.ro\\\/#website\"},\"primaryImageOfPage\":{\"@id\":\"https:\\\/\\\/covasna45.ro\\\/index.php\\\/sport\\\/laszlo-dioszegi-baga-echipa-in-sedinta\\\/#primaryimage\"},\"image\":{\"@id\":\"https:\\\/\\\/covasna45.ro\\\/index.php\\\/sport\\\/laszlo-dioszegi-baga-echipa-in-sedinta\\\/#primaryimage\"},\"thumbnailUrl\":\"https:\\\/\\\/covasna45.ro\\\/wp-content\\\/uploads\\\/2023\\\/11\\\/sepsi-osk.jpg\",\"datePublished\":\"2023-11-01T09:41:45+00:00\",\"dateModified\":\"2023-11-01T09:41:47+00:00\",\"description\":\"L\u00e1szl\u00f3 Di\u00f3szegi: \u201eAm auzit c\u0103 exist\u0103 o problem\u0103! Sunt foarte sup\u0103rat. Atitudinea juc\u0103torilor, a tuturor, las\u0103 de dorit.\",\"breadcrumb\":{\"@id\":\"https:\\\/\\\/covasna45.ro\\\/index.php\\\/sport\\\/laszlo-dioszegi-baga-echipa-in-sedinta\\\/#breadcrumb\"},\"inLanguage\":\"ro-RO\",\"potentialAction\":[{\"@type\":\"ReadAction\",\"target\":[\"https:\\\/\\\/covasna45.ro\\\/index.php\\\/sport\\\/laszlo-dioszegi-baga-echipa-in-sedinta\\\/\"]}]},{\"@type\":\"ImageObject\",\"inLanguage\":\"ro-RO\",\"@id\":\"https:\\\/\\\/covasna45.ro\\\/index.php\\\/sport\\\/laszlo-dioszegi-baga-echipa-in-sedinta\\\/#primaryimage\",\"url\":\"https:\\\/\\\/covasna45.ro\\\/wp-content\\\/uploads\\\/2023\\\/11\\\/sepsi-osk.jpg\",\"contentUrl\":\"https:\\\/\\\/covasna45.ro\\\/wp-content\\\/uploads\\\/2023\\\/11\\\/sepsi-osk.jpg\",\"width\":1350,\"height\":900},{\"@type\":\"BreadcrumbList\",\"@id\":\"https:\\\/\\\/covasna45.ro\\\/index.php\\\/sport\\\/laszlo-dioszegi-baga-echipa-in-sedinta\\\/#breadcrumb\",\"itemListElement\":[{\"@type\":\"ListItem\",\"position\":1,\"name\":\"Prima pagin\u0103\",\"item\":\"https:\\\/\\\/covasna45.ro\\\/\"},{\"@type\":\"ListItem\",\"position\":2,\"name\":\"L\u00e1szl\u00f3 Di\u00f3szegi bag\u0103 echipa \u00een \u0219edin\u021b\u0103\"}]},{\"@type\":\"WebSite\",\"@id\":\"https:\\\/\\\/covasna45.ro\\\/#website\",\"url\":\"https:\\\/\\\/covasna45.ro\\\/\",\"name\":\"covasna45.ro\",\"description\":\"\",\"publisher\":{\"@id\":\"https:\\\/\\\/covasna45.ro\\\/#organization\"},\"potentialAction\":[{\"@type\":\"SearchAction\",\"target\":{\"@type\":\"EntryPoint\",\"urlTemplate\":\"https:\\\/\\\/covasna45.ro\\\/?s={search_term_string}\"},\"query-input\":{\"@type\":\"PropertyValueSpecification\",\"valueRequired\":true,\"valueName\":\"search_term_string\"}}],\"inLanguage\":\"ro-RO\"},{\"@type\":\"Organization\",\"@id\":\"https:\\\/\\\/covasna45.ro\\\/#organization\",\"name\":\"covasna45.ro\",\"url\":\"https:\\\/\\\/covasna45.ro\\\/\",\"logo\":{\"@type\":\"ImageObject\",\"inLanguage\":\"ro-RO\",\"@id\":\"https:\\\/\\\/covasna45.ro\\\/#\\\/schema\\\/logo\\\/image\\\/\",\"url\":\"https:\\\/\\\/covasna45.ro\\\/wp-content\\\/uploads\\\/2023\\\/01\\\/icon_logo.png\",\"contentUrl\":\"https:\\\/\\\/covasna45.ro\\\/wp-content\\\/uploads\\\/2023\\\/01\\\/icon_logo.png\",\"width\":1900,\"height\":1900,\"caption\":\"covasna45.ro\"},\"image\":{\"@id\":\"https:\\\/\\\/covasna45.ro\\\/#\\\/schema\\\/logo\\\/image\\\/\"}},{\"@type\":\"Person\",\"@id\":\"https:\\\/\\\/covasna45.ro\\\/#\\\/schema\\\/person\\\/e674052bd7d95d70bbb007a1060ab73c\",\"name\":\"Covasna45\",\"image\":{\"@type\":\"ImageObject\",\"inLanguage\":\"ro-RO\",\"@id\":\"https:\\\/\\\/covasna45.ro\\\/wp-content\\\/uploads\\\/2025\\\/10\\\/icon_logo_covasna45-150x150.png\",\"url\":\"https:\\\/\\\/covasna45.ro\\\/wp-content\\\/uploads\\\/2025\\\/10\\\/icon_logo_covasna45-150x150.png\",\"contentUrl\":\"https:\\\/\\\/covasna45.ro\\\/wp-content\\\/uploads\\\/2025\\\/10\\\/icon_logo_covasna45-150x150.png\",\"caption\":\"Covasna45\"},\"sameAs\":[\"https:\\\/\\\/covasna45.ro\"],\"url\":\"https:\\\/\\\/covasna45.ro\\\/index.php\\\/author\\\/covasna\\\/\"}]}<\/script>\n<!-- \/ Yoast SEO plugin. -->","yoast_head_json":{"title":"L\u00e1szl\u00f3 Di\u00f3szegi bag\u0103 echipa \u00een \u0219edin\u021b\u0103 - Covasna45","description":"L\u00e1szl\u00f3 Di\u00f3szegi: \u201eAm auzit c\u0103 exist\u0103 o problem\u0103! Sunt foarte sup\u0103rat. Atitudinea juc\u0103torilor, a tuturor, las\u0103 de dorit.","robots":{"index":"index","follow":"follow","max-snippet":"max-snippet:-1","max-image-preview":"max-image-preview:large","max-video-preview":"max-video-preview:-1"},"canonical":"https:\/\/covasna45.ro\/index.php\/sport\/laszlo-dioszegi-baga-echipa-in-sedinta\/","og_locale":"ro_RO","og_type":"article","og_title":"L\u00e1szl\u00f3 Di\u00f3szegi bag\u0103 echipa \u00een \u0219edin\u021b\u0103 - Covasna45","og_description":"L\u00e1szl\u00f3 Di\u00f3szegi: \u201eAm auzit c\u0103 exist\u0103 o problem\u0103! Sunt foarte sup\u0103rat. Atitudinea juc\u0103torilor, a tuturor, las\u0103 de dorit.","og_url":"https:\/\/covasna45.ro\/index.php\/sport\/laszlo-dioszegi-baga-echipa-in-sedinta\/","og_site_name":"Covasna45","article_published_time":"2023-11-01T09:41:45+00:00","article_modified_time":"2023-11-01T09:41:47+00:00","og_image":[{"width":1350,"height":900,"url":"https:\/\/covasna45.ro\/wp-content\/uploads\/2023\/11\/sepsi-osk.jpg","type":"image\/jpeg"}],"author":"Covasna45","twitter_card":"summary_large_image","twitter_misc":{"Scris de":"Covasna45","Timp estimat pentru citire":"3 minute"},"schema":{"@context":"https:\/\/schema.org","@graph":[{"@type":"Article","@id":"https:\/\/covasna45.ro\/index.php\/sport\/laszlo-dioszegi-baga-echipa-in-sedinta\/#article","isPartOf":{"@id":"https:\/\/covasna45.ro\/index.php\/sport\/laszlo-dioszegi-baga-echipa-in-sedinta\/"},"author":{"name":"Covasna45","@id":"https:\/\/covasna45.ro\/#\/schema\/person\/e674052bd7d95d70bbb007a1060ab73c"},"headline":"L\u00e1szl\u00f3 Di\u00f3szegi bag\u0103 echipa \u00een \u0219edin\u021b\u0103","datePublished":"2023-11-01T09:41:45+00:00","dateModified":"2023-11-01T09:41:47+00:00","mainEntityOfPage":{"@id":"https:\/\/covasna45.ro\/index.php\/sport\/laszlo-dioszegi-baga-echipa-in-sedinta\/"},"wordCount":521,"commentCount":0,"publisher":{"@id":"https:\/\/covasna45.ro\/#organization"},"image":{"@id":"https:\/\/covasna45.ro\/index.php\/sport\/laszlo-dioszegi-baga-echipa-in-sedinta\/#primaryimage"},"thumbnailUrl":"https:\/\/covasna45.ro\/wp-content\/uploads\/2023\/11\/sepsi-osk.jpg","keywords":["Cosmin Matei","L\u00e1szl\u00f3 Di\u00f3szegi","Liviu Ciobotariu","Sepsi OSK"],"articleSection":["Sport"],"inLanguage":"ro-RO","potentialAction":[{"@type":"CommentAction","name":"Comment","target":["https:\/\/covasna45.ro\/index.php\/sport\/laszlo-dioszegi-baga-echipa-in-sedinta\/#respond"]}]},{"@type":"WebPage","@id":"https:\/\/covasna45.ro\/index.php\/sport\/laszlo-dioszegi-baga-echipa-in-sedinta\/","url":"https:\/\/covasna45.ro\/index.php\/sport\/laszlo-dioszegi-baga-echipa-in-sedinta\/","name":"L\u00e1szl\u00f3 Di\u00f3szegi bag\u0103 echipa \u00een \u0219edin\u021b\u0103 - Covasna45","isPartOf":{"@id":"https:\/\/covasna45.ro\/#website"},"primaryImageOfPage":{"@id":"https:\/\/covasna45.ro\/index.php\/sport\/laszlo-dioszegi-baga-echipa-in-sedinta\/#primaryimage"},"image":{"@id":"https:\/\/covasna45.ro\/index.php\/sport\/laszlo-dioszegi-baga-echipa-in-sedinta\/#primaryimage"},"thumbnailUrl":"https:\/\/covasna45.ro\/wp-content\/uploads\/2023\/11\/sepsi-osk.jpg","datePublished":"2023-11-01T09:41:45+00:00","dateModified":"2023-11-01T09:41:47+00:00","description":"L\u00e1szl\u00f3 Di\u00f3szegi: \u201eAm auzit c\u0103 exist\u0103 o problem\u0103! Sunt foarte sup\u0103rat. Atitudinea juc\u0103torilor, a tuturor, las\u0103 de dorit.","breadcrumb":{"@id":"https:\/\/covasna45.ro\/index.php\/sport\/laszlo-dioszegi-baga-echipa-in-sedinta\/#breadcrumb"},"inLanguage":"ro-RO","potentialAction":[{"@type":"ReadAction","target":["https:\/\/covasna45.ro\/index.php\/sport\/laszlo-dioszegi-baga-echipa-in-sedinta\/"]}]},{"@type":"ImageObject","inLanguage":"ro-RO","@id":"https:\/\/covasna45.ro\/index.php\/sport\/laszlo-dioszegi-baga-echipa-in-sedinta\/#primaryimage","url":"https:\/\/covasna45.ro\/wp-content\/uploads\/2023\/11\/sepsi-osk.jpg","contentUrl":"https:\/\/covasna45.ro\/wp-content\/uploads\/2023\/11\/sepsi-osk.jpg","width":1350,"height":900},{"@type":"BreadcrumbList","@id":"https:\/\/covasna45.ro\/index.php\/sport\/laszlo-dioszegi-baga-echipa-in-sedinta\/#breadcrumb","itemListElement":[{"@type":"ListItem","position":1,"name":"Prima pagin\u0103","item":"https:\/\/covasna45.ro\/"},{"@type":"ListItem","position":2,"name":"L\u00e1szl\u00f3 Di\u00f3szegi bag\u0103 echipa \u00een \u0219edin\u021b\u0103"}]},{"@type":"WebSite","@id":"https:\/\/covasna45.ro\/#website","url":"https:\/\/covasna45.ro\/","name":"covasna45.ro","description":"","publisher":{"@id":"https:\/\/covasna45.ro\/#organization"},"potentialAction":[{"@type":"SearchAction","target":{"@type":"EntryPoint","urlTemplate":"https:\/\/covasna45.ro\/?s={search_term_string}"},"query-input":{"@type":"PropertyValueSpecification","valueRequired":true,"valueName":"search_term_string"}}],"inLanguage":"ro-RO"},{"@type":"Organization","@id":"https:\/\/covasna45.ro\/#organization","name":"covasna45.ro","url":"https:\/\/covasna45.ro\/","logo":{"@type":"ImageObject","inLanguage":"ro-RO","@id":"https:\/\/covasna45.ro\/#\/schema\/logo\/image\/","url":"https:\/\/covasna45.ro\/wp-content\/uploads\/2023\/01\/icon_logo.png","contentUrl":"https:\/\/covasna45.ro\/wp-content\/uploads\/2023\/01\/icon_logo.png","width":1900,"height":1900,"caption":"covasna45.ro"},"image":{"@id":"https:\/\/covasna45.ro\/#\/schema\/logo\/image\/"}},{"@type":"Person","@id":"https:\/\/covasna45.ro\/#\/schema\/person\/e674052bd7d95d70bbb007a1060ab73c","name":"Covasna45","image":{"@type":"ImageObject","inLanguage":"ro-RO","@id":"https:\/\/covasna45.ro\/wp-content\/uploads\/2025\/10\/icon_logo_covasna45-150x150.png","url":"https:\/\/covasna45.ro\/wp-content\/uploads\/2025\/10\/icon_logo_covasna45-150x150.png","contentUrl":"https:\/\/covasna45.ro\/wp-content\/uploads\/2025\/10\/icon_logo_covasna45-150x150.png","caption":"Covasna45"},"sameAs":["https:\/\/covasna45.ro"],"url":"https:\/\/covasna45.ro\/index.php\/author\/covasna\/"}]}},"_links":{"self":[{"href":"https:\/\/covasna45.ro\/index.php\/wp-json\/wp\/v2\/posts\/3709","targetHints":{"allow":["GET"]}}],"collection":[{"href":"https:\/\/covasna45.ro\/index.php\/wp-json\/wp\/v2\/posts"}],"about":[{"href":"https:\/\/covasna45.ro\/index.php\/wp-json\/wp\/v2\/types\/post"}],"author":[{"embeddable":true,"href":"https:\/\/covasna45.ro\/index.php\/wp-json\/wp\/v2\/users\/1"}],"replies":[{"embeddable":true,"href":"https:\/\/covasna45.ro\/index.php\/wp-json\/wp\/v2\/comments?post=3709"}],"version-history":[{"count":1,"href":"https:\/\/covasna45.ro\/index.php\/wp-json\/wp\/v2\/posts\/3709\/revisions"}],"predecessor-version":[{"id":3711,"href":"https:\/\/covasna45.ro\/index.php\/wp-json\/wp\/v2\/posts\/3709\/revisions\/3711"}],"wp:featuredmedia":[{"embeddable":true,"href":"https:\/\/covasna45.ro\/index.php\/wp-json\/wp\/v2\/media\/3710"}],"wp:attachment":[{"href":"https:\/\/covasna45.ro\/index.php\/wp-json\/wp\/v2\/media?parent=3709"}],"wp:term":[{"taxonomy":"category","embeddable":true,"href":"https:\/\/covasna45.ro\/index.php\/wp-json\/wp\/v2\/categories?post=3709"},{"taxonomy":"post_tag","embeddable":true,"href":"https:\/\/covasna45.ro\/index.php\/wp-json\/wp\/v2\/tags?post=3709"}],"curies":[{"name":"wp","href":"https:\/\/api.w.org\/{rel}","templated":true}]}}