{"id":3907,"date":"2023-11-20T18:45:27","date_gmt":"2023-11-20T16:45:27","guid":{"rendered":"https:\/\/covasna45.ro\/?p=3907"},"modified":"2023-11-20T18:45:28","modified_gmt":"2023-11-20T16:45:28","slug":"conferinta-bioecosilva-bioeconomia-o-solutie-pentru-dezvoltarea-mediului-rural","status":"publish","type":"post","link":"https:\/\/covasna45.ro\/index.php\/lumea-noastra\/conferinta-bioecosilva-bioeconomia-o-solutie-pentru-dezvoltarea-mediului-rural\/","title":{"rendered":"Conferin\u021ba BioEcoSilva: Bioeconomia, o solu\u021bie pentru dezvoltarea mediului rural"},"content":{"rendered":"\n<p>Bioeconomia este o solu\u021bie pentru dezvoltarea economic\u0103 \u0219i social\u0103 mai ales \u00een mediul rural. Sistemul de producere a energiei cu biomas\u0103 ajut\u0103 la o bun\u0103 gospod\u0103rire a comunit\u0103\u021bilor. Tot ce r\u0103m\u00e2ne \u00een urma cur\u0103\u021beniei de prim\u0103var\u0103 din cur\u021bi \u0219i livezi, to\u021bi brazii de Cr\u0103ciun, usc\u0103turile din p\u0103duri sau crengile adunate de r\u00e2uri pot fi folosite pentru producerea de energie termic\u0103.<\/p>\n\n\n\n<figure class=\"wp-block-image size-full\"><img loading=\"lazy\" decoding=\"async\" width=\"840\" height=\"560\" src=\"https:\/\/covasna45.ro\/wp-content\/uploads\/2023\/11\/bioecosilva1.jpg\" alt=\"\" class=\"wp-image-3915\" srcset=\"https:\/\/covasna45.ro\/wp-content\/uploads\/2023\/11\/bioecosilva1.jpg 840w, https:\/\/covasna45.ro\/wp-content\/uploads\/2023\/11\/bioecosilva1-300x200.jpg 300w, https:\/\/covasna45.ro\/wp-content\/uploads\/2023\/11\/bioecosilva1-768x512.jpg 768w, https:\/\/covasna45.ro\/wp-content\/uploads\/2023\/11\/bioecosilva1-150x100.jpg 150w, https:\/\/covasna45.ro\/wp-content\/uploads\/2023\/11\/bioecosilva1-696x464.jpg 696w\" sizes=\"auto, (max-width: 840px) 100vw, 840px\" \/><\/figure>\n\n\n\n<p>Acestea au fost temele Conferin\u021bei BioEcoSilva, organizat\u0103 \u00een jude\u021bul Bra\u0219ov \u00een 16 \u0219i 17 noiembrie de Asocia\u021bia Eco Harmony \u0219i Departamentul pentru Dezvoltare Durabil\u0103 al Guvernului. Evenimentul a adus laolalt\u0103 o serie de exper\u021bi \u00een domeniul bioeconomiei, dar \u0219i cadre universitare, manageri de proiect, oameni de afaceri \u0219i studen\u021bi.<\/p>\n\n\n\n<h2 class=\"wp-block-heading\">C\u0103ldur\u0103 din resturi de lemn.<\/h2>\n\n\n\n<p>Exper\u021bi \u00een bioeconomie, vorbitorii au subliniat importan\u021ba recuper\u0103rii de\u0219eurilor lemnoase \u0219i vegetale pentru a produce energie termic\u0103. Un model de business care poate func\u021biona \u00een orice comunitate, mai ales \u00een cele din mediul rural.<\/p>\n\n\n\n<p>Conferin\u021ba a fost deschis\u0103 de Borbely L\u00e1szl\u00f3, consilier de stat, \u0219eful Departamentului pentru Dezvoltare Durabil\u0103 din Guvernul Rom\u00e2niei. Impresionat de num\u0103rul mare de participan\u021bi \u2013 aproape 80 \u2013 el a insistat pe faptul c\u0103 proiectele de acest tip fac bine \u0219i comunit\u0103\u021bilor, \u0219i mediului \u0219i, \u00een esen\u021b\u0103, popula\u021biei.<\/p>\n\n\n\n<figure class=\"wp-block-image size-large\"><img loading=\"lazy\" decoding=\"async\" width=\"1024\" height=\"768\" src=\"https:\/\/covasna45.ro\/wp-content\/uploads\/2023\/11\/borbely-1024x768.jpg\" alt=\"\" class=\"wp-image-3917\" srcset=\"https:\/\/covasna45.ro\/wp-content\/uploads\/2023\/11\/borbely-1024x768.jpg 1024w, https:\/\/covasna45.ro\/wp-content\/uploads\/2023\/11\/borbely-300x225.jpg 300w, https:\/\/covasna45.ro\/wp-content\/uploads\/2023\/11\/borbely-768x576.jpg 768w, https:\/\/covasna45.ro\/wp-content\/uploads\/2023\/11\/borbely-1536x1152.jpg 1536w, https:\/\/covasna45.ro\/wp-content\/uploads\/2023\/11\/borbely-150x113.jpg 150w, https:\/\/covasna45.ro\/wp-content\/uploads\/2023\/11\/borbely-696x522.jpg 696w, https:\/\/covasna45.ro\/wp-content\/uploads\/2023\/11\/borbely-1068x801.jpg 1068w, https:\/\/covasna45.ro\/wp-content\/uploads\/2023\/11\/borbely.jpg 1600w\" sizes=\"auto, (max-width: 1024px) 100vw, 1024px\" \/><\/figure>\n\n\n\n<p><strong><em>\u201eDe ani de zile ne str\u0103duim s\u0103 le spunem celor care sunt la c\u00e2rma \u021b\u0103rii c\u0103 e important s\u0103 te duci spre natur\u0103, s\u0103 folose\u0219ti ceea ce este \u00een natur\u0103. S\u0103 folose\u0219ti cu cap, f\u0103r\u0103 s\u0103 distrugi. De exemplu, oameni inteligen\u021bi au f\u0103cut centrale pe biomas\u0103 \u00een peste 200 de localit\u0103\u021bi din \u021bar\u0103. Cl\u0103dirile publice de acolo au \u00eenc\u0103lzire pe biomas\u0103, adic\u0103 din resturi de tot felul Este \u0219i s\u0103n\u0103tos, este \u0219i eco \u0219i este util pentru popula\u021bia acelei localit\u0103\u021bi\u201d<\/em><\/strong>, a spus acesta.<\/p>\n\n\n\n<h2 class=\"wp-block-heading\">Bioeconomia, pe agenda clusterului Green Energy din Sf\u00e2ntu Gheorghe.<\/h2>\n\n\n\n<p>Dup\u0103 discurs, au urmat o serie de prezent\u0103ri ale proiectelor coordonate de Green Energy. Clusterul cov\u0103snean promoveaz\u0103 de ani buni sistemul de producere de energie pe baz\u0103 de biomas\u0103. Dar nu este singurul proiect care are la baz\u0103 bioeconomia. Unul dintre aceste proiecte, aflat \u00een derulare al\u0103turi de mai mul\u021bi parteneri europeni, este <strong>Bio Vill<\/strong>.<\/p>\n\n\n\n<figure class=\"wp-block-image size-full\"><img loading=\"lazy\" decoding=\"async\" width=\"908\" height=\"625\" src=\"https:\/\/covasna45.ro\/wp-content\/uploads\/2023\/11\/centrala-biomasa.png\" alt=\"\" class=\"wp-image-3916\" srcset=\"https:\/\/covasna45.ro\/wp-content\/uploads\/2023\/11\/centrala-biomasa.png 908w, https:\/\/covasna45.ro\/wp-content\/uploads\/2023\/11\/centrala-biomasa-300x206.png 300w, https:\/\/covasna45.ro\/wp-content\/uploads\/2023\/11\/centrala-biomasa-768x529.png 768w, https:\/\/covasna45.ro\/wp-content\/uploads\/2023\/11\/centrala-biomasa-150x103.png 150w, https:\/\/covasna45.ro\/wp-content\/uploads\/2023\/11\/centrala-biomasa-218x150.png 218w, https:\/\/covasna45.ro\/wp-content\/uploads\/2023\/11\/centrala-biomasa-696x479.png 696w\" sizes=\"auto, (max-width: 908px) 100vw, 908px\" \/><\/figure>\n\n\n\n<p>Inginerul Bartha S\u00e1ndor a proiectat \u0219i centrale termice pe baz\u0103 de biomas\u0103. Centralele sunt automatizate. <strong><em>\u201eNoi am produs aceste centrale din surse proprii. Sunt foarte eficiente, foarte comode \u0219i sunt sigure\u201d, <\/em><\/strong>a precizat acesta \u00een cadrul prezent\u0103rii sale.<\/p>\n\n\n\n<h2 class=\"wp-block-heading\">Proiectele au parteneri din toat\u0103 Uniunea European\u0103.<\/h2>\n\n\n\n<figure class=\"wp-block-image size-large\"><img loading=\"lazy\" decoding=\"async\" width=\"1024\" height=\"768\" src=\"https:\/\/covasna45.ro\/wp-content\/uploads\/2023\/11\/3-1-1024x768.jpg\" alt=\"\" class=\"wp-image-3914\" srcset=\"https:\/\/covasna45.ro\/wp-content\/uploads\/2023\/11\/3-1-1024x768.jpg 1024w, https:\/\/covasna45.ro\/wp-content\/uploads\/2023\/11\/3-1-300x225.jpg 300w, https:\/\/covasna45.ro\/wp-content\/uploads\/2023\/11\/3-1-768x576.jpg 768w, https:\/\/covasna45.ro\/wp-content\/uploads\/2023\/11\/3-1-1536x1152.jpg 1536w, https:\/\/covasna45.ro\/wp-content\/uploads\/2023\/11\/3-1-2048x1536.jpg 2048w, https:\/\/covasna45.ro\/wp-content\/uploads\/2023\/11\/3-1-150x113.jpg 150w, https:\/\/covasna45.ro\/wp-content\/uploads\/2023\/11\/3-1-696x522.jpg 696w, https:\/\/covasna45.ro\/wp-content\/uploads\/2023\/11\/3-1-1068x801.jpg 1068w, https:\/\/covasna45.ro\/wp-content\/uploads\/2023\/11\/3-1-1920x1440.jpg 1920w\" sizes=\"auto, (max-width: 1024px) 100vw, 1024px\" \/><\/figure>\n\n\n\n<p>Institutul de prognoze economice al Academiei Rom\u00e2ne a fost de asemenea prezent, prin doamna dr. Carmen P\u0103una. Ea a vorbit despre <strong>Rural Bio Up<\/strong>, un proiect finan\u021bat prin programul Horizon<strong><em>. \u201eProiectul \u00eencearc\u0103 s\u0103 g\u0103seasc\u0103 solu\u021bii economice, de mediu \u0219i sociale din zonele rurale. \u00cen proiect sunt implicate mai multe entit\u0103\u021bi din estul Europei \u0219i speciali\u0219ti din partea vestic\u0103 a continentului\u201d<\/em><\/strong>, a spus dr. Carmen P\u0103una.<\/p>\n\n\n\n<p>Prezent pe la conferin\u021b\u0103, Drago\u0219 David, pre\u0219edintele Agen\u021biei Metropolitane Bra\u0219ov a vorbit despre construc\u021biile din lemn. Agen\u021bia este partener \u00een programul Build in Wood, finan\u021bat de asemenea prin Horizon. <\/p>\n\n\n\n<figure class=\"wp-block-image size-large\"><img loading=\"lazy\" decoding=\"async\" width=\"1024\" height=\"768\" src=\"https:\/\/covasna45.ro\/wp-content\/uploads\/2023\/11\/2-1-1024x768.jpg\" alt=\"\" class=\"wp-image-3908\" srcset=\"https:\/\/covasna45.ro\/wp-content\/uploads\/2023\/11\/2-1-1024x768.jpg 1024w, https:\/\/covasna45.ro\/wp-content\/uploads\/2023\/11\/2-1-300x225.jpg 300w, https:\/\/covasna45.ro\/wp-content\/uploads\/2023\/11\/2-1-768x576.jpg 768w, https:\/\/covasna45.ro\/wp-content\/uploads\/2023\/11\/2-1-1536x1152.jpg 1536w, https:\/\/covasna45.ro\/wp-content\/uploads\/2023\/11\/2-1-2048x1536.jpg 2048w, https:\/\/covasna45.ro\/wp-content\/uploads\/2023\/11\/2-1-150x113.jpg 150w, https:\/\/covasna45.ro\/wp-content\/uploads\/2023\/11\/2-1-696x522.jpg 696w, https:\/\/covasna45.ro\/wp-content\/uploads\/2023\/11\/2-1-1068x801.jpg 1068w, https:\/\/covasna45.ro\/wp-content\/uploads\/2023\/11\/2-1-1920x1440.jpg 1920w, https:\/\/covasna45.ro\/wp-content\/uploads\/2023\/11\/2-1-265x198.jpg 265w\" sizes=\"auto, (max-width: 1024px) 100vw, 1024px\" \/><\/figure>\n\n\n\n<p><strong><em>\u201eDac\u0103 vreodat\u0103 va fi introdus\u0103 \u00een PIB inteligen\u021ba poporului rom\u00e2n, am fi o na\u021biune foarte bogat\u0103\u201d<\/em><\/strong>, a spus Drago\u0219 David. El a insistat pe faptul c\u0103 proiectul \u00een care Agen\u021bia este partener urm\u0103re\u0219te punerea \u00een valoare a lemnului pentru construc\u021bia de locuin\u021be.<\/p>\n\n\n\n<h2 class=\"wp-block-heading\">Bioeconomia rural\u0103 &#8211; un subiect la ordinea zilei.<\/h2>\n\n\n\n<p>Nu a lipsit din cadrul conferin\u021bei prezentarea rezultatelor unei cercet\u0103ri \u00een bioeconomie referitoare la salcia energetic\u0103. Dr.Bartha S\u00e1ndor, cercet\u0103tor \u00een bioeconomie, a vorbit despre biorafinare. <strong><em>\u201eIdeea este s\u0103 extragem componente valoroase din aceast\u0103 materie, lemnul, obiectul cercet\u0103rii fiind salcia\u201d, <\/em><\/strong>a spus acesta.<\/p>\n\n\n\n<p>\u00cen cadrul conferin\u021bei a fost prezentat \u0219i Proiectul CEE 2 ACT. <strong><em>\u201eProiectul se refer\u0103 la dezvoltarea strategiilor bazate pe bioeconomie \u00een \u021b\u0103rile din Europa central\u0103 \u0219i de est\u201d<\/em><\/strong>, a spus Maria Gaspar, de la Asocia\u021bia ASIMCOV. Proiectul are o durat\u0103 de implementare de 36 de luni \u0219i un buget de 4 milioane de euro. \u00cen proiect sunt 17 parteneri din tot at\u00e2tea state.<\/p>\n\n\n\n<figure class=\"wp-block-image size-large\"><img loading=\"lazy\" decoding=\"async\" width=\"1024\" height=\"768\" src=\"https:\/\/covasna45.ro\/wp-content\/uploads\/2023\/11\/4-1-1024x768.jpg\" alt=\"\" class=\"wp-image-3913\" srcset=\"https:\/\/covasna45.ro\/wp-content\/uploads\/2023\/11\/4-1-1024x768.jpg 1024w, https:\/\/covasna45.ro\/wp-content\/uploads\/2023\/11\/4-1-300x225.jpg 300w, https:\/\/covasna45.ro\/wp-content\/uploads\/2023\/11\/4-1-768x576.jpg 768w, https:\/\/covasna45.ro\/wp-content\/uploads\/2023\/11\/4-1-1536x1152.jpg 1536w, https:\/\/covasna45.ro\/wp-content\/uploads\/2023\/11\/4-1-2048x1536.jpg 2048w, https:\/\/covasna45.ro\/wp-content\/uploads\/2023\/11\/4-1-150x113.jpg 150w, https:\/\/covasna45.ro\/wp-content\/uploads\/2023\/11\/4-1-696x522.jpg 696w, https:\/\/covasna45.ro\/wp-content\/uploads\/2023\/11\/4-1-1068x801.jpg 1068w, https:\/\/covasna45.ro\/wp-content\/uploads\/2023\/11\/4-1-1920x1440.jpg 1920w\" sizes=\"auto, (max-width: 1024px) 100vw, 1024px\" \/><\/figure>\n\n\n\n<p>Managerul proiectului Bio Rural, Boglarka Vajda, a vorbit despre&nbsp;&nbsp; Re\u021beaua European\u0103 de Bioeconomie Rural\u0103 \u0219i a lansat \u0219i o invita\u021bie c\u0103tre cei prezen\u021bi: <strong><em>\u201eV\u0103 \u00eencurajez pe to\u021bi s\u0103 v\u0103 \u00eenscrie\u021bi pe re\u021beaua de bioeconomie rural\u0103 &#8211; <\/em><\/strong><a href=\"https:\/\/biorural.eu\"><strong><em>biorural.eu<\/em><\/strong><\/a><strong><em> &#8211; unde ve\u021bi g\u0103si un set de instrumente care v\u0103 vor ajuta. Ve\u021bi g\u0103si aici exemple de bun\u0103 practic\u0103, modele de succes, cercet\u0103ri, articole, idei \u0219i modele business\u201d.<\/em><\/strong><\/p>\n\n\n\n<figure class=\"wp-block-image size-large\"><img loading=\"lazy\" decoding=\"async\" width=\"1024\" height=\"768\" src=\"https:\/\/covasna45.ro\/wp-content\/uploads\/2023\/11\/5-1-1024x768.jpg\" alt=\"\" class=\"wp-image-3912\" srcset=\"https:\/\/covasna45.ro\/wp-content\/uploads\/2023\/11\/5-1-1024x768.jpg 1024w, https:\/\/covasna45.ro\/wp-content\/uploads\/2023\/11\/5-1-300x225.jpg 300w, https:\/\/covasna45.ro\/wp-content\/uploads\/2023\/11\/5-1-768x576.jpg 768w, https:\/\/covasna45.ro\/wp-content\/uploads\/2023\/11\/5-1-1536x1152.jpg 1536w, https:\/\/covasna45.ro\/wp-content\/uploads\/2023\/11\/5-1-2048x1536.jpg 2048w, https:\/\/covasna45.ro\/wp-content\/uploads\/2023\/11\/5-1-150x113.jpg 150w, https:\/\/covasna45.ro\/wp-content\/uploads\/2023\/11\/5-1-696x522.jpg 696w, https:\/\/covasna45.ro\/wp-content\/uploads\/2023\/11\/5-1-1068x801.jpg 1068w, https:\/\/covasna45.ro\/wp-content\/uploads\/2023\/11\/5-1-1920x1440.jpg 1920w\" sizes=\"auto, (max-width: 1024px) 100vw, 1024px\" \/><\/figure>\n\n\n\n<p>Printre exper\u021bii care au sus\u021binut discursuri \u0219i prezent\u0103ri au mai fost \u0219i Bagoly Mikl\u00f3s Levente, expert \u00een silvicultur\u0103 \u0219i prelucrarea lemnului, Orsolya Zsid\u00f3, expert Green Deal.<\/p>\n\n\n\n<h2 class=\"wp-block-heading\">\u201eSinceritate &#8211; un cuv\u00e2nt cheie!\u201d<\/h2>\n\n\n\n<p>\u00cen timpul conferin\u021bei au fost selectate c\u00e2teva cuvinte-cheie de la cei care au sus\u021binut prezent\u0103ri sau discursuri. La \u00eencheierea evenimentului, pre\u0219edintele clusterului Green Energy, Vajda Lajos, a ales \u0219i el un astfel de cuv\u00e2nt. <\/p>\n\n\n\n<figure class=\"wp-block-image size-large\"><img loading=\"lazy\" decoding=\"async\" width=\"1024\" height=\"768\" src=\"https:\/\/covasna45.ro\/wp-content\/uploads\/2023\/11\/8-1-1024x768.jpg\" alt=\"\" class=\"wp-image-3911\" srcset=\"https:\/\/covasna45.ro\/wp-content\/uploads\/2023\/11\/8-1-1024x768.jpg 1024w, https:\/\/covasna45.ro\/wp-content\/uploads\/2023\/11\/8-1-300x225.jpg 300w, https:\/\/covasna45.ro\/wp-content\/uploads\/2023\/11\/8-1-768x576.jpg 768w, https:\/\/covasna45.ro\/wp-content\/uploads\/2023\/11\/8-1-1536x1152.jpg 1536w, https:\/\/covasna45.ro\/wp-content\/uploads\/2023\/11\/8-1-2048x1536.jpg 2048w, https:\/\/covasna45.ro\/wp-content\/uploads\/2023\/11\/8-1-150x113.jpg 150w, https:\/\/covasna45.ro\/wp-content\/uploads\/2023\/11\/8-1-696x522.jpg 696w, https:\/\/covasna45.ro\/wp-content\/uploads\/2023\/11\/8-1-1068x801.jpg 1068w, https:\/\/covasna45.ro\/wp-content\/uploads\/2023\/11\/8-1-1920x1440.jpg 1920w\" sizes=\"auto, (max-width: 1024px) 100vw, 1024px\" \/><\/figure>\n\n\n\n<p><strong><em>\u201eAici sunt foarte multe cuvinte-cheie. Pentru mine cuv\u00e2ntul-cheie este sinceritatea. Dac\u0103 \u00een aceste rela\u021bii suntem sinceri, atunci \u00eentr-adev\u0103r putem schimba lumea\u201d.<\/em><\/strong><\/p>\n","protected":false},"excerpt":{"rendered":"<p>Bioeconomia este o solu\u021bie pentru dezvoltarea economic\u0103 \u0219i social\u0103 mai ales \u00een mediul rural. Sistemul de producere a energiei cu biomas\u0103 ajut\u0103 la o bun\u0103 gospod\u0103rire a comunit\u0103\u021bilor. Tot ce r\u0103m\u00e2ne \u00een urma cur\u0103\u021beniei de prim\u0103var\u0103 din cur\u021bi \u0219i livezi, to\u021bi brazii de Cr\u0103ciun, usc\u0103turile din p\u0103duri sau crengile adunate de r\u00e2uri pot fi folosite [&hellip;]<\/p>\n","protected":false},"author":1,"featured_media":3910,"comment_status":"open","ping_status":"closed","sticky":false,"template":"","format":"standard","meta":{"tdm_status":"","tdm_grid_status":"","footnotes":""},"categories":[14],"tags":[1736,1656,223,1735,1734,383],"class_list":{"0":"post-3907","1":"post","2":"type-post","3":"status-publish","4":"format-standard","5":"has-post-thumbnail","7":"category-lumea-noastra","8":"tag-bio-rural","9":"tag-bioeconomie","10":"tag-biomasa","11":"tag-green-energy-cluster","12":"tag-mediul-rural","13":"tag-proiecte"},"yoast_head":"<!-- This site is optimized with the Yoast SEO plugin v27.5 - https:\/\/yoast.com\/product\/yoast-seo-wordpress\/ -->\n<title>Conferin\u021ba BioEcoSilva: Bioeconomia, o solu\u021bie pentru dezvoltarea mediului rural - Covasna45<\/title>\n<meta name=\"description\" content=\"Bioeconomia rural\u0103 - un subiect la ordinea zilei.Nu a lipsit din cadrul conferin\u021bei prezentarea rezultatelor unei cercet\u0103ri \u00een bioeconomie\" \/>\n<meta name=\"robots\" content=\"index, follow, max-snippet:-1, max-image-preview:large, max-video-preview:-1\" \/>\n<link rel=\"canonical\" href=\"https:\/\/covasna45.ro\/index.php\/lumea-noastra\/conferinta-bioecosilva-bioeconomia-o-solutie-pentru-dezvoltarea-mediului-rural\/\" \/>\n<meta property=\"og:locale\" content=\"ro_RO\" \/>\n<meta property=\"og:type\" content=\"article\" \/>\n<meta property=\"og:title\" content=\"Conferin\u021ba BioEcoSilva: Bioeconomia, o solu\u021bie pentru dezvoltarea mediului rural - Covasna45\" \/>\n<meta property=\"og:description\" content=\"Bioeconomia rural\u0103 - un subiect la ordinea zilei.Nu a lipsit din cadrul conferin\u021bei prezentarea rezultatelor unei cercet\u0103ri \u00een bioeconomie\" \/>\n<meta property=\"og:url\" content=\"https:\/\/covasna45.ro\/index.php\/lumea-noastra\/conferinta-bioecosilva-bioeconomia-o-solutie-pentru-dezvoltarea-mediului-rural\/\" \/>\n<meta property=\"og:site_name\" content=\"Covasna45\" \/>\n<meta property=\"article:published_time\" content=\"2023-11-20T16:45:27+00:00\" \/>\n<meta property=\"article:modified_time\" content=\"2023-11-20T16:45:28+00:00\" \/>\n<meta property=\"og:image\" content=\"https:\/\/covasna45.ro\/wp-content\/uploads\/2023\/11\/1-2-scaled.jpg\" \/>\n\t<meta property=\"og:image:width\" content=\"2560\" \/>\n\t<meta property=\"og:image:height\" content=\"1920\" \/>\n\t<meta property=\"og:image:type\" content=\"image\/jpeg\" \/>\n<meta name=\"author\" content=\"Covasna45\" \/>\n<meta name=\"twitter:card\" content=\"summary_large_image\" \/>\n<meta name=\"twitter:label1\" content=\"Scris de\" \/>\n\t<meta name=\"twitter:data1\" content=\"Covasna45\" \/>\n\t<meta name=\"twitter:label2\" content=\"Timp estimat pentru citire\" \/>\n\t<meta name=\"twitter:data2\" content=\"6 minute\" \/>\n<script type=\"application\/ld+json\" class=\"yoast-schema-graph\">{\"@context\":\"https:\\\/\\\/schema.org\",\"@graph\":[{\"@type\":\"Article\",\"@id\":\"https:\\\/\\\/covasna45.ro\\\/index.php\\\/lumea-noastra\\\/conferinta-bioecosilva-bioeconomia-o-solutie-pentru-dezvoltarea-mediului-rural\\\/#article\",\"isPartOf\":{\"@id\":\"https:\\\/\\\/covasna45.ro\\\/index.php\\\/lumea-noastra\\\/conferinta-bioecosilva-bioeconomia-o-solutie-pentru-dezvoltarea-mediului-rural\\\/\"},\"author\":{\"name\":\"Covasna45\",\"@id\":\"https:\\\/\\\/covasna45.ro\\\/#\\\/schema\\\/person\\\/e674052bd7d95d70bbb007a1060ab73c\"},\"headline\":\"Conferin\u021ba BioEcoSilva: Bioeconomia, o solu\u021bie pentru dezvoltarea mediului rural\",\"datePublished\":\"2023-11-20T16:45:27+00:00\",\"dateModified\":\"2023-11-20T16:45:28+00:00\",\"mainEntityOfPage\":{\"@id\":\"https:\\\/\\\/covasna45.ro\\\/index.php\\\/lumea-noastra\\\/conferinta-bioecosilva-bioeconomia-o-solutie-pentru-dezvoltarea-mediului-rural\\\/\"},\"wordCount\":902,\"commentCount\":0,\"publisher\":{\"@id\":\"https:\\\/\\\/covasna45.ro\\\/#organization\"},\"image\":{\"@id\":\"https:\\\/\\\/covasna45.ro\\\/index.php\\\/lumea-noastra\\\/conferinta-bioecosilva-bioeconomia-o-solutie-pentru-dezvoltarea-mediului-rural\\\/#primaryimage\"},\"thumbnailUrl\":\"https:\\\/\\\/covasna45.ro\\\/wp-content\\\/uploads\\\/2023\\\/11\\\/1-2-scaled.jpg\",\"keywords\":[\"Bio-Rural\",\"bioeconomie\",\"Biomas\u0103\",\"Green Energy Cluster\",\"Mediul rural\",\"Proiecte\"],\"articleSection\":[\"Lumea noastr\u0103\"],\"inLanguage\":\"ro-RO\",\"potentialAction\":[{\"@type\":\"CommentAction\",\"name\":\"Comment\",\"target\":[\"https:\\\/\\\/covasna45.ro\\\/index.php\\\/lumea-noastra\\\/conferinta-bioecosilva-bioeconomia-o-solutie-pentru-dezvoltarea-mediului-rural\\\/#respond\"]}]},{\"@type\":\"WebPage\",\"@id\":\"https:\\\/\\\/covasna45.ro\\\/index.php\\\/lumea-noastra\\\/conferinta-bioecosilva-bioeconomia-o-solutie-pentru-dezvoltarea-mediului-rural\\\/\",\"url\":\"https:\\\/\\\/covasna45.ro\\\/index.php\\\/lumea-noastra\\\/conferinta-bioecosilva-bioeconomia-o-solutie-pentru-dezvoltarea-mediului-rural\\\/\",\"name\":\"Conferin\u021ba BioEcoSilva: Bioeconomia, o solu\u021bie pentru dezvoltarea mediului rural - Covasna45\",\"isPartOf\":{\"@id\":\"https:\\\/\\\/covasna45.ro\\\/#website\"},\"primaryImageOfPage\":{\"@id\":\"https:\\\/\\\/covasna45.ro\\\/index.php\\\/lumea-noastra\\\/conferinta-bioecosilva-bioeconomia-o-solutie-pentru-dezvoltarea-mediului-rural\\\/#primaryimage\"},\"image\":{\"@id\":\"https:\\\/\\\/covasna45.ro\\\/index.php\\\/lumea-noastra\\\/conferinta-bioecosilva-bioeconomia-o-solutie-pentru-dezvoltarea-mediului-rural\\\/#primaryimage\"},\"thumbnailUrl\":\"https:\\\/\\\/covasna45.ro\\\/wp-content\\\/uploads\\\/2023\\\/11\\\/1-2-scaled.jpg\",\"datePublished\":\"2023-11-20T16:45:27+00:00\",\"dateModified\":\"2023-11-20T16:45:28+00:00\",\"description\":\"Bioeconomia rural\u0103 - un subiect la ordinea zilei.Nu a lipsit din cadrul conferin\u021bei prezentarea rezultatelor unei cercet\u0103ri \u00een bioeconomie\",\"breadcrumb\":{\"@id\":\"https:\\\/\\\/covasna45.ro\\\/index.php\\\/lumea-noastra\\\/conferinta-bioecosilva-bioeconomia-o-solutie-pentru-dezvoltarea-mediului-rural\\\/#breadcrumb\"},\"inLanguage\":\"ro-RO\",\"potentialAction\":[{\"@type\":\"ReadAction\",\"target\":[\"https:\\\/\\\/covasna45.ro\\\/index.php\\\/lumea-noastra\\\/conferinta-bioecosilva-bioeconomia-o-solutie-pentru-dezvoltarea-mediului-rural\\\/\"]}]},{\"@type\":\"ImageObject\",\"inLanguage\":\"ro-RO\",\"@id\":\"https:\\\/\\\/covasna45.ro\\\/index.php\\\/lumea-noastra\\\/conferinta-bioecosilva-bioeconomia-o-solutie-pentru-dezvoltarea-mediului-rural\\\/#primaryimage\",\"url\":\"https:\\\/\\\/covasna45.ro\\\/wp-content\\\/uploads\\\/2023\\\/11\\\/1-2-scaled.jpg\",\"contentUrl\":\"https:\\\/\\\/covasna45.ro\\\/wp-content\\\/uploads\\\/2023\\\/11\\\/1-2-scaled.jpg\",\"width\":2560,\"height\":1920},{\"@type\":\"BreadcrumbList\",\"@id\":\"https:\\\/\\\/covasna45.ro\\\/index.php\\\/lumea-noastra\\\/conferinta-bioecosilva-bioeconomia-o-solutie-pentru-dezvoltarea-mediului-rural\\\/#breadcrumb\",\"itemListElement\":[{\"@type\":\"ListItem\",\"position\":1,\"name\":\"Prima pagin\u0103\",\"item\":\"https:\\\/\\\/covasna45.ro\\\/\"},{\"@type\":\"ListItem\",\"position\":2,\"name\":\"Conferin\u021ba BioEcoSilva: Bioeconomia, o solu\u021bie pentru dezvoltarea mediului rural\"}]},{\"@type\":\"WebSite\",\"@id\":\"https:\\\/\\\/covasna45.ro\\\/#website\",\"url\":\"https:\\\/\\\/covasna45.ro\\\/\",\"name\":\"covasna45.ro\",\"description\":\"\",\"publisher\":{\"@id\":\"https:\\\/\\\/covasna45.ro\\\/#organization\"},\"potentialAction\":[{\"@type\":\"SearchAction\",\"target\":{\"@type\":\"EntryPoint\",\"urlTemplate\":\"https:\\\/\\\/covasna45.ro\\\/?s={search_term_string}\"},\"query-input\":{\"@type\":\"PropertyValueSpecification\",\"valueRequired\":true,\"valueName\":\"search_term_string\"}}],\"inLanguage\":\"ro-RO\"},{\"@type\":\"Organization\",\"@id\":\"https:\\\/\\\/covasna45.ro\\\/#organization\",\"name\":\"covasna45.ro\",\"url\":\"https:\\\/\\\/covasna45.ro\\\/\",\"logo\":{\"@type\":\"ImageObject\",\"inLanguage\":\"ro-RO\",\"@id\":\"https:\\\/\\\/covasna45.ro\\\/#\\\/schema\\\/logo\\\/image\\\/\",\"url\":\"https:\\\/\\\/covasna45.ro\\\/wp-content\\\/uploads\\\/2023\\\/01\\\/icon_logo.png\",\"contentUrl\":\"https:\\\/\\\/covasna45.ro\\\/wp-content\\\/uploads\\\/2023\\\/01\\\/icon_logo.png\",\"width\":1900,\"height\":1900,\"caption\":\"covasna45.ro\"},\"image\":{\"@id\":\"https:\\\/\\\/covasna45.ro\\\/#\\\/schema\\\/logo\\\/image\\\/\"}},{\"@type\":\"Person\",\"@id\":\"https:\\\/\\\/covasna45.ro\\\/#\\\/schema\\\/person\\\/e674052bd7d95d70bbb007a1060ab73c\",\"name\":\"Covasna45\",\"image\":{\"@type\":\"ImageObject\",\"inLanguage\":\"ro-RO\",\"@id\":\"https:\\\/\\\/covasna45.ro\\\/wp-content\\\/uploads\\\/2025\\\/10\\\/icon_logo_covasna45-150x150.png\",\"url\":\"https:\\\/\\\/covasna45.ro\\\/wp-content\\\/uploads\\\/2025\\\/10\\\/icon_logo_covasna45-150x150.png\",\"contentUrl\":\"https:\\\/\\\/covasna45.ro\\\/wp-content\\\/uploads\\\/2025\\\/10\\\/icon_logo_covasna45-150x150.png\",\"caption\":\"Covasna45\"},\"sameAs\":[\"https:\\\/\\\/covasna45.ro\"],\"url\":\"https:\\\/\\\/covasna45.ro\\\/index.php\\\/author\\\/covasna\\\/\"}]}<\/script>\n<!-- \/ Yoast SEO plugin. -->","yoast_head_json":{"title":"Conferin\u021ba BioEcoSilva: Bioeconomia, o solu\u021bie pentru dezvoltarea mediului rural - Covasna45","description":"Bioeconomia rural\u0103 - un subiect la ordinea zilei.Nu a lipsit din cadrul conferin\u021bei prezentarea rezultatelor unei cercet\u0103ri \u00een bioeconomie","robots":{"index":"index","follow":"follow","max-snippet":"max-snippet:-1","max-image-preview":"max-image-preview:large","max-video-preview":"max-video-preview:-1"},"canonical":"https:\/\/covasna45.ro\/index.php\/lumea-noastra\/conferinta-bioecosilva-bioeconomia-o-solutie-pentru-dezvoltarea-mediului-rural\/","og_locale":"ro_RO","og_type":"article","og_title":"Conferin\u021ba BioEcoSilva: Bioeconomia, o solu\u021bie pentru dezvoltarea mediului rural - Covasna45","og_description":"Bioeconomia rural\u0103 - un subiect la ordinea zilei.Nu a lipsit din cadrul conferin\u021bei prezentarea rezultatelor unei cercet\u0103ri \u00een bioeconomie","og_url":"https:\/\/covasna45.ro\/index.php\/lumea-noastra\/conferinta-bioecosilva-bioeconomia-o-solutie-pentru-dezvoltarea-mediului-rural\/","og_site_name":"Covasna45","article_published_time":"2023-11-20T16:45:27+00:00","article_modified_time":"2023-11-20T16:45:28+00:00","og_image":[{"width":2560,"height":1920,"url":"https:\/\/covasna45.ro\/wp-content\/uploads\/2023\/11\/1-2-scaled.jpg","type":"image\/jpeg"}],"author":"Covasna45","twitter_card":"summary_large_image","twitter_misc":{"Scris de":"Covasna45","Timp estimat pentru citire":"6 minute"},"schema":{"@context":"https:\/\/schema.org","@graph":[{"@type":"Article","@id":"https:\/\/covasna45.ro\/index.php\/lumea-noastra\/conferinta-bioecosilva-bioeconomia-o-solutie-pentru-dezvoltarea-mediului-rural\/#article","isPartOf":{"@id":"https:\/\/covasna45.ro\/index.php\/lumea-noastra\/conferinta-bioecosilva-bioeconomia-o-solutie-pentru-dezvoltarea-mediului-rural\/"},"author":{"name":"Covasna45","@id":"https:\/\/covasna45.ro\/#\/schema\/person\/e674052bd7d95d70bbb007a1060ab73c"},"headline":"Conferin\u021ba BioEcoSilva: Bioeconomia, o solu\u021bie pentru dezvoltarea mediului rural","datePublished":"2023-11-20T16:45:27+00:00","dateModified":"2023-11-20T16:45:28+00:00","mainEntityOfPage":{"@id":"https:\/\/covasna45.ro\/index.php\/lumea-noastra\/conferinta-bioecosilva-bioeconomia-o-solutie-pentru-dezvoltarea-mediului-rural\/"},"wordCount":902,"commentCount":0,"publisher":{"@id":"https:\/\/covasna45.ro\/#organization"},"image":{"@id":"https:\/\/covasna45.ro\/index.php\/lumea-noastra\/conferinta-bioecosilva-bioeconomia-o-solutie-pentru-dezvoltarea-mediului-rural\/#primaryimage"},"thumbnailUrl":"https:\/\/covasna45.ro\/wp-content\/uploads\/2023\/11\/1-2-scaled.jpg","keywords":["Bio-Rural","bioeconomie","Biomas\u0103","Green Energy Cluster","Mediul rural","Proiecte"],"articleSection":["Lumea noastr\u0103"],"inLanguage":"ro-RO","potentialAction":[{"@type":"CommentAction","name":"Comment","target":["https:\/\/covasna45.ro\/index.php\/lumea-noastra\/conferinta-bioecosilva-bioeconomia-o-solutie-pentru-dezvoltarea-mediului-rural\/#respond"]}]},{"@type":"WebPage","@id":"https:\/\/covasna45.ro\/index.php\/lumea-noastra\/conferinta-bioecosilva-bioeconomia-o-solutie-pentru-dezvoltarea-mediului-rural\/","url":"https:\/\/covasna45.ro\/index.php\/lumea-noastra\/conferinta-bioecosilva-bioeconomia-o-solutie-pentru-dezvoltarea-mediului-rural\/","name":"Conferin\u021ba BioEcoSilva: Bioeconomia, o solu\u021bie pentru dezvoltarea mediului rural - Covasna45","isPartOf":{"@id":"https:\/\/covasna45.ro\/#website"},"primaryImageOfPage":{"@id":"https:\/\/covasna45.ro\/index.php\/lumea-noastra\/conferinta-bioecosilva-bioeconomia-o-solutie-pentru-dezvoltarea-mediului-rural\/#primaryimage"},"image":{"@id":"https:\/\/covasna45.ro\/index.php\/lumea-noastra\/conferinta-bioecosilva-bioeconomia-o-solutie-pentru-dezvoltarea-mediului-rural\/#primaryimage"},"thumbnailUrl":"https:\/\/covasna45.ro\/wp-content\/uploads\/2023\/11\/1-2-scaled.jpg","datePublished":"2023-11-20T16:45:27+00:00","dateModified":"2023-11-20T16:45:28+00:00","description":"Bioeconomia rural\u0103 - un subiect la ordinea zilei.Nu a lipsit din cadrul conferin\u021bei prezentarea rezultatelor unei cercet\u0103ri \u00een bioeconomie","breadcrumb":{"@id":"https:\/\/covasna45.ro\/index.php\/lumea-noastra\/conferinta-bioecosilva-bioeconomia-o-solutie-pentru-dezvoltarea-mediului-rural\/#breadcrumb"},"inLanguage":"ro-RO","potentialAction":[{"@type":"ReadAction","target":["https:\/\/covasna45.ro\/index.php\/lumea-noastra\/conferinta-bioecosilva-bioeconomia-o-solutie-pentru-dezvoltarea-mediului-rural\/"]}]},{"@type":"ImageObject","inLanguage":"ro-RO","@id":"https:\/\/covasna45.ro\/index.php\/lumea-noastra\/conferinta-bioecosilva-bioeconomia-o-solutie-pentru-dezvoltarea-mediului-rural\/#primaryimage","url":"https:\/\/covasna45.ro\/wp-content\/uploads\/2023\/11\/1-2-scaled.jpg","contentUrl":"https:\/\/covasna45.ro\/wp-content\/uploads\/2023\/11\/1-2-scaled.jpg","width":2560,"height":1920},{"@type":"BreadcrumbList","@id":"https:\/\/covasna45.ro\/index.php\/lumea-noastra\/conferinta-bioecosilva-bioeconomia-o-solutie-pentru-dezvoltarea-mediului-rural\/#breadcrumb","itemListElement":[{"@type":"ListItem","position":1,"name":"Prima pagin\u0103","item":"https:\/\/covasna45.ro\/"},{"@type":"ListItem","position":2,"name":"Conferin\u021ba BioEcoSilva: Bioeconomia, o solu\u021bie pentru dezvoltarea mediului rural"}]},{"@type":"WebSite","@id":"https:\/\/covasna45.ro\/#website","url":"https:\/\/covasna45.ro\/","name":"covasna45.ro","description":"","publisher":{"@id":"https:\/\/covasna45.ro\/#organization"},"potentialAction":[{"@type":"SearchAction","target":{"@type":"EntryPoint","urlTemplate":"https:\/\/covasna45.ro\/?s={search_term_string}"},"query-input":{"@type":"PropertyValueSpecification","valueRequired":true,"valueName":"search_term_string"}}],"inLanguage":"ro-RO"},{"@type":"Organization","@id":"https:\/\/covasna45.ro\/#organization","name":"covasna45.ro","url":"https:\/\/covasna45.ro\/","logo":{"@type":"ImageObject","inLanguage":"ro-RO","@id":"https:\/\/covasna45.ro\/#\/schema\/logo\/image\/","url":"https:\/\/covasna45.ro\/wp-content\/uploads\/2023\/01\/icon_logo.png","contentUrl":"https:\/\/covasna45.ro\/wp-content\/uploads\/2023\/01\/icon_logo.png","width":1900,"height":1900,"caption":"covasna45.ro"},"image":{"@id":"https:\/\/covasna45.ro\/#\/schema\/logo\/image\/"}},{"@type":"Person","@id":"https:\/\/covasna45.ro\/#\/schema\/person\/e674052bd7d95d70bbb007a1060ab73c","name":"Covasna45","image":{"@type":"ImageObject","inLanguage":"ro-RO","@id":"https:\/\/covasna45.ro\/wp-content\/uploads\/2025\/10\/icon_logo_covasna45-150x150.png","url":"https:\/\/covasna45.ro\/wp-content\/uploads\/2025\/10\/icon_logo_covasna45-150x150.png","contentUrl":"https:\/\/covasna45.ro\/wp-content\/uploads\/2025\/10\/icon_logo_covasna45-150x150.png","caption":"Covasna45"},"sameAs":["https:\/\/covasna45.ro"],"url":"https:\/\/covasna45.ro\/index.php\/author\/covasna\/"}]}},"_links":{"self":[{"href":"https:\/\/covasna45.ro\/index.php\/wp-json\/wp\/v2\/posts\/3907","targetHints":{"allow":["GET"]}}],"collection":[{"href":"https:\/\/covasna45.ro\/index.php\/wp-json\/wp\/v2\/posts"}],"about":[{"href":"https:\/\/covasna45.ro\/index.php\/wp-json\/wp\/v2\/types\/post"}],"author":[{"embeddable":true,"href":"https:\/\/covasna45.ro\/index.php\/wp-json\/wp\/v2\/users\/1"}],"replies":[{"embeddable":true,"href":"https:\/\/covasna45.ro\/index.php\/wp-json\/wp\/v2\/comments?post=3907"}],"version-history":[{"count":1,"href":"https:\/\/covasna45.ro\/index.php\/wp-json\/wp\/v2\/posts\/3907\/revisions"}],"predecessor-version":[{"id":3918,"href":"https:\/\/covasna45.ro\/index.php\/wp-json\/wp\/v2\/posts\/3907\/revisions\/3918"}],"wp:featuredmedia":[{"embeddable":true,"href":"https:\/\/covasna45.ro\/index.php\/wp-json\/wp\/v2\/media\/3910"}],"wp:attachment":[{"href":"https:\/\/covasna45.ro\/index.php\/wp-json\/wp\/v2\/media?parent=3907"}],"wp:term":[{"taxonomy":"category","embeddable":true,"href":"https:\/\/covasna45.ro\/index.php\/wp-json\/wp\/v2\/categories?post=3907"},{"taxonomy":"post_tag","embeddable":true,"href":"https:\/\/covasna45.ro\/index.php\/wp-json\/wp\/v2\/tags?post=3907"}],"curies":[{"name":"wp","href":"https:\/\/api.w.org\/{rel}","templated":true}]}}