{"id":3919,"date":"2023-11-21T09:24:41","date_gmt":"2023-11-21T07:24:41","guid":{"rendered":"https:\/\/covasna45.ro\/?p=3919"},"modified":"2023-11-21T09:24:42","modified_gmt":"2023-11-21T07:24:42","slug":"romania-ar-putea-avea-15-judete-in-loc-de-41","status":"publish","type":"post","link":"https:\/\/covasna45.ro\/index.php\/lumea-noastra\/romania-ar-putea-avea-15-judete-in-loc-de-41\/","title":{"rendered":"Rom\u00e2nia ar putea avea 15 jude\u021be \u00een loc de 41"},"content":{"rendered":"\n<p>Rom\u00e2nia ar putea avea doar cu 15 jude\u021be, \u00een loc de 41! Propunerea vine din partea mediului de afaceri \u0219i a celui academic, care au cerut autorit\u0103\u021bilor reorganizarea administrativ-teritorial\u0103 a \u021b\u0103rii. Comunele \u0219i ora\u0219ele vor fi organizate \u0219i redefinite \u00een func\u021bie de num\u0103rul de locuitori, mai arat\u0103 ace\u0219tia.<\/p>\n\n\n\n<p>Scopul? Ar sc\u0103dea num\u0103rul institu\u021biilor \u0219i al angaja\u021bilor din administra\u021bie, iar cheltuielile la buget ar fi mai mici, se arat\u0103 \u00een propunere.<\/p>\n\n\n\n<p>Rom\u00e2nia are 103 municipii, 216 ora\u0219e, mai bine de 2.800 de comune \u0219i 12.900 de sate. Avem comune care au \u00een jur de 80 de locuitori \u0219i ora\u0219e cu pu\u021bin peste o mie. A\u0219a se explic\u0103 s\u0103r\u0103cia \u0219i lipsa de investi\u021bii \u00een multe zone din \u021bar\u0103. Anul trecut, din cele 3.200 de prim\u0103rii doar 47 au reu\u0219it s\u0103 \u00ee\u0219i acopere cheltuielile din taxe \u0219i impozite locale.<\/p>\n\n\n\n<h2 class=\"wp-block-heading\">Reorganizare dup\u0103 modelul Cur\u021bilor de Apel.<\/h2>\n\n\n\n<p>Bogdan Daniel Vi\u0219an, secretar de stat Camera de Comer\u021b \u0219i Industrie: <strong><em>\u201eRedefinirea no\u021biunii de comun\u0103 ca localitate cu cel pu\u021bin 5.000 de locuitori \u0219i oras cu cel pu\u021bin 10.000 de locuitori, totodat\u0103 toate instu\u021biile ar trebuie s\u0103 fie grupate. Reorganizarea administrativ\u0103 propus\u0103 de Camera Na\u021bional\u0103 dup\u0103 modelul Cur\u021bilor de Apel ar aduce reale economii\u201d.<\/em><\/strong><\/p>\n\n\n\n<h2 class=\"wp-block-heading\">Trei jude\u021be care nu au nicio comun\u0103 cu peste 5.000 de locuitori.<\/h2>\n\n\n\n<p><strong><em>\u201eAst\u0103zi avem 2.390 de comune sub 5.000 de locuitori. Deci, 83,5 la sut\u0103 nu \u00eendeplinesc acest criteriu. Avem trei jude\u021be care nu au ast\u0103zi nicio comun\u0103 cu peste 5.000 de locuitori, Cara\u0219 Severin, Hunedoara \u0219i Olt. Trei jude\u021be \u00een care toate comunele ar trebui organizate\u201d,<\/em><\/strong> transmite Cseke Attila, fost ministru al Dezvolt\u0103rii.<\/p>\n","protected":false},"excerpt":{"rendered":"<p>Rom\u00e2nia ar putea avea doar cu 15 jude\u021be, \u00een loc de 41! Propunerea vine din partea mediului de afaceri \u0219i a celui academic, care au cerut autorit\u0103\u021bilor reorganizarea administrativ-teritorial\u0103 a \u021b\u0103rii. Comunele \u0219i ora\u0219ele vor fi organizate \u0219i redefinite \u00een func\u021bie de num\u0103rul de locuitori, mai arat\u0103 ace\u0219tia. Scopul? Ar sc\u0103dea num\u0103rul institu\u021biilor \u0219i al [&hellip;]<\/p>\n","protected":false},"author":1,"featured_media":3920,"comment_status":"open","ping_status":"closed","sticky":false,"template":"","format":"standard","meta":{"tdm_status":"","tdm_grid_status":"","footnotes":""},"categories":[14],"tags":[997,438],"class_list":{"0":"post-3919","1":"post","2":"type-post","3":"status-publish","4":"format-standard","5":"has-post-thumbnail","7":"category-lumea-noastra","8":"tag-judete","9":"tag-reorganizare-administrativa"},"yoast_head":"<!-- This site is optimized with the Yoast SEO plugin v27.5 - https:\/\/yoast.com\/product\/yoast-seo-wordpress\/ -->\n<title>Rom\u00e2nia ar putea avea 15 jude\u021be \u00een loc de 41 - Covasna45<\/title>\n<meta name=\"description\" content=\"Rom\u00e2nia ar putea avea doar cu 15 jude\u021be, \u00een loc de 41! Propunerea vine din partea mediului de afaceri \u0219i a celui academic\" \/>\n<meta name=\"robots\" content=\"index, follow, max-snippet:-1, max-image-preview:large, max-video-preview:-1\" \/>\n<link rel=\"canonical\" href=\"https:\/\/covasna45.ro\/index.php\/lumea-noastra\/romania-ar-putea-avea-15-judete-in-loc-de-41\/\" \/>\n<meta property=\"og:locale\" content=\"ro_RO\" \/>\n<meta property=\"og:type\" content=\"article\" \/>\n<meta property=\"og:title\" content=\"Rom\u00e2nia ar putea avea 15 jude\u021be \u00een loc de 41 - Covasna45\" \/>\n<meta property=\"og:description\" content=\"Rom\u00e2nia ar putea avea doar cu 15 jude\u021be, \u00een loc de 41! Propunerea vine din partea mediului de afaceri \u0219i a celui academic\" \/>\n<meta property=\"og:url\" content=\"https:\/\/covasna45.ro\/index.php\/lumea-noastra\/romania-ar-putea-avea-15-judete-in-loc-de-41\/\" \/>\n<meta property=\"og:site_name\" content=\"Covasna45\" \/>\n<meta property=\"article:published_time\" content=\"2023-11-21T07:24:41+00:00\" \/>\n<meta property=\"article:modified_time\" content=\"2023-11-21T07:24:42+00:00\" \/>\n<meta property=\"og:image\" content=\"https:\/\/covasna45.ro\/wp-content\/uploads\/2023\/11\/15-judete.png\" \/>\n\t<meta property=\"og:image:width\" content=\"1200\" \/>\n\t<meta property=\"og:image:height\" content=\"857\" \/>\n\t<meta property=\"og:image:type\" content=\"image\/png\" \/>\n<meta name=\"author\" content=\"Covasna45\" \/>\n<meta name=\"twitter:card\" content=\"summary_large_image\" \/>\n<meta name=\"twitter:label1\" content=\"Scris de\" \/>\n\t<meta name=\"twitter:data1\" content=\"Covasna45\" \/>\n\t<meta name=\"twitter:label2\" content=\"Timp estimat pentru citire\" \/>\n\t<meta name=\"twitter:data2\" content=\"2 minute\" \/>\n<script type=\"application\/ld+json\" class=\"yoast-schema-graph\">{\"@context\":\"https:\\\/\\\/schema.org\",\"@graph\":[{\"@type\":\"Article\",\"@id\":\"https:\\\/\\\/covasna45.ro\\\/index.php\\\/lumea-noastra\\\/romania-ar-putea-avea-15-judete-in-loc-de-41\\\/#article\",\"isPartOf\":{\"@id\":\"https:\\\/\\\/covasna45.ro\\\/index.php\\\/lumea-noastra\\\/romania-ar-putea-avea-15-judete-in-loc-de-41\\\/\"},\"author\":{\"name\":\"Covasna45\",\"@id\":\"https:\\\/\\\/covasna45.ro\\\/#\\\/schema\\\/person\\\/e674052bd7d95d70bbb007a1060ab73c\"},\"headline\":\"Rom\u00e2nia ar putea avea 15 jude\u021be \u00een loc de 41\",\"datePublished\":\"2023-11-21T07:24:41+00:00\",\"dateModified\":\"2023-11-21T07:24:42+00:00\",\"mainEntityOfPage\":{\"@id\":\"https:\\\/\\\/covasna45.ro\\\/index.php\\\/lumea-noastra\\\/romania-ar-putea-avea-15-judete-in-loc-de-41\\\/\"},\"wordCount\":290,\"commentCount\":2,\"publisher\":{\"@id\":\"https:\\\/\\\/covasna45.ro\\\/#organization\"},\"image\":{\"@id\":\"https:\\\/\\\/covasna45.ro\\\/index.php\\\/lumea-noastra\\\/romania-ar-putea-avea-15-judete-in-loc-de-41\\\/#primaryimage\"},\"thumbnailUrl\":\"https:\\\/\\\/covasna45.ro\\\/wp-content\\\/uploads\\\/2023\\\/11\\\/15-judete.png\",\"keywords\":[\"Jude\u021be\",\"Reorganizare administrativ\u0103\"],\"articleSection\":[\"Lumea noastr\u0103\"],\"inLanguage\":\"ro-RO\",\"potentialAction\":[{\"@type\":\"CommentAction\",\"name\":\"Comment\",\"target\":[\"https:\\\/\\\/covasna45.ro\\\/index.php\\\/lumea-noastra\\\/romania-ar-putea-avea-15-judete-in-loc-de-41\\\/#respond\"]}]},{\"@type\":\"WebPage\",\"@id\":\"https:\\\/\\\/covasna45.ro\\\/index.php\\\/lumea-noastra\\\/romania-ar-putea-avea-15-judete-in-loc-de-41\\\/\",\"url\":\"https:\\\/\\\/covasna45.ro\\\/index.php\\\/lumea-noastra\\\/romania-ar-putea-avea-15-judete-in-loc-de-41\\\/\",\"name\":\"Rom\u00e2nia ar putea avea 15 jude\u021be \u00een loc de 41 - Covasna45\",\"isPartOf\":{\"@id\":\"https:\\\/\\\/covasna45.ro\\\/#website\"},\"primaryImageOfPage\":{\"@id\":\"https:\\\/\\\/covasna45.ro\\\/index.php\\\/lumea-noastra\\\/romania-ar-putea-avea-15-judete-in-loc-de-41\\\/#primaryimage\"},\"image\":{\"@id\":\"https:\\\/\\\/covasna45.ro\\\/index.php\\\/lumea-noastra\\\/romania-ar-putea-avea-15-judete-in-loc-de-41\\\/#primaryimage\"},\"thumbnailUrl\":\"https:\\\/\\\/covasna45.ro\\\/wp-content\\\/uploads\\\/2023\\\/11\\\/15-judete.png\",\"datePublished\":\"2023-11-21T07:24:41+00:00\",\"dateModified\":\"2023-11-21T07:24:42+00:00\",\"description\":\"Rom\u00e2nia ar putea avea doar cu 15 jude\u021be, \u00een loc de 41! Propunerea vine din partea mediului de afaceri \u0219i a celui academic\",\"breadcrumb\":{\"@id\":\"https:\\\/\\\/covasna45.ro\\\/index.php\\\/lumea-noastra\\\/romania-ar-putea-avea-15-judete-in-loc-de-41\\\/#breadcrumb\"},\"inLanguage\":\"ro-RO\",\"potentialAction\":[{\"@type\":\"ReadAction\",\"target\":[\"https:\\\/\\\/covasna45.ro\\\/index.php\\\/lumea-noastra\\\/romania-ar-putea-avea-15-judete-in-loc-de-41\\\/\"]}]},{\"@type\":\"ImageObject\",\"inLanguage\":\"ro-RO\",\"@id\":\"https:\\\/\\\/covasna45.ro\\\/index.php\\\/lumea-noastra\\\/romania-ar-putea-avea-15-judete-in-loc-de-41\\\/#primaryimage\",\"url\":\"https:\\\/\\\/covasna45.ro\\\/wp-content\\\/uploads\\\/2023\\\/11\\\/15-judete.png\",\"contentUrl\":\"https:\\\/\\\/covasna45.ro\\\/wp-content\\\/uploads\\\/2023\\\/11\\\/15-judete.png\",\"width\":1200,\"height\":857},{\"@type\":\"BreadcrumbList\",\"@id\":\"https:\\\/\\\/covasna45.ro\\\/index.php\\\/lumea-noastra\\\/romania-ar-putea-avea-15-judete-in-loc-de-41\\\/#breadcrumb\",\"itemListElement\":[{\"@type\":\"ListItem\",\"position\":1,\"name\":\"Prima pagin\u0103\",\"item\":\"https:\\\/\\\/covasna45.ro\\\/\"},{\"@type\":\"ListItem\",\"position\":2,\"name\":\"Rom\u00e2nia ar putea avea 15 jude\u021be \u00een loc de 41\"}]},{\"@type\":\"WebSite\",\"@id\":\"https:\\\/\\\/covasna45.ro\\\/#website\",\"url\":\"https:\\\/\\\/covasna45.ro\\\/\",\"name\":\"covasna45.ro\",\"description\":\"\",\"publisher\":{\"@id\":\"https:\\\/\\\/covasna45.ro\\\/#organization\"},\"potentialAction\":[{\"@type\":\"SearchAction\",\"target\":{\"@type\":\"EntryPoint\",\"urlTemplate\":\"https:\\\/\\\/covasna45.ro\\\/?s={search_term_string}\"},\"query-input\":{\"@type\":\"PropertyValueSpecification\",\"valueRequired\":true,\"valueName\":\"search_term_string\"}}],\"inLanguage\":\"ro-RO\"},{\"@type\":\"Organization\",\"@id\":\"https:\\\/\\\/covasna45.ro\\\/#organization\",\"name\":\"covasna45.ro\",\"url\":\"https:\\\/\\\/covasna45.ro\\\/\",\"logo\":{\"@type\":\"ImageObject\",\"inLanguage\":\"ro-RO\",\"@id\":\"https:\\\/\\\/covasna45.ro\\\/#\\\/schema\\\/logo\\\/image\\\/\",\"url\":\"https:\\\/\\\/covasna45.ro\\\/wp-content\\\/uploads\\\/2023\\\/01\\\/icon_logo.png\",\"contentUrl\":\"https:\\\/\\\/covasna45.ro\\\/wp-content\\\/uploads\\\/2023\\\/01\\\/icon_logo.png\",\"width\":1900,\"height\":1900,\"caption\":\"covasna45.ro\"},\"image\":{\"@id\":\"https:\\\/\\\/covasna45.ro\\\/#\\\/schema\\\/logo\\\/image\\\/\"}},{\"@type\":\"Person\",\"@id\":\"https:\\\/\\\/covasna45.ro\\\/#\\\/schema\\\/person\\\/e674052bd7d95d70bbb007a1060ab73c\",\"name\":\"Covasna45\",\"image\":{\"@type\":\"ImageObject\",\"inLanguage\":\"ro-RO\",\"@id\":\"https:\\\/\\\/covasna45.ro\\\/wp-content\\\/uploads\\\/2025\\\/10\\\/icon_logo_covasna45-150x150.png\",\"url\":\"https:\\\/\\\/covasna45.ro\\\/wp-content\\\/uploads\\\/2025\\\/10\\\/icon_logo_covasna45-150x150.png\",\"contentUrl\":\"https:\\\/\\\/covasna45.ro\\\/wp-content\\\/uploads\\\/2025\\\/10\\\/icon_logo_covasna45-150x150.png\",\"caption\":\"Covasna45\"},\"sameAs\":[\"https:\\\/\\\/covasna45.ro\"],\"url\":\"https:\\\/\\\/covasna45.ro\\\/index.php\\\/author\\\/covasna\\\/\"}]}<\/script>\n<!-- \/ Yoast SEO plugin. -->","yoast_head_json":{"title":"Rom\u00e2nia ar putea avea 15 jude\u021be \u00een loc de 41 - Covasna45","description":"Rom\u00e2nia ar putea avea doar cu 15 jude\u021be, \u00een loc de 41! Propunerea vine din partea mediului de afaceri \u0219i a celui academic","robots":{"index":"index","follow":"follow","max-snippet":"max-snippet:-1","max-image-preview":"max-image-preview:large","max-video-preview":"max-video-preview:-1"},"canonical":"https:\/\/covasna45.ro\/index.php\/lumea-noastra\/romania-ar-putea-avea-15-judete-in-loc-de-41\/","og_locale":"ro_RO","og_type":"article","og_title":"Rom\u00e2nia ar putea avea 15 jude\u021be \u00een loc de 41 - Covasna45","og_description":"Rom\u00e2nia ar putea avea doar cu 15 jude\u021be, \u00een loc de 41! Propunerea vine din partea mediului de afaceri \u0219i a celui academic","og_url":"https:\/\/covasna45.ro\/index.php\/lumea-noastra\/romania-ar-putea-avea-15-judete-in-loc-de-41\/","og_site_name":"Covasna45","article_published_time":"2023-11-21T07:24:41+00:00","article_modified_time":"2023-11-21T07:24:42+00:00","og_image":[{"width":1200,"height":857,"url":"https:\/\/covasna45.ro\/wp-content\/uploads\/2023\/11\/15-judete.png","type":"image\/png"}],"author":"Covasna45","twitter_card":"summary_large_image","twitter_misc":{"Scris de":"Covasna45","Timp estimat pentru citire":"2 minute"},"schema":{"@context":"https:\/\/schema.org","@graph":[{"@type":"Article","@id":"https:\/\/covasna45.ro\/index.php\/lumea-noastra\/romania-ar-putea-avea-15-judete-in-loc-de-41\/#article","isPartOf":{"@id":"https:\/\/covasna45.ro\/index.php\/lumea-noastra\/romania-ar-putea-avea-15-judete-in-loc-de-41\/"},"author":{"name":"Covasna45","@id":"https:\/\/covasna45.ro\/#\/schema\/person\/e674052bd7d95d70bbb007a1060ab73c"},"headline":"Rom\u00e2nia ar putea avea 15 jude\u021be \u00een loc de 41","datePublished":"2023-11-21T07:24:41+00:00","dateModified":"2023-11-21T07:24:42+00:00","mainEntityOfPage":{"@id":"https:\/\/covasna45.ro\/index.php\/lumea-noastra\/romania-ar-putea-avea-15-judete-in-loc-de-41\/"},"wordCount":290,"commentCount":2,"publisher":{"@id":"https:\/\/covasna45.ro\/#organization"},"image":{"@id":"https:\/\/covasna45.ro\/index.php\/lumea-noastra\/romania-ar-putea-avea-15-judete-in-loc-de-41\/#primaryimage"},"thumbnailUrl":"https:\/\/covasna45.ro\/wp-content\/uploads\/2023\/11\/15-judete.png","keywords":["Jude\u021be","Reorganizare administrativ\u0103"],"articleSection":["Lumea noastr\u0103"],"inLanguage":"ro-RO","potentialAction":[{"@type":"CommentAction","name":"Comment","target":["https:\/\/covasna45.ro\/index.php\/lumea-noastra\/romania-ar-putea-avea-15-judete-in-loc-de-41\/#respond"]}]},{"@type":"WebPage","@id":"https:\/\/covasna45.ro\/index.php\/lumea-noastra\/romania-ar-putea-avea-15-judete-in-loc-de-41\/","url":"https:\/\/covasna45.ro\/index.php\/lumea-noastra\/romania-ar-putea-avea-15-judete-in-loc-de-41\/","name":"Rom\u00e2nia ar putea avea 15 jude\u021be \u00een loc de 41 - Covasna45","isPartOf":{"@id":"https:\/\/covasna45.ro\/#website"},"primaryImageOfPage":{"@id":"https:\/\/covasna45.ro\/index.php\/lumea-noastra\/romania-ar-putea-avea-15-judete-in-loc-de-41\/#primaryimage"},"image":{"@id":"https:\/\/covasna45.ro\/index.php\/lumea-noastra\/romania-ar-putea-avea-15-judete-in-loc-de-41\/#primaryimage"},"thumbnailUrl":"https:\/\/covasna45.ro\/wp-content\/uploads\/2023\/11\/15-judete.png","datePublished":"2023-11-21T07:24:41+00:00","dateModified":"2023-11-21T07:24:42+00:00","description":"Rom\u00e2nia ar putea avea doar cu 15 jude\u021be, \u00een loc de 41! Propunerea vine din partea mediului de afaceri \u0219i a celui academic","breadcrumb":{"@id":"https:\/\/covasna45.ro\/index.php\/lumea-noastra\/romania-ar-putea-avea-15-judete-in-loc-de-41\/#breadcrumb"},"inLanguage":"ro-RO","potentialAction":[{"@type":"ReadAction","target":["https:\/\/covasna45.ro\/index.php\/lumea-noastra\/romania-ar-putea-avea-15-judete-in-loc-de-41\/"]}]},{"@type":"ImageObject","inLanguage":"ro-RO","@id":"https:\/\/covasna45.ro\/index.php\/lumea-noastra\/romania-ar-putea-avea-15-judete-in-loc-de-41\/#primaryimage","url":"https:\/\/covasna45.ro\/wp-content\/uploads\/2023\/11\/15-judete.png","contentUrl":"https:\/\/covasna45.ro\/wp-content\/uploads\/2023\/11\/15-judete.png","width":1200,"height":857},{"@type":"BreadcrumbList","@id":"https:\/\/covasna45.ro\/index.php\/lumea-noastra\/romania-ar-putea-avea-15-judete-in-loc-de-41\/#breadcrumb","itemListElement":[{"@type":"ListItem","position":1,"name":"Prima pagin\u0103","item":"https:\/\/covasna45.ro\/"},{"@type":"ListItem","position":2,"name":"Rom\u00e2nia ar putea avea 15 jude\u021be \u00een loc de 41"}]},{"@type":"WebSite","@id":"https:\/\/covasna45.ro\/#website","url":"https:\/\/covasna45.ro\/","name":"covasna45.ro","description":"","publisher":{"@id":"https:\/\/covasna45.ro\/#organization"},"potentialAction":[{"@type":"SearchAction","target":{"@type":"EntryPoint","urlTemplate":"https:\/\/covasna45.ro\/?s={search_term_string}"},"query-input":{"@type":"PropertyValueSpecification","valueRequired":true,"valueName":"search_term_string"}}],"inLanguage":"ro-RO"},{"@type":"Organization","@id":"https:\/\/covasna45.ro\/#organization","name":"covasna45.ro","url":"https:\/\/covasna45.ro\/","logo":{"@type":"ImageObject","inLanguage":"ro-RO","@id":"https:\/\/covasna45.ro\/#\/schema\/logo\/image\/","url":"https:\/\/covasna45.ro\/wp-content\/uploads\/2023\/01\/icon_logo.png","contentUrl":"https:\/\/covasna45.ro\/wp-content\/uploads\/2023\/01\/icon_logo.png","width":1900,"height":1900,"caption":"covasna45.ro"},"image":{"@id":"https:\/\/covasna45.ro\/#\/schema\/logo\/image\/"}},{"@type":"Person","@id":"https:\/\/covasna45.ro\/#\/schema\/person\/e674052bd7d95d70bbb007a1060ab73c","name":"Covasna45","image":{"@type":"ImageObject","inLanguage":"ro-RO","@id":"https:\/\/covasna45.ro\/wp-content\/uploads\/2025\/10\/icon_logo_covasna45-150x150.png","url":"https:\/\/covasna45.ro\/wp-content\/uploads\/2025\/10\/icon_logo_covasna45-150x150.png","contentUrl":"https:\/\/covasna45.ro\/wp-content\/uploads\/2025\/10\/icon_logo_covasna45-150x150.png","caption":"Covasna45"},"sameAs":["https:\/\/covasna45.ro"],"url":"https:\/\/covasna45.ro\/index.php\/author\/covasna\/"}]}},"_links":{"self":[{"href":"https:\/\/covasna45.ro\/index.php\/wp-json\/wp\/v2\/posts\/3919","targetHints":{"allow":["GET"]}}],"collection":[{"href":"https:\/\/covasna45.ro\/index.php\/wp-json\/wp\/v2\/posts"}],"about":[{"href":"https:\/\/covasna45.ro\/index.php\/wp-json\/wp\/v2\/types\/post"}],"author":[{"embeddable":true,"href":"https:\/\/covasna45.ro\/index.php\/wp-json\/wp\/v2\/users\/1"}],"replies":[{"embeddable":true,"href":"https:\/\/covasna45.ro\/index.php\/wp-json\/wp\/v2\/comments?post=3919"}],"version-history":[{"count":1,"href":"https:\/\/covasna45.ro\/index.php\/wp-json\/wp\/v2\/posts\/3919\/revisions"}],"predecessor-version":[{"id":3921,"href":"https:\/\/covasna45.ro\/index.php\/wp-json\/wp\/v2\/posts\/3919\/revisions\/3921"}],"wp:featuredmedia":[{"embeddable":true,"href":"https:\/\/covasna45.ro\/index.php\/wp-json\/wp\/v2\/media\/3920"}],"wp:attachment":[{"href":"https:\/\/covasna45.ro\/index.php\/wp-json\/wp\/v2\/media?parent=3919"}],"wp:term":[{"taxonomy":"category","embeddable":true,"href":"https:\/\/covasna45.ro\/index.php\/wp-json\/wp\/v2\/categories?post=3919"},{"taxonomy":"post_tag","embeddable":true,"href":"https:\/\/covasna45.ro\/index.php\/wp-json\/wp\/v2\/tags?post=3919"}],"curies":[{"name":"wp","href":"https:\/\/api.w.org\/{rel}","templated":true}]}}