{"id":3922,"date":"2023-11-21T10:02:18","date_gmt":"2023-11-21T08:02:18","guid":{"rendered":"https:\/\/covasna45.ro\/?p=3922"},"modified":"2024-02-29T11:08:53","modified_gmt":"2024-02-29T09:08:53","slug":"uleiul-de-masline-legat-cu-lanturi-in-supermarketurile-din-spania","status":"publish","type":"post","link":"https:\/\/covasna45.ro\/index.php\/lumea-larga\/uleiul-de-masline-legat-cu-lanturi-in-supermarketurile-din-spania\/","title":{"rendered":"Uleiul de m\u0103sline &#8211; legat cu lan\u021buri \u00een supermarketurile din Spania"},"content":{"rendered":"\n<p>Supermarketurile din Spania au \u00eenceput s\u0103 lege sticlele de ulei de g\u0103tit cu lan\u021buri \u00eenchise cu lac\u0103te. Pe m\u0103sur\u0103 ce pre\u021burile cresc, cresc \u0219i furturile, relateaz\u0103 Reuters.<\/p>\n\n\n\n<p>Sticlele de un litru de ulei de m\u0103sline extravirgin se v\u00e2nd cu p\u00e2n\u0103 la 14,5 euro \u00een unele supermarketuri. Astfel, uleiul de m\u0103sline intr\u0103 \u00een categoria produselor pe care comercian\u021bii pun etichete de securitate. La fel ca la b\u0103uturile spirtoase, cosmetice \u0219i electrocasnice.<\/p>\n\n\n\n<p><strong><em>\u201eObservam o cre\u0219tere major\u0103 a furtului din magazine\u201d,<\/em><\/strong> a declarat Ruben Navarro, CEO al lan\u021bului de supermarketuri Tu Super, care opereaz\u0103 30 de magazine \u00een regiunea Andalucia din Spania. <strong><em>\u201eUleiul de m\u0103sline a devenit un produs ideal pentru furat\u201d.<\/em><\/strong><\/p>\n\n\n\n<p>Pre\u021burile uleiului de m\u0103sline, acum oficial la 8 euro pe litru, au crescut cu 150% \u00een ultimii doi ani \u00een Spania, deoarece o secet\u0103 arz\u0103toare din sud a afectat recolta de m\u0103sline. Grupurile infrac\u021bionale organizate fur\u0103 uleiul pentru a-l vinde, a spus Navarro.<\/p>\n\n\n\n<h2 class=\"wp-block-heading\">Lan\u021buri \u0219i lac\u0103te &#8211; m\u0103suri extreme de protec\u021bie.<\/h2>\n\n\n\n<p>Din septembrie, Tu Super a \u00eenl\u0103n\u021buit sticlele mari de 5 litri de ulei de m\u0103sline \u0219i le-a pus lac\u0103t pe rafturi pentru a preveni furtul. <strong><em>\u201eEste o m\u0103sur\u0103 nebuneasc\u0103, extrem\u0103, dar a func\u021bionat\u201d,<\/em><\/strong> a spus Navarro.<\/p>\n\n\n\n<p>Tu Super nu este singurul care \u00eent\u0103re\u0219te securitatea. \u00cen unele supermarketuri Carrefour \u0219i Auchan din Madrid, sticlele de un litru sunt prev\u0103zute cu etichete de securitate. Acestea trebuie \u00eendep\u0103rtate de personal la cas\u0103.<\/p>\n\n\n\n<p>STC, o companie spaniol\u0103 care furnizeaz\u0103 solu\u021bii antifurt comercian\u021bilor cu am\u0103nuntul, a \u00eenregistrat o cre\u0219tere de 12 ori a comenzilor de la supermarketuri. <\/p>\n\n\n\n<p>Poli\u021bia spaniol\u0103 a descoperit furturi de ulei de m\u0103sline din fabrici. \u00cen octombrie, a arestat dou\u0103 persoane \u00een cadrul unei anchete privind furtul a 56 de tone de ulei de m\u0103sline extravirgin.<\/p>\n\n\n\n<p>\u00cen Spania, furturile de obiecte \u00een valoare mai mic\u0103 de 400 de euro nu se pedepsesc dec\u00e2t dac\u0103 este o recidiv\u0103.<\/p>\n\n\n\n<p>Navarro a spus c\u0103 ho\u021bii profit\u0103 de un num\u0103r mai mic de personal din magazine. Comportamentul adesea abuziv al ho\u021bilor fa\u021b\u0103 de muncitori cre\u0219te deficitul de for\u021b\u0103 de munc\u0103.<br><strong><em>\u201ePropriii no\u0219tri lucr\u0103tori tr\u0103iesc cu fric\u0103 dup\u0103 jafuri. Unii dintre ei ajung chiar s\u0103 demisioneze de la locul de munc\u0103\u201d,<\/em><\/strong> a mai spus acesta.<\/p>\n","protected":false},"excerpt":{"rendered":"<p>Supermarketurile din Spania au \u00eenceput s\u0103 lege sticlele de ulei de g\u0103tit cu lan\u021buri \u00eenchise cu lac\u0103te. Pe m\u0103sur\u0103 ce pre\u021burile cresc, cresc \u0219i furturile, relateaz\u0103 Reuters. Sticlele de un litru de ulei de m\u0103sline extravirgin se v\u00e2nd cu p\u00e2n\u0103 la 14,5 euro \u00een unele supermarketuri. Astfel, uleiul de m\u0103sline intr\u0103 \u00een categoria produselor pe [&hellip;]<\/p>\n","protected":false},"author":1,"featured_media":0,"comment_status":"open","ping_status":"closed","sticky":false,"template":"","format":"standard","meta":{"tdm_status":"","tdm_grid_status":"","footnotes":""},"categories":[10],"tags":[1737,1740,1739,1279,1738],"class_list":{"0":"post-3922","1":"post","2":"type-post","3":"status-publish","4":"format-standard","6":"category-lumea-larga","7":"tag-furturi","8":"tag-lacate","10":"tag-spania","11":"tag-ulei-de-masline"},"yoast_head":"<!-- This site is optimized with the Yoast SEO plugin v27.5 - https:\/\/yoast.com\/product\/yoast-seo-wordpress\/ -->\n<title>Uleiul de m\u0103sline - legat cu lan\u021buri \u00een supermarketurile din Spania - Covasna45<\/title>\n<meta name=\"description\" content=\"Supermarketurile din Spania au \u00eenceput s\u0103 lege sticlele de ulei de g\u0103tit cu lan\u021buri \u00eenchise cu lac\u0103te. Pe m\u0103sur\u0103 ce pre\u021burile cresc\" \/>\n<meta name=\"robots\" content=\"index, follow, max-snippet:-1, max-image-preview:large, max-video-preview:-1\" \/>\n<link rel=\"canonical\" href=\"https:\/\/covasna45.ro\/index.php\/lumea-larga\/uleiul-de-masline-legat-cu-lanturi-in-supermarketurile-din-spania\/\" \/>\n<meta property=\"og:locale\" content=\"ro_RO\" \/>\n<meta property=\"og:type\" content=\"article\" \/>\n<meta property=\"og:title\" content=\"Uleiul de m\u0103sline - legat cu lan\u021buri \u00een supermarketurile din Spania - Covasna45\" \/>\n<meta property=\"og:description\" content=\"Supermarketurile din Spania au \u00eenceput s\u0103 lege sticlele de ulei de g\u0103tit cu lan\u021buri \u00eenchise cu lac\u0103te. Pe m\u0103sur\u0103 ce pre\u021burile cresc\" \/>\n<meta property=\"og:url\" content=\"https:\/\/covasna45.ro\/index.php\/lumea-larga\/uleiul-de-masline-legat-cu-lanturi-in-supermarketurile-din-spania\/\" \/>\n<meta property=\"og:site_name\" content=\"Covasna45\" \/>\n<meta property=\"article:published_time\" content=\"2023-11-21T08:02:18+00:00\" \/>\n<meta property=\"article:modified_time\" content=\"2024-02-29T09:08:53+00:00\" \/>\n<meta name=\"author\" content=\"Covasna45\" \/>\n<meta name=\"twitter:card\" content=\"summary_large_image\" \/>\n<meta name=\"twitter:label1\" content=\"Scris de\" \/>\n\t<meta name=\"twitter:data1\" content=\"Covasna45\" \/>\n\t<meta name=\"twitter:label2\" content=\"Timp estimat pentru citire\" \/>\n\t<meta name=\"twitter:data2\" content=\"3 minute\" \/>\n<script type=\"application\/ld+json\" class=\"yoast-schema-graph\">{\"@context\":\"https:\\\/\\\/schema.org\",\"@graph\":[{\"@type\":\"Article\",\"@id\":\"https:\\\/\\\/covasna45.ro\\\/index.php\\\/lumea-larga\\\/uleiul-de-masline-legat-cu-lanturi-in-supermarketurile-din-spania\\\/#article\",\"isPartOf\":{\"@id\":\"https:\\\/\\\/covasna45.ro\\\/index.php\\\/lumea-larga\\\/uleiul-de-masline-legat-cu-lanturi-in-supermarketurile-din-spania\\\/\"},\"author\":{\"name\":\"Covasna45\",\"@id\":\"https:\\\/\\\/covasna45.ro\\\/#\\\/schema\\\/person\\\/e674052bd7d95d70bbb007a1060ab73c\"},\"headline\":\"Uleiul de m\u0103sline &#8211; legat cu lan\u021buri \u00een supermarketurile din Spania\",\"datePublished\":\"2023-11-21T08:02:18+00:00\",\"dateModified\":\"2024-02-29T09:08:53+00:00\",\"mainEntityOfPage\":{\"@id\":\"https:\\\/\\\/covasna45.ro\\\/index.php\\\/lumea-larga\\\/uleiul-de-masline-legat-cu-lanturi-in-supermarketurile-din-spania\\\/\"},\"wordCount\":411,\"commentCount\":0,\"publisher\":{\"@id\":\"https:\\\/\\\/covasna45.ro\\\/#organization\"},\"keywords\":[\"Furturi\",\"Lac\u0103te\",\"Lan\u021buri\",\"Spania\",\"Ulei de m\u0103sline\"],\"articleSection\":[\"Lumea larg\u0103\"],\"inLanguage\":\"ro-RO\",\"potentialAction\":[{\"@type\":\"CommentAction\",\"name\":\"Comment\",\"target\":[\"https:\\\/\\\/covasna45.ro\\\/index.php\\\/lumea-larga\\\/uleiul-de-masline-legat-cu-lanturi-in-supermarketurile-din-spania\\\/#respond\"]}]},{\"@type\":\"WebPage\",\"@id\":\"https:\\\/\\\/covasna45.ro\\\/index.php\\\/lumea-larga\\\/uleiul-de-masline-legat-cu-lanturi-in-supermarketurile-din-spania\\\/\",\"url\":\"https:\\\/\\\/covasna45.ro\\\/index.php\\\/lumea-larga\\\/uleiul-de-masline-legat-cu-lanturi-in-supermarketurile-din-spania\\\/\",\"name\":\"Uleiul de m\u0103sline - legat cu lan\u021buri \u00een supermarketurile din Spania - Covasna45\",\"isPartOf\":{\"@id\":\"https:\\\/\\\/covasna45.ro\\\/#website\"},\"datePublished\":\"2023-11-21T08:02:18+00:00\",\"dateModified\":\"2024-02-29T09:08:53+00:00\",\"description\":\"Supermarketurile din Spania au \u00eenceput s\u0103 lege sticlele de ulei de g\u0103tit cu lan\u021buri \u00eenchise cu lac\u0103te. Pe m\u0103sur\u0103 ce pre\u021burile cresc\",\"breadcrumb\":{\"@id\":\"https:\\\/\\\/covasna45.ro\\\/index.php\\\/lumea-larga\\\/uleiul-de-masline-legat-cu-lanturi-in-supermarketurile-din-spania\\\/#breadcrumb\"},\"inLanguage\":\"ro-RO\",\"potentialAction\":[{\"@type\":\"ReadAction\",\"target\":[\"https:\\\/\\\/covasna45.ro\\\/index.php\\\/lumea-larga\\\/uleiul-de-masline-legat-cu-lanturi-in-supermarketurile-din-spania\\\/\"]}]},{\"@type\":\"BreadcrumbList\",\"@id\":\"https:\\\/\\\/covasna45.ro\\\/index.php\\\/lumea-larga\\\/uleiul-de-masline-legat-cu-lanturi-in-supermarketurile-din-spania\\\/#breadcrumb\",\"itemListElement\":[{\"@type\":\"ListItem\",\"position\":1,\"name\":\"Prima pagin\u0103\",\"item\":\"https:\\\/\\\/covasna45.ro\\\/\"},{\"@type\":\"ListItem\",\"position\":2,\"name\":\"Uleiul de m\u0103sline &#8211; legat cu lan\u021buri \u00een supermarketurile din Spania\"}]},{\"@type\":\"WebSite\",\"@id\":\"https:\\\/\\\/covasna45.ro\\\/#website\",\"url\":\"https:\\\/\\\/covasna45.ro\\\/\",\"name\":\"covasna45.ro\",\"description\":\"\",\"publisher\":{\"@id\":\"https:\\\/\\\/covasna45.ro\\\/#organization\"},\"potentialAction\":[{\"@type\":\"SearchAction\",\"target\":{\"@type\":\"EntryPoint\",\"urlTemplate\":\"https:\\\/\\\/covasna45.ro\\\/?s={search_term_string}\"},\"query-input\":{\"@type\":\"PropertyValueSpecification\",\"valueRequired\":true,\"valueName\":\"search_term_string\"}}],\"inLanguage\":\"ro-RO\"},{\"@type\":\"Organization\",\"@id\":\"https:\\\/\\\/covasna45.ro\\\/#organization\",\"name\":\"covasna45.ro\",\"url\":\"https:\\\/\\\/covasna45.ro\\\/\",\"logo\":{\"@type\":\"ImageObject\",\"inLanguage\":\"ro-RO\",\"@id\":\"https:\\\/\\\/covasna45.ro\\\/#\\\/schema\\\/logo\\\/image\\\/\",\"url\":\"https:\\\/\\\/covasna45.ro\\\/wp-content\\\/uploads\\\/2023\\\/01\\\/icon_logo.png\",\"contentUrl\":\"https:\\\/\\\/covasna45.ro\\\/wp-content\\\/uploads\\\/2023\\\/01\\\/icon_logo.png\",\"width\":1900,\"height\":1900,\"caption\":\"covasna45.ro\"},\"image\":{\"@id\":\"https:\\\/\\\/covasna45.ro\\\/#\\\/schema\\\/logo\\\/image\\\/\"}},{\"@type\":\"Person\",\"@id\":\"https:\\\/\\\/covasna45.ro\\\/#\\\/schema\\\/person\\\/e674052bd7d95d70bbb007a1060ab73c\",\"name\":\"Covasna45\",\"image\":{\"@type\":\"ImageObject\",\"inLanguage\":\"ro-RO\",\"@id\":\"https:\\\/\\\/covasna45.ro\\\/wp-content\\\/uploads\\\/2025\\\/10\\\/icon_logo_covasna45-150x150.png\",\"url\":\"https:\\\/\\\/covasna45.ro\\\/wp-content\\\/uploads\\\/2025\\\/10\\\/icon_logo_covasna45-150x150.png\",\"contentUrl\":\"https:\\\/\\\/covasna45.ro\\\/wp-content\\\/uploads\\\/2025\\\/10\\\/icon_logo_covasna45-150x150.png\",\"caption\":\"Covasna45\"},\"sameAs\":[\"https:\\\/\\\/covasna45.ro\"],\"url\":\"https:\\\/\\\/covasna45.ro\\\/index.php\\\/author\\\/covasna\\\/\"}]}<\/script>\n<!-- \/ Yoast SEO plugin. -->","yoast_head_json":{"title":"Uleiul de m\u0103sline - legat cu lan\u021buri \u00een supermarketurile din Spania - Covasna45","description":"Supermarketurile din Spania au \u00eenceput s\u0103 lege sticlele de ulei de g\u0103tit cu lan\u021buri \u00eenchise cu lac\u0103te. Pe m\u0103sur\u0103 ce pre\u021burile cresc","robots":{"index":"index","follow":"follow","max-snippet":"max-snippet:-1","max-image-preview":"max-image-preview:large","max-video-preview":"max-video-preview:-1"},"canonical":"https:\/\/covasna45.ro\/index.php\/lumea-larga\/uleiul-de-masline-legat-cu-lanturi-in-supermarketurile-din-spania\/","og_locale":"ro_RO","og_type":"article","og_title":"Uleiul de m\u0103sline - legat cu lan\u021buri \u00een supermarketurile din Spania - Covasna45","og_description":"Supermarketurile din Spania au \u00eenceput s\u0103 lege sticlele de ulei de g\u0103tit cu lan\u021buri \u00eenchise cu lac\u0103te. Pe m\u0103sur\u0103 ce pre\u021burile cresc","og_url":"https:\/\/covasna45.ro\/index.php\/lumea-larga\/uleiul-de-masline-legat-cu-lanturi-in-supermarketurile-din-spania\/","og_site_name":"Covasna45","article_published_time":"2023-11-21T08:02:18+00:00","article_modified_time":"2024-02-29T09:08:53+00:00","author":"Covasna45","twitter_card":"summary_large_image","twitter_misc":{"Scris de":"Covasna45","Timp estimat pentru citire":"3 minute"},"schema":{"@context":"https:\/\/schema.org","@graph":[{"@type":"Article","@id":"https:\/\/covasna45.ro\/index.php\/lumea-larga\/uleiul-de-masline-legat-cu-lanturi-in-supermarketurile-din-spania\/#article","isPartOf":{"@id":"https:\/\/covasna45.ro\/index.php\/lumea-larga\/uleiul-de-masline-legat-cu-lanturi-in-supermarketurile-din-spania\/"},"author":{"name":"Covasna45","@id":"https:\/\/covasna45.ro\/#\/schema\/person\/e674052bd7d95d70bbb007a1060ab73c"},"headline":"Uleiul de m\u0103sline &#8211; legat cu lan\u021buri \u00een supermarketurile din Spania","datePublished":"2023-11-21T08:02:18+00:00","dateModified":"2024-02-29T09:08:53+00:00","mainEntityOfPage":{"@id":"https:\/\/covasna45.ro\/index.php\/lumea-larga\/uleiul-de-masline-legat-cu-lanturi-in-supermarketurile-din-spania\/"},"wordCount":411,"commentCount":0,"publisher":{"@id":"https:\/\/covasna45.ro\/#organization"},"keywords":["Furturi","Lac\u0103te","Lan\u021buri","Spania","Ulei de m\u0103sline"],"articleSection":["Lumea larg\u0103"],"inLanguage":"ro-RO","potentialAction":[{"@type":"CommentAction","name":"Comment","target":["https:\/\/covasna45.ro\/index.php\/lumea-larga\/uleiul-de-masline-legat-cu-lanturi-in-supermarketurile-din-spania\/#respond"]}]},{"@type":"WebPage","@id":"https:\/\/covasna45.ro\/index.php\/lumea-larga\/uleiul-de-masline-legat-cu-lanturi-in-supermarketurile-din-spania\/","url":"https:\/\/covasna45.ro\/index.php\/lumea-larga\/uleiul-de-masline-legat-cu-lanturi-in-supermarketurile-din-spania\/","name":"Uleiul de m\u0103sline - legat cu lan\u021buri \u00een supermarketurile din Spania - Covasna45","isPartOf":{"@id":"https:\/\/covasna45.ro\/#website"},"datePublished":"2023-11-21T08:02:18+00:00","dateModified":"2024-02-29T09:08:53+00:00","description":"Supermarketurile din Spania au \u00eenceput s\u0103 lege sticlele de ulei de g\u0103tit cu lan\u021buri \u00eenchise cu lac\u0103te. Pe m\u0103sur\u0103 ce pre\u021burile cresc","breadcrumb":{"@id":"https:\/\/covasna45.ro\/index.php\/lumea-larga\/uleiul-de-masline-legat-cu-lanturi-in-supermarketurile-din-spania\/#breadcrumb"},"inLanguage":"ro-RO","potentialAction":[{"@type":"ReadAction","target":["https:\/\/covasna45.ro\/index.php\/lumea-larga\/uleiul-de-masline-legat-cu-lanturi-in-supermarketurile-din-spania\/"]}]},{"@type":"BreadcrumbList","@id":"https:\/\/covasna45.ro\/index.php\/lumea-larga\/uleiul-de-masline-legat-cu-lanturi-in-supermarketurile-din-spania\/#breadcrumb","itemListElement":[{"@type":"ListItem","position":1,"name":"Prima pagin\u0103","item":"https:\/\/covasna45.ro\/"},{"@type":"ListItem","position":2,"name":"Uleiul de m\u0103sline &#8211; legat cu lan\u021buri \u00een supermarketurile din Spania"}]},{"@type":"WebSite","@id":"https:\/\/covasna45.ro\/#website","url":"https:\/\/covasna45.ro\/","name":"covasna45.ro","description":"","publisher":{"@id":"https:\/\/covasna45.ro\/#organization"},"potentialAction":[{"@type":"SearchAction","target":{"@type":"EntryPoint","urlTemplate":"https:\/\/covasna45.ro\/?s={search_term_string}"},"query-input":{"@type":"PropertyValueSpecification","valueRequired":true,"valueName":"search_term_string"}}],"inLanguage":"ro-RO"},{"@type":"Organization","@id":"https:\/\/covasna45.ro\/#organization","name":"covasna45.ro","url":"https:\/\/covasna45.ro\/","logo":{"@type":"ImageObject","inLanguage":"ro-RO","@id":"https:\/\/covasna45.ro\/#\/schema\/logo\/image\/","url":"https:\/\/covasna45.ro\/wp-content\/uploads\/2023\/01\/icon_logo.png","contentUrl":"https:\/\/covasna45.ro\/wp-content\/uploads\/2023\/01\/icon_logo.png","width":1900,"height":1900,"caption":"covasna45.ro"},"image":{"@id":"https:\/\/covasna45.ro\/#\/schema\/logo\/image\/"}},{"@type":"Person","@id":"https:\/\/covasna45.ro\/#\/schema\/person\/e674052bd7d95d70bbb007a1060ab73c","name":"Covasna45","image":{"@type":"ImageObject","inLanguage":"ro-RO","@id":"https:\/\/covasna45.ro\/wp-content\/uploads\/2025\/10\/icon_logo_covasna45-150x150.png","url":"https:\/\/covasna45.ro\/wp-content\/uploads\/2025\/10\/icon_logo_covasna45-150x150.png","contentUrl":"https:\/\/covasna45.ro\/wp-content\/uploads\/2025\/10\/icon_logo_covasna45-150x150.png","caption":"Covasna45"},"sameAs":["https:\/\/covasna45.ro"],"url":"https:\/\/covasna45.ro\/index.php\/author\/covasna\/"}]}},"_links":{"self":[{"href":"https:\/\/covasna45.ro\/index.php\/wp-json\/wp\/v2\/posts\/3922","targetHints":{"allow":["GET"]}}],"collection":[{"href":"https:\/\/covasna45.ro\/index.php\/wp-json\/wp\/v2\/posts"}],"about":[{"href":"https:\/\/covasna45.ro\/index.php\/wp-json\/wp\/v2\/types\/post"}],"author":[{"embeddable":true,"href":"https:\/\/covasna45.ro\/index.php\/wp-json\/wp\/v2\/users\/1"}],"replies":[{"embeddable":true,"href":"https:\/\/covasna45.ro\/index.php\/wp-json\/wp\/v2\/comments?post=3922"}],"version-history":[{"count":1,"href":"https:\/\/covasna45.ro\/index.php\/wp-json\/wp\/v2\/posts\/3922\/revisions"}],"predecessor-version":[{"id":3924,"href":"https:\/\/covasna45.ro\/index.php\/wp-json\/wp\/v2\/posts\/3922\/revisions\/3924"}],"wp:attachment":[{"href":"https:\/\/covasna45.ro\/index.php\/wp-json\/wp\/v2\/media?parent=3922"}],"wp:term":[{"taxonomy":"category","embeddable":true,"href":"https:\/\/covasna45.ro\/index.php\/wp-json\/wp\/v2\/categories?post=3922"},{"taxonomy":"post_tag","embeddable":true,"href":"https:\/\/covasna45.ro\/index.php\/wp-json\/wp\/v2\/tags?post=3922"}],"curies":[{"name":"wp","href":"https:\/\/api.w.org\/{rel}","templated":true}]}}