{"id":3934,"date":"2023-11-21T17:25:55","date_gmt":"2023-11-21T15:25:55","guid":{"rendered":"https:\/\/covasna45.ro\/?p=3934"},"modified":"2023-11-21T17:25:55","modified_gmt":"2023-11-21T15:25:55","slug":"asfor-inca-o-conferinta-importanta-la-sfantu-gheorghe","status":"publish","type":"post","link":"https:\/\/covasna45.ro\/index.php\/lumea-noastra\/asfor-inca-o-conferinta-importanta-la-sfantu-gheorghe\/","title":{"rendered":"ASFOR, \u00eenc\u0103 o conferin\u021b\u0103 important\u0103 la Sf\u00e2ntu Gheorghe"},"content":{"rendered":"\n<p>Anul acesta, Asocia\u021bia Forestierilor din Rom\u00e2nia &#8211; ASFOR a organizat aproape lunar conferin\u021be dedicate unei mai bune cunoa\u0219teri a sectorului forestier \u0219i de prelucrare primar\u0103 a lemnului. <strong><em>\u201eAm considerat c\u0103 este important ca oamenii s\u0103 \u0219tie adev\u0103rul despre cei care lucreaz\u0103 \u00een acest sector. S\u0103 cunoasc\u0103 provoc\u0103rile \u0219i dificult\u0103\u021bile acestuia. \u0218i, la fel de important, s\u0103 afle c\u0103 avem solu\u021bii pentru a progresa<\/em><\/strong>.<strong><em> Pentru a cre\u0219te calitatea vie\u021bii oamenilor \u0219i pentru a cre\u0219te contribu\u021bia acestui sector la PIB-ul Rom\u00e2niei,\u201d<\/em><\/strong> spune Ciprian Dumitru Musc\u0103, pre\u0219edintele ASFOR.<\/p>\n\n\n\n<figure class=\"wp-block-image size-full\"><img loading=\"lazy\" decoding=\"async\" width=\"1024\" height=\"677\" src=\"https:\/\/covasna45.ro\/wp-content\/uploads\/2023\/11\/musca.jpg\" alt=\"\" class=\"wp-image-3937\" srcset=\"https:\/\/covasna45.ro\/wp-content\/uploads\/2023\/11\/musca.jpg 1024w, https:\/\/covasna45.ro\/wp-content\/uploads\/2023\/11\/musca-300x198.jpg 300w, https:\/\/covasna45.ro\/wp-content\/uploads\/2023\/11\/musca-768x508.jpg 768w, https:\/\/covasna45.ro\/wp-content\/uploads\/2023\/11\/musca-150x99.jpg 150w, https:\/\/covasna45.ro\/wp-content\/uploads\/2023\/11\/musca-696x460.jpg 696w\" sizes=\"auto, (max-width: 1024px) 100vw, 1024px\" \/><figcaption class=\"wp-element-caption\">Ciprian Dumitru Musc\u0103, pre\u0219edintele ASFOR<\/figcaption><\/figure>\n\n\n\n<p>Vineri, 17 noiembrie, ASFOR a organizat o nou\u0103 conferin\u021b\u0103 la Sf\u00e2ntu Gheorghe. Tema a fost <strong><em>\u201eBiomasa forestier\u0103, surs\u0103 local\u0103 de energie regenerabil\u0103\u201d<\/em><\/strong>. Parteneri au fost clusterele \u201eProWood\u201d \u0219i \u201eGreen Energy\u201d din Sf\u00e2ntu Gheorghe.<\/p>\n\n\n\n<h2 class=\"wp-block-heading\">Biomasa forestier\u0103 este recunoscut\u0103 \u00een UE ca surs\u0103 de energie verde, precizeaz\u0103 ASFOR.<\/h2>\n\n\n\n<p>Cre\u0219terea utiliz\u0103rii biomasei \u00een UE contribuie la diversificarea aprovizion\u0103rii cu energie a Europei. Produce cre\u0219tere economic\u0103 \u0219i cre\u0219terea num\u0103rului de locuri de munc\u0103. De asemenea, contribuie la reducerea emisiilor de gaze cu efect de ser\u0103.<\/p>\n\n\n\n<p>\u00cen jur de 3,5 milioane de gospod\u0103rii din Rom\u00e2nia se \u00eenc\u0103lzesc cu lemne. Biomasa forestier\u0103 este o resurs\u0103 care, cu politici publice adecvate, poate contribui decisiv la rezolvarea problemei \u00eenc\u0103lzirii \u00een mediul rural, \u00een ora\u0219ele mici, dar \u0219i \u00een companii.<\/p>\n\n\n\n<figure class=\"wp-block-image size-large\"><img loading=\"lazy\" decoding=\"async\" width=\"1024\" height=\"768\" src=\"https:\/\/covasna45.ro\/wp-content\/uploads\/2023\/11\/2-2-1024x768.jpg\" alt=\"\" class=\"wp-image-3940\" srcset=\"https:\/\/covasna45.ro\/wp-content\/uploads\/2023\/11\/2-2-1024x768.jpg 1024w, https:\/\/covasna45.ro\/wp-content\/uploads\/2023\/11\/2-2-300x225.jpg 300w, https:\/\/covasna45.ro\/wp-content\/uploads\/2023\/11\/2-2-768x576.jpg 768w, https:\/\/covasna45.ro\/wp-content\/uploads\/2023\/11\/2-2-1536x1152.jpg 1536w, https:\/\/covasna45.ro\/wp-content\/uploads\/2023\/11\/2-2-2048x1536.jpg 2048w, https:\/\/covasna45.ro\/wp-content\/uploads\/2023\/11\/2-2-150x113.jpg 150w, https:\/\/covasna45.ro\/wp-content\/uploads\/2023\/11\/2-2-696x522.jpg 696w, https:\/\/covasna45.ro\/wp-content\/uploads\/2023\/11\/2-2-1068x801.jpg 1068w, https:\/\/covasna45.ro\/wp-content\/uploads\/2023\/11\/2-2-1920x1440.jpg 1920w\" sizes=\"auto, (max-width: 1024px) 100vw, 1024px\" \/><\/figure>\n\n\n\n<p><strong><em>\u201eAvem aceast\u0103 resurs\u0103<\/em><\/strong>.<strong><em> De ce s\u0103 nu o folosim la justa ei valoare, a\u0219a cum se \u00eent\u00e2mpl\u0103 \u00een statele europene cu sectoare forestiere puternice?\u201d<\/em><\/strong>, spune pre\u0219edintele ASFOR.<\/p>\n\n\n\n<h2 class=\"wp-block-heading\"><em>\u201e<strong>Avem modele eficiente de folosire a biomasei forestiere. Putem merge mai departe &#8211; nici un sat f\u0103r\u0103 1 Megawatt!<\/strong>\u201d<\/em><\/h2>\n\n\n\n<p>\u201e<strong><em>Rom\u00e2na poate avea un proiect de \u021bar\u0103 care s\u0103 pun\u0103 \u00een valoare biomasa forestier\u0103 \u0219i agricol\u0103 care se risipe\u0219te \u00een fiecare prim\u0103var\u0103 \u0219i toamn\u0103 prin incendieri de cele mai multe ori necontrolate \u0219i ilegale.\u201d<\/em><\/strong><\/p>\n\n\n\n<p><strong><em>\u201eLa Sf\u00e2ntu Gheorghe am v\u0103zut acest model, modular, care permite producerea de energie termic\u0103 prin arderea resturilor provenite din silvicultur\u0103 \u0219i agricultur\u0103. Acest model poate fi transformat \u00eentr-un proiect de \u021bar\u0103. Poate finan\u021bat prin programe de dezvoltare local\u0103\u201d,<\/em><\/strong> a ad\u0103ugat Ciprian Dumitru Musc\u0103.<\/p>\n\n\n\n<p>Extinderea folosirii centralelor pe biomas\u0103 lemnoas\u0103 la nivel na\u021bional \u00een comunit\u0103\u021bile rurale este mai mult dec\u00e2t necesar\u0103. Resturile lemnoase rezultate din exploat\u0103rile forestiere care azi sunt abandonate \u00een p\u0103dure reprezint\u0103 o resurs\u0103 care poate fi \u0219i trebuie folosit\u0103. F\u0103r\u0103 a afecta gestionarea durabil\u0103 a p\u0103durii, acestea reprezint\u0103 de fapt o materie prim\u0103 accesibil\u0103, ecologic\u0103, ieftin\u0103 \u0219i eficient\u0103 pentru producerea de energie electric\u0103 \u0219i\/sau termic\u0103. La fel ca de\u0219eurile rezultate din prelucrarea lemnului.<\/p>\n\n\n\n<figure class=\"wp-block-image size-full\"><img loading=\"lazy\" decoding=\"async\" width=\"1024\" height=\"768\" src=\"https:\/\/covasna45.ro\/wp-content\/uploads\/2023\/11\/bagoly.jpg\" alt=\"\" class=\"wp-image-3938\" srcset=\"https:\/\/covasna45.ro\/wp-content\/uploads\/2023\/11\/bagoly.jpg 1024w, https:\/\/covasna45.ro\/wp-content\/uploads\/2023\/11\/bagoly-300x225.jpg 300w, https:\/\/covasna45.ro\/wp-content\/uploads\/2023\/11\/bagoly-768x576.jpg 768w, https:\/\/covasna45.ro\/wp-content\/uploads\/2023\/11\/bagoly-150x113.jpg 150w, https:\/\/covasna45.ro\/wp-content\/uploads\/2023\/11\/bagoly-696x522.jpg 696w\" sizes=\"auto, (max-width: 1024px) 100vw, 1024px\" \/><figcaption class=\"wp-element-caption\">Bagoly Mikl\u00f3s Levente, pre\u0219edintele ProWood<\/figcaption><\/figure>\n\n\n\n<p>Invita\u021bii ASFOR au prezentat formule de centrale termice alimentate cu biomas\u0103 \u0219i au dat mai multe exemple de bune practici. Sunt sate \u00een care \u00eenc\u0103lzirea cl\u0103dirilor publice (prim\u0103rie, \u0219coal\u0103, gr\u0103dini\u021b\u0103, cabinet medical etc) este rezolvat\u0103 curat \u0219i eficient cu aceste sisteme. Un astfel de exemplu este Ghelin\u021ba, din jude\u021bul Covasna.<\/p>\n\n\n\n<figure class=\"wp-block-image size-full\"><img loading=\"lazy\" decoding=\"async\" width=\"1024\" height=\"768\" src=\"https:\/\/covasna45.ro\/wp-content\/uploads\/2023\/11\/centrala-casarbor.jpg\" alt=\"\" class=\"wp-image-3939\" srcset=\"https:\/\/covasna45.ro\/wp-content\/uploads\/2023\/11\/centrala-casarbor.jpg 1024w, https:\/\/covasna45.ro\/wp-content\/uploads\/2023\/11\/centrala-casarbor-300x225.jpg 300w, https:\/\/covasna45.ro\/wp-content\/uploads\/2023\/11\/centrala-casarbor-768x576.jpg 768w, https:\/\/covasna45.ro\/wp-content\/uploads\/2023\/11\/centrala-casarbor-150x113.jpg 150w, https:\/\/covasna45.ro\/wp-content\/uploads\/2023\/11\/centrala-casarbor-696x522.jpg 696w\" sizes=\"auto, (max-width: 1024px) 100vw, 1024px\" \/><\/figure>\n\n\n\n<p>Dup\u0103 o serie de prezent\u0103ri \u0219i discu\u021bii, invita\u021bii au vizitat fabrica \u0219i centrala cu biomas\u0103 a a firmei CasArbor. Firma produce case din lemn \u0219i a fost gazda acestui eveniment. CasArbor \u00ee\u0219i asigur\u0103 necesarul tehnologic de agent termic folosind dou\u0103 astfel de centrale. Ambele, automatizate integral.<\/p>\n\n\n\n<p>La conferin\u021b\u0103 au participat reprezentan\u021bi ai Ministerului Mediului, Apelor \u0219i P\u0103durilor, ai administra\u021biilor publice locale, antreprenori, cadre universitare \u0219i studen\u021bi.<\/p>\n\n\n\n<figure class=\"wp-block-image size-large\"><img loading=\"lazy\" decoding=\"async\" width=\"1024\" height=\"1024\" src=\"https:\/\/covasna45.ro\/wp-content\/uploads\/2023\/11\/biomasa_3-1024x1024.jpg\" alt=\"\" class=\"wp-image-3941\" srcset=\"https:\/\/covasna45.ro\/wp-content\/uploads\/2023\/11\/biomasa_3-1024x1024.jpg 1024w, https:\/\/covasna45.ro\/wp-content\/uploads\/2023\/11\/biomasa_3-300x300.jpg 300w, https:\/\/covasna45.ro\/wp-content\/uploads\/2023\/11\/biomasa_3-150x150.jpg 150w, https:\/\/covasna45.ro\/wp-content\/uploads\/2023\/11\/biomasa_3-768x768.jpg 768w, https:\/\/covasna45.ro\/wp-content\/uploads\/2023\/11\/biomasa_3-696x696.jpg 696w, https:\/\/covasna45.ro\/wp-content\/uploads\/2023\/11\/biomasa_3-1068x1068.jpg 1068w, https:\/\/covasna45.ro\/wp-content\/uploads\/2023\/11\/biomasa_3.jpg 1080w\" sizes=\"auto, (max-width: 1024px) 100vw, 1024px\" \/><\/figure>\n","protected":false},"excerpt":{"rendered":"<p>Anul acesta, Asocia\u021bia Forestierilor din Rom\u00e2nia &#8211; ASFOR a organizat aproape lunar conferin\u021be dedicate unei mai bune cunoa\u0219teri a sectorului forestier \u0219i de prelucrare primar\u0103 a lemnului. \u201eAm considerat c\u0103 este important ca oamenii s\u0103 \u0219tie adev\u0103rul despre cei care lucreaz\u0103 \u00een acest sector. S\u0103 cunoasc\u0103 provoc\u0103rile \u0219i dificult\u0103\u021bile acestuia. \u0218i, la fel de important, [&hellip;]<\/p>\n","protected":false},"author":1,"featured_media":3936,"comment_status":"open","ping_status":"closed","sticky":false,"template":"","format":"standard","meta":{"tdm_status":"","tdm_grid_status":"","footnotes":""},"categories":[14],"tags":[877,1735,1743],"class_list":{"0":"post-3934","1":"post","2":"type-post","3":"status-publish","4":"format-standard","5":"has-post-thumbnail","7":"category-lumea-noastra","8":"tag-asfor","9":"tag-green-energy-cluster","10":"tag-pro-wood-cluster"},"yoast_head":"<!-- This site is optimized with the Yoast SEO plugin v27.5 - https:\/\/yoast.com\/product\/yoast-seo-wordpress\/ -->\n<title>ASFOR, \u00eenc\u0103 o conferin\u021b\u0103 important\u0103 la Sf\u00e2ntu Gheorghe - Covasna45<\/title>\n<meta name=\"description\" content=\"Invita\u021bii ASFOR au prezentat formule de centrale termice alimentate cu biomas\u0103 \u0219i au dat mai multe exemple de bune practici.\" \/>\n<meta name=\"robots\" content=\"index, follow, max-snippet:-1, max-image-preview:large, max-video-preview:-1\" \/>\n<link rel=\"canonical\" href=\"https:\/\/covasna45.ro\/index.php\/lumea-noastra\/asfor-inca-o-conferinta-importanta-la-sfantu-gheorghe\/\" \/>\n<meta property=\"og:locale\" content=\"ro_RO\" \/>\n<meta property=\"og:type\" content=\"article\" \/>\n<meta property=\"og:title\" content=\"ASFOR, \u00eenc\u0103 o conferin\u021b\u0103 important\u0103 la Sf\u00e2ntu Gheorghe - Covasna45\" \/>\n<meta property=\"og:description\" content=\"Invita\u021bii ASFOR au prezentat formule de centrale termice alimentate cu biomas\u0103 \u0219i au dat mai multe exemple de bune practici.\" \/>\n<meta property=\"og:url\" content=\"https:\/\/covasna45.ro\/index.php\/lumea-noastra\/asfor-inca-o-conferinta-importanta-la-sfantu-gheorghe\/\" \/>\n<meta property=\"og:site_name\" content=\"Covasna45\" \/>\n<meta property=\"article:published_time\" content=\"2023-11-21T15:25:55+00:00\" \/>\n<meta property=\"og:image\" content=\"https:\/\/covasna45.ro\/wp-content\/uploads\/2023\/11\/1-3-scaled.jpg\" \/>\n\t<meta property=\"og:image:width\" content=\"2560\" \/>\n\t<meta property=\"og:image:height\" content=\"1920\" \/>\n\t<meta property=\"og:image:type\" content=\"image\/jpeg\" \/>\n<meta name=\"author\" content=\"Covasna45\" \/>\n<meta name=\"twitter:card\" content=\"summary_large_image\" \/>\n<meta name=\"twitter:label1\" content=\"Scris de\" \/>\n\t<meta name=\"twitter:data1\" content=\"Covasna45\" \/>\n\t<meta name=\"twitter:label2\" content=\"Timp estimat pentru citire\" \/>\n\t<meta name=\"twitter:data2\" content=\"4 minute\" \/>\n<script type=\"application\/ld+json\" class=\"yoast-schema-graph\">{\"@context\":\"https:\\\/\\\/schema.org\",\"@graph\":[{\"@type\":\"Article\",\"@id\":\"https:\\\/\\\/covasna45.ro\\\/index.php\\\/lumea-noastra\\\/asfor-inca-o-conferinta-importanta-la-sfantu-gheorghe\\\/#article\",\"isPartOf\":{\"@id\":\"https:\\\/\\\/covasna45.ro\\\/index.php\\\/lumea-noastra\\\/asfor-inca-o-conferinta-importanta-la-sfantu-gheorghe\\\/\"},\"author\":{\"name\":\"Covasna45\",\"@id\":\"https:\\\/\\\/covasna45.ro\\\/#\\\/schema\\\/person\\\/e674052bd7d95d70bbb007a1060ab73c\"},\"headline\":\"ASFOR, \u00eenc\u0103 o conferin\u021b\u0103 important\u0103 la Sf\u00e2ntu Gheorghe\",\"datePublished\":\"2023-11-21T15:25:55+00:00\",\"mainEntityOfPage\":{\"@id\":\"https:\\\/\\\/covasna45.ro\\\/index.php\\\/lumea-noastra\\\/asfor-inca-o-conferinta-importanta-la-sfantu-gheorghe\\\/\"},\"wordCount\":597,\"commentCount\":0,\"publisher\":{\"@id\":\"https:\\\/\\\/covasna45.ro\\\/#organization\"},\"image\":{\"@id\":\"https:\\\/\\\/covasna45.ro\\\/index.php\\\/lumea-noastra\\\/asfor-inca-o-conferinta-importanta-la-sfantu-gheorghe\\\/#primaryimage\"},\"thumbnailUrl\":\"https:\\\/\\\/covasna45.ro\\\/wp-content\\\/uploads\\\/2023\\\/11\\\/1-3-scaled.jpg\",\"keywords\":[\"ASFOR\",\"Green Energy Cluster\",\"Pro Wood Cluster\"],\"articleSection\":[\"Lumea noastr\u0103\"],\"inLanguage\":\"ro-RO\",\"potentialAction\":[{\"@type\":\"CommentAction\",\"name\":\"Comment\",\"target\":[\"https:\\\/\\\/covasna45.ro\\\/index.php\\\/lumea-noastra\\\/asfor-inca-o-conferinta-importanta-la-sfantu-gheorghe\\\/#respond\"]}]},{\"@type\":\"WebPage\",\"@id\":\"https:\\\/\\\/covasna45.ro\\\/index.php\\\/lumea-noastra\\\/asfor-inca-o-conferinta-importanta-la-sfantu-gheorghe\\\/\",\"url\":\"https:\\\/\\\/covasna45.ro\\\/index.php\\\/lumea-noastra\\\/asfor-inca-o-conferinta-importanta-la-sfantu-gheorghe\\\/\",\"name\":\"ASFOR, \u00eenc\u0103 o conferin\u021b\u0103 important\u0103 la Sf\u00e2ntu Gheorghe - Covasna45\",\"isPartOf\":{\"@id\":\"https:\\\/\\\/covasna45.ro\\\/#website\"},\"primaryImageOfPage\":{\"@id\":\"https:\\\/\\\/covasna45.ro\\\/index.php\\\/lumea-noastra\\\/asfor-inca-o-conferinta-importanta-la-sfantu-gheorghe\\\/#primaryimage\"},\"image\":{\"@id\":\"https:\\\/\\\/covasna45.ro\\\/index.php\\\/lumea-noastra\\\/asfor-inca-o-conferinta-importanta-la-sfantu-gheorghe\\\/#primaryimage\"},\"thumbnailUrl\":\"https:\\\/\\\/covasna45.ro\\\/wp-content\\\/uploads\\\/2023\\\/11\\\/1-3-scaled.jpg\",\"datePublished\":\"2023-11-21T15:25:55+00:00\",\"description\":\"Invita\u021bii ASFOR au prezentat formule de centrale termice alimentate cu biomas\u0103 \u0219i au dat mai multe exemple de bune practici.\",\"breadcrumb\":{\"@id\":\"https:\\\/\\\/covasna45.ro\\\/index.php\\\/lumea-noastra\\\/asfor-inca-o-conferinta-importanta-la-sfantu-gheorghe\\\/#breadcrumb\"},\"inLanguage\":\"ro-RO\",\"potentialAction\":[{\"@type\":\"ReadAction\",\"target\":[\"https:\\\/\\\/covasna45.ro\\\/index.php\\\/lumea-noastra\\\/asfor-inca-o-conferinta-importanta-la-sfantu-gheorghe\\\/\"]}]},{\"@type\":\"ImageObject\",\"inLanguage\":\"ro-RO\",\"@id\":\"https:\\\/\\\/covasna45.ro\\\/index.php\\\/lumea-noastra\\\/asfor-inca-o-conferinta-importanta-la-sfantu-gheorghe\\\/#primaryimage\",\"url\":\"https:\\\/\\\/covasna45.ro\\\/wp-content\\\/uploads\\\/2023\\\/11\\\/1-3-scaled.jpg\",\"contentUrl\":\"https:\\\/\\\/covasna45.ro\\\/wp-content\\\/uploads\\\/2023\\\/11\\\/1-3-scaled.jpg\",\"width\":2560,\"height\":1920},{\"@type\":\"BreadcrumbList\",\"@id\":\"https:\\\/\\\/covasna45.ro\\\/index.php\\\/lumea-noastra\\\/asfor-inca-o-conferinta-importanta-la-sfantu-gheorghe\\\/#breadcrumb\",\"itemListElement\":[{\"@type\":\"ListItem\",\"position\":1,\"name\":\"Prima pagin\u0103\",\"item\":\"https:\\\/\\\/covasna45.ro\\\/\"},{\"@type\":\"ListItem\",\"position\":2,\"name\":\"ASFOR, \u00eenc\u0103 o conferin\u021b\u0103 important\u0103 la Sf\u00e2ntu Gheorghe\"}]},{\"@type\":\"WebSite\",\"@id\":\"https:\\\/\\\/covasna45.ro\\\/#website\",\"url\":\"https:\\\/\\\/covasna45.ro\\\/\",\"name\":\"covasna45.ro\",\"description\":\"\",\"publisher\":{\"@id\":\"https:\\\/\\\/covasna45.ro\\\/#organization\"},\"potentialAction\":[{\"@type\":\"SearchAction\",\"target\":{\"@type\":\"EntryPoint\",\"urlTemplate\":\"https:\\\/\\\/covasna45.ro\\\/?s={search_term_string}\"},\"query-input\":{\"@type\":\"PropertyValueSpecification\",\"valueRequired\":true,\"valueName\":\"search_term_string\"}}],\"inLanguage\":\"ro-RO\"},{\"@type\":\"Organization\",\"@id\":\"https:\\\/\\\/covasna45.ro\\\/#organization\",\"name\":\"covasna45.ro\",\"url\":\"https:\\\/\\\/covasna45.ro\\\/\",\"logo\":{\"@type\":\"ImageObject\",\"inLanguage\":\"ro-RO\",\"@id\":\"https:\\\/\\\/covasna45.ro\\\/#\\\/schema\\\/logo\\\/image\\\/\",\"url\":\"https:\\\/\\\/covasna45.ro\\\/wp-content\\\/uploads\\\/2023\\\/01\\\/icon_logo.png\",\"contentUrl\":\"https:\\\/\\\/covasna45.ro\\\/wp-content\\\/uploads\\\/2023\\\/01\\\/icon_logo.png\",\"width\":1900,\"height\":1900,\"caption\":\"covasna45.ro\"},\"image\":{\"@id\":\"https:\\\/\\\/covasna45.ro\\\/#\\\/schema\\\/logo\\\/image\\\/\"}},{\"@type\":\"Person\",\"@id\":\"https:\\\/\\\/covasna45.ro\\\/#\\\/schema\\\/person\\\/e674052bd7d95d70bbb007a1060ab73c\",\"name\":\"Covasna45\",\"image\":{\"@type\":\"ImageObject\",\"inLanguage\":\"ro-RO\",\"@id\":\"https:\\\/\\\/covasna45.ro\\\/wp-content\\\/uploads\\\/2025\\\/10\\\/icon_logo_covasna45-150x150.png\",\"url\":\"https:\\\/\\\/covasna45.ro\\\/wp-content\\\/uploads\\\/2025\\\/10\\\/icon_logo_covasna45-150x150.png\",\"contentUrl\":\"https:\\\/\\\/covasna45.ro\\\/wp-content\\\/uploads\\\/2025\\\/10\\\/icon_logo_covasna45-150x150.png\",\"caption\":\"Covasna45\"},\"sameAs\":[\"https:\\\/\\\/covasna45.ro\"],\"url\":\"https:\\\/\\\/covasna45.ro\\\/index.php\\\/author\\\/covasna\\\/\"}]}<\/script>\n<!-- \/ Yoast SEO plugin. -->","yoast_head_json":{"title":"ASFOR, \u00eenc\u0103 o conferin\u021b\u0103 important\u0103 la Sf\u00e2ntu Gheorghe - Covasna45","description":"Invita\u021bii ASFOR au prezentat formule de centrale termice alimentate cu biomas\u0103 \u0219i au dat mai multe exemple de bune practici.","robots":{"index":"index","follow":"follow","max-snippet":"max-snippet:-1","max-image-preview":"max-image-preview:large","max-video-preview":"max-video-preview:-1"},"canonical":"https:\/\/covasna45.ro\/index.php\/lumea-noastra\/asfor-inca-o-conferinta-importanta-la-sfantu-gheorghe\/","og_locale":"ro_RO","og_type":"article","og_title":"ASFOR, \u00eenc\u0103 o conferin\u021b\u0103 important\u0103 la Sf\u00e2ntu Gheorghe - Covasna45","og_description":"Invita\u021bii ASFOR au prezentat formule de centrale termice alimentate cu biomas\u0103 \u0219i au dat mai multe exemple de bune practici.","og_url":"https:\/\/covasna45.ro\/index.php\/lumea-noastra\/asfor-inca-o-conferinta-importanta-la-sfantu-gheorghe\/","og_site_name":"Covasna45","article_published_time":"2023-11-21T15:25:55+00:00","og_image":[{"width":2560,"height":1920,"url":"https:\/\/covasna45.ro\/wp-content\/uploads\/2023\/11\/1-3-scaled.jpg","type":"image\/jpeg"}],"author":"Covasna45","twitter_card":"summary_large_image","twitter_misc":{"Scris de":"Covasna45","Timp estimat pentru citire":"4 minute"},"schema":{"@context":"https:\/\/schema.org","@graph":[{"@type":"Article","@id":"https:\/\/covasna45.ro\/index.php\/lumea-noastra\/asfor-inca-o-conferinta-importanta-la-sfantu-gheorghe\/#article","isPartOf":{"@id":"https:\/\/covasna45.ro\/index.php\/lumea-noastra\/asfor-inca-o-conferinta-importanta-la-sfantu-gheorghe\/"},"author":{"name":"Covasna45","@id":"https:\/\/covasna45.ro\/#\/schema\/person\/e674052bd7d95d70bbb007a1060ab73c"},"headline":"ASFOR, \u00eenc\u0103 o conferin\u021b\u0103 important\u0103 la Sf\u00e2ntu Gheorghe","datePublished":"2023-11-21T15:25:55+00:00","mainEntityOfPage":{"@id":"https:\/\/covasna45.ro\/index.php\/lumea-noastra\/asfor-inca-o-conferinta-importanta-la-sfantu-gheorghe\/"},"wordCount":597,"commentCount":0,"publisher":{"@id":"https:\/\/covasna45.ro\/#organization"},"image":{"@id":"https:\/\/covasna45.ro\/index.php\/lumea-noastra\/asfor-inca-o-conferinta-importanta-la-sfantu-gheorghe\/#primaryimage"},"thumbnailUrl":"https:\/\/covasna45.ro\/wp-content\/uploads\/2023\/11\/1-3-scaled.jpg","keywords":["ASFOR","Green Energy Cluster","Pro Wood Cluster"],"articleSection":["Lumea noastr\u0103"],"inLanguage":"ro-RO","potentialAction":[{"@type":"CommentAction","name":"Comment","target":["https:\/\/covasna45.ro\/index.php\/lumea-noastra\/asfor-inca-o-conferinta-importanta-la-sfantu-gheorghe\/#respond"]}]},{"@type":"WebPage","@id":"https:\/\/covasna45.ro\/index.php\/lumea-noastra\/asfor-inca-o-conferinta-importanta-la-sfantu-gheorghe\/","url":"https:\/\/covasna45.ro\/index.php\/lumea-noastra\/asfor-inca-o-conferinta-importanta-la-sfantu-gheorghe\/","name":"ASFOR, \u00eenc\u0103 o conferin\u021b\u0103 important\u0103 la Sf\u00e2ntu Gheorghe - Covasna45","isPartOf":{"@id":"https:\/\/covasna45.ro\/#website"},"primaryImageOfPage":{"@id":"https:\/\/covasna45.ro\/index.php\/lumea-noastra\/asfor-inca-o-conferinta-importanta-la-sfantu-gheorghe\/#primaryimage"},"image":{"@id":"https:\/\/covasna45.ro\/index.php\/lumea-noastra\/asfor-inca-o-conferinta-importanta-la-sfantu-gheorghe\/#primaryimage"},"thumbnailUrl":"https:\/\/covasna45.ro\/wp-content\/uploads\/2023\/11\/1-3-scaled.jpg","datePublished":"2023-11-21T15:25:55+00:00","description":"Invita\u021bii ASFOR au prezentat formule de centrale termice alimentate cu biomas\u0103 \u0219i au dat mai multe exemple de bune practici.","breadcrumb":{"@id":"https:\/\/covasna45.ro\/index.php\/lumea-noastra\/asfor-inca-o-conferinta-importanta-la-sfantu-gheorghe\/#breadcrumb"},"inLanguage":"ro-RO","potentialAction":[{"@type":"ReadAction","target":["https:\/\/covasna45.ro\/index.php\/lumea-noastra\/asfor-inca-o-conferinta-importanta-la-sfantu-gheorghe\/"]}]},{"@type":"ImageObject","inLanguage":"ro-RO","@id":"https:\/\/covasna45.ro\/index.php\/lumea-noastra\/asfor-inca-o-conferinta-importanta-la-sfantu-gheorghe\/#primaryimage","url":"https:\/\/covasna45.ro\/wp-content\/uploads\/2023\/11\/1-3-scaled.jpg","contentUrl":"https:\/\/covasna45.ro\/wp-content\/uploads\/2023\/11\/1-3-scaled.jpg","width":2560,"height":1920},{"@type":"BreadcrumbList","@id":"https:\/\/covasna45.ro\/index.php\/lumea-noastra\/asfor-inca-o-conferinta-importanta-la-sfantu-gheorghe\/#breadcrumb","itemListElement":[{"@type":"ListItem","position":1,"name":"Prima pagin\u0103","item":"https:\/\/covasna45.ro\/"},{"@type":"ListItem","position":2,"name":"ASFOR, \u00eenc\u0103 o conferin\u021b\u0103 important\u0103 la Sf\u00e2ntu Gheorghe"}]},{"@type":"WebSite","@id":"https:\/\/covasna45.ro\/#website","url":"https:\/\/covasna45.ro\/","name":"covasna45.ro","description":"","publisher":{"@id":"https:\/\/covasna45.ro\/#organization"},"potentialAction":[{"@type":"SearchAction","target":{"@type":"EntryPoint","urlTemplate":"https:\/\/covasna45.ro\/?s={search_term_string}"},"query-input":{"@type":"PropertyValueSpecification","valueRequired":true,"valueName":"search_term_string"}}],"inLanguage":"ro-RO"},{"@type":"Organization","@id":"https:\/\/covasna45.ro\/#organization","name":"covasna45.ro","url":"https:\/\/covasna45.ro\/","logo":{"@type":"ImageObject","inLanguage":"ro-RO","@id":"https:\/\/covasna45.ro\/#\/schema\/logo\/image\/","url":"https:\/\/covasna45.ro\/wp-content\/uploads\/2023\/01\/icon_logo.png","contentUrl":"https:\/\/covasna45.ro\/wp-content\/uploads\/2023\/01\/icon_logo.png","width":1900,"height":1900,"caption":"covasna45.ro"},"image":{"@id":"https:\/\/covasna45.ro\/#\/schema\/logo\/image\/"}},{"@type":"Person","@id":"https:\/\/covasna45.ro\/#\/schema\/person\/e674052bd7d95d70bbb007a1060ab73c","name":"Covasna45","image":{"@type":"ImageObject","inLanguage":"ro-RO","@id":"https:\/\/covasna45.ro\/wp-content\/uploads\/2025\/10\/icon_logo_covasna45-150x150.png","url":"https:\/\/covasna45.ro\/wp-content\/uploads\/2025\/10\/icon_logo_covasna45-150x150.png","contentUrl":"https:\/\/covasna45.ro\/wp-content\/uploads\/2025\/10\/icon_logo_covasna45-150x150.png","caption":"Covasna45"},"sameAs":["https:\/\/covasna45.ro"],"url":"https:\/\/covasna45.ro\/index.php\/author\/covasna\/"}]}},"_links":{"self":[{"href":"https:\/\/covasna45.ro\/index.php\/wp-json\/wp\/v2\/posts\/3934","targetHints":{"allow":["GET"]}}],"collection":[{"href":"https:\/\/covasna45.ro\/index.php\/wp-json\/wp\/v2\/posts"}],"about":[{"href":"https:\/\/covasna45.ro\/index.php\/wp-json\/wp\/v2\/types\/post"}],"author":[{"embeddable":true,"href":"https:\/\/covasna45.ro\/index.php\/wp-json\/wp\/v2\/users\/1"}],"replies":[{"embeddable":true,"href":"https:\/\/covasna45.ro\/index.php\/wp-json\/wp\/v2\/comments?post=3934"}],"version-history":[{"count":2,"href":"https:\/\/covasna45.ro\/index.php\/wp-json\/wp\/v2\/posts\/3934\/revisions"}],"predecessor-version":[{"id":3942,"href":"https:\/\/covasna45.ro\/index.php\/wp-json\/wp\/v2\/posts\/3934\/revisions\/3942"}],"wp:featuredmedia":[{"embeddable":true,"href":"https:\/\/covasna45.ro\/index.php\/wp-json\/wp\/v2\/media\/3936"}],"wp:attachment":[{"href":"https:\/\/covasna45.ro\/index.php\/wp-json\/wp\/v2\/media?parent=3934"}],"wp:term":[{"taxonomy":"category","embeddable":true,"href":"https:\/\/covasna45.ro\/index.php\/wp-json\/wp\/v2\/categories?post=3934"},{"taxonomy":"post_tag","embeddable":true,"href":"https:\/\/covasna45.ro\/index.php\/wp-json\/wp\/v2\/tags?post=3934"}],"curies":[{"name":"wp","href":"https:\/\/api.w.org\/{rel}","templated":true}]}}