{"id":3944,"date":"2023-11-22T12:16:01","date_gmt":"2023-11-22T10:16:01","guid":{"rendered":"https:\/\/covasna45.ro\/?p=3944"},"modified":"2023-11-22T12:16:01","modified_gmt":"2023-11-22T10:16:01","slug":"romanii-care-denunta-evazionisti-ar-putea-primi-o-parte-din-valoarea-fraudei","status":"publish","type":"post","link":"https:\/\/covasna45.ro\/index.php\/lumea-larga\/romanii-care-denunta-evazionisti-ar-putea-primi-o-parte-din-valoarea-fraudei\/","title":{"rendered":"Rom\u00e2nii care denun\u0163\u0103 evazioni\u015fti ar putea primi o parte din valoarea fraudei"},"content":{"rendered":"\n<p>Banii pentru anun\u021batele major\u0103ri de pensii se vor g\u0103si dac\u0103 va fi oprit\u0103 evaziunea fiscal\u0103. A\u0219a c\u0103 Guvernul s-a g\u00e2ndit s\u0103 le cear\u0103 rom\u00e2nilor s\u0103 \u00eei \u201etoarne\u201d pe cei care comit fraude. Ministrul Finan\u021belor, Marcel Bolo\u0219, a sus\u021binut c\u0103 <strong><em>\u201ecei care \u00eei denun\u021b\u0103 pe evazioni\u0219tii fiscali ar putea s\u0103 primeasc\u0103 1% din valoarea fraudei\u201d.<\/em><\/strong><\/p>\n\n\n\n<p><strong><em>\u201eNe g\u00e2ndim s\u0103 fie un procent din fapta \u015fi din contravaloarea faptei de evaziune. P\u00e2n\u0103 la urm\u0103, e meritul persoanei care a constatat. Dac\u0103 sunt mai multe persoane care sesizeaz\u0103 aceea\u015fi fapt\u0103, ne putem g\u00e2ndi \u015fi la un sistem de stimulare propor\u0163ional\u0103\u201d,<\/em><\/strong> a declarat Bolo\u0219.<\/p>\n\n\n\n<h2 class=\"wp-block-heading\">Recompens\u0103 pentru semnalarea fraudei<\/h2>\n\n\n\n<p>El sus\u021bine c\u0103 rom\u00e2nii vor putea semnala online dac\u0103, spre exemplu, angajatorul face plata par\u0163ial\u0103 pe cartea de munc\u0103. Sau dac\u0103 o firm\u0103 nu emite factur\u0103 fiscal\u0103.<\/p>\n\n\n\n<p>Premierul Marcel Ciolacu a dat asigur\u0103ri din nou c\u0103 Guvernul nu va cre\u0219te taxele \u0219i impozitele. \u0218i nici nu va introduce altele noi \u00een 2024. <strong><em>\u201eC\u0103ut\u0103m solu\u021bii s\u0103 reducem impozitarea muncii \u0219i s\u0103 continu\u0103m m\u0103surile de cre\u0219tere a veniturilor bugetare prin combaterea evaziunii \u0219i printr-o mai bun\u0103 colectare<\/em><\/strong>.<strong><em> Inclusiv \u00eembun\u0103t\u0103\u021birea managementului la ANAF \u0219i V\u0103mi\u201d,<\/em><\/strong> a spus Ciolacu.<\/p>\n\n\n\n<p>S\u0103pt\u0103m\u00e2na trecut\u0103, Ciolacu a \u00eenceput \u0219edin\u021ba de guvern sus\u021bin\u00e2nd c\u0103 are o \u201eveste bun\u0103\u201d. <strong><em>\u201eANAF- ul a \u00eenceput s\u0103-\u0219i fac\u0103 treaba \u0219i s\u0103 colecteze aproape de \u021binta asumat\u0103. \u00cen octombrie colectarea veniturilor a ajuns la nivelul record de 40 de miliarde de lei\u201d,<\/em><\/strong> a spus el \u00een contextul scandalului legat de banii necesari pentru cre\u0219terea pensiilor \u00een 2024.<\/p>\n\n\n\n<p>Ministerul Finan\u021belor estimeaz\u0103 un deficit de 6,1% pentru anul viitor dac\u0103 intr\u0103 \u00een vigoare noua lege a pensiilor.<\/p>\n","protected":false},"excerpt":{"rendered":"<p>Banii pentru anun\u021batele major\u0103ri de pensii se vor g\u0103si dac\u0103 va fi oprit\u0103 evaziunea fiscal\u0103. A\u0219a c\u0103 Guvernul s-a g\u00e2ndit s\u0103 le cear\u0103 rom\u00e2nilor s\u0103 \u00eei \u201etoarne\u201d pe cei care comit fraude. Ministrul Finan\u021belor, Marcel Bolo\u0219, a sus\u021binut c\u0103 \u201ecei care \u00eei denun\u021b\u0103 pe evazioni\u0219tii fiscali ar putea s\u0103 primeasc\u0103 1% din valoarea fraudei\u201d. \u201eNe [&hellip;]<\/p>\n","protected":false},"author":1,"featured_media":3946,"comment_status":"open","ping_status":"closed","sticky":false,"template":"","format":"standard","meta":{"tdm_status":"","tdm_grid_status":"","footnotes":""},"categories":[10],"tags":[157,957,646],"class_list":{"0":"post-3944","1":"post","2":"type-post","3":"status-publish","4":"format-standard","5":"has-post-thumbnail","7":"category-lumea-larga","8":"tag-anaf","9":"tag-frauda","10":"tag-recompensa"},"yoast_head":"<!-- This site is optimized with the Yoast SEO plugin v27.5 - https:\/\/yoast.com\/product\/yoast-seo-wordpress\/ -->\n<title>Rom\u00e2nii care denun\u0163\u0103 evazioni\u015fti ar putea primi o parte din valoarea fraudei - Covasna45<\/title>\n<meta name=\"description\" content=\"Marcel Bolo\u0219, a sus\u021binut c\u0103 \u201ecei care \u00eei denun\u021b\u0103 pe evazioni\u0219tii fiscali ar putea s\u0103 primeasc\u0103 1% din valoarea fraudei\u201d.\" \/>\n<meta name=\"robots\" content=\"index, follow, max-snippet:-1, max-image-preview:large, max-video-preview:-1\" \/>\n<link rel=\"canonical\" href=\"https:\/\/covasna45.ro\/index.php\/lumea-larga\/romanii-care-denunta-evazionisti-ar-putea-primi-o-parte-din-valoarea-fraudei\/\" \/>\n<meta property=\"og:locale\" content=\"ro_RO\" \/>\n<meta property=\"og:type\" content=\"article\" \/>\n<meta property=\"og:title\" content=\"Rom\u00e2nii care denun\u0163\u0103 evazioni\u015fti ar putea primi o parte din valoarea fraudei - Covasna45\" \/>\n<meta property=\"og:description\" content=\"Marcel Bolo\u0219, a sus\u021binut c\u0103 \u201ecei care \u00eei denun\u021b\u0103 pe evazioni\u0219tii fiscali ar putea s\u0103 primeasc\u0103 1% din valoarea fraudei\u201d.\" \/>\n<meta property=\"og:url\" content=\"https:\/\/covasna45.ro\/index.php\/lumea-larga\/romanii-care-denunta-evazionisti-ar-putea-primi-o-parte-din-valoarea-fraudei\/\" \/>\n<meta property=\"og:site_name\" content=\"Covasna45\" \/>\n<meta property=\"article:published_time\" content=\"2023-11-22T10:16:01+00:00\" \/>\n<meta property=\"og:image\" content=\"https:\/\/covasna45.ro\/wp-content\/uploads\/2023\/11\/fraudei-1.jpg\" \/>\n\t<meta property=\"og:image:width\" content=\"826\" \/>\n\t<meta property=\"og:image:height\" content=\"620\" \/>\n\t<meta property=\"og:image:type\" content=\"image\/jpeg\" \/>\n<meta name=\"author\" content=\"Covasna45\" \/>\n<meta name=\"twitter:card\" content=\"summary_large_image\" \/>\n<meta name=\"twitter:label1\" content=\"Scris de\" \/>\n\t<meta name=\"twitter:data1\" content=\"Covasna45\" \/>\n\t<meta name=\"twitter:label2\" content=\"Timp estimat pentru citire\" \/>\n\t<meta name=\"twitter:data2\" content=\"2 minute\" \/>\n<script type=\"application\/ld+json\" class=\"yoast-schema-graph\">{\"@context\":\"https:\\\/\\\/schema.org\",\"@graph\":[{\"@type\":\"Article\",\"@id\":\"https:\\\/\\\/covasna45.ro\\\/index.php\\\/lumea-larga\\\/romanii-care-denunta-evazionisti-ar-putea-primi-o-parte-din-valoarea-fraudei\\\/#article\",\"isPartOf\":{\"@id\":\"https:\\\/\\\/covasna45.ro\\\/index.php\\\/lumea-larga\\\/romanii-care-denunta-evazionisti-ar-putea-primi-o-parte-din-valoarea-fraudei\\\/\"},\"author\":{\"name\":\"Covasna45\",\"@id\":\"https:\\\/\\\/covasna45.ro\\\/#\\\/schema\\\/person\\\/e674052bd7d95d70bbb007a1060ab73c\"},\"headline\":\"Rom\u00e2nii care denun\u0163\u0103 evazioni\u015fti ar putea primi o parte din valoarea fraudei\",\"datePublished\":\"2023-11-22T10:16:01+00:00\",\"mainEntityOfPage\":{\"@id\":\"https:\\\/\\\/covasna45.ro\\\/index.php\\\/lumea-larga\\\/romanii-care-denunta-evazionisti-ar-putea-primi-o-parte-din-valoarea-fraudei\\\/\"},\"wordCount\":311,\"commentCount\":5,\"publisher\":{\"@id\":\"https:\\\/\\\/covasna45.ro\\\/#organization\"},\"image\":{\"@id\":\"https:\\\/\\\/covasna45.ro\\\/index.php\\\/lumea-larga\\\/romanii-care-denunta-evazionisti-ar-putea-primi-o-parte-din-valoarea-fraudei\\\/#primaryimage\"},\"thumbnailUrl\":\"https:\\\/\\\/covasna45.ro\\\/wp-content\\\/uploads\\\/2023\\\/11\\\/fraudei-1.jpg\",\"keywords\":[\"ANAF\",\"Fraud\u0103\",\"Recompens\u0103\"],\"articleSection\":[\"Lumea larg\u0103\"],\"inLanguage\":\"ro-RO\",\"potentialAction\":[{\"@type\":\"CommentAction\",\"name\":\"Comment\",\"target\":[\"https:\\\/\\\/covasna45.ro\\\/index.php\\\/lumea-larga\\\/romanii-care-denunta-evazionisti-ar-putea-primi-o-parte-din-valoarea-fraudei\\\/#respond\"]}]},{\"@type\":\"WebPage\",\"@id\":\"https:\\\/\\\/covasna45.ro\\\/index.php\\\/lumea-larga\\\/romanii-care-denunta-evazionisti-ar-putea-primi-o-parte-din-valoarea-fraudei\\\/\",\"url\":\"https:\\\/\\\/covasna45.ro\\\/index.php\\\/lumea-larga\\\/romanii-care-denunta-evazionisti-ar-putea-primi-o-parte-din-valoarea-fraudei\\\/\",\"name\":\"Rom\u00e2nii care denun\u0163\u0103 evazioni\u015fti ar putea primi o parte din valoarea fraudei - Covasna45\",\"isPartOf\":{\"@id\":\"https:\\\/\\\/covasna45.ro\\\/#website\"},\"primaryImageOfPage\":{\"@id\":\"https:\\\/\\\/covasna45.ro\\\/index.php\\\/lumea-larga\\\/romanii-care-denunta-evazionisti-ar-putea-primi-o-parte-din-valoarea-fraudei\\\/#primaryimage\"},\"image\":{\"@id\":\"https:\\\/\\\/covasna45.ro\\\/index.php\\\/lumea-larga\\\/romanii-care-denunta-evazionisti-ar-putea-primi-o-parte-din-valoarea-fraudei\\\/#primaryimage\"},\"thumbnailUrl\":\"https:\\\/\\\/covasna45.ro\\\/wp-content\\\/uploads\\\/2023\\\/11\\\/fraudei-1.jpg\",\"datePublished\":\"2023-11-22T10:16:01+00:00\",\"description\":\"Marcel Bolo\u0219, a sus\u021binut c\u0103 \u201ecei care \u00eei denun\u021b\u0103 pe evazioni\u0219tii fiscali ar putea s\u0103 primeasc\u0103 1% din valoarea fraudei\u201d.\",\"breadcrumb\":{\"@id\":\"https:\\\/\\\/covasna45.ro\\\/index.php\\\/lumea-larga\\\/romanii-care-denunta-evazionisti-ar-putea-primi-o-parte-din-valoarea-fraudei\\\/#breadcrumb\"},\"inLanguage\":\"ro-RO\",\"potentialAction\":[{\"@type\":\"ReadAction\",\"target\":[\"https:\\\/\\\/covasna45.ro\\\/index.php\\\/lumea-larga\\\/romanii-care-denunta-evazionisti-ar-putea-primi-o-parte-din-valoarea-fraudei\\\/\"]}]},{\"@type\":\"ImageObject\",\"inLanguage\":\"ro-RO\",\"@id\":\"https:\\\/\\\/covasna45.ro\\\/index.php\\\/lumea-larga\\\/romanii-care-denunta-evazionisti-ar-putea-primi-o-parte-din-valoarea-fraudei\\\/#primaryimage\",\"url\":\"https:\\\/\\\/covasna45.ro\\\/wp-content\\\/uploads\\\/2023\\\/11\\\/fraudei-1.jpg\",\"contentUrl\":\"https:\\\/\\\/covasna45.ro\\\/wp-content\\\/uploads\\\/2023\\\/11\\\/fraudei-1.jpg\",\"width\":826,\"height\":620},{\"@type\":\"BreadcrumbList\",\"@id\":\"https:\\\/\\\/covasna45.ro\\\/index.php\\\/lumea-larga\\\/romanii-care-denunta-evazionisti-ar-putea-primi-o-parte-din-valoarea-fraudei\\\/#breadcrumb\",\"itemListElement\":[{\"@type\":\"ListItem\",\"position\":1,\"name\":\"Prima pagin\u0103\",\"item\":\"https:\\\/\\\/covasna45.ro\\\/\"},{\"@type\":\"ListItem\",\"position\":2,\"name\":\"Rom\u00e2nii care denun\u0163\u0103 evazioni\u015fti ar putea primi o parte din valoarea fraudei\"}]},{\"@type\":\"WebSite\",\"@id\":\"https:\\\/\\\/covasna45.ro\\\/#website\",\"url\":\"https:\\\/\\\/covasna45.ro\\\/\",\"name\":\"covasna45.ro\",\"description\":\"\",\"publisher\":{\"@id\":\"https:\\\/\\\/covasna45.ro\\\/#organization\"},\"potentialAction\":[{\"@type\":\"SearchAction\",\"target\":{\"@type\":\"EntryPoint\",\"urlTemplate\":\"https:\\\/\\\/covasna45.ro\\\/?s={search_term_string}\"},\"query-input\":{\"@type\":\"PropertyValueSpecification\",\"valueRequired\":true,\"valueName\":\"search_term_string\"}}],\"inLanguage\":\"ro-RO\"},{\"@type\":\"Organization\",\"@id\":\"https:\\\/\\\/covasna45.ro\\\/#organization\",\"name\":\"covasna45.ro\",\"url\":\"https:\\\/\\\/covasna45.ro\\\/\",\"logo\":{\"@type\":\"ImageObject\",\"inLanguage\":\"ro-RO\",\"@id\":\"https:\\\/\\\/covasna45.ro\\\/#\\\/schema\\\/logo\\\/image\\\/\",\"url\":\"https:\\\/\\\/covasna45.ro\\\/wp-content\\\/uploads\\\/2023\\\/01\\\/icon_logo.png\",\"contentUrl\":\"https:\\\/\\\/covasna45.ro\\\/wp-content\\\/uploads\\\/2023\\\/01\\\/icon_logo.png\",\"width\":1900,\"height\":1900,\"caption\":\"covasna45.ro\"},\"image\":{\"@id\":\"https:\\\/\\\/covasna45.ro\\\/#\\\/schema\\\/logo\\\/image\\\/\"}},{\"@type\":\"Person\",\"@id\":\"https:\\\/\\\/covasna45.ro\\\/#\\\/schema\\\/person\\\/e674052bd7d95d70bbb007a1060ab73c\",\"name\":\"Covasna45\",\"image\":{\"@type\":\"ImageObject\",\"inLanguage\":\"ro-RO\",\"@id\":\"https:\\\/\\\/covasna45.ro\\\/wp-content\\\/uploads\\\/2025\\\/10\\\/icon_logo_covasna45-150x150.png\",\"url\":\"https:\\\/\\\/covasna45.ro\\\/wp-content\\\/uploads\\\/2025\\\/10\\\/icon_logo_covasna45-150x150.png\",\"contentUrl\":\"https:\\\/\\\/covasna45.ro\\\/wp-content\\\/uploads\\\/2025\\\/10\\\/icon_logo_covasna45-150x150.png\",\"caption\":\"Covasna45\"},\"sameAs\":[\"https:\\\/\\\/covasna45.ro\"],\"url\":\"https:\\\/\\\/covasna45.ro\\\/index.php\\\/author\\\/covasna\\\/\"}]}<\/script>\n<!-- \/ Yoast SEO plugin. -->","yoast_head_json":{"title":"Rom\u00e2nii care denun\u0163\u0103 evazioni\u015fti ar putea primi o parte din valoarea fraudei - Covasna45","description":"Marcel Bolo\u0219, a sus\u021binut c\u0103 \u201ecei care \u00eei denun\u021b\u0103 pe evazioni\u0219tii fiscali ar putea s\u0103 primeasc\u0103 1% din valoarea fraudei\u201d.","robots":{"index":"index","follow":"follow","max-snippet":"max-snippet:-1","max-image-preview":"max-image-preview:large","max-video-preview":"max-video-preview:-1"},"canonical":"https:\/\/covasna45.ro\/index.php\/lumea-larga\/romanii-care-denunta-evazionisti-ar-putea-primi-o-parte-din-valoarea-fraudei\/","og_locale":"ro_RO","og_type":"article","og_title":"Rom\u00e2nii care denun\u0163\u0103 evazioni\u015fti ar putea primi o parte din valoarea fraudei - Covasna45","og_description":"Marcel Bolo\u0219, a sus\u021binut c\u0103 \u201ecei care \u00eei denun\u021b\u0103 pe evazioni\u0219tii fiscali ar putea s\u0103 primeasc\u0103 1% din valoarea fraudei\u201d.","og_url":"https:\/\/covasna45.ro\/index.php\/lumea-larga\/romanii-care-denunta-evazionisti-ar-putea-primi-o-parte-din-valoarea-fraudei\/","og_site_name":"Covasna45","article_published_time":"2023-11-22T10:16:01+00:00","og_image":[{"width":826,"height":620,"url":"https:\/\/covasna45.ro\/wp-content\/uploads\/2023\/11\/fraudei-1.jpg","type":"image\/jpeg"}],"author":"Covasna45","twitter_card":"summary_large_image","twitter_misc":{"Scris de":"Covasna45","Timp estimat pentru citire":"2 minute"},"schema":{"@context":"https:\/\/schema.org","@graph":[{"@type":"Article","@id":"https:\/\/covasna45.ro\/index.php\/lumea-larga\/romanii-care-denunta-evazionisti-ar-putea-primi-o-parte-din-valoarea-fraudei\/#article","isPartOf":{"@id":"https:\/\/covasna45.ro\/index.php\/lumea-larga\/romanii-care-denunta-evazionisti-ar-putea-primi-o-parte-din-valoarea-fraudei\/"},"author":{"name":"Covasna45","@id":"https:\/\/covasna45.ro\/#\/schema\/person\/e674052bd7d95d70bbb007a1060ab73c"},"headline":"Rom\u00e2nii care denun\u0163\u0103 evazioni\u015fti ar putea primi o parte din valoarea fraudei","datePublished":"2023-11-22T10:16:01+00:00","mainEntityOfPage":{"@id":"https:\/\/covasna45.ro\/index.php\/lumea-larga\/romanii-care-denunta-evazionisti-ar-putea-primi-o-parte-din-valoarea-fraudei\/"},"wordCount":311,"commentCount":5,"publisher":{"@id":"https:\/\/covasna45.ro\/#organization"},"image":{"@id":"https:\/\/covasna45.ro\/index.php\/lumea-larga\/romanii-care-denunta-evazionisti-ar-putea-primi-o-parte-din-valoarea-fraudei\/#primaryimage"},"thumbnailUrl":"https:\/\/covasna45.ro\/wp-content\/uploads\/2023\/11\/fraudei-1.jpg","keywords":["ANAF","Fraud\u0103","Recompens\u0103"],"articleSection":["Lumea larg\u0103"],"inLanguage":"ro-RO","potentialAction":[{"@type":"CommentAction","name":"Comment","target":["https:\/\/covasna45.ro\/index.php\/lumea-larga\/romanii-care-denunta-evazionisti-ar-putea-primi-o-parte-din-valoarea-fraudei\/#respond"]}]},{"@type":"WebPage","@id":"https:\/\/covasna45.ro\/index.php\/lumea-larga\/romanii-care-denunta-evazionisti-ar-putea-primi-o-parte-din-valoarea-fraudei\/","url":"https:\/\/covasna45.ro\/index.php\/lumea-larga\/romanii-care-denunta-evazionisti-ar-putea-primi-o-parte-din-valoarea-fraudei\/","name":"Rom\u00e2nii care denun\u0163\u0103 evazioni\u015fti ar putea primi o parte din valoarea fraudei - Covasna45","isPartOf":{"@id":"https:\/\/covasna45.ro\/#website"},"primaryImageOfPage":{"@id":"https:\/\/covasna45.ro\/index.php\/lumea-larga\/romanii-care-denunta-evazionisti-ar-putea-primi-o-parte-din-valoarea-fraudei\/#primaryimage"},"image":{"@id":"https:\/\/covasna45.ro\/index.php\/lumea-larga\/romanii-care-denunta-evazionisti-ar-putea-primi-o-parte-din-valoarea-fraudei\/#primaryimage"},"thumbnailUrl":"https:\/\/covasna45.ro\/wp-content\/uploads\/2023\/11\/fraudei-1.jpg","datePublished":"2023-11-22T10:16:01+00:00","description":"Marcel Bolo\u0219, a sus\u021binut c\u0103 \u201ecei care \u00eei denun\u021b\u0103 pe evazioni\u0219tii fiscali ar putea s\u0103 primeasc\u0103 1% din valoarea fraudei\u201d.","breadcrumb":{"@id":"https:\/\/covasna45.ro\/index.php\/lumea-larga\/romanii-care-denunta-evazionisti-ar-putea-primi-o-parte-din-valoarea-fraudei\/#breadcrumb"},"inLanguage":"ro-RO","potentialAction":[{"@type":"ReadAction","target":["https:\/\/covasna45.ro\/index.php\/lumea-larga\/romanii-care-denunta-evazionisti-ar-putea-primi-o-parte-din-valoarea-fraudei\/"]}]},{"@type":"ImageObject","inLanguage":"ro-RO","@id":"https:\/\/covasna45.ro\/index.php\/lumea-larga\/romanii-care-denunta-evazionisti-ar-putea-primi-o-parte-din-valoarea-fraudei\/#primaryimage","url":"https:\/\/covasna45.ro\/wp-content\/uploads\/2023\/11\/fraudei-1.jpg","contentUrl":"https:\/\/covasna45.ro\/wp-content\/uploads\/2023\/11\/fraudei-1.jpg","width":826,"height":620},{"@type":"BreadcrumbList","@id":"https:\/\/covasna45.ro\/index.php\/lumea-larga\/romanii-care-denunta-evazionisti-ar-putea-primi-o-parte-din-valoarea-fraudei\/#breadcrumb","itemListElement":[{"@type":"ListItem","position":1,"name":"Prima pagin\u0103","item":"https:\/\/covasna45.ro\/"},{"@type":"ListItem","position":2,"name":"Rom\u00e2nii care denun\u0163\u0103 evazioni\u015fti ar putea primi o parte din valoarea fraudei"}]},{"@type":"WebSite","@id":"https:\/\/covasna45.ro\/#website","url":"https:\/\/covasna45.ro\/","name":"covasna45.ro","description":"","publisher":{"@id":"https:\/\/covasna45.ro\/#organization"},"potentialAction":[{"@type":"SearchAction","target":{"@type":"EntryPoint","urlTemplate":"https:\/\/covasna45.ro\/?s={search_term_string}"},"query-input":{"@type":"PropertyValueSpecification","valueRequired":true,"valueName":"search_term_string"}}],"inLanguage":"ro-RO"},{"@type":"Organization","@id":"https:\/\/covasna45.ro\/#organization","name":"covasna45.ro","url":"https:\/\/covasna45.ro\/","logo":{"@type":"ImageObject","inLanguage":"ro-RO","@id":"https:\/\/covasna45.ro\/#\/schema\/logo\/image\/","url":"https:\/\/covasna45.ro\/wp-content\/uploads\/2023\/01\/icon_logo.png","contentUrl":"https:\/\/covasna45.ro\/wp-content\/uploads\/2023\/01\/icon_logo.png","width":1900,"height":1900,"caption":"covasna45.ro"},"image":{"@id":"https:\/\/covasna45.ro\/#\/schema\/logo\/image\/"}},{"@type":"Person","@id":"https:\/\/covasna45.ro\/#\/schema\/person\/e674052bd7d95d70bbb007a1060ab73c","name":"Covasna45","image":{"@type":"ImageObject","inLanguage":"ro-RO","@id":"https:\/\/covasna45.ro\/wp-content\/uploads\/2025\/10\/icon_logo_covasna45-150x150.png","url":"https:\/\/covasna45.ro\/wp-content\/uploads\/2025\/10\/icon_logo_covasna45-150x150.png","contentUrl":"https:\/\/covasna45.ro\/wp-content\/uploads\/2025\/10\/icon_logo_covasna45-150x150.png","caption":"Covasna45"},"sameAs":["https:\/\/covasna45.ro"],"url":"https:\/\/covasna45.ro\/index.php\/author\/covasna\/"}]}},"_links":{"self":[{"href":"https:\/\/covasna45.ro\/index.php\/wp-json\/wp\/v2\/posts\/3944","targetHints":{"allow":["GET"]}}],"collection":[{"href":"https:\/\/covasna45.ro\/index.php\/wp-json\/wp\/v2\/posts"}],"about":[{"href":"https:\/\/covasna45.ro\/index.php\/wp-json\/wp\/v2\/types\/post"}],"author":[{"embeddable":true,"href":"https:\/\/covasna45.ro\/index.php\/wp-json\/wp\/v2\/users\/1"}],"replies":[{"embeddable":true,"href":"https:\/\/covasna45.ro\/index.php\/wp-json\/wp\/v2\/comments?post=3944"}],"version-history":[{"count":1,"href":"https:\/\/covasna45.ro\/index.php\/wp-json\/wp\/v2\/posts\/3944\/revisions"}],"predecessor-version":[{"id":3947,"href":"https:\/\/covasna45.ro\/index.php\/wp-json\/wp\/v2\/posts\/3944\/revisions\/3947"}],"wp:featuredmedia":[{"embeddable":true,"href":"https:\/\/covasna45.ro\/index.php\/wp-json\/wp\/v2\/media\/3946"}],"wp:attachment":[{"href":"https:\/\/covasna45.ro\/index.php\/wp-json\/wp\/v2\/media?parent=3944"}],"wp:term":[{"taxonomy":"category","embeddable":true,"href":"https:\/\/covasna45.ro\/index.php\/wp-json\/wp\/v2\/categories?post=3944"},{"taxonomy":"post_tag","embeddable":true,"href":"https:\/\/covasna45.ro\/index.php\/wp-json\/wp\/v2\/tags?post=3944"}],"curies":[{"name":"wp","href":"https:\/\/api.w.org\/{rel}","templated":true}]}}