{"id":4169,"date":"2023-12-12T12:20:54","date_gmt":"2023-12-12T10:20:54","guid":{"rendered":"https:\/\/covasna45.ro\/?p=4169"},"modified":"2023-12-12T12:20:55","modified_gmt":"2023-12-12T10:20:55","slug":"europa-a-intrat-oficial-in-recesiune","status":"publish","type":"post","link":"https:\/\/covasna45.ro\/index.php\/lumea-larga\/europa-a-intrat-oficial-in-recesiune\/","title":{"rendered":"Europa a intrat oficial \u00een recesiune"},"content":{"rendered":"\n<p>Zona euro va suferi prima recesiune din ultimii trei ani. Economia se va contracta pentru al doilea trimestru consecutiv, potrivit unui sondaj Bloomberg.<\/p>\n\n\n\n<p>Contrac\u0163ia de 0,1%, care a fost anun\u0163at\u0103 pentru finalul anului curent, confirm\u0103 proiec\u0163iile anterioare ale anali\u015ftilor. O redresare u\u015foar\u0103 este a\u015fteptat\u0103 la \u00eenceputul anului 2024.<\/p>\n\n\n\n<p><strong><em>\u201eEste pu\u0163in probabil s\u0103 ne afl\u0103m la \u00eenceputul unei schimb\u0103ri pozitive\u201d,<\/em><\/strong> a declarat Joerg Angele, economist la Bantleon Bank. <strong><em>\u201eTurbulen\u0163ele economice r\u0103m\u00e2n prezente \u015fi agresive, \u00een special cele care au generate de cre\u015fterea masiv\u0103 a ratelor dob\u00e2nzilor\u201d.<\/em><\/strong><\/p>\n\n\n\n<p>Germania, cea mai mare economie a Europei, este afectat\u0103 de o criz\u0103 bugetar\u0103 \u015fi de o cerere global\u0103 slab\u0103. Se a\u015fteapt\u0103 ca Germania s\u0103 \u00eenregistreze o sc\u0103dere de 0,2% \u00een trimestrul al patrulea. Rezultate care vor dep\u0103\u015fi sc\u0103derea de 0,1% prev\u0103zut\u0103 ini\u0163ial.<\/p>\n\n\n\n<p>Rezultatele sondajului contrasteaz\u0103 cu previziunile din noiembrie ale Comisiei Europene. Acestea indicau faptul c\u0103 economia zonei euro, format\u0103 din 20 de \u0163\u0103ri, va re\u00eencepe s\u0103 creasc\u0103 \u00een acest trimestru. C\u0103 infla\u021bia va sc\u0103dea \u0219i pia\u021ba locurilor de munc\u0103 va deveni mai robust\u0103. \u0218i c\u0103 nu va fi recesiune.<\/p>\n","protected":false},"excerpt":{"rendered":"<p>Zona euro va suferi prima recesiune din ultimii trei ani. Economia se va contracta pentru al doilea trimestru consecutiv, potrivit unui sondaj Bloomberg. Contrac\u0163ia de 0,1%, care a fost anun\u0163at\u0103 pentru finalul anului curent, confirm\u0103 proiec\u0163iile anterioare ale anali\u015ftilor. O redresare u\u015foar\u0103 este a\u015fteptat\u0103 la \u00eenceputul anului 2024. \u201eEste pu\u0163in probabil s\u0103 ne afl\u0103m la [&hellip;]<\/p>\n","protected":false},"author":1,"featured_media":4170,"comment_status":"open","ping_status":"closed","sticky":false,"template":"","format":"standard","meta":{"tdm_status":"","tdm_grid_status":"","footnotes":""},"categories":[10],"tags":[1813,298,47],"class_list":{"0":"post-4169","1":"post","2":"type-post","3":"status-publish","4":"format-standard","5":"has-post-thumbnail","7":"category-lumea-larga","8":"tag-previziuni","9":"tag-recesiune","10":"tag-ue"},"yoast_head":"<!-- This site is optimized with the Yoast SEO plugin v27.4 - https:\/\/yoast.com\/product\/yoast-seo-wordpress\/ -->\n<title>Europa a intrat oficial \u00een recesiune - Covasna45<\/title>\n<meta name=\"description\" content=\"Zona euro va suferi prima recesiune din ultimii trei ani. Economia se va contracta pentru al doilea trimestru\" \/>\n<meta name=\"robots\" content=\"index, follow, max-snippet:-1, max-image-preview:large, max-video-preview:-1\" \/>\n<link rel=\"canonical\" href=\"https:\/\/covasna45.ro\/index.php\/lumea-larga\/europa-a-intrat-oficial-in-recesiune\/\" \/>\n<meta property=\"og:locale\" content=\"ro_RO\" \/>\n<meta property=\"og:type\" content=\"article\" \/>\n<meta property=\"og:title\" content=\"Europa a intrat oficial \u00een recesiune - Covasna45\" \/>\n<meta property=\"og:description\" content=\"Zona euro va suferi prima recesiune din ultimii trei ani. Economia se va contracta pentru al doilea trimestru\" \/>\n<meta property=\"og:url\" content=\"https:\/\/covasna45.ro\/index.php\/lumea-larga\/europa-a-intrat-oficial-in-recesiune\/\" \/>\n<meta property=\"og:site_name\" content=\"Covasna45\" \/>\n<meta property=\"article:published_time\" content=\"2023-12-12T10:20:54+00:00\" \/>\n<meta property=\"article:modified_time\" content=\"2023-12-12T10:20:55+00:00\" \/>\n<meta property=\"og:image\" content=\"https:\/\/covasna45.ro\/wp-content\/uploads\/2023\/12\/recesiune.jpg\" \/>\n\t<meta property=\"og:image:width\" content=\"1280\" \/>\n\t<meta property=\"og:image:height\" content=\"852\" \/>\n\t<meta property=\"og:image:type\" content=\"image\/jpeg\" \/>\n<meta name=\"author\" content=\"Covasna45\" \/>\n<meta name=\"twitter:card\" content=\"summary_large_image\" \/>\n<meta name=\"twitter:label1\" content=\"Scris de\" \/>\n\t<meta name=\"twitter:data1\" content=\"Covasna45\" \/>\n\t<meta name=\"twitter:label2\" content=\"Timp estimat pentru citire\" \/>\n\t<meta name=\"twitter:data2\" content=\"1 minut\" \/>\n<script type=\"application\/ld+json\" class=\"yoast-schema-graph\">{\"@context\":\"https:\\\/\\\/schema.org\",\"@graph\":[{\"@type\":\"Article\",\"@id\":\"https:\\\/\\\/covasna45.ro\\\/index.php\\\/lumea-larga\\\/europa-a-intrat-oficial-in-recesiune\\\/#article\",\"isPartOf\":{\"@id\":\"https:\\\/\\\/covasna45.ro\\\/index.php\\\/lumea-larga\\\/europa-a-intrat-oficial-in-recesiune\\\/\"},\"author\":{\"name\":\"Covasna45\",\"@id\":\"https:\\\/\\\/covasna45.ro\\\/#\\\/schema\\\/person\\\/e674052bd7d95d70bbb007a1060ab73c\"},\"headline\":\"Europa a intrat oficial \u00een recesiune\",\"datePublished\":\"2023-12-12T10:20:54+00:00\",\"dateModified\":\"2023-12-12T10:20:55+00:00\",\"mainEntityOfPage\":{\"@id\":\"https:\\\/\\\/covasna45.ro\\\/index.php\\\/lumea-larga\\\/europa-a-intrat-oficial-in-recesiune\\\/\"},\"wordCount\":200,\"commentCount\":0,\"publisher\":{\"@id\":\"https:\\\/\\\/covasna45.ro\\\/#organization\"},\"image\":{\"@id\":\"https:\\\/\\\/covasna45.ro\\\/index.php\\\/lumea-larga\\\/europa-a-intrat-oficial-in-recesiune\\\/#primaryimage\"},\"thumbnailUrl\":\"https:\\\/\\\/covasna45.ro\\\/wp-content\\\/uploads\\\/2023\\\/12\\\/recesiune.jpg\",\"keywords\":[\"Previziuni\",\"Recesiune\",\"UE\"],\"articleSection\":[\"Lumea larg\u0103\"],\"inLanguage\":\"ro-RO\",\"potentialAction\":[{\"@type\":\"CommentAction\",\"name\":\"Comment\",\"target\":[\"https:\\\/\\\/covasna45.ro\\\/index.php\\\/lumea-larga\\\/europa-a-intrat-oficial-in-recesiune\\\/#respond\"]}]},{\"@type\":\"WebPage\",\"@id\":\"https:\\\/\\\/covasna45.ro\\\/index.php\\\/lumea-larga\\\/europa-a-intrat-oficial-in-recesiune\\\/\",\"url\":\"https:\\\/\\\/covasna45.ro\\\/index.php\\\/lumea-larga\\\/europa-a-intrat-oficial-in-recesiune\\\/\",\"name\":\"Europa a intrat oficial \u00een recesiune - Covasna45\",\"isPartOf\":{\"@id\":\"https:\\\/\\\/covasna45.ro\\\/#website\"},\"primaryImageOfPage\":{\"@id\":\"https:\\\/\\\/covasna45.ro\\\/index.php\\\/lumea-larga\\\/europa-a-intrat-oficial-in-recesiune\\\/#primaryimage\"},\"image\":{\"@id\":\"https:\\\/\\\/covasna45.ro\\\/index.php\\\/lumea-larga\\\/europa-a-intrat-oficial-in-recesiune\\\/#primaryimage\"},\"thumbnailUrl\":\"https:\\\/\\\/covasna45.ro\\\/wp-content\\\/uploads\\\/2023\\\/12\\\/recesiune.jpg\",\"datePublished\":\"2023-12-12T10:20:54+00:00\",\"dateModified\":\"2023-12-12T10:20:55+00:00\",\"description\":\"Zona euro va suferi prima recesiune din ultimii trei ani. Economia se va contracta pentru al doilea trimestru\",\"breadcrumb\":{\"@id\":\"https:\\\/\\\/covasna45.ro\\\/index.php\\\/lumea-larga\\\/europa-a-intrat-oficial-in-recesiune\\\/#breadcrumb\"},\"inLanguage\":\"ro-RO\",\"potentialAction\":[{\"@type\":\"ReadAction\",\"target\":[\"https:\\\/\\\/covasna45.ro\\\/index.php\\\/lumea-larga\\\/europa-a-intrat-oficial-in-recesiune\\\/\"]}]},{\"@type\":\"ImageObject\",\"inLanguage\":\"ro-RO\",\"@id\":\"https:\\\/\\\/covasna45.ro\\\/index.php\\\/lumea-larga\\\/europa-a-intrat-oficial-in-recesiune\\\/#primaryimage\",\"url\":\"https:\\\/\\\/covasna45.ro\\\/wp-content\\\/uploads\\\/2023\\\/12\\\/recesiune.jpg\",\"contentUrl\":\"https:\\\/\\\/covasna45.ro\\\/wp-content\\\/uploads\\\/2023\\\/12\\\/recesiune.jpg\",\"width\":1280,\"height\":852},{\"@type\":\"BreadcrumbList\",\"@id\":\"https:\\\/\\\/covasna45.ro\\\/index.php\\\/lumea-larga\\\/europa-a-intrat-oficial-in-recesiune\\\/#breadcrumb\",\"itemListElement\":[{\"@type\":\"ListItem\",\"position\":1,\"name\":\"Prima pagin\u0103\",\"item\":\"https:\\\/\\\/covasna45.ro\\\/\"},{\"@type\":\"ListItem\",\"position\":2,\"name\":\"Europa a intrat oficial \u00een recesiune\"}]},{\"@type\":\"WebSite\",\"@id\":\"https:\\\/\\\/covasna45.ro\\\/#website\",\"url\":\"https:\\\/\\\/covasna45.ro\\\/\",\"name\":\"covasna45.ro\",\"description\":\"\",\"publisher\":{\"@id\":\"https:\\\/\\\/covasna45.ro\\\/#organization\"},\"potentialAction\":[{\"@type\":\"SearchAction\",\"target\":{\"@type\":\"EntryPoint\",\"urlTemplate\":\"https:\\\/\\\/covasna45.ro\\\/?s={search_term_string}\"},\"query-input\":{\"@type\":\"PropertyValueSpecification\",\"valueRequired\":true,\"valueName\":\"search_term_string\"}}],\"inLanguage\":\"ro-RO\"},{\"@type\":\"Organization\",\"@id\":\"https:\\\/\\\/covasna45.ro\\\/#organization\",\"name\":\"covasna45.ro\",\"url\":\"https:\\\/\\\/covasna45.ro\\\/\",\"logo\":{\"@type\":\"ImageObject\",\"inLanguage\":\"ro-RO\",\"@id\":\"https:\\\/\\\/covasna45.ro\\\/#\\\/schema\\\/logo\\\/image\\\/\",\"url\":\"https:\\\/\\\/covasna45.ro\\\/wp-content\\\/uploads\\\/2023\\\/01\\\/icon_logo.png\",\"contentUrl\":\"https:\\\/\\\/covasna45.ro\\\/wp-content\\\/uploads\\\/2023\\\/01\\\/icon_logo.png\",\"width\":1900,\"height\":1900,\"caption\":\"covasna45.ro\"},\"image\":{\"@id\":\"https:\\\/\\\/covasna45.ro\\\/#\\\/schema\\\/logo\\\/image\\\/\"}},{\"@type\":\"Person\",\"@id\":\"https:\\\/\\\/covasna45.ro\\\/#\\\/schema\\\/person\\\/e674052bd7d95d70bbb007a1060ab73c\",\"name\":\"Covasna45\",\"image\":{\"@type\":\"ImageObject\",\"inLanguage\":\"ro-RO\",\"@id\":\"https:\\\/\\\/covasna45.ro\\\/wp-content\\\/uploads\\\/2025\\\/10\\\/icon_logo_covasna45-150x150.png\",\"url\":\"https:\\\/\\\/covasna45.ro\\\/wp-content\\\/uploads\\\/2025\\\/10\\\/icon_logo_covasna45-150x150.png\",\"contentUrl\":\"https:\\\/\\\/covasna45.ro\\\/wp-content\\\/uploads\\\/2025\\\/10\\\/icon_logo_covasna45-150x150.png\",\"caption\":\"Covasna45\"},\"sameAs\":[\"https:\\\/\\\/covasna45.ro\"],\"url\":\"https:\\\/\\\/covasna45.ro\\\/index.php\\\/author\\\/covasna\\\/\"}]}<\/script>\n<!-- \/ Yoast SEO plugin. -->","yoast_head_json":{"title":"Europa a intrat oficial \u00een recesiune - Covasna45","description":"Zona euro va suferi prima recesiune din ultimii trei ani. Economia se va contracta pentru al doilea trimestru","robots":{"index":"index","follow":"follow","max-snippet":"max-snippet:-1","max-image-preview":"max-image-preview:large","max-video-preview":"max-video-preview:-1"},"canonical":"https:\/\/covasna45.ro\/index.php\/lumea-larga\/europa-a-intrat-oficial-in-recesiune\/","og_locale":"ro_RO","og_type":"article","og_title":"Europa a intrat oficial \u00een recesiune - Covasna45","og_description":"Zona euro va suferi prima recesiune din ultimii trei ani. Economia se va contracta pentru al doilea trimestru","og_url":"https:\/\/covasna45.ro\/index.php\/lumea-larga\/europa-a-intrat-oficial-in-recesiune\/","og_site_name":"Covasna45","article_published_time":"2023-12-12T10:20:54+00:00","article_modified_time":"2023-12-12T10:20:55+00:00","og_image":[{"width":1280,"height":852,"url":"https:\/\/covasna45.ro\/wp-content\/uploads\/2023\/12\/recesiune.jpg","type":"image\/jpeg"}],"author":"Covasna45","twitter_card":"summary_large_image","twitter_misc":{"Scris de":"Covasna45","Timp estimat pentru citire":"1 minut"},"schema":{"@context":"https:\/\/schema.org","@graph":[{"@type":"Article","@id":"https:\/\/covasna45.ro\/index.php\/lumea-larga\/europa-a-intrat-oficial-in-recesiune\/#article","isPartOf":{"@id":"https:\/\/covasna45.ro\/index.php\/lumea-larga\/europa-a-intrat-oficial-in-recesiune\/"},"author":{"name":"Covasna45","@id":"https:\/\/covasna45.ro\/#\/schema\/person\/e674052bd7d95d70bbb007a1060ab73c"},"headline":"Europa a intrat oficial \u00een recesiune","datePublished":"2023-12-12T10:20:54+00:00","dateModified":"2023-12-12T10:20:55+00:00","mainEntityOfPage":{"@id":"https:\/\/covasna45.ro\/index.php\/lumea-larga\/europa-a-intrat-oficial-in-recesiune\/"},"wordCount":200,"commentCount":0,"publisher":{"@id":"https:\/\/covasna45.ro\/#organization"},"image":{"@id":"https:\/\/covasna45.ro\/index.php\/lumea-larga\/europa-a-intrat-oficial-in-recesiune\/#primaryimage"},"thumbnailUrl":"https:\/\/covasna45.ro\/wp-content\/uploads\/2023\/12\/recesiune.jpg","keywords":["Previziuni","Recesiune","UE"],"articleSection":["Lumea larg\u0103"],"inLanguage":"ro-RO","potentialAction":[{"@type":"CommentAction","name":"Comment","target":["https:\/\/covasna45.ro\/index.php\/lumea-larga\/europa-a-intrat-oficial-in-recesiune\/#respond"]}]},{"@type":"WebPage","@id":"https:\/\/covasna45.ro\/index.php\/lumea-larga\/europa-a-intrat-oficial-in-recesiune\/","url":"https:\/\/covasna45.ro\/index.php\/lumea-larga\/europa-a-intrat-oficial-in-recesiune\/","name":"Europa a intrat oficial \u00een recesiune - Covasna45","isPartOf":{"@id":"https:\/\/covasna45.ro\/#website"},"primaryImageOfPage":{"@id":"https:\/\/covasna45.ro\/index.php\/lumea-larga\/europa-a-intrat-oficial-in-recesiune\/#primaryimage"},"image":{"@id":"https:\/\/covasna45.ro\/index.php\/lumea-larga\/europa-a-intrat-oficial-in-recesiune\/#primaryimage"},"thumbnailUrl":"https:\/\/covasna45.ro\/wp-content\/uploads\/2023\/12\/recesiune.jpg","datePublished":"2023-12-12T10:20:54+00:00","dateModified":"2023-12-12T10:20:55+00:00","description":"Zona euro va suferi prima recesiune din ultimii trei ani. Economia se va contracta pentru al doilea trimestru","breadcrumb":{"@id":"https:\/\/covasna45.ro\/index.php\/lumea-larga\/europa-a-intrat-oficial-in-recesiune\/#breadcrumb"},"inLanguage":"ro-RO","potentialAction":[{"@type":"ReadAction","target":["https:\/\/covasna45.ro\/index.php\/lumea-larga\/europa-a-intrat-oficial-in-recesiune\/"]}]},{"@type":"ImageObject","inLanguage":"ro-RO","@id":"https:\/\/covasna45.ro\/index.php\/lumea-larga\/europa-a-intrat-oficial-in-recesiune\/#primaryimage","url":"https:\/\/covasna45.ro\/wp-content\/uploads\/2023\/12\/recesiune.jpg","contentUrl":"https:\/\/covasna45.ro\/wp-content\/uploads\/2023\/12\/recesiune.jpg","width":1280,"height":852},{"@type":"BreadcrumbList","@id":"https:\/\/covasna45.ro\/index.php\/lumea-larga\/europa-a-intrat-oficial-in-recesiune\/#breadcrumb","itemListElement":[{"@type":"ListItem","position":1,"name":"Prima pagin\u0103","item":"https:\/\/covasna45.ro\/"},{"@type":"ListItem","position":2,"name":"Europa a intrat oficial \u00een recesiune"}]},{"@type":"WebSite","@id":"https:\/\/covasna45.ro\/#website","url":"https:\/\/covasna45.ro\/","name":"covasna45.ro","description":"","publisher":{"@id":"https:\/\/covasna45.ro\/#organization"},"potentialAction":[{"@type":"SearchAction","target":{"@type":"EntryPoint","urlTemplate":"https:\/\/covasna45.ro\/?s={search_term_string}"},"query-input":{"@type":"PropertyValueSpecification","valueRequired":true,"valueName":"search_term_string"}}],"inLanguage":"ro-RO"},{"@type":"Organization","@id":"https:\/\/covasna45.ro\/#organization","name":"covasna45.ro","url":"https:\/\/covasna45.ro\/","logo":{"@type":"ImageObject","inLanguage":"ro-RO","@id":"https:\/\/covasna45.ro\/#\/schema\/logo\/image\/","url":"https:\/\/covasna45.ro\/wp-content\/uploads\/2023\/01\/icon_logo.png","contentUrl":"https:\/\/covasna45.ro\/wp-content\/uploads\/2023\/01\/icon_logo.png","width":1900,"height":1900,"caption":"covasna45.ro"},"image":{"@id":"https:\/\/covasna45.ro\/#\/schema\/logo\/image\/"}},{"@type":"Person","@id":"https:\/\/covasna45.ro\/#\/schema\/person\/e674052bd7d95d70bbb007a1060ab73c","name":"Covasna45","image":{"@type":"ImageObject","inLanguage":"ro-RO","@id":"https:\/\/covasna45.ro\/wp-content\/uploads\/2025\/10\/icon_logo_covasna45-150x150.png","url":"https:\/\/covasna45.ro\/wp-content\/uploads\/2025\/10\/icon_logo_covasna45-150x150.png","contentUrl":"https:\/\/covasna45.ro\/wp-content\/uploads\/2025\/10\/icon_logo_covasna45-150x150.png","caption":"Covasna45"},"sameAs":["https:\/\/covasna45.ro"],"url":"https:\/\/covasna45.ro\/index.php\/author\/covasna\/"}]}},"_links":{"self":[{"href":"https:\/\/covasna45.ro\/index.php\/wp-json\/wp\/v2\/posts\/4169","targetHints":{"allow":["GET"]}}],"collection":[{"href":"https:\/\/covasna45.ro\/index.php\/wp-json\/wp\/v2\/posts"}],"about":[{"href":"https:\/\/covasna45.ro\/index.php\/wp-json\/wp\/v2\/types\/post"}],"author":[{"embeddable":true,"href":"https:\/\/covasna45.ro\/index.php\/wp-json\/wp\/v2\/users\/1"}],"replies":[{"embeddable":true,"href":"https:\/\/covasna45.ro\/index.php\/wp-json\/wp\/v2\/comments?post=4169"}],"version-history":[{"count":1,"href":"https:\/\/covasna45.ro\/index.php\/wp-json\/wp\/v2\/posts\/4169\/revisions"}],"predecessor-version":[{"id":4171,"href":"https:\/\/covasna45.ro\/index.php\/wp-json\/wp\/v2\/posts\/4169\/revisions\/4171"}],"wp:featuredmedia":[{"embeddable":true,"href":"https:\/\/covasna45.ro\/index.php\/wp-json\/wp\/v2\/media\/4170"}],"wp:attachment":[{"href":"https:\/\/covasna45.ro\/index.php\/wp-json\/wp\/v2\/media?parent=4169"}],"wp:term":[{"taxonomy":"category","embeddable":true,"href":"https:\/\/covasna45.ro\/index.php\/wp-json\/wp\/v2\/categories?post=4169"},{"taxonomy":"post_tag","embeddable":true,"href":"https:\/\/covasna45.ro\/index.php\/wp-json\/wp\/v2\/tags?post=4169"}],"curies":[{"name":"wp","href":"https:\/\/api.w.org\/{rel}","templated":true}]}}