{"id":4172,"date":"2023-12-12T12:32:50","date_gmt":"2023-12-12T10:32:50","guid":{"rendered":"https:\/\/covasna45.ro\/?p=4172"},"modified":"2023-12-12T12:32:51","modified_gmt":"2023-12-12T10:32:51","slug":"sepsi-osk-totul-pentru-play-off","status":"publish","type":"post","link":"https:\/\/covasna45.ro\/index.php\/sport\/sepsi-osk-totul-pentru-play-off\/","title":{"rendered":"Sepsi OSK: totul pentru play-off!"},"content":{"rendered":"\n<p>Bernd Storck a preluat obiectivul lui Liviu Ciobotariu. Trebuie s\u0103 ajung\u0103 \u00een play-off cu Sepsi OSK la sf\u00e2r\u0219itul sezonului.<\/p>\n\n\n\n<p>Antrenorul german i-a cerut lui L\u00e1szl\u00f3 Di\u00f3szegi, pentru a \u00eencerca accederea \u00een play-off, s\u0103 nu v\u00e2nd\u0103 niciun juc\u0103tor \u00een aceast\u0103 iarn\u0103.<\/p>\n\n\n\n<p><strong><em>\u201eSunt mul\u021bumit de modul \u00een care \u0219i-a \u00eenceput noul nostru antrenor treaba la Sepsi. \u00cen primul r\u00e2nd, dup\u0103 venirea lui Bernd Storck s-au reglat lucrurile \u00een vestiar \u00eentre juc\u0103tori. Gata cu bisericu\u021bele \u0219i cu certurile \u00eentre juc\u0103tori.<\/em><\/strong><\/p>\n\n\n\n<p><strong><em>Am discutat cu noul nostru antrenor \u0219i tot play-off-ul ne dorim s\u0103 \u00eel prindem. Dar mi-a transmis c\u0103 nu dore\u0219te s\u0103 \u00eei plece nimeni de la echip\u0103 \u00een aceast\u0103 iarn\u0103, ba chiar mi-a cerut \u00eent\u0103riri pentru dou\u0103 posturi. \u0218tef\u0103nescu este mul\u021bumit la Sepsi, iar el nu va pleca \u00een aceast\u0103 iarn\u0103 de la noi. Nu dorim s\u0103 vindem niciun juc\u0103tor cel pu\u021bin p\u00e2n\u0103 la var\u0103\u201d,<\/em><\/strong> a spus Di\u00f3szegi.<\/p>\n\n\n\n<p>El a dezv\u0103luit c\u0103 nu este exclus ca \u00een aceast\u0103 iarn\u0103 s\u0103 reia totu\u0219i discu\u021biile cu Viitorul Cluj pentru cump\u0103rarea integral\u0103 a lui Marius \u0218tef\u0103nescu.<\/p>\n\n\n\n<p><strong><em>\u201eNoi avem acum doar 50 la sut\u0103 din \u0218tef\u0103nescu, restul de 50 la sut\u0103 le apar\u021bin celor de la Cluj. Au fost ni\u0219te discu\u021bii pentru cump\u0103rarea procentelor domnilor de la Cluj \u00een momentul negocierilor pentru \u0218tef\u0103nescu cu Rapid. \u00cens\u0103, nu s-a mai f\u0103cut nicio \u00een\u021belegere la vremea respectiv\u0103.<\/em><\/strong><\/p>\n\n\n\n<p><strong><em>Acum nu \u0219tiu, dar poate c\u0103 la anul vom \u00eencerca din nou s\u0103 cump\u0103r\u0103m \u0219i restul de 50 la sut\u0103 din procente. Vom discuta \u00eentre noi la Sepsi \u0219i vom decide\u201d,<\/em><\/strong> a mai spus L\u00e1szl\u00f3 Di\u00f3szegi.<\/p>\n\n\n\n<h2 class=\"wp-block-heading\">O\u021belul Gala\u021bi &#8211; Sepsi OSK, ultimul meci al etapei a 19-a.<\/h2>\n\n\n\n<p>O\u021belul \u0219i Sepsi OSK se \u00eenfrunt\u0103 azi \u00een ultima partid\u0103 a etapei 19 din Liga 1. Partida va \u00eencepe la ora 17:00.<\/p>\n\n\n\n<p>Cov\u0103snenii au pierdut \u015fase dintre precedentele \u015fapte deplas\u0103ri din Superliga Rom\u00e2niei. Unicul rezultat pozitiv pe teren advers din acest interval fiind \u00eenregistrat pe 27 octombrie 2023. Atunci FC Voluntari-Sepsi OSK s-a \u00eencheiat cu scorul de 0-2.<\/p>\n\n\n\n<p>Cele dou\u0103 echipe s-au mai \u00eent\u00e2lnit \u00een principala competi\u0163ie intern\u0103 doar \u00een turul sezonului regular curent. A fost remiz\u0103 la Sf. Gheorghe, scor 1-1. Golurile au fost marcate de Pavol Safranko \u0219i Alexandru Pop.<\/p>\n\n\n\n<p><em>Foto: antrenament Sepsi OSK, pagina de <a href=\"https:\/\/www.facebook.com\/photo?fbid=869313011610308&amp;set=pcb.869313251610284\">Facebook<\/a> a echipei.<\/em><\/p>\n","protected":false},"excerpt":{"rendered":"<p>Bernd Storck a preluat obiectivul lui Liviu Ciobotariu. Trebuie s\u0103 ajung\u0103 \u00een play-off cu Sepsi OSK la sf\u00e2r\u0219itul sezonului. Antrenorul german i-a cerut lui L\u00e1szl\u00f3 Di\u00f3szegi, pentru a \u00eencerca accederea \u00een play-off, s\u0103 nu v\u00e2nd\u0103 niciun juc\u0103tor \u00een aceast\u0103 iarn\u0103. \u201eSunt mul\u021bumit de modul \u00een care \u0219i-a \u00eenceput noul nostru antrenor treaba la Sepsi. \u00cen [&hellip;]<\/p>\n","protected":false},"author":1,"featured_media":4173,"comment_status":"open","ping_status":"closed","sticky":false,"template":"","format":"standard","meta":{"tdm_status":"","tdm_grid_status":"","footnotes":""},"categories":[17],"tags":[1784,350,998,60],"class_list":{"0":"post-4172","1":"post","2":"type-post","3":"status-publish","4":"format-standard","5":"has-post-thumbnail","7":"category-sport","8":"tag-bernd-storck","9":"tag-laszlo-dioszegi","10":"tag-otelul-galati","11":"tag-sepsi-osk"},"yoast_head":"<!-- This site is optimized with the Yoast SEO plugin v27.4 - https:\/\/yoast.com\/product\/yoast-seo-wordpress\/ -->\n<title>Sepsi OSK: totul pentru play-off! - Covasna45<\/title>\n<meta name=\"description\" content=\"Bernd Storck a preluat obiectivul lui Liviu Ciobotariu. Trebuie s\u0103 ajung\u0103 \u00een play-off cu Sepsi OSK la sf\u00e2r\u0219itul sezonului.\" \/>\n<meta name=\"robots\" content=\"index, follow, max-snippet:-1, max-image-preview:large, max-video-preview:-1\" \/>\n<link rel=\"canonical\" href=\"https:\/\/covasna45.ro\/index.php\/sport\/sepsi-osk-totul-pentru-play-off\/\" \/>\n<meta property=\"og:locale\" content=\"ro_RO\" \/>\n<meta property=\"og:type\" content=\"article\" \/>\n<meta property=\"og:title\" content=\"Sepsi OSK: totul pentru play-off! - Covasna45\" \/>\n<meta property=\"og:description\" content=\"Bernd Storck a preluat obiectivul lui Liviu Ciobotariu. Trebuie s\u0103 ajung\u0103 \u00een play-off cu Sepsi OSK la sf\u00e2r\u0219itul sezonului.\" \/>\n<meta property=\"og:url\" content=\"https:\/\/covasna45.ro\/index.php\/sport\/sepsi-osk-totul-pentru-play-off\/\" \/>\n<meta property=\"og:site_name\" content=\"Covasna45\" \/>\n<meta property=\"article:published_time\" content=\"2023-12-12T10:32:50+00:00\" \/>\n<meta property=\"article:modified_time\" content=\"2023-12-12T10:32:51+00:00\" \/>\n<meta property=\"og:image\" content=\"https:\/\/covasna45.ro\/wp-content\/uploads\/2023\/12\/sepsi-osk-1.jpg\" \/>\n\t<meta property=\"og:image:width\" content=\"2048\" \/>\n\t<meta property=\"og:image:height\" content=\"1410\" \/>\n\t<meta property=\"og:image:type\" content=\"image\/jpeg\" \/>\n<meta name=\"author\" content=\"Covasna45\" \/>\n<meta name=\"twitter:card\" content=\"summary_large_image\" \/>\n<meta name=\"twitter:label1\" content=\"Scris de\" \/>\n\t<meta name=\"twitter:data1\" content=\"Covasna45\" \/>\n\t<meta name=\"twitter:label2\" content=\"Timp estimat pentru citire\" \/>\n\t<meta name=\"twitter:data2\" content=\"2 minute\" \/>\n<script type=\"application\/ld+json\" class=\"yoast-schema-graph\">{\"@context\":\"https:\\\/\\\/schema.org\",\"@graph\":[{\"@type\":\"Article\",\"@id\":\"https:\\\/\\\/covasna45.ro\\\/index.php\\\/sport\\\/sepsi-osk-totul-pentru-play-off\\\/#article\",\"isPartOf\":{\"@id\":\"https:\\\/\\\/covasna45.ro\\\/index.php\\\/sport\\\/sepsi-osk-totul-pentru-play-off\\\/\"},\"author\":{\"name\":\"Covasna45\",\"@id\":\"https:\\\/\\\/covasna45.ro\\\/#\\\/schema\\\/person\\\/e674052bd7d95d70bbb007a1060ab73c\"},\"headline\":\"Sepsi OSK: totul pentru play-off!\",\"datePublished\":\"2023-12-12T10:32:50+00:00\",\"dateModified\":\"2023-12-12T10:32:51+00:00\",\"mainEntityOfPage\":{\"@id\":\"https:\\\/\\\/covasna45.ro\\\/index.php\\\/sport\\\/sepsi-osk-totul-pentru-play-off\\\/\"},\"wordCount\":407,\"commentCount\":1,\"publisher\":{\"@id\":\"https:\\\/\\\/covasna45.ro\\\/#organization\"},\"image\":{\"@id\":\"https:\\\/\\\/covasna45.ro\\\/index.php\\\/sport\\\/sepsi-osk-totul-pentru-play-off\\\/#primaryimage\"},\"thumbnailUrl\":\"https:\\\/\\\/covasna45.ro\\\/wp-content\\\/uploads\\\/2023\\\/12\\\/sepsi-osk-1.jpg\",\"keywords\":[\"Bernd Storck\",\"L\u00e1szl\u00f3 Di\u00f3szegi\",\"O\u021belul Gala\u021bi\",\"Sepsi OSK\"],\"articleSection\":[\"Sport\"],\"inLanguage\":\"ro-RO\",\"potentialAction\":[{\"@type\":\"CommentAction\",\"name\":\"Comment\",\"target\":[\"https:\\\/\\\/covasna45.ro\\\/index.php\\\/sport\\\/sepsi-osk-totul-pentru-play-off\\\/#respond\"]}]},{\"@type\":\"WebPage\",\"@id\":\"https:\\\/\\\/covasna45.ro\\\/index.php\\\/sport\\\/sepsi-osk-totul-pentru-play-off\\\/\",\"url\":\"https:\\\/\\\/covasna45.ro\\\/index.php\\\/sport\\\/sepsi-osk-totul-pentru-play-off\\\/\",\"name\":\"Sepsi OSK: totul pentru play-off! - Covasna45\",\"isPartOf\":{\"@id\":\"https:\\\/\\\/covasna45.ro\\\/#website\"},\"primaryImageOfPage\":{\"@id\":\"https:\\\/\\\/covasna45.ro\\\/index.php\\\/sport\\\/sepsi-osk-totul-pentru-play-off\\\/#primaryimage\"},\"image\":{\"@id\":\"https:\\\/\\\/covasna45.ro\\\/index.php\\\/sport\\\/sepsi-osk-totul-pentru-play-off\\\/#primaryimage\"},\"thumbnailUrl\":\"https:\\\/\\\/covasna45.ro\\\/wp-content\\\/uploads\\\/2023\\\/12\\\/sepsi-osk-1.jpg\",\"datePublished\":\"2023-12-12T10:32:50+00:00\",\"dateModified\":\"2023-12-12T10:32:51+00:00\",\"description\":\"Bernd Storck a preluat obiectivul lui Liviu Ciobotariu. Trebuie s\u0103 ajung\u0103 \u00een play-off cu Sepsi OSK la sf\u00e2r\u0219itul sezonului.\",\"breadcrumb\":{\"@id\":\"https:\\\/\\\/covasna45.ro\\\/index.php\\\/sport\\\/sepsi-osk-totul-pentru-play-off\\\/#breadcrumb\"},\"inLanguage\":\"ro-RO\",\"potentialAction\":[{\"@type\":\"ReadAction\",\"target\":[\"https:\\\/\\\/covasna45.ro\\\/index.php\\\/sport\\\/sepsi-osk-totul-pentru-play-off\\\/\"]}]},{\"@type\":\"ImageObject\",\"inLanguage\":\"ro-RO\",\"@id\":\"https:\\\/\\\/covasna45.ro\\\/index.php\\\/sport\\\/sepsi-osk-totul-pentru-play-off\\\/#primaryimage\",\"url\":\"https:\\\/\\\/covasna45.ro\\\/wp-content\\\/uploads\\\/2023\\\/12\\\/sepsi-osk-1.jpg\",\"contentUrl\":\"https:\\\/\\\/covasna45.ro\\\/wp-content\\\/uploads\\\/2023\\\/12\\\/sepsi-osk-1.jpg\",\"width\":2048,\"height\":1410},{\"@type\":\"BreadcrumbList\",\"@id\":\"https:\\\/\\\/covasna45.ro\\\/index.php\\\/sport\\\/sepsi-osk-totul-pentru-play-off\\\/#breadcrumb\",\"itemListElement\":[{\"@type\":\"ListItem\",\"position\":1,\"name\":\"Prima pagin\u0103\",\"item\":\"https:\\\/\\\/covasna45.ro\\\/\"},{\"@type\":\"ListItem\",\"position\":2,\"name\":\"Sepsi OSK: totul pentru play-off!\"}]},{\"@type\":\"WebSite\",\"@id\":\"https:\\\/\\\/covasna45.ro\\\/#website\",\"url\":\"https:\\\/\\\/covasna45.ro\\\/\",\"name\":\"covasna45.ro\",\"description\":\"\",\"publisher\":{\"@id\":\"https:\\\/\\\/covasna45.ro\\\/#organization\"},\"potentialAction\":[{\"@type\":\"SearchAction\",\"target\":{\"@type\":\"EntryPoint\",\"urlTemplate\":\"https:\\\/\\\/covasna45.ro\\\/?s={search_term_string}\"},\"query-input\":{\"@type\":\"PropertyValueSpecification\",\"valueRequired\":true,\"valueName\":\"search_term_string\"}}],\"inLanguage\":\"ro-RO\"},{\"@type\":\"Organization\",\"@id\":\"https:\\\/\\\/covasna45.ro\\\/#organization\",\"name\":\"covasna45.ro\",\"url\":\"https:\\\/\\\/covasna45.ro\\\/\",\"logo\":{\"@type\":\"ImageObject\",\"inLanguage\":\"ro-RO\",\"@id\":\"https:\\\/\\\/covasna45.ro\\\/#\\\/schema\\\/logo\\\/image\\\/\",\"url\":\"https:\\\/\\\/covasna45.ro\\\/wp-content\\\/uploads\\\/2023\\\/01\\\/icon_logo.png\",\"contentUrl\":\"https:\\\/\\\/covasna45.ro\\\/wp-content\\\/uploads\\\/2023\\\/01\\\/icon_logo.png\",\"width\":1900,\"height\":1900,\"caption\":\"covasna45.ro\"},\"image\":{\"@id\":\"https:\\\/\\\/covasna45.ro\\\/#\\\/schema\\\/logo\\\/image\\\/\"}},{\"@type\":\"Person\",\"@id\":\"https:\\\/\\\/covasna45.ro\\\/#\\\/schema\\\/person\\\/e674052bd7d95d70bbb007a1060ab73c\",\"name\":\"Covasna45\",\"image\":{\"@type\":\"ImageObject\",\"inLanguage\":\"ro-RO\",\"@id\":\"https:\\\/\\\/covasna45.ro\\\/wp-content\\\/uploads\\\/2025\\\/10\\\/icon_logo_covasna45-150x150.png\",\"url\":\"https:\\\/\\\/covasna45.ro\\\/wp-content\\\/uploads\\\/2025\\\/10\\\/icon_logo_covasna45-150x150.png\",\"contentUrl\":\"https:\\\/\\\/covasna45.ro\\\/wp-content\\\/uploads\\\/2025\\\/10\\\/icon_logo_covasna45-150x150.png\",\"caption\":\"Covasna45\"},\"sameAs\":[\"https:\\\/\\\/covasna45.ro\"],\"url\":\"https:\\\/\\\/covasna45.ro\\\/index.php\\\/author\\\/covasna\\\/\"}]}<\/script>\n<!-- \/ Yoast SEO plugin. -->","yoast_head_json":{"title":"Sepsi OSK: totul pentru play-off! - Covasna45","description":"Bernd Storck a preluat obiectivul lui Liviu Ciobotariu. Trebuie s\u0103 ajung\u0103 \u00een play-off cu Sepsi OSK la sf\u00e2r\u0219itul sezonului.","robots":{"index":"index","follow":"follow","max-snippet":"max-snippet:-1","max-image-preview":"max-image-preview:large","max-video-preview":"max-video-preview:-1"},"canonical":"https:\/\/covasna45.ro\/index.php\/sport\/sepsi-osk-totul-pentru-play-off\/","og_locale":"ro_RO","og_type":"article","og_title":"Sepsi OSK: totul pentru play-off! - Covasna45","og_description":"Bernd Storck a preluat obiectivul lui Liviu Ciobotariu. Trebuie s\u0103 ajung\u0103 \u00een play-off cu Sepsi OSK la sf\u00e2r\u0219itul sezonului.","og_url":"https:\/\/covasna45.ro\/index.php\/sport\/sepsi-osk-totul-pentru-play-off\/","og_site_name":"Covasna45","article_published_time":"2023-12-12T10:32:50+00:00","article_modified_time":"2023-12-12T10:32:51+00:00","og_image":[{"width":2048,"height":1410,"url":"https:\/\/covasna45.ro\/wp-content\/uploads\/2023\/12\/sepsi-osk-1.jpg","type":"image\/jpeg"}],"author":"Covasna45","twitter_card":"summary_large_image","twitter_misc":{"Scris de":"Covasna45","Timp estimat pentru citire":"2 minute"},"schema":{"@context":"https:\/\/schema.org","@graph":[{"@type":"Article","@id":"https:\/\/covasna45.ro\/index.php\/sport\/sepsi-osk-totul-pentru-play-off\/#article","isPartOf":{"@id":"https:\/\/covasna45.ro\/index.php\/sport\/sepsi-osk-totul-pentru-play-off\/"},"author":{"name":"Covasna45","@id":"https:\/\/covasna45.ro\/#\/schema\/person\/e674052bd7d95d70bbb007a1060ab73c"},"headline":"Sepsi OSK: totul pentru play-off!","datePublished":"2023-12-12T10:32:50+00:00","dateModified":"2023-12-12T10:32:51+00:00","mainEntityOfPage":{"@id":"https:\/\/covasna45.ro\/index.php\/sport\/sepsi-osk-totul-pentru-play-off\/"},"wordCount":407,"commentCount":1,"publisher":{"@id":"https:\/\/covasna45.ro\/#organization"},"image":{"@id":"https:\/\/covasna45.ro\/index.php\/sport\/sepsi-osk-totul-pentru-play-off\/#primaryimage"},"thumbnailUrl":"https:\/\/covasna45.ro\/wp-content\/uploads\/2023\/12\/sepsi-osk-1.jpg","keywords":["Bernd Storck","L\u00e1szl\u00f3 Di\u00f3szegi","O\u021belul Gala\u021bi","Sepsi OSK"],"articleSection":["Sport"],"inLanguage":"ro-RO","potentialAction":[{"@type":"CommentAction","name":"Comment","target":["https:\/\/covasna45.ro\/index.php\/sport\/sepsi-osk-totul-pentru-play-off\/#respond"]}]},{"@type":"WebPage","@id":"https:\/\/covasna45.ro\/index.php\/sport\/sepsi-osk-totul-pentru-play-off\/","url":"https:\/\/covasna45.ro\/index.php\/sport\/sepsi-osk-totul-pentru-play-off\/","name":"Sepsi OSK: totul pentru play-off! - Covasna45","isPartOf":{"@id":"https:\/\/covasna45.ro\/#website"},"primaryImageOfPage":{"@id":"https:\/\/covasna45.ro\/index.php\/sport\/sepsi-osk-totul-pentru-play-off\/#primaryimage"},"image":{"@id":"https:\/\/covasna45.ro\/index.php\/sport\/sepsi-osk-totul-pentru-play-off\/#primaryimage"},"thumbnailUrl":"https:\/\/covasna45.ro\/wp-content\/uploads\/2023\/12\/sepsi-osk-1.jpg","datePublished":"2023-12-12T10:32:50+00:00","dateModified":"2023-12-12T10:32:51+00:00","description":"Bernd Storck a preluat obiectivul lui Liviu Ciobotariu. Trebuie s\u0103 ajung\u0103 \u00een play-off cu Sepsi OSK la sf\u00e2r\u0219itul sezonului.","breadcrumb":{"@id":"https:\/\/covasna45.ro\/index.php\/sport\/sepsi-osk-totul-pentru-play-off\/#breadcrumb"},"inLanguage":"ro-RO","potentialAction":[{"@type":"ReadAction","target":["https:\/\/covasna45.ro\/index.php\/sport\/sepsi-osk-totul-pentru-play-off\/"]}]},{"@type":"ImageObject","inLanguage":"ro-RO","@id":"https:\/\/covasna45.ro\/index.php\/sport\/sepsi-osk-totul-pentru-play-off\/#primaryimage","url":"https:\/\/covasna45.ro\/wp-content\/uploads\/2023\/12\/sepsi-osk-1.jpg","contentUrl":"https:\/\/covasna45.ro\/wp-content\/uploads\/2023\/12\/sepsi-osk-1.jpg","width":2048,"height":1410},{"@type":"BreadcrumbList","@id":"https:\/\/covasna45.ro\/index.php\/sport\/sepsi-osk-totul-pentru-play-off\/#breadcrumb","itemListElement":[{"@type":"ListItem","position":1,"name":"Prima pagin\u0103","item":"https:\/\/covasna45.ro\/"},{"@type":"ListItem","position":2,"name":"Sepsi OSK: totul pentru play-off!"}]},{"@type":"WebSite","@id":"https:\/\/covasna45.ro\/#website","url":"https:\/\/covasna45.ro\/","name":"covasna45.ro","description":"","publisher":{"@id":"https:\/\/covasna45.ro\/#organization"},"potentialAction":[{"@type":"SearchAction","target":{"@type":"EntryPoint","urlTemplate":"https:\/\/covasna45.ro\/?s={search_term_string}"},"query-input":{"@type":"PropertyValueSpecification","valueRequired":true,"valueName":"search_term_string"}}],"inLanguage":"ro-RO"},{"@type":"Organization","@id":"https:\/\/covasna45.ro\/#organization","name":"covasna45.ro","url":"https:\/\/covasna45.ro\/","logo":{"@type":"ImageObject","inLanguage":"ro-RO","@id":"https:\/\/covasna45.ro\/#\/schema\/logo\/image\/","url":"https:\/\/covasna45.ro\/wp-content\/uploads\/2023\/01\/icon_logo.png","contentUrl":"https:\/\/covasna45.ro\/wp-content\/uploads\/2023\/01\/icon_logo.png","width":1900,"height":1900,"caption":"covasna45.ro"},"image":{"@id":"https:\/\/covasna45.ro\/#\/schema\/logo\/image\/"}},{"@type":"Person","@id":"https:\/\/covasna45.ro\/#\/schema\/person\/e674052bd7d95d70bbb007a1060ab73c","name":"Covasna45","image":{"@type":"ImageObject","inLanguage":"ro-RO","@id":"https:\/\/covasna45.ro\/wp-content\/uploads\/2025\/10\/icon_logo_covasna45-150x150.png","url":"https:\/\/covasna45.ro\/wp-content\/uploads\/2025\/10\/icon_logo_covasna45-150x150.png","contentUrl":"https:\/\/covasna45.ro\/wp-content\/uploads\/2025\/10\/icon_logo_covasna45-150x150.png","caption":"Covasna45"},"sameAs":["https:\/\/covasna45.ro"],"url":"https:\/\/covasna45.ro\/index.php\/author\/covasna\/"}]}},"_links":{"self":[{"href":"https:\/\/covasna45.ro\/index.php\/wp-json\/wp\/v2\/posts\/4172","targetHints":{"allow":["GET"]}}],"collection":[{"href":"https:\/\/covasna45.ro\/index.php\/wp-json\/wp\/v2\/posts"}],"about":[{"href":"https:\/\/covasna45.ro\/index.php\/wp-json\/wp\/v2\/types\/post"}],"author":[{"embeddable":true,"href":"https:\/\/covasna45.ro\/index.php\/wp-json\/wp\/v2\/users\/1"}],"replies":[{"embeddable":true,"href":"https:\/\/covasna45.ro\/index.php\/wp-json\/wp\/v2\/comments?post=4172"}],"version-history":[{"count":1,"href":"https:\/\/covasna45.ro\/index.php\/wp-json\/wp\/v2\/posts\/4172\/revisions"}],"predecessor-version":[{"id":4174,"href":"https:\/\/covasna45.ro\/index.php\/wp-json\/wp\/v2\/posts\/4172\/revisions\/4174"}],"wp:featuredmedia":[{"embeddable":true,"href":"https:\/\/covasna45.ro\/index.php\/wp-json\/wp\/v2\/media\/4173"}],"wp:attachment":[{"href":"https:\/\/covasna45.ro\/index.php\/wp-json\/wp\/v2\/media?parent=4172"}],"wp:term":[{"taxonomy":"category","embeddable":true,"href":"https:\/\/covasna45.ro\/index.php\/wp-json\/wp\/v2\/categories?post=4172"},{"taxonomy":"post_tag","embeddable":true,"href":"https:\/\/covasna45.ro\/index.php\/wp-json\/wp\/v2\/tags?post=4172"}],"curies":[{"name":"wp","href":"https:\/\/api.w.org\/{rel}","templated":true}]}}