{"id":4375,"date":"2024-01-08T11:05:12","date_gmt":"2024-01-08T09:05:12","guid":{"rendered":"https:\/\/covasna45.ro\/?p=4375"},"modified":"2024-01-08T11:05:13","modified_gmt":"2024-01-08T09:05:13","slug":"ue-vrea-eliminarea-centralelor-de-apartament","status":"publish","type":"post","link":"https:\/\/covasna45.ro\/index.php\/lumea-larga\/ue-vrea-eliminarea-centralelor-de-apartament\/","title":{"rendered":"UE vrea eliminarea centralelor de apartament"},"content":{"rendered":"\n<p>UE inten\u021bioneaz\u0103 s\u0103 renun\u021be treptat la centralele de apartament pe baz\u0103 de gaze. Potrivit datelor Eurostat, aproximativ jum\u0103tate din \u00eentreaga energie consumat\u0103 \u00een UE este destinat\u0103 \u00eenc\u0103lzirii \u0219i r\u0103cirii. Iar peste 70% provine \u00eenc\u0103 din surse de combustibili fosili, cu preponderen\u021b\u0103 gaze naturale. <\/p>\n\n\n\n<h2 class=\"wp-block-heading\">\u00cen sectorul reziden\u021bial, circa 80% din consumul de energie este alocat \u00eenc\u0103lzirii spa\u021biilor \u0219i a apei.<\/h2>\n\n\n\n<p>A fost stabilit\u0103 o interdic\u021bie pentru astfel de centrale. Data limit\u0103 pentru renun\u021barea la acestea este 2040, conform unui acord \u00eentre Parlamentul European \u0219i Consiliul Europei.<\/p>\n\n\n\n<p>Astfel, cl\u0103dirile devin subiectul noii legisla\u021bii europene care st\u0103 la baza eforturilor UE de a promova reducerea emisiilor de gaze cu efect de ser\u0103 cu cel pu\u021bin 55% p\u00e2n\u0103 \u00een 2030, comparativ cu nivelurile din 1990, \u0219i de a atinge neutralitatea climatic\u0103 p\u00e2n\u0103 \u00een 2050.<\/p>\n\n\n\n<p>UE are ca obiectiv accelerarea instal\u0103rii pompelor de c\u0103ldur\u0103 ca alternativ\u0103 la centralele termice. Acestea contribuie la eficien\u021b\u0103 \u0219i permit utilizarea mai extins\u0103 a energiei regenerabile, inclusiv a celei solare.<\/p>\n\n\n\n<p>La sf\u00e2r\u0219itul anului 2021, Europa avea aproape 17 milioane de astfel de pompe de c\u0103ldur\u0103. Noile reglement\u0103ri impun o eliminare treptat\u0103 a centralelor termice pe baz\u0103 de gaz natural.<\/p>\n\n\n\n<h2 class=\"wp-block-heading\">Toate centralele de apartament pe gaze trebuie eliminate p\u00e2n\u0103 \u00een 2040, prevede o directiv\u0103 UE. <\/h2>\n\n\n\n<p><strong><em>\u201eComisia salut\u0103 acordul provizoriu la care au ajuns ast\u0103zi Parlamentul European \u0219i Consiliul pentru a reduce emisiile \u0219i consumul de energie al cl\u0103dirilor din \u00eentreaga UE. Directiva consolidat\u0103 privind performan\u021ba energetic\u0103 a cl\u0103dirilor (EPBD) va sprijini eforturile UE de decarbonizare a cl\u0103dirilor \u00een \u00eentreaga Uniune. <\/em><\/strong><\/p>\n\n\n\n<p><strong><em>Acesta este un domeniu \u00een care impactul concret al ofertei ecologice europene va \u00eembun\u0103t\u0103\u021bi calitatea vie\u021bii oamenilor, \u00een locuin\u021bele \u0219i la locul de munc\u0103, \u0219i le va reduce facturile la energie. <\/em><\/strong><\/p>\n\n\n\n<p><strong><em>De asemenea, acest acord va stimula independen\u021ba energetic\u0103 a Europei, \u00een conformitate cu Planul REPowerEU, \u0219i va constitui un argument comercial puternic \u00een favoarea unui sector al cl\u0103dirilor mai pu\u021bin poluante \u00een UE\u201d,<\/em><\/strong> arat\u0103 Comisia European\u0103 \u00eentr-un comunicat de pres\u0103.<\/p>\n","protected":false},"excerpt":{"rendered":"<p>UE inten\u021bioneaz\u0103 s\u0103 renun\u021be treptat la centralele de apartament pe baz\u0103 de gaze. Potrivit datelor Eurostat, aproximativ jum\u0103tate din \u00eentreaga energie consumat\u0103 \u00een UE este destinat\u0103 \u00eenc\u0103lzirii \u0219i r\u0103cirii. Iar peste 70% provine \u00eenc\u0103 din surse de combustibili fosili, cu preponderen\u021b\u0103 gaze naturale. \u00cen sectorul reziden\u021bial, circa 80% din consumul de energie este alocat \u00eenc\u0103lzirii [&hellip;]<\/p>\n","protected":false},"author":1,"featured_media":4376,"comment_status":"open","ping_status":"closed","sticky":false,"template":"","format":"standard","meta":{"tdm_status":"","tdm_grid_status":"","footnotes":""},"categories":[10],"tags":[893,1876,73,47],"class_list":{"0":"post-4375","1":"post","2":"type-post","3":"status-publish","4":"format-standard","5":"has-post-thumbnail","7":"category-lumea-larga","8":"tag-centrale-de-apartament","9":"tag-directiva","10":"tag-interdictie","11":"tag-ue"},"yoast_head":"<!-- This site is optimized with the Yoast SEO plugin v27.5 - https:\/\/yoast.com\/product\/yoast-seo-wordpress\/ -->\n<title>UE vrea eliminarea centralelor de apartament - Covasna45<\/title>\n<meta name=\"description\" content=\"UE inten\u021bioneaz\u0103 s\u0103 renun\u021be treptat la centralele de apartament pe baz\u0103 de gaze. Potrivit datelor Eurostat\" \/>\n<meta name=\"robots\" content=\"index, follow, max-snippet:-1, max-image-preview:large, max-video-preview:-1\" \/>\n<link rel=\"canonical\" href=\"https:\/\/covasna45.ro\/index.php\/lumea-larga\/ue-vrea-eliminarea-centralelor-de-apartament\/\" \/>\n<meta property=\"og:locale\" content=\"ro_RO\" \/>\n<meta property=\"og:type\" content=\"article\" \/>\n<meta property=\"og:title\" content=\"UE vrea eliminarea centralelor de apartament - Covasna45\" \/>\n<meta property=\"og:description\" content=\"UE inten\u021bioneaz\u0103 s\u0103 renun\u021be treptat la centralele de apartament pe baz\u0103 de gaze. Potrivit datelor Eurostat\" \/>\n<meta property=\"og:url\" content=\"https:\/\/covasna45.ro\/index.php\/lumea-larga\/ue-vrea-eliminarea-centralelor-de-apartament\/\" \/>\n<meta property=\"og:site_name\" content=\"Covasna45\" \/>\n<meta property=\"article:published_time\" content=\"2024-01-08T09:05:12+00:00\" \/>\n<meta property=\"article:modified_time\" content=\"2024-01-08T09:05:13+00:00\" \/>\n<meta property=\"og:image\" content=\"https:\/\/covasna45.ro\/wp-content\/uploads\/2024\/01\/centrala-termica.jpg\" \/>\n\t<meta property=\"og:image:width\" content=\"1200\" \/>\n\t<meta property=\"og:image:height\" content=\"676\" \/>\n\t<meta property=\"og:image:type\" content=\"image\/jpeg\" \/>\n<meta name=\"author\" content=\"Covasna45\" \/>\n<meta name=\"twitter:card\" content=\"summary_large_image\" \/>\n<meta name=\"twitter:label1\" content=\"Scris de\" \/>\n\t<meta name=\"twitter:data1\" content=\"Covasna45\" \/>\n\t<meta name=\"twitter:label2\" content=\"Timp estimat pentru citire\" \/>\n\t<meta name=\"twitter:data2\" content=\"2 minute\" \/>\n<script type=\"application\/ld+json\" class=\"yoast-schema-graph\">{\"@context\":\"https:\\\/\\\/schema.org\",\"@graph\":[{\"@type\":\"Article\",\"@id\":\"https:\\\/\\\/covasna45.ro\\\/index.php\\\/lumea-larga\\\/ue-vrea-eliminarea-centralelor-de-apartament\\\/#article\",\"isPartOf\":{\"@id\":\"https:\\\/\\\/covasna45.ro\\\/index.php\\\/lumea-larga\\\/ue-vrea-eliminarea-centralelor-de-apartament\\\/\"},\"author\":{\"name\":\"Covasna45\",\"@id\":\"https:\\\/\\\/covasna45.ro\\\/#\\\/schema\\\/person\\\/e674052bd7d95d70bbb007a1060ab73c\"},\"headline\":\"UE vrea eliminarea centralelor de apartament\",\"datePublished\":\"2024-01-08T09:05:12+00:00\",\"dateModified\":\"2024-01-08T09:05:13+00:00\",\"mainEntityOfPage\":{\"@id\":\"https:\\\/\\\/covasna45.ro\\\/index.php\\\/lumea-larga\\\/ue-vrea-eliminarea-centralelor-de-apartament\\\/\"},\"wordCount\":350,\"commentCount\":0,\"publisher\":{\"@id\":\"https:\\\/\\\/covasna45.ro\\\/#organization\"},\"image\":{\"@id\":\"https:\\\/\\\/covasna45.ro\\\/index.php\\\/lumea-larga\\\/ue-vrea-eliminarea-centralelor-de-apartament\\\/#primaryimage\"},\"thumbnailUrl\":\"https:\\\/\\\/covasna45.ro\\\/wp-content\\\/uploads\\\/2024\\\/01\\\/centrala-termica.jpg\",\"keywords\":[\"Centrale de apartament\",\"Directiv\u0103\",\"Interdic\u021bie\",\"UE\"],\"articleSection\":[\"Lumea larg\u0103\"],\"inLanguage\":\"ro-RO\",\"potentialAction\":[{\"@type\":\"CommentAction\",\"name\":\"Comment\",\"target\":[\"https:\\\/\\\/covasna45.ro\\\/index.php\\\/lumea-larga\\\/ue-vrea-eliminarea-centralelor-de-apartament\\\/#respond\"]}]},{\"@type\":\"WebPage\",\"@id\":\"https:\\\/\\\/covasna45.ro\\\/index.php\\\/lumea-larga\\\/ue-vrea-eliminarea-centralelor-de-apartament\\\/\",\"url\":\"https:\\\/\\\/covasna45.ro\\\/index.php\\\/lumea-larga\\\/ue-vrea-eliminarea-centralelor-de-apartament\\\/\",\"name\":\"UE vrea eliminarea centralelor de apartament - Covasna45\",\"isPartOf\":{\"@id\":\"https:\\\/\\\/covasna45.ro\\\/#website\"},\"primaryImageOfPage\":{\"@id\":\"https:\\\/\\\/covasna45.ro\\\/index.php\\\/lumea-larga\\\/ue-vrea-eliminarea-centralelor-de-apartament\\\/#primaryimage\"},\"image\":{\"@id\":\"https:\\\/\\\/covasna45.ro\\\/index.php\\\/lumea-larga\\\/ue-vrea-eliminarea-centralelor-de-apartament\\\/#primaryimage\"},\"thumbnailUrl\":\"https:\\\/\\\/covasna45.ro\\\/wp-content\\\/uploads\\\/2024\\\/01\\\/centrala-termica.jpg\",\"datePublished\":\"2024-01-08T09:05:12+00:00\",\"dateModified\":\"2024-01-08T09:05:13+00:00\",\"description\":\"UE inten\u021bioneaz\u0103 s\u0103 renun\u021be treptat la centralele de apartament pe baz\u0103 de gaze. Potrivit datelor Eurostat\",\"breadcrumb\":{\"@id\":\"https:\\\/\\\/covasna45.ro\\\/index.php\\\/lumea-larga\\\/ue-vrea-eliminarea-centralelor-de-apartament\\\/#breadcrumb\"},\"inLanguage\":\"ro-RO\",\"potentialAction\":[{\"@type\":\"ReadAction\",\"target\":[\"https:\\\/\\\/covasna45.ro\\\/index.php\\\/lumea-larga\\\/ue-vrea-eliminarea-centralelor-de-apartament\\\/\"]}]},{\"@type\":\"ImageObject\",\"inLanguage\":\"ro-RO\",\"@id\":\"https:\\\/\\\/covasna45.ro\\\/index.php\\\/lumea-larga\\\/ue-vrea-eliminarea-centralelor-de-apartament\\\/#primaryimage\",\"url\":\"https:\\\/\\\/covasna45.ro\\\/wp-content\\\/uploads\\\/2024\\\/01\\\/centrala-termica.jpg\",\"contentUrl\":\"https:\\\/\\\/covasna45.ro\\\/wp-content\\\/uploads\\\/2024\\\/01\\\/centrala-termica.jpg\",\"width\":1200,\"height\":676},{\"@type\":\"BreadcrumbList\",\"@id\":\"https:\\\/\\\/covasna45.ro\\\/index.php\\\/lumea-larga\\\/ue-vrea-eliminarea-centralelor-de-apartament\\\/#breadcrumb\",\"itemListElement\":[{\"@type\":\"ListItem\",\"position\":1,\"name\":\"Prima pagin\u0103\",\"item\":\"https:\\\/\\\/covasna45.ro\\\/\"},{\"@type\":\"ListItem\",\"position\":2,\"name\":\"UE vrea eliminarea centralelor de apartament\"}]},{\"@type\":\"WebSite\",\"@id\":\"https:\\\/\\\/covasna45.ro\\\/#website\",\"url\":\"https:\\\/\\\/covasna45.ro\\\/\",\"name\":\"covasna45.ro\",\"description\":\"\",\"publisher\":{\"@id\":\"https:\\\/\\\/covasna45.ro\\\/#organization\"},\"potentialAction\":[{\"@type\":\"SearchAction\",\"target\":{\"@type\":\"EntryPoint\",\"urlTemplate\":\"https:\\\/\\\/covasna45.ro\\\/?s={search_term_string}\"},\"query-input\":{\"@type\":\"PropertyValueSpecification\",\"valueRequired\":true,\"valueName\":\"search_term_string\"}}],\"inLanguage\":\"ro-RO\"},{\"@type\":\"Organization\",\"@id\":\"https:\\\/\\\/covasna45.ro\\\/#organization\",\"name\":\"covasna45.ro\",\"url\":\"https:\\\/\\\/covasna45.ro\\\/\",\"logo\":{\"@type\":\"ImageObject\",\"inLanguage\":\"ro-RO\",\"@id\":\"https:\\\/\\\/covasna45.ro\\\/#\\\/schema\\\/logo\\\/image\\\/\",\"url\":\"https:\\\/\\\/covasna45.ro\\\/wp-content\\\/uploads\\\/2023\\\/01\\\/icon_logo.png\",\"contentUrl\":\"https:\\\/\\\/covasna45.ro\\\/wp-content\\\/uploads\\\/2023\\\/01\\\/icon_logo.png\",\"width\":1900,\"height\":1900,\"caption\":\"covasna45.ro\"},\"image\":{\"@id\":\"https:\\\/\\\/covasna45.ro\\\/#\\\/schema\\\/logo\\\/image\\\/\"}},{\"@type\":\"Person\",\"@id\":\"https:\\\/\\\/covasna45.ro\\\/#\\\/schema\\\/person\\\/e674052bd7d95d70bbb007a1060ab73c\",\"name\":\"Covasna45\",\"image\":{\"@type\":\"ImageObject\",\"inLanguage\":\"ro-RO\",\"@id\":\"https:\\\/\\\/covasna45.ro\\\/wp-content\\\/uploads\\\/2025\\\/10\\\/icon_logo_covasna45-150x150.png\",\"url\":\"https:\\\/\\\/covasna45.ro\\\/wp-content\\\/uploads\\\/2025\\\/10\\\/icon_logo_covasna45-150x150.png\",\"contentUrl\":\"https:\\\/\\\/covasna45.ro\\\/wp-content\\\/uploads\\\/2025\\\/10\\\/icon_logo_covasna45-150x150.png\",\"caption\":\"Covasna45\"},\"sameAs\":[\"https:\\\/\\\/covasna45.ro\"],\"url\":\"https:\\\/\\\/covasna45.ro\\\/index.php\\\/author\\\/covasna\\\/\"}]}<\/script>\n<!-- \/ Yoast SEO plugin. -->","yoast_head_json":{"title":"UE vrea eliminarea centralelor de apartament - Covasna45","description":"UE inten\u021bioneaz\u0103 s\u0103 renun\u021be treptat la centralele de apartament pe baz\u0103 de gaze. Potrivit datelor Eurostat","robots":{"index":"index","follow":"follow","max-snippet":"max-snippet:-1","max-image-preview":"max-image-preview:large","max-video-preview":"max-video-preview:-1"},"canonical":"https:\/\/covasna45.ro\/index.php\/lumea-larga\/ue-vrea-eliminarea-centralelor-de-apartament\/","og_locale":"ro_RO","og_type":"article","og_title":"UE vrea eliminarea centralelor de apartament - Covasna45","og_description":"UE inten\u021bioneaz\u0103 s\u0103 renun\u021be treptat la centralele de apartament pe baz\u0103 de gaze. Potrivit datelor Eurostat","og_url":"https:\/\/covasna45.ro\/index.php\/lumea-larga\/ue-vrea-eliminarea-centralelor-de-apartament\/","og_site_name":"Covasna45","article_published_time":"2024-01-08T09:05:12+00:00","article_modified_time":"2024-01-08T09:05:13+00:00","og_image":[{"width":1200,"height":676,"url":"https:\/\/covasna45.ro\/wp-content\/uploads\/2024\/01\/centrala-termica.jpg","type":"image\/jpeg"}],"author":"Covasna45","twitter_card":"summary_large_image","twitter_misc":{"Scris de":"Covasna45","Timp estimat pentru citire":"2 minute"},"schema":{"@context":"https:\/\/schema.org","@graph":[{"@type":"Article","@id":"https:\/\/covasna45.ro\/index.php\/lumea-larga\/ue-vrea-eliminarea-centralelor-de-apartament\/#article","isPartOf":{"@id":"https:\/\/covasna45.ro\/index.php\/lumea-larga\/ue-vrea-eliminarea-centralelor-de-apartament\/"},"author":{"name":"Covasna45","@id":"https:\/\/covasna45.ro\/#\/schema\/person\/e674052bd7d95d70bbb007a1060ab73c"},"headline":"UE vrea eliminarea centralelor de apartament","datePublished":"2024-01-08T09:05:12+00:00","dateModified":"2024-01-08T09:05:13+00:00","mainEntityOfPage":{"@id":"https:\/\/covasna45.ro\/index.php\/lumea-larga\/ue-vrea-eliminarea-centralelor-de-apartament\/"},"wordCount":350,"commentCount":0,"publisher":{"@id":"https:\/\/covasna45.ro\/#organization"},"image":{"@id":"https:\/\/covasna45.ro\/index.php\/lumea-larga\/ue-vrea-eliminarea-centralelor-de-apartament\/#primaryimage"},"thumbnailUrl":"https:\/\/covasna45.ro\/wp-content\/uploads\/2024\/01\/centrala-termica.jpg","keywords":["Centrale de apartament","Directiv\u0103","Interdic\u021bie","UE"],"articleSection":["Lumea larg\u0103"],"inLanguage":"ro-RO","potentialAction":[{"@type":"CommentAction","name":"Comment","target":["https:\/\/covasna45.ro\/index.php\/lumea-larga\/ue-vrea-eliminarea-centralelor-de-apartament\/#respond"]}]},{"@type":"WebPage","@id":"https:\/\/covasna45.ro\/index.php\/lumea-larga\/ue-vrea-eliminarea-centralelor-de-apartament\/","url":"https:\/\/covasna45.ro\/index.php\/lumea-larga\/ue-vrea-eliminarea-centralelor-de-apartament\/","name":"UE vrea eliminarea centralelor de apartament - Covasna45","isPartOf":{"@id":"https:\/\/covasna45.ro\/#website"},"primaryImageOfPage":{"@id":"https:\/\/covasna45.ro\/index.php\/lumea-larga\/ue-vrea-eliminarea-centralelor-de-apartament\/#primaryimage"},"image":{"@id":"https:\/\/covasna45.ro\/index.php\/lumea-larga\/ue-vrea-eliminarea-centralelor-de-apartament\/#primaryimage"},"thumbnailUrl":"https:\/\/covasna45.ro\/wp-content\/uploads\/2024\/01\/centrala-termica.jpg","datePublished":"2024-01-08T09:05:12+00:00","dateModified":"2024-01-08T09:05:13+00:00","description":"UE inten\u021bioneaz\u0103 s\u0103 renun\u021be treptat la centralele de apartament pe baz\u0103 de gaze. Potrivit datelor Eurostat","breadcrumb":{"@id":"https:\/\/covasna45.ro\/index.php\/lumea-larga\/ue-vrea-eliminarea-centralelor-de-apartament\/#breadcrumb"},"inLanguage":"ro-RO","potentialAction":[{"@type":"ReadAction","target":["https:\/\/covasna45.ro\/index.php\/lumea-larga\/ue-vrea-eliminarea-centralelor-de-apartament\/"]}]},{"@type":"ImageObject","inLanguage":"ro-RO","@id":"https:\/\/covasna45.ro\/index.php\/lumea-larga\/ue-vrea-eliminarea-centralelor-de-apartament\/#primaryimage","url":"https:\/\/covasna45.ro\/wp-content\/uploads\/2024\/01\/centrala-termica.jpg","contentUrl":"https:\/\/covasna45.ro\/wp-content\/uploads\/2024\/01\/centrala-termica.jpg","width":1200,"height":676},{"@type":"BreadcrumbList","@id":"https:\/\/covasna45.ro\/index.php\/lumea-larga\/ue-vrea-eliminarea-centralelor-de-apartament\/#breadcrumb","itemListElement":[{"@type":"ListItem","position":1,"name":"Prima pagin\u0103","item":"https:\/\/covasna45.ro\/"},{"@type":"ListItem","position":2,"name":"UE vrea eliminarea centralelor de apartament"}]},{"@type":"WebSite","@id":"https:\/\/covasna45.ro\/#website","url":"https:\/\/covasna45.ro\/","name":"covasna45.ro","description":"","publisher":{"@id":"https:\/\/covasna45.ro\/#organization"},"potentialAction":[{"@type":"SearchAction","target":{"@type":"EntryPoint","urlTemplate":"https:\/\/covasna45.ro\/?s={search_term_string}"},"query-input":{"@type":"PropertyValueSpecification","valueRequired":true,"valueName":"search_term_string"}}],"inLanguage":"ro-RO"},{"@type":"Organization","@id":"https:\/\/covasna45.ro\/#organization","name":"covasna45.ro","url":"https:\/\/covasna45.ro\/","logo":{"@type":"ImageObject","inLanguage":"ro-RO","@id":"https:\/\/covasna45.ro\/#\/schema\/logo\/image\/","url":"https:\/\/covasna45.ro\/wp-content\/uploads\/2023\/01\/icon_logo.png","contentUrl":"https:\/\/covasna45.ro\/wp-content\/uploads\/2023\/01\/icon_logo.png","width":1900,"height":1900,"caption":"covasna45.ro"},"image":{"@id":"https:\/\/covasna45.ro\/#\/schema\/logo\/image\/"}},{"@type":"Person","@id":"https:\/\/covasna45.ro\/#\/schema\/person\/e674052bd7d95d70bbb007a1060ab73c","name":"Covasna45","image":{"@type":"ImageObject","inLanguage":"ro-RO","@id":"https:\/\/covasna45.ro\/wp-content\/uploads\/2025\/10\/icon_logo_covasna45-150x150.png","url":"https:\/\/covasna45.ro\/wp-content\/uploads\/2025\/10\/icon_logo_covasna45-150x150.png","contentUrl":"https:\/\/covasna45.ro\/wp-content\/uploads\/2025\/10\/icon_logo_covasna45-150x150.png","caption":"Covasna45"},"sameAs":["https:\/\/covasna45.ro"],"url":"https:\/\/covasna45.ro\/index.php\/author\/covasna\/"}]}},"_links":{"self":[{"href":"https:\/\/covasna45.ro\/index.php\/wp-json\/wp\/v2\/posts\/4375","targetHints":{"allow":["GET"]}}],"collection":[{"href":"https:\/\/covasna45.ro\/index.php\/wp-json\/wp\/v2\/posts"}],"about":[{"href":"https:\/\/covasna45.ro\/index.php\/wp-json\/wp\/v2\/types\/post"}],"author":[{"embeddable":true,"href":"https:\/\/covasna45.ro\/index.php\/wp-json\/wp\/v2\/users\/1"}],"replies":[{"embeddable":true,"href":"https:\/\/covasna45.ro\/index.php\/wp-json\/wp\/v2\/comments?post=4375"}],"version-history":[{"count":1,"href":"https:\/\/covasna45.ro\/index.php\/wp-json\/wp\/v2\/posts\/4375\/revisions"}],"predecessor-version":[{"id":4377,"href":"https:\/\/covasna45.ro\/index.php\/wp-json\/wp\/v2\/posts\/4375\/revisions\/4377"}],"wp:featuredmedia":[{"embeddable":true,"href":"https:\/\/covasna45.ro\/index.php\/wp-json\/wp\/v2\/media\/4376"}],"wp:attachment":[{"href":"https:\/\/covasna45.ro\/index.php\/wp-json\/wp\/v2\/media?parent=4375"}],"wp:term":[{"taxonomy":"category","embeddable":true,"href":"https:\/\/covasna45.ro\/index.php\/wp-json\/wp\/v2\/categories?post=4375"},{"taxonomy":"post_tag","embeddable":true,"href":"https:\/\/covasna45.ro\/index.php\/wp-json\/wp\/v2\/tags?post=4375"}],"curies":[{"name":"wp","href":"https:\/\/api.w.org\/{rel}","templated":true}]}}