{"id":4438,"date":"2024-01-15T10:55:01","date_gmt":"2024-01-15T08:55:01","guid":{"rendered":"https:\/\/covasna45.ro\/?p=4438"},"modified":"2024-01-15T10:55:02","modified_gmt":"2024-01-15T08:55:02","slug":"aeroportul-brasov-program-de-functionare-de-16-ore","status":"publish","type":"post","link":"https:\/\/covasna45.ro\/index.php\/lumea-noastra\/aeroportul-brasov-program-de-functionare-de-16-ore\/","title":{"rendered":"Aeroportul Bra\u015fov, program de func\u0163ionare de 16 ore"},"content":{"rendered":"\n<p>Ca urmare a solicit\u0103rii privind extinderea programului de operare formulat\u0103 de Regia Autonom\u0103 \u201eAeroportul Interna\u0163ional Bra\u015fov-Ghimbav\u201d \u00een 27 septembrie 2023, cu complet\u0103rile ulterioare transmise \u00een intervalul octombrie 2023 \u2013 ianuarie 2024, conducerea Autorit\u0103\u0163ii Aeronautice Civile Rom\u00e2ne (AACR) a aprobat schimbarea propus\u0103.<\/p>\n\n\n\n<p>AACR a emis, joi, Condi\u0163iile de Certificare pentru Aeroportul Interna\u0163ional Bra\u015fov-Ghimbav RO \u2013 25\/2023 Edi\u0163ia 2. <\/p>\n\n\n\n<h2 class=\"wp-block-heading\">Aeronavele planificate vor putea ateriza sau decola de pe Aeroportul Bra\u015fov \u00een intervalul orar 07:00-23:00.<\/h2>\n\n\n\n<p><strong><em>\u201eDup\u0103 adresa din 29 noiembrie 2023 prin care ROMATSA \u015fi-a reconfirmat acordul privind extinderea programului Aeroportului Interna\u0163ional Bra\u015fov-Ghimbav de la 12 la 16 ore, am primit \u015fi documentul Autorit\u0103\u0163ii Aeronautice, semnat de domnul director general Nicolae Stoica, \u00een baza c\u0103ruia din 15 ianuarie 2024 avem aprobarea pentru orarul prelungit. <\/em><\/strong><\/p>\n\n\n\n<p><strong><em>\u00cempreun\u0103 cu domnul director Constantin Albu, \u00een parteneriat cu Consiliul de Administra\u0163ie al AIBG, cu sprijinul institu\u0163iilor publice din cadrul aeroportului \u015fi cu suportul permanent asigurat de ROMATSA \u015fi AACR am f\u0103cut toate demersurile premerg\u0103toare acestui moment mult a\u015fteptat at\u00e2t de noi, ca administratori ai obiectivului, c\u00e2t mai ales de companiile aeriene interesate de Aeroportul Bra\u015fov \u015fi cu to\u0163ii suntem mul\u0163umi\u0163i c\u0103 am reu\u015fit s\u0103 facem acest prim pas spre un program de 24 de ore din 24\u201d,<\/em><\/strong> a declarat pre\u015fedintele Consiliului Jude\u0163ean Bra\u015fov, Todoric\u0103-Constantin \u015eerban.<\/p>\n\n\n\n<h2 class=\"wp-block-heading\">Directorul general al aeroportului, Constantin Albu, este preg\u0103tit al\u0103turi de \u00eentreaga echip\u0103 s\u0103 r\u0103spund\u0103 necesit\u0103\u0163ilor noului program de 16 ore.<\/h2>\n\n\n\n<p><strong><em>\u201eM\u0103 bucur c\u0103 am reu\u015fit \u00eentr-un timp foarte scurt s\u0103 punem la punct toate aspectele care \u0163in de func\u0163ionarea Aeroportului Bra\u015fov \u00een conformitate cu normativele autorit\u0103\u0163ilor de reglementare, s\u0103 rezolv\u0103m cerin\u0163e punctuale venite din partea institu\u0163iilor care-\u015fi desf\u0103\u015foar\u0103 activitatea \u00een cadrul AIBG \u015fi mai ales s\u0103 document\u0103m foarte bine solicitarea noastr\u0103 de extindere a programului, astfel \u00eenc\u00e2t conducerea Autorit\u0103\u0163ii Aeronautice Civile Rom\u00e2ne s\u0103 ne dea acordul \u015fi s\u0103 ne sprijine \u00een acest demers. Sunt convins c\u0103 \u00een perioada urm\u0103toare activitatea de transport va cunoa\u015fte o cre\u015ftere remarcabil\u0103\u201d, <\/em><\/strong>a afirmat Constantin Albu.<\/p>\n\n\n\n<p>\u00centruc\u00e2t la acest moment nu exist\u0103 contracte cu companii aeriene care s\u0103 opereze \u00een afara programului ini\u0163ial 07:00-19:00, o abordare pragmatic\u0103 \u015fi eficient\u0103 \u00een aceast\u0103 situa\u0163ie, analizat\u0103 \u015fi convenit\u0103 de toate p\u0103r\u0163ile implicate este ca \u00een prim\u0103 faz\u0103, programul de func\u0163ionare al Aeroportului s\u0103 fie adaptat corespunz\u0103tor, \u00een func\u0163ie de cererile concrete primite din partea operatorilor aerieni, f\u0103r\u0103 a se dep\u0103\u015fi intervalul de 16 ore.<\/p>\n","protected":false},"excerpt":{"rendered":"<p>Ca urmare a solicit\u0103rii privind extinderea programului de operare formulat\u0103 de Regia Autonom\u0103 \u201eAeroportul Interna\u0163ional Bra\u015fov-Ghimbav\u201d \u00een 27 septembrie 2023, cu complet\u0103rile ulterioare transmise \u00een intervalul octombrie 2023 \u2013 ianuarie 2024, conducerea Autorit\u0103\u0163ii Aeronautice Civile Rom\u00e2ne (AACR) a aprobat schimbarea propus\u0103. AACR a emis, joi, Condi\u0163iile de Certificare pentru Aeroportul Interna\u0163ional Bra\u015fov-Ghimbav RO \u2013 25\/2023 [&hellip;]<\/p>\n","protected":false},"author":1,"featured_media":4439,"comment_status":"open","ping_status":"closed","sticky":false,"template":"","format":"standard","meta":{"tdm_status":"","tdm_grid_status":"","footnotes":""},"categories":[14],"tags":[765,183,766],"class_list":{"0":"post-4438","1":"post","2":"type-post","3":"status-publish","4":"format-standard","5":"has-post-thumbnail","7":"category-lumea-noastra","8":"tag-aeroportul-brasov","9":"tag-program","10":"tag-zboruri"},"yoast_head":"<!-- This site is optimized with the Yoast SEO plugin v27.4 - https:\/\/yoast.com\/product\/yoast-seo-wordpress\/ -->\n<title>Aeroportul Bra\u015fov, program de func\u0163ionare de 16 ore - Covasna45<\/title>\n<meta name=\"description\" content=\"Aeronavele planificate vor putea ateriza sau decola de pe Aeroportul Bra\u015fov \u00een intervalul orar 07:00-23:00.\" \/>\n<meta name=\"robots\" content=\"index, follow, max-snippet:-1, max-image-preview:large, max-video-preview:-1\" \/>\n<link rel=\"canonical\" href=\"https:\/\/covasna45.ro\/index.php\/lumea-noastra\/aeroportul-brasov-program-de-functionare-de-16-ore\/\" \/>\n<meta property=\"og:locale\" content=\"ro_RO\" \/>\n<meta property=\"og:type\" content=\"article\" \/>\n<meta property=\"og:title\" content=\"Aeroportul Bra\u015fov, program de func\u0163ionare de 16 ore - Covasna45\" \/>\n<meta property=\"og:description\" content=\"Aeronavele planificate vor putea ateriza sau decola de pe Aeroportul Bra\u015fov \u00een intervalul orar 07:00-23:00.\" \/>\n<meta property=\"og:url\" content=\"https:\/\/covasna45.ro\/index.php\/lumea-noastra\/aeroportul-brasov-program-de-functionare-de-16-ore\/\" \/>\n<meta property=\"og:site_name\" content=\"Covasna45\" \/>\n<meta property=\"article:published_time\" content=\"2024-01-15T08:55:01+00:00\" \/>\n<meta property=\"article:modified_time\" content=\"2024-01-15T08:55:02+00:00\" \/>\n<meta property=\"og:image\" content=\"https:\/\/covasna45.ro\/wp-content\/uploads\/2024\/01\/aeroport.jpg\" \/>\n\t<meta property=\"og:image:width\" content=\"1440\" \/>\n\t<meta property=\"og:image:height\" content=\"1080\" \/>\n\t<meta property=\"og:image:type\" content=\"image\/jpeg\" \/>\n<meta name=\"author\" content=\"Covasna45\" \/>\n<meta name=\"twitter:card\" content=\"summary_large_image\" \/>\n<meta name=\"twitter:label1\" content=\"Scris de\" \/>\n\t<meta name=\"twitter:data1\" content=\"Covasna45\" \/>\n\t<meta name=\"twitter:label2\" content=\"Timp estimat pentru citire\" \/>\n\t<meta name=\"twitter:data2\" content=\"3 minute\" \/>\n<script type=\"application\/ld+json\" class=\"yoast-schema-graph\">{\"@context\":\"https:\\\/\\\/schema.org\",\"@graph\":[{\"@type\":\"Article\",\"@id\":\"https:\\\/\\\/covasna45.ro\\\/index.php\\\/lumea-noastra\\\/aeroportul-brasov-program-de-functionare-de-16-ore\\\/#article\",\"isPartOf\":{\"@id\":\"https:\\\/\\\/covasna45.ro\\\/index.php\\\/lumea-noastra\\\/aeroportul-brasov-program-de-functionare-de-16-ore\\\/\"},\"author\":{\"name\":\"Covasna45\",\"@id\":\"https:\\\/\\\/covasna45.ro\\\/#\\\/schema\\\/person\\\/e674052bd7d95d70bbb007a1060ab73c\"},\"headline\":\"Aeroportul Bra\u015fov, program de func\u0163ionare de 16 ore\",\"datePublished\":\"2024-01-15T08:55:01+00:00\",\"dateModified\":\"2024-01-15T08:55:02+00:00\",\"mainEntityOfPage\":{\"@id\":\"https:\\\/\\\/covasna45.ro\\\/index.php\\\/lumea-noastra\\\/aeroportul-brasov-program-de-functionare-de-16-ore\\\/\"},\"wordCount\":435,\"commentCount\":0,\"publisher\":{\"@id\":\"https:\\\/\\\/covasna45.ro\\\/#organization\"},\"image\":{\"@id\":\"https:\\\/\\\/covasna45.ro\\\/index.php\\\/lumea-noastra\\\/aeroportul-brasov-program-de-functionare-de-16-ore\\\/#primaryimage\"},\"thumbnailUrl\":\"https:\\\/\\\/covasna45.ro\\\/wp-content\\\/uploads\\\/2024\\\/01\\\/aeroport.jpg\",\"keywords\":[\"Aeroportul Bra\u0219ov\",\"Program\",\"Zboruri\"],\"articleSection\":[\"Lumea noastr\u0103\"],\"inLanguage\":\"ro-RO\",\"potentialAction\":[{\"@type\":\"CommentAction\",\"name\":\"Comment\",\"target\":[\"https:\\\/\\\/covasna45.ro\\\/index.php\\\/lumea-noastra\\\/aeroportul-brasov-program-de-functionare-de-16-ore\\\/#respond\"]}]},{\"@type\":\"WebPage\",\"@id\":\"https:\\\/\\\/covasna45.ro\\\/index.php\\\/lumea-noastra\\\/aeroportul-brasov-program-de-functionare-de-16-ore\\\/\",\"url\":\"https:\\\/\\\/covasna45.ro\\\/index.php\\\/lumea-noastra\\\/aeroportul-brasov-program-de-functionare-de-16-ore\\\/\",\"name\":\"Aeroportul Bra\u015fov, program de func\u0163ionare de 16 ore - Covasna45\",\"isPartOf\":{\"@id\":\"https:\\\/\\\/covasna45.ro\\\/#website\"},\"primaryImageOfPage\":{\"@id\":\"https:\\\/\\\/covasna45.ro\\\/index.php\\\/lumea-noastra\\\/aeroportul-brasov-program-de-functionare-de-16-ore\\\/#primaryimage\"},\"image\":{\"@id\":\"https:\\\/\\\/covasna45.ro\\\/index.php\\\/lumea-noastra\\\/aeroportul-brasov-program-de-functionare-de-16-ore\\\/#primaryimage\"},\"thumbnailUrl\":\"https:\\\/\\\/covasna45.ro\\\/wp-content\\\/uploads\\\/2024\\\/01\\\/aeroport.jpg\",\"datePublished\":\"2024-01-15T08:55:01+00:00\",\"dateModified\":\"2024-01-15T08:55:02+00:00\",\"description\":\"Aeronavele planificate vor putea ateriza sau decola de pe Aeroportul Bra\u015fov \u00een intervalul orar 07:00-23:00.\",\"breadcrumb\":{\"@id\":\"https:\\\/\\\/covasna45.ro\\\/index.php\\\/lumea-noastra\\\/aeroportul-brasov-program-de-functionare-de-16-ore\\\/#breadcrumb\"},\"inLanguage\":\"ro-RO\",\"potentialAction\":[{\"@type\":\"ReadAction\",\"target\":[\"https:\\\/\\\/covasna45.ro\\\/index.php\\\/lumea-noastra\\\/aeroportul-brasov-program-de-functionare-de-16-ore\\\/\"]}]},{\"@type\":\"ImageObject\",\"inLanguage\":\"ro-RO\",\"@id\":\"https:\\\/\\\/covasna45.ro\\\/index.php\\\/lumea-noastra\\\/aeroportul-brasov-program-de-functionare-de-16-ore\\\/#primaryimage\",\"url\":\"https:\\\/\\\/covasna45.ro\\\/wp-content\\\/uploads\\\/2024\\\/01\\\/aeroport.jpg\",\"contentUrl\":\"https:\\\/\\\/covasna45.ro\\\/wp-content\\\/uploads\\\/2024\\\/01\\\/aeroport.jpg\",\"width\":1440,\"height\":1080},{\"@type\":\"BreadcrumbList\",\"@id\":\"https:\\\/\\\/covasna45.ro\\\/index.php\\\/lumea-noastra\\\/aeroportul-brasov-program-de-functionare-de-16-ore\\\/#breadcrumb\",\"itemListElement\":[{\"@type\":\"ListItem\",\"position\":1,\"name\":\"Prima pagin\u0103\",\"item\":\"https:\\\/\\\/covasna45.ro\\\/\"},{\"@type\":\"ListItem\",\"position\":2,\"name\":\"Aeroportul Bra\u015fov, program de func\u0163ionare de 16 ore\"}]},{\"@type\":\"WebSite\",\"@id\":\"https:\\\/\\\/covasna45.ro\\\/#website\",\"url\":\"https:\\\/\\\/covasna45.ro\\\/\",\"name\":\"covasna45.ro\",\"description\":\"\",\"publisher\":{\"@id\":\"https:\\\/\\\/covasna45.ro\\\/#organization\"},\"potentialAction\":[{\"@type\":\"SearchAction\",\"target\":{\"@type\":\"EntryPoint\",\"urlTemplate\":\"https:\\\/\\\/covasna45.ro\\\/?s={search_term_string}\"},\"query-input\":{\"@type\":\"PropertyValueSpecification\",\"valueRequired\":true,\"valueName\":\"search_term_string\"}}],\"inLanguage\":\"ro-RO\"},{\"@type\":\"Organization\",\"@id\":\"https:\\\/\\\/covasna45.ro\\\/#organization\",\"name\":\"covasna45.ro\",\"url\":\"https:\\\/\\\/covasna45.ro\\\/\",\"logo\":{\"@type\":\"ImageObject\",\"inLanguage\":\"ro-RO\",\"@id\":\"https:\\\/\\\/covasna45.ro\\\/#\\\/schema\\\/logo\\\/image\\\/\",\"url\":\"https:\\\/\\\/covasna45.ro\\\/wp-content\\\/uploads\\\/2023\\\/01\\\/icon_logo.png\",\"contentUrl\":\"https:\\\/\\\/covasna45.ro\\\/wp-content\\\/uploads\\\/2023\\\/01\\\/icon_logo.png\",\"width\":1900,\"height\":1900,\"caption\":\"covasna45.ro\"},\"image\":{\"@id\":\"https:\\\/\\\/covasna45.ro\\\/#\\\/schema\\\/logo\\\/image\\\/\"}},{\"@type\":\"Person\",\"@id\":\"https:\\\/\\\/covasna45.ro\\\/#\\\/schema\\\/person\\\/e674052bd7d95d70bbb007a1060ab73c\",\"name\":\"Covasna45\",\"image\":{\"@type\":\"ImageObject\",\"inLanguage\":\"ro-RO\",\"@id\":\"https:\\\/\\\/covasna45.ro\\\/wp-content\\\/uploads\\\/2025\\\/10\\\/icon_logo_covasna45-150x150.png\",\"url\":\"https:\\\/\\\/covasna45.ro\\\/wp-content\\\/uploads\\\/2025\\\/10\\\/icon_logo_covasna45-150x150.png\",\"contentUrl\":\"https:\\\/\\\/covasna45.ro\\\/wp-content\\\/uploads\\\/2025\\\/10\\\/icon_logo_covasna45-150x150.png\",\"caption\":\"Covasna45\"},\"sameAs\":[\"https:\\\/\\\/covasna45.ro\"],\"url\":\"https:\\\/\\\/covasna45.ro\\\/index.php\\\/author\\\/covasna\\\/\"}]}<\/script>\n<!-- \/ Yoast SEO plugin. -->","yoast_head_json":{"title":"Aeroportul Bra\u015fov, program de func\u0163ionare de 16 ore - Covasna45","description":"Aeronavele planificate vor putea ateriza sau decola de pe Aeroportul Bra\u015fov \u00een intervalul orar 07:00-23:00.","robots":{"index":"index","follow":"follow","max-snippet":"max-snippet:-1","max-image-preview":"max-image-preview:large","max-video-preview":"max-video-preview:-1"},"canonical":"https:\/\/covasna45.ro\/index.php\/lumea-noastra\/aeroportul-brasov-program-de-functionare-de-16-ore\/","og_locale":"ro_RO","og_type":"article","og_title":"Aeroportul Bra\u015fov, program de func\u0163ionare de 16 ore - Covasna45","og_description":"Aeronavele planificate vor putea ateriza sau decola de pe Aeroportul Bra\u015fov \u00een intervalul orar 07:00-23:00.","og_url":"https:\/\/covasna45.ro\/index.php\/lumea-noastra\/aeroportul-brasov-program-de-functionare-de-16-ore\/","og_site_name":"Covasna45","article_published_time":"2024-01-15T08:55:01+00:00","article_modified_time":"2024-01-15T08:55:02+00:00","og_image":[{"width":1440,"height":1080,"url":"https:\/\/covasna45.ro\/wp-content\/uploads\/2024\/01\/aeroport.jpg","type":"image\/jpeg"}],"author":"Covasna45","twitter_card":"summary_large_image","twitter_misc":{"Scris de":"Covasna45","Timp estimat pentru citire":"3 minute"},"schema":{"@context":"https:\/\/schema.org","@graph":[{"@type":"Article","@id":"https:\/\/covasna45.ro\/index.php\/lumea-noastra\/aeroportul-brasov-program-de-functionare-de-16-ore\/#article","isPartOf":{"@id":"https:\/\/covasna45.ro\/index.php\/lumea-noastra\/aeroportul-brasov-program-de-functionare-de-16-ore\/"},"author":{"name":"Covasna45","@id":"https:\/\/covasna45.ro\/#\/schema\/person\/e674052bd7d95d70bbb007a1060ab73c"},"headline":"Aeroportul Bra\u015fov, program de func\u0163ionare de 16 ore","datePublished":"2024-01-15T08:55:01+00:00","dateModified":"2024-01-15T08:55:02+00:00","mainEntityOfPage":{"@id":"https:\/\/covasna45.ro\/index.php\/lumea-noastra\/aeroportul-brasov-program-de-functionare-de-16-ore\/"},"wordCount":435,"commentCount":0,"publisher":{"@id":"https:\/\/covasna45.ro\/#organization"},"image":{"@id":"https:\/\/covasna45.ro\/index.php\/lumea-noastra\/aeroportul-brasov-program-de-functionare-de-16-ore\/#primaryimage"},"thumbnailUrl":"https:\/\/covasna45.ro\/wp-content\/uploads\/2024\/01\/aeroport.jpg","keywords":["Aeroportul Bra\u0219ov","Program","Zboruri"],"articleSection":["Lumea noastr\u0103"],"inLanguage":"ro-RO","potentialAction":[{"@type":"CommentAction","name":"Comment","target":["https:\/\/covasna45.ro\/index.php\/lumea-noastra\/aeroportul-brasov-program-de-functionare-de-16-ore\/#respond"]}]},{"@type":"WebPage","@id":"https:\/\/covasna45.ro\/index.php\/lumea-noastra\/aeroportul-brasov-program-de-functionare-de-16-ore\/","url":"https:\/\/covasna45.ro\/index.php\/lumea-noastra\/aeroportul-brasov-program-de-functionare-de-16-ore\/","name":"Aeroportul Bra\u015fov, program de func\u0163ionare de 16 ore - Covasna45","isPartOf":{"@id":"https:\/\/covasna45.ro\/#website"},"primaryImageOfPage":{"@id":"https:\/\/covasna45.ro\/index.php\/lumea-noastra\/aeroportul-brasov-program-de-functionare-de-16-ore\/#primaryimage"},"image":{"@id":"https:\/\/covasna45.ro\/index.php\/lumea-noastra\/aeroportul-brasov-program-de-functionare-de-16-ore\/#primaryimage"},"thumbnailUrl":"https:\/\/covasna45.ro\/wp-content\/uploads\/2024\/01\/aeroport.jpg","datePublished":"2024-01-15T08:55:01+00:00","dateModified":"2024-01-15T08:55:02+00:00","description":"Aeronavele planificate vor putea ateriza sau decola de pe Aeroportul Bra\u015fov \u00een intervalul orar 07:00-23:00.","breadcrumb":{"@id":"https:\/\/covasna45.ro\/index.php\/lumea-noastra\/aeroportul-brasov-program-de-functionare-de-16-ore\/#breadcrumb"},"inLanguage":"ro-RO","potentialAction":[{"@type":"ReadAction","target":["https:\/\/covasna45.ro\/index.php\/lumea-noastra\/aeroportul-brasov-program-de-functionare-de-16-ore\/"]}]},{"@type":"ImageObject","inLanguage":"ro-RO","@id":"https:\/\/covasna45.ro\/index.php\/lumea-noastra\/aeroportul-brasov-program-de-functionare-de-16-ore\/#primaryimage","url":"https:\/\/covasna45.ro\/wp-content\/uploads\/2024\/01\/aeroport.jpg","contentUrl":"https:\/\/covasna45.ro\/wp-content\/uploads\/2024\/01\/aeroport.jpg","width":1440,"height":1080},{"@type":"BreadcrumbList","@id":"https:\/\/covasna45.ro\/index.php\/lumea-noastra\/aeroportul-brasov-program-de-functionare-de-16-ore\/#breadcrumb","itemListElement":[{"@type":"ListItem","position":1,"name":"Prima pagin\u0103","item":"https:\/\/covasna45.ro\/"},{"@type":"ListItem","position":2,"name":"Aeroportul Bra\u015fov, program de func\u0163ionare de 16 ore"}]},{"@type":"WebSite","@id":"https:\/\/covasna45.ro\/#website","url":"https:\/\/covasna45.ro\/","name":"covasna45.ro","description":"","publisher":{"@id":"https:\/\/covasna45.ro\/#organization"},"potentialAction":[{"@type":"SearchAction","target":{"@type":"EntryPoint","urlTemplate":"https:\/\/covasna45.ro\/?s={search_term_string}"},"query-input":{"@type":"PropertyValueSpecification","valueRequired":true,"valueName":"search_term_string"}}],"inLanguage":"ro-RO"},{"@type":"Organization","@id":"https:\/\/covasna45.ro\/#organization","name":"covasna45.ro","url":"https:\/\/covasna45.ro\/","logo":{"@type":"ImageObject","inLanguage":"ro-RO","@id":"https:\/\/covasna45.ro\/#\/schema\/logo\/image\/","url":"https:\/\/covasna45.ro\/wp-content\/uploads\/2023\/01\/icon_logo.png","contentUrl":"https:\/\/covasna45.ro\/wp-content\/uploads\/2023\/01\/icon_logo.png","width":1900,"height":1900,"caption":"covasna45.ro"},"image":{"@id":"https:\/\/covasna45.ro\/#\/schema\/logo\/image\/"}},{"@type":"Person","@id":"https:\/\/covasna45.ro\/#\/schema\/person\/e674052bd7d95d70bbb007a1060ab73c","name":"Covasna45","image":{"@type":"ImageObject","inLanguage":"ro-RO","@id":"https:\/\/covasna45.ro\/wp-content\/uploads\/2025\/10\/icon_logo_covasna45-150x150.png","url":"https:\/\/covasna45.ro\/wp-content\/uploads\/2025\/10\/icon_logo_covasna45-150x150.png","contentUrl":"https:\/\/covasna45.ro\/wp-content\/uploads\/2025\/10\/icon_logo_covasna45-150x150.png","caption":"Covasna45"},"sameAs":["https:\/\/covasna45.ro"],"url":"https:\/\/covasna45.ro\/index.php\/author\/covasna\/"}]}},"_links":{"self":[{"href":"https:\/\/covasna45.ro\/index.php\/wp-json\/wp\/v2\/posts\/4438","targetHints":{"allow":["GET"]}}],"collection":[{"href":"https:\/\/covasna45.ro\/index.php\/wp-json\/wp\/v2\/posts"}],"about":[{"href":"https:\/\/covasna45.ro\/index.php\/wp-json\/wp\/v2\/types\/post"}],"author":[{"embeddable":true,"href":"https:\/\/covasna45.ro\/index.php\/wp-json\/wp\/v2\/users\/1"}],"replies":[{"embeddable":true,"href":"https:\/\/covasna45.ro\/index.php\/wp-json\/wp\/v2\/comments?post=4438"}],"version-history":[{"count":1,"href":"https:\/\/covasna45.ro\/index.php\/wp-json\/wp\/v2\/posts\/4438\/revisions"}],"predecessor-version":[{"id":4440,"href":"https:\/\/covasna45.ro\/index.php\/wp-json\/wp\/v2\/posts\/4438\/revisions\/4440"}],"wp:featuredmedia":[{"embeddable":true,"href":"https:\/\/covasna45.ro\/index.php\/wp-json\/wp\/v2\/media\/4439"}],"wp:attachment":[{"href":"https:\/\/covasna45.ro\/index.php\/wp-json\/wp\/v2\/media?parent=4438"}],"wp:term":[{"taxonomy":"category","embeddable":true,"href":"https:\/\/covasna45.ro\/index.php\/wp-json\/wp\/v2\/categories?post=4438"},{"taxonomy":"post_tag","embeddable":true,"href":"https:\/\/covasna45.ro\/index.php\/wp-json\/wp\/v2\/tags?post=4438"}],"curies":[{"name":"wp","href":"https:\/\/api.w.org\/{rel}","templated":true}]}}