{"id":4544,"date":"2024-01-19T12:22:43","date_gmt":"2024-01-19T10:22:43","guid":{"rendered":"https:\/\/covasna45.ro\/?p=4544"},"modified":"2024-01-19T12:23:46","modified_gmt":"2024-01-19T10:23:46","slug":"vicepresedintele-ancom-tik-tok-este-o-problema-de-siguranta-nationala","status":"publish","type":"post","link":"https:\/\/covasna45.ro\/index.php\/lumea-noastra\/vicepresedintele-ancom-tik-tok-este-o-problema-de-siguranta-nationala\/","title":{"rendered":"Vicepre\u0219edintele ANCOM: \u201eTik Tok este o problem\u0103 de siguran\u021b\u0103 na\u021bional\u0103\u201d"},"content":{"rendered":"\n<p>Vicepre\u0219edintele Autorit\u0103\u021bii Na\u021bionale pentru Administrare \u0219i Reglementare \u00een Comunica\u021bii &#8211; ANCOM, Pavel Popescu a precizat c\u0103 aplica\u021bia Tik Tok este o problem\u0103 de siguran\u021b\u0103 na\u021bional\u0103 \u0219i ar trebui interzis\u0103 pe telefoanele angaja\u021bilor statului. Potrivit <a href=\"https:\/\/www.stiripesurse.ro\/semnal-de-alarma-tras-de-ancom-cu-privire-la-una-dintre-cele-mai-folosite-aplicatii-este-o-problema-de-siguranta-nationala_3202983.html#google_vignette\">\u0219tiripesurse.ro<\/a>, acesta a precizat c\u0103 exist\u0103 dovezi c\u0103 Tik Tok folose\u0219te datele \u00eentr-un mod negativ.<\/p>\n\n\n\n<p>\u201e<strong><em>Le recomand tuturor rom\u00e2nilor s\u0103 nu \u00ee\u0219i instaleze TikTok. Exist\u0103 dovezi clare c\u0103 acea aplica\u021bie folose\u0219te datele \u00eentr-un mod negativ<\/em><\/strong>\u201d, a spus vicepre\u0219edintele ANCOM. El a mai precizat c\u0103 datele colectate de aplica\u021bie sunt foloste \u00een servere de alte guverne.<\/p>\n\n\n\n<p>\u201e<strong><em>Tik Tok este o problem\u0103 de siguran\u021b\u0103 na\u021bional\u0103. Este o aplica\u021bie nu doar nociv\u0103, dar mai mult de at\u00e2t, exist\u0103 dovezi tehnice c\u0103 datele se duc \u0219i sunt folosite \u00een ni\u0219te servere de alte guverne. \u00cen Rom\u00e2nia, pe acest subiect au existat ni\u0219te recomand\u0103ri foarte clare cu privire la folosirea acestei aplica\u021bii<\/em><\/strong>\u201d.<\/p>\n\n\n\n<p>\u00cenc\u0103 din 2023, aplica\u021bia TikTok a fost interzis\u0103 oficial angaja\u021bilor pe dispozitivele furnizate de NATO, liderii Alian\u021bei invoc\u00e2nd preocup\u0103ri de securitate. Prin urmare, NATO a interzis pe 31 martie 2023 aplica\u021bia TikTok pe telefoanele personalului. Nota a oficializat interdic\u021bia, dar TikTok nu a fost oricum utilizabil pe dispozitivele Alian\u021bei nici \u00eenainte, din cauza restric\u021biilor tehnologice interne.<\/p>\n\n\n\n<p>Discu\u021bii despre interzicerea aplica\u021biei din cauza temerilor c\u0103 guvernul chinez ar putea accesa datele utilizatori TikTok prin intermediul companiei-mam\u0103, Bytedance, au avut loc \u0219i la nivelul institu\u021biilor UE.<\/p>\n\n\n\n<h2 class=\"wp-block-heading\">Tik Tok a transmis un punct de vedere<\/h2>\n\n\n\n<p>\u201eNiciun guvern nu are acces la datele utilizatorilor no\u0219tri \u0219i investim 12 miliarde de euro \u00een Proiectul Clover, un proiect lider \u00een industrie, care va asigura stocarea datelor utilizatorilor europeni \u00een Europa, cu monitoriz\u0103ri \u0219i verific\u0103ri independente de c\u0103tre exper\u021bii \u00een securitate cibernetic\u0103 de la NCC Group. Primul nostru centru de date european este deja opera\u021bional \u00een Irlanda. Suntem disponibili s\u0103 ne \u00eent\u00e2lnim cu oficialii pentru a discuta orice \u00eengrijorare \u0219i pentru a corecta percep\u021biile gre\u0219ite\u201d, au transmis oficialii companiei.<\/p>\n","protected":false},"excerpt":{"rendered":"<p>Vicepre\u0219edintele Autorit\u0103\u021bii Na\u021bionale pentru Administrare \u0219i Reglementare \u00een Comunica\u021bii &#8211; ANCOM, Pavel Popescu a precizat c\u0103 aplica\u021bia Tik Tok este o problem\u0103 de siguran\u021b\u0103 na\u021bional\u0103 \u0219i ar trebui interzis\u0103 pe telefoanele angaja\u021bilor statului. Potrivit \u0219tiripesurse.ro, acesta a precizat c\u0103 exist\u0103 dovezi c\u0103 Tik Tok folose\u0219te datele \u00eentr-un mod negativ. \u201eLe recomand tuturor rom\u00e2nilor s\u0103 nu [&hellip;]<\/p>\n","protected":false},"author":1,"featured_media":4545,"comment_status":"open","ping_status":"closed","sticky":false,"template":"","format":"standard","meta":{"tdm_status":"","tdm_grid_status":"","footnotes":""},"categories":[14],"tags":[1943,1944],"class_list":{"0":"post-4544","1":"post","2":"type-post","3":"status-publish","4":"format-standard","5":"has-post-thumbnail","7":"category-lumea-noastra","8":"tag-ancom","9":"tag-tik-tok"},"yoast_head":"<!-- This site is optimized with the Yoast SEO plugin v27.5 - https:\/\/yoast.com\/product\/yoast-seo-wordpress\/ -->\n<title>Vicepre\u0219edintele ANCOM: \u201eTik Tok este o problem\u0103 de siguran\u021b\u0103 na\u021bional\u0103\u201d - Covasna45<\/title>\n<meta name=\"description\" content=\"NATO a interzis pe 31 martie 2023 aplica\u021bia TikTok pe telefoanele personalului.\" \/>\n<meta name=\"robots\" content=\"index, follow, max-snippet:-1, max-image-preview:large, max-video-preview:-1\" \/>\n<link rel=\"canonical\" href=\"https:\/\/covasna45.ro\/index.php\/lumea-noastra\/vicepresedintele-ancom-tik-tok-este-o-problema-de-siguranta-nationala\/\" \/>\n<meta property=\"og:locale\" content=\"ro_RO\" \/>\n<meta property=\"og:type\" content=\"article\" \/>\n<meta property=\"og:title\" content=\"Vicepre\u0219edintele ANCOM: \u201eTik Tok este o problem\u0103 de siguran\u021b\u0103 na\u021bional\u0103\u201d - Covasna45\" \/>\n<meta property=\"og:description\" content=\"NATO a interzis pe 31 martie 2023 aplica\u021bia TikTok pe telefoanele personalului.\" \/>\n<meta property=\"og:url\" content=\"https:\/\/covasna45.ro\/index.php\/lumea-noastra\/vicepresedintele-ancom-tik-tok-este-o-problema-de-siguranta-nationala\/\" \/>\n<meta property=\"og:site_name\" content=\"Covasna45\" \/>\n<meta property=\"article:published_time\" content=\"2024-01-19T10:22:43+00:00\" \/>\n<meta property=\"article:modified_time\" content=\"2024-01-19T10:23:46+00:00\" \/>\n<meta property=\"og:image\" content=\"https:\/\/covasna45.ro\/wp-content\/uploads\/2024\/01\/tik-tok.jpg\" \/>\n\t<meta property=\"og:image:width\" content=\"973\" \/>\n\t<meta property=\"og:image:height\" content=\"529\" \/>\n\t<meta property=\"og:image:type\" content=\"image\/jpeg\" \/>\n<meta name=\"author\" content=\"Covasna45\" \/>\n<meta name=\"twitter:card\" content=\"summary_large_image\" \/>\n<meta name=\"twitter:label1\" content=\"Scris de\" \/>\n\t<meta name=\"twitter:data1\" content=\"Covasna45\" \/>\n\t<meta name=\"twitter:label2\" content=\"Timp estimat pentru citire\" \/>\n\t<meta name=\"twitter:data2\" content=\"2 minute\" \/>\n<script type=\"application\/ld+json\" class=\"yoast-schema-graph\">{\"@context\":\"https:\\\/\\\/schema.org\",\"@graph\":[{\"@type\":\"Article\",\"@id\":\"https:\\\/\\\/covasna45.ro\\\/index.php\\\/lumea-noastra\\\/vicepresedintele-ancom-tik-tok-este-o-problema-de-siguranta-nationala\\\/#article\",\"isPartOf\":{\"@id\":\"https:\\\/\\\/covasna45.ro\\\/index.php\\\/lumea-noastra\\\/vicepresedintele-ancom-tik-tok-este-o-problema-de-siguranta-nationala\\\/\"},\"author\":{\"name\":\"Covasna45\",\"@id\":\"https:\\\/\\\/covasna45.ro\\\/#\\\/schema\\\/person\\\/e674052bd7d95d70bbb007a1060ab73c\"},\"headline\":\"Vicepre\u0219edintele ANCOM: \u201eTik Tok este o problem\u0103 de siguran\u021b\u0103 na\u021bional\u0103\u201d\",\"datePublished\":\"2024-01-19T10:22:43+00:00\",\"dateModified\":\"2024-01-19T10:23:46+00:00\",\"mainEntityOfPage\":{\"@id\":\"https:\\\/\\\/covasna45.ro\\\/index.php\\\/lumea-noastra\\\/vicepresedintele-ancom-tik-tok-este-o-problema-de-siguranta-nationala\\\/\"},\"wordCount\":364,\"commentCount\":0,\"publisher\":{\"@id\":\"https:\\\/\\\/covasna45.ro\\\/#organization\"},\"image\":{\"@id\":\"https:\\\/\\\/covasna45.ro\\\/index.php\\\/lumea-noastra\\\/vicepresedintele-ancom-tik-tok-este-o-problema-de-siguranta-nationala\\\/#primaryimage\"},\"thumbnailUrl\":\"https:\\\/\\\/covasna45.ro\\\/wp-content\\\/uploads\\\/2024\\\/01\\\/tik-tok.jpg\",\"keywords\":[\"ancom\",\"tik tok\"],\"articleSection\":[\"Lumea noastr\u0103\"],\"inLanguage\":\"ro-RO\",\"potentialAction\":[{\"@type\":\"CommentAction\",\"name\":\"Comment\",\"target\":[\"https:\\\/\\\/covasna45.ro\\\/index.php\\\/lumea-noastra\\\/vicepresedintele-ancom-tik-tok-este-o-problema-de-siguranta-nationala\\\/#respond\"]}]},{\"@type\":\"WebPage\",\"@id\":\"https:\\\/\\\/covasna45.ro\\\/index.php\\\/lumea-noastra\\\/vicepresedintele-ancom-tik-tok-este-o-problema-de-siguranta-nationala\\\/\",\"url\":\"https:\\\/\\\/covasna45.ro\\\/index.php\\\/lumea-noastra\\\/vicepresedintele-ancom-tik-tok-este-o-problema-de-siguranta-nationala\\\/\",\"name\":\"Vicepre\u0219edintele ANCOM: \u201eTik Tok este o problem\u0103 de siguran\u021b\u0103 na\u021bional\u0103\u201d - Covasna45\",\"isPartOf\":{\"@id\":\"https:\\\/\\\/covasna45.ro\\\/#website\"},\"primaryImageOfPage\":{\"@id\":\"https:\\\/\\\/covasna45.ro\\\/index.php\\\/lumea-noastra\\\/vicepresedintele-ancom-tik-tok-este-o-problema-de-siguranta-nationala\\\/#primaryimage\"},\"image\":{\"@id\":\"https:\\\/\\\/covasna45.ro\\\/index.php\\\/lumea-noastra\\\/vicepresedintele-ancom-tik-tok-este-o-problema-de-siguranta-nationala\\\/#primaryimage\"},\"thumbnailUrl\":\"https:\\\/\\\/covasna45.ro\\\/wp-content\\\/uploads\\\/2024\\\/01\\\/tik-tok.jpg\",\"datePublished\":\"2024-01-19T10:22:43+00:00\",\"dateModified\":\"2024-01-19T10:23:46+00:00\",\"description\":\"NATO a interzis pe 31 martie 2023 aplica\u021bia TikTok pe telefoanele personalului.\",\"breadcrumb\":{\"@id\":\"https:\\\/\\\/covasna45.ro\\\/index.php\\\/lumea-noastra\\\/vicepresedintele-ancom-tik-tok-este-o-problema-de-siguranta-nationala\\\/#breadcrumb\"},\"inLanguage\":\"ro-RO\",\"potentialAction\":[{\"@type\":\"ReadAction\",\"target\":[\"https:\\\/\\\/covasna45.ro\\\/index.php\\\/lumea-noastra\\\/vicepresedintele-ancom-tik-tok-este-o-problema-de-siguranta-nationala\\\/\"]}]},{\"@type\":\"ImageObject\",\"inLanguage\":\"ro-RO\",\"@id\":\"https:\\\/\\\/covasna45.ro\\\/index.php\\\/lumea-noastra\\\/vicepresedintele-ancom-tik-tok-este-o-problema-de-siguranta-nationala\\\/#primaryimage\",\"url\":\"https:\\\/\\\/covasna45.ro\\\/wp-content\\\/uploads\\\/2024\\\/01\\\/tik-tok.jpg\",\"contentUrl\":\"https:\\\/\\\/covasna45.ro\\\/wp-content\\\/uploads\\\/2024\\\/01\\\/tik-tok.jpg\",\"width\":973,\"height\":529},{\"@type\":\"BreadcrumbList\",\"@id\":\"https:\\\/\\\/covasna45.ro\\\/index.php\\\/lumea-noastra\\\/vicepresedintele-ancom-tik-tok-este-o-problema-de-siguranta-nationala\\\/#breadcrumb\",\"itemListElement\":[{\"@type\":\"ListItem\",\"position\":1,\"name\":\"Prima pagin\u0103\",\"item\":\"https:\\\/\\\/covasna45.ro\\\/\"},{\"@type\":\"ListItem\",\"position\":2,\"name\":\"Vicepre\u0219edintele ANCOM: \u201eTik Tok este o problem\u0103 de siguran\u021b\u0103 na\u021bional\u0103\u201d\"}]},{\"@type\":\"WebSite\",\"@id\":\"https:\\\/\\\/covasna45.ro\\\/#website\",\"url\":\"https:\\\/\\\/covasna45.ro\\\/\",\"name\":\"covasna45.ro\",\"description\":\"\",\"publisher\":{\"@id\":\"https:\\\/\\\/covasna45.ro\\\/#organization\"},\"potentialAction\":[{\"@type\":\"SearchAction\",\"target\":{\"@type\":\"EntryPoint\",\"urlTemplate\":\"https:\\\/\\\/covasna45.ro\\\/?s={search_term_string}\"},\"query-input\":{\"@type\":\"PropertyValueSpecification\",\"valueRequired\":true,\"valueName\":\"search_term_string\"}}],\"inLanguage\":\"ro-RO\"},{\"@type\":\"Organization\",\"@id\":\"https:\\\/\\\/covasna45.ro\\\/#organization\",\"name\":\"covasna45.ro\",\"url\":\"https:\\\/\\\/covasna45.ro\\\/\",\"logo\":{\"@type\":\"ImageObject\",\"inLanguage\":\"ro-RO\",\"@id\":\"https:\\\/\\\/covasna45.ro\\\/#\\\/schema\\\/logo\\\/image\\\/\",\"url\":\"https:\\\/\\\/covasna45.ro\\\/wp-content\\\/uploads\\\/2023\\\/01\\\/icon_logo.png\",\"contentUrl\":\"https:\\\/\\\/covasna45.ro\\\/wp-content\\\/uploads\\\/2023\\\/01\\\/icon_logo.png\",\"width\":1900,\"height\":1900,\"caption\":\"covasna45.ro\"},\"image\":{\"@id\":\"https:\\\/\\\/covasna45.ro\\\/#\\\/schema\\\/logo\\\/image\\\/\"}},{\"@type\":\"Person\",\"@id\":\"https:\\\/\\\/covasna45.ro\\\/#\\\/schema\\\/person\\\/e674052bd7d95d70bbb007a1060ab73c\",\"name\":\"Covasna45\",\"image\":{\"@type\":\"ImageObject\",\"inLanguage\":\"ro-RO\",\"@id\":\"https:\\\/\\\/covasna45.ro\\\/wp-content\\\/uploads\\\/2025\\\/10\\\/icon_logo_covasna45-150x150.png\",\"url\":\"https:\\\/\\\/covasna45.ro\\\/wp-content\\\/uploads\\\/2025\\\/10\\\/icon_logo_covasna45-150x150.png\",\"contentUrl\":\"https:\\\/\\\/covasna45.ro\\\/wp-content\\\/uploads\\\/2025\\\/10\\\/icon_logo_covasna45-150x150.png\",\"caption\":\"Covasna45\"},\"sameAs\":[\"https:\\\/\\\/covasna45.ro\"],\"url\":\"https:\\\/\\\/covasna45.ro\\\/index.php\\\/author\\\/covasna\\\/\"}]}<\/script>\n<!-- \/ Yoast SEO plugin. -->","yoast_head_json":{"title":"Vicepre\u0219edintele ANCOM: \u201eTik Tok este o problem\u0103 de siguran\u021b\u0103 na\u021bional\u0103\u201d - Covasna45","description":"NATO a interzis pe 31 martie 2023 aplica\u021bia TikTok pe telefoanele personalului.","robots":{"index":"index","follow":"follow","max-snippet":"max-snippet:-1","max-image-preview":"max-image-preview:large","max-video-preview":"max-video-preview:-1"},"canonical":"https:\/\/covasna45.ro\/index.php\/lumea-noastra\/vicepresedintele-ancom-tik-tok-este-o-problema-de-siguranta-nationala\/","og_locale":"ro_RO","og_type":"article","og_title":"Vicepre\u0219edintele ANCOM: \u201eTik Tok este o problem\u0103 de siguran\u021b\u0103 na\u021bional\u0103\u201d - Covasna45","og_description":"NATO a interzis pe 31 martie 2023 aplica\u021bia TikTok pe telefoanele personalului.","og_url":"https:\/\/covasna45.ro\/index.php\/lumea-noastra\/vicepresedintele-ancom-tik-tok-este-o-problema-de-siguranta-nationala\/","og_site_name":"Covasna45","article_published_time":"2024-01-19T10:22:43+00:00","article_modified_time":"2024-01-19T10:23:46+00:00","og_image":[{"width":973,"height":529,"url":"https:\/\/covasna45.ro\/wp-content\/uploads\/2024\/01\/tik-tok.jpg","type":"image\/jpeg"}],"author":"Covasna45","twitter_card":"summary_large_image","twitter_misc":{"Scris de":"Covasna45","Timp estimat pentru citire":"2 minute"},"schema":{"@context":"https:\/\/schema.org","@graph":[{"@type":"Article","@id":"https:\/\/covasna45.ro\/index.php\/lumea-noastra\/vicepresedintele-ancom-tik-tok-este-o-problema-de-siguranta-nationala\/#article","isPartOf":{"@id":"https:\/\/covasna45.ro\/index.php\/lumea-noastra\/vicepresedintele-ancom-tik-tok-este-o-problema-de-siguranta-nationala\/"},"author":{"name":"Covasna45","@id":"https:\/\/covasna45.ro\/#\/schema\/person\/e674052bd7d95d70bbb007a1060ab73c"},"headline":"Vicepre\u0219edintele ANCOM: \u201eTik Tok este o problem\u0103 de siguran\u021b\u0103 na\u021bional\u0103\u201d","datePublished":"2024-01-19T10:22:43+00:00","dateModified":"2024-01-19T10:23:46+00:00","mainEntityOfPage":{"@id":"https:\/\/covasna45.ro\/index.php\/lumea-noastra\/vicepresedintele-ancom-tik-tok-este-o-problema-de-siguranta-nationala\/"},"wordCount":364,"commentCount":0,"publisher":{"@id":"https:\/\/covasna45.ro\/#organization"},"image":{"@id":"https:\/\/covasna45.ro\/index.php\/lumea-noastra\/vicepresedintele-ancom-tik-tok-este-o-problema-de-siguranta-nationala\/#primaryimage"},"thumbnailUrl":"https:\/\/covasna45.ro\/wp-content\/uploads\/2024\/01\/tik-tok.jpg","keywords":["ancom","tik tok"],"articleSection":["Lumea noastr\u0103"],"inLanguage":"ro-RO","potentialAction":[{"@type":"CommentAction","name":"Comment","target":["https:\/\/covasna45.ro\/index.php\/lumea-noastra\/vicepresedintele-ancom-tik-tok-este-o-problema-de-siguranta-nationala\/#respond"]}]},{"@type":"WebPage","@id":"https:\/\/covasna45.ro\/index.php\/lumea-noastra\/vicepresedintele-ancom-tik-tok-este-o-problema-de-siguranta-nationala\/","url":"https:\/\/covasna45.ro\/index.php\/lumea-noastra\/vicepresedintele-ancom-tik-tok-este-o-problema-de-siguranta-nationala\/","name":"Vicepre\u0219edintele ANCOM: \u201eTik Tok este o problem\u0103 de siguran\u021b\u0103 na\u021bional\u0103\u201d - Covasna45","isPartOf":{"@id":"https:\/\/covasna45.ro\/#website"},"primaryImageOfPage":{"@id":"https:\/\/covasna45.ro\/index.php\/lumea-noastra\/vicepresedintele-ancom-tik-tok-este-o-problema-de-siguranta-nationala\/#primaryimage"},"image":{"@id":"https:\/\/covasna45.ro\/index.php\/lumea-noastra\/vicepresedintele-ancom-tik-tok-este-o-problema-de-siguranta-nationala\/#primaryimage"},"thumbnailUrl":"https:\/\/covasna45.ro\/wp-content\/uploads\/2024\/01\/tik-tok.jpg","datePublished":"2024-01-19T10:22:43+00:00","dateModified":"2024-01-19T10:23:46+00:00","description":"NATO a interzis pe 31 martie 2023 aplica\u021bia TikTok pe telefoanele personalului.","breadcrumb":{"@id":"https:\/\/covasna45.ro\/index.php\/lumea-noastra\/vicepresedintele-ancom-tik-tok-este-o-problema-de-siguranta-nationala\/#breadcrumb"},"inLanguage":"ro-RO","potentialAction":[{"@type":"ReadAction","target":["https:\/\/covasna45.ro\/index.php\/lumea-noastra\/vicepresedintele-ancom-tik-tok-este-o-problema-de-siguranta-nationala\/"]}]},{"@type":"ImageObject","inLanguage":"ro-RO","@id":"https:\/\/covasna45.ro\/index.php\/lumea-noastra\/vicepresedintele-ancom-tik-tok-este-o-problema-de-siguranta-nationala\/#primaryimage","url":"https:\/\/covasna45.ro\/wp-content\/uploads\/2024\/01\/tik-tok.jpg","contentUrl":"https:\/\/covasna45.ro\/wp-content\/uploads\/2024\/01\/tik-tok.jpg","width":973,"height":529},{"@type":"BreadcrumbList","@id":"https:\/\/covasna45.ro\/index.php\/lumea-noastra\/vicepresedintele-ancom-tik-tok-este-o-problema-de-siguranta-nationala\/#breadcrumb","itemListElement":[{"@type":"ListItem","position":1,"name":"Prima pagin\u0103","item":"https:\/\/covasna45.ro\/"},{"@type":"ListItem","position":2,"name":"Vicepre\u0219edintele ANCOM: \u201eTik Tok este o problem\u0103 de siguran\u021b\u0103 na\u021bional\u0103\u201d"}]},{"@type":"WebSite","@id":"https:\/\/covasna45.ro\/#website","url":"https:\/\/covasna45.ro\/","name":"covasna45.ro","description":"","publisher":{"@id":"https:\/\/covasna45.ro\/#organization"},"potentialAction":[{"@type":"SearchAction","target":{"@type":"EntryPoint","urlTemplate":"https:\/\/covasna45.ro\/?s={search_term_string}"},"query-input":{"@type":"PropertyValueSpecification","valueRequired":true,"valueName":"search_term_string"}}],"inLanguage":"ro-RO"},{"@type":"Organization","@id":"https:\/\/covasna45.ro\/#organization","name":"covasna45.ro","url":"https:\/\/covasna45.ro\/","logo":{"@type":"ImageObject","inLanguage":"ro-RO","@id":"https:\/\/covasna45.ro\/#\/schema\/logo\/image\/","url":"https:\/\/covasna45.ro\/wp-content\/uploads\/2023\/01\/icon_logo.png","contentUrl":"https:\/\/covasna45.ro\/wp-content\/uploads\/2023\/01\/icon_logo.png","width":1900,"height":1900,"caption":"covasna45.ro"},"image":{"@id":"https:\/\/covasna45.ro\/#\/schema\/logo\/image\/"}},{"@type":"Person","@id":"https:\/\/covasna45.ro\/#\/schema\/person\/e674052bd7d95d70bbb007a1060ab73c","name":"Covasna45","image":{"@type":"ImageObject","inLanguage":"ro-RO","@id":"https:\/\/covasna45.ro\/wp-content\/uploads\/2025\/10\/icon_logo_covasna45-150x150.png","url":"https:\/\/covasna45.ro\/wp-content\/uploads\/2025\/10\/icon_logo_covasna45-150x150.png","contentUrl":"https:\/\/covasna45.ro\/wp-content\/uploads\/2025\/10\/icon_logo_covasna45-150x150.png","caption":"Covasna45"},"sameAs":["https:\/\/covasna45.ro"],"url":"https:\/\/covasna45.ro\/index.php\/author\/covasna\/"}]}},"_links":{"self":[{"href":"https:\/\/covasna45.ro\/index.php\/wp-json\/wp\/v2\/posts\/4544","targetHints":{"allow":["GET"]}}],"collection":[{"href":"https:\/\/covasna45.ro\/index.php\/wp-json\/wp\/v2\/posts"}],"about":[{"href":"https:\/\/covasna45.ro\/index.php\/wp-json\/wp\/v2\/types\/post"}],"author":[{"embeddable":true,"href":"https:\/\/covasna45.ro\/index.php\/wp-json\/wp\/v2\/users\/1"}],"replies":[{"embeddable":true,"href":"https:\/\/covasna45.ro\/index.php\/wp-json\/wp\/v2\/comments?post=4544"}],"version-history":[{"count":2,"href":"https:\/\/covasna45.ro\/index.php\/wp-json\/wp\/v2\/posts\/4544\/revisions"}],"predecessor-version":[{"id":4547,"href":"https:\/\/covasna45.ro\/index.php\/wp-json\/wp\/v2\/posts\/4544\/revisions\/4547"}],"wp:featuredmedia":[{"embeddable":true,"href":"https:\/\/covasna45.ro\/index.php\/wp-json\/wp\/v2\/media\/4545"}],"wp:attachment":[{"href":"https:\/\/covasna45.ro\/index.php\/wp-json\/wp\/v2\/media?parent=4544"}],"wp:term":[{"taxonomy":"category","embeddable":true,"href":"https:\/\/covasna45.ro\/index.php\/wp-json\/wp\/v2\/categories?post=4544"},{"taxonomy":"post_tag","embeddable":true,"href":"https:\/\/covasna45.ro\/index.php\/wp-json\/wp\/v2\/tags?post=4544"}],"curies":[{"name":"wp","href":"https:\/\/api.w.org\/{rel}","templated":true}]}}