{"id":4548,"date":"2024-01-19T12:36:42","date_gmt":"2024-01-19T10:36:42","guid":{"rendered":"https:\/\/covasna45.ro\/?p=4548"},"modified":"2024-01-19T12:36:42","modified_gmt":"2024-01-19T10:36:42","slug":"benjamin-netanyahu-nu-va-exista-un-stat-palestinian","status":"publish","type":"post","link":"https:\/\/covasna45.ro\/index.php\/lumea-larga\/benjamin-netanyahu-nu-va-exista-un-stat-palestinian\/","title":{"rendered":"Benjamin Netanyahu: \u201eNu va exista un stat palestinian!\u201d"},"content":{"rendered":"\n<p>Premierul israelian Benjamin Netanyahu a anun\u0163at c\u0103 se opune \u00eenfiin\u0163\u0103rii unui stat palestinian \u00een orice scenariu de dup\u0103 R\u0103zboiul din F\u00e2\u015fia Gaza, relateaz\u0103 The Associated Press, preluat\u0103 de <a href=\"https:\/\/www.g4media.ro\/premierul-israelian-netanyahu-a-transmis-statelor-unite-ca-respinge-infiintarea-unui-stat-palestinian.html\">G4media.ro<\/a><\/p>\n\n\n\n<p>Statele Unite au cerut Israelului s\u0103-\u015fi reduc\u0103 intensitatea ofensivei \u015fi au subliniat c\u0103 vor s\u0103 se \u00eenfiin\u0163eze un stat palestinian dup\u0103 acest r\u0103zboi, cel mai lung, s\u00e2ngeros \u015fi distructiv \u00eentre cei doi inamici.<br>\u00cens\u0103, \u00eentr-o conferin\u0163\u0103 de pres\u0103 transmis\u0103 \u00een \u00eentreaga \u0163ar\u0103, Netanyahu a anun\u0163at joi c\u0103 vrea s\u0103 continue ofensiva p\u00e2n\u0103 la o \u201evictorie decisiv\u0103 \u00eempotriva Hamas\u201d a Israelului. El a respins idea unui stat palestinian \u015fi a subliniat c\u0103 le-a transmis americanilor aceast\u0103 pozi\u0163ie.<\/p>\n\n\n\n<figure class=\"wp-block-image size-large\"><img loading=\"lazy\" decoding=\"async\" width=\"1024\" height=\"793\" src=\"https:\/\/covasna45.ro\/wp-content\/uploads\/2024\/01\/bn-1024x793.jpg\" alt=\"\" class=\"wp-image-4551\" srcset=\"https:\/\/covasna45.ro\/wp-content\/uploads\/2024\/01\/bn-1024x793.jpg 1024w, https:\/\/covasna45.ro\/wp-content\/uploads\/2024\/01\/bn-300x232.jpg 300w, https:\/\/covasna45.ro\/wp-content\/uploads\/2024\/01\/bn-768x595.jpg 768w, https:\/\/covasna45.ro\/wp-content\/uploads\/2024\/01\/bn-1536x1189.jpg 1536w, https:\/\/covasna45.ro\/wp-content\/uploads\/2024\/01\/bn-150x116.jpg 150w, https:\/\/covasna45.ro\/wp-content\/uploads\/2024\/01\/bn-696x539.jpg 696w, https:\/\/covasna45.ro\/wp-content\/uploads\/2024\/01\/bn-1068x827.jpg 1068w, https:\/\/covasna45.ro\/wp-content\/uploads\/2024\/01\/bn.jpg 1600w\" sizes=\"auto, (max-width: 1024px) 100vw, 1024px\" \/><\/figure>\n\n\n\n<p>\u201e<strong><em>\u00cen orice acord viitor, Israelul are nevoie s\u0103 controleze tot teritoriul de la vest de Iordan\u201d<\/em><\/strong>, a anun\u0163at Netanyahu \u00een aceast\u0103 conferin\u0163\u0103 de pres\u0103.<br><br>Benjamin Netanyahu anun\u021b\u0103 c\u0103 luptele continu\u0103 p\u00e2n\u0103 la exterminarea Hamas.<br><br>La peste 100 de zile dup\u0103 ce Hamas a declarat r\u0103zboiul prin atacul de la 7 octombrie, Israelul continu\u0103 s\u0103 desf\u0103\u015foare una dintre cele mai s\u00e2ngeroase \u015fi mai distructive campanii din istoria recent\u0103, cu scopul de a desfiin\u0163a mi\u015fcarea islamist\u0103, care se afl\u0103 la putere \u00een F\u00e2\u015fia Gaza din 2007 \u015fi a recupera numero\u015fi ostatici.<\/p>\n\n\n\n<figure class=\"wp-block-image size-full\"><img loading=\"lazy\" decoding=\"async\" width=\"1024\" height=\"644\" src=\"https:\/\/covasna45.ro\/wp-content\/uploads\/2024\/01\/bn2.jpg\" alt=\"\" class=\"wp-image-4552\" srcset=\"https:\/\/covasna45.ro\/wp-content\/uploads\/2024\/01\/bn2.jpg 1024w, https:\/\/covasna45.ro\/wp-content\/uploads\/2024\/01\/bn2-300x189.jpg 300w, https:\/\/covasna45.ro\/wp-content\/uploads\/2024\/01\/bn2-768x483.jpg 768w, https:\/\/covasna45.ro\/wp-content\/uploads\/2024\/01\/bn2-150x94.jpg 150w, https:\/\/covasna45.ro\/wp-content\/uploads\/2024\/01\/bn2-696x438.jpg 696w\" sizes=\"auto, (max-width: 1024px) 100vw, 1024px\" \/><\/figure>\n\n\n\n<p>R\u0103zboiul din F\u00e2\u015fia Gaza a a\u0163\u00e2\u0163at tensiuni \u00een regiune \u015fi risc\u0103 s\u0103 declan\u015feze alte r\u0103zboaie.<\/p>\n\n\n\n<p>Peste 24.600 de palestinieni au fost uci\u015fi, peste 85% din popula\u0163ie a fost deplasat\u0103, iar potrivit ONU un sfert dintre palestinieni sufer\u0103 de foamete.<\/p>\n\n\n\n<p>Sute de mii de plaestinieni s-au supus ordinelor de evacuare israeliene \u015fi s-au \u00eenghestuit \u00een sudul F\u00e2\u015fiei Gaza, unde ad\u0103posturile gestionate de ONU sunt \u00een\u0163esate \u015fi unde s-au ridicat tabere uria\u015fe de corturi.<\/p>\n\n\n\n<h2 class=\"wp-block-heading\">Hamas acuz\u0103 distrugeri f\u0103r\u0103 discern\u0103m\u00e2nt<\/h2>\n\n\n\n<p>Potrivit Hamas, for\u0163e israeliene au distrus peste 390 de \u015fcoli, univestit\u0103\u0163i \u015fi institu\u0163ii de \u00eenv\u0103\u0163\u0103m\u00e2nt \u00een \u00eentreaga F\u00e2\u015fie.<br>Internetul \u015fi telefonia mobil\u0103 au fost t\u0103iate \u00een urm\u0103 cu cinci zile &#8211; cea mai \u00eendelungat\u0103 perioad\u0103 din timpul acestui r\u0103zboi, potrivit organiza\u0163iei NetBlocks, care promoveaz\u0103 accesul la Internet.<br>Aceste t\u0103ieri complic\u0103 eforturi de salvare \u015fi \u00eengreuneaz\u0103 ob\u0163inerea de informa\u0163ii despre ultimele atacuri \u015fi victime.<\/p>\n","protected":false},"excerpt":{"rendered":"<p>Premierul israelian Benjamin Netanyahu a anun\u0163at c\u0103 se opune \u00eenfiin\u0163\u0103rii unui stat palestinian \u00een orice scenariu de dup\u0103 R\u0103zboiul din F\u00e2\u015fia Gaza, relateaz\u0103 The Associated Press, preluat\u0103 de G4media.ro Statele Unite au cerut Israelului s\u0103-\u015fi reduc\u0103 intensitatea ofensivei \u015fi au subliniat c\u0103 vor s\u0103 se \u00eenfiin\u0163eze un stat palestinian dup\u0103 acest r\u0103zboi, cel mai lung, [&hellip;]<\/p>\n","protected":false},"author":1,"featured_media":4550,"comment_status":"open","ping_status":"closed","sticky":false,"template":"","format":"standard","meta":{"tdm_status":"","tdm_grid_status":"","footnotes":""},"categories":[10],"tags":[1947,1945,1518,1107,1946,275],"class_list":{"0":"post-4548","1":"post","2":"type-post","3":"status-publish","4":"format-standard","5":"has-post-thumbnail","7":"category-lumea-larga","8":"tag-benjamin-netanyahu","9":"tag-fasia-gaza","10":"tag-hamas","11":"tag-israel","12":"tag-razboi-2","13":"tag-sua"},"yoast_head":"<!-- This site is optimized with the Yoast SEO plugin v27.5 - https:\/\/yoast.com\/product\/yoast-seo-wordpress\/ -->\n<title>Benjamin Netanyahu: \u201eNu va exista un stat palestinian!\u201d - Covasna45<\/title>\n<meta name=\"description\" content=\"Potrivit Hamas, for\u0163e israeliene au distrus peste 390 de \u015fcoli, univestit\u0103\u0163i \u015fi institu\u0163ii de \u00eenv\u0103\u0163\u0103m\u00e2nt \u00een \u00eentreaga F\u00e2\u015fie.\" \/>\n<meta name=\"robots\" content=\"index, follow, max-snippet:-1, max-image-preview:large, max-video-preview:-1\" \/>\n<link rel=\"canonical\" href=\"https:\/\/covasna45.ro\/index.php\/lumea-larga\/benjamin-netanyahu-nu-va-exista-un-stat-palestinian\/\" \/>\n<meta property=\"og:locale\" content=\"ro_RO\" \/>\n<meta property=\"og:type\" content=\"article\" \/>\n<meta property=\"og:title\" content=\"Benjamin Netanyahu: \u201eNu va exista un stat palestinian!\u201d - Covasna45\" \/>\n<meta property=\"og:description\" content=\"Potrivit Hamas, for\u0163e israeliene au distrus peste 390 de \u015fcoli, univestit\u0103\u0163i \u015fi institu\u0163ii de \u00eenv\u0103\u0163\u0103m\u00e2nt \u00een \u00eentreaga F\u00e2\u015fie.\" \/>\n<meta property=\"og:url\" content=\"https:\/\/covasna45.ro\/index.php\/lumea-larga\/benjamin-netanyahu-nu-va-exista-un-stat-palestinian\/\" \/>\n<meta property=\"og:site_name\" content=\"Covasna45\" \/>\n<meta property=\"article:published_time\" content=\"2024-01-19T10:36:42+00:00\" \/>\n<meta property=\"og:image\" content=\"https:\/\/covasna45.ro\/wp-content\/uploads\/2024\/01\/benjamin-n.jpg\" \/>\n\t<meta property=\"og:image:width\" content=\"1123\" \/>\n\t<meta property=\"og:image:height\" content=\"673\" \/>\n\t<meta property=\"og:image:type\" content=\"image\/jpeg\" \/>\n<meta name=\"author\" content=\"Covasna45\" \/>\n<meta name=\"twitter:card\" content=\"summary_large_image\" \/>\n<meta name=\"twitter:label1\" content=\"Scris de\" \/>\n\t<meta name=\"twitter:data1\" content=\"Covasna45\" \/>\n\t<meta name=\"twitter:label2\" content=\"Timp estimat pentru citire\" \/>\n\t<meta name=\"twitter:data2\" content=\"3 minute\" \/>\n<script type=\"application\/ld+json\" class=\"yoast-schema-graph\">{\"@context\":\"https:\\\/\\\/schema.org\",\"@graph\":[{\"@type\":\"Article\",\"@id\":\"https:\\\/\\\/covasna45.ro\\\/index.php\\\/lumea-larga\\\/benjamin-netanyahu-nu-va-exista-un-stat-palestinian\\\/#article\",\"isPartOf\":{\"@id\":\"https:\\\/\\\/covasna45.ro\\\/index.php\\\/lumea-larga\\\/benjamin-netanyahu-nu-va-exista-un-stat-palestinian\\\/\"},\"author\":{\"name\":\"Covasna45\",\"@id\":\"https:\\\/\\\/covasna45.ro\\\/#\\\/schema\\\/person\\\/e674052bd7d95d70bbb007a1060ab73c\"},\"headline\":\"Benjamin Netanyahu: \u201eNu va exista un stat palestinian!\u201d\",\"datePublished\":\"2024-01-19T10:36:42+00:00\",\"mainEntityOfPage\":{\"@id\":\"https:\\\/\\\/covasna45.ro\\\/index.php\\\/lumea-larga\\\/benjamin-netanyahu-nu-va-exista-un-stat-palestinian\\\/\"},\"wordCount\":385,\"commentCount\":0,\"publisher\":{\"@id\":\"https:\\\/\\\/covasna45.ro\\\/#organization\"},\"image\":{\"@id\":\"https:\\\/\\\/covasna45.ro\\\/index.php\\\/lumea-larga\\\/benjamin-netanyahu-nu-va-exista-un-stat-palestinian\\\/#primaryimage\"},\"thumbnailUrl\":\"https:\\\/\\\/covasna45.ro\\\/wp-content\\\/uploads\\\/2024\\\/01\\\/benjamin-n.jpg\",\"keywords\":[\"Benjamin Netanyahu\",\"fasia gaza\",\"Hamas\",\"Israel\",\"razboi\",\"SUA\"],\"articleSection\":[\"Lumea larg\u0103\"],\"inLanguage\":\"ro-RO\",\"potentialAction\":[{\"@type\":\"CommentAction\",\"name\":\"Comment\",\"target\":[\"https:\\\/\\\/covasna45.ro\\\/index.php\\\/lumea-larga\\\/benjamin-netanyahu-nu-va-exista-un-stat-palestinian\\\/#respond\"]}]},{\"@type\":\"WebPage\",\"@id\":\"https:\\\/\\\/covasna45.ro\\\/index.php\\\/lumea-larga\\\/benjamin-netanyahu-nu-va-exista-un-stat-palestinian\\\/\",\"url\":\"https:\\\/\\\/covasna45.ro\\\/index.php\\\/lumea-larga\\\/benjamin-netanyahu-nu-va-exista-un-stat-palestinian\\\/\",\"name\":\"Benjamin Netanyahu: \u201eNu va exista un stat palestinian!\u201d - Covasna45\",\"isPartOf\":{\"@id\":\"https:\\\/\\\/covasna45.ro\\\/#website\"},\"primaryImageOfPage\":{\"@id\":\"https:\\\/\\\/covasna45.ro\\\/index.php\\\/lumea-larga\\\/benjamin-netanyahu-nu-va-exista-un-stat-palestinian\\\/#primaryimage\"},\"image\":{\"@id\":\"https:\\\/\\\/covasna45.ro\\\/index.php\\\/lumea-larga\\\/benjamin-netanyahu-nu-va-exista-un-stat-palestinian\\\/#primaryimage\"},\"thumbnailUrl\":\"https:\\\/\\\/covasna45.ro\\\/wp-content\\\/uploads\\\/2024\\\/01\\\/benjamin-n.jpg\",\"datePublished\":\"2024-01-19T10:36:42+00:00\",\"description\":\"Potrivit Hamas, for\u0163e israeliene au distrus peste 390 de \u015fcoli, univestit\u0103\u0163i \u015fi institu\u0163ii de \u00eenv\u0103\u0163\u0103m\u00e2nt \u00een \u00eentreaga F\u00e2\u015fie.\",\"breadcrumb\":{\"@id\":\"https:\\\/\\\/covasna45.ro\\\/index.php\\\/lumea-larga\\\/benjamin-netanyahu-nu-va-exista-un-stat-palestinian\\\/#breadcrumb\"},\"inLanguage\":\"ro-RO\",\"potentialAction\":[{\"@type\":\"ReadAction\",\"target\":[\"https:\\\/\\\/covasna45.ro\\\/index.php\\\/lumea-larga\\\/benjamin-netanyahu-nu-va-exista-un-stat-palestinian\\\/\"]}]},{\"@type\":\"ImageObject\",\"inLanguage\":\"ro-RO\",\"@id\":\"https:\\\/\\\/covasna45.ro\\\/index.php\\\/lumea-larga\\\/benjamin-netanyahu-nu-va-exista-un-stat-palestinian\\\/#primaryimage\",\"url\":\"https:\\\/\\\/covasna45.ro\\\/wp-content\\\/uploads\\\/2024\\\/01\\\/benjamin-n.jpg\",\"contentUrl\":\"https:\\\/\\\/covasna45.ro\\\/wp-content\\\/uploads\\\/2024\\\/01\\\/benjamin-n.jpg\",\"width\":1123,\"height\":673},{\"@type\":\"BreadcrumbList\",\"@id\":\"https:\\\/\\\/covasna45.ro\\\/index.php\\\/lumea-larga\\\/benjamin-netanyahu-nu-va-exista-un-stat-palestinian\\\/#breadcrumb\",\"itemListElement\":[{\"@type\":\"ListItem\",\"position\":1,\"name\":\"Prima pagin\u0103\",\"item\":\"https:\\\/\\\/covasna45.ro\\\/\"},{\"@type\":\"ListItem\",\"position\":2,\"name\":\"Benjamin Netanyahu: \u201eNu va exista un stat palestinian!\u201d\"}]},{\"@type\":\"WebSite\",\"@id\":\"https:\\\/\\\/covasna45.ro\\\/#website\",\"url\":\"https:\\\/\\\/covasna45.ro\\\/\",\"name\":\"covasna45.ro\",\"description\":\"\",\"publisher\":{\"@id\":\"https:\\\/\\\/covasna45.ro\\\/#organization\"},\"potentialAction\":[{\"@type\":\"SearchAction\",\"target\":{\"@type\":\"EntryPoint\",\"urlTemplate\":\"https:\\\/\\\/covasna45.ro\\\/?s={search_term_string}\"},\"query-input\":{\"@type\":\"PropertyValueSpecification\",\"valueRequired\":true,\"valueName\":\"search_term_string\"}}],\"inLanguage\":\"ro-RO\"},{\"@type\":\"Organization\",\"@id\":\"https:\\\/\\\/covasna45.ro\\\/#organization\",\"name\":\"covasna45.ro\",\"url\":\"https:\\\/\\\/covasna45.ro\\\/\",\"logo\":{\"@type\":\"ImageObject\",\"inLanguage\":\"ro-RO\",\"@id\":\"https:\\\/\\\/covasna45.ro\\\/#\\\/schema\\\/logo\\\/image\\\/\",\"url\":\"https:\\\/\\\/covasna45.ro\\\/wp-content\\\/uploads\\\/2023\\\/01\\\/icon_logo.png\",\"contentUrl\":\"https:\\\/\\\/covasna45.ro\\\/wp-content\\\/uploads\\\/2023\\\/01\\\/icon_logo.png\",\"width\":1900,\"height\":1900,\"caption\":\"covasna45.ro\"},\"image\":{\"@id\":\"https:\\\/\\\/covasna45.ro\\\/#\\\/schema\\\/logo\\\/image\\\/\"}},{\"@type\":\"Person\",\"@id\":\"https:\\\/\\\/covasna45.ro\\\/#\\\/schema\\\/person\\\/e674052bd7d95d70bbb007a1060ab73c\",\"name\":\"Covasna45\",\"image\":{\"@type\":\"ImageObject\",\"inLanguage\":\"ro-RO\",\"@id\":\"https:\\\/\\\/covasna45.ro\\\/wp-content\\\/uploads\\\/2025\\\/10\\\/icon_logo_covasna45-150x150.png\",\"url\":\"https:\\\/\\\/covasna45.ro\\\/wp-content\\\/uploads\\\/2025\\\/10\\\/icon_logo_covasna45-150x150.png\",\"contentUrl\":\"https:\\\/\\\/covasna45.ro\\\/wp-content\\\/uploads\\\/2025\\\/10\\\/icon_logo_covasna45-150x150.png\",\"caption\":\"Covasna45\"},\"sameAs\":[\"https:\\\/\\\/covasna45.ro\"],\"url\":\"https:\\\/\\\/covasna45.ro\\\/index.php\\\/author\\\/covasna\\\/\"}]}<\/script>\n<!-- \/ Yoast SEO plugin. -->","yoast_head_json":{"title":"Benjamin Netanyahu: \u201eNu va exista un stat palestinian!\u201d - Covasna45","description":"Potrivit Hamas, for\u0163e israeliene au distrus peste 390 de \u015fcoli, univestit\u0103\u0163i \u015fi institu\u0163ii de \u00eenv\u0103\u0163\u0103m\u00e2nt \u00een \u00eentreaga F\u00e2\u015fie.","robots":{"index":"index","follow":"follow","max-snippet":"max-snippet:-1","max-image-preview":"max-image-preview:large","max-video-preview":"max-video-preview:-1"},"canonical":"https:\/\/covasna45.ro\/index.php\/lumea-larga\/benjamin-netanyahu-nu-va-exista-un-stat-palestinian\/","og_locale":"ro_RO","og_type":"article","og_title":"Benjamin Netanyahu: \u201eNu va exista un stat palestinian!\u201d - Covasna45","og_description":"Potrivit Hamas, for\u0163e israeliene au distrus peste 390 de \u015fcoli, univestit\u0103\u0163i \u015fi institu\u0163ii de \u00eenv\u0103\u0163\u0103m\u00e2nt \u00een \u00eentreaga F\u00e2\u015fie.","og_url":"https:\/\/covasna45.ro\/index.php\/lumea-larga\/benjamin-netanyahu-nu-va-exista-un-stat-palestinian\/","og_site_name":"Covasna45","article_published_time":"2024-01-19T10:36:42+00:00","og_image":[{"width":1123,"height":673,"url":"https:\/\/covasna45.ro\/wp-content\/uploads\/2024\/01\/benjamin-n.jpg","type":"image\/jpeg"}],"author":"Covasna45","twitter_card":"summary_large_image","twitter_misc":{"Scris de":"Covasna45","Timp estimat pentru citire":"3 minute"},"schema":{"@context":"https:\/\/schema.org","@graph":[{"@type":"Article","@id":"https:\/\/covasna45.ro\/index.php\/lumea-larga\/benjamin-netanyahu-nu-va-exista-un-stat-palestinian\/#article","isPartOf":{"@id":"https:\/\/covasna45.ro\/index.php\/lumea-larga\/benjamin-netanyahu-nu-va-exista-un-stat-palestinian\/"},"author":{"name":"Covasna45","@id":"https:\/\/covasna45.ro\/#\/schema\/person\/e674052bd7d95d70bbb007a1060ab73c"},"headline":"Benjamin Netanyahu: \u201eNu va exista un stat palestinian!\u201d","datePublished":"2024-01-19T10:36:42+00:00","mainEntityOfPage":{"@id":"https:\/\/covasna45.ro\/index.php\/lumea-larga\/benjamin-netanyahu-nu-va-exista-un-stat-palestinian\/"},"wordCount":385,"commentCount":0,"publisher":{"@id":"https:\/\/covasna45.ro\/#organization"},"image":{"@id":"https:\/\/covasna45.ro\/index.php\/lumea-larga\/benjamin-netanyahu-nu-va-exista-un-stat-palestinian\/#primaryimage"},"thumbnailUrl":"https:\/\/covasna45.ro\/wp-content\/uploads\/2024\/01\/benjamin-n.jpg","keywords":["Benjamin Netanyahu","fasia gaza","Hamas","Israel","razboi","SUA"],"articleSection":["Lumea larg\u0103"],"inLanguage":"ro-RO","potentialAction":[{"@type":"CommentAction","name":"Comment","target":["https:\/\/covasna45.ro\/index.php\/lumea-larga\/benjamin-netanyahu-nu-va-exista-un-stat-palestinian\/#respond"]}]},{"@type":"WebPage","@id":"https:\/\/covasna45.ro\/index.php\/lumea-larga\/benjamin-netanyahu-nu-va-exista-un-stat-palestinian\/","url":"https:\/\/covasna45.ro\/index.php\/lumea-larga\/benjamin-netanyahu-nu-va-exista-un-stat-palestinian\/","name":"Benjamin Netanyahu: \u201eNu va exista un stat palestinian!\u201d - Covasna45","isPartOf":{"@id":"https:\/\/covasna45.ro\/#website"},"primaryImageOfPage":{"@id":"https:\/\/covasna45.ro\/index.php\/lumea-larga\/benjamin-netanyahu-nu-va-exista-un-stat-palestinian\/#primaryimage"},"image":{"@id":"https:\/\/covasna45.ro\/index.php\/lumea-larga\/benjamin-netanyahu-nu-va-exista-un-stat-palestinian\/#primaryimage"},"thumbnailUrl":"https:\/\/covasna45.ro\/wp-content\/uploads\/2024\/01\/benjamin-n.jpg","datePublished":"2024-01-19T10:36:42+00:00","description":"Potrivit Hamas, for\u0163e israeliene au distrus peste 390 de \u015fcoli, univestit\u0103\u0163i \u015fi institu\u0163ii de \u00eenv\u0103\u0163\u0103m\u00e2nt \u00een \u00eentreaga F\u00e2\u015fie.","breadcrumb":{"@id":"https:\/\/covasna45.ro\/index.php\/lumea-larga\/benjamin-netanyahu-nu-va-exista-un-stat-palestinian\/#breadcrumb"},"inLanguage":"ro-RO","potentialAction":[{"@type":"ReadAction","target":["https:\/\/covasna45.ro\/index.php\/lumea-larga\/benjamin-netanyahu-nu-va-exista-un-stat-palestinian\/"]}]},{"@type":"ImageObject","inLanguage":"ro-RO","@id":"https:\/\/covasna45.ro\/index.php\/lumea-larga\/benjamin-netanyahu-nu-va-exista-un-stat-palestinian\/#primaryimage","url":"https:\/\/covasna45.ro\/wp-content\/uploads\/2024\/01\/benjamin-n.jpg","contentUrl":"https:\/\/covasna45.ro\/wp-content\/uploads\/2024\/01\/benjamin-n.jpg","width":1123,"height":673},{"@type":"BreadcrumbList","@id":"https:\/\/covasna45.ro\/index.php\/lumea-larga\/benjamin-netanyahu-nu-va-exista-un-stat-palestinian\/#breadcrumb","itemListElement":[{"@type":"ListItem","position":1,"name":"Prima pagin\u0103","item":"https:\/\/covasna45.ro\/"},{"@type":"ListItem","position":2,"name":"Benjamin Netanyahu: \u201eNu va exista un stat palestinian!\u201d"}]},{"@type":"WebSite","@id":"https:\/\/covasna45.ro\/#website","url":"https:\/\/covasna45.ro\/","name":"covasna45.ro","description":"","publisher":{"@id":"https:\/\/covasna45.ro\/#organization"},"potentialAction":[{"@type":"SearchAction","target":{"@type":"EntryPoint","urlTemplate":"https:\/\/covasna45.ro\/?s={search_term_string}"},"query-input":{"@type":"PropertyValueSpecification","valueRequired":true,"valueName":"search_term_string"}}],"inLanguage":"ro-RO"},{"@type":"Organization","@id":"https:\/\/covasna45.ro\/#organization","name":"covasna45.ro","url":"https:\/\/covasna45.ro\/","logo":{"@type":"ImageObject","inLanguage":"ro-RO","@id":"https:\/\/covasna45.ro\/#\/schema\/logo\/image\/","url":"https:\/\/covasna45.ro\/wp-content\/uploads\/2023\/01\/icon_logo.png","contentUrl":"https:\/\/covasna45.ro\/wp-content\/uploads\/2023\/01\/icon_logo.png","width":1900,"height":1900,"caption":"covasna45.ro"},"image":{"@id":"https:\/\/covasna45.ro\/#\/schema\/logo\/image\/"}},{"@type":"Person","@id":"https:\/\/covasna45.ro\/#\/schema\/person\/e674052bd7d95d70bbb007a1060ab73c","name":"Covasna45","image":{"@type":"ImageObject","inLanguage":"ro-RO","@id":"https:\/\/covasna45.ro\/wp-content\/uploads\/2025\/10\/icon_logo_covasna45-150x150.png","url":"https:\/\/covasna45.ro\/wp-content\/uploads\/2025\/10\/icon_logo_covasna45-150x150.png","contentUrl":"https:\/\/covasna45.ro\/wp-content\/uploads\/2025\/10\/icon_logo_covasna45-150x150.png","caption":"Covasna45"},"sameAs":["https:\/\/covasna45.ro"],"url":"https:\/\/covasna45.ro\/index.php\/author\/covasna\/"}]}},"_links":{"self":[{"href":"https:\/\/covasna45.ro\/index.php\/wp-json\/wp\/v2\/posts\/4548","targetHints":{"allow":["GET"]}}],"collection":[{"href":"https:\/\/covasna45.ro\/index.php\/wp-json\/wp\/v2\/posts"}],"about":[{"href":"https:\/\/covasna45.ro\/index.php\/wp-json\/wp\/v2\/types\/post"}],"author":[{"embeddable":true,"href":"https:\/\/covasna45.ro\/index.php\/wp-json\/wp\/v2\/users\/1"}],"replies":[{"embeddable":true,"href":"https:\/\/covasna45.ro\/index.php\/wp-json\/wp\/v2\/comments?post=4548"}],"version-history":[{"count":1,"href":"https:\/\/covasna45.ro\/index.php\/wp-json\/wp\/v2\/posts\/4548\/revisions"}],"predecessor-version":[{"id":4553,"href":"https:\/\/covasna45.ro\/index.php\/wp-json\/wp\/v2\/posts\/4548\/revisions\/4553"}],"wp:featuredmedia":[{"embeddable":true,"href":"https:\/\/covasna45.ro\/index.php\/wp-json\/wp\/v2\/media\/4550"}],"wp:attachment":[{"href":"https:\/\/covasna45.ro\/index.php\/wp-json\/wp\/v2\/media?parent=4548"}],"wp:term":[{"taxonomy":"category","embeddable":true,"href":"https:\/\/covasna45.ro\/index.php\/wp-json\/wp\/v2\/categories?post=4548"},{"taxonomy":"post_tag","embeddable":true,"href":"https:\/\/covasna45.ro\/index.php\/wp-json\/wp\/v2\/tags?post=4548"}],"curies":[{"name":"wp","href":"https:\/\/api.w.org\/{rel}","templated":true}]}}