{"id":4997,"date":"2024-02-27T11:36:10","date_gmt":"2024-02-27T09:36:10","guid":{"rendered":"https:\/\/covasna45.ro\/?p=4997"},"modified":"2024-02-27T11:37:03","modified_gmt":"2024-02-27T09:37:03","slug":"tamas-sulyok-noul-presedinte-al-ungariei","status":"publish","type":"post","link":"https:\/\/covasna45.ro\/index.php\/lumea-larga\/tamas-sulyok-noul-presedinte-al-ungariei\/","title":{"rendered":"Tam\u00e1s Sulyok, noul pre\u0219edinte al Ungariei"},"content":{"rendered":"\n<p>Parlamentul Ungariei l-a ales pe Tam\u00e1s Sulyok, pre\u0219edintele Cur\u021bii Constitu\u021bionale, ca urm\u0103tor pre\u0219edinte al \u021b\u0103rii. El o \u00eenlocuie\u0219te pe Katalin Nov\u00e1k, care a demisionat \u00een mod nea\u0219teptat la \u00eenceputul acestei luni, relateaz\u0103 Reuters.<\/p>\n\n\n\n<h2 class=\"wp-block-heading\">Tam\u00e1s Sulyok \u00ee\u0219i va \u00eencepe mandatul pe 5 martie.<\/h2>\n\n\n\n<p><strong><em>\u201ePartidele de guvern\u0103m\u00e2nt au acceptat, conform statutului, propunerea f\u0103cut\u0103 de pre\u015fedintele Fidesz<\/em><\/strong>.<strong><em> Astfel, \u00eel propunem pe Dr. Tam\u00e1s Sulyok, pre\u015fedintele Cur\u0163ii Constitu\u0163ionale, pentru func\u0163ia de pre\u015fedinte al republicii. Consider\u0103m c\u0103 pre\u015fedintele Cur\u0163ii Constitu\u0163ionale este candidatul cel mai potrivit pentru aceast\u0103 func\u0163ie, prin urmare i-am acordat \u00eencrederea noastr\u0103\u201d,<\/em><\/strong> a declarat M\u00e1t\u00e9 Kocsis, liderul grupului parlamentar Fidesz pe 22 februarie.<\/p>\n\n\n\n<p>Parlamentul l-a ales pe Sulyok pentru cinci ani, cu sprijinul parlamentarilor majoritari din partidul de guvern\u0103m\u00e2nt al lui Viktor Orb\u00e1n.<\/p>\n\n\n\n<p>Katalin Nov\u00e1k \u0219i-a dat demisia pe 10 februarie. Ea a decis s\u0103 gra\u021bieze un b\u0103rbat condamnat pentru complicitate la mu\u0219amalizarea unui caz \u00een care directorul unui orfelinat abuza sexual copiii.<\/p>\n\n\n\n<p>Gra\u021bierea lui Endre Konya, b\u0103rbatul acuzat de pedofilie, a provocat un scandal uria\u0219 \u00een Ungaria. Scandal care a dus la demisia lui Novak. B\u0103rbatul are origini \u00een jude\u021bul Covasna. Tat\u0103l s\u0103u a fost profesor de educa\u021bie fizic\u0103 \u00een localitatea Z\u0103bala. Acolo este o sal\u0103 de sport care \u00eei poart\u0103 numele, scriu jurnali\u0219tii de la Investigatoria.<\/p>\n","protected":false},"excerpt":{"rendered":"<p>Parlamentul Ungariei l-a ales pe Tam\u00e1s Sulyok, pre\u0219edintele Cur\u021bii Constitu\u021bionale, ca urm\u0103tor pre\u0219edinte al \u021b\u0103rii. El o \u00eenlocuie\u0219te pe Katalin Nov\u00e1k, care a demisionat \u00een mod nea\u0219teptat la \u00eenceputul acestei luni, relateaz\u0103 Reuters. Tam\u00e1s Sulyok \u00ee\u0219i va \u00eencepe mandatul pe 5 martie. \u201ePartidele de guvern\u0103m\u00e2nt au acceptat, conform statutului, propunerea f\u0103cut\u0103 de pre\u015fedintele Fidesz. Astfel, [&hellip;]<\/p>\n","protected":false},"author":1,"featured_media":4998,"comment_status":"open","ping_status":"closed","sticky":false,"template":"","format":"standard","meta":{"tdm_status":"","tdm_grid_status":"","footnotes":""},"categories":[10],"tags":[2109,2110,108],"class_list":{"0":"post-4997","1":"post","2":"type-post","3":"status-publish","4":"format-standard","5":"has-post-thumbnail","7":"category-lumea-larga","8":"tag-presedinte","9":"tag-tamas-sulyok","10":"tag-ungaria"},"yoast_head":"<!-- This site is optimized with the Yoast SEO plugin v27.5 - https:\/\/yoast.com\/product\/yoast-seo-wordpress\/ -->\n<title>Tam\u00e1s Sulyok, noul pre\u0219edinte al Ungariei - Covasna45<\/title>\n<meta name=\"description\" content=\"Parlamentul Ungariei l-a ales pe Tam\u00e1s Sulyok, pre\u0219edintele Cur\u021bii Constitu\u021bionale, ca urm\u0103tor pre\u0219edinte al \u021b\u0103rii.\" \/>\n<meta name=\"robots\" content=\"index, follow, max-snippet:-1, max-image-preview:large, max-video-preview:-1\" \/>\n<link rel=\"canonical\" href=\"https:\/\/covasna45.ro\/index.php\/lumea-larga\/tamas-sulyok-noul-presedinte-al-ungariei\/\" \/>\n<meta property=\"og:locale\" content=\"ro_RO\" \/>\n<meta property=\"og:type\" content=\"article\" \/>\n<meta property=\"og:title\" content=\"Tam\u00e1s Sulyok, noul pre\u0219edinte al Ungariei - Covasna45\" \/>\n<meta property=\"og:description\" content=\"Parlamentul Ungariei l-a ales pe Tam\u00e1s Sulyok, pre\u0219edintele Cur\u021bii Constitu\u021bionale, ca urm\u0103tor pre\u0219edinte al \u021b\u0103rii.\" \/>\n<meta property=\"og:url\" content=\"https:\/\/covasna45.ro\/index.php\/lumea-larga\/tamas-sulyok-noul-presedinte-al-ungariei\/\" \/>\n<meta property=\"og:site_name\" content=\"Covasna45\" \/>\n<meta property=\"article:published_time\" content=\"2024-02-27T09:36:10+00:00\" \/>\n<meta property=\"article:modified_time\" content=\"2024-02-27T09:37:03+00:00\" \/>\n<meta property=\"og:image\" content=\"https:\/\/covasna45.ro\/wp-content\/uploads\/2024\/02\/Tamas-Sulyok.jpg\" \/>\n\t<meta property=\"og:image:width\" content=\"940\" \/>\n\t<meta property=\"og:image:height\" content=\"619\" \/>\n\t<meta property=\"og:image:type\" content=\"image\/jpeg\" \/>\n<meta name=\"author\" content=\"Covasna45\" \/>\n<meta name=\"twitter:card\" content=\"summary_large_image\" \/>\n<meta name=\"twitter:label1\" content=\"Scris de\" \/>\n\t<meta name=\"twitter:data1\" content=\"Covasna45\" \/>\n\t<meta name=\"twitter:label2\" content=\"Timp estimat pentru citire\" \/>\n\t<meta name=\"twitter:data2\" content=\"2 minute\" \/>\n<script type=\"application\/ld+json\" class=\"yoast-schema-graph\">{\"@context\":\"https:\\\/\\\/schema.org\",\"@graph\":[{\"@type\":\"Article\",\"@id\":\"https:\\\/\\\/covasna45.ro\\\/index.php\\\/lumea-larga\\\/tamas-sulyok-noul-presedinte-al-ungariei\\\/#article\",\"isPartOf\":{\"@id\":\"https:\\\/\\\/covasna45.ro\\\/index.php\\\/lumea-larga\\\/tamas-sulyok-noul-presedinte-al-ungariei\\\/\"},\"author\":{\"name\":\"Covasna45\",\"@id\":\"https:\\\/\\\/covasna45.ro\\\/#\\\/schema\\\/person\\\/e674052bd7d95d70bbb007a1060ab73c\"},\"headline\":\"Tam\u00e1s Sulyok, noul pre\u0219edinte al Ungariei\",\"datePublished\":\"2024-02-27T09:36:10+00:00\",\"dateModified\":\"2024-02-27T09:37:03+00:00\",\"mainEntityOfPage\":{\"@id\":\"https:\\\/\\\/covasna45.ro\\\/index.php\\\/lumea-larga\\\/tamas-sulyok-noul-presedinte-al-ungariei\\\/\"},\"wordCount\":252,\"commentCount\":0,\"publisher\":{\"@id\":\"https:\\\/\\\/covasna45.ro\\\/#organization\"},\"image\":{\"@id\":\"https:\\\/\\\/covasna45.ro\\\/index.php\\\/lumea-larga\\\/tamas-sulyok-noul-presedinte-al-ungariei\\\/#primaryimage\"},\"thumbnailUrl\":\"https:\\\/\\\/covasna45.ro\\\/wp-content\\\/uploads\\\/2024\\\/02\\\/Tamas-Sulyok.jpg\",\"keywords\":[\"Pre\u0219edinte\",\"Tam\u00e1s Sulyok\",\"Ungaria\"],\"articleSection\":[\"Lumea larg\u0103\"],\"inLanguage\":\"ro-RO\",\"potentialAction\":[{\"@type\":\"CommentAction\",\"name\":\"Comment\",\"target\":[\"https:\\\/\\\/covasna45.ro\\\/index.php\\\/lumea-larga\\\/tamas-sulyok-noul-presedinte-al-ungariei\\\/#respond\"]}]},{\"@type\":\"WebPage\",\"@id\":\"https:\\\/\\\/covasna45.ro\\\/index.php\\\/lumea-larga\\\/tamas-sulyok-noul-presedinte-al-ungariei\\\/\",\"url\":\"https:\\\/\\\/covasna45.ro\\\/index.php\\\/lumea-larga\\\/tamas-sulyok-noul-presedinte-al-ungariei\\\/\",\"name\":\"Tam\u00e1s Sulyok, noul pre\u0219edinte al Ungariei - Covasna45\",\"isPartOf\":{\"@id\":\"https:\\\/\\\/covasna45.ro\\\/#website\"},\"primaryImageOfPage\":{\"@id\":\"https:\\\/\\\/covasna45.ro\\\/index.php\\\/lumea-larga\\\/tamas-sulyok-noul-presedinte-al-ungariei\\\/#primaryimage\"},\"image\":{\"@id\":\"https:\\\/\\\/covasna45.ro\\\/index.php\\\/lumea-larga\\\/tamas-sulyok-noul-presedinte-al-ungariei\\\/#primaryimage\"},\"thumbnailUrl\":\"https:\\\/\\\/covasna45.ro\\\/wp-content\\\/uploads\\\/2024\\\/02\\\/Tamas-Sulyok.jpg\",\"datePublished\":\"2024-02-27T09:36:10+00:00\",\"dateModified\":\"2024-02-27T09:37:03+00:00\",\"description\":\"Parlamentul Ungariei l-a ales pe Tam\u00e1s Sulyok, pre\u0219edintele Cur\u021bii Constitu\u021bionale, ca urm\u0103tor pre\u0219edinte al \u021b\u0103rii.\",\"breadcrumb\":{\"@id\":\"https:\\\/\\\/covasna45.ro\\\/index.php\\\/lumea-larga\\\/tamas-sulyok-noul-presedinte-al-ungariei\\\/#breadcrumb\"},\"inLanguage\":\"ro-RO\",\"potentialAction\":[{\"@type\":\"ReadAction\",\"target\":[\"https:\\\/\\\/covasna45.ro\\\/index.php\\\/lumea-larga\\\/tamas-sulyok-noul-presedinte-al-ungariei\\\/\"]}]},{\"@type\":\"ImageObject\",\"inLanguage\":\"ro-RO\",\"@id\":\"https:\\\/\\\/covasna45.ro\\\/index.php\\\/lumea-larga\\\/tamas-sulyok-noul-presedinte-al-ungariei\\\/#primaryimage\",\"url\":\"https:\\\/\\\/covasna45.ro\\\/wp-content\\\/uploads\\\/2024\\\/02\\\/Tamas-Sulyok.jpg\",\"contentUrl\":\"https:\\\/\\\/covasna45.ro\\\/wp-content\\\/uploads\\\/2024\\\/02\\\/Tamas-Sulyok.jpg\",\"width\":940,\"height\":619},{\"@type\":\"BreadcrumbList\",\"@id\":\"https:\\\/\\\/covasna45.ro\\\/index.php\\\/lumea-larga\\\/tamas-sulyok-noul-presedinte-al-ungariei\\\/#breadcrumb\",\"itemListElement\":[{\"@type\":\"ListItem\",\"position\":1,\"name\":\"Prima pagin\u0103\",\"item\":\"https:\\\/\\\/covasna45.ro\\\/\"},{\"@type\":\"ListItem\",\"position\":2,\"name\":\"Tam\u00e1s Sulyok, noul pre\u0219edinte al Ungariei\"}]},{\"@type\":\"WebSite\",\"@id\":\"https:\\\/\\\/covasna45.ro\\\/#website\",\"url\":\"https:\\\/\\\/covasna45.ro\\\/\",\"name\":\"covasna45.ro\",\"description\":\"\",\"publisher\":{\"@id\":\"https:\\\/\\\/covasna45.ro\\\/#organization\"},\"potentialAction\":[{\"@type\":\"SearchAction\",\"target\":{\"@type\":\"EntryPoint\",\"urlTemplate\":\"https:\\\/\\\/covasna45.ro\\\/?s={search_term_string}\"},\"query-input\":{\"@type\":\"PropertyValueSpecification\",\"valueRequired\":true,\"valueName\":\"search_term_string\"}}],\"inLanguage\":\"ro-RO\"},{\"@type\":\"Organization\",\"@id\":\"https:\\\/\\\/covasna45.ro\\\/#organization\",\"name\":\"covasna45.ro\",\"url\":\"https:\\\/\\\/covasna45.ro\\\/\",\"logo\":{\"@type\":\"ImageObject\",\"inLanguage\":\"ro-RO\",\"@id\":\"https:\\\/\\\/covasna45.ro\\\/#\\\/schema\\\/logo\\\/image\\\/\",\"url\":\"https:\\\/\\\/covasna45.ro\\\/wp-content\\\/uploads\\\/2023\\\/01\\\/icon_logo.png\",\"contentUrl\":\"https:\\\/\\\/covasna45.ro\\\/wp-content\\\/uploads\\\/2023\\\/01\\\/icon_logo.png\",\"width\":1900,\"height\":1900,\"caption\":\"covasna45.ro\"},\"image\":{\"@id\":\"https:\\\/\\\/covasna45.ro\\\/#\\\/schema\\\/logo\\\/image\\\/\"}},{\"@type\":\"Person\",\"@id\":\"https:\\\/\\\/covasna45.ro\\\/#\\\/schema\\\/person\\\/e674052bd7d95d70bbb007a1060ab73c\",\"name\":\"Covasna45\",\"image\":{\"@type\":\"ImageObject\",\"inLanguage\":\"ro-RO\",\"@id\":\"https:\\\/\\\/covasna45.ro\\\/wp-content\\\/uploads\\\/2025\\\/10\\\/icon_logo_covasna45-150x150.png\",\"url\":\"https:\\\/\\\/covasna45.ro\\\/wp-content\\\/uploads\\\/2025\\\/10\\\/icon_logo_covasna45-150x150.png\",\"contentUrl\":\"https:\\\/\\\/covasna45.ro\\\/wp-content\\\/uploads\\\/2025\\\/10\\\/icon_logo_covasna45-150x150.png\",\"caption\":\"Covasna45\"},\"sameAs\":[\"https:\\\/\\\/covasna45.ro\"],\"url\":\"https:\\\/\\\/covasna45.ro\\\/index.php\\\/author\\\/covasna\\\/\"}]}<\/script>\n<!-- \/ Yoast SEO plugin. -->","yoast_head_json":{"title":"Tam\u00e1s Sulyok, noul pre\u0219edinte al Ungariei - Covasna45","description":"Parlamentul Ungariei l-a ales pe Tam\u00e1s Sulyok, pre\u0219edintele Cur\u021bii Constitu\u021bionale, ca urm\u0103tor pre\u0219edinte al \u021b\u0103rii.","robots":{"index":"index","follow":"follow","max-snippet":"max-snippet:-1","max-image-preview":"max-image-preview:large","max-video-preview":"max-video-preview:-1"},"canonical":"https:\/\/covasna45.ro\/index.php\/lumea-larga\/tamas-sulyok-noul-presedinte-al-ungariei\/","og_locale":"ro_RO","og_type":"article","og_title":"Tam\u00e1s Sulyok, noul pre\u0219edinte al Ungariei - Covasna45","og_description":"Parlamentul Ungariei l-a ales pe Tam\u00e1s Sulyok, pre\u0219edintele Cur\u021bii Constitu\u021bionale, ca urm\u0103tor pre\u0219edinte al \u021b\u0103rii.","og_url":"https:\/\/covasna45.ro\/index.php\/lumea-larga\/tamas-sulyok-noul-presedinte-al-ungariei\/","og_site_name":"Covasna45","article_published_time":"2024-02-27T09:36:10+00:00","article_modified_time":"2024-02-27T09:37:03+00:00","og_image":[{"width":940,"height":619,"url":"https:\/\/covasna45.ro\/wp-content\/uploads\/2024\/02\/Tamas-Sulyok.jpg","type":"image\/jpeg"}],"author":"Covasna45","twitter_card":"summary_large_image","twitter_misc":{"Scris de":"Covasna45","Timp estimat pentru citire":"2 minute"},"schema":{"@context":"https:\/\/schema.org","@graph":[{"@type":"Article","@id":"https:\/\/covasna45.ro\/index.php\/lumea-larga\/tamas-sulyok-noul-presedinte-al-ungariei\/#article","isPartOf":{"@id":"https:\/\/covasna45.ro\/index.php\/lumea-larga\/tamas-sulyok-noul-presedinte-al-ungariei\/"},"author":{"name":"Covasna45","@id":"https:\/\/covasna45.ro\/#\/schema\/person\/e674052bd7d95d70bbb007a1060ab73c"},"headline":"Tam\u00e1s Sulyok, noul pre\u0219edinte al Ungariei","datePublished":"2024-02-27T09:36:10+00:00","dateModified":"2024-02-27T09:37:03+00:00","mainEntityOfPage":{"@id":"https:\/\/covasna45.ro\/index.php\/lumea-larga\/tamas-sulyok-noul-presedinte-al-ungariei\/"},"wordCount":252,"commentCount":0,"publisher":{"@id":"https:\/\/covasna45.ro\/#organization"},"image":{"@id":"https:\/\/covasna45.ro\/index.php\/lumea-larga\/tamas-sulyok-noul-presedinte-al-ungariei\/#primaryimage"},"thumbnailUrl":"https:\/\/covasna45.ro\/wp-content\/uploads\/2024\/02\/Tamas-Sulyok.jpg","keywords":["Pre\u0219edinte","Tam\u00e1s Sulyok","Ungaria"],"articleSection":["Lumea larg\u0103"],"inLanguage":"ro-RO","potentialAction":[{"@type":"CommentAction","name":"Comment","target":["https:\/\/covasna45.ro\/index.php\/lumea-larga\/tamas-sulyok-noul-presedinte-al-ungariei\/#respond"]}]},{"@type":"WebPage","@id":"https:\/\/covasna45.ro\/index.php\/lumea-larga\/tamas-sulyok-noul-presedinte-al-ungariei\/","url":"https:\/\/covasna45.ro\/index.php\/lumea-larga\/tamas-sulyok-noul-presedinte-al-ungariei\/","name":"Tam\u00e1s Sulyok, noul pre\u0219edinte al Ungariei - Covasna45","isPartOf":{"@id":"https:\/\/covasna45.ro\/#website"},"primaryImageOfPage":{"@id":"https:\/\/covasna45.ro\/index.php\/lumea-larga\/tamas-sulyok-noul-presedinte-al-ungariei\/#primaryimage"},"image":{"@id":"https:\/\/covasna45.ro\/index.php\/lumea-larga\/tamas-sulyok-noul-presedinte-al-ungariei\/#primaryimage"},"thumbnailUrl":"https:\/\/covasna45.ro\/wp-content\/uploads\/2024\/02\/Tamas-Sulyok.jpg","datePublished":"2024-02-27T09:36:10+00:00","dateModified":"2024-02-27T09:37:03+00:00","description":"Parlamentul Ungariei l-a ales pe Tam\u00e1s Sulyok, pre\u0219edintele Cur\u021bii Constitu\u021bionale, ca urm\u0103tor pre\u0219edinte al \u021b\u0103rii.","breadcrumb":{"@id":"https:\/\/covasna45.ro\/index.php\/lumea-larga\/tamas-sulyok-noul-presedinte-al-ungariei\/#breadcrumb"},"inLanguage":"ro-RO","potentialAction":[{"@type":"ReadAction","target":["https:\/\/covasna45.ro\/index.php\/lumea-larga\/tamas-sulyok-noul-presedinte-al-ungariei\/"]}]},{"@type":"ImageObject","inLanguage":"ro-RO","@id":"https:\/\/covasna45.ro\/index.php\/lumea-larga\/tamas-sulyok-noul-presedinte-al-ungariei\/#primaryimage","url":"https:\/\/covasna45.ro\/wp-content\/uploads\/2024\/02\/Tamas-Sulyok.jpg","contentUrl":"https:\/\/covasna45.ro\/wp-content\/uploads\/2024\/02\/Tamas-Sulyok.jpg","width":940,"height":619},{"@type":"BreadcrumbList","@id":"https:\/\/covasna45.ro\/index.php\/lumea-larga\/tamas-sulyok-noul-presedinte-al-ungariei\/#breadcrumb","itemListElement":[{"@type":"ListItem","position":1,"name":"Prima pagin\u0103","item":"https:\/\/covasna45.ro\/"},{"@type":"ListItem","position":2,"name":"Tam\u00e1s Sulyok, noul pre\u0219edinte al Ungariei"}]},{"@type":"WebSite","@id":"https:\/\/covasna45.ro\/#website","url":"https:\/\/covasna45.ro\/","name":"covasna45.ro","description":"","publisher":{"@id":"https:\/\/covasna45.ro\/#organization"},"potentialAction":[{"@type":"SearchAction","target":{"@type":"EntryPoint","urlTemplate":"https:\/\/covasna45.ro\/?s={search_term_string}"},"query-input":{"@type":"PropertyValueSpecification","valueRequired":true,"valueName":"search_term_string"}}],"inLanguage":"ro-RO"},{"@type":"Organization","@id":"https:\/\/covasna45.ro\/#organization","name":"covasna45.ro","url":"https:\/\/covasna45.ro\/","logo":{"@type":"ImageObject","inLanguage":"ro-RO","@id":"https:\/\/covasna45.ro\/#\/schema\/logo\/image\/","url":"https:\/\/covasna45.ro\/wp-content\/uploads\/2023\/01\/icon_logo.png","contentUrl":"https:\/\/covasna45.ro\/wp-content\/uploads\/2023\/01\/icon_logo.png","width":1900,"height":1900,"caption":"covasna45.ro"},"image":{"@id":"https:\/\/covasna45.ro\/#\/schema\/logo\/image\/"}},{"@type":"Person","@id":"https:\/\/covasna45.ro\/#\/schema\/person\/e674052bd7d95d70bbb007a1060ab73c","name":"Covasna45","image":{"@type":"ImageObject","inLanguage":"ro-RO","@id":"https:\/\/covasna45.ro\/wp-content\/uploads\/2025\/10\/icon_logo_covasna45-150x150.png","url":"https:\/\/covasna45.ro\/wp-content\/uploads\/2025\/10\/icon_logo_covasna45-150x150.png","contentUrl":"https:\/\/covasna45.ro\/wp-content\/uploads\/2025\/10\/icon_logo_covasna45-150x150.png","caption":"Covasna45"},"sameAs":["https:\/\/covasna45.ro"],"url":"https:\/\/covasna45.ro\/index.php\/author\/covasna\/"}]}},"_links":{"self":[{"href":"https:\/\/covasna45.ro\/index.php\/wp-json\/wp\/v2\/posts\/4997","targetHints":{"allow":["GET"]}}],"collection":[{"href":"https:\/\/covasna45.ro\/index.php\/wp-json\/wp\/v2\/posts"}],"about":[{"href":"https:\/\/covasna45.ro\/index.php\/wp-json\/wp\/v2\/types\/post"}],"author":[{"embeddable":true,"href":"https:\/\/covasna45.ro\/index.php\/wp-json\/wp\/v2\/users\/1"}],"replies":[{"embeddable":true,"href":"https:\/\/covasna45.ro\/index.php\/wp-json\/wp\/v2\/comments?post=4997"}],"version-history":[{"count":1,"href":"https:\/\/covasna45.ro\/index.php\/wp-json\/wp\/v2\/posts\/4997\/revisions"}],"predecessor-version":[{"id":4999,"href":"https:\/\/covasna45.ro\/index.php\/wp-json\/wp\/v2\/posts\/4997\/revisions\/4999"}],"wp:featuredmedia":[{"embeddable":true,"href":"https:\/\/covasna45.ro\/index.php\/wp-json\/wp\/v2\/media\/4998"}],"wp:attachment":[{"href":"https:\/\/covasna45.ro\/index.php\/wp-json\/wp\/v2\/media?parent=4997"}],"wp:term":[{"taxonomy":"category","embeddable":true,"href":"https:\/\/covasna45.ro\/index.php\/wp-json\/wp\/v2\/categories?post=4997"},{"taxonomy":"post_tag","embeddable":true,"href":"https:\/\/covasna45.ro\/index.php\/wp-json\/wp\/v2\/tags?post=4997"}],"curies":[{"name":"wp","href":"https:\/\/api.w.org\/{rel}","templated":true}]}}