{"id":5128,"date":"2024-03-07T10:40:59","date_gmt":"2024-03-07T08:40:59","guid":{"rendered":"https:\/\/covasna45.ro\/?p=5128"},"modified":"2024-03-07T10:43:05","modified_gmt":"2024-03-07T08:43:05","slug":"ucraina-preseaza-ue-acordul-privind-livrarea-de-gaze-rusesti-nu-va-fi-prelungit","status":"publish","type":"post","link":"https:\/\/covasna45.ro\/index.php\/lumea-larga\/ucraina-preseaza-ue-acordul-privind-livrarea-de-gaze-rusesti-nu-va-fi-prelungit\/","title":{"rendered":"Ucraina preseaz\u0103 UE: acordul privind livrarea de gaze ruse\u0219ti nu va fi prelungit"},"content":{"rendered":"\n<p>Ministrul ucrainean al Energiei, Herman Haluscenko, a exclus orice acord comercial care ar permite gazelor naturale ruse\u015fti s\u0103 continue s\u0103 treac\u0103 prin Ucraina, dup\u0103 ce actualul acord de tranzit va expira, la finele acestui an, transmite Bloomberg, citat\u0103 de <a href=\"https:\/\/www.g4media.ro\/kievul-exclude-prelungirea-acordului-care-permite-livrarea-de-gaze-rusesti-spre-europa-prin-ucraina.html\">g4media.ro<\/a>. <\/p>\n\n\n\n<p>Uniunea European\u0103 \u015fi Ucraina au anun\u0163at anterior c\u0103 nu vor renegocia actualul acord, \u00eens\u0103 unii participan\u0163i de pe pia\u0163\u0103 sunt \u00een continuare optimi\u015fti cu privire la posibilitatea unor acorduri private care s\u0103 aduc\u0103 gaze ruse\u015fti \u00een blocul comunitar.<\/p>\n\n\n\n<p>\u201eNu v\u0103d nicio posibilitate\u201d, a declarat Herman Haluscenko \u00eentr-un interviu acordat la sediul Agen\u0163iei Interna\u0163ionale pentru Energie Atomic\u0103 (AIEA).<\/p>\n\n\n\n<p>\u00cen urma invaziei din Ucraina, Rusia a oprit cea mai mare a livr\u0103rilor de gaze prin conducte spre Europa, \u00eens\u0103 mai exist\u0103 unele cantit\u0103\u0163i de gaze ruse\u015fti care continu\u0103 s\u0103 treac\u0103 prin Ucraina. Aceste livr\u0103ri acoper\u0103 cea mai mare parte a cererii de gaze \u00een \u0163\u0103ri precum Austria, Ungaria \u015fi Slovacia.<\/p>\n\n\n\n<h2 class=\"wp-block-heading\">Lu\u0103m gaze ruse\u0219ti, dar prin Turcia<\/h2>\n\n\n\n<p>\u00cenainte de r\u0103zboi, grupul rus Gazprom exporta anual aproximativ 177 miliarde metri cubi de gaze, prin mai multe conducte, spre pie\u0163ele sale cheie din Europa \u015fi Turcia iar pierderea rutei de tranzit prin Ucraina nu ar urma s\u0103 aib\u0103 un impact semnificativ. Gazele naturale ruse\u015fti continu\u0103 s\u0103 ajung\u0103 \u00een UE via Turcia, \u015fi Rusia este \u015fi al doilea mare furnizor de gaze naturale lichefiate al Europei Occidentale, dup\u0103 SUA. Oficialii UE au foarte clari c\u0103 blocul comunitar ar trebui s\u0103 \u00ee\u015fi reduc\u0103 dependen\u0163a de gazele ruse\u015fti, \u00eens\u0103 nu au impus sanc\u0163iuni cu privire la acest capitol.<br><br>Anul trecut, livr\u0103rile abundente de gaze ruse\u015fti au permis Austriei, unul dintre cei mai vechi clien\u0163i ai Gazprom din Europa Occidental\u0103, s\u0103 \u00ee\u015fi majoreze consumul. Grupul energetic austriac OMV are un contract de aprovizionare pe termen lung cu Rusia, care expir\u0103 \u00een 2040 \u015fi care oblig\u0103 OMV s\u0103 cumpere gazele care ajung la grani\u0163a Austriei. \u00cen luna decembrie 2023, Gazprom a acoperit 98% din necesarul de gaze al Austriei.<\/p>\n\n\n\n<p>\u00cen loc s\u0103 continue s\u0103 cumpere gaze ruse\u015fti, Herman Haluscenko a \u00eendemnat mai multe state europene s\u0103 depoziteze gaze \u00een rezervoarele subterane din Ucraina. Haluscenko a precizat c\u0103 \u0163ara sa pune la dispozi\u0163ie capacit\u0103\u0163i de stocare pentru 15 miliarde metri cubi de gaze, peste cele 14 miliarde metri cubi de gaze ruse\u015fti care au trecut prin Ucraina anul trecut. \u201eCred c\u0103 a\u015fa este corect. Nu pute\u0163i spune c\u0103 nu putem tr\u0103i f\u0103r\u0103 gaze ruse\u015fti\u201d, a subliniat oficialul ucrainean.<\/p>\n","protected":false},"excerpt":{"rendered":"<p>Ministrul ucrainean al Energiei, Herman Haluscenko, a exclus orice acord comercial care ar permite gazelor naturale ruse\u015fti s\u0103 continue s\u0103 treac\u0103 prin Ucraina, dup\u0103 ce actualul acord de tranzit va expira, la finele acestui an, transmite Bloomberg, citat\u0103 de g4media.ro. Uniunea European\u0103 \u015fi Ucraina au anun\u0163at anterior c\u0103 nu vor renegocia actualul acord, \u00eens\u0103 unii [&hellip;]<\/p>\n","protected":false},"author":1,"featured_media":5129,"comment_status":"open","ping_status":"closed","sticky":false,"template":"","format":"standard","meta":{"tdm_status":"","tdm_grid_status":"","footnotes":""},"categories":[10],"tags":[2153,1189,427,116,47],"class_list":{"0":"post-5128","1":"post","2":"type-post","3":"status-publish","4":"format-standard","5":"has-post-thumbnail","7":"category-lumea-larga","8":"tag-acord-gaz","9":"tag-gaz","10":"tag-rusia","11":"tag-ucraina","12":"tag-ue"},"yoast_head":"<!-- This site is optimized with the Yoast SEO plugin v27.5 - https:\/\/yoast.com\/product\/yoast-seo-wordpress\/ -->\n<title>Ucraina preseaz\u0103 UE: acordul privind livrarea de gaze ruse\u0219ti nu va fi prelungit - Covasna45<\/title>\n<meta name=\"description\" content=\"Haluscenko a \u00eendemnat mai multe state europene s\u0103 depoziteze gaze \u00een rezervoarele subterane din Ucraina.\" \/>\n<meta name=\"robots\" content=\"index, follow, max-snippet:-1, max-image-preview:large, max-video-preview:-1\" \/>\n<link rel=\"canonical\" href=\"https:\/\/covasna45.ro\/index.php\/lumea-larga\/ucraina-preseaza-ue-acordul-privind-livrarea-de-gaze-rusesti-nu-va-fi-prelungit\/\" \/>\n<meta property=\"og:locale\" content=\"ro_RO\" \/>\n<meta property=\"og:type\" content=\"article\" \/>\n<meta property=\"og:title\" content=\"Ucraina preseaz\u0103 UE: acordul privind livrarea de gaze ruse\u0219ti nu va fi prelungit - Covasna45\" \/>\n<meta property=\"og:description\" content=\"Haluscenko a \u00eendemnat mai multe state europene s\u0103 depoziteze gaze \u00een rezervoarele subterane din Ucraina.\" \/>\n<meta property=\"og:url\" content=\"https:\/\/covasna45.ro\/index.php\/lumea-larga\/ucraina-preseaza-ue-acordul-privind-livrarea-de-gaze-rusesti-nu-va-fi-prelungit\/\" \/>\n<meta property=\"og:site_name\" content=\"Covasna45\" \/>\n<meta property=\"article:published_time\" content=\"2024-03-07T08:40:59+00:00\" \/>\n<meta property=\"article:modified_time\" content=\"2024-03-07T08:43:05+00:00\" \/>\n<meta property=\"og:image\" content=\"https:\/\/covasna45.ro\/wp-content\/uploads\/2024\/03\/teava-gaz.jpg\" \/>\n\t<meta property=\"og:image:width\" content=\"1159\" \/>\n\t<meta property=\"og:image:height\" content=\"656\" \/>\n\t<meta property=\"og:image:type\" content=\"image\/jpeg\" \/>\n<meta name=\"author\" content=\"Covasna45\" \/>\n<meta name=\"twitter:card\" content=\"summary_large_image\" \/>\n<meta name=\"twitter:label1\" content=\"Scris de\" \/>\n\t<meta name=\"twitter:data1\" content=\"Covasna45\" \/>\n\t<meta name=\"twitter:label2\" content=\"Timp estimat pentru citire\" \/>\n\t<meta name=\"twitter:data2\" content=\"3 minute\" \/>\n<script type=\"application\/ld+json\" class=\"yoast-schema-graph\">{\"@context\":\"https:\\\/\\\/schema.org\",\"@graph\":[{\"@type\":\"Article\",\"@id\":\"https:\\\/\\\/covasna45.ro\\\/index.php\\\/lumea-larga\\\/ucraina-preseaza-ue-acordul-privind-livrarea-de-gaze-rusesti-nu-va-fi-prelungit\\\/#article\",\"isPartOf\":{\"@id\":\"https:\\\/\\\/covasna45.ro\\\/index.php\\\/lumea-larga\\\/ucraina-preseaza-ue-acordul-privind-livrarea-de-gaze-rusesti-nu-va-fi-prelungit\\\/\"},\"author\":{\"name\":\"Covasna45\",\"@id\":\"https:\\\/\\\/covasna45.ro\\\/#\\\/schema\\\/person\\\/e674052bd7d95d70bbb007a1060ab73c\"},\"headline\":\"Ucraina preseaz\u0103 UE: acordul privind livrarea de gaze ruse\u0219ti nu va fi prelungit\",\"datePublished\":\"2024-03-07T08:40:59+00:00\",\"dateModified\":\"2024-03-07T08:43:05+00:00\",\"mainEntityOfPage\":{\"@id\":\"https:\\\/\\\/covasna45.ro\\\/index.php\\\/lumea-larga\\\/ucraina-preseaza-ue-acordul-privind-livrarea-de-gaze-rusesti-nu-va-fi-prelungit\\\/\"},\"wordCount\":440,\"commentCount\":0,\"publisher\":{\"@id\":\"https:\\\/\\\/covasna45.ro\\\/#organization\"},\"image\":{\"@id\":\"https:\\\/\\\/covasna45.ro\\\/index.php\\\/lumea-larga\\\/ucraina-preseaza-ue-acordul-privind-livrarea-de-gaze-rusesti-nu-va-fi-prelungit\\\/#primaryimage\"},\"thumbnailUrl\":\"https:\\\/\\\/covasna45.ro\\\/wp-content\\\/uploads\\\/2024\\\/03\\\/teava-gaz.jpg\",\"keywords\":[\"acord gaz\",\"Gaz\",\"Rusia\",\"Ucraina\",\"UE\"],\"articleSection\":[\"Lumea larg\u0103\"],\"inLanguage\":\"ro-RO\",\"potentialAction\":[{\"@type\":\"CommentAction\",\"name\":\"Comment\",\"target\":[\"https:\\\/\\\/covasna45.ro\\\/index.php\\\/lumea-larga\\\/ucraina-preseaza-ue-acordul-privind-livrarea-de-gaze-rusesti-nu-va-fi-prelungit\\\/#respond\"]}]},{\"@type\":\"WebPage\",\"@id\":\"https:\\\/\\\/covasna45.ro\\\/index.php\\\/lumea-larga\\\/ucraina-preseaza-ue-acordul-privind-livrarea-de-gaze-rusesti-nu-va-fi-prelungit\\\/\",\"url\":\"https:\\\/\\\/covasna45.ro\\\/index.php\\\/lumea-larga\\\/ucraina-preseaza-ue-acordul-privind-livrarea-de-gaze-rusesti-nu-va-fi-prelungit\\\/\",\"name\":\"Ucraina preseaz\u0103 UE: acordul privind livrarea de gaze ruse\u0219ti nu va fi prelungit - Covasna45\",\"isPartOf\":{\"@id\":\"https:\\\/\\\/covasna45.ro\\\/#website\"},\"primaryImageOfPage\":{\"@id\":\"https:\\\/\\\/covasna45.ro\\\/index.php\\\/lumea-larga\\\/ucraina-preseaza-ue-acordul-privind-livrarea-de-gaze-rusesti-nu-va-fi-prelungit\\\/#primaryimage\"},\"image\":{\"@id\":\"https:\\\/\\\/covasna45.ro\\\/index.php\\\/lumea-larga\\\/ucraina-preseaza-ue-acordul-privind-livrarea-de-gaze-rusesti-nu-va-fi-prelungit\\\/#primaryimage\"},\"thumbnailUrl\":\"https:\\\/\\\/covasna45.ro\\\/wp-content\\\/uploads\\\/2024\\\/03\\\/teava-gaz.jpg\",\"datePublished\":\"2024-03-07T08:40:59+00:00\",\"dateModified\":\"2024-03-07T08:43:05+00:00\",\"description\":\"Haluscenko a \u00eendemnat mai multe state europene s\u0103 depoziteze gaze \u00een rezervoarele subterane din Ucraina.\",\"breadcrumb\":{\"@id\":\"https:\\\/\\\/covasna45.ro\\\/index.php\\\/lumea-larga\\\/ucraina-preseaza-ue-acordul-privind-livrarea-de-gaze-rusesti-nu-va-fi-prelungit\\\/#breadcrumb\"},\"inLanguage\":\"ro-RO\",\"potentialAction\":[{\"@type\":\"ReadAction\",\"target\":[\"https:\\\/\\\/covasna45.ro\\\/index.php\\\/lumea-larga\\\/ucraina-preseaza-ue-acordul-privind-livrarea-de-gaze-rusesti-nu-va-fi-prelungit\\\/\"]}]},{\"@type\":\"ImageObject\",\"inLanguage\":\"ro-RO\",\"@id\":\"https:\\\/\\\/covasna45.ro\\\/index.php\\\/lumea-larga\\\/ucraina-preseaza-ue-acordul-privind-livrarea-de-gaze-rusesti-nu-va-fi-prelungit\\\/#primaryimage\",\"url\":\"https:\\\/\\\/covasna45.ro\\\/wp-content\\\/uploads\\\/2024\\\/03\\\/teava-gaz.jpg\",\"contentUrl\":\"https:\\\/\\\/covasna45.ro\\\/wp-content\\\/uploads\\\/2024\\\/03\\\/teava-gaz.jpg\",\"width\":1159,\"height\":656},{\"@type\":\"BreadcrumbList\",\"@id\":\"https:\\\/\\\/covasna45.ro\\\/index.php\\\/lumea-larga\\\/ucraina-preseaza-ue-acordul-privind-livrarea-de-gaze-rusesti-nu-va-fi-prelungit\\\/#breadcrumb\",\"itemListElement\":[{\"@type\":\"ListItem\",\"position\":1,\"name\":\"Prima pagin\u0103\",\"item\":\"https:\\\/\\\/covasna45.ro\\\/\"},{\"@type\":\"ListItem\",\"position\":2,\"name\":\"Ucraina preseaz\u0103 UE: acordul privind livrarea de gaze ruse\u0219ti nu va fi prelungit\"}]},{\"@type\":\"WebSite\",\"@id\":\"https:\\\/\\\/covasna45.ro\\\/#website\",\"url\":\"https:\\\/\\\/covasna45.ro\\\/\",\"name\":\"covasna45.ro\",\"description\":\"\",\"publisher\":{\"@id\":\"https:\\\/\\\/covasna45.ro\\\/#organization\"},\"potentialAction\":[{\"@type\":\"SearchAction\",\"target\":{\"@type\":\"EntryPoint\",\"urlTemplate\":\"https:\\\/\\\/covasna45.ro\\\/?s={search_term_string}\"},\"query-input\":{\"@type\":\"PropertyValueSpecification\",\"valueRequired\":true,\"valueName\":\"search_term_string\"}}],\"inLanguage\":\"ro-RO\"},{\"@type\":\"Organization\",\"@id\":\"https:\\\/\\\/covasna45.ro\\\/#organization\",\"name\":\"covasna45.ro\",\"url\":\"https:\\\/\\\/covasna45.ro\\\/\",\"logo\":{\"@type\":\"ImageObject\",\"inLanguage\":\"ro-RO\",\"@id\":\"https:\\\/\\\/covasna45.ro\\\/#\\\/schema\\\/logo\\\/image\\\/\",\"url\":\"https:\\\/\\\/covasna45.ro\\\/wp-content\\\/uploads\\\/2023\\\/01\\\/icon_logo.png\",\"contentUrl\":\"https:\\\/\\\/covasna45.ro\\\/wp-content\\\/uploads\\\/2023\\\/01\\\/icon_logo.png\",\"width\":1900,\"height\":1900,\"caption\":\"covasna45.ro\"},\"image\":{\"@id\":\"https:\\\/\\\/covasna45.ro\\\/#\\\/schema\\\/logo\\\/image\\\/\"}},{\"@type\":\"Person\",\"@id\":\"https:\\\/\\\/covasna45.ro\\\/#\\\/schema\\\/person\\\/e674052bd7d95d70bbb007a1060ab73c\",\"name\":\"Covasna45\",\"image\":{\"@type\":\"ImageObject\",\"inLanguage\":\"ro-RO\",\"@id\":\"https:\\\/\\\/covasna45.ro\\\/wp-content\\\/uploads\\\/2025\\\/10\\\/icon_logo_covasna45-150x150.png\",\"url\":\"https:\\\/\\\/covasna45.ro\\\/wp-content\\\/uploads\\\/2025\\\/10\\\/icon_logo_covasna45-150x150.png\",\"contentUrl\":\"https:\\\/\\\/covasna45.ro\\\/wp-content\\\/uploads\\\/2025\\\/10\\\/icon_logo_covasna45-150x150.png\",\"caption\":\"Covasna45\"},\"sameAs\":[\"https:\\\/\\\/covasna45.ro\"],\"url\":\"https:\\\/\\\/covasna45.ro\\\/index.php\\\/author\\\/covasna\\\/\"}]}<\/script>\n<!-- \/ Yoast SEO plugin. -->","yoast_head_json":{"title":"Ucraina preseaz\u0103 UE: acordul privind livrarea de gaze ruse\u0219ti nu va fi prelungit - Covasna45","description":"Haluscenko a \u00eendemnat mai multe state europene s\u0103 depoziteze gaze \u00een rezervoarele subterane din Ucraina.","robots":{"index":"index","follow":"follow","max-snippet":"max-snippet:-1","max-image-preview":"max-image-preview:large","max-video-preview":"max-video-preview:-1"},"canonical":"https:\/\/covasna45.ro\/index.php\/lumea-larga\/ucraina-preseaza-ue-acordul-privind-livrarea-de-gaze-rusesti-nu-va-fi-prelungit\/","og_locale":"ro_RO","og_type":"article","og_title":"Ucraina preseaz\u0103 UE: acordul privind livrarea de gaze ruse\u0219ti nu va fi prelungit - Covasna45","og_description":"Haluscenko a \u00eendemnat mai multe state europene s\u0103 depoziteze gaze \u00een rezervoarele subterane din Ucraina.","og_url":"https:\/\/covasna45.ro\/index.php\/lumea-larga\/ucraina-preseaza-ue-acordul-privind-livrarea-de-gaze-rusesti-nu-va-fi-prelungit\/","og_site_name":"Covasna45","article_published_time":"2024-03-07T08:40:59+00:00","article_modified_time":"2024-03-07T08:43:05+00:00","og_image":[{"width":1159,"height":656,"url":"https:\/\/covasna45.ro\/wp-content\/uploads\/2024\/03\/teava-gaz.jpg","type":"image\/jpeg"}],"author":"Covasna45","twitter_card":"summary_large_image","twitter_misc":{"Scris de":"Covasna45","Timp estimat pentru citire":"3 minute"},"schema":{"@context":"https:\/\/schema.org","@graph":[{"@type":"Article","@id":"https:\/\/covasna45.ro\/index.php\/lumea-larga\/ucraina-preseaza-ue-acordul-privind-livrarea-de-gaze-rusesti-nu-va-fi-prelungit\/#article","isPartOf":{"@id":"https:\/\/covasna45.ro\/index.php\/lumea-larga\/ucraina-preseaza-ue-acordul-privind-livrarea-de-gaze-rusesti-nu-va-fi-prelungit\/"},"author":{"name":"Covasna45","@id":"https:\/\/covasna45.ro\/#\/schema\/person\/e674052bd7d95d70bbb007a1060ab73c"},"headline":"Ucraina preseaz\u0103 UE: acordul privind livrarea de gaze ruse\u0219ti nu va fi prelungit","datePublished":"2024-03-07T08:40:59+00:00","dateModified":"2024-03-07T08:43:05+00:00","mainEntityOfPage":{"@id":"https:\/\/covasna45.ro\/index.php\/lumea-larga\/ucraina-preseaza-ue-acordul-privind-livrarea-de-gaze-rusesti-nu-va-fi-prelungit\/"},"wordCount":440,"commentCount":0,"publisher":{"@id":"https:\/\/covasna45.ro\/#organization"},"image":{"@id":"https:\/\/covasna45.ro\/index.php\/lumea-larga\/ucraina-preseaza-ue-acordul-privind-livrarea-de-gaze-rusesti-nu-va-fi-prelungit\/#primaryimage"},"thumbnailUrl":"https:\/\/covasna45.ro\/wp-content\/uploads\/2024\/03\/teava-gaz.jpg","keywords":["acord gaz","Gaz","Rusia","Ucraina","UE"],"articleSection":["Lumea larg\u0103"],"inLanguage":"ro-RO","potentialAction":[{"@type":"CommentAction","name":"Comment","target":["https:\/\/covasna45.ro\/index.php\/lumea-larga\/ucraina-preseaza-ue-acordul-privind-livrarea-de-gaze-rusesti-nu-va-fi-prelungit\/#respond"]}]},{"@type":"WebPage","@id":"https:\/\/covasna45.ro\/index.php\/lumea-larga\/ucraina-preseaza-ue-acordul-privind-livrarea-de-gaze-rusesti-nu-va-fi-prelungit\/","url":"https:\/\/covasna45.ro\/index.php\/lumea-larga\/ucraina-preseaza-ue-acordul-privind-livrarea-de-gaze-rusesti-nu-va-fi-prelungit\/","name":"Ucraina preseaz\u0103 UE: acordul privind livrarea de gaze ruse\u0219ti nu va fi prelungit - Covasna45","isPartOf":{"@id":"https:\/\/covasna45.ro\/#website"},"primaryImageOfPage":{"@id":"https:\/\/covasna45.ro\/index.php\/lumea-larga\/ucraina-preseaza-ue-acordul-privind-livrarea-de-gaze-rusesti-nu-va-fi-prelungit\/#primaryimage"},"image":{"@id":"https:\/\/covasna45.ro\/index.php\/lumea-larga\/ucraina-preseaza-ue-acordul-privind-livrarea-de-gaze-rusesti-nu-va-fi-prelungit\/#primaryimage"},"thumbnailUrl":"https:\/\/covasna45.ro\/wp-content\/uploads\/2024\/03\/teava-gaz.jpg","datePublished":"2024-03-07T08:40:59+00:00","dateModified":"2024-03-07T08:43:05+00:00","description":"Haluscenko a \u00eendemnat mai multe state europene s\u0103 depoziteze gaze \u00een rezervoarele subterane din Ucraina.","breadcrumb":{"@id":"https:\/\/covasna45.ro\/index.php\/lumea-larga\/ucraina-preseaza-ue-acordul-privind-livrarea-de-gaze-rusesti-nu-va-fi-prelungit\/#breadcrumb"},"inLanguage":"ro-RO","potentialAction":[{"@type":"ReadAction","target":["https:\/\/covasna45.ro\/index.php\/lumea-larga\/ucraina-preseaza-ue-acordul-privind-livrarea-de-gaze-rusesti-nu-va-fi-prelungit\/"]}]},{"@type":"ImageObject","inLanguage":"ro-RO","@id":"https:\/\/covasna45.ro\/index.php\/lumea-larga\/ucraina-preseaza-ue-acordul-privind-livrarea-de-gaze-rusesti-nu-va-fi-prelungit\/#primaryimage","url":"https:\/\/covasna45.ro\/wp-content\/uploads\/2024\/03\/teava-gaz.jpg","contentUrl":"https:\/\/covasna45.ro\/wp-content\/uploads\/2024\/03\/teava-gaz.jpg","width":1159,"height":656},{"@type":"BreadcrumbList","@id":"https:\/\/covasna45.ro\/index.php\/lumea-larga\/ucraina-preseaza-ue-acordul-privind-livrarea-de-gaze-rusesti-nu-va-fi-prelungit\/#breadcrumb","itemListElement":[{"@type":"ListItem","position":1,"name":"Prima pagin\u0103","item":"https:\/\/covasna45.ro\/"},{"@type":"ListItem","position":2,"name":"Ucraina preseaz\u0103 UE: acordul privind livrarea de gaze ruse\u0219ti nu va fi prelungit"}]},{"@type":"WebSite","@id":"https:\/\/covasna45.ro\/#website","url":"https:\/\/covasna45.ro\/","name":"covasna45.ro","description":"","publisher":{"@id":"https:\/\/covasna45.ro\/#organization"},"potentialAction":[{"@type":"SearchAction","target":{"@type":"EntryPoint","urlTemplate":"https:\/\/covasna45.ro\/?s={search_term_string}"},"query-input":{"@type":"PropertyValueSpecification","valueRequired":true,"valueName":"search_term_string"}}],"inLanguage":"ro-RO"},{"@type":"Organization","@id":"https:\/\/covasna45.ro\/#organization","name":"covasna45.ro","url":"https:\/\/covasna45.ro\/","logo":{"@type":"ImageObject","inLanguage":"ro-RO","@id":"https:\/\/covasna45.ro\/#\/schema\/logo\/image\/","url":"https:\/\/covasna45.ro\/wp-content\/uploads\/2023\/01\/icon_logo.png","contentUrl":"https:\/\/covasna45.ro\/wp-content\/uploads\/2023\/01\/icon_logo.png","width":1900,"height":1900,"caption":"covasna45.ro"},"image":{"@id":"https:\/\/covasna45.ro\/#\/schema\/logo\/image\/"}},{"@type":"Person","@id":"https:\/\/covasna45.ro\/#\/schema\/person\/e674052bd7d95d70bbb007a1060ab73c","name":"Covasna45","image":{"@type":"ImageObject","inLanguage":"ro-RO","@id":"https:\/\/covasna45.ro\/wp-content\/uploads\/2025\/10\/icon_logo_covasna45-150x150.png","url":"https:\/\/covasna45.ro\/wp-content\/uploads\/2025\/10\/icon_logo_covasna45-150x150.png","contentUrl":"https:\/\/covasna45.ro\/wp-content\/uploads\/2025\/10\/icon_logo_covasna45-150x150.png","caption":"Covasna45"},"sameAs":["https:\/\/covasna45.ro"],"url":"https:\/\/covasna45.ro\/index.php\/author\/covasna\/"}]}},"_links":{"self":[{"href":"https:\/\/covasna45.ro\/index.php\/wp-json\/wp\/v2\/posts\/5128","targetHints":{"allow":["GET"]}}],"collection":[{"href":"https:\/\/covasna45.ro\/index.php\/wp-json\/wp\/v2\/posts"}],"about":[{"href":"https:\/\/covasna45.ro\/index.php\/wp-json\/wp\/v2\/types\/post"}],"author":[{"embeddable":true,"href":"https:\/\/covasna45.ro\/index.php\/wp-json\/wp\/v2\/users\/1"}],"replies":[{"embeddable":true,"href":"https:\/\/covasna45.ro\/index.php\/wp-json\/wp\/v2\/comments?post=5128"}],"version-history":[{"count":1,"href":"https:\/\/covasna45.ro\/index.php\/wp-json\/wp\/v2\/posts\/5128\/revisions"}],"predecessor-version":[{"id":5130,"href":"https:\/\/covasna45.ro\/index.php\/wp-json\/wp\/v2\/posts\/5128\/revisions\/5130"}],"wp:featuredmedia":[{"embeddable":true,"href":"https:\/\/covasna45.ro\/index.php\/wp-json\/wp\/v2\/media\/5129"}],"wp:attachment":[{"href":"https:\/\/covasna45.ro\/index.php\/wp-json\/wp\/v2\/media?parent=5128"}],"wp:term":[{"taxonomy":"category","embeddable":true,"href":"https:\/\/covasna45.ro\/index.php\/wp-json\/wp\/v2\/categories?post=5128"},{"taxonomy":"post_tag","embeddable":true,"href":"https:\/\/covasna45.ro\/index.php\/wp-json\/wp\/v2\/tags?post=5128"}],"curies":[{"name":"wp","href":"https:\/\/api.w.org\/{rel}","templated":true}]}}