{"id":5168,"date":"2024-03-11T17:51:46","date_gmt":"2024-03-11T15:51:46","guid":{"rendered":"https:\/\/covasna45.ro\/?p=5168"},"modified":"2024-03-11T17:51:46","modified_gmt":"2024-03-11T15:51:46","slug":"concurs-de-educatie-silvica-pentru-elevii-din-judetul-covasna","status":"publish","type":"post","link":"https:\/\/covasna45.ro\/index.php\/lumea-noastra\/concurs-de-educatie-silvica-pentru-elevii-din-judetul-covasna\/","title":{"rendered":"Concurs de educa\u021bie silvic\u0103 pentru elevii din jude\u021bul Covasna"},"content":{"rendered":"\n<p>Un proiect de educa\u021bie silvic\u0103 pentru elevi ini\u021biat de Ocolul silvic privat Zagon va fi organizat la nivelul \u00eentregului jude\u021b. \u00censcrierile se \u00eencheie pe 19 martie.<\/p>\n\n\n\n<p>Concursul va avea patru etape, din 15 aprilie p\u00e2n\u0103 \u00een 29 noiembrie, astfel \u00eenc\u00e2t elevii s\u0103 vad\u0103 p\u0103durea \u00een mai multe ipostaze, din prim\u0103var\u0103 p\u00e2n\u0103 toamna t\u00e2rziu.<\/p>\n\n\n\n<figure class=\"wp-block-image size-large\"><img loading=\"lazy\" decoding=\"async\" width=\"1024\" height=\"768\" src=\"https:\/\/covasna45.ro\/wp-content\/uploads\/2024\/03\/concurs-zagon-2-1024x768.jpg\" alt=\"\" class=\"wp-image-5170\" srcset=\"https:\/\/covasna45.ro\/wp-content\/uploads\/2024\/03\/concurs-zagon-2-1024x768.jpg 1024w, https:\/\/covasna45.ro\/wp-content\/uploads\/2024\/03\/concurs-zagon-2-300x225.jpg 300w, https:\/\/covasna45.ro\/wp-content\/uploads\/2024\/03\/concurs-zagon-2-768x576.jpg 768w, https:\/\/covasna45.ro\/wp-content\/uploads\/2024\/03\/concurs-zagon-2-1536x1152.jpg 1536w, https:\/\/covasna45.ro\/wp-content\/uploads\/2024\/03\/concurs-zagon-2-150x113.jpg 150w, https:\/\/covasna45.ro\/wp-content\/uploads\/2024\/03\/concurs-zagon-2-696x522.jpg 696w, https:\/\/covasna45.ro\/wp-content\/uploads\/2024\/03\/concurs-zagon-2-1068x801.jpg 1068w, https:\/\/covasna45.ro\/wp-content\/uploads\/2024\/03\/concurs-zagon-2.jpg 1624w\" sizes=\"auto, (max-width: 1024px) 100vw, 1024px\" \/><\/figure>\n\n\n\n<p>Elevii vor forma grupe \u0219i, al\u0103turi de profesori coordonatori \u0219i speciali\u0219ti silvici din zonele lor, se vor \u00eentrece \u00een cuno\u0219tin\u021be \u0219i activit\u0103\u021bi \u00een p\u0103dure.<\/p>\n\n\n\n<p>\u201e<strong><em>Ideea este s\u0103 existe interac\u021biune cu personalul silvic. Vorbim de angaja\u021bi din ocoale silvice \u0219i fonduri de v\u00e2n\u0103toare care le vor ar\u0103ta elevilor ce presupune munca lor \u2013 de la plant\u0103ri, marcarea arborilor sau hr\u0103nirea animalelor. Vor fi mai multe etape ale concursului, fiecare cu propria tem\u0103, cum ar fi P\u0103durea tr\u0103ie\u0219te sau Mesajul p\u0103durii<\/em><\/strong>\u201d, a explicat pentru <a href=\"https:\/\/covasna45.ro\/index.php\/lumea-noastra\/asfor-inca-o-conferinta-importanta-la-sfantu-gheorghe\/\">covasna45.ro<\/a> \u0219efului Ocolului Silvic Privat Zagon, Porzsolt Levente. El este \u0219i coordonatorul proiectului.<\/p>\n\n\n\n<figure class=\"wp-block-image size-large\"><img loading=\"lazy\" decoding=\"async\" width=\"1024\" height=\"708\" src=\"https:\/\/covasna45.ro\/wp-content\/uploads\/2024\/03\/levi-zagon-1024x708.jpeg\" alt=\"\" class=\"wp-image-5171\" srcset=\"https:\/\/covasna45.ro\/wp-content\/uploads\/2024\/03\/levi-zagon-1024x708.jpeg 1024w, https:\/\/covasna45.ro\/wp-content\/uploads\/2024\/03\/levi-zagon-300x208.jpeg 300w, https:\/\/covasna45.ro\/wp-content\/uploads\/2024\/03\/levi-zagon-768x531.jpeg 768w, https:\/\/covasna45.ro\/wp-content\/uploads\/2024\/03\/levi-zagon-150x104.jpeg 150w, https:\/\/covasna45.ro\/wp-content\/uploads\/2024\/03\/levi-zagon-218x150.jpeg 218w, https:\/\/covasna45.ro\/wp-content\/uploads\/2024\/03\/levi-zagon-696x482.jpeg 696w, https:\/\/covasna45.ro\/wp-content\/uploads\/2024\/03\/levi-zagon.jpeg 1032w\" sizes=\"auto, (max-width: 1024px) 100vw, 1024px\" \/><\/figure>\n\n\n\n<p>O comisie format\u0103 din profesori, oameni de art\u0103 \u0219i speciali\u0219ti \u00een domeniul silvic va evalua rezultatele probelor din concurs, iar la final elevii vor fi premia\u021bi, \u00een func\u021bie de performan\u021bele lor. &nbsp;<\/p>\n\n\n\n<h2 class=\"wp-block-heading\">Detalii despre \u00eenscriere<\/h2>\n\n\n\n<p>Se pot \u00eenscrie elevi din clasele I-IV, V-VIII \u0219i IX-XII, care vor forma echipe de c\u00e2te 7-10 persoane.<\/p>\n\n\n\n<p>Cei interesa\u021bi s\u0103 aplice o pot face la adresa de email: <a href=\"mailto:programiroda@haromszekirmdsz.ro\">programiroda@haromszekirmdsz.ro<\/a>.<\/p>\n\n\n\n<p>Pentru \u00eenscriere, este nevoie de urm\u0103toarele informa\u021bii: numele echipei, institu\u021bia de \u00eenv\u0103\u021b\u0103m\u00e2nt, numele \u0219i num\u0103rul de contact al profesorilor dirigin\u021bi, numele elevilor \u0219i din ce clas\u0103 fac parte.<\/p>\n","protected":false},"excerpt":{"rendered":"<p>Un proiect de educa\u021bie silvic\u0103 pentru elevi ini\u021biat de Ocolul silvic privat Zagon va fi organizat la nivelul \u00eentregului jude\u021b. \u00censcrierile se \u00eencheie pe 19 martie. Concursul va avea patru etape, din 15 aprilie p\u00e2n\u0103 \u00een 29 noiembrie, astfel \u00eenc\u00e2t elevii s\u0103 vad\u0103 p\u0103durea \u00een mai multe ipostaze, din prim\u0103var\u0103 p\u00e2n\u0103 toamna t\u00e2rziu. Elevii vor [&hellip;]<\/p>\n","protected":false},"author":1,"featured_media":5169,"comment_status":"open","ping_status":"closed","sticky":false,"template":"","format":"standard","meta":{"tdm_status":"","tdm_grid_status":"","footnotes":""},"categories":[14],"tags":[2166,21,1097,2167,1082],"class_list":{"0":"post-5168","1":"post","2":"type-post","3":"status-publish","4":"format-standard","5":"has-post-thumbnail","7":"category-lumea-noastra","8":"tag-concurs","9":"tag-covasna","10":"tag-elevi","11":"tag-padure","12":"tag-zagon"},"yoast_head":"<!-- This site is optimized with the Yoast SEO plugin v27.5 - https:\/\/yoast.com\/product\/yoast-seo-wordpress\/ -->\n<title>Concurs de educa\u021bie silvic\u0103 pentru elevii din jude\u021bul Covasna - Covasna45<\/title>\n<meta name=\"description\" content=\"Elevii vor forma grupe \u0219i, al\u0103turi de profesori coordonatori \u0219i speciali\u0219ti silvici din zonele lor.\" \/>\n<meta name=\"robots\" content=\"index, follow, max-snippet:-1, max-image-preview:large, max-video-preview:-1\" \/>\n<link rel=\"canonical\" href=\"https:\/\/covasna45.ro\/index.php\/lumea-noastra\/concurs-de-educatie-silvica-pentru-elevii-din-judetul-covasna\/\" \/>\n<meta property=\"og:locale\" content=\"ro_RO\" \/>\n<meta property=\"og:type\" content=\"article\" \/>\n<meta property=\"og:title\" content=\"Concurs de educa\u021bie silvic\u0103 pentru elevii din jude\u021bul Covasna - Covasna45\" \/>\n<meta property=\"og:description\" content=\"Elevii vor forma grupe \u0219i, al\u0103turi de profesori coordonatori \u0219i speciali\u0219ti silvici din zonele lor.\" \/>\n<meta property=\"og:url\" content=\"https:\/\/covasna45.ro\/index.php\/lumea-noastra\/concurs-de-educatie-silvica-pentru-elevii-din-judetul-covasna\/\" \/>\n<meta property=\"og:site_name\" content=\"Covasna45\" \/>\n<meta property=\"article:published_time\" content=\"2024-03-11T15:51:46+00:00\" \/>\n<meta property=\"og:image\" content=\"https:\/\/covasna45.ro\/wp-content\/uploads\/2024\/03\/concurs-padue.jpg\" \/>\n\t<meta property=\"og:image:width\" content=\"1608\" \/>\n\t<meta property=\"og:image:height\" content=\"782\" \/>\n\t<meta property=\"og:image:type\" content=\"image\/jpeg\" \/>\n<meta name=\"author\" content=\"Covasna45\" \/>\n<meta name=\"twitter:card\" content=\"summary_large_image\" \/>\n<meta name=\"twitter:label1\" content=\"Scris de\" \/>\n\t<meta name=\"twitter:data1\" content=\"Covasna45\" \/>\n\t<meta name=\"twitter:label2\" content=\"Timp estimat pentru citire\" \/>\n\t<meta name=\"twitter:data2\" content=\"2 minute\" \/>\n<script type=\"application\/ld+json\" class=\"yoast-schema-graph\">{\"@context\":\"https:\\\/\\\/schema.org\",\"@graph\":[{\"@type\":\"Article\",\"@id\":\"https:\\\/\\\/covasna45.ro\\\/index.php\\\/lumea-noastra\\\/concurs-de-educatie-silvica-pentru-elevii-din-judetul-covasna\\\/#article\",\"isPartOf\":{\"@id\":\"https:\\\/\\\/covasna45.ro\\\/index.php\\\/lumea-noastra\\\/concurs-de-educatie-silvica-pentru-elevii-din-judetul-covasna\\\/\"},\"author\":{\"name\":\"Covasna45\",\"@id\":\"https:\\\/\\\/covasna45.ro\\\/#\\\/schema\\\/person\\\/e674052bd7d95d70bbb007a1060ab73c\"},\"headline\":\"Concurs de educa\u021bie silvic\u0103 pentru elevii din jude\u021bul Covasna\",\"datePublished\":\"2024-03-11T15:51:46+00:00\",\"mainEntityOfPage\":{\"@id\":\"https:\\\/\\\/covasna45.ro\\\/index.php\\\/lumea-noastra\\\/concurs-de-educatie-silvica-pentru-elevii-din-judetul-covasna\\\/\"},\"wordCount\":289,\"commentCount\":0,\"publisher\":{\"@id\":\"https:\\\/\\\/covasna45.ro\\\/#organization\"},\"image\":{\"@id\":\"https:\\\/\\\/covasna45.ro\\\/index.php\\\/lumea-noastra\\\/concurs-de-educatie-silvica-pentru-elevii-din-judetul-covasna\\\/#primaryimage\"},\"thumbnailUrl\":\"https:\\\/\\\/covasna45.ro\\\/wp-content\\\/uploads\\\/2024\\\/03\\\/concurs-padue.jpg\",\"keywords\":[\"concurs\",\"covasna\",\"Elevi\",\"padure\",\"Zagon\"],\"articleSection\":[\"Lumea noastr\u0103\"],\"inLanguage\":\"ro-RO\",\"potentialAction\":[{\"@type\":\"CommentAction\",\"name\":\"Comment\",\"target\":[\"https:\\\/\\\/covasna45.ro\\\/index.php\\\/lumea-noastra\\\/concurs-de-educatie-silvica-pentru-elevii-din-judetul-covasna\\\/#respond\"]}]},{\"@type\":\"WebPage\",\"@id\":\"https:\\\/\\\/covasna45.ro\\\/index.php\\\/lumea-noastra\\\/concurs-de-educatie-silvica-pentru-elevii-din-judetul-covasna\\\/\",\"url\":\"https:\\\/\\\/covasna45.ro\\\/index.php\\\/lumea-noastra\\\/concurs-de-educatie-silvica-pentru-elevii-din-judetul-covasna\\\/\",\"name\":\"Concurs de educa\u021bie silvic\u0103 pentru elevii din jude\u021bul Covasna - Covasna45\",\"isPartOf\":{\"@id\":\"https:\\\/\\\/covasna45.ro\\\/#website\"},\"primaryImageOfPage\":{\"@id\":\"https:\\\/\\\/covasna45.ro\\\/index.php\\\/lumea-noastra\\\/concurs-de-educatie-silvica-pentru-elevii-din-judetul-covasna\\\/#primaryimage\"},\"image\":{\"@id\":\"https:\\\/\\\/covasna45.ro\\\/index.php\\\/lumea-noastra\\\/concurs-de-educatie-silvica-pentru-elevii-din-judetul-covasna\\\/#primaryimage\"},\"thumbnailUrl\":\"https:\\\/\\\/covasna45.ro\\\/wp-content\\\/uploads\\\/2024\\\/03\\\/concurs-padue.jpg\",\"datePublished\":\"2024-03-11T15:51:46+00:00\",\"description\":\"Elevii vor forma grupe \u0219i, al\u0103turi de profesori coordonatori \u0219i speciali\u0219ti silvici din zonele lor.\",\"breadcrumb\":{\"@id\":\"https:\\\/\\\/covasna45.ro\\\/index.php\\\/lumea-noastra\\\/concurs-de-educatie-silvica-pentru-elevii-din-judetul-covasna\\\/#breadcrumb\"},\"inLanguage\":\"ro-RO\",\"potentialAction\":[{\"@type\":\"ReadAction\",\"target\":[\"https:\\\/\\\/covasna45.ro\\\/index.php\\\/lumea-noastra\\\/concurs-de-educatie-silvica-pentru-elevii-din-judetul-covasna\\\/\"]}]},{\"@type\":\"ImageObject\",\"inLanguage\":\"ro-RO\",\"@id\":\"https:\\\/\\\/covasna45.ro\\\/index.php\\\/lumea-noastra\\\/concurs-de-educatie-silvica-pentru-elevii-din-judetul-covasna\\\/#primaryimage\",\"url\":\"https:\\\/\\\/covasna45.ro\\\/wp-content\\\/uploads\\\/2024\\\/03\\\/concurs-padue.jpg\",\"contentUrl\":\"https:\\\/\\\/covasna45.ro\\\/wp-content\\\/uploads\\\/2024\\\/03\\\/concurs-padue.jpg\",\"width\":1608,\"height\":782},{\"@type\":\"BreadcrumbList\",\"@id\":\"https:\\\/\\\/covasna45.ro\\\/index.php\\\/lumea-noastra\\\/concurs-de-educatie-silvica-pentru-elevii-din-judetul-covasna\\\/#breadcrumb\",\"itemListElement\":[{\"@type\":\"ListItem\",\"position\":1,\"name\":\"Prima pagin\u0103\",\"item\":\"https:\\\/\\\/covasna45.ro\\\/\"},{\"@type\":\"ListItem\",\"position\":2,\"name\":\"Concurs de educa\u021bie silvic\u0103 pentru elevii din jude\u021bul Covasna\"}]},{\"@type\":\"WebSite\",\"@id\":\"https:\\\/\\\/covasna45.ro\\\/#website\",\"url\":\"https:\\\/\\\/covasna45.ro\\\/\",\"name\":\"covasna45.ro\",\"description\":\"\",\"publisher\":{\"@id\":\"https:\\\/\\\/covasna45.ro\\\/#organization\"},\"potentialAction\":[{\"@type\":\"SearchAction\",\"target\":{\"@type\":\"EntryPoint\",\"urlTemplate\":\"https:\\\/\\\/covasna45.ro\\\/?s={search_term_string}\"},\"query-input\":{\"@type\":\"PropertyValueSpecification\",\"valueRequired\":true,\"valueName\":\"search_term_string\"}}],\"inLanguage\":\"ro-RO\"},{\"@type\":\"Organization\",\"@id\":\"https:\\\/\\\/covasna45.ro\\\/#organization\",\"name\":\"covasna45.ro\",\"url\":\"https:\\\/\\\/covasna45.ro\\\/\",\"logo\":{\"@type\":\"ImageObject\",\"inLanguage\":\"ro-RO\",\"@id\":\"https:\\\/\\\/covasna45.ro\\\/#\\\/schema\\\/logo\\\/image\\\/\",\"url\":\"https:\\\/\\\/covasna45.ro\\\/wp-content\\\/uploads\\\/2023\\\/01\\\/icon_logo.png\",\"contentUrl\":\"https:\\\/\\\/covasna45.ro\\\/wp-content\\\/uploads\\\/2023\\\/01\\\/icon_logo.png\",\"width\":1900,\"height\":1900,\"caption\":\"covasna45.ro\"},\"image\":{\"@id\":\"https:\\\/\\\/covasna45.ro\\\/#\\\/schema\\\/logo\\\/image\\\/\"}},{\"@type\":\"Person\",\"@id\":\"https:\\\/\\\/covasna45.ro\\\/#\\\/schema\\\/person\\\/e674052bd7d95d70bbb007a1060ab73c\",\"name\":\"Covasna45\",\"image\":{\"@type\":\"ImageObject\",\"inLanguage\":\"ro-RO\",\"@id\":\"https:\\\/\\\/covasna45.ro\\\/wp-content\\\/uploads\\\/2025\\\/10\\\/icon_logo_covasna45-150x150.png\",\"url\":\"https:\\\/\\\/covasna45.ro\\\/wp-content\\\/uploads\\\/2025\\\/10\\\/icon_logo_covasna45-150x150.png\",\"contentUrl\":\"https:\\\/\\\/covasna45.ro\\\/wp-content\\\/uploads\\\/2025\\\/10\\\/icon_logo_covasna45-150x150.png\",\"caption\":\"Covasna45\"},\"sameAs\":[\"https:\\\/\\\/covasna45.ro\"],\"url\":\"https:\\\/\\\/covasna45.ro\\\/index.php\\\/author\\\/covasna\\\/\"}]}<\/script>\n<!-- \/ Yoast SEO plugin. -->","yoast_head_json":{"title":"Concurs de educa\u021bie silvic\u0103 pentru elevii din jude\u021bul Covasna - Covasna45","description":"Elevii vor forma grupe \u0219i, al\u0103turi de profesori coordonatori \u0219i speciali\u0219ti silvici din zonele lor.","robots":{"index":"index","follow":"follow","max-snippet":"max-snippet:-1","max-image-preview":"max-image-preview:large","max-video-preview":"max-video-preview:-1"},"canonical":"https:\/\/covasna45.ro\/index.php\/lumea-noastra\/concurs-de-educatie-silvica-pentru-elevii-din-judetul-covasna\/","og_locale":"ro_RO","og_type":"article","og_title":"Concurs de educa\u021bie silvic\u0103 pentru elevii din jude\u021bul Covasna - Covasna45","og_description":"Elevii vor forma grupe \u0219i, al\u0103turi de profesori coordonatori \u0219i speciali\u0219ti silvici din zonele lor.","og_url":"https:\/\/covasna45.ro\/index.php\/lumea-noastra\/concurs-de-educatie-silvica-pentru-elevii-din-judetul-covasna\/","og_site_name":"Covasna45","article_published_time":"2024-03-11T15:51:46+00:00","og_image":[{"width":1608,"height":782,"url":"https:\/\/covasna45.ro\/wp-content\/uploads\/2024\/03\/concurs-padue.jpg","type":"image\/jpeg"}],"author":"Covasna45","twitter_card":"summary_large_image","twitter_misc":{"Scris de":"Covasna45","Timp estimat pentru citire":"2 minute"},"schema":{"@context":"https:\/\/schema.org","@graph":[{"@type":"Article","@id":"https:\/\/covasna45.ro\/index.php\/lumea-noastra\/concurs-de-educatie-silvica-pentru-elevii-din-judetul-covasna\/#article","isPartOf":{"@id":"https:\/\/covasna45.ro\/index.php\/lumea-noastra\/concurs-de-educatie-silvica-pentru-elevii-din-judetul-covasna\/"},"author":{"name":"Covasna45","@id":"https:\/\/covasna45.ro\/#\/schema\/person\/e674052bd7d95d70bbb007a1060ab73c"},"headline":"Concurs de educa\u021bie silvic\u0103 pentru elevii din jude\u021bul Covasna","datePublished":"2024-03-11T15:51:46+00:00","mainEntityOfPage":{"@id":"https:\/\/covasna45.ro\/index.php\/lumea-noastra\/concurs-de-educatie-silvica-pentru-elevii-din-judetul-covasna\/"},"wordCount":289,"commentCount":0,"publisher":{"@id":"https:\/\/covasna45.ro\/#organization"},"image":{"@id":"https:\/\/covasna45.ro\/index.php\/lumea-noastra\/concurs-de-educatie-silvica-pentru-elevii-din-judetul-covasna\/#primaryimage"},"thumbnailUrl":"https:\/\/covasna45.ro\/wp-content\/uploads\/2024\/03\/concurs-padue.jpg","keywords":["concurs","covasna","Elevi","padure","Zagon"],"articleSection":["Lumea noastr\u0103"],"inLanguage":"ro-RO","potentialAction":[{"@type":"CommentAction","name":"Comment","target":["https:\/\/covasna45.ro\/index.php\/lumea-noastra\/concurs-de-educatie-silvica-pentru-elevii-din-judetul-covasna\/#respond"]}]},{"@type":"WebPage","@id":"https:\/\/covasna45.ro\/index.php\/lumea-noastra\/concurs-de-educatie-silvica-pentru-elevii-din-judetul-covasna\/","url":"https:\/\/covasna45.ro\/index.php\/lumea-noastra\/concurs-de-educatie-silvica-pentru-elevii-din-judetul-covasna\/","name":"Concurs de educa\u021bie silvic\u0103 pentru elevii din jude\u021bul Covasna - Covasna45","isPartOf":{"@id":"https:\/\/covasna45.ro\/#website"},"primaryImageOfPage":{"@id":"https:\/\/covasna45.ro\/index.php\/lumea-noastra\/concurs-de-educatie-silvica-pentru-elevii-din-judetul-covasna\/#primaryimage"},"image":{"@id":"https:\/\/covasna45.ro\/index.php\/lumea-noastra\/concurs-de-educatie-silvica-pentru-elevii-din-judetul-covasna\/#primaryimage"},"thumbnailUrl":"https:\/\/covasna45.ro\/wp-content\/uploads\/2024\/03\/concurs-padue.jpg","datePublished":"2024-03-11T15:51:46+00:00","description":"Elevii vor forma grupe \u0219i, al\u0103turi de profesori coordonatori \u0219i speciali\u0219ti silvici din zonele lor.","breadcrumb":{"@id":"https:\/\/covasna45.ro\/index.php\/lumea-noastra\/concurs-de-educatie-silvica-pentru-elevii-din-judetul-covasna\/#breadcrumb"},"inLanguage":"ro-RO","potentialAction":[{"@type":"ReadAction","target":["https:\/\/covasna45.ro\/index.php\/lumea-noastra\/concurs-de-educatie-silvica-pentru-elevii-din-judetul-covasna\/"]}]},{"@type":"ImageObject","inLanguage":"ro-RO","@id":"https:\/\/covasna45.ro\/index.php\/lumea-noastra\/concurs-de-educatie-silvica-pentru-elevii-din-judetul-covasna\/#primaryimage","url":"https:\/\/covasna45.ro\/wp-content\/uploads\/2024\/03\/concurs-padue.jpg","contentUrl":"https:\/\/covasna45.ro\/wp-content\/uploads\/2024\/03\/concurs-padue.jpg","width":1608,"height":782},{"@type":"BreadcrumbList","@id":"https:\/\/covasna45.ro\/index.php\/lumea-noastra\/concurs-de-educatie-silvica-pentru-elevii-din-judetul-covasna\/#breadcrumb","itemListElement":[{"@type":"ListItem","position":1,"name":"Prima pagin\u0103","item":"https:\/\/covasna45.ro\/"},{"@type":"ListItem","position":2,"name":"Concurs de educa\u021bie silvic\u0103 pentru elevii din jude\u021bul Covasna"}]},{"@type":"WebSite","@id":"https:\/\/covasna45.ro\/#website","url":"https:\/\/covasna45.ro\/","name":"covasna45.ro","description":"","publisher":{"@id":"https:\/\/covasna45.ro\/#organization"},"potentialAction":[{"@type":"SearchAction","target":{"@type":"EntryPoint","urlTemplate":"https:\/\/covasna45.ro\/?s={search_term_string}"},"query-input":{"@type":"PropertyValueSpecification","valueRequired":true,"valueName":"search_term_string"}}],"inLanguage":"ro-RO"},{"@type":"Organization","@id":"https:\/\/covasna45.ro\/#organization","name":"covasna45.ro","url":"https:\/\/covasna45.ro\/","logo":{"@type":"ImageObject","inLanguage":"ro-RO","@id":"https:\/\/covasna45.ro\/#\/schema\/logo\/image\/","url":"https:\/\/covasna45.ro\/wp-content\/uploads\/2023\/01\/icon_logo.png","contentUrl":"https:\/\/covasna45.ro\/wp-content\/uploads\/2023\/01\/icon_logo.png","width":1900,"height":1900,"caption":"covasna45.ro"},"image":{"@id":"https:\/\/covasna45.ro\/#\/schema\/logo\/image\/"}},{"@type":"Person","@id":"https:\/\/covasna45.ro\/#\/schema\/person\/e674052bd7d95d70bbb007a1060ab73c","name":"Covasna45","image":{"@type":"ImageObject","inLanguage":"ro-RO","@id":"https:\/\/covasna45.ro\/wp-content\/uploads\/2025\/10\/icon_logo_covasna45-150x150.png","url":"https:\/\/covasna45.ro\/wp-content\/uploads\/2025\/10\/icon_logo_covasna45-150x150.png","contentUrl":"https:\/\/covasna45.ro\/wp-content\/uploads\/2025\/10\/icon_logo_covasna45-150x150.png","caption":"Covasna45"},"sameAs":["https:\/\/covasna45.ro"],"url":"https:\/\/covasna45.ro\/index.php\/author\/covasna\/"}]}},"_links":{"self":[{"href":"https:\/\/covasna45.ro\/index.php\/wp-json\/wp\/v2\/posts\/5168","targetHints":{"allow":["GET"]}}],"collection":[{"href":"https:\/\/covasna45.ro\/index.php\/wp-json\/wp\/v2\/posts"}],"about":[{"href":"https:\/\/covasna45.ro\/index.php\/wp-json\/wp\/v2\/types\/post"}],"author":[{"embeddable":true,"href":"https:\/\/covasna45.ro\/index.php\/wp-json\/wp\/v2\/users\/1"}],"replies":[{"embeddable":true,"href":"https:\/\/covasna45.ro\/index.php\/wp-json\/wp\/v2\/comments?post=5168"}],"version-history":[{"count":1,"href":"https:\/\/covasna45.ro\/index.php\/wp-json\/wp\/v2\/posts\/5168\/revisions"}],"predecessor-version":[{"id":5172,"href":"https:\/\/covasna45.ro\/index.php\/wp-json\/wp\/v2\/posts\/5168\/revisions\/5172"}],"wp:featuredmedia":[{"embeddable":true,"href":"https:\/\/covasna45.ro\/index.php\/wp-json\/wp\/v2\/media\/5169"}],"wp:attachment":[{"href":"https:\/\/covasna45.ro\/index.php\/wp-json\/wp\/v2\/media?parent=5168"}],"wp:term":[{"taxonomy":"category","embeddable":true,"href":"https:\/\/covasna45.ro\/index.php\/wp-json\/wp\/v2\/categories?post=5168"},{"taxonomy":"post_tag","embeddable":true,"href":"https:\/\/covasna45.ro\/index.php\/wp-json\/wp\/v2\/tags?post=5168"}],"curies":[{"name":"wp","href":"https:\/\/api.w.org\/{rel}","templated":true}]}}