{"id":5177,"date":"2024-03-12T12:33:02","date_gmt":"2024-03-12T10:33:02","guid":{"rendered":"https:\/\/covasna45.ro\/?p=5177"},"modified":"2024-03-12T12:33:02","modified_gmt":"2024-03-12T10:33:02","slug":"viktor-orban-spune-ca-trump-va-sista-ajutorul-pentru-ucraina-si-razboiul-va-inceta","status":"publish","type":"post","link":"https:\/\/covasna45.ro\/index.php\/lumea-larga\/viktor-orban-spune-ca-trump-va-sista-ajutorul-pentru-ucraina-si-razboiul-va-inceta\/","title":{"rendered":"Viktor Orb\u00e1n spune c\u0103 Trump va sista ajutorul pentru  Ucraina \u0219i r\u0103zboiul va \u00eenceta"},"content":{"rendered":"\n<p>Fostul pre\u0219edinte american Donald Trump va opri ajutoarele c\u0103tre Ucraina dac\u0103 va fi reales pentru un nou mandat la Casa Alb\u0103, a declarat premierul ungar Viktor Orb\u00e1n, dup\u0103 o \u00eent\u00e2lnire cu acesta \u00een Statele Unite.<\/p>\n\n\n\n<p><strong><em>\u201eEl nu va da un b\u0103nu\u021b pentru r\u0103zboiul ucraineano-rusesc \u0219i, prin urmare, r\u0103zboiul va \u00eenceta\u201d,<\/em><\/strong> a declarat Viktor Orb\u00e1n pentru televiziunea public\u0103 din Ungaria.<\/p>\n\n\n\n<p>Premierul ungar a spus c\u0103 r\u0103zboiul se va \u00eencheia dup\u0103 oprirea asisten\u021bei americane \u00eentruc\u00e2t <strong><em>\u201eeste evident c\u0103 Ucraina nu poate sta pe propriile picioare\u201d.<\/em><\/strong><\/p>\n\n\n\n<h2 class=\"wp-block-heading\"><strong><em>\u201eDac\u0103 americanii nu dau bani \u0219i arme, la fel ca europenii, atunci acest r\u0103zboi se va \u00eencheia.\u201d <\/em><\/strong><\/h2>\n\n\n\n<p>\u201e<strong><em>Iar dac\u0103 americanii nu dau bani atunci europenii nu pot finan\u021ba acest r\u0103zboi pe cont propriu, iar el se va \u00eencheia\u201d,<\/em><\/strong> a subliniat el.<\/p>\n\n\n\n<p>Viktor Orb\u00e1n a declarat c\u0103 modul \u00een care se va \u00eencheia oficial r\u0103zboiul, dac\u0103 printr-un armisti\u021biu sau un tratat de pace, este o <strong><em>\u201eproblem\u0103 separat\u0103\u201d,<\/em><\/strong> dar c\u0103 \u00eent\u00e2i trebuie ob\u021binut\u0103 \u00eencheierea ostilit\u0103\u021bilor \u0219i c\u0103 <strong><em>\u201eel (Trump) are mijloacele de a face asta\u201d<\/em><\/strong>.<\/p>\n\n\n\n<p>De\u0219i echipa de campanie a fostului pre\u0219edinte nu a men\u021bionat Ucraina \u00een comunicatul publicat dup\u0103 \u00eentrevedere, acesta noteaz\u0103 c\u0103 Trump \u0219i Viktor Orb\u00e1n au discutat despre<strong><em> \u201eo gam\u0103 larg\u0103 de probleme care afecteaz\u0103 Ungaria \u015fi Statele Unite, inclusiv despre importan\u0163a primordial\u0103 a unor frontiere puternice \u015fi sigure pentru a proteja suveranitatea fiec\u0103rei na\u0163iuni\u201d.<\/em><\/strong><\/p>\n\n\n\n<p>Orb\u00e1n, admirat de mul\u0163i conservatori din Statele Unite pentru politicile sale dure \u00een materie de imigra\u0163ie, pentru schemele sale de sprijinire a familiei \u015fi pentru pozi\u0163ia sa vocal\u0103 privind suveranitatea na\u0163ional\u0103, a declarat \u00eentr-un videoclip pe pagina sa de Facebook c\u0103 sub pre\u015fedin\u0163ia lui Trump \u00een 2017-2021 a existat pace \u00een Orientul Mijlociu \u015fi, de asemenea, \u00een Ucraina.<\/p>\n","protected":false},"excerpt":{"rendered":"<p>Fostul pre\u0219edinte american Donald Trump va opri ajutoarele c\u0103tre Ucraina dac\u0103 va fi reales pentru un nou mandat la Casa Alb\u0103, a declarat premierul ungar Viktor Orb\u00e1n, dup\u0103 o \u00eent\u00e2lnire cu acesta \u00een Statele Unite. \u201eEl nu va da un b\u0103nu\u021b pentru r\u0103zboiul ucraineano-rusesc \u0219i, prin urmare, r\u0103zboiul va \u00eenceta\u201d, a declarat Viktor Orb\u00e1n pentru [&hellip;]<\/p>\n","protected":false},"author":1,"featured_media":5179,"comment_status":"open","ping_status":"closed","sticky":false,"template":"","format":"standard","meta":{"tdm_status":"","tdm_grid_status":"","footnotes":""},"categories":[10],"tags":[339,115,427,116,107],"class_list":{"0":"post-5177","1":"post","2":"type-post","3":"status-publish","4":"format-standard","5":"has-post-thumbnail","7":"category-lumea-larga","8":"tag-donald-trump","9":"tag-razboi","10":"tag-rusia","11":"tag-ucraina","12":"tag-viktor-orban-2"},"yoast_head":"<!-- This site is optimized with the Yoast SEO plugin v27.5 - https:\/\/yoast.com\/product\/yoast-seo-wordpress\/ -->\n<title>Viktor Orb\u00e1n spune c\u0103 Trump va sista ajutorul pentru Ucraina \u0219i r\u0103zboiul va \u00eenceta - Covasna45<\/title>\n<meta name=\"description\" content=\"Fostul pre\u0219edinte american Donald Trump va opri ajutoarele c\u0103tre Ucraina dac\u0103 va fi reales pentru un nou mandat la Casa Alb\u0103\" \/>\n<meta name=\"robots\" content=\"index, follow, max-snippet:-1, max-image-preview:large, max-video-preview:-1\" \/>\n<link rel=\"canonical\" href=\"https:\/\/covasna45.ro\/index.php\/lumea-larga\/viktor-orban-spune-ca-trump-va-sista-ajutorul-pentru-ucraina-si-razboiul-va-inceta\/\" \/>\n<meta property=\"og:locale\" content=\"ro_RO\" \/>\n<meta property=\"og:type\" content=\"article\" \/>\n<meta property=\"og:title\" content=\"Viktor Orb\u00e1n spune c\u0103 Trump va sista ajutorul pentru Ucraina \u0219i r\u0103zboiul va \u00eenceta - Covasna45\" \/>\n<meta property=\"og:description\" content=\"Fostul pre\u0219edinte american Donald Trump va opri ajutoarele c\u0103tre Ucraina dac\u0103 va fi reales pentru un nou mandat la Casa Alb\u0103\" \/>\n<meta property=\"og:url\" content=\"https:\/\/covasna45.ro\/index.php\/lumea-larga\/viktor-orban-spune-ca-trump-va-sista-ajutorul-pentru-ucraina-si-razboiul-va-inceta\/\" \/>\n<meta property=\"og:site_name\" content=\"Covasna45\" \/>\n<meta property=\"article:published_time\" content=\"2024-03-12T10:33:02+00:00\" \/>\n<meta property=\"og:image\" content=\"https:\/\/covasna45.ro\/wp-content\/uploads\/2024\/03\/orban-trump.jpg\" \/>\n\t<meta property=\"og:image:width\" content=\"768\" \/>\n\t<meta property=\"og:image:height\" content=\"539\" \/>\n\t<meta property=\"og:image:type\" content=\"image\/jpeg\" \/>\n<meta name=\"author\" content=\"Covasna45\" \/>\n<meta name=\"twitter:card\" content=\"summary_large_image\" \/>\n<meta name=\"twitter:label1\" content=\"Scris de\" \/>\n\t<meta name=\"twitter:data1\" content=\"Covasna45\" \/>\n\t<meta name=\"twitter:label2\" content=\"Timp estimat pentru citire\" \/>\n\t<meta name=\"twitter:data2\" content=\"2 minute\" \/>\n<script type=\"application\/ld+json\" class=\"yoast-schema-graph\">{\"@context\":\"https:\\\/\\\/schema.org\",\"@graph\":[{\"@type\":\"Article\",\"@id\":\"https:\\\/\\\/covasna45.ro\\\/index.php\\\/lumea-larga\\\/viktor-orban-spune-ca-trump-va-sista-ajutorul-pentru-ucraina-si-razboiul-va-inceta\\\/#article\",\"isPartOf\":{\"@id\":\"https:\\\/\\\/covasna45.ro\\\/index.php\\\/lumea-larga\\\/viktor-orban-spune-ca-trump-va-sista-ajutorul-pentru-ucraina-si-razboiul-va-inceta\\\/\"},\"author\":{\"name\":\"Covasna45\",\"@id\":\"https:\\\/\\\/covasna45.ro\\\/#\\\/schema\\\/person\\\/e674052bd7d95d70bbb007a1060ab73c\"},\"headline\":\"Viktor Orb\u00e1n spune c\u0103 Trump va sista ajutorul pentru Ucraina \u0219i r\u0103zboiul va \u00eenceta\",\"datePublished\":\"2024-03-12T10:33:02+00:00\",\"mainEntityOfPage\":{\"@id\":\"https:\\\/\\\/covasna45.ro\\\/index.php\\\/lumea-larga\\\/viktor-orban-spune-ca-trump-va-sista-ajutorul-pentru-ucraina-si-razboiul-va-inceta\\\/\"},\"wordCount\":327,\"commentCount\":0,\"publisher\":{\"@id\":\"https:\\\/\\\/covasna45.ro\\\/#organization\"},\"image\":{\"@id\":\"https:\\\/\\\/covasna45.ro\\\/index.php\\\/lumea-larga\\\/viktor-orban-spune-ca-trump-va-sista-ajutorul-pentru-ucraina-si-razboiul-va-inceta\\\/#primaryimage\"},\"thumbnailUrl\":\"https:\\\/\\\/covasna45.ro\\\/wp-content\\\/uploads\\\/2024\\\/03\\\/orban-trump.jpg\",\"keywords\":[\"Donald Trump\",\"r\u0103zboi\",\"Rusia\",\"Ucraina\",\"Viktor Orb\u00e1n\"],\"articleSection\":[\"Lumea larg\u0103\"],\"inLanguage\":\"ro-RO\",\"potentialAction\":[{\"@type\":\"CommentAction\",\"name\":\"Comment\",\"target\":[\"https:\\\/\\\/covasna45.ro\\\/index.php\\\/lumea-larga\\\/viktor-orban-spune-ca-trump-va-sista-ajutorul-pentru-ucraina-si-razboiul-va-inceta\\\/#respond\"]}]},{\"@type\":\"WebPage\",\"@id\":\"https:\\\/\\\/covasna45.ro\\\/index.php\\\/lumea-larga\\\/viktor-orban-spune-ca-trump-va-sista-ajutorul-pentru-ucraina-si-razboiul-va-inceta\\\/\",\"url\":\"https:\\\/\\\/covasna45.ro\\\/index.php\\\/lumea-larga\\\/viktor-orban-spune-ca-trump-va-sista-ajutorul-pentru-ucraina-si-razboiul-va-inceta\\\/\",\"name\":\"Viktor Orb\u00e1n spune c\u0103 Trump va sista ajutorul pentru Ucraina \u0219i r\u0103zboiul va \u00eenceta - Covasna45\",\"isPartOf\":{\"@id\":\"https:\\\/\\\/covasna45.ro\\\/#website\"},\"primaryImageOfPage\":{\"@id\":\"https:\\\/\\\/covasna45.ro\\\/index.php\\\/lumea-larga\\\/viktor-orban-spune-ca-trump-va-sista-ajutorul-pentru-ucraina-si-razboiul-va-inceta\\\/#primaryimage\"},\"image\":{\"@id\":\"https:\\\/\\\/covasna45.ro\\\/index.php\\\/lumea-larga\\\/viktor-orban-spune-ca-trump-va-sista-ajutorul-pentru-ucraina-si-razboiul-va-inceta\\\/#primaryimage\"},\"thumbnailUrl\":\"https:\\\/\\\/covasna45.ro\\\/wp-content\\\/uploads\\\/2024\\\/03\\\/orban-trump.jpg\",\"datePublished\":\"2024-03-12T10:33:02+00:00\",\"description\":\"Fostul pre\u0219edinte american Donald Trump va opri ajutoarele c\u0103tre Ucraina dac\u0103 va fi reales pentru un nou mandat la Casa Alb\u0103\",\"breadcrumb\":{\"@id\":\"https:\\\/\\\/covasna45.ro\\\/index.php\\\/lumea-larga\\\/viktor-orban-spune-ca-trump-va-sista-ajutorul-pentru-ucraina-si-razboiul-va-inceta\\\/#breadcrumb\"},\"inLanguage\":\"ro-RO\",\"potentialAction\":[{\"@type\":\"ReadAction\",\"target\":[\"https:\\\/\\\/covasna45.ro\\\/index.php\\\/lumea-larga\\\/viktor-orban-spune-ca-trump-va-sista-ajutorul-pentru-ucraina-si-razboiul-va-inceta\\\/\"]}]},{\"@type\":\"ImageObject\",\"inLanguage\":\"ro-RO\",\"@id\":\"https:\\\/\\\/covasna45.ro\\\/index.php\\\/lumea-larga\\\/viktor-orban-spune-ca-trump-va-sista-ajutorul-pentru-ucraina-si-razboiul-va-inceta\\\/#primaryimage\",\"url\":\"https:\\\/\\\/covasna45.ro\\\/wp-content\\\/uploads\\\/2024\\\/03\\\/orban-trump.jpg\",\"contentUrl\":\"https:\\\/\\\/covasna45.ro\\\/wp-content\\\/uploads\\\/2024\\\/03\\\/orban-trump.jpg\",\"width\":768,\"height\":539},{\"@type\":\"BreadcrumbList\",\"@id\":\"https:\\\/\\\/covasna45.ro\\\/index.php\\\/lumea-larga\\\/viktor-orban-spune-ca-trump-va-sista-ajutorul-pentru-ucraina-si-razboiul-va-inceta\\\/#breadcrumb\",\"itemListElement\":[{\"@type\":\"ListItem\",\"position\":1,\"name\":\"Prima pagin\u0103\",\"item\":\"https:\\\/\\\/covasna45.ro\\\/\"},{\"@type\":\"ListItem\",\"position\":2,\"name\":\"Viktor Orb\u00e1n spune c\u0103 Trump va sista ajutorul pentru Ucraina \u0219i r\u0103zboiul va \u00eenceta\"}]},{\"@type\":\"WebSite\",\"@id\":\"https:\\\/\\\/covasna45.ro\\\/#website\",\"url\":\"https:\\\/\\\/covasna45.ro\\\/\",\"name\":\"covasna45.ro\",\"description\":\"\",\"publisher\":{\"@id\":\"https:\\\/\\\/covasna45.ro\\\/#organization\"},\"potentialAction\":[{\"@type\":\"SearchAction\",\"target\":{\"@type\":\"EntryPoint\",\"urlTemplate\":\"https:\\\/\\\/covasna45.ro\\\/?s={search_term_string}\"},\"query-input\":{\"@type\":\"PropertyValueSpecification\",\"valueRequired\":true,\"valueName\":\"search_term_string\"}}],\"inLanguage\":\"ro-RO\"},{\"@type\":\"Organization\",\"@id\":\"https:\\\/\\\/covasna45.ro\\\/#organization\",\"name\":\"covasna45.ro\",\"url\":\"https:\\\/\\\/covasna45.ro\\\/\",\"logo\":{\"@type\":\"ImageObject\",\"inLanguage\":\"ro-RO\",\"@id\":\"https:\\\/\\\/covasna45.ro\\\/#\\\/schema\\\/logo\\\/image\\\/\",\"url\":\"https:\\\/\\\/covasna45.ro\\\/wp-content\\\/uploads\\\/2023\\\/01\\\/icon_logo.png\",\"contentUrl\":\"https:\\\/\\\/covasna45.ro\\\/wp-content\\\/uploads\\\/2023\\\/01\\\/icon_logo.png\",\"width\":1900,\"height\":1900,\"caption\":\"covasna45.ro\"},\"image\":{\"@id\":\"https:\\\/\\\/covasna45.ro\\\/#\\\/schema\\\/logo\\\/image\\\/\"}},{\"@type\":\"Person\",\"@id\":\"https:\\\/\\\/covasna45.ro\\\/#\\\/schema\\\/person\\\/e674052bd7d95d70bbb007a1060ab73c\",\"name\":\"Covasna45\",\"image\":{\"@type\":\"ImageObject\",\"inLanguage\":\"ro-RO\",\"@id\":\"https:\\\/\\\/covasna45.ro\\\/wp-content\\\/uploads\\\/2025\\\/10\\\/icon_logo_covasna45-150x150.png\",\"url\":\"https:\\\/\\\/covasna45.ro\\\/wp-content\\\/uploads\\\/2025\\\/10\\\/icon_logo_covasna45-150x150.png\",\"contentUrl\":\"https:\\\/\\\/covasna45.ro\\\/wp-content\\\/uploads\\\/2025\\\/10\\\/icon_logo_covasna45-150x150.png\",\"caption\":\"Covasna45\"},\"sameAs\":[\"https:\\\/\\\/covasna45.ro\"],\"url\":\"https:\\\/\\\/covasna45.ro\\\/index.php\\\/author\\\/covasna\\\/\"}]}<\/script>\n<!-- \/ Yoast SEO plugin. -->","yoast_head_json":{"title":"Viktor Orb\u00e1n spune c\u0103 Trump va sista ajutorul pentru Ucraina \u0219i r\u0103zboiul va \u00eenceta - Covasna45","description":"Fostul pre\u0219edinte american Donald Trump va opri ajutoarele c\u0103tre Ucraina dac\u0103 va fi reales pentru un nou mandat la Casa Alb\u0103","robots":{"index":"index","follow":"follow","max-snippet":"max-snippet:-1","max-image-preview":"max-image-preview:large","max-video-preview":"max-video-preview:-1"},"canonical":"https:\/\/covasna45.ro\/index.php\/lumea-larga\/viktor-orban-spune-ca-trump-va-sista-ajutorul-pentru-ucraina-si-razboiul-va-inceta\/","og_locale":"ro_RO","og_type":"article","og_title":"Viktor Orb\u00e1n spune c\u0103 Trump va sista ajutorul pentru Ucraina \u0219i r\u0103zboiul va \u00eenceta - Covasna45","og_description":"Fostul pre\u0219edinte american Donald Trump va opri ajutoarele c\u0103tre Ucraina dac\u0103 va fi reales pentru un nou mandat la Casa Alb\u0103","og_url":"https:\/\/covasna45.ro\/index.php\/lumea-larga\/viktor-orban-spune-ca-trump-va-sista-ajutorul-pentru-ucraina-si-razboiul-va-inceta\/","og_site_name":"Covasna45","article_published_time":"2024-03-12T10:33:02+00:00","og_image":[{"width":768,"height":539,"url":"https:\/\/covasna45.ro\/wp-content\/uploads\/2024\/03\/orban-trump.jpg","type":"image\/jpeg"}],"author":"Covasna45","twitter_card":"summary_large_image","twitter_misc":{"Scris de":"Covasna45","Timp estimat pentru citire":"2 minute"},"schema":{"@context":"https:\/\/schema.org","@graph":[{"@type":"Article","@id":"https:\/\/covasna45.ro\/index.php\/lumea-larga\/viktor-orban-spune-ca-trump-va-sista-ajutorul-pentru-ucraina-si-razboiul-va-inceta\/#article","isPartOf":{"@id":"https:\/\/covasna45.ro\/index.php\/lumea-larga\/viktor-orban-spune-ca-trump-va-sista-ajutorul-pentru-ucraina-si-razboiul-va-inceta\/"},"author":{"name":"Covasna45","@id":"https:\/\/covasna45.ro\/#\/schema\/person\/e674052bd7d95d70bbb007a1060ab73c"},"headline":"Viktor Orb\u00e1n spune c\u0103 Trump va sista ajutorul pentru Ucraina \u0219i r\u0103zboiul va \u00eenceta","datePublished":"2024-03-12T10:33:02+00:00","mainEntityOfPage":{"@id":"https:\/\/covasna45.ro\/index.php\/lumea-larga\/viktor-orban-spune-ca-trump-va-sista-ajutorul-pentru-ucraina-si-razboiul-va-inceta\/"},"wordCount":327,"commentCount":0,"publisher":{"@id":"https:\/\/covasna45.ro\/#organization"},"image":{"@id":"https:\/\/covasna45.ro\/index.php\/lumea-larga\/viktor-orban-spune-ca-trump-va-sista-ajutorul-pentru-ucraina-si-razboiul-va-inceta\/#primaryimage"},"thumbnailUrl":"https:\/\/covasna45.ro\/wp-content\/uploads\/2024\/03\/orban-trump.jpg","keywords":["Donald Trump","r\u0103zboi","Rusia","Ucraina","Viktor Orb\u00e1n"],"articleSection":["Lumea larg\u0103"],"inLanguage":"ro-RO","potentialAction":[{"@type":"CommentAction","name":"Comment","target":["https:\/\/covasna45.ro\/index.php\/lumea-larga\/viktor-orban-spune-ca-trump-va-sista-ajutorul-pentru-ucraina-si-razboiul-va-inceta\/#respond"]}]},{"@type":"WebPage","@id":"https:\/\/covasna45.ro\/index.php\/lumea-larga\/viktor-orban-spune-ca-trump-va-sista-ajutorul-pentru-ucraina-si-razboiul-va-inceta\/","url":"https:\/\/covasna45.ro\/index.php\/lumea-larga\/viktor-orban-spune-ca-trump-va-sista-ajutorul-pentru-ucraina-si-razboiul-va-inceta\/","name":"Viktor Orb\u00e1n spune c\u0103 Trump va sista ajutorul pentru Ucraina \u0219i r\u0103zboiul va \u00eenceta - Covasna45","isPartOf":{"@id":"https:\/\/covasna45.ro\/#website"},"primaryImageOfPage":{"@id":"https:\/\/covasna45.ro\/index.php\/lumea-larga\/viktor-orban-spune-ca-trump-va-sista-ajutorul-pentru-ucraina-si-razboiul-va-inceta\/#primaryimage"},"image":{"@id":"https:\/\/covasna45.ro\/index.php\/lumea-larga\/viktor-orban-spune-ca-trump-va-sista-ajutorul-pentru-ucraina-si-razboiul-va-inceta\/#primaryimage"},"thumbnailUrl":"https:\/\/covasna45.ro\/wp-content\/uploads\/2024\/03\/orban-trump.jpg","datePublished":"2024-03-12T10:33:02+00:00","description":"Fostul pre\u0219edinte american Donald Trump va opri ajutoarele c\u0103tre Ucraina dac\u0103 va fi reales pentru un nou mandat la Casa Alb\u0103","breadcrumb":{"@id":"https:\/\/covasna45.ro\/index.php\/lumea-larga\/viktor-orban-spune-ca-trump-va-sista-ajutorul-pentru-ucraina-si-razboiul-va-inceta\/#breadcrumb"},"inLanguage":"ro-RO","potentialAction":[{"@type":"ReadAction","target":["https:\/\/covasna45.ro\/index.php\/lumea-larga\/viktor-orban-spune-ca-trump-va-sista-ajutorul-pentru-ucraina-si-razboiul-va-inceta\/"]}]},{"@type":"ImageObject","inLanguage":"ro-RO","@id":"https:\/\/covasna45.ro\/index.php\/lumea-larga\/viktor-orban-spune-ca-trump-va-sista-ajutorul-pentru-ucraina-si-razboiul-va-inceta\/#primaryimage","url":"https:\/\/covasna45.ro\/wp-content\/uploads\/2024\/03\/orban-trump.jpg","contentUrl":"https:\/\/covasna45.ro\/wp-content\/uploads\/2024\/03\/orban-trump.jpg","width":768,"height":539},{"@type":"BreadcrumbList","@id":"https:\/\/covasna45.ro\/index.php\/lumea-larga\/viktor-orban-spune-ca-trump-va-sista-ajutorul-pentru-ucraina-si-razboiul-va-inceta\/#breadcrumb","itemListElement":[{"@type":"ListItem","position":1,"name":"Prima pagin\u0103","item":"https:\/\/covasna45.ro\/"},{"@type":"ListItem","position":2,"name":"Viktor Orb\u00e1n spune c\u0103 Trump va sista ajutorul pentru Ucraina \u0219i r\u0103zboiul va \u00eenceta"}]},{"@type":"WebSite","@id":"https:\/\/covasna45.ro\/#website","url":"https:\/\/covasna45.ro\/","name":"covasna45.ro","description":"","publisher":{"@id":"https:\/\/covasna45.ro\/#organization"},"potentialAction":[{"@type":"SearchAction","target":{"@type":"EntryPoint","urlTemplate":"https:\/\/covasna45.ro\/?s={search_term_string}"},"query-input":{"@type":"PropertyValueSpecification","valueRequired":true,"valueName":"search_term_string"}}],"inLanguage":"ro-RO"},{"@type":"Organization","@id":"https:\/\/covasna45.ro\/#organization","name":"covasna45.ro","url":"https:\/\/covasna45.ro\/","logo":{"@type":"ImageObject","inLanguage":"ro-RO","@id":"https:\/\/covasna45.ro\/#\/schema\/logo\/image\/","url":"https:\/\/covasna45.ro\/wp-content\/uploads\/2023\/01\/icon_logo.png","contentUrl":"https:\/\/covasna45.ro\/wp-content\/uploads\/2023\/01\/icon_logo.png","width":1900,"height":1900,"caption":"covasna45.ro"},"image":{"@id":"https:\/\/covasna45.ro\/#\/schema\/logo\/image\/"}},{"@type":"Person","@id":"https:\/\/covasna45.ro\/#\/schema\/person\/e674052bd7d95d70bbb007a1060ab73c","name":"Covasna45","image":{"@type":"ImageObject","inLanguage":"ro-RO","@id":"https:\/\/covasna45.ro\/wp-content\/uploads\/2025\/10\/icon_logo_covasna45-150x150.png","url":"https:\/\/covasna45.ro\/wp-content\/uploads\/2025\/10\/icon_logo_covasna45-150x150.png","contentUrl":"https:\/\/covasna45.ro\/wp-content\/uploads\/2025\/10\/icon_logo_covasna45-150x150.png","caption":"Covasna45"},"sameAs":["https:\/\/covasna45.ro"],"url":"https:\/\/covasna45.ro\/index.php\/author\/covasna\/"}]}},"_links":{"self":[{"href":"https:\/\/covasna45.ro\/index.php\/wp-json\/wp\/v2\/posts\/5177","targetHints":{"allow":["GET"]}}],"collection":[{"href":"https:\/\/covasna45.ro\/index.php\/wp-json\/wp\/v2\/posts"}],"about":[{"href":"https:\/\/covasna45.ro\/index.php\/wp-json\/wp\/v2\/types\/post"}],"author":[{"embeddable":true,"href":"https:\/\/covasna45.ro\/index.php\/wp-json\/wp\/v2\/users\/1"}],"replies":[{"embeddable":true,"href":"https:\/\/covasna45.ro\/index.php\/wp-json\/wp\/v2\/comments?post=5177"}],"version-history":[{"count":2,"href":"https:\/\/covasna45.ro\/index.php\/wp-json\/wp\/v2\/posts\/5177\/revisions"}],"predecessor-version":[{"id":5180,"href":"https:\/\/covasna45.ro\/index.php\/wp-json\/wp\/v2\/posts\/5177\/revisions\/5180"}],"wp:featuredmedia":[{"embeddable":true,"href":"https:\/\/covasna45.ro\/index.php\/wp-json\/wp\/v2\/media\/5179"}],"wp:attachment":[{"href":"https:\/\/covasna45.ro\/index.php\/wp-json\/wp\/v2\/media?parent=5177"}],"wp:term":[{"taxonomy":"category","embeddable":true,"href":"https:\/\/covasna45.ro\/index.php\/wp-json\/wp\/v2\/categories?post=5177"},{"taxonomy":"post_tag","embeddable":true,"href":"https:\/\/covasna45.ro\/index.php\/wp-json\/wp\/v2\/tags?post=5177"}],"curies":[{"name":"wp","href":"https:\/\/api.w.org\/{rel}","templated":true}]}}