{"id":5321,"date":"2024-03-22T11:23:36","date_gmt":"2024-03-22T09:23:36","guid":{"rendered":"https:\/\/covasna45.ro\/?p=5321"},"modified":"2024-03-22T11:23:37","modified_gmt":"2024-03-22T09:23:37","slug":"bosnia-hertegovina-invitata-sa-adere-la-uniunea-europeana","status":"publish","type":"post","link":"https:\/\/covasna45.ro\/index.php\/lumea-larga\/bosnia-hertegovina-invitata-sa-adere-la-uniunea-europeana\/","title":{"rendered":"Bosnia &#8211; Her\u021begovina, invitat\u0103 s\u0103 adere la Uniunea European\u0103"},"content":{"rendered":"\n<p>Liderii Uniunii Europene au convenit joi s\u0103 invite Bosnia &#8211; Her\u021begovina s\u0103 deschid\u0103 negocierile de aderare la UE, subliniind \u00een acela\u0219i timp c\u0103 \u021bara balcanic\u0103 va trebui s\u0103 \u00eentreprind\u0103 mai multe reforme \u00eenainte de \u00eenceperea discu\u021biilor.<\/p>\n\n\n\n<p>\u201e<strong><em>Felicit\u0103ri! Locul vostru este \u00een familia noastr\u0103 european\u0103<\/em><\/strong>\u201d, le-a transmis bosniacilor Charles Michel, pre\u0219edintele Consiliului European al liderilor UE, \u00eentr-o postare pe contul s\u0103u de socializare, dup\u0103 ce a anun\u021bat decizia, luat\u0103 \u00een cadrul unui summit la Bruxelles.<\/p>\n\n\n\n<figure class=\"wp-block-image size-large\"><img loading=\"lazy\" decoding=\"async\" width=\"1024\" height=\"683\" src=\"https:\/\/covasna45.ro\/wp-content\/uploads\/2024\/03\/michel-1024x683.jpg\" alt=\"\" class=\"wp-image-5322\" srcset=\"https:\/\/covasna45.ro\/wp-content\/uploads\/2024\/03\/michel-1024x683.jpg 1024w, https:\/\/covasna45.ro\/wp-content\/uploads\/2024\/03\/michel-300x200.jpg 300w, https:\/\/covasna45.ro\/wp-content\/uploads\/2024\/03\/michel-768x512.jpg 768w, https:\/\/covasna45.ro\/wp-content\/uploads\/2024\/03\/michel-1536x1025.jpg 1536w, https:\/\/covasna45.ro\/wp-content\/uploads\/2024\/03\/michel-150x100.jpg 150w, https:\/\/covasna45.ro\/wp-content\/uploads\/2024\/03\/michel-696x464.jpg 696w, https:\/\/covasna45.ro\/wp-content\/uploads\/2024\/03\/michel-1068x712.jpg 1068w, https:\/\/covasna45.ro\/wp-content\/uploads\/2024\/03\/michel-1920x1281.jpg 1920w, https:\/\/covasna45.ro\/wp-content\/uploads\/2024\/03\/michel.jpg 2048w\" sizes=\"auto, (max-width: 1024px) 100vw, 1024px\" \/><\/figure>\n\n\n\n<p>\u201e<strong><em>Decizia de ast\u0103zi este un pas important pe drumul vostru spre UE. Acum, munca grea trebuie s\u0103 continue, astfel \u00eenc\u00e2t Bosnia \u0219i Her\u021begovina s\u0103 avanseze \u00een mod constant<\/em><\/strong>\u201d, a spus acesta, potrivit Reuters.<\/p>\n\n\n\n<p>Decizia este privit\u0103 pe scar\u0103 larg\u0103 ca un pas istoric pentru Bosnia -Her\u021begovina, sporind speran\u021bele c\u0103 \u021bara ar putea dep\u0103\u0219i instabilitatea marcat\u0103 de rivalit\u0103\u021bi etnice \u0219i amenin\u021b\u0103ri de secesiune, la aproape trei decenii de la sf\u00e2r\u0219itul unui r\u0103zboi devastator.<\/p>\n\n\n\n<p>Ministrul de externe Elvedin Konakovic a spus pentru postul de televiziune N1 c\u0103 este vorba de \u201euna dintre cele mai bune zile din istoria\u201d \u021b\u0103rii.<\/p>\n","protected":false},"excerpt":{"rendered":"<p>Liderii Uniunii Europene au convenit joi s\u0103 invite Bosnia &#8211; Her\u021begovina s\u0103 deschid\u0103 negocierile de aderare la UE, subliniind \u00een acela\u0219i timp c\u0103 \u021bara balcanic\u0103 va trebui s\u0103 \u00eentreprind\u0103 mai multe reforme \u00eenainte de \u00eenceperea discu\u021biilor. \u201eFelicit\u0103ri! Locul vostru este \u00een familia noastr\u0103 european\u0103\u201d, le-a transmis bosniacilor Charles Michel, pre\u0219edintele Consiliului European al liderilor UE, [&hellip;]<\/p>\n","protected":false},"author":1,"featured_media":5324,"comment_status":"open","ping_status":"closed","sticky":false,"template":"","format":"standard","meta":{"tdm_status":"","tdm_grid_status":"","footnotes":""},"categories":[10],"tags":[2207,47],"class_list":{"0":"post-5321","1":"post","2":"type-post","3":"status-publish","4":"format-standard","5":"has-post-thumbnail","7":"category-lumea-larga","8":"tag-bosnia-hertegovina","9":"tag-ue"},"yoast_head":"<!-- This site is optimized with the Yoast SEO plugin v27.4 - https:\/\/yoast.com\/product\/yoast-seo-wordpress\/ -->\n<title>Bosnia - Her\u021begovina, invitat\u0103 s\u0103 adere la Uniunea European\u0103 - Covasna45<\/title>\n<meta name=\"description\" content=\"Elvedin Konakovic a spus pentru postul de televiziune N1 c\u0103 este vorba de \u201euna dintre cele mai bune zile din istoria\u201d \u021b\u0103rii.\" \/>\n<meta name=\"robots\" content=\"index, follow, max-snippet:-1, max-image-preview:large, max-video-preview:-1\" \/>\n<link rel=\"canonical\" href=\"https:\/\/covasna45.ro\/index.php\/lumea-larga\/bosnia-hertegovina-invitata-sa-adere-la-uniunea-europeana\/\" \/>\n<meta property=\"og:locale\" content=\"ro_RO\" \/>\n<meta property=\"og:type\" content=\"article\" \/>\n<meta property=\"og:title\" content=\"Bosnia - Her\u021begovina, invitat\u0103 s\u0103 adere la Uniunea European\u0103 - Covasna45\" \/>\n<meta property=\"og:description\" content=\"Elvedin Konakovic a spus pentru postul de televiziune N1 c\u0103 este vorba de \u201euna dintre cele mai bune zile din istoria\u201d \u021b\u0103rii.\" \/>\n<meta property=\"og:url\" content=\"https:\/\/covasna45.ro\/index.php\/lumea-larga\/bosnia-hertegovina-invitata-sa-adere-la-uniunea-europeana\/\" \/>\n<meta property=\"og:site_name\" content=\"Covasna45\" \/>\n<meta property=\"article:published_time\" content=\"2024-03-22T09:23:36+00:00\" \/>\n<meta property=\"article:modified_time\" content=\"2024-03-22T09:23:37+00:00\" \/>\n<meta property=\"og:image\" content=\"https:\/\/covasna45.ro\/wp-content\/uploads\/2024\/03\/bosnia-ue.jpg\" \/>\n\t<meta property=\"og:image:width\" content=\"1004\" \/>\n\t<meta property=\"og:image:height\" content=\"635\" \/>\n\t<meta property=\"og:image:type\" content=\"image\/jpeg\" \/>\n<meta name=\"author\" content=\"Covasna45\" \/>\n<meta name=\"twitter:card\" content=\"summary_large_image\" \/>\n<meta name=\"twitter:label1\" content=\"Scris de\" \/>\n\t<meta name=\"twitter:data1\" content=\"Covasna45\" \/>\n\t<meta name=\"twitter:label2\" content=\"Timp estimat pentru citire\" \/>\n\t<meta name=\"twitter:data2\" content=\"2 minute\" \/>\n<script type=\"application\/ld+json\" class=\"yoast-schema-graph\">{\"@context\":\"https:\\\/\\\/schema.org\",\"@graph\":[{\"@type\":\"Article\",\"@id\":\"https:\\\/\\\/covasna45.ro\\\/index.php\\\/lumea-larga\\\/bosnia-hertegovina-invitata-sa-adere-la-uniunea-europeana\\\/#article\",\"isPartOf\":{\"@id\":\"https:\\\/\\\/covasna45.ro\\\/index.php\\\/lumea-larga\\\/bosnia-hertegovina-invitata-sa-adere-la-uniunea-europeana\\\/\"},\"author\":{\"name\":\"Covasna45\",\"@id\":\"https:\\\/\\\/covasna45.ro\\\/#\\\/schema\\\/person\\\/e674052bd7d95d70bbb007a1060ab73c\"},\"headline\":\"Bosnia &#8211; Her\u021begovina, invitat\u0103 s\u0103 adere la Uniunea European\u0103\",\"datePublished\":\"2024-03-22T09:23:36+00:00\",\"dateModified\":\"2024-03-22T09:23:37+00:00\",\"mainEntityOfPage\":{\"@id\":\"https:\\\/\\\/covasna45.ro\\\/index.php\\\/lumea-larga\\\/bosnia-hertegovina-invitata-sa-adere-la-uniunea-europeana\\\/\"},\"wordCount\":199,\"commentCount\":0,\"publisher\":{\"@id\":\"https:\\\/\\\/covasna45.ro\\\/#organization\"},\"image\":{\"@id\":\"https:\\\/\\\/covasna45.ro\\\/index.php\\\/lumea-larga\\\/bosnia-hertegovina-invitata-sa-adere-la-uniunea-europeana\\\/#primaryimage\"},\"thumbnailUrl\":\"https:\\\/\\\/covasna45.ro\\\/wp-content\\\/uploads\\\/2024\\\/03\\\/bosnia-ue.jpg\",\"keywords\":[\"Bosnia Hertegovina\",\"UE\"],\"articleSection\":[\"Lumea larg\u0103\"],\"inLanguage\":\"ro-RO\",\"potentialAction\":[{\"@type\":\"CommentAction\",\"name\":\"Comment\",\"target\":[\"https:\\\/\\\/covasna45.ro\\\/index.php\\\/lumea-larga\\\/bosnia-hertegovina-invitata-sa-adere-la-uniunea-europeana\\\/#respond\"]}]},{\"@type\":\"WebPage\",\"@id\":\"https:\\\/\\\/covasna45.ro\\\/index.php\\\/lumea-larga\\\/bosnia-hertegovina-invitata-sa-adere-la-uniunea-europeana\\\/\",\"url\":\"https:\\\/\\\/covasna45.ro\\\/index.php\\\/lumea-larga\\\/bosnia-hertegovina-invitata-sa-adere-la-uniunea-europeana\\\/\",\"name\":\"Bosnia - Her\u021begovina, invitat\u0103 s\u0103 adere la Uniunea European\u0103 - Covasna45\",\"isPartOf\":{\"@id\":\"https:\\\/\\\/covasna45.ro\\\/#website\"},\"primaryImageOfPage\":{\"@id\":\"https:\\\/\\\/covasna45.ro\\\/index.php\\\/lumea-larga\\\/bosnia-hertegovina-invitata-sa-adere-la-uniunea-europeana\\\/#primaryimage\"},\"image\":{\"@id\":\"https:\\\/\\\/covasna45.ro\\\/index.php\\\/lumea-larga\\\/bosnia-hertegovina-invitata-sa-adere-la-uniunea-europeana\\\/#primaryimage\"},\"thumbnailUrl\":\"https:\\\/\\\/covasna45.ro\\\/wp-content\\\/uploads\\\/2024\\\/03\\\/bosnia-ue.jpg\",\"datePublished\":\"2024-03-22T09:23:36+00:00\",\"dateModified\":\"2024-03-22T09:23:37+00:00\",\"description\":\"Elvedin Konakovic a spus pentru postul de televiziune N1 c\u0103 este vorba de \u201euna dintre cele mai bune zile din istoria\u201d \u021b\u0103rii.\",\"breadcrumb\":{\"@id\":\"https:\\\/\\\/covasna45.ro\\\/index.php\\\/lumea-larga\\\/bosnia-hertegovina-invitata-sa-adere-la-uniunea-europeana\\\/#breadcrumb\"},\"inLanguage\":\"ro-RO\",\"potentialAction\":[{\"@type\":\"ReadAction\",\"target\":[\"https:\\\/\\\/covasna45.ro\\\/index.php\\\/lumea-larga\\\/bosnia-hertegovina-invitata-sa-adere-la-uniunea-europeana\\\/\"]}]},{\"@type\":\"ImageObject\",\"inLanguage\":\"ro-RO\",\"@id\":\"https:\\\/\\\/covasna45.ro\\\/index.php\\\/lumea-larga\\\/bosnia-hertegovina-invitata-sa-adere-la-uniunea-europeana\\\/#primaryimage\",\"url\":\"https:\\\/\\\/covasna45.ro\\\/wp-content\\\/uploads\\\/2024\\\/03\\\/bosnia-ue.jpg\",\"contentUrl\":\"https:\\\/\\\/covasna45.ro\\\/wp-content\\\/uploads\\\/2024\\\/03\\\/bosnia-ue.jpg\",\"width\":1004,\"height\":635},{\"@type\":\"BreadcrumbList\",\"@id\":\"https:\\\/\\\/covasna45.ro\\\/index.php\\\/lumea-larga\\\/bosnia-hertegovina-invitata-sa-adere-la-uniunea-europeana\\\/#breadcrumb\",\"itemListElement\":[{\"@type\":\"ListItem\",\"position\":1,\"name\":\"Prima pagin\u0103\",\"item\":\"https:\\\/\\\/covasna45.ro\\\/\"},{\"@type\":\"ListItem\",\"position\":2,\"name\":\"Bosnia &#8211; Her\u021begovina, invitat\u0103 s\u0103 adere la Uniunea European\u0103\"}]},{\"@type\":\"WebSite\",\"@id\":\"https:\\\/\\\/covasna45.ro\\\/#website\",\"url\":\"https:\\\/\\\/covasna45.ro\\\/\",\"name\":\"covasna45.ro\",\"description\":\"\",\"publisher\":{\"@id\":\"https:\\\/\\\/covasna45.ro\\\/#organization\"},\"potentialAction\":[{\"@type\":\"SearchAction\",\"target\":{\"@type\":\"EntryPoint\",\"urlTemplate\":\"https:\\\/\\\/covasna45.ro\\\/?s={search_term_string}\"},\"query-input\":{\"@type\":\"PropertyValueSpecification\",\"valueRequired\":true,\"valueName\":\"search_term_string\"}}],\"inLanguage\":\"ro-RO\"},{\"@type\":\"Organization\",\"@id\":\"https:\\\/\\\/covasna45.ro\\\/#organization\",\"name\":\"covasna45.ro\",\"url\":\"https:\\\/\\\/covasna45.ro\\\/\",\"logo\":{\"@type\":\"ImageObject\",\"inLanguage\":\"ro-RO\",\"@id\":\"https:\\\/\\\/covasna45.ro\\\/#\\\/schema\\\/logo\\\/image\\\/\",\"url\":\"https:\\\/\\\/covasna45.ro\\\/wp-content\\\/uploads\\\/2023\\\/01\\\/icon_logo.png\",\"contentUrl\":\"https:\\\/\\\/covasna45.ro\\\/wp-content\\\/uploads\\\/2023\\\/01\\\/icon_logo.png\",\"width\":1900,\"height\":1900,\"caption\":\"covasna45.ro\"},\"image\":{\"@id\":\"https:\\\/\\\/covasna45.ro\\\/#\\\/schema\\\/logo\\\/image\\\/\"}},{\"@type\":\"Person\",\"@id\":\"https:\\\/\\\/covasna45.ro\\\/#\\\/schema\\\/person\\\/e674052bd7d95d70bbb007a1060ab73c\",\"name\":\"Covasna45\",\"image\":{\"@type\":\"ImageObject\",\"inLanguage\":\"ro-RO\",\"@id\":\"https:\\\/\\\/covasna45.ro\\\/wp-content\\\/uploads\\\/2025\\\/10\\\/icon_logo_covasna45-150x150.png\",\"url\":\"https:\\\/\\\/covasna45.ro\\\/wp-content\\\/uploads\\\/2025\\\/10\\\/icon_logo_covasna45-150x150.png\",\"contentUrl\":\"https:\\\/\\\/covasna45.ro\\\/wp-content\\\/uploads\\\/2025\\\/10\\\/icon_logo_covasna45-150x150.png\",\"caption\":\"Covasna45\"},\"sameAs\":[\"https:\\\/\\\/covasna45.ro\"],\"url\":\"https:\\\/\\\/covasna45.ro\\\/index.php\\\/author\\\/covasna\\\/\"}]}<\/script>\n<!-- \/ Yoast SEO plugin. -->","yoast_head_json":{"title":"Bosnia - Her\u021begovina, invitat\u0103 s\u0103 adere la Uniunea European\u0103 - Covasna45","description":"Elvedin Konakovic a spus pentru postul de televiziune N1 c\u0103 este vorba de \u201euna dintre cele mai bune zile din istoria\u201d \u021b\u0103rii.","robots":{"index":"index","follow":"follow","max-snippet":"max-snippet:-1","max-image-preview":"max-image-preview:large","max-video-preview":"max-video-preview:-1"},"canonical":"https:\/\/covasna45.ro\/index.php\/lumea-larga\/bosnia-hertegovina-invitata-sa-adere-la-uniunea-europeana\/","og_locale":"ro_RO","og_type":"article","og_title":"Bosnia - Her\u021begovina, invitat\u0103 s\u0103 adere la Uniunea European\u0103 - Covasna45","og_description":"Elvedin Konakovic a spus pentru postul de televiziune N1 c\u0103 este vorba de \u201euna dintre cele mai bune zile din istoria\u201d \u021b\u0103rii.","og_url":"https:\/\/covasna45.ro\/index.php\/lumea-larga\/bosnia-hertegovina-invitata-sa-adere-la-uniunea-europeana\/","og_site_name":"Covasna45","article_published_time":"2024-03-22T09:23:36+00:00","article_modified_time":"2024-03-22T09:23:37+00:00","og_image":[{"width":1004,"height":635,"url":"https:\/\/covasna45.ro\/wp-content\/uploads\/2024\/03\/bosnia-ue.jpg","type":"image\/jpeg"}],"author":"Covasna45","twitter_card":"summary_large_image","twitter_misc":{"Scris de":"Covasna45","Timp estimat pentru citire":"2 minute"},"schema":{"@context":"https:\/\/schema.org","@graph":[{"@type":"Article","@id":"https:\/\/covasna45.ro\/index.php\/lumea-larga\/bosnia-hertegovina-invitata-sa-adere-la-uniunea-europeana\/#article","isPartOf":{"@id":"https:\/\/covasna45.ro\/index.php\/lumea-larga\/bosnia-hertegovina-invitata-sa-adere-la-uniunea-europeana\/"},"author":{"name":"Covasna45","@id":"https:\/\/covasna45.ro\/#\/schema\/person\/e674052bd7d95d70bbb007a1060ab73c"},"headline":"Bosnia &#8211; Her\u021begovina, invitat\u0103 s\u0103 adere la Uniunea European\u0103","datePublished":"2024-03-22T09:23:36+00:00","dateModified":"2024-03-22T09:23:37+00:00","mainEntityOfPage":{"@id":"https:\/\/covasna45.ro\/index.php\/lumea-larga\/bosnia-hertegovina-invitata-sa-adere-la-uniunea-europeana\/"},"wordCount":199,"commentCount":0,"publisher":{"@id":"https:\/\/covasna45.ro\/#organization"},"image":{"@id":"https:\/\/covasna45.ro\/index.php\/lumea-larga\/bosnia-hertegovina-invitata-sa-adere-la-uniunea-europeana\/#primaryimage"},"thumbnailUrl":"https:\/\/covasna45.ro\/wp-content\/uploads\/2024\/03\/bosnia-ue.jpg","keywords":["Bosnia Hertegovina","UE"],"articleSection":["Lumea larg\u0103"],"inLanguage":"ro-RO","potentialAction":[{"@type":"CommentAction","name":"Comment","target":["https:\/\/covasna45.ro\/index.php\/lumea-larga\/bosnia-hertegovina-invitata-sa-adere-la-uniunea-europeana\/#respond"]}]},{"@type":"WebPage","@id":"https:\/\/covasna45.ro\/index.php\/lumea-larga\/bosnia-hertegovina-invitata-sa-adere-la-uniunea-europeana\/","url":"https:\/\/covasna45.ro\/index.php\/lumea-larga\/bosnia-hertegovina-invitata-sa-adere-la-uniunea-europeana\/","name":"Bosnia - Her\u021begovina, invitat\u0103 s\u0103 adere la Uniunea European\u0103 - Covasna45","isPartOf":{"@id":"https:\/\/covasna45.ro\/#website"},"primaryImageOfPage":{"@id":"https:\/\/covasna45.ro\/index.php\/lumea-larga\/bosnia-hertegovina-invitata-sa-adere-la-uniunea-europeana\/#primaryimage"},"image":{"@id":"https:\/\/covasna45.ro\/index.php\/lumea-larga\/bosnia-hertegovina-invitata-sa-adere-la-uniunea-europeana\/#primaryimage"},"thumbnailUrl":"https:\/\/covasna45.ro\/wp-content\/uploads\/2024\/03\/bosnia-ue.jpg","datePublished":"2024-03-22T09:23:36+00:00","dateModified":"2024-03-22T09:23:37+00:00","description":"Elvedin Konakovic a spus pentru postul de televiziune N1 c\u0103 este vorba de \u201euna dintre cele mai bune zile din istoria\u201d \u021b\u0103rii.","breadcrumb":{"@id":"https:\/\/covasna45.ro\/index.php\/lumea-larga\/bosnia-hertegovina-invitata-sa-adere-la-uniunea-europeana\/#breadcrumb"},"inLanguage":"ro-RO","potentialAction":[{"@type":"ReadAction","target":["https:\/\/covasna45.ro\/index.php\/lumea-larga\/bosnia-hertegovina-invitata-sa-adere-la-uniunea-europeana\/"]}]},{"@type":"ImageObject","inLanguage":"ro-RO","@id":"https:\/\/covasna45.ro\/index.php\/lumea-larga\/bosnia-hertegovina-invitata-sa-adere-la-uniunea-europeana\/#primaryimage","url":"https:\/\/covasna45.ro\/wp-content\/uploads\/2024\/03\/bosnia-ue.jpg","contentUrl":"https:\/\/covasna45.ro\/wp-content\/uploads\/2024\/03\/bosnia-ue.jpg","width":1004,"height":635},{"@type":"BreadcrumbList","@id":"https:\/\/covasna45.ro\/index.php\/lumea-larga\/bosnia-hertegovina-invitata-sa-adere-la-uniunea-europeana\/#breadcrumb","itemListElement":[{"@type":"ListItem","position":1,"name":"Prima pagin\u0103","item":"https:\/\/covasna45.ro\/"},{"@type":"ListItem","position":2,"name":"Bosnia &#8211; Her\u021begovina, invitat\u0103 s\u0103 adere la Uniunea European\u0103"}]},{"@type":"WebSite","@id":"https:\/\/covasna45.ro\/#website","url":"https:\/\/covasna45.ro\/","name":"covasna45.ro","description":"","publisher":{"@id":"https:\/\/covasna45.ro\/#organization"},"potentialAction":[{"@type":"SearchAction","target":{"@type":"EntryPoint","urlTemplate":"https:\/\/covasna45.ro\/?s={search_term_string}"},"query-input":{"@type":"PropertyValueSpecification","valueRequired":true,"valueName":"search_term_string"}}],"inLanguage":"ro-RO"},{"@type":"Organization","@id":"https:\/\/covasna45.ro\/#organization","name":"covasna45.ro","url":"https:\/\/covasna45.ro\/","logo":{"@type":"ImageObject","inLanguage":"ro-RO","@id":"https:\/\/covasna45.ro\/#\/schema\/logo\/image\/","url":"https:\/\/covasna45.ro\/wp-content\/uploads\/2023\/01\/icon_logo.png","contentUrl":"https:\/\/covasna45.ro\/wp-content\/uploads\/2023\/01\/icon_logo.png","width":1900,"height":1900,"caption":"covasna45.ro"},"image":{"@id":"https:\/\/covasna45.ro\/#\/schema\/logo\/image\/"}},{"@type":"Person","@id":"https:\/\/covasna45.ro\/#\/schema\/person\/e674052bd7d95d70bbb007a1060ab73c","name":"Covasna45","image":{"@type":"ImageObject","inLanguage":"ro-RO","@id":"https:\/\/covasna45.ro\/wp-content\/uploads\/2025\/10\/icon_logo_covasna45-150x150.png","url":"https:\/\/covasna45.ro\/wp-content\/uploads\/2025\/10\/icon_logo_covasna45-150x150.png","contentUrl":"https:\/\/covasna45.ro\/wp-content\/uploads\/2025\/10\/icon_logo_covasna45-150x150.png","caption":"Covasna45"},"sameAs":["https:\/\/covasna45.ro"],"url":"https:\/\/covasna45.ro\/index.php\/author\/covasna\/"}]}},"_links":{"self":[{"href":"https:\/\/covasna45.ro\/index.php\/wp-json\/wp\/v2\/posts\/5321","targetHints":{"allow":["GET"]}}],"collection":[{"href":"https:\/\/covasna45.ro\/index.php\/wp-json\/wp\/v2\/posts"}],"about":[{"href":"https:\/\/covasna45.ro\/index.php\/wp-json\/wp\/v2\/types\/post"}],"author":[{"embeddable":true,"href":"https:\/\/covasna45.ro\/index.php\/wp-json\/wp\/v2\/users\/1"}],"replies":[{"embeddable":true,"href":"https:\/\/covasna45.ro\/index.php\/wp-json\/wp\/v2\/comments?post=5321"}],"version-history":[{"count":1,"href":"https:\/\/covasna45.ro\/index.php\/wp-json\/wp\/v2\/posts\/5321\/revisions"}],"predecessor-version":[{"id":5325,"href":"https:\/\/covasna45.ro\/index.php\/wp-json\/wp\/v2\/posts\/5321\/revisions\/5325"}],"wp:featuredmedia":[{"embeddable":true,"href":"https:\/\/covasna45.ro\/index.php\/wp-json\/wp\/v2\/media\/5324"}],"wp:attachment":[{"href":"https:\/\/covasna45.ro\/index.php\/wp-json\/wp\/v2\/media?parent=5321"}],"wp:term":[{"taxonomy":"category","embeddable":true,"href":"https:\/\/covasna45.ro\/index.php\/wp-json\/wp\/v2\/categories?post=5321"},{"taxonomy":"post_tag","embeddable":true,"href":"https:\/\/covasna45.ro\/index.php\/wp-json\/wp\/v2\/tags?post=5321"}],"curies":[{"name":"wp","href":"https:\/\/api.w.org\/{rel}","templated":true}]}}