{"id":5427,"date":"2024-04-01T10:41:27","date_gmt":"2024-04-01T08:41:27","guid":{"rendered":"https:\/\/covasna45.ro\/?p=5427"},"modified":"2024-04-01T10:41:27","modified_gmt":"2024-04-01T08:41:27","slug":"greva-generala-la-posta-romana","status":"publish","type":"post","link":"https:\/\/covasna45.ro\/index.php\/lumea-noastra\/greva-generala-la-posta-romana\/","title":{"rendered":"Grev\u0103 general\u0103 la Po\u0219ta Rom\u00e2n\u0103"},"content":{"rendered":"\n<p>Sindicatului Lucr\u0103torilor Po\u015ftali din Rom\u00e2nia a decis s\u0103 declan\u0219eze conflictul colectiv de munc\u0103 sub forma unei greve generale \u00eencep\u00e2nd de ast\u0103zi. Compania de stat Po\u0219ta Rom\u00e2n\u0103 a catalogat conflictul de munc\u0103 drept artificial. Compania a dat asigur\u0103ri celor dou\u0103 milioane de pensionari c\u0103 nu vor fi afecta\u021bi de ac\u021biunile po\u0219ta\u0219ilor.<\/p>\n\n\n\n<p><strong><em>\u201eCompania a solicitat medierea, \u00eens\u0103 reprezentan\u0163ii SLPR au refuzat acest lucru. \u00cen contextul \u00een care negocierile intense purtate \u00eenc\u0103 de la finalul anului trecut \u00eentre Compania Na\u0163ional\u0103 \u201ePo\u015fta Rom\u00e2n\u0103\u201d \u015fi SLPR nu au ajuns la un rezultat, iar SLPR a decis declan\u015farea grevei generale a unei p\u0103r\u0163i a angaja\u0163ilor, Po\u015fta Rom\u00e2n\u0103 face urm\u0103toarele preciz\u0103ri: v Compania Na\u0163ional\u0103 \u201ePo\u015fta Rom\u00e2n\u0103\u201d va asigura \u00eentocmai distribuirea, conform tuturor prevederilor contractuale \u015fi legale a trimiterilor \u015fi drepturilor sociale pentru to\u0163i clien\u0163ii, iar o \u00eent\u00e2rziere a acestora este exclus\u0103. <\/em><\/strong><\/p>\n\n\n\n<p><strong><em>Asigur\u0103m to\u0163i clien\u0163ii, partenerii \u015fi institu\u0163iile bancare de stabilitatea \u015fi func\u0163ionalitatea serviciilor, precum \u015fi de soliditatea politicilor de management aflate \u00een curs\u201d<\/em><\/strong> anun\u0163\u0103 Po\u015fta Rom\u00e2n\u0103.<\/p>\n\n\n\n<p>Compania subliniaz\u0103 c\u0103 <strong><em>\u201eescaladarea conflictului de munc\u0103 este una artificial\u0103\u201d<\/em><\/strong>, iar Compania Na\u0163ional\u0103 Po\u015fta Rom\u00e2n\u0103 a luat toate m\u0103surile pentru dep\u0103\u015firea acestuia.<\/p>\n\n\n\n<h2 class=\"wp-block-heading\">Pensiile se vor pl\u0103ti la timp<\/h2>\n\n\n\n<p><strong><em>\u201eAsigur\u0103m pe cei peste 2 milioane de pensionari care primesc drepturile sociale prin intermediul Companiei Na\u0163ionale Po\u015fta Rom\u00e2n\u0103 c\u0103 nu va exista nicio persoan\u0103 care s\u0103 nu \u00ee\u015fi primeasc\u0103 drepturile \u00een termen, \u00een luna aprilie! Toate drepturile sociale vor fi livrate la timp, p\u00e2n\u0103 pe 15 APRILIE, a\u015fa cum ne-am asumat angajamentul!\u201d,<\/em><\/strong> arat\u0103 Po\u015fta Rom\u00e2n\u0103.<\/p>\n\n\n\n<p>Compania Na\u0163ional\u0103 Po\u015fta Rom\u00e2n\u0103 precizeaz\u0103 c\u0103 majoritatea cov\u00e2r\u015fitoare, peste 80% dintre salaria\u0163i, \u00ee\u015fi va \u00eendeplini atribu\u0163iile de serviciu cu profesionalism, ca \u015fi p\u00e2n\u0103 acum! La conflictul colectiv de munc\u0103 au aderat, \u00een scris, aproximativ 20% din angaja\u0163ii Companiei.<\/p>\n\n\n\n<h2 class=\"wp-block-heading\">Care sunt revendic\u0103rile po\u0219ta\u0219ilor<\/h2>\n\n\n\n<p><strong><em>\u201e18.000 dintre cei peste 21.000 de angaja\u0163i ai Po\u015ftei Rom\u00e2ne, adic\u0103 un procent de 90%, indiferent de func\u0163ia pe care se afl\u0103, indiferent de responsabilit\u0103\u0163i \u015fi de vechime, din luna iulie 2024 vor avea salariul minim pe economie!\u201d,<\/em><\/strong> este mesajul transmis de Sindicatul Lucr\u0103torilor Po\u015ftali din Rom\u00e2nia, afiliat Blocului Na\u0163ional Sindical.<\/p>\n\n\n\n<p>Sindicali\u015ftii afirm\u0103 c\u0103 este de notorietate faptul c\u0103 foarte mul\u0163i dintre angaja\u0163ii Po\u015ftei Rom\u00e2ne au salariile la nivelul minimului pe economie.<br>Potrivit sindicatului, revendic\u0103rile salariale ale angaja\u0163ilor reprezenta\u0163i \u00een negociere de Sindicatul Lucr\u0103torilor Po\u015ftali din Rom\u00e2nia- sindicatul reprezentativ legal la nivelul Po\u015ftei Rom\u00e2ne, sunt:<br>\u2013 cre\u015fterea cu 400 lei net a salariilor angaja\u0163ilor.<br>\u2013 cre\u015fterea sporului de loialitate acordat \u00een tran\u015fe, salaria\u0163ilor ce au peste un anumit num\u0103r de ani lucra\u0163i \u00een Po\u015fta Rom\u00e2n\u0103.<\/p>\n","protected":false},"excerpt":{"rendered":"<p>Sindicatului Lucr\u0103torilor Po\u015ftali din Rom\u00e2nia a decis s\u0103 declan\u0219eze conflictul colectiv de munc\u0103 sub forma unei greve generale \u00eencep\u00e2nd de ast\u0103zi. Compania de stat Po\u0219ta Rom\u00e2n\u0103 a catalogat conflictul de munc\u0103 drept artificial. Compania a dat asigur\u0103ri celor dou\u0103 milioane de pensionari c\u0103 nu vor fi afecta\u021bi de ac\u021biunile po\u0219ta\u0219ilor. \u201eCompania a solicitat medierea, \u00eens\u0103 [&hellip;]<\/p>\n","protected":false},"author":1,"featured_media":5428,"comment_status":"open","ping_status":"closed","sticky":false,"template":"","format":"standard","meta":{"tdm_status":"","tdm_grid_status":"","footnotes":""},"categories":[14],"tags":[180,329,44,480],"class_list":{"0":"post-5427","1":"post","2":"type-post","3":"status-publish","4":"format-standard","5":"has-post-thumbnail","7":"category-lumea-noastra","8":"tag-greva","9":"tag-posta-romana","10":"tag-salarii","11":"tag-sindicate"},"yoast_head":"<!-- This site is optimized with the Yoast SEO plugin v27.5 - https:\/\/yoast.com\/product\/yoast-seo-wordpress\/ -->\n<title>Grev\u0103 general\u0103 la Po\u0219ta Rom\u00e2n\u0103 - Covasna45<\/title>\n<meta name=\"description\" content=\"Compania Na\u0163ional\u0103 Po\u015fta Rom\u00e2n\u0103 precizeaz\u0103 c\u0103 majoritatea cov\u00e2r\u015fitoare, peste 80% dintre salaria\u0163i, \u00ee\u015fi va \u00eendeplini atribu\u0163iile de serviciu\" \/>\n<meta name=\"robots\" content=\"index, follow, max-snippet:-1, max-image-preview:large, max-video-preview:-1\" \/>\n<link rel=\"canonical\" href=\"https:\/\/covasna45.ro\/index.php\/lumea-noastra\/greva-generala-la-posta-romana\/\" \/>\n<meta property=\"og:locale\" content=\"ro_RO\" \/>\n<meta property=\"og:type\" content=\"article\" \/>\n<meta property=\"og:title\" content=\"Grev\u0103 general\u0103 la Po\u0219ta Rom\u00e2n\u0103 - Covasna45\" \/>\n<meta property=\"og:description\" content=\"Compania Na\u0163ional\u0103 Po\u015fta Rom\u00e2n\u0103 precizeaz\u0103 c\u0103 majoritatea cov\u00e2r\u015fitoare, peste 80% dintre salaria\u0163i, \u00ee\u015fi va \u00eendeplini atribu\u0163iile de serviciu\" \/>\n<meta property=\"og:url\" content=\"https:\/\/covasna45.ro\/index.php\/lumea-noastra\/greva-generala-la-posta-romana\/\" \/>\n<meta property=\"og:site_name\" content=\"Covasna45\" \/>\n<meta property=\"article:published_time\" content=\"2024-04-01T08:41:27+00:00\" \/>\n<meta property=\"og:image\" content=\"https:\/\/covasna45.ro\/wp-content\/uploads\/2024\/04\/posta.jpg\" \/>\n\t<meta property=\"og:image:width\" content=\"860\" \/>\n\t<meta property=\"og:image:height\" content=\"645\" \/>\n\t<meta property=\"og:image:type\" content=\"image\/jpeg\" \/>\n<meta name=\"author\" content=\"Covasna45\" \/>\n<meta name=\"twitter:card\" content=\"summary_large_image\" \/>\n<meta name=\"twitter:label1\" content=\"Scris de\" \/>\n\t<meta name=\"twitter:data1\" content=\"Covasna45\" \/>\n\t<meta name=\"twitter:label2\" content=\"Timp estimat pentru citire\" \/>\n\t<meta name=\"twitter:data2\" content=\"3 minute\" \/>\n<script type=\"application\/ld+json\" class=\"yoast-schema-graph\">{\"@context\":\"https:\\\/\\\/schema.org\",\"@graph\":[{\"@type\":\"Article\",\"@id\":\"https:\\\/\\\/covasna45.ro\\\/index.php\\\/lumea-noastra\\\/greva-generala-la-posta-romana\\\/#article\",\"isPartOf\":{\"@id\":\"https:\\\/\\\/covasna45.ro\\\/index.php\\\/lumea-noastra\\\/greva-generala-la-posta-romana\\\/\"},\"author\":{\"name\":\"Covasna45\",\"@id\":\"https:\\\/\\\/covasna45.ro\\\/#\\\/schema\\\/person\\\/e674052bd7d95d70bbb007a1060ab73c\"},\"headline\":\"Grev\u0103 general\u0103 la Po\u0219ta Rom\u00e2n\u0103\",\"datePublished\":\"2024-04-01T08:41:27+00:00\",\"mainEntityOfPage\":{\"@id\":\"https:\\\/\\\/covasna45.ro\\\/index.php\\\/lumea-noastra\\\/greva-generala-la-posta-romana\\\/\"},\"wordCount\":500,\"commentCount\":0,\"publisher\":{\"@id\":\"https:\\\/\\\/covasna45.ro\\\/#organization\"},\"image\":{\"@id\":\"https:\\\/\\\/covasna45.ro\\\/index.php\\\/lumea-noastra\\\/greva-generala-la-posta-romana\\\/#primaryimage\"},\"thumbnailUrl\":\"https:\\\/\\\/covasna45.ro\\\/wp-content\\\/uploads\\\/2024\\\/04\\\/posta.jpg\",\"keywords\":[\"Grev\u0103\",\"Po\u0219ta Rom\u00e2n\u0103\",\"salarii\",\"Sindicate\"],\"articleSection\":[\"Lumea noastr\u0103\"],\"inLanguage\":\"ro-RO\",\"potentialAction\":[{\"@type\":\"CommentAction\",\"name\":\"Comment\",\"target\":[\"https:\\\/\\\/covasna45.ro\\\/index.php\\\/lumea-noastra\\\/greva-generala-la-posta-romana\\\/#respond\"]}]},{\"@type\":\"WebPage\",\"@id\":\"https:\\\/\\\/covasna45.ro\\\/index.php\\\/lumea-noastra\\\/greva-generala-la-posta-romana\\\/\",\"url\":\"https:\\\/\\\/covasna45.ro\\\/index.php\\\/lumea-noastra\\\/greva-generala-la-posta-romana\\\/\",\"name\":\"Grev\u0103 general\u0103 la Po\u0219ta Rom\u00e2n\u0103 - Covasna45\",\"isPartOf\":{\"@id\":\"https:\\\/\\\/covasna45.ro\\\/#website\"},\"primaryImageOfPage\":{\"@id\":\"https:\\\/\\\/covasna45.ro\\\/index.php\\\/lumea-noastra\\\/greva-generala-la-posta-romana\\\/#primaryimage\"},\"image\":{\"@id\":\"https:\\\/\\\/covasna45.ro\\\/index.php\\\/lumea-noastra\\\/greva-generala-la-posta-romana\\\/#primaryimage\"},\"thumbnailUrl\":\"https:\\\/\\\/covasna45.ro\\\/wp-content\\\/uploads\\\/2024\\\/04\\\/posta.jpg\",\"datePublished\":\"2024-04-01T08:41:27+00:00\",\"description\":\"Compania Na\u0163ional\u0103 Po\u015fta Rom\u00e2n\u0103 precizeaz\u0103 c\u0103 majoritatea cov\u00e2r\u015fitoare, peste 80% dintre salaria\u0163i, \u00ee\u015fi va \u00eendeplini atribu\u0163iile de serviciu\",\"breadcrumb\":{\"@id\":\"https:\\\/\\\/covasna45.ro\\\/index.php\\\/lumea-noastra\\\/greva-generala-la-posta-romana\\\/#breadcrumb\"},\"inLanguage\":\"ro-RO\",\"potentialAction\":[{\"@type\":\"ReadAction\",\"target\":[\"https:\\\/\\\/covasna45.ro\\\/index.php\\\/lumea-noastra\\\/greva-generala-la-posta-romana\\\/\"]}]},{\"@type\":\"ImageObject\",\"inLanguage\":\"ro-RO\",\"@id\":\"https:\\\/\\\/covasna45.ro\\\/index.php\\\/lumea-noastra\\\/greva-generala-la-posta-romana\\\/#primaryimage\",\"url\":\"https:\\\/\\\/covasna45.ro\\\/wp-content\\\/uploads\\\/2024\\\/04\\\/posta.jpg\",\"contentUrl\":\"https:\\\/\\\/covasna45.ro\\\/wp-content\\\/uploads\\\/2024\\\/04\\\/posta.jpg\",\"width\":860,\"height\":645},{\"@type\":\"BreadcrumbList\",\"@id\":\"https:\\\/\\\/covasna45.ro\\\/index.php\\\/lumea-noastra\\\/greva-generala-la-posta-romana\\\/#breadcrumb\",\"itemListElement\":[{\"@type\":\"ListItem\",\"position\":1,\"name\":\"Prima pagin\u0103\",\"item\":\"https:\\\/\\\/covasna45.ro\\\/\"},{\"@type\":\"ListItem\",\"position\":2,\"name\":\"Grev\u0103 general\u0103 la Po\u0219ta Rom\u00e2n\u0103\"}]},{\"@type\":\"WebSite\",\"@id\":\"https:\\\/\\\/covasna45.ro\\\/#website\",\"url\":\"https:\\\/\\\/covasna45.ro\\\/\",\"name\":\"covasna45.ro\",\"description\":\"\",\"publisher\":{\"@id\":\"https:\\\/\\\/covasna45.ro\\\/#organization\"},\"potentialAction\":[{\"@type\":\"SearchAction\",\"target\":{\"@type\":\"EntryPoint\",\"urlTemplate\":\"https:\\\/\\\/covasna45.ro\\\/?s={search_term_string}\"},\"query-input\":{\"@type\":\"PropertyValueSpecification\",\"valueRequired\":true,\"valueName\":\"search_term_string\"}}],\"inLanguage\":\"ro-RO\"},{\"@type\":\"Organization\",\"@id\":\"https:\\\/\\\/covasna45.ro\\\/#organization\",\"name\":\"covasna45.ro\",\"url\":\"https:\\\/\\\/covasna45.ro\\\/\",\"logo\":{\"@type\":\"ImageObject\",\"inLanguage\":\"ro-RO\",\"@id\":\"https:\\\/\\\/covasna45.ro\\\/#\\\/schema\\\/logo\\\/image\\\/\",\"url\":\"https:\\\/\\\/covasna45.ro\\\/wp-content\\\/uploads\\\/2023\\\/01\\\/icon_logo.png\",\"contentUrl\":\"https:\\\/\\\/covasna45.ro\\\/wp-content\\\/uploads\\\/2023\\\/01\\\/icon_logo.png\",\"width\":1900,\"height\":1900,\"caption\":\"covasna45.ro\"},\"image\":{\"@id\":\"https:\\\/\\\/covasna45.ro\\\/#\\\/schema\\\/logo\\\/image\\\/\"}},{\"@type\":\"Person\",\"@id\":\"https:\\\/\\\/covasna45.ro\\\/#\\\/schema\\\/person\\\/e674052bd7d95d70bbb007a1060ab73c\",\"name\":\"Covasna45\",\"image\":{\"@type\":\"ImageObject\",\"inLanguage\":\"ro-RO\",\"@id\":\"https:\\\/\\\/covasna45.ro\\\/wp-content\\\/uploads\\\/2025\\\/10\\\/icon_logo_covasna45-150x150.png\",\"url\":\"https:\\\/\\\/covasna45.ro\\\/wp-content\\\/uploads\\\/2025\\\/10\\\/icon_logo_covasna45-150x150.png\",\"contentUrl\":\"https:\\\/\\\/covasna45.ro\\\/wp-content\\\/uploads\\\/2025\\\/10\\\/icon_logo_covasna45-150x150.png\",\"caption\":\"Covasna45\"},\"sameAs\":[\"https:\\\/\\\/covasna45.ro\"],\"url\":\"https:\\\/\\\/covasna45.ro\\\/index.php\\\/author\\\/covasna\\\/\"}]}<\/script>\n<!-- \/ Yoast SEO plugin. -->","yoast_head_json":{"title":"Grev\u0103 general\u0103 la Po\u0219ta Rom\u00e2n\u0103 - Covasna45","description":"Compania Na\u0163ional\u0103 Po\u015fta Rom\u00e2n\u0103 precizeaz\u0103 c\u0103 majoritatea cov\u00e2r\u015fitoare, peste 80% dintre salaria\u0163i, \u00ee\u015fi va \u00eendeplini atribu\u0163iile de serviciu","robots":{"index":"index","follow":"follow","max-snippet":"max-snippet:-1","max-image-preview":"max-image-preview:large","max-video-preview":"max-video-preview:-1"},"canonical":"https:\/\/covasna45.ro\/index.php\/lumea-noastra\/greva-generala-la-posta-romana\/","og_locale":"ro_RO","og_type":"article","og_title":"Grev\u0103 general\u0103 la Po\u0219ta Rom\u00e2n\u0103 - Covasna45","og_description":"Compania Na\u0163ional\u0103 Po\u015fta Rom\u00e2n\u0103 precizeaz\u0103 c\u0103 majoritatea cov\u00e2r\u015fitoare, peste 80% dintre salaria\u0163i, \u00ee\u015fi va \u00eendeplini atribu\u0163iile de serviciu","og_url":"https:\/\/covasna45.ro\/index.php\/lumea-noastra\/greva-generala-la-posta-romana\/","og_site_name":"Covasna45","article_published_time":"2024-04-01T08:41:27+00:00","og_image":[{"width":860,"height":645,"url":"https:\/\/covasna45.ro\/wp-content\/uploads\/2024\/04\/posta.jpg","type":"image\/jpeg"}],"author":"Covasna45","twitter_card":"summary_large_image","twitter_misc":{"Scris de":"Covasna45","Timp estimat pentru citire":"3 minute"},"schema":{"@context":"https:\/\/schema.org","@graph":[{"@type":"Article","@id":"https:\/\/covasna45.ro\/index.php\/lumea-noastra\/greva-generala-la-posta-romana\/#article","isPartOf":{"@id":"https:\/\/covasna45.ro\/index.php\/lumea-noastra\/greva-generala-la-posta-romana\/"},"author":{"name":"Covasna45","@id":"https:\/\/covasna45.ro\/#\/schema\/person\/e674052bd7d95d70bbb007a1060ab73c"},"headline":"Grev\u0103 general\u0103 la Po\u0219ta Rom\u00e2n\u0103","datePublished":"2024-04-01T08:41:27+00:00","mainEntityOfPage":{"@id":"https:\/\/covasna45.ro\/index.php\/lumea-noastra\/greva-generala-la-posta-romana\/"},"wordCount":500,"commentCount":0,"publisher":{"@id":"https:\/\/covasna45.ro\/#organization"},"image":{"@id":"https:\/\/covasna45.ro\/index.php\/lumea-noastra\/greva-generala-la-posta-romana\/#primaryimage"},"thumbnailUrl":"https:\/\/covasna45.ro\/wp-content\/uploads\/2024\/04\/posta.jpg","keywords":["Grev\u0103","Po\u0219ta Rom\u00e2n\u0103","salarii","Sindicate"],"articleSection":["Lumea noastr\u0103"],"inLanguage":"ro-RO","potentialAction":[{"@type":"CommentAction","name":"Comment","target":["https:\/\/covasna45.ro\/index.php\/lumea-noastra\/greva-generala-la-posta-romana\/#respond"]}]},{"@type":"WebPage","@id":"https:\/\/covasna45.ro\/index.php\/lumea-noastra\/greva-generala-la-posta-romana\/","url":"https:\/\/covasna45.ro\/index.php\/lumea-noastra\/greva-generala-la-posta-romana\/","name":"Grev\u0103 general\u0103 la Po\u0219ta Rom\u00e2n\u0103 - Covasna45","isPartOf":{"@id":"https:\/\/covasna45.ro\/#website"},"primaryImageOfPage":{"@id":"https:\/\/covasna45.ro\/index.php\/lumea-noastra\/greva-generala-la-posta-romana\/#primaryimage"},"image":{"@id":"https:\/\/covasna45.ro\/index.php\/lumea-noastra\/greva-generala-la-posta-romana\/#primaryimage"},"thumbnailUrl":"https:\/\/covasna45.ro\/wp-content\/uploads\/2024\/04\/posta.jpg","datePublished":"2024-04-01T08:41:27+00:00","description":"Compania Na\u0163ional\u0103 Po\u015fta Rom\u00e2n\u0103 precizeaz\u0103 c\u0103 majoritatea cov\u00e2r\u015fitoare, peste 80% dintre salaria\u0163i, \u00ee\u015fi va \u00eendeplini atribu\u0163iile de serviciu","breadcrumb":{"@id":"https:\/\/covasna45.ro\/index.php\/lumea-noastra\/greva-generala-la-posta-romana\/#breadcrumb"},"inLanguage":"ro-RO","potentialAction":[{"@type":"ReadAction","target":["https:\/\/covasna45.ro\/index.php\/lumea-noastra\/greva-generala-la-posta-romana\/"]}]},{"@type":"ImageObject","inLanguage":"ro-RO","@id":"https:\/\/covasna45.ro\/index.php\/lumea-noastra\/greva-generala-la-posta-romana\/#primaryimage","url":"https:\/\/covasna45.ro\/wp-content\/uploads\/2024\/04\/posta.jpg","contentUrl":"https:\/\/covasna45.ro\/wp-content\/uploads\/2024\/04\/posta.jpg","width":860,"height":645},{"@type":"BreadcrumbList","@id":"https:\/\/covasna45.ro\/index.php\/lumea-noastra\/greva-generala-la-posta-romana\/#breadcrumb","itemListElement":[{"@type":"ListItem","position":1,"name":"Prima pagin\u0103","item":"https:\/\/covasna45.ro\/"},{"@type":"ListItem","position":2,"name":"Grev\u0103 general\u0103 la Po\u0219ta Rom\u00e2n\u0103"}]},{"@type":"WebSite","@id":"https:\/\/covasna45.ro\/#website","url":"https:\/\/covasna45.ro\/","name":"covasna45.ro","description":"","publisher":{"@id":"https:\/\/covasna45.ro\/#organization"},"potentialAction":[{"@type":"SearchAction","target":{"@type":"EntryPoint","urlTemplate":"https:\/\/covasna45.ro\/?s={search_term_string}"},"query-input":{"@type":"PropertyValueSpecification","valueRequired":true,"valueName":"search_term_string"}}],"inLanguage":"ro-RO"},{"@type":"Organization","@id":"https:\/\/covasna45.ro\/#organization","name":"covasna45.ro","url":"https:\/\/covasna45.ro\/","logo":{"@type":"ImageObject","inLanguage":"ro-RO","@id":"https:\/\/covasna45.ro\/#\/schema\/logo\/image\/","url":"https:\/\/covasna45.ro\/wp-content\/uploads\/2023\/01\/icon_logo.png","contentUrl":"https:\/\/covasna45.ro\/wp-content\/uploads\/2023\/01\/icon_logo.png","width":1900,"height":1900,"caption":"covasna45.ro"},"image":{"@id":"https:\/\/covasna45.ro\/#\/schema\/logo\/image\/"}},{"@type":"Person","@id":"https:\/\/covasna45.ro\/#\/schema\/person\/e674052bd7d95d70bbb007a1060ab73c","name":"Covasna45","image":{"@type":"ImageObject","inLanguage":"ro-RO","@id":"https:\/\/covasna45.ro\/wp-content\/uploads\/2025\/10\/icon_logo_covasna45-150x150.png","url":"https:\/\/covasna45.ro\/wp-content\/uploads\/2025\/10\/icon_logo_covasna45-150x150.png","contentUrl":"https:\/\/covasna45.ro\/wp-content\/uploads\/2025\/10\/icon_logo_covasna45-150x150.png","caption":"Covasna45"},"sameAs":["https:\/\/covasna45.ro"],"url":"https:\/\/covasna45.ro\/index.php\/author\/covasna\/"}]}},"_links":{"self":[{"href":"https:\/\/covasna45.ro\/index.php\/wp-json\/wp\/v2\/posts\/5427","targetHints":{"allow":["GET"]}}],"collection":[{"href":"https:\/\/covasna45.ro\/index.php\/wp-json\/wp\/v2\/posts"}],"about":[{"href":"https:\/\/covasna45.ro\/index.php\/wp-json\/wp\/v2\/types\/post"}],"author":[{"embeddable":true,"href":"https:\/\/covasna45.ro\/index.php\/wp-json\/wp\/v2\/users\/1"}],"replies":[{"embeddable":true,"href":"https:\/\/covasna45.ro\/index.php\/wp-json\/wp\/v2\/comments?post=5427"}],"version-history":[{"count":1,"href":"https:\/\/covasna45.ro\/index.php\/wp-json\/wp\/v2\/posts\/5427\/revisions"}],"predecessor-version":[{"id":5429,"href":"https:\/\/covasna45.ro\/index.php\/wp-json\/wp\/v2\/posts\/5427\/revisions\/5429"}],"wp:featuredmedia":[{"embeddable":true,"href":"https:\/\/covasna45.ro\/index.php\/wp-json\/wp\/v2\/media\/5428"}],"wp:attachment":[{"href":"https:\/\/covasna45.ro\/index.php\/wp-json\/wp\/v2\/media?parent=5427"}],"wp:term":[{"taxonomy":"category","embeddable":true,"href":"https:\/\/covasna45.ro\/index.php\/wp-json\/wp\/v2\/categories?post=5427"},{"taxonomy":"post_tag","embeddable":true,"href":"https:\/\/covasna45.ro\/index.php\/wp-json\/wp\/v2\/tags?post=5427"}],"curies":[{"name":"wp","href":"https:\/\/api.w.org\/{rel}","templated":true}]}}