{"id":5434,"date":"2024-04-02T10:28:11","date_gmt":"2024-04-02T08:28:11","guid":{"rendered":"https:\/\/covasna45.ro\/?p=5434"},"modified":"2024-04-02T10:28:12","modified_gmt":"2024-04-02T08:28:12","slug":"creste-numarul-pensionarilor-speciali","status":"publish","type":"post","link":"https:\/\/covasna45.ro\/index.php\/lumea-noastra\/creste-numarul-pensionarilor-speciali\/","title":{"rendered":"Cre\u0219te num\u0103rul \u201epensionarilor speciali\u201d"},"content":{"rendered":"\n<p>Num\u0103rul beneficiarilor de pensii de serviciu a fost, \u00een martie 2024, de 11.287 persoane, \u00een cre\u015ftere cu 234 de persoane comparativ cu luna anterioar\u0103. Cei mai mul\u0163i (5.571) sunt beneficiari ai Legii 303\/2022 privind statutul procurorilor \u015fi judec\u0103torilor, conform datelor centralizate de Casa Na\u0163ional\u0103 de Pensii Publice (CNPP).<\/p>\n\n\n\n<p>\u00cen cazul beneficiarilor Legii 303\/2002 s-a \u00eenregistrat \u015fi cea mai mare pensie medie de serviciu, de 23.720 lei. Suma de 21.003 lei este cota suportat\u0103 din bugetul de stat, iar 6.604 de lei &#8211; din bugetul asigur\u0103rilor sociale de stat.<\/p>\n\n\n\n<p>Potrivit CNPP, de Legea nr. 216\/2015 privind acordarea pensiei de serviciu membrilor Corpului diplomatic \u015fi consular al Rom\u00e2niei au beneficiat, \u00een luna martie, 776 de persoane. Pensia medie era de 6.658 de lei, din care 3.125 de lei suporta\u0163i de la bugetul de stat.<\/p>\n\n\n\n<p>\u00cen ceea ce prive\u015fte beneficiarii Legii 215\/2015 pentru modificarea \u015fi completarea Legii 7\/2006 privind statutul func\u0163ionarului public parlamentar, num\u0103rul acestora era de 812 de persoane, pensia medie ridic\u00e2ndu-se la 5.710 de lei (3.192 de lei de la bugetul de stat).<\/p>\n\n\n\n<p>Conform Casei Na\u0163ionale de Pensii Publice, de Legea 83\/2015 pentru completarea Legii 223\/2007 privind statutul personalului aeronautic civil navigant profesionist din avia\u0163ia civil\u0103 din Rom\u00e2nia beneficiau 1.378 de pensionari, iar pensia medie se ridica la 12.928 de lei, din care 8.353 lei suporta\u0163i din bugetul de stat.<\/p>\n\n\n\n<p>Pensii de serviciu pentru beneficiari de la Curtea de Conturi s-au acordat unui num\u0103r de 629 de persoane, media fiind de 9.755 de lei, din care 3.115 lei cota suportat\u0103 din bugetul de stat.<\/p>\n\n\n\n<p>De asemenea, de Legea 130\/2015 pentru completarea Legii 567\/2004 privind statutul personalului auxiliar de specialitate al instan\u0163elor judec\u0103tore\u015fti \u015fi al Parchetelor beneficiau 2.121 de pensionari, pensia medie fiind de 6.087 de lei, din care 3.302 de lei suporta\u0163i din bugetul de stat.<\/p>\n","protected":false},"excerpt":{"rendered":"<p>Num\u0103rul beneficiarilor de pensii de serviciu a fost, \u00een martie 2024, de 11.287 persoane, \u00een cre\u015ftere cu 234 de persoane comparativ cu luna anterioar\u0103. Cei mai mul\u0163i (5.571) sunt beneficiari ai Legii 303\/2022 privind statutul procurorilor \u015fi judec\u0103torilor, conform datelor centralizate de Casa Na\u0163ional\u0103 de Pensii Publice (CNPP). \u00cen cazul beneficiarilor Legii 303\/2002 s-a \u00eenregistrat [&hellip;]<\/p>\n","protected":false},"author":1,"featured_media":4101,"comment_status":"open","ping_status":"closed","sticky":false,"template":"","format":"standard","meta":{"tdm_status":"","tdm_grid_status":"","footnotes":""},"categories":[14],"tags":[2247,287,2246,286],"class_list":{"0":"post-5434","1":"post","2":"type-post","3":"status-publish","4":"format-standard","5":"has-post-thumbnail","7":"category-lumea-noastra","8":"tag-bugetul-de-stat","9":"tag-contributivitate","10":"tag-pensii-de-serviciu","11":"tag-pensii-speciale"},"yoast_head":"<!-- This site is optimized with the Yoast SEO plugin v27.5 - https:\/\/yoast.com\/product\/yoast-seo-wordpress\/ -->\n<title>Cre\u0219te num\u0103rul \u201epensionarilor speciali\u201d - Covasna45<\/title>\n<meta name=\"description\" content=\"Num\u0103rul beneficiarilor de pensii de serviciu a fost, \u00een martie 2024, de 11.287 persoane, \u00een cre\u015ftere cu 234 de persoane\" \/>\n<meta name=\"robots\" content=\"index, follow, max-snippet:-1, max-image-preview:large, max-video-preview:-1\" \/>\n<link rel=\"canonical\" href=\"https:\/\/covasna45.ro\/index.php\/lumea-noastra\/creste-numarul-pensionarilor-speciali\/\" \/>\n<meta property=\"og:locale\" content=\"ro_RO\" \/>\n<meta property=\"og:type\" content=\"article\" \/>\n<meta property=\"og:title\" content=\"Cre\u0219te num\u0103rul \u201epensionarilor speciali\u201d - Covasna45\" \/>\n<meta property=\"og:description\" content=\"Num\u0103rul beneficiarilor de pensii de serviciu a fost, \u00een martie 2024, de 11.287 persoane, \u00een cre\u015ftere cu 234 de persoane\" \/>\n<meta property=\"og:url\" content=\"https:\/\/covasna45.ro\/index.php\/lumea-noastra\/creste-numarul-pensionarilor-speciali\/\" \/>\n<meta property=\"og:site_name\" content=\"Covasna45\" \/>\n<meta property=\"article:published_time\" content=\"2024-04-02T08:28:11+00:00\" \/>\n<meta property=\"article:modified_time\" content=\"2024-04-02T08:28:12+00:00\" \/>\n<meta property=\"og:image\" content=\"https:\/\/covasna45.ro\/wp-content\/uploads\/2023\/12\/pensie-magistrati.jpg\" \/>\n\t<meta property=\"og:image:width\" content=\"1280\" \/>\n\t<meta property=\"og:image:height\" content=\"853\" \/>\n\t<meta property=\"og:image:type\" content=\"image\/jpeg\" \/>\n<meta name=\"author\" content=\"Covasna45\" \/>\n<meta name=\"twitter:card\" content=\"summary_large_image\" \/>\n<meta name=\"twitter:label1\" content=\"Scris de\" \/>\n\t<meta name=\"twitter:data1\" content=\"Covasna45\" \/>\n\t<meta name=\"twitter:label2\" content=\"Timp estimat pentru citire\" \/>\n\t<meta name=\"twitter:data2\" content=\"2 minute\" \/>\n<script type=\"application\/ld+json\" class=\"yoast-schema-graph\">{\"@context\":\"https:\\\/\\\/schema.org\",\"@graph\":[{\"@type\":\"Article\",\"@id\":\"https:\\\/\\\/covasna45.ro\\\/index.php\\\/lumea-noastra\\\/creste-numarul-pensionarilor-speciali\\\/#article\",\"isPartOf\":{\"@id\":\"https:\\\/\\\/covasna45.ro\\\/index.php\\\/lumea-noastra\\\/creste-numarul-pensionarilor-speciali\\\/\"},\"author\":{\"name\":\"Covasna45\",\"@id\":\"https:\\\/\\\/covasna45.ro\\\/#\\\/schema\\\/person\\\/e674052bd7d95d70bbb007a1060ab73c\"},\"headline\":\"Cre\u0219te num\u0103rul \u201epensionarilor speciali\u201d\",\"datePublished\":\"2024-04-02T08:28:11+00:00\",\"dateModified\":\"2024-04-02T08:28:12+00:00\",\"mainEntityOfPage\":{\"@id\":\"https:\\\/\\\/covasna45.ro\\\/index.php\\\/lumea-noastra\\\/creste-numarul-pensionarilor-speciali\\\/\"},\"wordCount\":291,\"commentCount\":0,\"publisher\":{\"@id\":\"https:\\\/\\\/covasna45.ro\\\/#organization\"},\"image\":{\"@id\":\"https:\\\/\\\/covasna45.ro\\\/index.php\\\/lumea-noastra\\\/creste-numarul-pensionarilor-speciali\\\/#primaryimage\"},\"thumbnailUrl\":\"https:\\\/\\\/covasna45.ro\\\/wp-content\\\/uploads\\\/2023\\\/12\\\/pensie-magistrati.jpg\",\"keywords\":[\"Bugetul de stat\",\"Contributivitate\",\"Pensii de serviciu\",\"Pensii speciale\"],\"articleSection\":[\"Lumea noastr\u0103\"],\"inLanguage\":\"ro-RO\",\"potentialAction\":[{\"@type\":\"CommentAction\",\"name\":\"Comment\",\"target\":[\"https:\\\/\\\/covasna45.ro\\\/index.php\\\/lumea-noastra\\\/creste-numarul-pensionarilor-speciali\\\/#respond\"]}]},{\"@type\":\"WebPage\",\"@id\":\"https:\\\/\\\/covasna45.ro\\\/index.php\\\/lumea-noastra\\\/creste-numarul-pensionarilor-speciali\\\/\",\"url\":\"https:\\\/\\\/covasna45.ro\\\/index.php\\\/lumea-noastra\\\/creste-numarul-pensionarilor-speciali\\\/\",\"name\":\"Cre\u0219te num\u0103rul \u201epensionarilor speciali\u201d - Covasna45\",\"isPartOf\":{\"@id\":\"https:\\\/\\\/covasna45.ro\\\/#website\"},\"primaryImageOfPage\":{\"@id\":\"https:\\\/\\\/covasna45.ro\\\/index.php\\\/lumea-noastra\\\/creste-numarul-pensionarilor-speciali\\\/#primaryimage\"},\"image\":{\"@id\":\"https:\\\/\\\/covasna45.ro\\\/index.php\\\/lumea-noastra\\\/creste-numarul-pensionarilor-speciali\\\/#primaryimage\"},\"thumbnailUrl\":\"https:\\\/\\\/covasna45.ro\\\/wp-content\\\/uploads\\\/2023\\\/12\\\/pensie-magistrati.jpg\",\"datePublished\":\"2024-04-02T08:28:11+00:00\",\"dateModified\":\"2024-04-02T08:28:12+00:00\",\"description\":\"Num\u0103rul beneficiarilor de pensii de serviciu a fost, \u00een martie 2024, de 11.287 persoane, \u00een cre\u015ftere cu 234 de persoane\",\"breadcrumb\":{\"@id\":\"https:\\\/\\\/covasna45.ro\\\/index.php\\\/lumea-noastra\\\/creste-numarul-pensionarilor-speciali\\\/#breadcrumb\"},\"inLanguage\":\"ro-RO\",\"potentialAction\":[{\"@type\":\"ReadAction\",\"target\":[\"https:\\\/\\\/covasna45.ro\\\/index.php\\\/lumea-noastra\\\/creste-numarul-pensionarilor-speciali\\\/\"]}]},{\"@type\":\"ImageObject\",\"inLanguage\":\"ro-RO\",\"@id\":\"https:\\\/\\\/covasna45.ro\\\/index.php\\\/lumea-noastra\\\/creste-numarul-pensionarilor-speciali\\\/#primaryimage\",\"url\":\"https:\\\/\\\/covasna45.ro\\\/wp-content\\\/uploads\\\/2023\\\/12\\\/pensie-magistrati.jpg\",\"contentUrl\":\"https:\\\/\\\/covasna45.ro\\\/wp-content\\\/uploads\\\/2023\\\/12\\\/pensie-magistrati.jpg\",\"width\":1280,\"height\":853},{\"@type\":\"BreadcrumbList\",\"@id\":\"https:\\\/\\\/covasna45.ro\\\/index.php\\\/lumea-noastra\\\/creste-numarul-pensionarilor-speciali\\\/#breadcrumb\",\"itemListElement\":[{\"@type\":\"ListItem\",\"position\":1,\"name\":\"Prima pagin\u0103\",\"item\":\"https:\\\/\\\/covasna45.ro\\\/\"},{\"@type\":\"ListItem\",\"position\":2,\"name\":\"Cre\u0219te num\u0103rul \u201epensionarilor speciali\u201d\"}]},{\"@type\":\"WebSite\",\"@id\":\"https:\\\/\\\/covasna45.ro\\\/#website\",\"url\":\"https:\\\/\\\/covasna45.ro\\\/\",\"name\":\"covasna45.ro\",\"description\":\"\",\"publisher\":{\"@id\":\"https:\\\/\\\/covasna45.ro\\\/#organization\"},\"potentialAction\":[{\"@type\":\"SearchAction\",\"target\":{\"@type\":\"EntryPoint\",\"urlTemplate\":\"https:\\\/\\\/covasna45.ro\\\/?s={search_term_string}\"},\"query-input\":{\"@type\":\"PropertyValueSpecification\",\"valueRequired\":true,\"valueName\":\"search_term_string\"}}],\"inLanguage\":\"ro-RO\"},{\"@type\":\"Organization\",\"@id\":\"https:\\\/\\\/covasna45.ro\\\/#organization\",\"name\":\"covasna45.ro\",\"url\":\"https:\\\/\\\/covasna45.ro\\\/\",\"logo\":{\"@type\":\"ImageObject\",\"inLanguage\":\"ro-RO\",\"@id\":\"https:\\\/\\\/covasna45.ro\\\/#\\\/schema\\\/logo\\\/image\\\/\",\"url\":\"https:\\\/\\\/covasna45.ro\\\/wp-content\\\/uploads\\\/2023\\\/01\\\/icon_logo.png\",\"contentUrl\":\"https:\\\/\\\/covasna45.ro\\\/wp-content\\\/uploads\\\/2023\\\/01\\\/icon_logo.png\",\"width\":1900,\"height\":1900,\"caption\":\"covasna45.ro\"},\"image\":{\"@id\":\"https:\\\/\\\/covasna45.ro\\\/#\\\/schema\\\/logo\\\/image\\\/\"}},{\"@type\":\"Person\",\"@id\":\"https:\\\/\\\/covasna45.ro\\\/#\\\/schema\\\/person\\\/e674052bd7d95d70bbb007a1060ab73c\",\"name\":\"Covasna45\",\"image\":{\"@type\":\"ImageObject\",\"inLanguage\":\"ro-RO\",\"@id\":\"https:\\\/\\\/covasna45.ro\\\/wp-content\\\/uploads\\\/2025\\\/10\\\/icon_logo_covasna45-150x150.png\",\"url\":\"https:\\\/\\\/covasna45.ro\\\/wp-content\\\/uploads\\\/2025\\\/10\\\/icon_logo_covasna45-150x150.png\",\"contentUrl\":\"https:\\\/\\\/covasna45.ro\\\/wp-content\\\/uploads\\\/2025\\\/10\\\/icon_logo_covasna45-150x150.png\",\"caption\":\"Covasna45\"},\"sameAs\":[\"https:\\\/\\\/covasna45.ro\"],\"url\":\"https:\\\/\\\/covasna45.ro\\\/index.php\\\/author\\\/covasna\\\/\"}]}<\/script>\n<!-- \/ Yoast SEO plugin. -->","yoast_head_json":{"title":"Cre\u0219te num\u0103rul \u201epensionarilor speciali\u201d - Covasna45","description":"Num\u0103rul beneficiarilor de pensii de serviciu a fost, \u00een martie 2024, de 11.287 persoane, \u00een cre\u015ftere cu 234 de persoane","robots":{"index":"index","follow":"follow","max-snippet":"max-snippet:-1","max-image-preview":"max-image-preview:large","max-video-preview":"max-video-preview:-1"},"canonical":"https:\/\/covasna45.ro\/index.php\/lumea-noastra\/creste-numarul-pensionarilor-speciali\/","og_locale":"ro_RO","og_type":"article","og_title":"Cre\u0219te num\u0103rul \u201epensionarilor speciali\u201d - Covasna45","og_description":"Num\u0103rul beneficiarilor de pensii de serviciu a fost, \u00een martie 2024, de 11.287 persoane, \u00een cre\u015ftere cu 234 de persoane","og_url":"https:\/\/covasna45.ro\/index.php\/lumea-noastra\/creste-numarul-pensionarilor-speciali\/","og_site_name":"Covasna45","article_published_time":"2024-04-02T08:28:11+00:00","article_modified_time":"2024-04-02T08:28:12+00:00","og_image":[{"width":1280,"height":853,"url":"https:\/\/covasna45.ro\/wp-content\/uploads\/2023\/12\/pensie-magistrati.jpg","type":"image\/jpeg"}],"author":"Covasna45","twitter_card":"summary_large_image","twitter_misc":{"Scris de":"Covasna45","Timp estimat pentru citire":"2 minute"},"schema":{"@context":"https:\/\/schema.org","@graph":[{"@type":"Article","@id":"https:\/\/covasna45.ro\/index.php\/lumea-noastra\/creste-numarul-pensionarilor-speciali\/#article","isPartOf":{"@id":"https:\/\/covasna45.ro\/index.php\/lumea-noastra\/creste-numarul-pensionarilor-speciali\/"},"author":{"name":"Covasna45","@id":"https:\/\/covasna45.ro\/#\/schema\/person\/e674052bd7d95d70bbb007a1060ab73c"},"headline":"Cre\u0219te num\u0103rul \u201epensionarilor speciali\u201d","datePublished":"2024-04-02T08:28:11+00:00","dateModified":"2024-04-02T08:28:12+00:00","mainEntityOfPage":{"@id":"https:\/\/covasna45.ro\/index.php\/lumea-noastra\/creste-numarul-pensionarilor-speciali\/"},"wordCount":291,"commentCount":0,"publisher":{"@id":"https:\/\/covasna45.ro\/#organization"},"image":{"@id":"https:\/\/covasna45.ro\/index.php\/lumea-noastra\/creste-numarul-pensionarilor-speciali\/#primaryimage"},"thumbnailUrl":"https:\/\/covasna45.ro\/wp-content\/uploads\/2023\/12\/pensie-magistrati.jpg","keywords":["Bugetul de stat","Contributivitate","Pensii de serviciu","Pensii speciale"],"articleSection":["Lumea noastr\u0103"],"inLanguage":"ro-RO","potentialAction":[{"@type":"CommentAction","name":"Comment","target":["https:\/\/covasna45.ro\/index.php\/lumea-noastra\/creste-numarul-pensionarilor-speciali\/#respond"]}]},{"@type":"WebPage","@id":"https:\/\/covasna45.ro\/index.php\/lumea-noastra\/creste-numarul-pensionarilor-speciali\/","url":"https:\/\/covasna45.ro\/index.php\/lumea-noastra\/creste-numarul-pensionarilor-speciali\/","name":"Cre\u0219te num\u0103rul \u201epensionarilor speciali\u201d - Covasna45","isPartOf":{"@id":"https:\/\/covasna45.ro\/#website"},"primaryImageOfPage":{"@id":"https:\/\/covasna45.ro\/index.php\/lumea-noastra\/creste-numarul-pensionarilor-speciali\/#primaryimage"},"image":{"@id":"https:\/\/covasna45.ro\/index.php\/lumea-noastra\/creste-numarul-pensionarilor-speciali\/#primaryimage"},"thumbnailUrl":"https:\/\/covasna45.ro\/wp-content\/uploads\/2023\/12\/pensie-magistrati.jpg","datePublished":"2024-04-02T08:28:11+00:00","dateModified":"2024-04-02T08:28:12+00:00","description":"Num\u0103rul beneficiarilor de pensii de serviciu a fost, \u00een martie 2024, de 11.287 persoane, \u00een cre\u015ftere cu 234 de persoane","breadcrumb":{"@id":"https:\/\/covasna45.ro\/index.php\/lumea-noastra\/creste-numarul-pensionarilor-speciali\/#breadcrumb"},"inLanguage":"ro-RO","potentialAction":[{"@type":"ReadAction","target":["https:\/\/covasna45.ro\/index.php\/lumea-noastra\/creste-numarul-pensionarilor-speciali\/"]}]},{"@type":"ImageObject","inLanguage":"ro-RO","@id":"https:\/\/covasna45.ro\/index.php\/lumea-noastra\/creste-numarul-pensionarilor-speciali\/#primaryimage","url":"https:\/\/covasna45.ro\/wp-content\/uploads\/2023\/12\/pensie-magistrati.jpg","contentUrl":"https:\/\/covasna45.ro\/wp-content\/uploads\/2023\/12\/pensie-magistrati.jpg","width":1280,"height":853},{"@type":"BreadcrumbList","@id":"https:\/\/covasna45.ro\/index.php\/lumea-noastra\/creste-numarul-pensionarilor-speciali\/#breadcrumb","itemListElement":[{"@type":"ListItem","position":1,"name":"Prima pagin\u0103","item":"https:\/\/covasna45.ro\/"},{"@type":"ListItem","position":2,"name":"Cre\u0219te num\u0103rul \u201epensionarilor speciali\u201d"}]},{"@type":"WebSite","@id":"https:\/\/covasna45.ro\/#website","url":"https:\/\/covasna45.ro\/","name":"covasna45.ro","description":"","publisher":{"@id":"https:\/\/covasna45.ro\/#organization"},"potentialAction":[{"@type":"SearchAction","target":{"@type":"EntryPoint","urlTemplate":"https:\/\/covasna45.ro\/?s={search_term_string}"},"query-input":{"@type":"PropertyValueSpecification","valueRequired":true,"valueName":"search_term_string"}}],"inLanguage":"ro-RO"},{"@type":"Organization","@id":"https:\/\/covasna45.ro\/#organization","name":"covasna45.ro","url":"https:\/\/covasna45.ro\/","logo":{"@type":"ImageObject","inLanguage":"ro-RO","@id":"https:\/\/covasna45.ro\/#\/schema\/logo\/image\/","url":"https:\/\/covasna45.ro\/wp-content\/uploads\/2023\/01\/icon_logo.png","contentUrl":"https:\/\/covasna45.ro\/wp-content\/uploads\/2023\/01\/icon_logo.png","width":1900,"height":1900,"caption":"covasna45.ro"},"image":{"@id":"https:\/\/covasna45.ro\/#\/schema\/logo\/image\/"}},{"@type":"Person","@id":"https:\/\/covasna45.ro\/#\/schema\/person\/e674052bd7d95d70bbb007a1060ab73c","name":"Covasna45","image":{"@type":"ImageObject","inLanguage":"ro-RO","@id":"https:\/\/covasna45.ro\/wp-content\/uploads\/2025\/10\/icon_logo_covasna45-150x150.png","url":"https:\/\/covasna45.ro\/wp-content\/uploads\/2025\/10\/icon_logo_covasna45-150x150.png","contentUrl":"https:\/\/covasna45.ro\/wp-content\/uploads\/2025\/10\/icon_logo_covasna45-150x150.png","caption":"Covasna45"},"sameAs":["https:\/\/covasna45.ro"],"url":"https:\/\/covasna45.ro\/index.php\/author\/covasna\/"}]}},"_links":{"self":[{"href":"https:\/\/covasna45.ro\/index.php\/wp-json\/wp\/v2\/posts\/5434","targetHints":{"allow":["GET"]}}],"collection":[{"href":"https:\/\/covasna45.ro\/index.php\/wp-json\/wp\/v2\/posts"}],"about":[{"href":"https:\/\/covasna45.ro\/index.php\/wp-json\/wp\/v2\/types\/post"}],"author":[{"embeddable":true,"href":"https:\/\/covasna45.ro\/index.php\/wp-json\/wp\/v2\/users\/1"}],"replies":[{"embeddable":true,"href":"https:\/\/covasna45.ro\/index.php\/wp-json\/wp\/v2\/comments?post=5434"}],"version-history":[{"count":1,"href":"https:\/\/covasna45.ro\/index.php\/wp-json\/wp\/v2\/posts\/5434\/revisions"}],"predecessor-version":[{"id":5435,"href":"https:\/\/covasna45.ro\/index.php\/wp-json\/wp\/v2\/posts\/5434\/revisions\/5435"}],"wp:featuredmedia":[{"embeddable":true,"href":"https:\/\/covasna45.ro\/index.php\/wp-json\/wp\/v2\/media\/4101"}],"wp:attachment":[{"href":"https:\/\/covasna45.ro\/index.php\/wp-json\/wp\/v2\/media?parent=5434"}],"wp:term":[{"taxonomy":"category","embeddable":true,"href":"https:\/\/covasna45.ro\/index.php\/wp-json\/wp\/v2\/categories?post=5434"},{"taxonomy":"post_tag","embeddable":true,"href":"https:\/\/covasna45.ro\/index.php\/wp-json\/wp\/v2\/tags?post=5434"}],"curies":[{"name":"wp","href":"https:\/\/api.w.org\/{rel}","templated":true}]}}