{"id":5464,"date":"2024-04-04T14:17:18","date_gmt":"2024-04-04T12:17:18","guid":{"rendered":"https:\/\/covasna45.ro\/?p=5464"},"modified":"2024-04-04T14:17:19","modified_gmt":"2024-04-04T12:17:19","slug":"ungaria-nu-il-vrea-pe-rutte-la-sefia-nato","status":"publish","type":"post","link":"https:\/\/covasna45.ro\/index.php\/lumea-larga\/ungaria-nu-il-vrea-pe-rutte-la-sefia-nato\/","title":{"rendered":"Ungaria nu \u00eel vrea pe Rutte la \u0219efia NATO"},"content":{"rendered":"\n<p>Ungaria \u00ee\u015fi men\u0163ine veto-ul fa\u0163\u0103 de candidatura premierului olandez Mark Rutte (foto) pentru postul de secretar general al NATO \u015fi sugereaz\u0103 c\u0103 ar putea fi de acord cu sus\u0163inerea pre\u015fedintelui Klaus Iohannis \u00een aceast\u0103 func\u0163ie, potrivit declara\u0163iilor f\u0103cute, la Bruxelles, de ministrul maghiar de externe, Peter Szijj\u00e1rt\u00f3, citat de MTI.<\/p>\n\n\n\n<p>La conferin\u0163a de pres\u0103 sus\u0163inut\u0103 \u00een pauza reuniunii mini\u015ftrilor de externe din statele membre NATO, \u015feful diploma\u0163iei ungare a declarat c\u0103 Budapesta a sus\u0163inut \u00eentotdeauna \u00eent\u0103rirea aripii de est a alian\u0163ei \u015fi sper\u0103 c\u0103 aceast\u0103 direc\u0163ie se va reflecta \u015fi \u00een persoana urm\u0103torului secretar general.<\/p>\n\n\n\n<p><strong><em>\u201eSitua\u0163ia este c\u0103 \u00een toat\u0103 istoria NATO, p\u00e2n\u0103 acum nu s-a \u00eent\u00e2mplat ca secretarul general s\u0103 fie ales dintr-un stat membru din Europa Central\u0103 sau de Est, de\u015fi de 20 sau 25 de ani, majoritatea \u0163\u0103rilor din Europa Central\u0103 \u015fi de Est sunt membre NATO\u201d,<\/em><\/strong> a subliniat Szijj\u00e1rt\u00f3. \u201eDe aceea, eu cred c\u0103 este timpul s\u0103 ne g\u00e2ndim serios la aceast\u0103 idee\u201d, a ad\u0103ugat oficialul maghiar.<\/p>\n\n\n\n<h2 class=\"wp-block-heading\">Amenin\u021barea vine de la Moscova<\/h2>\n\n\n\n<p>Pe de alt\u0103 parte, Peter Szijj\u00e1rt\u00f3 a recunoscut c\u0103 inclusiv Ungaria admite c\u0103 principala amenin\u0163are de securitate pentru regiune vine dinspre Moscova, de\u015fi Budapesta a \u00eentre\u0163inut rela\u0163ii cordiale cu regimul lui Vladimir Putin chiar \u015fi dup\u0103 invazia din Ucraina.<\/p>\n\n\n\n<p><strong><em>\u201eDac\u0103 aici, \u00een cadrul NATO, suntem de acord \u2013 \u015fi suntem! \u2013 c\u0103 principala provocare vine \u00een prezent dinspre est, atunci cred c\u0103 este o idee bun\u0103 ca secretarul general s\u0103 provin\u0103, \u00een sf\u00e2r\u015fit, tot din jum\u0103tatea de est a NATO\u201d,<\/em><\/strong> a explicat ministrul ungar de externe.<\/p>\n\n\n\n<h2 class=\"wp-block-heading\">Ungaria nu-l sus\u021bine pe Mark Rutte.<\/h2>\n\n\n\n<p>Szijj\u00e1rt\u00f3 a confirmat, de asemenea, c\u0103 \u201eo parte semnificativ\u0103\u201d a statelor membre\u201d NATO sus\u0163in \u201e\u00een mod clar\u201d alegerea lui Mark Rutte ca secretar general.<strong><em> \u201e\u00cens\u0103 Ungaria nu va putea face acest lucru\u201d<\/em><\/strong>, a anun\u0163at \u015feful diploma\u0163iei ungare.<\/p>\n\n\n\n<p>El a subliniat c\u0103 NATO este o alian\u0163\u0103 de ap\u0103rare <strong><em>\u201eunde este nevoie de cel mai \u00eenalt nivel de \u00eencredere \u00een direc\u0163ia liderilor\u201d.<\/em><\/strong><\/p>\n\n\n\n<p><strong><em>\u201eNoi, partea maghiar\u0103, nu putem avea un nivel \u00eenalt de \u00eencredere \u2013 de fapt, niciun fel de \u00eencredere \u2013 \u00eentr-o persoan\u0103 care \u00een trecut a vorbit despre \u00eengenuncherea Ungariei\u201d,<\/em><\/strong> a explicat ministrul. <strong><em>\u201eCred c\u0103 acest lucru este de \u00een\u0163eles pentru toat\u0103 lumea\u201d,<\/em><\/strong> a punctat P\u00e9ter Szijj\u00e1rt\u00f3.<\/p>\n\n\n\n<p>El a dezv\u0103luit c\u0103 mai sunt c\u00e2teva state membre <strong><em>\u201ecare ezit\u0103\u201d,<\/em><\/strong> iar candidatura pre\u015fedintelui Klaus Iohannis a creat o nou\u0103 situa\u0163ie \u00een acest sens.<\/p>\n\n\n\n<p><strong><em>\u201eNe bucur\u0103m c\u0103 exist\u0103 un candidat central-european \u015fi o voi spune din nou: credem c\u0103 este timpul s\u0103 discut\u0103m serios despre cum se poate \u00eent\u00e2mpla ca NATO s\u0103 nu fi avut niciodat\u0103 un secretar general din regiunea Europei Centrale sau de Est\u201d,<\/em><\/strong> a conchis Szijj\u00e1rt\u00f3, f\u0103r\u0103 a declara explicit c\u0103 Budapesta sus\u0163ine candidatura lui Klaus Iohannis la \u015fefia NATO.<\/p>\n","protected":false},"excerpt":{"rendered":"<p>Ungaria \u00ee\u015fi men\u0163ine veto-ul fa\u0163\u0103 de candidatura premierului olandez Mark Rutte (foto) pentru postul de secretar general al NATO \u015fi sugereaz\u0103 c\u0103 ar putea fi de acord cu sus\u0163inerea pre\u015fedintelui Klaus Iohannis \u00een aceast\u0103 func\u0163ie, potrivit declara\u0163iilor f\u0103cute, la Bruxelles, de ministrul maghiar de externe, Peter Szijj\u00e1rt\u00f3, citat de MTI. La conferin\u0163a de pres\u0103 sus\u0163inut\u0103 [&hellip;]<\/p>\n","protected":false},"author":1,"featured_media":5465,"comment_status":"open","ping_status":"closed","sticky":false,"template":"","format":"standard","meta":{"tdm_status":"","tdm_grid_status":"","footnotes":""},"categories":[10],"tags":[2149,2258,109,254],"class_list":{"0":"post-5464","1":"post","2":"type-post","3":"status-publish","4":"format-standard","5":"has-post-thumbnail","7":"category-lumea-larga","8":"tag-klaus-iohannis","9":"tag-mark-rutte","10":"tag-nato","11":"tag-peter-szijjarto"},"yoast_head":"<!-- This site is optimized with the Yoast SEO plugin v27.4 - https:\/\/yoast.com\/product\/yoast-seo-wordpress\/ -->\n<title>Ungaria nu \u00eel vrea pe Rutte la \u0219efia NATO - Covasna45<\/title>\n<meta name=\"description\" content=\"Szijj\u00e1rt\u00f3 a confirmat, de asemenea, c\u0103 \u201eo parte semnificativ\u0103\u201d a statelor membre\u201d NATO sus\u0163in \u201e\u00een mod clar\u201d alegerea lui Mark Rutte\" \/>\n<meta name=\"robots\" content=\"index, follow, max-snippet:-1, max-image-preview:large, max-video-preview:-1\" \/>\n<link rel=\"canonical\" href=\"https:\/\/covasna45.ro\/index.php\/lumea-larga\/ungaria-nu-il-vrea-pe-rutte-la-sefia-nato\/\" \/>\n<meta property=\"og:locale\" content=\"ro_RO\" \/>\n<meta property=\"og:type\" content=\"article\" \/>\n<meta property=\"og:title\" content=\"Ungaria nu \u00eel vrea pe Rutte la \u0219efia NATO - Covasna45\" \/>\n<meta property=\"og:description\" content=\"Szijj\u00e1rt\u00f3 a confirmat, de asemenea, c\u0103 \u201eo parte semnificativ\u0103\u201d a statelor membre\u201d NATO sus\u0163in \u201e\u00een mod clar\u201d alegerea lui Mark Rutte\" \/>\n<meta property=\"og:url\" content=\"https:\/\/covasna45.ro\/index.php\/lumea-larga\/ungaria-nu-il-vrea-pe-rutte-la-sefia-nato\/\" \/>\n<meta property=\"og:site_name\" content=\"Covasna45\" \/>\n<meta property=\"article:published_time\" content=\"2024-04-04T12:17:18+00:00\" \/>\n<meta property=\"article:modified_time\" content=\"2024-04-04T12:17:19+00:00\" \/>\n<meta property=\"og:image\" content=\"https:\/\/covasna45.ro\/wp-content\/uploads\/2024\/04\/rutte.jpg\" \/>\n\t<meta property=\"og:image:width\" content=\"1774\" \/>\n\t<meta property=\"og:image:height\" content=\"1183\" \/>\n\t<meta property=\"og:image:type\" content=\"image\/jpeg\" \/>\n<meta name=\"author\" content=\"Covasna45\" \/>\n<meta name=\"twitter:card\" content=\"summary_large_image\" \/>\n<meta name=\"twitter:label1\" content=\"Scris de\" \/>\n\t<meta name=\"twitter:data1\" content=\"Covasna45\" \/>\n\t<meta name=\"twitter:label2\" content=\"Timp estimat pentru citire\" \/>\n\t<meta name=\"twitter:data2\" content=\"3 minute\" \/>\n<script type=\"application\/ld+json\" class=\"yoast-schema-graph\">{\"@context\":\"https:\\\/\\\/schema.org\",\"@graph\":[{\"@type\":\"Article\",\"@id\":\"https:\\\/\\\/covasna45.ro\\\/index.php\\\/lumea-larga\\\/ungaria-nu-il-vrea-pe-rutte-la-sefia-nato\\\/#article\",\"isPartOf\":{\"@id\":\"https:\\\/\\\/covasna45.ro\\\/index.php\\\/lumea-larga\\\/ungaria-nu-il-vrea-pe-rutte-la-sefia-nato\\\/\"},\"author\":{\"name\":\"Covasna45\",\"@id\":\"https:\\\/\\\/covasna45.ro\\\/#\\\/schema\\\/person\\\/e674052bd7d95d70bbb007a1060ab73c\"},\"headline\":\"Ungaria nu \u00eel vrea pe Rutte la \u0219efia NATO\",\"datePublished\":\"2024-04-04T12:17:18+00:00\",\"dateModified\":\"2024-04-04T12:17:19+00:00\",\"mainEntityOfPage\":{\"@id\":\"https:\\\/\\\/covasna45.ro\\\/index.php\\\/lumea-larga\\\/ungaria-nu-il-vrea-pe-rutte-la-sefia-nato\\\/\"},\"wordCount\":502,\"commentCount\":0,\"publisher\":{\"@id\":\"https:\\\/\\\/covasna45.ro\\\/#organization\"},\"image\":{\"@id\":\"https:\\\/\\\/covasna45.ro\\\/index.php\\\/lumea-larga\\\/ungaria-nu-il-vrea-pe-rutte-la-sefia-nato\\\/#primaryimage\"},\"thumbnailUrl\":\"https:\\\/\\\/covasna45.ro\\\/wp-content\\\/uploads\\\/2024\\\/04\\\/rutte.jpg\",\"keywords\":[\"Klaus Iohannis\",\"Mark Rutte\",\"NATO\",\"P\u00e9ter Szijj\u00e1rt\u00f3\"],\"articleSection\":[\"Lumea larg\u0103\"],\"inLanguage\":\"ro-RO\",\"potentialAction\":[{\"@type\":\"CommentAction\",\"name\":\"Comment\",\"target\":[\"https:\\\/\\\/covasna45.ro\\\/index.php\\\/lumea-larga\\\/ungaria-nu-il-vrea-pe-rutte-la-sefia-nato\\\/#respond\"]}]},{\"@type\":\"WebPage\",\"@id\":\"https:\\\/\\\/covasna45.ro\\\/index.php\\\/lumea-larga\\\/ungaria-nu-il-vrea-pe-rutte-la-sefia-nato\\\/\",\"url\":\"https:\\\/\\\/covasna45.ro\\\/index.php\\\/lumea-larga\\\/ungaria-nu-il-vrea-pe-rutte-la-sefia-nato\\\/\",\"name\":\"Ungaria nu \u00eel vrea pe Rutte la \u0219efia NATO - Covasna45\",\"isPartOf\":{\"@id\":\"https:\\\/\\\/covasna45.ro\\\/#website\"},\"primaryImageOfPage\":{\"@id\":\"https:\\\/\\\/covasna45.ro\\\/index.php\\\/lumea-larga\\\/ungaria-nu-il-vrea-pe-rutte-la-sefia-nato\\\/#primaryimage\"},\"image\":{\"@id\":\"https:\\\/\\\/covasna45.ro\\\/index.php\\\/lumea-larga\\\/ungaria-nu-il-vrea-pe-rutte-la-sefia-nato\\\/#primaryimage\"},\"thumbnailUrl\":\"https:\\\/\\\/covasna45.ro\\\/wp-content\\\/uploads\\\/2024\\\/04\\\/rutte.jpg\",\"datePublished\":\"2024-04-04T12:17:18+00:00\",\"dateModified\":\"2024-04-04T12:17:19+00:00\",\"description\":\"Szijj\u00e1rt\u00f3 a confirmat, de asemenea, c\u0103 \u201eo parte semnificativ\u0103\u201d a statelor membre\u201d NATO sus\u0163in \u201e\u00een mod clar\u201d alegerea lui Mark Rutte\",\"breadcrumb\":{\"@id\":\"https:\\\/\\\/covasna45.ro\\\/index.php\\\/lumea-larga\\\/ungaria-nu-il-vrea-pe-rutte-la-sefia-nato\\\/#breadcrumb\"},\"inLanguage\":\"ro-RO\",\"potentialAction\":[{\"@type\":\"ReadAction\",\"target\":[\"https:\\\/\\\/covasna45.ro\\\/index.php\\\/lumea-larga\\\/ungaria-nu-il-vrea-pe-rutte-la-sefia-nato\\\/\"]}]},{\"@type\":\"ImageObject\",\"inLanguage\":\"ro-RO\",\"@id\":\"https:\\\/\\\/covasna45.ro\\\/index.php\\\/lumea-larga\\\/ungaria-nu-il-vrea-pe-rutte-la-sefia-nato\\\/#primaryimage\",\"url\":\"https:\\\/\\\/covasna45.ro\\\/wp-content\\\/uploads\\\/2024\\\/04\\\/rutte.jpg\",\"contentUrl\":\"https:\\\/\\\/covasna45.ro\\\/wp-content\\\/uploads\\\/2024\\\/04\\\/rutte.jpg\",\"width\":1774,\"height\":1183},{\"@type\":\"BreadcrumbList\",\"@id\":\"https:\\\/\\\/covasna45.ro\\\/index.php\\\/lumea-larga\\\/ungaria-nu-il-vrea-pe-rutte-la-sefia-nato\\\/#breadcrumb\",\"itemListElement\":[{\"@type\":\"ListItem\",\"position\":1,\"name\":\"Prima pagin\u0103\",\"item\":\"https:\\\/\\\/covasna45.ro\\\/\"},{\"@type\":\"ListItem\",\"position\":2,\"name\":\"Ungaria nu \u00eel vrea pe Rutte la \u0219efia NATO\"}]},{\"@type\":\"WebSite\",\"@id\":\"https:\\\/\\\/covasna45.ro\\\/#website\",\"url\":\"https:\\\/\\\/covasna45.ro\\\/\",\"name\":\"covasna45.ro\",\"description\":\"\",\"publisher\":{\"@id\":\"https:\\\/\\\/covasna45.ro\\\/#organization\"},\"potentialAction\":[{\"@type\":\"SearchAction\",\"target\":{\"@type\":\"EntryPoint\",\"urlTemplate\":\"https:\\\/\\\/covasna45.ro\\\/?s={search_term_string}\"},\"query-input\":{\"@type\":\"PropertyValueSpecification\",\"valueRequired\":true,\"valueName\":\"search_term_string\"}}],\"inLanguage\":\"ro-RO\"},{\"@type\":\"Organization\",\"@id\":\"https:\\\/\\\/covasna45.ro\\\/#organization\",\"name\":\"covasna45.ro\",\"url\":\"https:\\\/\\\/covasna45.ro\\\/\",\"logo\":{\"@type\":\"ImageObject\",\"inLanguage\":\"ro-RO\",\"@id\":\"https:\\\/\\\/covasna45.ro\\\/#\\\/schema\\\/logo\\\/image\\\/\",\"url\":\"https:\\\/\\\/covasna45.ro\\\/wp-content\\\/uploads\\\/2023\\\/01\\\/icon_logo.png\",\"contentUrl\":\"https:\\\/\\\/covasna45.ro\\\/wp-content\\\/uploads\\\/2023\\\/01\\\/icon_logo.png\",\"width\":1900,\"height\":1900,\"caption\":\"covasna45.ro\"},\"image\":{\"@id\":\"https:\\\/\\\/covasna45.ro\\\/#\\\/schema\\\/logo\\\/image\\\/\"}},{\"@type\":\"Person\",\"@id\":\"https:\\\/\\\/covasna45.ro\\\/#\\\/schema\\\/person\\\/e674052bd7d95d70bbb007a1060ab73c\",\"name\":\"Covasna45\",\"image\":{\"@type\":\"ImageObject\",\"inLanguage\":\"ro-RO\",\"@id\":\"https:\\\/\\\/covasna45.ro\\\/wp-content\\\/uploads\\\/2025\\\/10\\\/icon_logo_covasna45-150x150.png\",\"url\":\"https:\\\/\\\/covasna45.ro\\\/wp-content\\\/uploads\\\/2025\\\/10\\\/icon_logo_covasna45-150x150.png\",\"contentUrl\":\"https:\\\/\\\/covasna45.ro\\\/wp-content\\\/uploads\\\/2025\\\/10\\\/icon_logo_covasna45-150x150.png\",\"caption\":\"Covasna45\"},\"sameAs\":[\"https:\\\/\\\/covasna45.ro\"],\"url\":\"https:\\\/\\\/covasna45.ro\\\/index.php\\\/author\\\/covasna\\\/\"}]}<\/script>\n<!-- \/ Yoast SEO plugin. -->","yoast_head_json":{"title":"Ungaria nu \u00eel vrea pe Rutte la \u0219efia NATO - Covasna45","description":"Szijj\u00e1rt\u00f3 a confirmat, de asemenea, c\u0103 \u201eo parte semnificativ\u0103\u201d a statelor membre\u201d NATO sus\u0163in \u201e\u00een mod clar\u201d alegerea lui Mark Rutte","robots":{"index":"index","follow":"follow","max-snippet":"max-snippet:-1","max-image-preview":"max-image-preview:large","max-video-preview":"max-video-preview:-1"},"canonical":"https:\/\/covasna45.ro\/index.php\/lumea-larga\/ungaria-nu-il-vrea-pe-rutte-la-sefia-nato\/","og_locale":"ro_RO","og_type":"article","og_title":"Ungaria nu \u00eel vrea pe Rutte la \u0219efia NATO - Covasna45","og_description":"Szijj\u00e1rt\u00f3 a confirmat, de asemenea, c\u0103 \u201eo parte semnificativ\u0103\u201d a statelor membre\u201d NATO sus\u0163in \u201e\u00een mod clar\u201d alegerea lui Mark Rutte","og_url":"https:\/\/covasna45.ro\/index.php\/lumea-larga\/ungaria-nu-il-vrea-pe-rutte-la-sefia-nato\/","og_site_name":"Covasna45","article_published_time":"2024-04-04T12:17:18+00:00","article_modified_time":"2024-04-04T12:17:19+00:00","og_image":[{"width":1774,"height":1183,"url":"https:\/\/covasna45.ro\/wp-content\/uploads\/2024\/04\/rutte.jpg","type":"image\/jpeg"}],"author":"Covasna45","twitter_card":"summary_large_image","twitter_misc":{"Scris de":"Covasna45","Timp estimat pentru citire":"3 minute"},"schema":{"@context":"https:\/\/schema.org","@graph":[{"@type":"Article","@id":"https:\/\/covasna45.ro\/index.php\/lumea-larga\/ungaria-nu-il-vrea-pe-rutte-la-sefia-nato\/#article","isPartOf":{"@id":"https:\/\/covasna45.ro\/index.php\/lumea-larga\/ungaria-nu-il-vrea-pe-rutte-la-sefia-nato\/"},"author":{"name":"Covasna45","@id":"https:\/\/covasna45.ro\/#\/schema\/person\/e674052bd7d95d70bbb007a1060ab73c"},"headline":"Ungaria nu \u00eel vrea pe Rutte la \u0219efia NATO","datePublished":"2024-04-04T12:17:18+00:00","dateModified":"2024-04-04T12:17:19+00:00","mainEntityOfPage":{"@id":"https:\/\/covasna45.ro\/index.php\/lumea-larga\/ungaria-nu-il-vrea-pe-rutte-la-sefia-nato\/"},"wordCount":502,"commentCount":0,"publisher":{"@id":"https:\/\/covasna45.ro\/#organization"},"image":{"@id":"https:\/\/covasna45.ro\/index.php\/lumea-larga\/ungaria-nu-il-vrea-pe-rutte-la-sefia-nato\/#primaryimage"},"thumbnailUrl":"https:\/\/covasna45.ro\/wp-content\/uploads\/2024\/04\/rutte.jpg","keywords":["Klaus Iohannis","Mark Rutte","NATO","P\u00e9ter Szijj\u00e1rt\u00f3"],"articleSection":["Lumea larg\u0103"],"inLanguage":"ro-RO","potentialAction":[{"@type":"CommentAction","name":"Comment","target":["https:\/\/covasna45.ro\/index.php\/lumea-larga\/ungaria-nu-il-vrea-pe-rutte-la-sefia-nato\/#respond"]}]},{"@type":"WebPage","@id":"https:\/\/covasna45.ro\/index.php\/lumea-larga\/ungaria-nu-il-vrea-pe-rutte-la-sefia-nato\/","url":"https:\/\/covasna45.ro\/index.php\/lumea-larga\/ungaria-nu-il-vrea-pe-rutte-la-sefia-nato\/","name":"Ungaria nu \u00eel vrea pe Rutte la \u0219efia NATO - Covasna45","isPartOf":{"@id":"https:\/\/covasna45.ro\/#website"},"primaryImageOfPage":{"@id":"https:\/\/covasna45.ro\/index.php\/lumea-larga\/ungaria-nu-il-vrea-pe-rutte-la-sefia-nato\/#primaryimage"},"image":{"@id":"https:\/\/covasna45.ro\/index.php\/lumea-larga\/ungaria-nu-il-vrea-pe-rutte-la-sefia-nato\/#primaryimage"},"thumbnailUrl":"https:\/\/covasna45.ro\/wp-content\/uploads\/2024\/04\/rutte.jpg","datePublished":"2024-04-04T12:17:18+00:00","dateModified":"2024-04-04T12:17:19+00:00","description":"Szijj\u00e1rt\u00f3 a confirmat, de asemenea, c\u0103 \u201eo parte semnificativ\u0103\u201d a statelor membre\u201d NATO sus\u0163in \u201e\u00een mod clar\u201d alegerea lui Mark Rutte","breadcrumb":{"@id":"https:\/\/covasna45.ro\/index.php\/lumea-larga\/ungaria-nu-il-vrea-pe-rutte-la-sefia-nato\/#breadcrumb"},"inLanguage":"ro-RO","potentialAction":[{"@type":"ReadAction","target":["https:\/\/covasna45.ro\/index.php\/lumea-larga\/ungaria-nu-il-vrea-pe-rutte-la-sefia-nato\/"]}]},{"@type":"ImageObject","inLanguage":"ro-RO","@id":"https:\/\/covasna45.ro\/index.php\/lumea-larga\/ungaria-nu-il-vrea-pe-rutte-la-sefia-nato\/#primaryimage","url":"https:\/\/covasna45.ro\/wp-content\/uploads\/2024\/04\/rutte.jpg","contentUrl":"https:\/\/covasna45.ro\/wp-content\/uploads\/2024\/04\/rutte.jpg","width":1774,"height":1183},{"@type":"BreadcrumbList","@id":"https:\/\/covasna45.ro\/index.php\/lumea-larga\/ungaria-nu-il-vrea-pe-rutte-la-sefia-nato\/#breadcrumb","itemListElement":[{"@type":"ListItem","position":1,"name":"Prima pagin\u0103","item":"https:\/\/covasna45.ro\/"},{"@type":"ListItem","position":2,"name":"Ungaria nu \u00eel vrea pe Rutte la \u0219efia NATO"}]},{"@type":"WebSite","@id":"https:\/\/covasna45.ro\/#website","url":"https:\/\/covasna45.ro\/","name":"covasna45.ro","description":"","publisher":{"@id":"https:\/\/covasna45.ro\/#organization"},"potentialAction":[{"@type":"SearchAction","target":{"@type":"EntryPoint","urlTemplate":"https:\/\/covasna45.ro\/?s={search_term_string}"},"query-input":{"@type":"PropertyValueSpecification","valueRequired":true,"valueName":"search_term_string"}}],"inLanguage":"ro-RO"},{"@type":"Organization","@id":"https:\/\/covasna45.ro\/#organization","name":"covasna45.ro","url":"https:\/\/covasna45.ro\/","logo":{"@type":"ImageObject","inLanguage":"ro-RO","@id":"https:\/\/covasna45.ro\/#\/schema\/logo\/image\/","url":"https:\/\/covasna45.ro\/wp-content\/uploads\/2023\/01\/icon_logo.png","contentUrl":"https:\/\/covasna45.ro\/wp-content\/uploads\/2023\/01\/icon_logo.png","width":1900,"height":1900,"caption":"covasna45.ro"},"image":{"@id":"https:\/\/covasna45.ro\/#\/schema\/logo\/image\/"}},{"@type":"Person","@id":"https:\/\/covasna45.ro\/#\/schema\/person\/e674052bd7d95d70bbb007a1060ab73c","name":"Covasna45","image":{"@type":"ImageObject","inLanguage":"ro-RO","@id":"https:\/\/covasna45.ro\/wp-content\/uploads\/2025\/10\/icon_logo_covasna45-150x150.png","url":"https:\/\/covasna45.ro\/wp-content\/uploads\/2025\/10\/icon_logo_covasna45-150x150.png","contentUrl":"https:\/\/covasna45.ro\/wp-content\/uploads\/2025\/10\/icon_logo_covasna45-150x150.png","caption":"Covasna45"},"sameAs":["https:\/\/covasna45.ro"],"url":"https:\/\/covasna45.ro\/index.php\/author\/covasna\/"}]}},"_links":{"self":[{"href":"https:\/\/covasna45.ro\/index.php\/wp-json\/wp\/v2\/posts\/5464","targetHints":{"allow":["GET"]}}],"collection":[{"href":"https:\/\/covasna45.ro\/index.php\/wp-json\/wp\/v2\/posts"}],"about":[{"href":"https:\/\/covasna45.ro\/index.php\/wp-json\/wp\/v2\/types\/post"}],"author":[{"embeddable":true,"href":"https:\/\/covasna45.ro\/index.php\/wp-json\/wp\/v2\/users\/1"}],"replies":[{"embeddable":true,"href":"https:\/\/covasna45.ro\/index.php\/wp-json\/wp\/v2\/comments?post=5464"}],"version-history":[{"count":1,"href":"https:\/\/covasna45.ro\/index.php\/wp-json\/wp\/v2\/posts\/5464\/revisions"}],"predecessor-version":[{"id":5466,"href":"https:\/\/covasna45.ro\/index.php\/wp-json\/wp\/v2\/posts\/5464\/revisions\/5466"}],"wp:featuredmedia":[{"embeddable":true,"href":"https:\/\/covasna45.ro\/index.php\/wp-json\/wp\/v2\/media\/5465"}],"wp:attachment":[{"href":"https:\/\/covasna45.ro\/index.php\/wp-json\/wp\/v2\/media?parent=5464"}],"wp:term":[{"taxonomy":"category","embeddable":true,"href":"https:\/\/covasna45.ro\/index.php\/wp-json\/wp\/v2\/categories?post=5464"},{"taxonomy":"post_tag","embeddable":true,"href":"https:\/\/covasna45.ro\/index.php\/wp-json\/wp\/v2\/tags?post=5464"}],"curies":[{"name":"wp","href":"https:\/\/api.w.org\/{rel}","templated":true}]}}