{"id":5618,"date":"2024-04-19T13:18:51","date_gmt":"2024-04-19T11:18:51","guid":{"rendered":"https:\/\/covasna45.ro\/?p=5618"},"modified":"2024-04-19T13:18:52","modified_gmt":"2024-04-19T11:18:52","slug":"ilie-nicolae-primarul-din-borosneu-mare-s-a-inscris-in-psd","status":"publish","type":"post","link":"https:\/\/covasna45.ro\/index.php\/lumea-noastra\/ilie-nicolae-primarul-din-borosneu-mare-s-a-inscris-in-psd\/","title":{"rendered":"Ilie Nicolae, primarul din Boro\u0219neu Mare, s-a \u00eenscris \u00een PSD"},"content":{"rendered":"\n<p>Ilie Nicolae, primarul comunei Boro\u0219neu Mare, s-a \u00eenscris, ast\u0103zi, \u00een Partidul Social Democrat. Anun\u021bul a fost f\u0103cut de pre\u0219edintele organiza\u021biei jude\u021bene a social-democra\u021bilor, Bogdan Barbu.<\/p>\n\n\n\n<p>\u201e<strong><em>\u00cencep\u00e2nd de ast\u0103zi, colegul \u0219i prietenul meu, Dl Ilie Nicolae, primar al comunei Boro\u0219neu Mare, a luat decizia de a se al\u0103tura echipei PSD.<\/em><\/strong><\/p>\n\n\n\n<p>Decizia dumnealui de a veni \u00een partidul nostru reprezint\u0103 un semn de \u00eencredere \u00een valorile noastre, \u00een echipa noastr\u0103 \u0219i \u00een direc\u021bia pe care o avem pentru comunit\u0103\u021bile locale.<\/p>\n\n\n\n<figure class=\"wp-block-image size-full\"><img loading=\"lazy\" decoding=\"async\" width=\"932\" height=\"606\" src=\"https:\/\/covasna45.ro\/wp-content\/uploads\/2024\/04\/ilie-bogdan-barbu.jpg\" alt=\"\" class=\"wp-image-5619\" srcset=\"https:\/\/covasna45.ro\/wp-content\/uploads\/2024\/04\/ilie-bogdan-barbu.jpg 932w, https:\/\/covasna45.ro\/wp-content\/uploads\/2024\/04\/ilie-bogdan-barbu-300x195.jpg 300w, https:\/\/covasna45.ro\/wp-content\/uploads\/2024\/04\/ilie-bogdan-barbu-768x499.jpg 768w, https:\/\/covasna45.ro\/wp-content\/uploads\/2024\/04\/ilie-bogdan-barbu-150x98.jpg 150w, https:\/\/covasna45.ro\/wp-content\/uploads\/2024\/04\/ilie-bogdan-barbu-696x453.jpg 696w\" sizes=\"auto, (max-width: 932px) 100vw, 932px\" \/><\/figure>\n\n\n\n<p><strong><em>Am convingerea c\u0103, prin colaborarea noastr\u0103, vom reu\u0219i s\u0103 aducem schimb\u0103ri pozitive \u0219i s\u0103 construim un viitor mai bun pentru to\u021bi locuitorii comunei Boro\u0219neu. \u00cei mul\u021bumim domnului primar pentru \u00eencrederea acordat\u0103 \u0219i \u00eel asigur\u0103m de tot sprijinul nostru<\/em><\/strong>\u201d, a transmis \u0219eful PSD Covasna.<\/p>\n\n\n\n<p>De altfel, Ilie Nicolae a fost prezent \u0219i la Conferin\u021ba jude\u021bean\u0103 de alegeri a PSD Covasna, <a href=\"https:\/\/covasna45.ro\/index.php\/lumea-noastra\/bogdan-barbu-primarul-comunei-dobarlau-ales-presedinte-al-psd-covasna\/\">eveniment<\/a> ce s-a desf\u0103\u0219urat la Hotel Clermont pe 26 februarie 2024 \u0219i la care a participat \u0219i pre\u0219edintele PSD, Marcel Ciolacu, al\u0103turi de mai mul\u021bi mini\u0219tri.<\/p>\n\n\n\n<figure class=\"wp-block-image size-large\"><img loading=\"lazy\" decoding=\"async\" width=\"1024\" height=\"777\" src=\"https:\/\/covasna45.ro\/wp-content\/uploads\/2024\/04\/ilie-ciolacu-1024x777.jpg\" alt=\"\" class=\"wp-image-5620\" srcset=\"https:\/\/covasna45.ro\/wp-content\/uploads\/2024\/04\/ilie-ciolacu-1024x777.jpg 1024w, https:\/\/covasna45.ro\/wp-content\/uploads\/2024\/04\/ilie-ciolacu-300x228.jpg 300w, https:\/\/covasna45.ro\/wp-content\/uploads\/2024\/04\/ilie-ciolacu-768x583.jpg 768w, https:\/\/covasna45.ro\/wp-content\/uploads\/2024\/04\/ilie-ciolacu-150x114.jpg 150w, https:\/\/covasna45.ro\/wp-content\/uploads\/2024\/04\/ilie-ciolacu-696x528.jpg 696w, https:\/\/covasna45.ro\/wp-content\/uploads\/2024\/04\/ilie-ciolacu-1068x810.jpg 1068w, https:\/\/covasna45.ro\/wp-content\/uploads\/2024\/04\/ilie-ciolacu.jpg 1132w\" sizes=\"auto, (max-width: 1024px) 100vw, 1024px\" \/><\/figure>\n\n\n\n<p>Ilie Nicolae se preg\u0103te\u0219te s\u0103 candideze pentru un nou mandat de primar la Boro\u0219neu Mare. \u00cen 2020, el a fost ales din partea ALDE cu aproape 60% din voturi. Dac\u0103 va fi reales \u00een 9 iunie, va \u00eencepe al treilea mandat.<\/p>\n\n\n\n<p>\u201e<strong><em>Am ales PSD \u00een primul r\u00e2nd pentru c\u0103 Guvernul ne-a ajutat cu fonduri pentru proiectele noastre de dezvoltare. \u0218i am convingerea c\u0103 o va face \u00een continuare. \u00cen al doilea r\u00e2nd, e un partid puternic, fie c\u0103 e la guvernare, fie \u00een Opozi\u021bie. Au dovedit c\u0103 au interes pentru cei din mediul rural, c\u0103 ne ajut\u0103<\/em><\/strong>\u201d, a declarat, pentru <a href=\"https:\/\/covasna45.ro\/index.php\/lumea-noastra\/primarul-roman-din-comuna-secuiasca\/\">covasna45.ro<\/a>, Ilie Nicolae.<\/p>\n\n\n\n<p>Boro\u0219neu Mare este o comun\u0103 cu popula\u021bie majoritar maghiar\u0103 \u2013 aproape 90%. Ilie Nicolae a fost comisar-\u0219ef de poli\u021bie \u00een cadrul IPJ Covasna. Cariera \u0219i-a \u00eenceput-o \u00een 1980, ca ajutor de \u0219ef de post \u00een Boro\u0219neu Mare.<\/p>\n\n\n\n<figure class=\"wp-block-image size-large\"><img loading=\"lazy\" decoding=\"async\" width=\"1024\" height=\"768\" src=\"https:\/\/covasna45.ro\/wp-content\/uploads\/2024\/04\/ilie-erjebet-1024x768.jpg\" alt=\"\" class=\"wp-image-5621\" srcset=\"https:\/\/covasna45.ro\/wp-content\/uploads\/2024\/04\/ilie-erjebet-1024x768.jpg 1024w, https:\/\/covasna45.ro\/wp-content\/uploads\/2024\/04\/ilie-erjebet-300x225.jpg 300w, https:\/\/covasna45.ro\/wp-content\/uploads\/2024\/04\/ilie-erjebet-768x576.jpg 768w, https:\/\/covasna45.ro\/wp-content\/uploads\/2024\/04\/ilie-erjebet-1536x1152.jpg 1536w, https:\/\/covasna45.ro\/wp-content\/uploads\/2024\/04\/ilie-erjebet-150x113.jpg 150w, https:\/\/covasna45.ro\/wp-content\/uploads\/2024\/04\/ilie-erjebet-696x522.jpg 696w, https:\/\/covasna45.ro\/wp-content\/uploads\/2024\/04\/ilie-erjebet-1068x801.jpg 1068w, https:\/\/covasna45.ro\/wp-content\/uploads\/2024\/04\/ilie-erjebet.jpg 1624w\" sizes=\"auto, (max-width: 1024px) 100vw, 1024px\" \/><\/figure>\n\n\n\n<p>Am mai scris despre Ilie Nicolae c\u00e2nd a f\u0103cut un gest frumos, al\u0103turi de viceprimarul Nagy Gyorgy: i-au dus o diplom\u0103, flori \u0219i tort veteranei de v\u00e2rst\u0103 a comunei, Bod\u00f3 Erzs\u00e9bet, la \u00eemplinirea v\u00e2rstei de 100 de ani. Detalii,<a href=\"https:\/\/covasna45.ro\/index.php\/lumea-noastra\/erzsebet-neni-din-borosneu-mare-la-100-de-ani-traiti-va-viata\/\"> AICI<\/a>.<\/p>\n","protected":false},"excerpt":{"rendered":"<p>Ilie Nicolae, primarul comunei Boro\u0219neu Mare, s-a \u00eenscris, ast\u0103zi, \u00een Partidul Social Democrat. Anun\u021bul a fost f\u0103cut de pre\u0219edintele organiza\u021biei jude\u021bene a social-democra\u021bilor, Bogdan Barbu. \u201e\u00cencep\u00e2nd de ast\u0103zi, colegul \u0219i prietenul meu, Dl Ilie Nicolae, primar al comunei Boro\u0219neu Mare, a luat decizia de a se al\u0103tura echipei PSD. Decizia dumnealui de a veni \u00een [&hellip;]<\/p>\n","protected":false},"author":1,"featured_media":1889,"comment_status":"open","ping_status":"closed","sticky":false,"template":"","format":"standard","meta":{"tdm_status":"","tdm_grid_status":"","footnotes":""},"categories":[14],"tags":[905,691,2306,625],"class_list":{"0":"post-5618","1":"post","2":"type-post","3":"status-publish","4":"format-standard","5":"has-post-thumbnail","7":"category-lumea-noastra","8":"tag-bogdan-barbu","9":"tag-borosneu-mare","10":"tag-ilie-nicolae","11":"tag-psd"},"yoast_head":"<!-- This site is optimized with the Yoast SEO plugin v27.4 - https:\/\/yoast.com\/product\/yoast-seo-wordpress\/ -->\n<title>Ilie Nicolae, primarul din Boro\u0219neu Mare, s-a \u00eenscris \u00een PSD - Covasna45<\/title>\n<meta name=\"description\" content=\"Anun\u021bul a fost f\u0103cut de pre\u0219edintele organiza\u021biei jude\u021bene a social-democra\u021bilor, Bogdan Barbu.\" \/>\n<meta name=\"robots\" content=\"index, follow, max-snippet:-1, max-image-preview:large, max-video-preview:-1\" \/>\n<link rel=\"canonical\" href=\"https:\/\/covasna45.ro\/index.php\/lumea-noastra\/ilie-nicolae-primarul-din-borosneu-mare-s-a-inscris-in-psd\/\" \/>\n<meta property=\"og:locale\" content=\"ro_RO\" \/>\n<meta property=\"og:type\" content=\"article\" \/>\n<meta property=\"og:title\" content=\"Ilie Nicolae, primarul din Boro\u0219neu Mare, s-a \u00eenscris \u00een PSD - Covasna45\" \/>\n<meta property=\"og:description\" content=\"Anun\u021bul a fost f\u0103cut de pre\u0219edintele organiza\u021biei jude\u021bene a social-democra\u021bilor, Bogdan Barbu.\" \/>\n<meta property=\"og:url\" content=\"https:\/\/covasna45.ro\/index.php\/lumea-noastra\/ilie-nicolae-primarul-din-borosneu-mare-s-a-inscris-in-psd\/\" \/>\n<meta property=\"og:site_name\" content=\"Covasna45\" \/>\n<meta property=\"article:published_time\" content=\"2024-04-19T11:18:51+00:00\" \/>\n<meta property=\"article:modified_time\" content=\"2024-04-19T11:18:52+00:00\" \/>\n<meta property=\"og:image\" content=\"https:\/\/covasna45.ro\/wp-content\/uploads\/2023\/05\/primar-borosneu-scaled.jpg\" \/>\n\t<meta property=\"og:image:width\" content=\"2560\" \/>\n\t<meta property=\"og:image:height\" content=\"1912\" \/>\n\t<meta property=\"og:image:type\" content=\"image\/jpeg\" \/>\n<meta name=\"author\" content=\"Covasna45\" \/>\n<meta name=\"twitter:card\" content=\"summary_large_image\" \/>\n<meta name=\"twitter:label1\" content=\"Scris de\" \/>\n\t<meta name=\"twitter:data1\" content=\"Covasna45\" \/>\n\t<meta name=\"twitter:label2\" content=\"Timp estimat pentru citire\" \/>\n\t<meta name=\"twitter:data2\" content=\"3 minute\" \/>\n<script type=\"application\/ld+json\" class=\"yoast-schema-graph\">{\"@context\":\"https:\\\/\\\/schema.org\",\"@graph\":[{\"@type\":\"Article\",\"@id\":\"https:\\\/\\\/covasna45.ro\\\/index.php\\\/lumea-noastra\\\/ilie-nicolae-primarul-din-borosneu-mare-s-a-inscris-in-psd\\\/#article\",\"isPartOf\":{\"@id\":\"https:\\\/\\\/covasna45.ro\\\/index.php\\\/lumea-noastra\\\/ilie-nicolae-primarul-din-borosneu-mare-s-a-inscris-in-psd\\\/\"},\"author\":{\"name\":\"Covasna45\",\"@id\":\"https:\\\/\\\/covasna45.ro\\\/#\\\/schema\\\/person\\\/e674052bd7d95d70bbb007a1060ab73c\"},\"headline\":\"Ilie Nicolae, primarul din Boro\u0219neu Mare, s-a \u00eenscris \u00een PSD\",\"datePublished\":\"2024-04-19T11:18:51+00:00\",\"dateModified\":\"2024-04-19T11:18:52+00:00\",\"mainEntityOfPage\":{\"@id\":\"https:\\\/\\\/covasna45.ro\\\/index.php\\\/lumea-noastra\\\/ilie-nicolae-primarul-din-borosneu-mare-s-a-inscris-in-psd\\\/\"},\"wordCount\":390,\"commentCount\":0,\"publisher\":{\"@id\":\"https:\\\/\\\/covasna45.ro\\\/#organization\"},\"image\":{\"@id\":\"https:\\\/\\\/covasna45.ro\\\/index.php\\\/lumea-noastra\\\/ilie-nicolae-primarul-din-borosneu-mare-s-a-inscris-in-psd\\\/#primaryimage\"},\"thumbnailUrl\":\"https:\\\/\\\/covasna45.ro\\\/wp-content\\\/uploads\\\/2023\\\/05\\\/primar-borosneu-scaled.jpg\",\"keywords\":[\"Bogdan Barbu\",\"Boro\u0219neu Mare\",\"Ilie Nicolae\",\"PSD\"],\"articleSection\":[\"Lumea noastr\u0103\"],\"inLanguage\":\"ro-RO\",\"potentialAction\":[{\"@type\":\"CommentAction\",\"name\":\"Comment\",\"target\":[\"https:\\\/\\\/covasna45.ro\\\/index.php\\\/lumea-noastra\\\/ilie-nicolae-primarul-din-borosneu-mare-s-a-inscris-in-psd\\\/#respond\"]}]},{\"@type\":\"WebPage\",\"@id\":\"https:\\\/\\\/covasna45.ro\\\/index.php\\\/lumea-noastra\\\/ilie-nicolae-primarul-din-borosneu-mare-s-a-inscris-in-psd\\\/\",\"url\":\"https:\\\/\\\/covasna45.ro\\\/index.php\\\/lumea-noastra\\\/ilie-nicolae-primarul-din-borosneu-mare-s-a-inscris-in-psd\\\/\",\"name\":\"Ilie Nicolae, primarul din Boro\u0219neu Mare, s-a \u00eenscris \u00een PSD - Covasna45\",\"isPartOf\":{\"@id\":\"https:\\\/\\\/covasna45.ro\\\/#website\"},\"primaryImageOfPage\":{\"@id\":\"https:\\\/\\\/covasna45.ro\\\/index.php\\\/lumea-noastra\\\/ilie-nicolae-primarul-din-borosneu-mare-s-a-inscris-in-psd\\\/#primaryimage\"},\"image\":{\"@id\":\"https:\\\/\\\/covasna45.ro\\\/index.php\\\/lumea-noastra\\\/ilie-nicolae-primarul-din-borosneu-mare-s-a-inscris-in-psd\\\/#primaryimage\"},\"thumbnailUrl\":\"https:\\\/\\\/covasna45.ro\\\/wp-content\\\/uploads\\\/2023\\\/05\\\/primar-borosneu-scaled.jpg\",\"datePublished\":\"2024-04-19T11:18:51+00:00\",\"dateModified\":\"2024-04-19T11:18:52+00:00\",\"description\":\"Anun\u021bul a fost f\u0103cut de pre\u0219edintele organiza\u021biei jude\u021bene a social-democra\u021bilor, Bogdan Barbu.\",\"breadcrumb\":{\"@id\":\"https:\\\/\\\/covasna45.ro\\\/index.php\\\/lumea-noastra\\\/ilie-nicolae-primarul-din-borosneu-mare-s-a-inscris-in-psd\\\/#breadcrumb\"},\"inLanguage\":\"ro-RO\",\"potentialAction\":[{\"@type\":\"ReadAction\",\"target\":[\"https:\\\/\\\/covasna45.ro\\\/index.php\\\/lumea-noastra\\\/ilie-nicolae-primarul-din-borosneu-mare-s-a-inscris-in-psd\\\/\"]}]},{\"@type\":\"ImageObject\",\"inLanguage\":\"ro-RO\",\"@id\":\"https:\\\/\\\/covasna45.ro\\\/index.php\\\/lumea-noastra\\\/ilie-nicolae-primarul-din-borosneu-mare-s-a-inscris-in-psd\\\/#primaryimage\",\"url\":\"https:\\\/\\\/covasna45.ro\\\/wp-content\\\/uploads\\\/2023\\\/05\\\/primar-borosneu-scaled.jpg\",\"contentUrl\":\"https:\\\/\\\/covasna45.ro\\\/wp-content\\\/uploads\\\/2023\\\/05\\\/primar-borosneu-scaled.jpg\",\"width\":2560,\"height\":1912},{\"@type\":\"BreadcrumbList\",\"@id\":\"https:\\\/\\\/covasna45.ro\\\/index.php\\\/lumea-noastra\\\/ilie-nicolae-primarul-din-borosneu-mare-s-a-inscris-in-psd\\\/#breadcrumb\",\"itemListElement\":[{\"@type\":\"ListItem\",\"position\":1,\"name\":\"Prima pagin\u0103\",\"item\":\"https:\\\/\\\/covasna45.ro\\\/\"},{\"@type\":\"ListItem\",\"position\":2,\"name\":\"Ilie Nicolae, primarul din Boro\u0219neu Mare, s-a \u00eenscris \u00een PSD\"}]},{\"@type\":\"WebSite\",\"@id\":\"https:\\\/\\\/covasna45.ro\\\/#website\",\"url\":\"https:\\\/\\\/covasna45.ro\\\/\",\"name\":\"covasna45.ro\",\"description\":\"\",\"publisher\":{\"@id\":\"https:\\\/\\\/covasna45.ro\\\/#organization\"},\"potentialAction\":[{\"@type\":\"SearchAction\",\"target\":{\"@type\":\"EntryPoint\",\"urlTemplate\":\"https:\\\/\\\/covasna45.ro\\\/?s={search_term_string}\"},\"query-input\":{\"@type\":\"PropertyValueSpecification\",\"valueRequired\":true,\"valueName\":\"search_term_string\"}}],\"inLanguage\":\"ro-RO\"},{\"@type\":\"Organization\",\"@id\":\"https:\\\/\\\/covasna45.ro\\\/#organization\",\"name\":\"covasna45.ro\",\"url\":\"https:\\\/\\\/covasna45.ro\\\/\",\"logo\":{\"@type\":\"ImageObject\",\"inLanguage\":\"ro-RO\",\"@id\":\"https:\\\/\\\/covasna45.ro\\\/#\\\/schema\\\/logo\\\/image\\\/\",\"url\":\"https:\\\/\\\/covasna45.ro\\\/wp-content\\\/uploads\\\/2023\\\/01\\\/icon_logo.png\",\"contentUrl\":\"https:\\\/\\\/covasna45.ro\\\/wp-content\\\/uploads\\\/2023\\\/01\\\/icon_logo.png\",\"width\":1900,\"height\":1900,\"caption\":\"covasna45.ro\"},\"image\":{\"@id\":\"https:\\\/\\\/covasna45.ro\\\/#\\\/schema\\\/logo\\\/image\\\/\"}},{\"@type\":\"Person\",\"@id\":\"https:\\\/\\\/covasna45.ro\\\/#\\\/schema\\\/person\\\/e674052bd7d95d70bbb007a1060ab73c\",\"name\":\"Covasna45\",\"image\":{\"@type\":\"ImageObject\",\"inLanguage\":\"ro-RO\",\"@id\":\"https:\\\/\\\/covasna45.ro\\\/wp-content\\\/uploads\\\/2025\\\/10\\\/icon_logo_covasna45-150x150.png\",\"url\":\"https:\\\/\\\/covasna45.ro\\\/wp-content\\\/uploads\\\/2025\\\/10\\\/icon_logo_covasna45-150x150.png\",\"contentUrl\":\"https:\\\/\\\/covasna45.ro\\\/wp-content\\\/uploads\\\/2025\\\/10\\\/icon_logo_covasna45-150x150.png\",\"caption\":\"Covasna45\"},\"sameAs\":[\"https:\\\/\\\/covasna45.ro\"],\"url\":\"https:\\\/\\\/covasna45.ro\\\/index.php\\\/author\\\/covasna\\\/\"}]}<\/script>\n<!-- \/ Yoast SEO plugin. -->","yoast_head_json":{"title":"Ilie Nicolae, primarul din Boro\u0219neu Mare, s-a \u00eenscris \u00een PSD - Covasna45","description":"Anun\u021bul a fost f\u0103cut de pre\u0219edintele organiza\u021biei jude\u021bene a social-democra\u021bilor, Bogdan Barbu.","robots":{"index":"index","follow":"follow","max-snippet":"max-snippet:-1","max-image-preview":"max-image-preview:large","max-video-preview":"max-video-preview:-1"},"canonical":"https:\/\/covasna45.ro\/index.php\/lumea-noastra\/ilie-nicolae-primarul-din-borosneu-mare-s-a-inscris-in-psd\/","og_locale":"ro_RO","og_type":"article","og_title":"Ilie Nicolae, primarul din Boro\u0219neu Mare, s-a \u00eenscris \u00een PSD - Covasna45","og_description":"Anun\u021bul a fost f\u0103cut de pre\u0219edintele organiza\u021biei jude\u021bene a social-democra\u021bilor, Bogdan Barbu.","og_url":"https:\/\/covasna45.ro\/index.php\/lumea-noastra\/ilie-nicolae-primarul-din-borosneu-mare-s-a-inscris-in-psd\/","og_site_name":"Covasna45","article_published_time":"2024-04-19T11:18:51+00:00","article_modified_time":"2024-04-19T11:18:52+00:00","og_image":[{"width":2560,"height":1912,"url":"https:\/\/covasna45.ro\/wp-content\/uploads\/2023\/05\/primar-borosneu-scaled.jpg","type":"image\/jpeg"}],"author":"Covasna45","twitter_card":"summary_large_image","twitter_misc":{"Scris de":"Covasna45","Timp estimat pentru citire":"3 minute"},"schema":{"@context":"https:\/\/schema.org","@graph":[{"@type":"Article","@id":"https:\/\/covasna45.ro\/index.php\/lumea-noastra\/ilie-nicolae-primarul-din-borosneu-mare-s-a-inscris-in-psd\/#article","isPartOf":{"@id":"https:\/\/covasna45.ro\/index.php\/lumea-noastra\/ilie-nicolae-primarul-din-borosneu-mare-s-a-inscris-in-psd\/"},"author":{"name":"Covasna45","@id":"https:\/\/covasna45.ro\/#\/schema\/person\/e674052bd7d95d70bbb007a1060ab73c"},"headline":"Ilie Nicolae, primarul din Boro\u0219neu Mare, s-a \u00eenscris \u00een PSD","datePublished":"2024-04-19T11:18:51+00:00","dateModified":"2024-04-19T11:18:52+00:00","mainEntityOfPage":{"@id":"https:\/\/covasna45.ro\/index.php\/lumea-noastra\/ilie-nicolae-primarul-din-borosneu-mare-s-a-inscris-in-psd\/"},"wordCount":390,"commentCount":0,"publisher":{"@id":"https:\/\/covasna45.ro\/#organization"},"image":{"@id":"https:\/\/covasna45.ro\/index.php\/lumea-noastra\/ilie-nicolae-primarul-din-borosneu-mare-s-a-inscris-in-psd\/#primaryimage"},"thumbnailUrl":"https:\/\/covasna45.ro\/wp-content\/uploads\/2023\/05\/primar-borosneu-scaled.jpg","keywords":["Bogdan Barbu","Boro\u0219neu Mare","Ilie Nicolae","PSD"],"articleSection":["Lumea noastr\u0103"],"inLanguage":"ro-RO","potentialAction":[{"@type":"CommentAction","name":"Comment","target":["https:\/\/covasna45.ro\/index.php\/lumea-noastra\/ilie-nicolae-primarul-din-borosneu-mare-s-a-inscris-in-psd\/#respond"]}]},{"@type":"WebPage","@id":"https:\/\/covasna45.ro\/index.php\/lumea-noastra\/ilie-nicolae-primarul-din-borosneu-mare-s-a-inscris-in-psd\/","url":"https:\/\/covasna45.ro\/index.php\/lumea-noastra\/ilie-nicolae-primarul-din-borosneu-mare-s-a-inscris-in-psd\/","name":"Ilie Nicolae, primarul din Boro\u0219neu Mare, s-a \u00eenscris \u00een PSD - Covasna45","isPartOf":{"@id":"https:\/\/covasna45.ro\/#website"},"primaryImageOfPage":{"@id":"https:\/\/covasna45.ro\/index.php\/lumea-noastra\/ilie-nicolae-primarul-din-borosneu-mare-s-a-inscris-in-psd\/#primaryimage"},"image":{"@id":"https:\/\/covasna45.ro\/index.php\/lumea-noastra\/ilie-nicolae-primarul-din-borosneu-mare-s-a-inscris-in-psd\/#primaryimage"},"thumbnailUrl":"https:\/\/covasna45.ro\/wp-content\/uploads\/2023\/05\/primar-borosneu-scaled.jpg","datePublished":"2024-04-19T11:18:51+00:00","dateModified":"2024-04-19T11:18:52+00:00","description":"Anun\u021bul a fost f\u0103cut de pre\u0219edintele organiza\u021biei jude\u021bene a social-democra\u021bilor, Bogdan Barbu.","breadcrumb":{"@id":"https:\/\/covasna45.ro\/index.php\/lumea-noastra\/ilie-nicolae-primarul-din-borosneu-mare-s-a-inscris-in-psd\/#breadcrumb"},"inLanguage":"ro-RO","potentialAction":[{"@type":"ReadAction","target":["https:\/\/covasna45.ro\/index.php\/lumea-noastra\/ilie-nicolae-primarul-din-borosneu-mare-s-a-inscris-in-psd\/"]}]},{"@type":"ImageObject","inLanguage":"ro-RO","@id":"https:\/\/covasna45.ro\/index.php\/lumea-noastra\/ilie-nicolae-primarul-din-borosneu-mare-s-a-inscris-in-psd\/#primaryimage","url":"https:\/\/covasna45.ro\/wp-content\/uploads\/2023\/05\/primar-borosneu-scaled.jpg","contentUrl":"https:\/\/covasna45.ro\/wp-content\/uploads\/2023\/05\/primar-borosneu-scaled.jpg","width":2560,"height":1912},{"@type":"BreadcrumbList","@id":"https:\/\/covasna45.ro\/index.php\/lumea-noastra\/ilie-nicolae-primarul-din-borosneu-mare-s-a-inscris-in-psd\/#breadcrumb","itemListElement":[{"@type":"ListItem","position":1,"name":"Prima pagin\u0103","item":"https:\/\/covasna45.ro\/"},{"@type":"ListItem","position":2,"name":"Ilie Nicolae, primarul din Boro\u0219neu Mare, s-a \u00eenscris \u00een PSD"}]},{"@type":"WebSite","@id":"https:\/\/covasna45.ro\/#website","url":"https:\/\/covasna45.ro\/","name":"covasna45.ro","description":"","publisher":{"@id":"https:\/\/covasna45.ro\/#organization"},"potentialAction":[{"@type":"SearchAction","target":{"@type":"EntryPoint","urlTemplate":"https:\/\/covasna45.ro\/?s={search_term_string}"},"query-input":{"@type":"PropertyValueSpecification","valueRequired":true,"valueName":"search_term_string"}}],"inLanguage":"ro-RO"},{"@type":"Organization","@id":"https:\/\/covasna45.ro\/#organization","name":"covasna45.ro","url":"https:\/\/covasna45.ro\/","logo":{"@type":"ImageObject","inLanguage":"ro-RO","@id":"https:\/\/covasna45.ro\/#\/schema\/logo\/image\/","url":"https:\/\/covasna45.ro\/wp-content\/uploads\/2023\/01\/icon_logo.png","contentUrl":"https:\/\/covasna45.ro\/wp-content\/uploads\/2023\/01\/icon_logo.png","width":1900,"height":1900,"caption":"covasna45.ro"},"image":{"@id":"https:\/\/covasna45.ro\/#\/schema\/logo\/image\/"}},{"@type":"Person","@id":"https:\/\/covasna45.ro\/#\/schema\/person\/e674052bd7d95d70bbb007a1060ab73c","name":"Covasna45","image":{"@type":"ImageObject","inLanguage":"ro-RO","@id":"https:\/\/covasna45.ro\/wp-content\/uploads\/2025\/10\/icon_logo_covasna45-150x150.png","url":"https:\/\/covasna45.ro\/wp-content\/uploads\/2025\/10\/icon_logo_covasna45-150x150.png","contentUrl":"https:\/\/covasna45.ro\/wp-content\/uploads\/2025\/10\/icon_logo_covasna45-150x150.png","caption":"Covasna45"},"sameAs":["https:\/\/covasna45.ro"],"url":"https:\/\/covasna45.ro\/index.php\/author\/covasna\/"}]}},"_links":{"self":[{"href":"https:\/\/covasna45.ro\/index.php\/wp-json\/wp\/v2\/posts\/5618","targetHints":{"allow":["GET"]}}],"collection":[{"href":"https:\/\/covasna45.ro\/index.php\/wp-json\/wp\/v2\/posts"}],"about":[{"href":"https:\/\/covasna45.ro\/index.php\/wp-json\/wp\/v2\/types\/post"}],"author":[{"embeddable":true,"href":"https:\/\/covasna45.ro\/index.php\/wp-json\/wp\/v2\/users\/1"}],"replies":[{"embeddable":true,"href":"https:\/\/covasna45.ro\/index.php\/wp-json\/wp\/v2\/comments?post=5618"}],"version-history":[{"count":1,"href":"https:\/\/covasna45.ro\/index.php\/wp-json\/wp\/v2\/posts\/5618\/revisions"}],"predecessor-version":[{"id":5622,"href":"https:\/\/covasna45.ro\/index.php\/wp-json\/wp\/v2\/posts\/5618\/revisions\/5622"}],"wp:featuredmedia":[{"embeddable":true,"href":"https:\/\/covasna45.ro\/index.php\/wp-json\/wp\/v2\/media\/1889"}],"wp:attachment":[{"href":"https:\/\/covasna45.ro\/index.php\/wp-json\/wp\/v2\/media?parent=5618"}],"wp:term":[{"taxonomy":"category","embeddable":true,"href":"https:\/\/covasna45.ro\/index.php\/wp-json\/wp\/v2\/categories?post=5618"},{"taxonomy":"post_tag","embeddable":true,"href":"https:\/\/covasna45.ro\/index.php\/wp-json\/wp\/v2\/tags?post=5618"}],"curies":[{"name":"wp","href":"https:\/\/api.w.org\/{rel}","templated":true}]}}