{"id":5703,"date":"2024-04-25T10:44:21","date_gmt":"2024-04-25T08:44:21","guid":{"rendered":"https:\/\/covasna45.ro\/?p=5703"},"modified":"2024-04-25T10:44:58","modified_gmt":"2024-04-25T08:44:58","slug":"marius-stefanescu-vrea-sa-plece-de-la-sepsi-osk-la-vara","status":"publish","type":"post","link":"https:\/\/covasna45.ro\/index.php\/lumea-noastra\/marius-stefanescu-vrea-sa-plece-de-la-sepsi-osk-la-vara\/","title":{"rendered":"Marius \u0218tef\u0103nescu vrea s\u0103 plece de la Sepsi OSK la var\u0103"},"content":{"rendered":"\n<p>Marius \u0218tef\u0103nescu a declarat, dup\u0103 remiza cu FCSB, scor 2-2, din runda a 6-a a play-off-ului din Superlig\u0103, c\u0103 \u00ee\u0219i dore\u0219te enorm s\u0103 se transfere \u00een aceast\u0103 var\u0103. El ar fi dispus s\u0103 pl\u0103teasc\u0103 din buzunarul s\u0103u pentru a fi l\u0103sat s\u0103 plece la finalul acestui sezon.<\/p>\n\n\n\n<p>L\u00e1szl\u00f3 Di\u00f3szegi a transmis ferm c\u0103 nu \u00eel va las\u0103 s\u0103 se transfere la FCSB nici pe 10 milioane de euro. Juc\u0103torul \u00eei transmite ironic \u0219efului s\u0103u c\u0103 vrea s\u0103 achite din buzunarul lui, o suma modic\u0103, de un euro, peste cele 10 milioane de euro solicitate, numai s\u0103 i se acorde transferul la FCSB sau alt\u0103 echip\u0103 care este dispus\u0103 s\u0103 achite aceast\u0103 sum\u0103 imposibil\u0103.<\/p>\n\n\n\n<p><strong><em>\u201eDac\u0103 va veni o ofert\u0103 bun\u0103, normal c\u0103 voi pleca. Asta dac\u0103 d\u0103 cineva 10 milioane, dau eu un euro, ca s\u0103 plec, dac\u0103 a\u0219a a zis patronul!\u201d,<\/em><\/strong> a spus \u0218tef\u0103nescu.<\/p>\n\n\n\n<h2 class=\"wp-block-heading\">Di\u00f3szegi: <strong><em>\u201eOnoarea noastr\u0103 nu se poate cump\u0103ra!\u201d<\/em><\/strong><\/h2>\n\n\n\n<p>L\u00e1szl\u00f3 Di\u00f3szegi sus\u021bine c\u0103 nu \u00eel va l\u0103sa s\u0103 plece pe \u0218tef\u0103nescu la liderul din Superlig\u0103 nici pentru 10 milioane de euro &#8211; o sum\u0103 mult prea mare. <strong><em>\u201eNu am mai discutat cu ei<\/em><\/strong> (n.r. cu Gigi Becali \u0219i Dan \u0218ucu), <strong><em>dar eu vreau s\u0103 \u00eel dau \u00een str\u0103in\u0103tate. Dup\u0103 toate discu\u021biile care au fost, la FCSB \u00een niciun caz. Asta 100% sigur. Eu nu vreau s\u0103 \u00eel dau la FCSB pentru nimic \u00een lume, pentru c\u0103 onoarea noastr\u0103 nu se poate cump\u0103ra cu niciun ban.<\/em><\/strong> <strong><em>Indiferent de sum\u0103, chiar \u0219i 5-10 milioane. Ideea clubului nostru este, de la \u00eenceput, s\u0103 fim transparen\u021bi, cinsti\u021bi \u0219i corec\u021bi. Corectitudinea nu se cump\u0103r\u0103 cu nimic\u201d,<\/em><\/strong> a transmis acesta.<\/p>\n\n\n\n<p>Oricare ar fi suma de transfer, jum\u0103tate din banii ob\u021binu\u021bi vor merge c\u0103tre clubul lui Gic\u0103 Hagi. Aceast\u0103 clauz\u0103 din contractul mijloca\u0219ului ofensiv poate fi anulat\u0103 \u00een cazul \u00een care Sepsi OSK va achita 500.000 de euro c\u0103tre Farul Constan\u021ba (fosta echip\u0103 Viitorul).<\/p>\n\n\n\n<p><em>Foto:<a href=\"https:\/\/www.facebook.com\/photo?fbid=954047436470198&amp;set=pcb.954048603136748\"> Facebook\/osksepsi<\/a><\/em><\/p>\n","protected":false},"excerpt":{"rendered":"<p>Marius \u0218tef\u0103nescu a declarat, dup\u0103 remiza cu FCSB, scor 2-2, din runda a 6-a a play-off-ului din Superlig\u0103, c\u0103 \u00ee\u0219i dore\u0219te enorm s\u0103 se transfere \u00een aceast\u0103 var\u0103. El ar fi dispus s\u0103 pl\u0103teasc\u0103 din buzunarul s\u0103u pentru a fi l\u0103sat s\u0103 plece la finalul acestui sezon. L\u00e1szl\u00f3 Di\u00f3szegi a transmis ferm c\u0103 nu \u00eel [&hellip;]<\/p>\n","protected":false},"author":1,"featured_media":5704,"comment_status":"open","ping_status":"closed","sticky":false,"template":"","format":"standard","meta":{"tdm_status":"","tdm_grid_status":"","footnotes":""},"categories":[14],"tags":[349,350,266,60],"class_list":{"0":"post-5703","1":"post","2":"type-post","3":"status-publish","4":"format-standard","5":"has-post-thumbnail","7":"category-lumea-noastra","8":"tag-fcsb","9":"tag-laszlo-dioszegi","10":"tag-marius-stefanescu","11":"tag-sepsi-osk"},"yoast_head":"<!-- This site is optimized with the Yoast SEO plugin v27.5 - https:\/\/yoast.com\/product\/yoast-seo-wordpress\/ -->\n<title>Marius \u0218tef\u0103nescu vrea s\u0103 plece de la Sepsi OSK la var\u0103 - Covasna45<\/title>\n<meta name=\"description\" content=\"Marius \u0218tef\u0103nescu a declarat, dup\u0103 remiza cu FCSB, scor 2-2, din runda a 6-a a play-off-ului din Superlig\u0103, c\u0103 \u00ee\u0219i dore\u0219te enorm\" \/>\n<meta name=\"robots\" content=\"index, follow, max-snippet:-1, max-image-preview:large, max-video-preview:-1\" \/>\n<link rel=\"canonical\" href=\"https:\/\/covasna45.ro\/index.php\/lumea-noastra\/marius-stefanescu-vrea-sa-plece-de-la-sepsi-osk-la-vara\/\" \/>\n<meta property=\"og:locale\" content=\"ro_RO\" \/>\n<meta property=\"og:type\" content=\"article\" \/>\n<meta property=\"og:title\" content=\"Marius \u0218tef\u0103nescu vrea s\u0103 plece de la Sepsi OSK la var\u0103 - Covasna45\" \/>\n<meta property=\"og:description\" content=\"Marius \u0218tef\u0103nescu a declarat, dup\u0103 remiza cu FCSB, scor 2-2, din runda a 6-a a play-off-ului din Superlig\u0103, c\u0103 \u00ee\u0219i dore\u0219te enorm\" \/>\n<meta property=\"og:url\" content=\"https:\/\/covasna45.ro\/index.php\/lumea-noastra\/marius-stefanescu-vrea-sa-plece-de-la-sepsi-osk-la-vara\/\" \/>\n<meta property=\"og:site_name\" content=\"Covasna45\" \/>\n<meta property=\"article:published_time\" content=\"2024-04-25T08:44:21+00:00\" \/>\n<meta property=\"article:modified_time\" content=\"2024-04-25T08:44:58+00:00\" \/>\n<meta property=\"og:image\" content=\"https:\/\/covasna45.ro\/wp-content\/uploads\/2024\/04\/sepsi-osk.jpg\" \/>\n\t<meta property=\"og:image:width\" content=\"2048\" \/>\n\t<meta property=\"og:image:height\" content=\"1403\" \/>\n\t<meta property=\"og:image:type\" content=\"image\/jpeg\" \/>\n<meta name=\"author\" content=\"Covasna45\" \/>\n<meta name=\"twitter:card\" content=\"summary_large_image\" \/>\n<meta name=\"twitter:label1\" content=\"Scris de\" \/>\n\t<meta name=\"twitter:data1\" content=\"Covasna45\" \/>\n\t<meta name=\"twitter:label2\" content=\"Timp estimat pentru citire\" \/>\n\t<meta name=\"twitter:data2\" content=\"2 minute\" \/>\n<script type=\"application\/ld+json\" class=\"yoast-schema-graph\">{\"@context\":\"https:\\\/\\\/schema.org\",\"@graph\":[{\"@type\":\"Article\",\"@id\":\"https:\\\/\\\/covasna45.ro\\\/index.php\\\/lumea-noastra\\\/marius-stefanescu-vrea-sa-plece-de-la-sepsi-osk-la-vara\\\/#article\",\"isPartOf\":{\"@id\":\"https:\\\/\\\/covasna45.ro\\\/index.php\\\/lumea-noastra\\\/marius-stefanescu-vrea-sa-plece-de-la-sepsi-osk-la-vara\\\/\"},\"author\":{\"name\":\"Covasna45\",\"@id\":\"https:\\\/\\\/covasna45.ro\\\/#\\\/schema\\\/person\\\/e674052bd7d95d70bbb007a1060ab73c\"},\"headline\":\"Marius \u0218tef\u0103nescu vrea s\u0103 plece de la Sepsi OSK la var\u0103\",\"datePublished\":\"2024-04-25T08:44:21+00:00\",\"dateModified\":\"2024-04-25T08:44:58+00:00\",\"mainEntityOfPage\":{\"@id\":\"https:\\\/\\\/covasna45.ro\\\/index.php\\\/lumea-noastra\\\/marius-stefanescu-vrea-sa-plece-de-la-sepsi-osk-la-vara\\\/\"},\"wordCount\":352,\"commentCount\":0,\"publisher\":{\"@id\":\"https:\\\/\\\/covasna45.ro\\\/#organization\"},\"image\":{\"@id\":\"https:\\\/\\\/covasna45.ro\\\/index.php\\\/lumea-noastra\\\/marius-stefanescu-vrea-sa-plece-de-la-sepsi-osk-la-vara\\\/#primaryimage\"},\"thumbnailUrl\":\"https:\\\/\\\/covasna45.ro\\\/wp-content\\\/uploads\\\/2024\\\/04\\\/sepsi-osk.jpg\",\"keywords\":[\"FCSB\",\"L\u00e1szl\u00f3 Di\u00f3szegi\",\"Marius \u0218tef\u0103nescu\",\"Sepsi OSK\"],\"articleSection\":[\"Lumea noastr\u0103\"],\"inLanguage\":\"ro-RO\",\"potentialAction\":[{\"@type\":\"CommentAction\",\"name\":\"Comment\",\"target\":[\"https:\\\/\\\/covasna45.ro\\\/index.php\\\/lumea-noastra\\\/marius-stefanescu-vrea-sa-plece-de-la-sepsi-osk-la-vara\\\/#respond\"]}]},{\"@type\":\"WebPage\",\"@id\":\"https:\\\/\\\/covasna45.ro\\\/index.php\\\/lumea-noastra\\\/marius-stefanescu-vrea-sa-plece-de-la-sepsi-osk-la-vara\\\/\",\"url\":\"https:\\\/\\\/covasna45.ro\\\/index.php\\\/lumea-noastra\\\/marius-stefanescu-vrea-sa-plece-de-la-sepsi-osk-la-vara\\\/\",\"name\":\"Marius \u0218tef\u0103nescu vrea s\u0103 plece de la Sepsi OSK la var\u0103 - Covasna45\",\"isPartOf\":{\"@id\":\"https:\\\/\\\/covasna45.ro\\\/#website\"},\"primaryImageOfPage\":{\"@id\":\"https:\\\/\\\/covasna45.ro\\\/index.php\\\/lumea-noastra\\\/marius-stefanescu-vrea-sa-plece-de-la-sepsi-osk-la-vara\\\/#primaryimage\"},\"image\":{\"@id\":\"https:\\\/\\\/covasna45.ro\\\/index.php\\\/lumea-noastra\\\/marius-stefanescu-vrea-sa-plece-de-la-sepsi-osk-la-vara\\\/#primaryimage\"},\"thumbnailUrl\":\"https:\\\/\\\/covasna45.ro\\\/wp-content\\\/uploads\\\/2024\\\/04\\\/sepsi-osk.jpg\",\"datePublished\":\"2024-04-25T08:44:21+00:00\",\"dateModified\":\"2024-04-25T08:44:58+00:00\",\"description\":\"Marius \u0218tef\u0103nescu a declarat, dup\u0103 remiza cu FCSB, scor 2-2, din runda a 6-a a play-off-ului din Superlig\u0103, c\u0103 \u00ee\u0219i dore\u0219te enorm\",\"breadcrumb\":{\"@id\":\"https:\\\/\\\/covasna45.ro\\\/index.php\\\/lumea-noastra\\\/marius-stefanescu-vrea-sa-plece-de-la-sepsi-osk-la-vara\\\/#breadcrumb\"},\"inLanguage\":\"ro-RO\",\"potentialAction\":[{\"@type\":\"ReadAction\",\"target\":[\"https:\\\/\\\/covasna45.ro\\\/index.php\\\/lumea-noastra\\\/marius-stefanescu-vrea-sa-plece-de-la-sepsi-osk-la-vara\\\/\"]}]},{\"@type\":\"ImageObject\",\"inLanguage\":\"ro-RO\",\"@id\":\"https:\\\/\\\/covasna45.ro\\\/index.php\\\/lumea-noastra\\\/marius-stefanescu-vrea-sa-plece-de-la-sepsi-osk-la-vara\\\/#primaryimage\",\"url\":\"https:\\\/\\\/covasna45.ro\\\/wp-content\\\/uploads\\\/2024\\\/04\\\/sepsi-osk.jpg\",\"contentUrl\":\"https:\\\/\\\/covasna45.ro\\\/wp-content\\\/uploads\\\/2024\\\/04\\\/sepsi-osk.jpg\",\"width\":2048,\"height\":1403},{\"@type\":\"BreadcrumbList\",\"@id\":\"https:\\\/\\\/covasna45.ro\\\/index.php\\\/lumea-noastra\\\/marius-stefanescu-vrea-sa-plece-de-la-sepsi-osk-la-vara\\\/#breadcrumb\",\"itemListElement\":[{\"@type\":\"ListItem\",\"position\":1,\"name\":\"Prima pagin\u0103\",\"item\":\"https:\\\/\\\/covasna45.ro\\\/\"},{\"@type\":\"ListItem\",\"position\":2,\"name\":\"Marius \u0218tef\u0103nescu vrea s\u0103 plece de la Sepsi OSK la var\u0103\"}]},{\"@type\":\"WebSite\",\"@id\":\"https:\\\/\\\/covasna45.ro\\\/#website\",\"url\":\"https:\\\/\\\/covasna45.ro\\\/\",\"name\":\"covasna45.ro\",\"description\":\"\",\"publisher\":{\"@id\":\"https:\\\/\\\/covasna45.ro\\\/#organization\"},\"potentialAction\":[{\"@type\":\"SearchAction\",\"target\":{\"@type\":\"EntryPoint\",\"urlTemplate\":\"https:\\\/\\\/covasna45.ro\\\/?s={search_term_string}\"},\"query-input\":{\"@type\":\"PropertyValueSpecification\",\"valueRequired\":true,\"valueName\":\"search_term_string\"}}],\"inLanguage\":\"ro-RO\"},{\"@type\":\"Organization\",\"@id\":\"https:\\\/\\\/covasna45.ro\\\/#organization\",\"name\":\"covasna45.ro\",\"url\":\"https:\\\/\\\/covasna45.ro\\\/\",\"logo\":{\"@type\":\"ImageObject\",\"inLanguage\":\"ro-RO\",\"@id\":\"https:\\\/\\\/covasna45.ro\\\/#\\\/schema\\\/logo\\\/image\\\/\",\"url\":\"https:\\\/\\\/covasna45.ro\\\/wp-content\\\/uploads\\\/2023\\\/01\\\/icon_logo.png\",\"contentUrl\":\"https:\\\/\\\/covasna45.ro\\\/wp-content\\\/uploads\\\/2023\\\/01\\\/icon_logo.png\",\"width\":1900,\"height\":1900,\"caption\":\"covasna45.ro\"},\"image\":{\"@id\":\"https:\\\/\\\/covasna45.ro\\\/#\\\/schema\\\/logo\\\/image\\\/\"}},{\"@type\":\"Person\",\"@id\":\"https:\\\/\\\/covasna45.ro\\\/#\\\/schema\\\/person\\\/e674052bd7d95d70bbb007a1060ab73c\",\"name\":\"Covasna45\",\"image\":{\"@type\":\"ImageObject\",\"inLanguage\":\"ro-RO\",\"@id\":\"https:\\\/\\\/covasna45.ro\\\/wp-content\\\/uploads\\\/2025\\\/10\\\/icon_logo_covasna45-150x150.png\",\"url\":\"https:\\\/\\\/covasna45.ro\\\/wp-content\\\/uploads\\\/2025\\\/10\\\/icon_logo_covasna45-150x150.png\",\"contentUrl\":\"https:\\\/\\\/covasna45.ro\\\/wp-content\\\/uploads\\\/2025\\\/10\\\/icon_logo_covasna45-150x150.png\",\"caption\":\"Covasna45\"},\"sameAs\":[\"https:\\\/\\\/covasna45.ro\"],\"url\":\"https:\\\/\\\/covasna45.ro\\\/index.php\\\/author\\\/covasna\\\/\"}]}<\/script>\n<!-- \/ Yoast SEO plugin. -->","yoast_head_json":{"title":"Marius \u0218tef\u0103nescu vrea s\u0103 plece de la Sepsi OSK la var\u0103 - Covasna45","description":"Marius \u0218tef\u0103nescu a declarat, dup\u0103 remiza cu FCSB, scor 2-2, din runda a 6-a a play-off-ului din Superlig\u0103, c\u0103 \u00ee\u0219i dore\u0219te enorm","robots":{"index":"index","follow":"follow","max-snippet":"max-snippet:-1","max-image-preview":"max-image-preview:large","max-video-preview":"max-video-preview:-1"},"canonical":"https:\/\/covasna45.ro\/index.php\/lumea-noastra\/marius-stefanescu-vrea-sa-plece-de-la-sepsi-osk-la-vara\/","og_locale":"ro_RO","og_type":"article","og_title":"Marius \u0218tef\u0103nescu vrea s\u0103 plece de la Sepsi OSK la var\u0103 - Covasna45","og_description":"Marius \u0218tef\u0103nescu a declarat, dup\u0103 remiza cu FCSB, scor 2-2, din runda a 6-a a play-off-ului din Superlig\u0103, c\u0103 \u00ee\u0219i dore\u0219te enorm","og_url":"https:\/\/covasna45.ro\/index.php\/lumea-noastra\/marius-stefanescu-vrea-sa-plece-de-la-sepsi-osk-la-vara\/","og_site_name":"Covasna45","article_published_time":"2024-04-25T08:44:21+00:00","article_modified_time":"2024-04-25T08:44:58+00:00","og_image":[{"width":2048,"height":1403,"url":"https:\/\/covasna45.ro\/wp-content\/uploads\/2024\/04\/sepsi-osk.jpg","type":"image\/jpeg"}],"author":"Covasna45","twitter_card":"summary_large_image","twitter_misc":{"Scris de":"Covasna45","Timp estimat pentru citire":"2 minute"},"schema":{"@context":"https:\/\/schema.org","@graph":[{"@type":"Article","@id":"https:\/\/covasna45.ro\/index.php\/lumea-noastra\/marius-stefanescu-vrea-sa-plece-de-la-sepsi-osk-la-vara\/#article","isPartOf":{"@id":"https:\/\/covasna45.ro\/index.php\/lumea-noastra\/marius-stefanescu-vrea-sa-plece-de-la-sepsi-osk-la-vara\/"},"author":{"name":"Covasna45","@id":"https:\/\/covasna45.ro\/#\/schema\/person\/e674052bd7d95d70bbb007a1060ab73c"},"headline":"Marius \u0218tef\u0103nescu vrea s\u0103 plece de la Sepsi OSK la var\u0103","datePublished":"2024-04-25T08:44:21+00:00","dateModified":"2024-04-25T08:44:58+00:00","mainEntityOfPage":{"@id":"https:\/\/covasna45.ro\/index.php\/lumea-noastra\/marius-stefanescu-vrea-sa-plece-de-la-sepsi-osk-la-vara\/"},"wordCount":352,"commentCount":0,"publisher":{"@id":"https:\/\/covasna45.ro\/#organization"},"image":{"@id":"https:\/\/covasna45.ro\/index.php\/lumea-noastra\/marius-stefanescu-vrea-sa-plece-de-la-sepsi-osk-la-vara\/#primaryimage"},"thumbnailUrl":"https:\/\/covasna45.ro\/wp-content\/uploads\/2024\/04\/sepsi-osk.jpg","keywords":["FCSB","L\u00e1szl\u00f3 Di\u00f3szegi","Marius \u0218tef\u0103nescu","Sepsi OSK"],"articleSection":["Lumea noastr\u0103"],"inLanguage":"ro-RO","potentialAction":[{"@type":"CommentAction","name":"Comment","target":["https:\/\/covasna45.ro\/index.php\/lumea-noastra\/marius-stefanescu-vrea-sa-plece-de-la-sepsi-osk-la-vara\/#respond"]}]},{"@type":"WebPage","@id":"https:\/\/covasna45.ro\/index.php\/lumea-noastra\/marius-stefanescu-vrea-sa-plece-de-la-sepsi-osk-la-vara\/","url":"https:\/\/covasna45.ro\/index.php\/lumea-noastra\/marius-stefanescu-vrea-sa-plece-de-la-sepsi-osk-la-vara\/","name":"Marius \u0218tef\u0103nescu vrea s\u0103 plece de la Sepsi OSK la var\u0103 - Covasna45","isPartOf":{"@id":"https:\/\/covasna45.ro\/#website"},"primaryImageOfPage":{"@id":"https:\/\/covasna45.ro\/index.php\/lumea-noastra\/marius-stefanescu-vrea-sa-plece-de-la-sepsi-osk-la-vara\/#primaryimage"},"image":{"@id":"https:\/\/covasna45.ro\/index.php\/lumea-noastra\/marius-stefanescu-vrea-sa-plece-de-la-sepsi-osk-la-vara\/#primaryimage"},"thumbnailUrl":"https:\/\/covasna45.ro\/wp-content\/uploads\/2024\/04\/sepsi-osk.jpg","datePublished":"2024-04-25T08:44:21+00:00","dateModified":"2024-04-25T08:44:58+00:00","description":"Marius \u0218tef\u0103nescu a declarat, dup\u0103 remiza cu FCSB, scor 2-2, din runda a 6-a a play-off-ului din Superlig\u0103, c\u0103 \u00ee\u0219i dore\u0219te enorm","breadcrumb":{"@id":"https:\/\/covasna45.ro\/index.php\/lumea-noastra\/marius-stefanescu-vrea-sa-plece-de-la-sepsi-osk-la-vara\/#breadcrumb"},"inLanguage":"ro-RO","potentialAction":[{"@type":"ReadAction","target":["https:\/\/covasna45.ro\/index.php\/lumea-noastra\/marius-stefanescu-vrea-sa-plece-de-la-sepsi-osk-la-vara\/"]}]},{"@type":"ImageObject","inLanguage":"ro-RO","@id":"https:\/\/covasna45.ro\/index.php\/lumea-noastra\/marius-stefanescu-vrea-sa-plece-de-la-sepsi-osk-la-vara\/#primaryimage","url":"https:\/\/covasna45.ro\/wp-content\/uploads\/2024\/04\/sepsi-osk.jpg","contentUrl":"https:\/\/covasna45.ro\/wp-content\/uploads\/2024\/04\/sepsi-osk.jpg","width":2048,"height":1403},{"@type":"BreadcrumbList","@id":"https:\/\/covasna45.ro\/index.php\/lumea-noastra\/marius-stefanescu-vrea-sa-plece-de-la-sepsi-osk-la-vara\/#breadcrumb","itemListElement":[{"@type":"ListItem","position":1,"name":"Prima pagin\u0103","item":"https:\/\/covasna45.ro\/"},{"@type":"ListItem","position":2,"name":"Marius \u0218tef\u0103nescu vrea s\u0103 plece de la Sepsi OSK la var\u0103"}]},{"@type":"WebSite","@id":"https:\/\/covasna45.ro\/#website","url":"https:\/\/covasna45.ro\/","name":"covasna45.ro","description":"","publisher":{"@id":"https:\/\/covasna45.ro\/#organization"},"potentialAction":[{"@type":"SearchAction","target":{"@type":"EntryPoint","urlTemplate":"https:\/\/covasna45.ro\/?s={search_term_string}"},"query-input":{"@type":"PropertyValueSpecification","valueRequired":true,"valueName":"search_term_string"}}],"inLanguage":"ro-RO"},{"@type":"Organization","@id":"https:\/\/covasna45.ro\/#organization","name":"covasna45.ro","url":"https:\/\/covasna45.ro\/","logo":{"@type":"ImageObject","inLanguage":"ro-RO","@id":"https:\/\/covasna45.ro\/#\/schema\/logo\/image\/","url":"https:\/\/covasna45.ro\/wp-content\/uploads\/2023\/01\/icon_logo.png","contentUrl":"https:\/\/covasna45.ro\/wp-content\/uploads\/2023\/01\/icon_logo.png","width":1900,"height":1900,"caption":"covasna45.ro"},"image":{"@id":"https:\/\/covasna45.ro\/#\/schema\/logo\/image\/"}},{"@type":"Person","@id":"https:\/\/covasna45.ro\/#\/schema\/person\/e674052bd7d95d70bbb007a1060ab73c","name":"Covasna45","image":{"@type":"ImageObject","inLanguage":"ro-RO","@id":"https:\/\/covasna45.ro\/wp-content\/uploads\/2025\/10\/icon_logo_covasna45-150x150.png","url":"https:\/\/covasna45.ro\/wp-content\/uploads\/2025\/10\/icon_logo_covasna45-150x150.png","contentUrl":"https:\/\/covasna45.ro\/wp-content\/uploads\/2025\/10\/icon_logo_covasna45-150x150.png","caption":"Covasna45"},"sameAs":["https:\/\/covasna45.ro"],"url":"https:\/\/covasna45.ro\/index.php\/author\/covasna\/"}]}},"_links":{"self":[{"href":"https:\/\/covasna45.ro\/index.php\/wp-json\/wp\/v2\/posts\/5703","targetHints":{"allow":["GET"]}}],"collection":[{"href":"https:\/\/covasna45.ro\/index.php\/wp-json\/wp\/v2\/posts"}],"about":[{"href":"https:\/\/covasna45.ro\/index.php\/wp-json\/wp\/v2\/types\/post"}],"author":[{"embeddable":true,"href":"https:\/\/covasna45.ro\/index.php\/wp-json\/wp\/v2\/users\/1"}],"replies":[{"embeddable":true,"href":"https:\/\/covasna45.ro\/index.php\/wp-json\/wp\/v2\/comments?post=5703"}],"version-history":[{"count":1,"href":"https:\/\/covasna45.ro\/index.php\/wp-json\/wp\/v2\/posts\/5703\/revisions"}],"predecessor-version":[{"id":5705,"href":"https:\/\/covasna45.ro\/index.php\/wp-json\/wp\/v2\/posts\/5703\/revisions\/5705"}],"wp:featuredmedia":[{"embeddable":true,"href":"https:\/\/covasna45.ro\/index.php\/wp-json\/wp\/v2\/media\/5704"}],"wp:attachment":[{"href":"https:\/\/covasna45.ro\/index.php\/wp-json\/wp\/v2\/media?parent=5703"}],"wp:term":[{"taxonomy":"category","embeddable":true,"href":"https:\/\/covasna45.ro\/index.php\/wp-json\/wp\/v2\/categories?post=5703"},{"taxonomy":"post_tag","embeddable":true,"href":"https:\/\/covasna45.ro\/index.php\/wp-json\/wp\/v2\/tags?post=5703"}],"curies":[{"name":"wp","href":"https:\/\/api.w.org\/{rel}","templated":true}]}}