{"id":5706,"date":"2024-04-25T10:54:47","date_gmt":"2024-04-25T08:54:47","guid":{"rendered":"https:\/\/covasna45.ro\/?p=5706"},"modified":"2024-04-25T10:54:48","modified_gmt":"2024-04-25T08:54:48","slug":"ouale-brune-vor-disparea-de-pe-rafturile-magazinelor","status":"publish","type":"post","link":"https:\/\/covasna45.ro\/index.php\/lumea-larga\/ouale-brune-vor-disparea-de-pe-rafturile-magazinelor\/","title":{"rendered":"Ou\u0103le brune vor disp\u0103rea de pe rafturile magazinelor"},"content":{"rendered":"\n<p>Ou\u0103le brune vor disp\u0103rea de pe rafturile supermarketurilor, unde nu vor mai putea fi g\u0103site dec\u00e2t ou\u0103 albe, avertizeaz\u0103 speciali\u0219tii din pia\u021b\u0103, explic\u00e2nd care sunt motivele.<\/p>\n\n\n\n<p><strong><em>\u201ePeste cinci ani nu vor mai fi ou\u0103 brune pe rafturile supermarketurilor\u201d, <\/em><\/strong>a declarat Henner Sch\u00f6necke, pre\u0219edintele Asocia\u021biei Federale a Ou\u0103lor Germane, scrie\u00a0<a href=\"http:\/\/agrarheute.com\/\" target=\"_blank\" rel=\"noreferrer noopener\">agrarheute.com<\/a>.<\/p>\n\n\n\n<p>Motivul este simplu: mul\u021bi cresc\u0103tori de g\u0103ini ou\u0103toare trec de la puii care fac ou\u0103 brune la puii care fac ou\u0103 albe.<\/p>\n\n\n\n<p>Henner Sch\u00f6necke, care a fost cresc\u0103torul de p\u0103s\u0103ri al anului la CERES AWARD 2014, \u00ee\u0219i transform\u0103 ferma, hot\u0103r\u00e2nd s\u0103 aib\u0103 doar g\u0103ini pe care le va cre\u0219te \u00een spa\u021bii libere \u0219i fac ou\u0103 albe. Rasa pentru care a optat este Leghorn, o ras\u0103 care prezint\u0103 o serie de avantaje:<br>&#8211; Ar avea un poten\u021bial genetic mai mare.<br>&#8211; Sunt pu\u021bin mai mici dec\u00e2t g\u0103inile care depun ou\u0103 brune \u0219i, prin urmare, sunt mai agile. Av\u00e2nd \u00een vedere acela\u0219i num\u0103r de animale, au mai mult spa\u021biu \u00een grajd.<br>&#8211; Sunt mai u\u0219or de \u021binut \u00een m\u00e2n\u0103 \u0219i mai mobile.<\/p>\n\n\n\n<p>Potrivit lui Sch\u00f6necke, consum\u0103 \u0219i mai pu\u021bin furaj, ceea ce economise\u0219te resurse \u0219i costuri.<\/p>\n\n\n\n<h2 class=\"wp-block-heading\">Ou\u0103le sunt pu\u021bin mai mici<\/h2>\n\n\n\n<p>\u00cen general, g\u0103inile ar tr\u0103i mai mult \u0219i ar avea o productivitate mai mare: circa 500 de ou\u0103 \u00een 100 de s\u0103pt\u0103m\u00e2ni de via\u021b\u0103, fa\u021b\u0103 de Braunleger care produc \u00een 82 de s\u0103pt\u0103m\u00e2ni 380 de ou\u0103 brune.<br>Toate acestea fac din ea o g\u0103in\u0103 mai durabil\u0103 \u00een compara\u021bie cu Braunleger. Potrivit lui Henner Sch\u00f6necke, ou\u0103le brune vor fi g\u0103site doar la c\u00e2\u021biva cresc\u0103tori regionali de p\u0103s\u0103ri \u00een viitor.<\/p>\n\n\n\n<p>Mai este un motiv care ar putea convinge consumatorii, cel pu\u021bin pe vremea Pa\u0219telui. Dup\u0103 cum scrie Henner Sch\u00f6necke, ou\u0103le albe ar putea fi vopsite mai u\u0219or, iar culoarea va fi mai intens\u0103.<\/p>\n\n\n\n<p>Pe de alt\u0103 parte, pre\u021bul ou\u0103lor atinge cote aproape record \u00een multe p\u0103r\u021bi ale lumii, reflect\u00e2nd o pia\u021b\u0103 bulversat\u0103 de epidemii, cerere mare \u0219i costuri \u00een cre\u0219tere pentru fermieri.<\/p>\n\n\n\n<p>Cheltuielile cu hrana pentru pui reprezint\u0103 p\u00e2n\u0103 la 70% din costurile unui fermier, iar pre\u021burile furajelor s-au dublat \u00eentre 2020 \u0219i 2022.<br>Condi\u021biile meteorologice adverse, \u00eentreruperile cauzate de pandemia de coronavirus \u0219i r\u0103zboiul din Ucraina, care a dus la cre\u0219terea pre\u021bului gr\u00e2ului \u0219i al altor culturi, au alimentat aceast\u0103 situa\u021bie.<\/p>\n","protected":false},"excerpt":{"rendered":"<p>Ou\u0103le brune vor disp\u0103rea de pe rafturile supermarketurilor, unde nu vor mai putea fi g\u0103site dec\u00e2t ou\u0103 albe, avertizeaz\u0103 speciali\u0219tii din pia\u021b\u0103, explic\u00e2nd care sunt motivele. \u201ePeste cinci ani nu vor mai fi ou\u0103 brune pe rafturile supermarketurilor\u201d, a declarat Henner Sch\u00f6necke, pre\u0219edintele Asocia\u021biei Federale a Ou\u0103lor Germane, scrie\u00a0agrarheute.com. Motivul este simplu: mul\u021bi cresc\u0103tori de [&hellip;]<\/p>\n","protected":false},"author":1,"featured_media":5707,"comment_status":"open","ping_status":"closed","sticky":false,"template":"","format":"standard","meta":{"tdm_status":"","tdm_grid_status":"","footnotes":""},"categories":[10],"tags":[1136,2328,2327,2326],"class_list":{"0":"post-5706","1":"post","2":"type-post","3":"status-publish","4":"format-standard","5":"has-post-thumbnail","7":"category-lumea-larga","8":"tag-costuri","9":"tag-ferme","10":"tag-gaini","11":"tag-oua"},"yoast_head":"<!-- This site is optimized with the Yoast SEO plugin v27.5 - https:\/\/yoast.com\/product\/yoast-seo-wordpress\/ -->\n<title>Ou\u0103le brune vor disp\u0103rea de pe rafturile magazinelor - Covasna45<\/title>\n<meta name=\"description\" content=\"Ou\u0103le brune vor disp\u0103rea de pe rafturile supermarketurilor, unde nu vor mai putea fi g\u0103site dec\u00e2t ou\u0103 albe, avertizeaz\u0103 speciali\u0219tii\" \/>\n<meta name=\"robots\" content=\"index, follow, max-snippet:-1, max-image-preview:large, max-video-preview:-1\" \/>\n<link rel=\"canonical\" href=\"https:\/\/covasna45.ro\/index.php\/lumea-larga\/ouale-brune-vor-disparea-de-pe-rafturile-magazinelor\/\" \/>\n<meta property=\"og:locale\" content=\"ro_RO\" \/>\n<meta property=\"og:type\" content=\"article\" \/>\n<meta property=\"og:title\" content=\"Ou\u0103le brune vor disp\u0103rea de pe rafturile magazinelor - Covasna45\" \/>\n<meta property=\"og:description\" content=\"Ou\u0103le brune vor disp\u0103rea de pe rafturile supermarketurilor, unde nu vor mai putea fi g\u0103site dec\u00e2t ou\u0103 albe, avertizeaz\u0103 speciali\u0219tii\" \/>\n<meta property=\"og:url\" content=\"https:\/\/covasna45.ro\/index.php\/lumea-larga\/ouale-brune-vor-disparea-de-pe-rafturile-magazinelor\/\" \/>\n<meta property=\"og:site_name\" content=\"Covasna45\" \/>\n<meta property=\"article:published_time\" content=\"2024-04-25T08:54:47+00:00\" \/>\n<meta property=\"article:modified_time\" content=\"2024-04-25T08:54:48+00:00\" \/>\n<meta property=\"og:image\" content=\"https:\/\/covasna45.ro\/wp-content\/uploads\/2024\/04\/oua-brune.jpg\" \/>\n\t<meta property=\"og:image:width\" content=\"1350\" \/>\n\t<meta property=\"og:image:height\" content=\"900\" \/>\n\t<meta property=\"og:image:type\" content=\"image\/jpeg\" \/>\n<meta name=\"author\" content=\"Covasna45\" \/>\n<meta name=\"twitter:card\" content=\"summary_large_image\" \/>\n<meta name=\"twitter:label1\" content=\"Scris de\" \/>\n\t<meta name=\"twitter:data1\" content=\"Covasna45\" \/>\n\t<meta name=\"twitter:label2\" content=\"Timp estimat pentru citire\" \/>\n\t<meta name=\"twitter:data2\" content=\"3 minute\" \/>\n<script type=\"application\/ld+json\" class=\"yoast-schema-graph\">{\"@context\":\"https:\\\/\\\/schema.org\",\"@graph\":[{\"@type\":\"Article\",\"@id\":\"https:\\\/\\\/covasna45.ro\\\/index.php\\\/lumea-larga\\\/ouale-brune-vor-disparea-de-pe-rafturile-magazinelor\\\/#article\",\"isPartOf\":{\"@id\":\"https:\\\/\\\/covasna45.ro\\\/index.php\\\/lumea-larga\\\/ouale-brune-vor-disparea-de-pe-rafturile-magazinelor\\\/\"},\"author\":{\"name\":\"Covasna45\",\"@id\":\"https:\\\/\\\/covasna45.ro\\\/#\\\/schema\\\/person\\\/e674052bd7d95d70bbb007a1060ab73c\"},\"headline\":\"Ou\u0103le brune vor disp\u0103rea de pe rafturile magazinelor\",\"datePublished\":\"2024-04-25T08:54:47+00:00\",\"dateModified\":\"2024-04-25T08:54:48+00:00\",\"mainEntityOfPage\":{\"@id\":\"https:\\\/\\\/covasna45.ro\\\/index.php\\\/lumea-larga\\\/ouale-brune-vor-disparea-de-pe-rafturile-magazinelor\\\/\"},\"wordCount\":446,\"commentCount\":0,\"publisher\":{\"@id\":\"https:\\\/\\\/covasna45.ro\\\/#organization\"},\"image\":{\"@id\":\"https:\\\/\\\/covasna45.ro\\\/index.php\\\/lumea-larga\\\/ouale-brune-vor-disparea-de-pe-rafturile-magazinelor\\\/#primaryimage\"},\"thumbnailUrl\":\"https:\\\/\\\/covasna45.ro\\\/wp-content\\\/uploads\\\/2024\\\/04\\\/oua-brune.jpg\",\"keywords\":[\"Costuri\",\"Ferme\",\"G\u0103ini\",\"Ou\u0103\"],\"articleSection\":[\"Lumea larg\u0103\"],\"inLanguage\":\"ro-RO\",\"potentialAction\":[{\"@type\":\"CommentAction\",\"name\":\"Comment\",\"target\":[\"https:\\\/\\\/covasna45.ro\\\/index.php\\\/lumea-larga\\\/ouale-brune-vor-disparea-de-pe-rafturile-magazinelor\\\/#respond\"]}]},{\"@type\":\"WebPage\",\"@id\":\"https:\\\/\\\/covasna45.ro\\\/index.php\\\/lumea-larga\\\/ouale-brune-vor-disparea-de-pe-rafturile-magazinelor\\\/\",\"url\":\"https:\\\/\\\/covasna45.ro\\\/index.php\\\/lumea-larga\\\/ouale-brune-vor-disparea-de-pe-rafturile-magazinelor\\\/\",\"name\":\"Ou\u0103le brune vor disp\u0103rea de pe rafturile magazinelor - Covasna45\",\"isPartOf\":{\"@id\":\"https:\\\/\\\/covasna45.ro\\\/#website\"},\"primaryImageOfPage\":{\"@id\":\"https:\\\/\\\/covasna45.ro\\\/index.php\\\/lumea-larga\\\/ouale-brune-vor-disparea-de-pe-rafturile-magazinelor\\\/#primaryimage\"},\"image\":{\"@id\":\"https:\\\/\\\/covasna45.ro\\\/index.php\\\/lumea-larga\\\/ouale-brune-vor-disparea-de-pe-rafturile-magazinelor\\\/#primaryimage\"},\"thumbnailUrl\":\"https:\\\/\\\/covasna45.ro\\\/wp-content\\\/uploads\\\/2024\\\/04\\\/oua-brune.jpg\",\"datePublished\":\"2024-04-25T08:54:47+00:00\",\"dateModified\":\"2024-04-25T08:54:48+00:00\",\"description\":\"Ou\u0103le brune vor disp\u0103rea de pe rafturile supermarketurilor, unde nu vor mai putea fi g\u0103site dec\u00e2t ou\u0103 albe, avertizeaz\u0103 speciali\u0219tii\",\"breadcrumb\":{\"@id\":\"https:\\\/\\\/covasna45.ro\\\/index.php\\\/lumea-larga\\\/ouale-brune-vor-disparea-de-pe-rafturile-magazinelor\\\/#breadcrumb\"},\"inLanguage\":\"ro-RO\",\"potentialAction\":[{\"@type\":\"ReadAction\",\"target\":[\"https:\\\/\\\/covasna45.ro\\\/index.php\\\/lumea-larga\\\/ouale-brune-vor-disparea-de-pe-rafturile-magazinelor\\\/\"]}]},{\"@type\":\"ImageObject\",\"inLanguage\":\"ro-RO\",\"@id\":\"https:\\\/\\\/covasna45.ro\\\/index.php\\\/lumea-larga\\\/ouale-brune-vor-disparea-de-pe-rafturile-magazinelor\\\/#primaryimage\",\"url\":\"https:\\\/\\\/covasna45.ro\\\/wp-content\\\/uploads\\\/2024\\\/04\\\/oua-brune.jpg\",\"contentUrl\":\"https:\\\/\\\/covasna45.ro\\\/wp-content\\\/uploads\\\/2024\\\/04\\\/oua-brune.jpg\",\"width\":1350,\"height\":900},{\"@type\":\"BreadcrumbList\",\"@id\":\"https:\\\/\\\/covasna45.ro\\\/index.php\\\/lumea-larga\\\/ouale-brune-vor-disparea-de-pe-rafturile-magazinelor\\\/#breadcrumb\",\"itemListElement\":[{\"@type\":\"ListItem\",\"position\":1,\"name\":\"Prima pagin\u0103\",\"item\":\"https:\\\/\\\/covasna45.ro\\\/\"},{\"@type\":\"ListItem\",\"position\":2,\"name\":\"Ou\u0103le brune vor disp\u0103rea de pe rafturile magazinelor\"}]},{\"@type\":\"WebSite\",\"@id\":\"https:\\\/\\\/covasna45.ro\\\/#website\",\"url\":\"https:\\\/\\\/covasna45.ro\\\/\",\"name\":\"covasna45.ro\",\"description\":\"\",\"publisher\":{\"@id\":\"https:\\\/\\\/covasna45.ro\\\/#organization\"},\"potentialAction\":[{\"@type\":\"SearchAction\",\"target\":{\"@type\":\"EntryPoint\",\"urlTemplate\":\"https:\\\/\\\/covasna45.ro\\\/?s={search_term_string}\"},\"query-input\":{\"@type\":\"PropertyValueSpecification\",\"valueRequired\":true,\"valueName\":\"search_term_string\"}}],\"inLanguage\":\"ro-RO\"},{\"@type\":\"Organization\",\"@id\":\"https:\\\/\\\/covasna45.ro\\\/#organization\",\"name\":\"covasna45.ro\",\"url\":\"https:\\\/\\\/covasna45.ro\\\/\",\"logo\":{\"@type\":\"ImageObject\",\"inLanguage\":\"ro-RO\",\"@id\":\"https:\\\/\\\/covasna45.ro\\\/#\\\/schema\\\/logo\\\/image\\\/\",\"url\":\"https:\\\/\\\/covasna45.ro\\\/wp-content\\\/uploads\\\/2023\\\/01\\\/icon_logo.png\",\"contentUrl\":\"https:\\\/\\\/covasna45.ro\\\/wp-content\\\/uploads\\\/2023\\\/01\\\/icon_logo.png\",\"width\":1900,\"height\":1900,\"caption\":\"covasna45.ro\"},\"image\":{\"@id\":\"https:\\\/\\\/covasna45.ro\\\/#\\\/schema\\\/logo\\\/image\\\/\"}},{\"@type\":\"Person\",\"@id\":\"https:\\\/\\\/covasna45.ro\\\/#\\\/schema\\\/person\\\/e674052bd7d95d70bbb007a1060ab73c\",\"name\":\"Covasna45\",\"image\":{\"@type\":\"ImageObject\",\"inLanguage\":\"ro-RO\",\"@id\":\"https:\\\/\\\/covasna45.ro\\\/wp-content\\\/uploads\\\/2025\\\/10\\\/icon_logo_covasna45-150x150.png\",\"url\":\"https:\\\/\\\/covasna45.ro\\\/wp-content\\\/uploads\\\/2025\\\/10\\\/icon_logo_covasna45-150x150.png\",\"contentUrl\":\"https:\\\/\\\/covasna45.ro\\\/wp-content\\\/uploads\\\/2025\\\/10\\\/icon_logo_covasna45-150x150.png\",\"caption\":\"Covasna45\"},\"sameAs\":[\"https:\\\/\\\/covasna45.ro\"],\"url\":\"https:\\\/\\\/covasna45.ro\\\/index.php\\\/author\\\/covasna\\\/\"}]}<\/script>\n<!-- \/ Yoast SEO plugin. -->","yoast_head_json":{"title":"Ou\u0103le brune vor disp\u0103rea de pe rafturile magazinelor - Covasna45","description":"Ou\u0103le brune vor disp\u0103rea de pe rafturile supermarketurilor, unde nu vor mai putea fi g\u0103site dec\u00e2t ou\u0103 albe, avertizeaz\u0103 speciali\u0219tii","robots":{"index":"index","follow":"follow","max-snippet":"max-snippet:-1","max-image-preview":"max-image-preview:large","max-video-preview":"max-video-preview:-1"},"canonical":"https:\/\/covasna45.ro\/index.php\/lumea-larga\/ouale-brune-vor-disparea-de-pe-rafturile-magazinelor\/","og_locale":"ro_RO","og_type":"article","og_title":"Ou\u0103le brune vor disp\u0103rea de pe rafturile magazinelor - Covasna45","og_description":"Ou\u0103le brune vor disp\u0103rea de pe rafturile supermarketurilor, unde nu vor mai putea fi g\u0103site dec\u00e2t ou\u0103 albe, avertizeaz\u0103 speciali\u0219tii","og_url":"https:\/\/covasna45.ro\/index.php\/lumea-larga\/ouale-brune-vor-disparea-de-pe-rafturile-magazinelor\/","og_site_name":"Covasna45","article_published_time":"2024-04-25T08:54:47+00:00","article_modified_time":"2024-04-25T08:54:48+00:00","og_image":[{"width":1350,"height":900,"url":"https:\/\/covasna45.ro\/wp-content\/uploads\/2024\/04\/oua-brune.jpg","type":"image\/jpeg"}],"author":"Covasna45","twitter_card":"summary_large_image","twitter_misc":{"Scris de":"Covasna45","Timp estimat pentru citire":"3 minute"},"schema":{"@context":"https:\/\/schema.org","@graph":[{"@type":"Article","@id":"https:\/\/covasna45.ro\/index.php\/lumea-larga\/ouale-brune-vor-disparea-de-pe-rafturile-magazinelor\/#article","isPartOf":{"@id":"https:\/\/covasna45.ro\/index.php\/lumea-larga\/ouale-brune-vor-disparea-de-pe-rafturile-magazinelor\/"},"author":{"name":"Covasna45","@id":"https:\/\/covasna45.ro\/#\/schema\/person\/e674052bd7d95d70bbb007a1060ab73c"},"headline":"Ou\u0103le brune vor disp\u0103rea de pe rafturile magazinelor","datePublished":"2024-04-25T08:54:47+00:00","dateModified":"2024-04-25T08:54:48+00:00","mainEntityOfPage":{"@id":"https:\/\/covasna45.ro\/index.php\/lumea-larga\/ouale-brune-vor-disparea-de-pe-rafturile-magazinelor\/"},"wordCount":446,"commentCount":0,"publisher":{"@id":"https:\/\/covasna45.ro\/#organization"},"image":{"@id":"https:\/\/covasna45.ro\/index.php\/lumea-larga\/ouale-brune-vor-disparea-de-pe-rafturile-magazinelor\/#primaryimage"},"thumbnailUrl":"https:\/\/covasna45.ro\/wp-content\/uploads\/2024\/04\/oua-brune.jpg","keywords":["Costuri","Ferme","G\u0103ini","Ou\u0103"],"articleSection":["Lumea larg\u0103"],"inLanguage":"ro-RO","potentialAction":[{"@type":"CommentAction","name":"Comment","target":["https:\/\/covasna45.ro\/index.php\/lumea-larga\/ouale-brune-vor-disparea-de-pe-rafturile-magazinelor\/#respond"]}]},{"@type":"WebPage","@id":"https:\/\/covasna45.ro\/index.php\/lumea-larga\/ouale-brune-vor-disparea-de-pe-rafturile-magazinelor\/","url":"https:\/\/covasna45.ro\/index.php\/lumea-larga\/ouale-brune-vor-disparea-de-pe-rafturile-magazinelor\/","name":"Ou\u0103le brune vor disp\u0103rea de pe rafturile magazinelor - Covasna45","isPartOf":{"@id":"https:\/\/covasna45.ro\/#website"},"primaryImageOfPage":{"@id":"https:\/\/covasna45.ro\/index.php\/lumea-larga\/ouale-brune-vor-disparea-de-pe-rafturile-magazinelor\/#primaryimage"},"image":{"@id":"https:\/\/covasna45.ro\/index.php\/lumea-larga\/ouale-brune-vor-disparea-de-pe-rafturile-magazinelor\/#primaryimage"},"thumbnailUrl":"https:\/\/covasna45.ro\/wp-content\/uploads\/2024\/04\/oua-brune.jpg","datePublished":"2024-04-25T08:54:47+00:00","dateModified":"2024-04-25T08:54:48+00:00","description":"Ou\u0103le brune vor disp\u0103rea de pe rafturile supermarketurilor, unde nu vor mai putea fi g\u0103site dec\u00e2t ou\u0103 albe, avertizeaz\u0103 speciali\u0219tii","breadcrumb":{"@id":"https:\/\/covasna45.ro\/index.php\/lumea-larga\/ouale-brune-vor-disparea-de-pe-rafturile-magazinelor\/#breadcrumb"},"inLanguage":"ro-RO","potentialAction":[{"@type":"ReadAction","target":["https:\/\/covasna45.ro\/index.php\/lumea-larga\/ouale-brune-vor-disparea-de-pe-rafturile-magazinelor\/"]}]},{"@type":"ImageObject","inLanguage":"ro-RO","@id":"https:\/\/covasna45.ro\/index.php\/lumea-larga\/ouale-brune-vor-disparea-de-pe-rafturile-magazinelor\/#primaryimage","url":"https:\/\/covasna45.ro\/wp-content\/uploads\/2024\/04\/oua-brune.jpg","contentUrl":"https:\/\/covasna45.ro\/wp-content\/uploads\/2024\/04\/oua-brune.jpg","width":1350,"height":900},{"@type":"BreadcrumbList","@id":"https:\/\/covasna45.ro\/index.php\/lumea-larga\/ouale-brune-vor-disparea-de-pe-rafturile-magazinelor\/#breadcrumb","itemListElement":[{"@type":"ListItem","position":1,"name":"Prima pagin\u0103","item":"https:\/\/covasna45.ro\/"},{"@type":"ListItem","position":2,"name":"Ou\u0103le brune vor disp\u0103rea de pe rafturile magazinelor"}]},{"@type":"WebSite","@id":"https:\/\/covasna45.ro\/#website","url":"https:\/\/covasna45.ro\/","name":"covasna45.ro","description":"","publisher":{"@id":"https:\/\/covasna45.ro\/#organization"},"potentialAction":[{"@type":"SearchAction","target":{"@type":"EntryPoint","urlTemplate":"https:\/\/covasna45.ro\/?s={search_term_string}"},"query-input":{"@type":"PropertyValueSpecification","valueRequired":true,"valueName":"search_term_string"}}],"inLanguage":"ro-RO"},{"@type":"Organization","@id":"https:\/\/covasna45.ro\/#organization","name":"covasna45.ro","url":"https:\/\/covasna45.ro\/","logo":{"@type":"ImageObject","inLanguage":"ro-RO","@id":"https:\/\/covasna45.ro\/#\/schema\/logo\/image\/","url":"https:\/\/covasna45.ro\/wp-content\/uploads\/2023\/01\/icon_logo.png","contentUrl":"https:\/\/covasna45.ro\/wp-content\/uploads\/2023\/01\/icon_logo.png","width":1900,"height":1900,"caption":"covasna45.ro"},"image":{"@id":"https:\/\/covasna45.ro\/#\/schema\/logo\/image\/"}},{"@type":"Person","@id":"https:\/\/covasna45.ro\/#\/schema\/person\/e674052bd7d95d70bbb007a1060ab73c","name":"Covasna45","image":{"@type":"ImageObject","inLanguage":"ro-RO","@id":"https:\/\/covasna45.ro\/wp-content\/uploads\/2025\/10\/icon_logo_covasna45-150x150.png","url":"https:\/\/covasna45.ro\/wp-content\/uploads\/2025\/10\/icon_logo_covasna45-150x150.png","contentUrl":"https:\/\/covasna45.ro\/wp-content\/uploads\/2025\/10\/icon_logo_covasna45-150x150.png","caption":"Covasna45"},"sameAs":["https:\/\/covasna45.ro"],"url":"https:\/\/covasna45.ro\/index.php\/author\/covasna\/"}]}},"_links":{"self":[{"href":"https:\/\/covasna45.ro\/index.php\/wp-json\/wp\/v2\/posts\/5706","targetHints":{"allow":["GET"]}}],"collection":[{"href":"https:\/\/covasna45.ro\/index.php\/wp-json\/wp\/v2\/posts"}],"about":[{"href":"https:\/\/covasna45.ro\/index.php\/wp-json\/wp\/v2\/types\/post"}],"author":[{"embeddable":true,"href":"https:\/\/covasna45.ro\/index.php\/wp-json\/wp\/v2\/users\/1"}],"replies":[{"embeddable":true,"href":"https:\/\/covasna45.ro\/index.php\/wp-json\/wp\/v2\/comments?post=5706"}],"version-history":[{"count":1,"href":"https:\/\/covasna45.ro\/index.php\/wp-json\/wp\/v2\/posts\/5706\/revisions"}],"predecessor-version":[{"id":5708,"href":"https:\/\/covasna45.ro\/index.php\/wp-json\/wp\/v2\/posts\/5706\/revisions\/5708"}],"wp:featuredmedia":[{"embeddable":true,"href":"https:\/\/covasna45.ro\/index.php\/wp-json\/wp\/v2\/media\/5707"}],"wp:attachment":[{"href":"https:\/\/covasna45.ro\/index.php\/wp-json\/wp\/v2\/media?parent=5706"}],"wp:term":[{"taxonomy":"category","embeddable":true,"href":"https:\/\/covasna45.ro\/index.php\/wp-json\/wp\/v2\/categories?post=5706"},{"taxonomy":"post_tag","embeddable":true,"href":"https:\/\/covasna45.ro\/index.php\/wp-json\/wp\/v2\/tags?post=5706"}],"curies":[{"name":"wp","href":"https:\/\/api.w.org\/{rel}","templated":true}]}}