{"id":5709,"date":"2024-04-25T11:03:12","date_gmt":"2024-04-25T09:03:12","guid":{"rendered":"https:\/\/covasna45.ro\/?p=5709"},"modified":"2024-04-25T11:03:13","modified_gmt":"2024-04-25T09:03:13","slug":"peste-60-dintre-romani-sunt-de-acord-cu-votul-obligatoriu","status":"publish","type":"post","link":"https:\/\/covasna45.ro\/index.php\/lumea-noastra\/peste-60-dintre-romani-sunt-de-acord-cu-votul-obligatoriu\/","title":{"rendered":"Peste 60% dintre rom\u00e2ni sunt de acord cu votul obligatoriu"},"content":{"rendered":"\n<p>Peste 60% dintre rom\u00e2ni sunt de acord cu votul obligatoriu, argument\u00e2nd c\u0103 o prezen\u0163\u0103 mai mare la vot poate schimba lucrurile \u00een bine, conform unui sondaj realizat de INSCOP la comanda News.ro. \u00cen urm\u0103 cu 10 ani, procentul acestora era cu aproape 20% mai mic.<\/p>\n\n\n\n<p>62.2% dintre rom\u00e2ni sunt de acord cu votul obligatoriu deoarece, dac\u0103 vin mai mul\u0163i oameni la vot, se pot schimba lucrurile \u00een bine (fa\u0163\u0103 de 44.6% \u00een 2014). La polul opus, 35.6% sunt \u00eempotriva votului obligatoriu deoarece actuala clas\u0103 politic\u0103 nu poate schimba lucrurile \u00een bine (fa\u0163\u0103 de 41.7% \u00een 2014). Ponderea non-r\u0103spunsurilor este 2.2% (fa\u0163\u0103 de 13.6% \u00een 2014).<\/p>\n\n\n\n<h2 class=\"wp-block-heading\">Sunt de acord cu votul obligatoriu mai ales: votan\u0163ii PSD-PNL, tinerii sub 30 de ani, cei cu educa\u0163ie primar\u0103 sau medie, cei inactivi poten\u0163ial activi, locuitorii din rural \u015fi cei cu un venit mai redus. <\/h2>\n\n\n\n<p>Votan\u0163ii ADU, persoanele cu studii superioare, locuitorii din urbanul mare \u015fi angaja\u0163ii la stat sunt \u00eempotriva votului obligatoriu \u00eentr-o propor\u0163ie mai mare dec\u00e2t celelalte categorii de popula\u0163ie.<\/p>\n\n\n\n<p>\u201e<strong><em>Deficitul democratic alimentat de ratele sc\u0103zute de prezen\u0163\u0103 la vot a produs schimb\u0103ri \u00een atitudinea rom\u00e2nilor fa\u0163\u0103 de ipoteza introducerii votului obligatoriu. Dac\u0103 \u00een urm\u0103 cu 10 ani, mai pu\u0163in de jum\u0103tate dintre rom\u00e2ni (45%) erau de acord cu votul obligatoriu, ast\u0103zi aproape dou\u0103 treimi din popula\u0163ie (62%) sus\u0163in introducerea votului obligatoriu \u00een ideea c\u0103 dac\u0103 vin mai mul\u0163i oameni la vot se pot schimba lucrurile \u00een bine. <\/em><\/strong><\/p>\n\n\n\n<p><strong><em>Este o cre\u015ftere semnificativ\u0103 care reflect\u0103 un interes mai ridicat fa\u0163\u0103 de procesele democratice, precum \u015fi o \u00een\u0163elegere a faptului c\u0103 f\u0103r\u0103 o prezen\u0163\u0103 ridicat\u0103 la vot, legitimitatea conduc\u0103torilor \u015fi progresul \u00een societate sunt imposibile. <\/em><\/strong><\/p>\n\n\n\n<p><strong><em>Sus\u0163in\u0103tori mai entuzia\u015fti ai votului obligatoriu sunt aleg\u0103torii PSD-PNL (74%) \u015fi ai AUR (68%), iar \u00eentr-o m\u0103sur\u0103 u\u015for mai redus\u0103 aleg\u0103torii ADU (58%). De asemenea, oarecum surprinz\u0103tor \u015fi disonant comparativ cu ratele de prezen\u0163\u0103 la vot mai sc\u0103zute, tinerii cu v\u00e2rsta de 18-29 sus\u0163in \u00een propor\u0163ii mai mari votul obligatiu (68%), comparativ cu celelate categorii de v\u00e2rst\u0103\u201d,<\/em><\/strong> afirm\u0103 Remus \u015etefureac, director INSCOP Research.<\/p>\n\n\n\n<p>Sondajul de opinie a fost realizat de INSCOP Research la comanda Agen\u0163iei de pres\u0103 News.ro. Datele au fost culese \u00een perioada 12 &#8211; 20 aprilie, prin metoda CATI (interviuri telefonice). Volumul e\u015fantionului simplu, stratificat, este de 1.100 de persoane, reprezentativ pe categoriile socio-demografice semnificative (sex, v\u00e2rst\u0103, ocupa\u0163ie) pentru popula\u0163ia neinstitu\u0163ionalizat\u0103 a Rom\u00e2niei, cu v\u00e2rsta de 18 ani \u015fi peste.<\/p>\n\n\n\n<p>Eroarea maxim\u0103 admis\u0103 a datelor este de \u00b1 2,95 %, la un grad de \u00eencredere de 95%.<\/p>\n","protected":false},"excerpt":{"rendered":"<p>Peste 60% dintre rom\u00e2ni sunt de acord cu votul obligatoriu, argument\u00e2nd c\u0103 o prezen\u0163\u0103 mai mare la vot poate schimba lucrurile \u00een bine, conform unui sondaj realizat de INSCOP la comanda News.ro. \u00cen urm\u0103 cu 10 ani, procentul acestora era cu aproape 20% mai mic. 62.2% dintre rom\u00e2ni sunt de acord cu votul obligatoriu deoarece, [&hellip;]<\/p>\n","protected":false},"author":1,"featured_media":4811,"comment_status":"open","ping_status":"closed","sticky":false,"template":"","format":"standard","meta":{"tdm_status":"","tdm_grid_status":"","footnotes":""},"categories":[14],"tags":[340,2330,140,2329],"class_list":{"0":"post-5709","1":"post","2":"type-post","3":"status-publish","4":"format-standard","5":"has-post-thumbnail","7":"category-lumea-noastra","8":"tag-alegeri","9":"tag-inscop","10":"tag-sondaj","11":"tag-vot-obligatoriu"},"yoast_head":"<!-- This site is optimized with the Yoast SEO plugin v27.5 - https:\/\/yoast.com\/product\/yoast-seo-wordpress\/ -->\n<title>Peste 60% dintre rom\u00e2ni sunt de acord cu votul obligatoriu - Covasna45<\/title>\n<meta name=\"description\" content=\"62.2% dintre rom\u00e2ni sunt de acord cu votul obligatoriu deoarece, dac\u0103 vin mai mul\u0163i oameni la vot, se pot schimba lucrurile \u00een bine\" \/>\n<meta name=\"robots\" content=\"index, follow, max-snippet:-1, max-image-preview:large, max-video-preview:-1\" \/>\n<link rel=\"canonical\" href=\"https:\/\/covasna45.ro\/index.php\/lumea-noastra\/peste-60-dintre-romani-sunt-de-acord-cu-votul-obligatoriu\/\" \/>\n<meta property=\"og:locale\" content=\"ro_RO\" \/>\n<meta property=\"og:type\" content=\"article\" \/>\n<meta property=\"og:title\" content=\"Peste 60% dintre rom\u00e2ni sunt de acord cu votul obligatoriu - Covasna45\" \/>\n<meta property=\"og:description\" content=\"62.2% dintre rom\u00e2ni sunt de acord cu votul obligatoriu deoarece, dac\u0103 vin mai mul\u0163i oameni la vot, se pot schimba lucrurile \u00een bine\" \/>\n<meta property=\"og:url\" content=\"https:\/\/covasna45.ro\/index.php\/lumea-noastra\/peste-60-dintre-romani-sunt-de-acord-cu-votul-obligatoriu\/\" \/>\n<meta property=\"og:site_name\" content=\"Covasna45\" \/>\n<meta property=\"article:published_time\" content=\"2024-04-25T09:03:12+00:00\" \/>\n<meta property=\"article:modified_time\" content=\"2024-04-25T09:03:13+00:00\" \/>\n<meta property=\"og:image\" content=\"https:\/\/covasna45.ro\/wp-content\/uploads\/2024\/02\/alegeri.jpg\" \/>\n\t<meta property=\"og:image:width\" content=\"840\" \/>\n\t<meta property=\"og:image:height\" content=\"600\" \/>\n\t<meta property=\"og:image:type\" content=\"image\/jpeg\" \/>\n<meta name=\"author\" content=\"Covasna45\" \/>\n<meta name=\"twitter:card\" content=\"summary_large_image\" \/>\n<meta name=\"twitter:label1\" content=\"Scris de\" \/>\n\t<meta name=\"twitter:data1\" content=\"Covasna45\" \/>\n\t<meta name=\"twitter:label2\" content=\"Timp estimat pentru citire\" \/>\n\t<meta name=\"twitter:data2\" content=\"3 minute\" \/>\n<script type=\"application\/ld+json\" class=\"yoast-schema-graph\">{\"@context\":\"https:\\\/\\\/schema.org\",\"@graph\":[{\"@type\":\"Article\",\"@id\":\"https:\\\/\\\/covasna45.ro\\\/index.php\\\/lumea-noastra\\\/peste-60-dintre-romani-sunt-de-acord-cu-votul-obligatoriu\\\/#article\",\"isPartOf\":{\"@id\":\"https:\\\/\\\/covasna45.ro\\\/index.php\\\/lumea-noastra\\\/peste-60-dintre-romani-sunt-de-acord-cu-votul-obligatoriu\\\/\"},\"author\":{\"name\":\"Covasna45\",\"@id\":\"https:\\\/\\\/covasna45.ro\\\/#\\\/schema\\\/person\\\/e674052bd7d95d70bbb007a1060ab73c\"},\"headline\":\"Peste 60% dintre rom\u00e2ni sunt de acord cu votul obligatoriu\",\"datePublished\":\"2024-04-25T09:03:12+00:00\",\"dateModified\":\"2024-04-25T09:03:13+00:00\",\"mainEntityOfPage\":{\"@id\":\"https:\\\/\\\/covasna45.ro\\\/index.php\\\/lumea-noastra\\\/peste-60-dintre-romani-sunt-de-acord-cu-votul-obligatoriu\\\/\"},\"wordCount\":441,\"commentCount\":0,\"publisher\":{\"@id\":\"https:\\\/\\\/covasna45.ro\\\/#organization\"},\"image\":{\"@id\":\"https:\\\/\\\/covasna45.ro\\\/index.php\\\/lumea-noastra\\\/peste-60-dintre-romani-sunt-de-acord-cu-votul-obligatoriu\\\/#primaryimage\"},\"thumbnailUrl\":\"https:\\\/\\\/covasna45.ro\\\/wp-content\\\/uploads\\\/2024\\\/02\\\/alegeri.jpg\",\"keywords\":[\"Alegeri\",\"INSCOP\",\"Sondaj\",\"Vot obligatoriu\"],\"articleSection\":[\"Lumea noastr\u0103\"],\"inLanguage\":\"ro-RO\",\"potentialAction\":[{\"@type\":\"CommentAction\",\"name\":\"Comment\",\"target\":[\"https:\\\/\\\/covasna45.ro\\\/index.php\\\/lumea-noastra\\\/peste-60-dintre-romani-sunt-de-acord-cu-votul-obligatoriu\\\/#respond\"]}]},{\"@type\":\"WebPage\",\"@id\":\"https:\\\/\\\/covasna45.ro\\\/index.php\\\/lumea-noastra\\\/peste-60-dintre-romani-sunt-de-acord-cu-votul-obligatoriu\\\/\",\"url\":\"https:\\\/\\\/covasna45.ro\\\/index.php\\\/lumea-noastra\\\/peste-60-dintre-romani-sunt-de-acord-cu-votul-obligatoriu\\\/\",\"name\":\"Peste 60% dintre rom\u00e2ni sunt de acord cu votul obligatoriu - Covasna45\",\"isPartOf\":{\"@id\":\"https:\\\/\\\/covasna45.ro\\\/#website\"},\"primaryImageOfPage\":{\"@id\":\"https:\\\/\\\/covasna45.ro\\\/index.php\\\/lumea-noastra\\\/peste-60-dintre-romani-sunt-de-acord-cu-votul-obligatoriu\\\/#primaryimage\"},\"image\":{\"@id\":\"https:\\\/\\\/covasna45.ro\\\/index.php\\\/lumea-noastra\\\/peste-60-dintre-romani-sunt-de-acord-cu-votul-obligatoriu\\\/#primaryimage\"},\"thumbnailUrl\":\"https:\\\/\\\/covasna45.ro\\\/wp-content\\\/uploads\\\/2024\\\/02\\\/alegeri.jpg\",\"datePublished\":\"2024-04-25T09:03:12+00:00\",\"dateModified\":\"2024-04-25T09:03:13+00:00\",\"description\":\"62.2% dintre rom\u00e2ni sunt de acord cu votul obligatoriu deoarece, dac\u0103 vin mai mul\u0163i oameni la vot, se pot schimba lucrurile \u00een bine\",\"breadcrumb\":{\"@id\":\"https:\\\/\\\/covasna45.ro\\\/index.php\\\/lumea-noastra\\\/peste-60-dintre-romani-sunt-de-acord-cu-votul-obligatoriu\\\/#breadcrumb\"},\"inLanguage\":\"ro-RO\",\"potentialAction\":[{\"@type\":\"ReadAction\",\"target\":[\"https:\\\/\\\/covasna45.ro\\\/index.php\\\/lumea-noastra\\\/peste-60-dintre-romani-sunt-de-acord-cu-votul-obligatoriu\\\/\"]}]},{\"@type\":\"ImageObject\",\"inLanguage\":\"ro-RO\",\"@id\":\"https:\\\/\\\/covasna45.ro\\\/index.php\\\/lumea-noastra\\\/peste-60-dintre-romani-sunt-de-acord-cu-votul-obligatoriu\\\/#primaryimage\",\"url\":\"https:\\\/\\\/covasna45.ro\\\/wp-content\\\/uploads\\\/2024\\\/02\\\/alegeri.jpg\",\"contentUrl\":\"https:\\\/\\\/covasna45.ro\\\/wp-content\\\/uploads\\\/2024\\\/02\\\/alegeri.jpg\",\"width\":840,\"height\":600},{\"@type\":\"BreadcrumbList\",\"@id\":\"https:\\\/\\\/covasna45.ro\\\/index.php\\\/lumea-noastra\\\/peste-60-dintre-romani-sunt-de-acord-cu-votul-obligatoriu\\\/#breadcrumb\",\"itemListElement\":[{\"@type\":\"ListItem\",\"position\":1,\"name\":\"Prima pagin\u0103\",\"item\":\"https:\\\/\\\/covasna45.ro\\\/\"},{\"@type\":\"ListItem\",\"position\":2,\"name\":\"Peste 60% dintre rom\u00e2ni sunt de acord cu votul obligatoriu\"}]},{\"@type\":\"WebSite\",\"@id\":\"https:\\\/\\\/covasna45.ro\\\/#website\",\"url\":\"https:\\\/\\\/covasna45.ro\\\/\",\"name\":\"covasna45.ro\",\"description\":\"\",\"publisher\":{\"@id\":\"https:\\\/\\\/covasna45.ro\\\/#organization\"},\"potentialAction\":[{\"@type\":\"SearchAction\",\"target\":{\"@type\":\"EntryPoint\",\"urlTemplate\":\"https:\\\/\\\/covasna45.ro\\\/?s={search_term_string}\"},\"query-input\":{\"@type\":\"PropertyValueSpecification\",\"valueRequired\":true,\"valueName\":\"search_term_string\"}}],\"inLanguage\":\"ro-RO\"},{\"@type\":\"Organization\",\"@id\":\"https:\\\/\\\/covasna45.ro\\\/#organization\",\"name\":\"covasna45.ro\",\"url\":\"https:\\\/\\\/covasna45.ro\\\/\",\"logo\":{\"@type\":\"ImageObject\",\"inLanguage\":\"ro-RO\",\"@id\":\"https:\\\/\\\/covasna45.ro\\\/#\\\/schema\\\/logo\\\/image\\\/\",\"url\":\"https:\\\/\\\/covasna45.ro\\\/wp-content\\\/uploads\\\/2023\\\/01\\\/icon_logo.png\",\"contentUrl\":\"https:\\\/\\\/covasna45.ro\\\/wp-content\\\/uploads\\\/2023\\\/01\\\/icon_logo.png\",\"width\":1900,\"height\":1900,\"caption\":\"covasna45.ro\"},\"image\":{\"@id\":\"https:\\\/\\\/covasna45.ro\\\/#\\\/schema\\\/logo\\\/image\\\/\"}},{\"@type\":\"Person\",\"@id\":\"https:\\\/\\\/covasna45.ro\\\/#\\\/schema\\\/person\\\/e674052bd7d95d70bbb007a1060ab73c\",\"name\":\"Covasna45\",\"image\":{\"@type\":\"ImageObject\",\"inLanguage\":\"ro-RO\",\"@id\":\"https:\\\/\\\/covasna45.ro\\\/wp-content\\\/uploads\\\/2025\\\/10\\\/icon_logo_covasna45-150x150.png\",\"url\":\"https:\\\/\\\/covasna45.ro\\\/wp-content\\\/uploads\\\/2025\\\/10\\\/icon_logo_covasna45-150x150.png\",\"contentUrl\":\"https:\\\/\\\/covasna45.ro\\\/wp-content\\\/uploads\\\/2025\\\/10\\\/icon_logo_covasna45-150x150.png\",\"caption\":\"Covasna45\"},\"sameAs\":[\"https:\\\/\\\/covasna45.ro\"],\"url\":\"https:\\\/\\\/covasna45.ro\\\/index.php\\\/author\\\/covasna\\\/\"}]}<\/script>\n<!-- \/ Yoast SEO plugin. -->","yoast_head_json":{"title":"Peste 60% dintre rom\u00e2ni sunt de acord cu votul obligatoriu - Covasna45","description":"62.2% dintre rom\u00e2ni sunt de acord cu votul obligatoriu deoarece, dac\u0103 vin mai mul\u0163i oameni la vot, se pot schimba lucrurile \u00een bine","robots":{"index":"index","follow":"follow","max-snippet":"max-snippet:-1","max-image-preview":"max-image-preview:large","max-video-preview":"max-video-preview:-1"},"canonical":"https:\/\/covasna45.ro\/index.php\/lumea-noastra\/peste-60-dintre-romani-sunt-de-acord-cu-votul-obligatoriu\/","og_locale":"ro_RO","og_type":"article","og_title":"Peste 60% dintre rom\u00e2ni sunt de acord cu votul obligatoriu - Covasna45","og_description":"62.2% dintre rom\u00e2ni sunt de acord cu votul obligatoriu deoarece, dac\u0103 vin mai mul\u0163i oameni la vot, se pot schimba lucrurile \u00een bine","og_url":"https:\/\/covasna45.ro\/index.php\/lumea-noastra\/peste-60-dintre-romani-sunt-de-acord-cu-votul-obligatoriu\/","og_site_name":"Covasna45","article_published_time":"2024-04-25T09:03:12+00:00","article_modified_time":"2024-04-25T09:03:13+00:00","og_image":[{"width":840,"height":600,"url":"https:\/\/covasna45.ro\/wp-content\/uploads\/2024\/02\/alegeri.jpg","type":"image\/jpeg"}],"author":"Covasna45","twitter_card":"summary_large_image","twitter_misc":{"Scris de":"Covasna45","Timp estimat pentru citire":"3 minute"},"schema":{"@context":"https:\/\/schema.org","@graph":[{"@type":"Article","@id":"https:\/\/covasna45.ro\/index.php\/lumea-noastra\/peste-60-dintre-romani-sunt-de-acord-cu-votul-obligatoriu\/#article","isPartOf":{"@id":"https:\/\/covasna45.ro\/index.php\/lumea-noastra\/peste-60-dintre-romani-sunt-de-acord-cu-votul-obligatoriu\/"},"author":{"name":"Covasna45","@id":"https:\/\/covasna45.ro\/#\/schema\/person\/e674052bd7d95d70bbb007a1060ab73c"},"headline":"Peste 60% dintre rom\u00e2ni sunt de acord cu votul obligatoriu","datePublished":"2024-04-25T09:03:12+00:00","dateModified":"2024-04-25T09:03:13+00:00","mainEntityOfPage":{"@id":"https:\/\/covasna45.ro\/index.php\/lumea-noastra\/peste-60-dintre-romani-sunt-de-acord-cu-votul-obligatoriu\/"},"wordCount":441,"commentCount":0,"publisher":{"@id":"https:\/\/covasna45.ro\/#organization"},"image":{"@id":"https:\/\/covasna45.ro\/index.php\/lumea-noastra\/peste-60-dintre-romani-sunt-de-acord-cu-votul-obligatoriu\/#primaryimage"},"thumbnailUrl":"https:\/\/covasna45.ro\/wp-content\/uploads\/2024\/02\/alegeri.jpg","keywords":["Alegeri","INSCOP","Sondaj","Vot obligatoriu"],"articleSection":["Lumea noastr\u0103"],"inLanguage":"ro-RO","potentialAction":[{"@type":"CommentAction","name":"Comment","target":["https:\/\/covasna45.ro\/index.php\/lumea-noastra\/peste-60-dintre-romani-sunt-de-acord-cu-votul-obligatoriu\/#respond"]}]},{"@type":"WebPage","@id":"https:\/\/covasna45.ro\/index.php\/lumea-noastra\/peste-60-dintre-romani-sunt-de-acord-cu-votul-obligatoriu\/","url":"https:\/\/covasna45.ro\/index.php\/lumea-noastra\/peste-60-dintre-romani-sunt-de-acord-cu-votul-obligatoriu\/","name":"Peste 60% dintre rom\u00e2ni sunt de acord cu votul obligatoriu - Covasna45","isPartOf":{"@id":"https:\/\/covasna45.ro\/#website"},"primaryImageOfPage":{"@id":"https:\/\/covasna45.ro\/index.php\/lumea-noastra\/peste-60-dintre-romani-sunt-de-acord-cu-votul-obligatoriu\/#primaryimage"},"image":{"@id":"https:\/\/covasna45.ro\/index.php\/lumea-noastra\/peste-60-dintre-romani-sunt-de-acord-cu-votul-obligatoriu\/#primaryimage"},"thumbnailUrl":"https:\/\/covasna45.ro\/wp-content\/uploads\/2024\/02\/alegeri.jpg","datePublished":"2024-04-25T09:03:12+00:00","dateModified":"2024-04-25T09:03:13+00:00","description":"62.2% dintre rom\u00e2ni sunt de acord cu votul obligatoriu deoarece, dac\u0103 vin mai mul\u0163i oameni la vot, se pot schimba lucrurile \u00een bine","breadcrumb":{"@id":"https:\/\/covasna45.ro\/index.php\/lumea-noastra\/peste-60-dintre-romani-sunt-de-acord-cu-votul-obligatoriu\/#breadcrumb"},"inLanguage":"ro-RO","potentialAction":[{"@type":"ReadAction","target":["https:\/\/covasna45.ro\/index.php\/lumea-noastra\/peste-60-dintre-romani-sunt-de-acord-cu-votul-obligatoriu\/"]}]},{"@type":"ImageObject","inLanguage":"ro-RO","@id":"https:\/\/covasna45.ro\/index.php\/lumea-noastra\/peste-60-dintre-romani-sunt-de-acord-cu-votul-obligatoriu\/#primaryimage","url":"https:\/\/covasna45.ro\/wp-content\/uploads\/2024\/02\/alegeri.jpg","contentUrl":"https:\/\/covasna45.ro\/wp-content\/uploads\/2024\/02\/alegeri.jpg","width":840,"height":600},{"@type":"BreadcrumbList","@id":"https:\/\/covasna45.ro\/index.php\/lumea-noastra\/peste-60-dintre-romani-sunt-de-acord-cu-votul-obligatoriu\/#breadcrumb","itemListElement":[{"@type":"ListItem","position":1,"name":"Prima pagin\u0103","item":"https:\/\/covasna45.ro\/"},{"@type":"ListItem","position":2,"name":"Peste 60% dintre rom\u00e2ni sunt de acord cu votul obligatoriu"}]},{"@type":"WebSite","@id":"https:\/\/covasna45.ro\/#website","url":"https:\/\/covasna45.ro\/","name":"covasna45.ro","description":"","publisher":{"@id":"https:\/\/covasna45.ro\/#organization"},"potentialAction":[{"@type":"SearchAction","target":{"@type":"EntryPoint","urlTemplate":"https:\/\/covasna45.ro\/?s={search_term_string}"},"query-input":{"@type":"PropertyValueSpecification","valueRequired":true,"valueName":"search_term_string"}}],"inLanguage":"ro-RO"},{"@type":"Organization","@id":"https:\/\/covasna45.ro\/#organization","name":"covasna45.ro","url":"https:\/\/covasna45.ro\/","logo":{"@type":"ImageObject","inLanguage":"ro-RO","@id":"https:\/\/covasna45.ro\/#\/schema\/logo\/image\/","url":"https:\/\/covasna45.ro\/wp-content\/uploads\/2023\/01\/icon_logo.png","contentUrl":"https:\/\/covasna45.ro\/wp-content\/uploads\/2023\/01\/icon_logo.png","width":1900,"height":1900,"caption":"covasna45.ro"},"image":{"@id":"https:\/\/covasna45.ro\/#\/schema\/logo\/image\/"}},{"@type":"Person","@id":"https:\/\/covasna45.ro\/#\/schema\/person\/e674052bd7d95d70bbb007a1060ab73c","name":"Covasna45","image":{"@type":"ImageObject","inLanguage":"ro-RO","@id":"https:\/\/covasna45.ro\/wp-content\/uploads\/2025\/10\/icon_logo_covasna45-150x150.png","url":"https:\/\/covasna45.ro\/wp-content\/uploads\/2025\/10\/icon_logo_covasna45-150x150.png","contentUrl":"https:\/\/covasna45.ro\/wp-content\/uploads\/2025\/10\/icon_logo_covasna45-150x150.png","caption":"Covasna45"},"sameAs":["https:\/\/covasna45.ro"],"url":"https:\/\/covasna45.ro\/index.php\/author\/covasna\/"}]}},"_links":{"self":[{"href":"https:\/\/covasna45.ro\/index.php\/wp-json\/wp\/v2\/posts\/5709","targetHints":{"allow":["GET"]}}],"collection":[{"href":"https:\/\/covasna45.ro\/index.php\/wp-json\/wp\/v2\/posts"}],"about":[{"href":"https:\/\/covasna45.ro\/index.php\/wp-json\/wp\/v2\/types\/post"}],"author":[{"embeddable":true,"href":"https:\/\/covasna45.ro\/index.php\/wp-json\/wp\/v2\/users\/1"}],"replies":[{"embeddable":true,"href":"https:\/\/covasna45.ro\/index.php\/wp-json\/wp\/v2\/comments?post=5709"}],"version-history":[{"count":1,"href":"https:\/\/covasna45.ro\/index.php\/wp-json\/wp\/v2\/posts\/5709\/revisions"}],"predecessor-version":[{"id":5710,"href":"https:\/\/covasna45.ro\/index.php\/wp-json\/wp\/v2\/posts\/5709\/revisions\/5710"}],"wp:featuredmedia":[{"embeddable":true,"href":"https:\/\/covasna45.ro\/index.php\/wp-json\/wp\/v2\/media\/4811"}],"wp:attachment":[{"href":"https:\/\/covasna45.ro\/index.php\/wp-json\/wp\/v2\/media?parent=5709"}],"wp:term":[{"taxonomy":"category","embeddable":true,"href":"https:\/\/covasna45.ro\/index.php\/wp-json\/wp\/v2\/categories?post=5709"},{"taxonomy":"post_tag","embeddable":true,"href":"https:\/\/covasna45.ro\/index.php\/wp-json\/wp\/v2\/tags?post=5709"}],"curies":[{"name":"wp","href":"https:\/\/api.w.org\/{rel}","templated":true}]}}