{"id":5711,"date":"2024-04-26T12:05:25","date_gmt":"2024-04-26T10:05:25","guid":{"rendered":"https:\/\/covasna45.ro\/?p=5711"},"modified":"2024-04-26T12:05:26","modified_gmt":"2024-04-26T10:05:26","slug":"pensiile-pe-luna-mai-se-vor-plati-inainte-de-paste","status":"publish","type":"post","link":"https:\/\/covasna45.ro\/index.php\/lumea-noastra\/pensiile-pe-luna-mai-se-vor-plati-inainte-de-paste\/","title":{"rendered":"Pensiile pe luna mai se vor pl\u0103ti \u00eenainte de Pa\u0219te"},"content":{"rendered":"\n<p>Guvernul a aprobat alocarea unor fonduri de aproximativ 9,33 miliarde lei pentru plata \u00een avans, respectiv la \u00eenceputul lunii mai, a pensiilor \u015fi a altor drepturi prev\u0103zute de legi speciale, aferente lunii aprilie 2024.<\/p>\n\n\n\n<p><strong><em>\u201eHot\u0103r\u00e2rea de Guvern ne permite s\u0103 declan\u0219\u0103m procedurile \u00een luna aprilie astfel \u00eenc\u00e2t banii s\u0103 fie livrati la timp at\u00e2t prin Po\u0219ta Rom\u00e2na care vireaz\u0103 aproape jum\u0103tate din pensiile rom\u00e2nilor, dar \u0219i de a alimenta conturile celor 22 de b\u0103nci comerciale cu care Ministerul Muncii \u0219i Casa de Pensii au conven\u021bii. Estim\u0103rile sunt ca at\u00e2t Po\u0219ta, c\u00e2t \u0219i b\u0103ncile se vor incadra \u00een graficul agreat.<\/em><\/strong><\/p>\n\n\n\n<p><strong><em>Data la care vor primi pensiile pe cont este de 2-3 mai \u00een loc de 12 mai data pe care o aveam \u00een conventie, iar data la care vor livra pensiile factorii po\u0219tali va fi undeva p\u00e2n\u0103 la 3 mai inclusiv.<\/em><\/strong><br><strong><em>Mai exact, Executivul a aprobat dou\u0103 acte normative care asigur\u0103 plata \u00een avans a pensiilor \u0219i a altor drepturi prev\u0103zute de legi speciale, aferente lunii mai 2024<\/em><\/strong>\u201d, a declarat ministrul Muncii, Simona Bucura -Oprescu.<\/p>\n\n\n\n<p>Pentru plata \u00een avans a pensiilor aferente lunii mai 2024, prin mandat po\u015ftal, va fi virat\u0103 c\u0103tre Compania Na\u0163ional\u0103 Po\u015fta Rom\u00e2n\u0103 suma de peste 1,96 miliarde de lei din bugetul asigur\u0103rilor sociale de stat, respectiv circa 340 milioane de lei din bugetul de stat.<\/p>\n\n\n\n<p>C\u0103tre b\u0103ncile comerciale se va vira suma de peste 6,34 miliarde de lei din bugetul asigur\u0103rilor sociale de stat, respectiv peste 680 milioane de lei din bugetul de stat.<\/p>\n","protected":false},"excerpt":{"rendered":"<p>Guvernul a aprobat alocarea unor fonduri de aproximativ 9,33 miliarde lei pentru plata \u00een avans, respectiv la \u00eenceputul lunii mai, a pensiilor \u015fi a altor drepturi prev\u0103zute de legi speciale, aferente lunii aprilie 2024. \u201eHot\u0103r\u00e2rea de Guvern ne permite s\u0103 declan\u0219\u0103m procedurile \u00een luna aprilie astfel \u00eenc\u00e2t banii s\u0103 fie livrati la timp at\u00e2t prin [&hellip;]<\/p>\n","protected":false},"author":1,"featured_media":1268,"comment_status":"open","ping_status":"closed","sticky":false,"template":"","format":"standard","meta":{"tdm_status":"","tdm_grid_status":"","footnotes":""},"categories":[14],"tags":[396,200],"class_list":{"0":"post-5711","1":"post","2":"type-post","3":"status-publish","4":"format-standard","5":"has-post-thumbnail","7":"category-lumea-noastra","8":"tag-paste","9":"tag-pensii"},"yoast_head":"<!-- This site is optimized with the Yoast SEO plugin v27.5 - https:\/\/yoast.com\/product\/yoast-seo-wordpress\/ -->\n<title>Pensiile pe luna mai se vor pl\u0103ti \u00eenainte de Pa\u0219te - Covasna45<\/title>\n<meta name=\"description\" content=\"Data la care vor primi pensiile pe cont este de 2-3 mai \u00een loc de 12 mai data pe care o aveam \u00een conventie\" \/>\n<meta name=\"robots\" content=\"index, follow, max-snippet:-1, max-image-preview:large, max-video-preview:-1\" \/>\n<link rel=\"canonical\" href=\"https:\/\/covasna45.ro\/index.php\/lumea-noastra\/pensiile-pe-luna-mai-se-vor-plati-inainte-de-paste\/\" \/>\n<meta property=\"og:locale\" content=\"ro_RO\" \/>\n<meta property=\"og:type\" content=\"article\" \/>\n<meta property=\"og:title\" content=\"Pensiile pe luna mai se vor pl\u0103ti \u00eenainte de Pa\u0219te - Covasna45\" \/>\n<meta property=\"og:description\" content=\"Data la care vor primi pensiile pe cont este de 2-3 mai \u00een loc de 12 mai data pe care o aveam \u00een conventie\" \/>\n<meta property=\"og:url\" content=\"https:\/\/covasna45.ro\/index.php\/lumea-noastra\/pensiile-pe-luna-mai-se-vor-plati-inainte-de-paste\/\" \/>\n<meta property=\"og:site_name\" content=\"Covasna45\" \/>\n<meta property=\"article:published_time\" content=\"2024-04-26T10:05:25+00:00\" \/>\n<meta property=\"article:modified_time\" content=\"2024-04-26T10:05:26+00:00\" \/>\n<meta property=\"og:image\" content=\"https:\/\/covasna45.ro\/wp-content\/uploads\/2023\/04\/talon_pensie.jpg\" \/>\n\t<meta property=\"og:image:width\" content=\"1024\" \/>\n\t<meta property=\"og:image:height\" content=\"576\" \/>\n\t<meta property=\"og:image:type\" content=\"image\/jpeg\" \/>\n<meta name=\"author\" content=\"Covasna45\" \/>\n<meta name=\"twitter:card\" content=\"summary_large_image\" \/>\n<meta name=\"twitter:label1\" content=\"Scris de\" \/>\n\t<meta name=\"twitter:data1\" content=\"Covasna45\" \/>\n\t<meta name=\"twitter:label2\" content=\"Timp estimat pentru citire\" \/>\n\t<meta name=\"twitter:data2\" content=\"2 minute\" \/>\n<script type=\"application\/ld+json\" class=\"yoast-schema-graph\">{\"@context\":\"https:\\\/\\\/schema.org\",\"@graph\":[{\"@type\":\"Article\",\"@id\":\"https:\\\/\\\/covasna45.ro\\\/index.php\\\/lumea-noastra\\\/pensiile-pe-luna-mai-se-vor-plati-inainte-de-paste\\\/#article\",\"isPartOf\":{\"@id\":\"https:\\\/\\\/covasna45.ro\\\/index.php\\\/lumea-noastra\\\/pensiile-pe-luna-mai-se-vor-plati-inainte-de-paste\\\/\"},\"author\":{\"name\":\"Covasna45\",\"@id\":\"https:\\\/\\\/covasna45.ro\\\/#\\\/schema\\\/person\\\/e674052bd7d95d70bbb007a1060ab73c\"},\"headline\":\"Pensiile pe luna mai se vor pl\u0103ti \u00eenainte de Pa\u0219te\",\"datePublished\":\"2024-04-26T10:05:25+00:00\",\"dateModified\":\"2024-04-26T10:05:26+00:00\",\"mainEntityOfPage\":{\"@id\":\"https:\\\/\\\/covasna45.ro\\\/index.php\\\/lumea-noastra\\\/pensiile-pe-luna-mai-se-vor-plati-inainte-de-paste\\\/\"},\"wordCount\":277,\"commentCount\":0,\"publisher\":{\"@id\":\"https:\\\/\\\/covasna45.ro\\\/#organization\"},\"image\":{\"@id\":\"https:\\\/\\\/covasna45.ro\\\/index.php\\\/lumea-noastra\\\/pensiile-pe-luna-mai-se-vor-plati-inainte-de-paste\\\/#primaryimage\"},\"thumbnailUrl\":\"https:\\\/\\\/covasna45.ro\\\/wp-content\\\/uploads\\\/2023\\\/04\\\/talon_pensie.jpg\",\"keywords\":[\"Pa\u0219te\",\"Pensii\"],\"articleSection\":[\"Lumea noastr\u0103\"],\"inLanguage\":\"ro-RO\",\"potentialAction\":[{\"@type\":\"CommentAction\",\"name\":\"Comment\",\"target\":[\"https:\\\/\\\/covasna45.ro\\\/index.php\\\/lumea-noastra\\\/pensiile-pe-luna-mai-se-vor-plati-inainte-de-paste\\\/#respond\"]}]},{\"@type\":\"WebPage\",\"@id\":\"https:\\\/\\\/covasna45.ro\\\/index.php\\\/lumea-noastra\\\/pensiile-pe-luna-mai-se-vor-plati-inainte-de-paste\\\/\",\"url\":\"https:\\\/\\\/covasna45.ro\\\/index.php\\\/lumea-noastra\\\/pensiile-pe-luna-mai-se-vor-plati-inainte-de-paste\\\/\",\"name\":\"Pensiile pe luna mai se vor pl\u0103ti \u00eenainte de Pa\u0219te - Covasna45\",\"isPartOf\":{\"@id\":\"https:\\\/\\\/covasna45.ro\\\/#website\"},\"primaryImageOfPage\":{\"@id\":\"https:\\\/\\\/covasna45.ro\\\/index.php\\\/lumea-noastra\\\/pensiile-pe-luna-mai-se-vor-plati-inainte-de-paste\\\/#primaryimage\"},\"image\":{\"@id\":\"https:\\\/\\\/covasna45.ro\\\/index.php\\\/lumea-noastra\\\/pensiile-pe-luna-mai-se-vor-plati-inainte-de-paste\\\/#primaryimage\"},\"thumbnailUrl\":\"https:\\\/\\\/covasna45.ro\\\/wp-content\\\/uploads\\\/2023\\\/04\\\/talon_pensie.jpg\",\"datePublished\":\"2024-04-26T10:05:25+00:00\",\"dateModified\":\"2024-04-26T10:05:26+00:00\",\"description\":\"Data la care vor primi pensiile pe cont este de 2-3 mai \u00een loc de 12 mai data pe care o aveam \u00een conventie\",\"breadcrumb\":{\"@id\":\"https:\\\/\\\/covasna45.ro\\\/index.php\\\/lumea-noastra\\\/pensiile-pe-luna-mai-se-vor-plati-inainte-de-paste\\\/#breadcrumb\"},\"inLanguage\":\"ro-RO\",\"potentialAction\":[{\"@type\":\"ReadAction\",\"target\":[\"https:\\\/\\\/covasna45.ro\\\/index.php\\\/lumea-noastra\\\/pensiile-pe-luna-mai-se-vor-plati-inainte-de-paste\\\/\"]}]},{\"@type\":\"ImageObject\",\"inLanguage\":\"ro-RO\",\"@id\":\"https:\\\/\\\/covasna45.ro\\\/index.php\\\/lumea-noastra\\\/pensiile-pe-luna-mai-se-vor-plati-inainte-de-paste\\\/#primaryimage\",\"url\":\"https:\\\/\\\/covasna45.ro\\\/wp-content\\\/uploads\\\/2023\\\/04\\\/talon_pensie.jpg\",\"contentUrl\":\"https:\\\/\\\/covasna45.ro\\\/wp-content\\\/uploads\\\/2023\\\/04\\\/talon_pensie.jpg\",\"width\":1024,\"height\":576},{\"@type\":\"BreadcrumbList\",\"@id\":\"https:\\\/\\\/covasna45.ro\\\/index.php\\\/lumea-noastra\\\/pensiile-pe-luna-mai-se-vor-plati-inainte-de-paste\\\/#breadcrumb\",\"itemListElement\":[{\"@type\":\"ListItem\",\"position\":1,\"name\":\"Prima pagin\u0103\",\"item\":\"https:\\\/\\\/covasna45.ro\\\/\"},{\"@type\":\"ListItem\",\"position\":2,\"name\":\"Pensiile pe luna mai se vor pl\u0103ti \u00eenainte de Pa\u0219te\"}]},{\"@type\":\"WebSite\",\"@id\":\"https:\\\/\\\/covasna45.ro\\\/#website\",\"url\":\"https:\\\/\\\/covasna45.ro\\\/\",\"name\":\"covasna45.ro\",\"description\":\"\",\"publisher\":{\"@id\":\"https:\\\/\\\/covasna45.ro\\\/#organization\"},\"potentialAction\":[{\"@type\":\"SearchAction\",\"target\":{\"@type\":\"EntryPoint\",\"urlTemplate\":\"https:\\\/\\\/covasna45.ro\\\/?s={search_term_string}\"},\"query-input\":{\"@type\":\"PropertyValueSpecification\",\"valueRequired\":true,\"valueName\":\"search_term_string\"}}],\"inLanguage\":\"ro-RO\"},{\"@type\":\"Organization\",\"@id\":\"https:\\\/\\\/covasna45.ro\\\/#organization\",\"name\":\"covasna45.ro\",\"url\":\"https:\\\/\\\/covasna45.ro\\\/\",\"logo\":{\"@type\":\"ImageObject\",\"inLanguage\":\"ro-RO\",\"@id\":\"https:\\\/\\\/covasna45.ro\\\/#\\\/schema\\\/logo\\\/image\\\/\",\"url\":\"https:\\\/\\\/covasna45.ro\\\/wp-content\\\/uploads\\\/2023\\\/01\\\/icon_logo.png\",\"contentUrl\":\"https:\\\/\\\/covasna45.ro\\\/wp-content\\\/uploads\\\/2023\\\/01\\\/icon_logo.png\",\"width\":1900,\"height\":1900,\"caption\":\"covasna45.ro\"},\"image\":{\"@id\":\"https:\\\/\\\/covasna45.ro\\\/#\\\/schema\\\/logo\\\/image\\\/\"}},{\"@type\":\"Person\",\"@id\":\"https:\\\/\\\/covasna45.ro\\\/#\\\/schema\\\/person\\\/e674052bd7d95d70bbb007a1060ab73c\",\"name\":\"Covasna45\",\"image\":{\"@type\":\"ImageObject\",\"inLanguage\":\"ro-RO\",\"@id\":\"https:\\\/\\\/covasna45.ro\\\/wp-content\\\/uploads\\\/2025\\\/10\\\/icon_logo_covasna45-150x150.png\",\"url\":\"https:\\\/\\\/covasna45.ro\\\/wp-content\\\/uploads\\\/2025\\\/10\\\/icon_logo_covasna45-150x150.png\",\"contentUrl\":\"https:\\\/\\\/covasna45.ro\\\/wp-content\\\/uploads\\\/2025\\\/10\\\/icon_logo_covasna45-150x150.png\",\"caption\":\"Covasna45\"},\"sameAs\":[\"https:\\\/\\\/covasna45.ro\"],\"url\":\"https:\\\/\\\/covasna45.ro\\\/index.php\\\/author\\\/covasna\\\/\"}]}<\/script>\n<!-- \/ Yoast SEO plugin. -->","yoast_head_json":{"title":"Pensiile pe luna mai se vor pl\u0103ti \u00eenainte de Pa\u0219te - Covasna45","description":"Data la care vor primi pensiile pe cont este de 2-3 mai \u00een loc de 12 mai data pe care o aveam \u00een conventie","robots":{"index":"index","follow":"follow","max-snippet":"max-snippet:-1","max-image-preview":"max-image-preview:large","max-video-preview":"max-video-preview:-1"},"canonical":"https:\/\/covasna45.ro\/index.php\/lumea-noastra\/pensiile-pe-luna-mai-se-vor-plati-inainte-de-paste\/","og_locale":"ro_RO","og_type":"article","og_title":"Pensiile pe luna mai se vor pl\u0103ti \u00eenainte de Pa\u0219te - Covasna45","og_description":"Data la care vor primi pensiile pe cont este de 2-3 mai \u00een loc de 12 mai data pe care o aveam \u00een conventie","og_url":"https:\/\/covasna45.ro\/index.php\/lumea-noastra\/pensiile-pe-luna-mai-se-vor-plati-inainte-de-paste\/","og_site_name":"Covasna45","article_published_time":"2024-04-26T10:05:25+00:00","article_modified_time":"2024-04-26T10:05:26+00:00","og_image":[{"width":1024,"height":576,"url":"https:\/\/covasna45.ro\/wp-content\/uploads\/2023\/04\/talon_pensie.jpg","type":"image\/jpeg"}],"author":"Covasna45","twitter_card":"summary_large_image","twitter_misc":{"Scris de":"Covasna45","Timp estimat pentru citire":"2 minute"},"schema":{"@context":"https:\/\/schema.org","@graph":[{"@type":"Article","@id":"https:\/\/covasna45.ro\/index.php\/lumea-noastra\/pensiile-pe-luna-mai-se-vor-plati-inainte-de-paste\/#article","isPartOf":{"@id":"https:\/\/covasna45.ro\/index.php\/lumea-noastra\/pensiile-pe-luna-mai-se-vor-plati-inainte-de-paste\/"},"author":{"name":"Covasna45","@id":"https:\/\/covasna45.ro\/#\/schema\/person\/e674052bd7d95d70bbb007a1060ab73c"},"headline":"Pensiile pe luna mai se vor pl\u0103ti \u00eenainte de Pa\u0219te","datePublished":"2024-04-26T10:05:25+00:00","dateModified":"2024-04-26T10:05:26+00:00","mainEntityOfPage":{"@id":"https:\/\/covasna45.ro\/index.php\/lumea-noastra\/pensiile-pe-luna-mai-se-vor-plati-inainte-de-paste\/"},"wordCount":277,"commentCount":0,"publisher":{"@id":"https:\/\/covasna45.ro\/#organization"},"image":{"@id":"https:\/\/covasna45.ro\/index.php\/lumea-noastra\/pensiile-pe-luna-mai-se-vor-plati-inainte-de-paste\/#primaryimage"},"thumbnailUrl":"https:\/\/covasna45.ro\/wp-content\/uploads\/2023\/04\/talon_pensie.jpg","keywords":["Pa\u0219te","Pensii"],"articleSection":["Lumea noastr\u0103"],"inLanguage":"ro-RO","potentialAction":[{"@type":"CommentAction","name":"Comment","target":["https:\/\/covasna45.ro\/index.php\/lumea-noastra\/pensiile-pe-luna-mai-se-vor-plati-inainte-de-paste\/#respond"]}]},{"@type":"WebPage","@id":"https:\/\/covasna45.ro\/index.php\/lumea-noastra\/pensiile-pe-luna-mai-se-vor-plati-inainte-de-paste\/","url":"https:\/\/covasna45.ro\/index.php\/lumea-noastra\/pensiile-pe-luna-mai-se-vor-plati-inainte-de-paste\/","name":"Pensiile pe luna mai se vor pl\u0103ti \u00eenainte de Pa\u0219te - Covasna45","isPartOf":{"@id":"https:\/\/covasna45.ro\/#website"},"primaryImageOfPage":{"@id":"https:\/\/covasna45.ro\/index.php\/lumea-noastra\/pensiile-pe-luna-mai-se-vor-plati-inainte-de-paste\/#primaryimage"},"image":{"@id":"https:\/\/covasna45.ro\/index.php\/lumea-noastra\/pensiile-pe-luna-mai-se-vor-plati-inainte-de-paste\/#primaryimage"},"thumbnailUrl":"https:\/\/covasna45.ro\/wp-content\/uploads\/2023\/04\/talon_pensie.jpg","datePublished":"2024-04-26T10:05:25+00:00","dateModified":"2024-04-26T10:05:26+00:00","description":"Data la care vor primi pensiile pe cont este de 2-3 mai \u00een loc de 12 mai data pe care o aveam \u00een conventie","breadcrumb":{"@id":"https:\/\/covasna45.ro\/index.php\/lumea-noastra\/pensiile-pe-luna-mai-se-vor-plati-inainte-de-paste\/#breadcrumb"},"inLanguage":"ro-RO","potentialAction":[{"@type":"ReadAction","target":["https:\/\/covasna45.ro\/index.php\/lumea-noastra\/pensiile-pe-luna-mai-se-vor-plati-inainte-de-paste\/"]}]},{"@type":"ImageObject","inLanguage":"ro-RO","@id":"https:\/\/covasna45.ro\/index.php\/lumea-noastra\/pensiile-pe-luna-mai-se-vor-plati-inainte-de-paste\/#primaryimage","url":"https:\/\/covasna45.ro\/wp-content\/uploads\/2023\/04\/talon_pensie.jpg","contentUrl":"https:\/\/covasna45.ro\/wp-content\/uploads\/2023\/04\/talon_pensie.jpg","width":1024,"height":576},{"@type":"BreadcrumbList","@id":"https:\/\/covasna45.ro\/index.php\/lumea-noastra\/pensiile-pe-luna-mai-se-vor-plati-inainte-de-paste\/#breadcrumb","itemListElement":[{"@type":"ListItem","position":1,"name":"Prima pagin\u0103","item":"https:\/\/covasna45.ro\/"},{"@type":"ListItem","position":2,"name":"Pensiile pe luna mai se vor pl\u0103ti \u00eenainte de Pa\u0219te"}]},{"@type":"WebSite","@id":"https:\/\/covasna45.ro\/#website","url":"https:\/\/covasna45.ro\/","name":"covasna45.ro","description":"","publisher":{"@id":"https:\/\/covasna45.ro\/#organization"},"potentialAction":[{"@type":"SearchAction","target":{"@type":"EntryPoint","urlTemplate":"https:\/\/covasna45.ro\/?s={search_term_string}"},"query-input":{"@type":"PropertyValueSpecification","valueRequired":true,"valueName":"search_term_string"}}],"inLanguage":"ro-RO"},{"@type":"Organization","@id":"https:\/\/covasna45.ro\/#organization","name":"covasna45.ro","url":"https:\/\/covasna45.ro\/","logo":{"@type":"ImageObject","inLanguage":"ro-RO","@id":"https:\/\/covasna45.ro\/#\/schema\/logo\/image\/","url":"https:\/\/covasna45.ro\/wp-content\/uploads\/2023\/01\/icon_logo.png","contentUrl":"https:\/\/covasna45.ro\/wp-content\/uploads\/2023\/01\/icon_logo.png","width":1900,"height":1900,"caption":"covasna45.ro"},"image":{"@id":"https:\/\/covasna45.ro\/#\/schema\/logo\/image\/"}},{"@type":"Person","@id":"https:\/\/covasna45.ro\/#\/schema\/person\/e674052bd7d95d70bbb007a1060ab73c","name":"Covasna45","image":{"@type":"ImageObject","inLanguage":"ro-RO","@id":"https:\/\/covasna45.ro\/wp-content\/uploads\/2025\/10\/icon_logo_covasna45-150x150.png","url":"https:\/\/covasna45.ro\/wp-content\/uploads\/2025\/10\/icon_logo_covasna45-150x150.png","contentUrl":"https:\/\/covasna45.ro\/wp-content\/uploads\/2025\/10\/icon_logo_covasna45-150x150.png","caption":"Covasna45"},"sameAs":["https:\/\/covasna45.ro"],"url":"https:\/\/covasna45.ro\/index.php\/author\/covasna\/"}]}},"_links":{"self":[{"href":"https:\/\/covasna45.ro\/index.php\/wp-json\/wp\/v2\/posts\/5711","targetHints":{"allow":["GET"]}}],"collection":[{"href":"https:\/\/covasna45.ro\/index.php\/wp-json\/wp\/v2\/posts"}],"about":[{"href":"https:\/\/covasna45.ro\/index.php\/wp-json\/wp\/v2\/types\/post"}],"author":[{"embeddable":true,"href":"https:\/\/covasna45.ro\/index.php\/wp-json\/wp\/v2\/users\/1"}],"replies":[{"embeddable":true,"href":"https:\/\/covasna45.ro\/index.php\/wp-json\/wp\/v2\/comments?post=5711"}],"version-history":[{"count":1,"href":"https:\/\/covasna45.ro\/index.php\/wp-json\/wp\/v2\/posts\/5711\/revisions"}],"predecessor-version":[{"id":5712,"href":"https:\/\/covasna45.ro\/index.php\/wp-json\/wp\/v2\/posts\/5711\/revisions\/5712"}],"wp:featuredmedia":[{"embeddable":true,"href":"https:\/\/covasna45.ro\/index.php\/wp-json\/wp\/v2\/media\/1268"}],"wp:attachment":[{"href":"https:\/\/covasna45.ro\/index.php\/wp-json\/wp\/v2\/media?parent=5711"}],"wp:term":[{"taxonomy":"category","embeddable":true,"href":"https:\/\/covasna45.ro\/index.php\/wp-json\/wp\/v2\/categories?post=5711"},{"taxonomy":"post_tag","embeddable":true,"href":"https:\/\/covasna45.ro\/index.php\/wp-json\/wp\/v2\/tags?post=5711"}],"curies":[{"name":"wp","href":"https:\/\/api.w.org\/{rel}","templated":true}]}}