{"id":5713,"date":"2024-04-26T12:11:45","date_gmt":"2024-04-26T10:11:45","guid":{"rendered":"https:\/\/covasna45.ro\/?p=5713"},"modified":"2024-04-26T12:11:45","modified_gmt":"2024-04-26T10:11:45","slug":"o-treime-dintre-romanii-care-au-varsta-de-munca-nu-lucreaza","status":"publish","type":"post","link":"https:\/\/covasna45.ro\/index.php\/lumea-noastra\/o-treime-dintre-romanii-care-au-varsta-de-munca-nu-lucreaza\/","title":{"rendered":"O treime dintre rom\u00e2nii care au v\u00e2rst\u0103 de munc\u0103 nu lucreaz\u0103"},"content":{"rendered":"\n<p>Rom\u00e2nia este o economie \u00een care exist\u0103 dou\u0103 situa\u021bii aparent contradictorii: mul\u021bi oameni nu au loc de munc\u0103, dar exist\u0103 \u0219i destui oameni care muncesc sub calificarea lor.<\/p>\n\n\n\n<p>\u00cen 2023, rata de supracalificare \u00een Rom\u00e2nia era de circa 16% (fa\u021b\u0103 de media UE de 22%), arat\u0103 datele Eurostat, care consider\u0103 c\u0103 un angajat e supracalificat dac\u0103 are studii superioare nivelului de calificare cerut de locul de munc\u0103. Femeile rom\u00e2nce au o rat\u0103 de supracalificare u\u0219or mai mare dec\u00e2t b\u0103rba\u021bii, mai arat\u0103 Eurostat. Dintre \u021b\u0103rile UE, rata de supracalificare a fost cea mai mare \u00een Spania (36%), urmat\u0103 de Grecia (31%) \u0219i Cipru (30%).<\/p>\n\n\n\n<p>\u00cen Luxemburg (5%), Danemarca \u0219i Cehia (fiecare 13%) s-au \u00eenregistrat cele mai sc\u0103zute rate.<\/p>\n\n\n\n<p>\u00cen 18 din cele 27 de \u021b\u0103ri ale UE, femeile au avut rate de supracalificare mai mari dec\u00e2t b\u0103rba\u021bii, cele mai mari diferen\u021be fiind \u00eenregistrate \u00een Malta \u0219i Slovacia (ambele +8 puncte procentuale (pp)) \u0219i Italia (+7 pp).<\/p>\n\n\n\n<p>\u00cen 9 \u021b\u0103ri din UE, b\u0103rba\u021bii au avut rate mai mari de supracalificare, cele mai mari diferen\u021be fiind \u00eenregistrate \u00een Lituania (+5 pp), Letonia (+4 pp) \u0219i Bulgaria (+3 pp).<\/p>\n\n\n\n<p>Eurostat a m\u0103surat de asemenea ratele de ocupare (procentul de persoane angajate din totalul popula\u021biei \u00een v\u00e2rst\u0103 de munc\u0103) din statele membre UE. A treia cea mai mic\u0103 e \u00een Rom\u00e2nia (68,7%), dup\u0103 Italia \u0219i Grecia.<\/p>\n\n\n\n<p>Cele mai mari rate de ocupare au fost \u00eenregistrate \u00een \u021a\u0103rile de Jos (84%), Suedia (83%) \u0219i Estonia (82%).<\/p>\n","protected":false},"excerpt":{"rendered":"<p>Rom\u00e2nia este o economie \u00een care exist\u0103 dou\u0103 situa\u021bii aparent contradictorii: mul\u021bi oameni nu au loc de munc\u0103, dar exist\u0103 \u0219i destui oameni care muncesc sub calificarea lor. \u00cen 2023, rata de supracalificare \u00een Rom\u00e2nia era de circa 16% (fa\u021b\u0103 de media UE de 22%), arat\u0103 datele Eurostat, care consider\u0103 c\u0103 un angajat e supracalificat [&hellip;]<\/p>\n","protected":false},"author":1,"featured_media":5714,"comment_status":"open","ping_status":"closed","sticky":false,"template":"","format":"standard","meta":{"tdm_status":"","tdm_grid_status":"","footnotes":""},"categories":[14],"tags":[1871,316,519],"class_list":{"0":"post-5713","1":"post","2":"type-post","3":"status-publish","4":"format-standard","5":"has-post-thumbnail","7":"category-lumea-noastra","8":"tag-job","9":"tag-munca","10":"tag-statistici"},"yoast_head":"<!-- This site is optimized with the Yoast SEO plugin v27.5 - https:\/\/yoast.com\/product\/yoast-seo-wordpress\/ -->\n<title>O treime dintre rom\u00e2nii care au v\u00e2rst\u0103 de munc\u0103 nu lucreaz\u0103 - Covasna45<\/title>\n<meta name=\"description\" content=\"Rom\u00e2nia este o economie \u00een care exist\u0103 dou\u0103 situa\u021bii aparent contradictorii: mul\u021bi oameni nu au loc de munc\u0103\" \/>\n<meta name=\"robots\" content=\"index, follow, max-snippet:-1, max-image-preview:large, max-video-preview:-1\" \/>\n<link rel=\"canonical\" href=\"https:\/\/covasna45.ro\/index.php\/lumea-noastra\/o-treime-dintre-romanii-care-au-varsta-de-munca-nu-lucreaza\/\" \/>\n<meta property=\"og:locale\" content=\"ro_RO\" \/>\n<meta property=\"og:type\" content=\"article\" \/>\n<meta property=\"og:title\" content=\"O treime dintre rom\u00e2nii care au v\u00e2rst\u0103 de munc\u0103 nu lucreaz\u0103 - Covasna45\" \/>\n<meta property=\"og:description\" content=\"Rom\u00e2nia este o economie \u00een care exist\u0103 dou\u0103 situa\u021bii aparent contradictorii: mul\u021bi oameni nu au loc de munc\u0103\" \/>\n<meta property=\"og:url\" content=\"https:\/\/covasna45.ro\/index.php\/lumea-noastra\/o-treime-dintre-romanii-care-au-varsta-de-munca-nu-lucreaza\/\" \/>\n<meta property=\"og:site_name\" content=\"Covasna45\" \/>\n<meta property=\"article:published_time\" content=\"2024-04-26T10:11:45+00:00\" \/>\n<meta property=\"og:image\" content=\"https:\/\/covasna45.ro\/wp-content\/uploads\/2024\/04\/munca.jpg\" \/>\n\t<meta property=\"og:image:width\" content=\"1351\" \/>\n\t<meta property=\"og:image:height\" content=\"900\" \/>\n\t<meta property=\"og:image:type\" content=\"image\/jpeg\" \/>\n<meta name=\"author\" content=\"Covasna45\" \/>\n<meta name=\"twitter:card\" content=\"summary_large_image\" \/>\n<meta name=\"twitter:label1\" content=\"Scris de\" \/>\n\t<meta name=\"twitter:data1\" content=\"Covasna45\" \/>\n\t<meta name=\"twitter:label2\" content=\"Timp estimat pentru citire\" \/>\n\t<meta name=\"twitter:data2\" content=\"2 minute\" \/>\n<script type=\"application\/ld+json\" class=\"yoast-schema-graph\">{\"@context\":\"https:\\\/\\\/schema.org\",\"@graph\":[{\"@type\":\"Article\",\"@id\":\"https:\\\/\\\/covasna45.ro\\\/index.php\\\/lumea-noastra\\\/o-treime-dintre-romanii-care-au-varsta-de-munca-nu-lucreaza\\\/#article\",\"isPartOf\":{\"@id\":\"https:\\\/\\\/covasna45.ro\\\/index.php\\\/lumea-noastra\\\/o-treime-dintre-romanii-care-au-varsta-de-munca-nu-lucreaza\\\/\"},\"author\":{\"name\":\"Covasna45\",\"@id\":\"https:\\\/\\\/covasna45.ro\\\/#\\\/schema\\\/person\\\/e674052bd7d95d70bbb007a1060ab73c\"},\"headline\":\"O treime dintre rom\u00e2nii care au v\u00e2rst\u0103 de munc\u0103 nu lucreaz\u0103\",\"datePublished\":\"2024-04-26T10:11:45+00:00\",\"mainEntityOfPage\":{\"@id\":\"https:\\\/\\\/covasna45.ro\\\/index.php\\\/lumea-noastra\\\/o-treime-dintre-romanii-care-au-varsta-de-munca-nu-lucreaza\\\/\"},\"wordCount\":254,\"commentCount\":0,\"publisher\":{\"@id\":\"https:\\\/\\\/covasna45.ro\\\/#organization\"},\"image\":{\"@id\":\"https:\\\/\\\/covasna45.ro\\\/index.php\\\/lumea-noastra\\\/o-treime-dintre-romanii-care-au-varsta-de-munca-nu-lucreaza\\\/#primaryimage\"},\"thumbnailUrl\":\"https:\\\/\\\/covasna45.ro\\\/wp-content\\\/uploads\\\/2024\\\/04\\\/munca.jpg\",\"keywords\":[\"Job\",\"Munc\u0103\",\"Statistici\"],\"articleSection\":[\"Lumea noastr\u0103\"],\"inLanguage\":\"ro-RO\",\"potentialAction\":[{\"@type\":\"CommentAction\",\"name\":\"Comment\",\"target\":[\"https:\\\/\\\/covasna45.ro\\\/index.php\\\/lumea-noastra\\\/o-treime-dintre-romanii-care-au-varsta-de-munca-nu-lucreaza\\\/#respond\"]}]},{\"@type\":\"WebPage\",\"@id\":\"https:\\\/\\\/covasna45.ro\\\/index.php\\\/lumea-noastra\\\/o-treime-dintre-romanii-care-au-varsta-de-munca-nu-lucreaza\\\/\",\"url\":\"https:\\\/\\\/covasna45.ro\\\/index.php\\\/lumea-noastra\\\/o-treime-dintre-romanii-care-au-varsta-de-munca-nu-lucreaza\\\/\",\"name\":\"O treime dintre rom\u00e2nii care au v\u00e2rst\u0103 de munc\u0103 nu lucreaz\u0103 - Covasna45\",\"isPartOf\":{\"@id\":\"https:\\\/\\\/covasna45.ro\\\/#website\"},\"primaryImageOfPage\":{\"@id\":\"https:\\\/\\\/covasna45.ro\\\/index.php\\\/lumea-noastra\\\/o-treime-dintre-romanii-care-au-varsta-de-munca-nu-lucreaza\\\/#primaryimage\"},\"image\":{\"@id\":\"https:\\\/\\\/covasna45.ro\\\/index.php\\\/lumea-noastra\\\/o-treime-dintre-romanii-care-au-varsta-de-munca-nu-lucreaza\\\/#primaryimage\"},\"thumbnailUrl\":\"https:\\\/\\\/covasna45.ro\\\/wp-content\\\/uploads\\\/2024\\\/04\\\/munca.jpg\",\"datePublished\":\"2024-04-26T10:11:45+00:00\",\"description\":\"Rom\u00e2nia este o economie \u00een care exist\u0103 dou\u0103 situa\u021bii aparent contradictorii: mul\u021bi oameni nu au loc de munc\u0103\",\"breadcrumb\":{\"@id\":\"https:\\\/\\\/covasna45.ro\\\/index.php\\\/lumea-noastra\\\/o-treime-dintre-romanii-care-au-varsta-de-munca-nu-lucreaza\\\/#breadcrumb\"},\"inLanguage\":\"ro-RO\",\"potentialAction\":[{\"@type\":\"ReadAction\",\"target\":[\"https:\\\/\\\/covasna45.ro\\\/index.php\\\/lumea-noastra\\\/o-treime-dintre-romanii-care-au-varsta-de-munca-nu-lucreaza\\\/\"]}]},{\"@type\":\"ImageObject\",\"inLanguage\":\"ro-RO\",\"@id\":\"https:\\\/\\\/covasna45.ro\\\/index.php\\\/lumea-noastra\\\/o-treime-dintre-romanii-care-au-varsta-de-munca-nu-lucreaza\\\/#primaryimage\",\"url\":\"https:\\\/\\\/covasna45.ro\\\/wp-content\\\/uploads\\\/2024\\\/04\\\/munca.jpg\",\"contentUrl\":\"https:\\\/\\\/covasna45.ro\\\/wp-content\\\/uploads\\\/2024\\\/04\\\/munca.jpg\",\"width\":1351,\"height\":900},{\"@type\":\"BreadcrumbList\",\"@id\":\"https:\\\/\\\/covasna45.ro\\\/index.php\\\/lumea-noastra\\\/o-treime-dintre-romanii-care-au-varsta-de-munca-nu-lucreaza\\\/#breadcrumb\",\"itemListElement\":[{\"@type\":\"ListItem\",\"position\":1,\"name\":\"Prima pagin\u0103\",\"item\":\"https:\\\/\\\/covasna45.ro\\\/\"},{\"@type\":\"ListItem\",\"position\":2,\"name\":\"O treime dintre rom\u00e2nii care au v\u00e2rst\u0103 de munc\u0103 nu lucreaz\u0103\"}]},{\"@type\":\"WebSite\",\"@id\":\"https:\\\/\\\/covasna45.ro\\\/#website\",\"url\":\"https:\\\/\\\/covasna45.ro\\\/\",\"name\":\"covasna45.ro\",\"description\":\"\",\"publisher\":{\"@id\":\"https:\\\/\\\/covasna45.ro\\\/#organization\"},\"potentialAction\":[{\"@type\":\"SearchAction\",\"target\":{\"@type\":\"EntryPoint\",\"urlTemplate\":\"https:\\\/\\\/covasna45.ro\\\/?s={search_term_string}\"},\"query-input\":{\"@type\":\"PropertyValueSpecification\",\"valueRequired\":true,\"valueName\":\"search_term_string\"}}],\"inLanguage\":\"ro-RO\"},{\"@type\":\"Organization\",\"@id\":\"https:\\\/\\\/covasna45.ro\\\/#organization\",\"name\":\"covasna45.ro\",\"url\":\"https:\\\/\\\/covasna45.ro\\\/\",\"logo\":{\"@type\":\"ImageObject\",\"inLanguage\":\"ro-RO\",\"@id\":\"https:\\\/\\\/covasna45.ro\\\/#\\\/schema\\\/logo\\\/image\\\/\",\"url\":\"https:\\\/\\\/covasna45.ro\\\/wp-content\\\/uploads\\\/2023\\\/01\\\/icon_logo.png\",\"contentUrl\":\"https:\\\/\\\/covasna45.ro\\\/wp-content\\\/uploads\\\/2023\\\/01\\\/icon_logo.png\",\"width\":1900,\"height\":1900,\"caption\":\"covasna45.ro\"},\"image\":{\"@id\":\"https:\\\/\\\/covasna45.ro\\\/#\\\/schema\\\/logo\\\/image\\\/\"}},{\"@type\":\"Person\",\"@id\":\"https:\\\/\\\/covasna45.ro\\\/#\\\/schema\\\/person\\\/e674052bd7d95d70bbb007a1060ab73c\",\"name\":\"Covasna45\",\"image\":{\"@type\":\"ImageObject\",\"inLanguage\":\"ro-RO\",\"@id\":\"https:\\\/\\\/covasna45.ro\\\/wp-content\\\/uploads\\\/2025\\\/10\\\/icon_logo_covasna45-150x150.png\",\"url\":\"https:\\\/\\\/covasna45.ro\\\/wp-content\\\/uploads\\\/2025\\\/10\\\/icon_logo_covasna45-150x150.png\",\"contentUrl\":\"https:\\\/\\\/covasna45.ro\\\/wp-content\\\/uploads\\\/2025\\\/10\\\/icon_logo_covasna45-150x150.png\",\"caption\":\"Covasna45\"},\"sameAs\":[\"https:\\\/\\\/covasna45.ro\"],\"url\":\"https:\\\/\\\/covasna45.ro\\\/index.php\\\/author\\\/covasna\\\/\"}]}<\/script>\n<!-- \/ Yoast SEO plugin. -->","yoast_head_json":{"title":"O treime dintre rom\u00e2nii care au v\u00e2rst\u0103 de munc\u0103 nu lucreaz\u0103 - Covasna45","description":"Rom\u00e2nia este o economie \u00een care exist\u0103 dou\u0103 situa\u021bii aparent contradictorii: mul\u021bi oameni nu au loc de munc\u0103","robots":{"index":"index","follow":"follow","max-snippet":"max-snippet:-1","max-image-preview":"max-image-preview:large","max-video-preview":"max-video-preview:-1"},"canonical":"https:\/\/covasna45.ro\/index.php\/lumea-noastra\/o-treime-dintre-romanii-care-au-varsta-de-munca-nu-lucreaza\/","og_locale":"ro_RO","og_type":"article","og_title":"O treime dintre rom\u00e2nii care au v\u00e2rst\u0103 de munc\u0103 nu lucreaz\u0103 - Covasna45","og_description":"Rom\u00e2nia este o economie \u00een care exist\u0103 dou\u0103 situa\u021bii aparent contradictorii: mul\u021bi oameni nu au loc de munc\u0103","og_url":"https:\/\/covasna45.ro\/index.php\/lumea-noastra\/o-treime-dintre-romanii-care-au-varsta-de-munca-nu-lucreaza\/","og_site_name":"Covasna45","article_published_time":"2024-04-26T10:11:45+00:00","og_image":[{"width":1351,"height":900,"url":"https:\/\/covasna45.ro\/wp-content\/uploads\/2024\/04\/munca.jpg","type":"image\/jpeg"}],"author":"Covasna45","twitter_card":"summary_large_image","twitter_misc":{"Scris de":"Covasna45","Timp estimat pentru citire":"2 minute"},"schema":{"@context":"https:\/\/schema.org","@graph":[{"@type":"Article","@id":"https:\/\/covasna45.ro\/index.php\/lumea-noastra\/o-treime-dintre-romanii-care-au-varsta-de-munca-nu-lucreaza\/#article","isPartOf":{"@id":"https:\/\/covasna45.ro\/index.php\/lumea-noastra\/o-treime-dintre-romanii-care-au-varsta-de-munca-nu-lucreaza\/"},"author":{"name":"Covasna45","@id":"https:\/\/covasna45.ro\/#\/schema\/person\/e674052bd7d95d70bbb007a1060ab73c"},"headline":"O treime dintre rom\u00e2nii care au v\u00e2rst\u0103 de munc\u0103 nu lucreaz\u0103","datePublished":"2024-04-26T10:11:45+00:00","mainEntityOfPage":{"@id":"https:\/\/covasna45.ro\/index.php\/lumea-noastra\/o-treime-dintre-romanii-care-au-varsta-de-munca-nu-lucreaza\/"},"wordCount":254,"commentCount":0,"publisher":{"@id":"https:\/\/covasna45.ro\/#organization"},"image":{"@id":"https:\/\/covasna45.ro\/index.php\/lumea-noastra\/o-treime-dintre-romanii-care-au-varsta-de-munca-nu-lucreaza\/#primaryimage"},"thumbnailUrl":"https:\/\/covasna45.ro\/wp-content\/uploads\/2024\/04\/munca.jpg","keywords":["Job","Munc\u0103","Statistici"],"articleSection":["Lumea noastr\u0103"],"inLanguage":"ro-RO","potentialAction":[{"@type":"CommentAction","name":"Comment","target":["https:\/\/covasna45.ro\/index.php\/lumea-noastra\/o-treime-dintre-romanii-care-au-varsta-de-munca-nu-lucreaza\/#respond"]}]},{"@type":"WebPage","@id":"https:\/\/covasna45.ro\/index.php\/lumea-noastra\/o-treime-dintre-romanii-care-au-varsta-de-munca-nu-lucreaza\/","url":"https:\/\/covasna45.ro\/index.php\/lumea-noastra\/o-treime-dintre-romanii-care-au-varsta-de-munca-nu-lucreaza\/","name":"O treime dintre rom\u00e2nii care au v\u00e2rst\u0103 de munc\u0103 nu lucreaz\u0103 - Covasna45","isPartOf":{"@id":"https:\/\/covasna45.ro\/#website"},"primaryImageOfPage":{"@id":"https:\/\/covasna45.ro\/index.php\/lumea-noastra\/o-treime-dintre-romanii-care-au-varsta-de-munca-nu-lucreaza\/#primaryimage"},"image":{"@id":"https:\/\/covasna45.ro\/index.php\/lumea-noastra\/o-treime-dintre-romanii-care-au-varsta-de-munca-nu-lucreaza\/#primaryimage"},"thumbnailUrl":"https:\/\/covasna45.ro\/wp-content\/uploads\/2024\/04\/munca.jpg","datePublished":"2024-04-26T10:11:45+00:00","description":"Rom\u00e2nia este o economie \u00een care exist\u0103 dou\u0103 situa\u021bii aparent contradictorii: mul\u021bi oameni nu au loc de munc\u0103","breadcrumb":{"@id":"https:\/\/covasna45.ro\/index.php\/lumea-noastra\/o-treime-dintre-romanii-care-au-varsta-de-munca-nu-lucreaza\/#breadcrumb"},"inLanguage":"ro-RO","potentialAction":[{"@type":"ReadAction","target":["https:\/\/covasna45.ro\/index.php\/lumea-noastra\/o-treime-dintre-romanii-care-au-varsta-de-munca-nu-lucreaza\/"]}]},{"@type":"ImageObject","inLanguage":"ro-RO","@id":"https:\/\/covasna45.ro\/index.php\/lumea-noastra\/o-treime-dintre-romanii-care-au-varsta-de-munca-nu-lucreaza\/#primaryimage","url":"https:\/\/covasna45.ro\/wp-content\/uploads\/2024\/04\/munca.jpg","contentUrl":"https:\/\/covasna45.ro\/wp-content\/uploads\/2024\/04\/munca.jpg","width":1351,"height":900},{"@type":"BreadcrumbList","@id":"https:\/\/covasna45.ro\/index.php\/lumea-noastra\/o-treime-dintre-romanii-care-au-varsta-de-munca-nu-lucreaza\/#breadcrumb","itemListElement":[{"@type":"ListItem","position":1,"name":"Prima pagin\u0103","item":"https:\/\/covasna45.ro\/"},{"@type":"ListItem","position":2,"name":"O treime dintre rom\u00e2nii care au v\u00e2rst\u0103 de munc\u0103 nu lucreaz\u0103"}]},{"@type":"WebSite","@id":"https:\/\/covasna45.ro\/#website","url":"https:\/\/covasna45.ro\/","name":"covasna45.ro","description":"","publisher":{"@id":"https:\/\/covasna45.ro\/#organization"},"potentialAction":[{"@type":"SearchAction","target":{"@type":"EntryPoint","urlTemplate":"https:\/\/covasna45.ro\/?s={search_term_string}"},"query-input":{"@type":"PropertyValueSpecification","valueRequired":true,"valueName":"search_term_string"}}],"inLanguage":"ro-RO"},{"@type":"Organization","@id":"https:\/\/covasna45.ro\/#organization","name":"covasna45.ro","url":"https:\/\/covasna45.ro\/","logo":{"@type":"ImageObject","inLanguage":"ro-RO","@id":"https:\/\/covasna45.ro\/#\/schema\/logo\/image\/","url":"https:\/\/covasna45.ro\/wp-content\/uploads\/2023\/01\/icon_logo.png","contentUrl":"https:\/\/covasna45.ro\/wp-content\/uploads\/2023\/01\/icon_logo.png","width":1900,"height":1900,"caption":"covasna45.ro"},"image":{"@id":"https:\/\/covasna45.ro\/#\/schema\/logo\/image\/"}},{"@type":"Person","@id":"https:\/\/covasna45.ro\/#\/schema\/person\/e674052bd7d95d70bbb007a1060ab73c","name":"Covasna45","image":{"@type":"ImageObject","inLanguage":"ro-RO","@id":"https:\/\/covasna45.ro\/wp-content\/uploads\/2025\/10\/icon_logo_covasna45-150x150.png","url":"https:\/\/covasna45.ro\/wp-content\/uploads\/2025\/10\/icon_logo_covasna45-150x150.png","contentUrl":"https:\/\/covasna45.ro\/wp-content\/uploads\/2025\/10\/icon_logo_covasna45-150x150.png","caption":"Covasna45"},"sameAs":["https:\/\/covasna45.ro"],"url":"https:\/\/covasna45.ro\/index.php\/author\/covasna\/"}]}},"_links":{"self":[{"href":"https:\/\/covasna45.ro\/index.php\/wp-json\/wp\/v2\/posts\/5713","targetHints":{"allow":["GET"]}}],"collection":[{"href":"https:\/\/covasna45.ro\/index.php\/wp-json\/wp\/v2\/posts"}],"about":[{"href":"https:\/\/covasna45.ro\/index.php\/wp-json\/wp\/v2\/types\/post"}],"author":[{"embeddable":true,"href":"https:\/\/covasna45.ro\/index.php\/wp-json\/wp\/v2\/users\/1"}],"replies":[{"embeddable":true,"href":"https:\/\/covasna45.ro\/index.php\/wp-json\/wp\/v2\/comments?post=5713"}],"version-history":[{"count":1,"href":"https:\/\/covasna45.ro\/index.php\/wp-json\/wp\/v2\/posts\/5713\/revisions"}],"predecessor-version":[{"id":5715,"href":"https:\/\/covasna45.ro\/index.php\/wp-json\/wp\/v2\/posts\/5713\/revisions\/5715"}],"wp:featuredmedia":[{"embeddable":true,"href":"https:\/\/covasna45.ro\/index.php\/wp-json\/wp\/v2\/media\/5714"}],"wp:attachment":[{"href":"https:\/\/covasna45.ro\/index.php\/wp-json\/wp\/v2\/media?parent=5713"}],"wp:term":[{"taxonomy":"category","embeddable":true,"href":"https:\/\/covasna45.ro\/index.php\/wp-json\/wp\/v2\/categories?post=5713"},{"taxonomy":"post_tag","embeddable":true,"href":"https:\/\/covasna45.ro\/index.php\/wp-json\/wp\/v2\/tags?post=5713"}],"curies":[{"name":"wp","href":"https:\/\/api.w.org\/{rel}","templated":true}]}}