{"id":6106,"date":"2024-05-27T09:15:47","date_gmt":"2024-05-27T07:15:47","guid":{"rendered":"https:\/\/covasna45.ro\/?p=6106"},"modified":"2024-06-07T10:12:29","modified_gmt":"2024-06-07T08:12:29","slug":"maura-elena-olaru-candidat-la-primaria-barcani-sunt-pregatita-si-hotarata-sa-dezvolt-comuna-p","status":"publish","type":"post","link":"https:\/\/covasna45.ro\/index.php\/lumea-noastra\/maura-elena-olaru-candidat-la-primaria-barcani-sunt-pregatita-si-hotarata-sa-dezvolt-comuna-p\/","title":{"rendered":"Maura Elena Olaru, candidat la Prim\u0103ria Barcani: \u201eSunt preg\u0103tit\u0103 \u0219i hot\u0103r\u00e2t\u0103 s\u0103 dezvolt comuna!\u201d (P)"},"content":{"rendered":"\n<p>Maura Elena Olaru, economist care a lucrat \u00een Prim\u0103ria Barcani, este candidatul PSD la func\u021bia de primar. Dou\u0103 principii stau la baza programului s\u0103u pentru comun\u0103: unitate \u0219i dezvoltare. Pentru c\u0103, \u00een acest moment, \u00een Barcani nu sunt nici una, nici cealalt\u0103. Tot ce s-a inaugurat \u00een ultimii ani a fost g\u00e2ndit, ini\u021biat \u0219i creat de la zero de fosta administra\u021bie PSD, nu de actualul edil al comunei. <\/p>\n\n\n\n<figure class=\"wp-block-image size-large\"><img loading=\"lazy\" decoding=\"async\" width=\"1024\" height=\"485\" src=\"https:\/\/covasna45.ro\/wp-content\/uploads\/2024\/05\/m-drum-b-1024x485.jpg\" alt=\"\" class=\"wp-image-6120\" srcset=\"https:\/\/covasna45.ro\/wp-content\/uploads\/2024\/05\/m-drum-b-1024x485.jpg 1024w, https:\/\/covasna45.ro\/wp-content\/uploads\/2024\/05\/m-drum-b-300x142.jpg 300w, https:\/\/covasna45.ro\/wp-content\/uploads\/2024\/05\/m-drum-b-768x364.jpg 768w, https:\/\/covasna45.ro\/wp-content\/uploads\/2024\/05\/m-drum-b-1536x727.jpg 1536w, https:\/\/covasna45.ro\/wp-content\/uploads\/2024\/05\/m-drum-b-150x71.jpg 150w, https:\/\/covasna45.ro\/wp-content\/uploads\/2024\/05\/m-drum-b-696x329.jpg 696w, https:\/\/covasna45.ro\/wp-content\/uploads\/2024\/05\/m-drum-b-1068x506.jpg 1068w, https:\/\/covasna45.ro\/wp-content\/uploads\/2024\/05\/m-drum-b.jpg 1690w\" sizes=\"auto, (max-width: 1024px) 100vw, 1024px\" \/><\/figure>\n\n\n\n<p>Pe de alt\u0103 parte, oamenii sunt dezbina\u021bi \u0219i greu po\u021bi construi ceva at\u00e2ta timp c\u00e2t lipsesc armonia, \u00eencrederea \u0219i speran\u021ba&#8230; Maura sper\u0103 s\u0103 readuc\u0103 toate acestea \u00een via\u021ba de zi cu zi a oamenilor din comun\u0103 \u0219i s\u0103 deschid\u0103 un nou capitol pentru Barcani.<\/p>\n\n\n\n<figure class=\"wp-block-image size-large\"><img loading=\"lazy\" decoding=\"async\" width=\"731\" height=\"1024\" src=\"https:\/\/covasna45.ro\/wp-content\/uploads\/2024\/05\/m-afis-731x1024.jpg\" alt=\"\" class=\"wp-image-6108\" srcset=\"https:\/\/covasna45.ro\/wp-content\/uploads\/2024\/05\/m-afis-731x1024.jpg 731w, https:\/\/covasna45.ro\/wp-content\/uploads\/2024\/05\/m-afis-214x300.jpg 214w, https:\/\/covasna45.ro\/wp-content\/uploads\/2024\/05\/m-afis-768x1076.jpg 768w, https:\/\/covasna45.ro\/wp-content\/uploads\/2024\/05\/m-afis-1097x1536.jpg 1097w, https:\/\/covasna45.ro\/wp-content\/uploads\/2024\/05\/m-afis-150x210.jpg 150w, https:\/\/covasna45.ro\/wp-content\/uploads\/2024\/05\/m-afis-300x420.jpg 300w, https:\/\/covasna45.ro\/wp-content\/uploads\/2024\/05\/m-afis-696x975.jpg 696w, https:\/\/covasna45.ro\/wp-content\/uploads\/2024\/05\/m-afis-1068x1496.jpg 1068w, https:\/\/covasna45.ro\/wp-content\/uploads\/2024\/05\/m-afis.jpg 1462w\" sizes=\"auto, (max-width: 731px) 100vw, 731px\" \/><\/figure>\n\n\n\n<p>\u201e<strong>Am lucrat \u00een prim\u0103ria Barcani, am avut \u00een grij\u0103 proiectele de finan\u021bare accesate, dar am v\u0103zut \u0219i modul \u00een care administra\u021bia s-a \u00eendep\u0103rtat de cet\u0103\u021beni. E timpul s\u0103 organiz\u0103m corect func\u021bionarea prim\u0103riei, s\u0103 nu pl\u0103tim rate \u0219i dob\u00e2nzi la ni\u0219te \u00eemprumuturi prost gestionate<\/strong>\u201d, spune ea.<\/p>\n\n\n\n<figure class=\"wp-block-image size-large\"><img loading=\"lazy\" decoding=\"async\" width=\"1024\" height=\"559\" src=\"https:\/\/covasna45.ro\/wp-content\/uploads\/2024\/05\/m-barcani-1024x559.jpg\" alt=\"\" class=\"wp-image-6109\" srcset=\"https:\/\/covasna45.ro\/wp-content\/uploads\/2024\/05\/m-barcani-1024x559.jpg 1024w, https:\/\/covasna45.ro\/wp-content\/uploads\/2024\/05\/m-barcani-300x164.jpg 300w, https:\/\/covasna45.ro\/wp-content\/uploads\/2024\/05\/m-barcani-768x419.jpg 768w, https:\/\/covasna45.ro\/wp-content\/uploads\/2024\/05\/m-barcani-1536x839.jpg 1536w, https:\/\/covasna45.ro\/wp-content\/uploads\/2024\/05\/m-barcani-150x82.jpg 150w, https:\/\/covasna45.ro\/wp-content\/uploads\/2024\/05\/m-barcani-696x380.jpg 696w, https:\/\/covasna45.ro\/wp-content\/uploads\/2024\/05\/m-barcani-1068x583.jpg 1068w, https:\/\/covasna45.ro\/wp-content\/uploads\/2024\/05\/m-barcani.jpg 1650w\" sizes=\"auto, (max-width: 1024px) 100vw, 1024px\" \/><\/figure>\n\n\n\n<p>\u201e<strong><em>Onestitatea \u0219i deschiderea c\u0103tre cet\u0103\u021beni sunt instrumente obligatorii ale unui primar, iar una dintre grijile sale este s\u0103 lucreze astfel \u00eenc\u00e2t oamenii s\u0103 fie mul\u021bumi\u021bi, nu s\u0103 se urasc\u0103 \u00eentre ei<\/em><\/strong>\u201d.<\/p>\n\n\n\n<figure class=\"wp-block-image size-large\"><img loading=\"lazy\" decoding=\"async\" width=\"1024\" height=\"768\" src=\"https:\/\/covasna45.ro\/wp-content\/uploads\/2024\/05\/m-fructe-1024x768.jpg\" alt=\"\" class=\"wp-image-6119\" srcset=\"https:\/\/covasna45.ro\/wp-content\/uploads\/2024\/05\/m-fructe-1024x768.jpg 1024w, https:\/\/covasna45.ro\/wp-content\/uploads\/2024\/05\/m-fructe-300x225.jpg 300w, https:\/\/covasna45.ro\/wp-content\/uploads\/2024\/05\/m-fructe-768x576.jpg 768w, https:\/\/covasna45.ro\/wp-content\/uploads\/2024\/05\/m-fructe-1536x1152.jpg 1536w, https:\/\/covasna45.ro\/wp-content\/uploads\/2024\/05\/m-fructe-150x113.jpg 150w, https:\/\/covasna45.ro\/wp-content\/uploads\/2024\/05\/m-fructe-696x522.jpg 696w, https:\/\/covasna45.ro\/wp-content\/uploads\/2024\/05\/m-fructe-1068x801.jpg 1068w, https:\/\/covasna45.ro\/wp-content\/uploads\/2024\/05\/m-fructe.jpg 1624w\" sizes=\"auto, (max-width: 1024px) 100vw, 1024px\" \/><\/figure>\n\n\n\n<p>Comuna Barcani este situat\u0103 la sud de Zagon, pe drumul na\u021bional 13 E, la o distan\u021b\u0103 de 55 de kilometri de Sf\u00e2ntu Gheorghe, la 50 de kilometri de Bra\u0219ov \u0219i la 115 kilometri de Buz\u0103u. E situat\u0103 la o altitudine de peste 700 de metri \u0219i, pe l\u00e2ng\u0103 Barcani, de comun\u0103 mai apartin satele L\u0103d\u0103u\u021bi \u0219i S\u0103r\u0103ma\u0219. \u00cempreun\u0103 cu comunele Vama Buz\u0103ului (care apar\u021bine de jude\u021bul Bra\u0219ov) \u0219i Sita Buz\u0103ului, dar \u0219i cu ora\u0219ul \u00centorsura Buz\u0103ului, Barcani face parte din Depresiunea Buzaielor.<\/p>\n\n\n\n<figure class=\"wp-block-image size-large\"><img loading=\"lazy\" decoding=\"async\" width=\"1024\" height=\"559\" src=\"https:\/\/covasna45.ro\/wp-content\/uploads\/2024\/05\/m-barc-2-1024x559.jpg\" alt=\"\" class=\"wp-image-6110\" srcset=\"https:\/\/covasna45.ro\/wp-content\/uploads\/2024\/05\/m-barc-2-1024x559.jpg 1024w, https:\/\/covasna45.ro\/wp-content\/uploads\/2024\/05\/m-barc-2-300x164.jpg 300w, https:\/\/covasna45.ro\/wp-content\/uploads\/2024\/05\/m-barc-2-768x419.jpg 768w, https:\/\/covasna45.ro\/wp-content\/uploads\/2024\/05\/m-barc-2-1536x839.jpg 1536w, https:\/\/covasna45.ro\/wp-content\/uploads\/2024\/05\/m-barc-2-150x82.jpg 150w, https:\/\/covasna45.ro\/wp-content\/uploads\/2024\/05\/m-barc-2-696x380.jpg 696w, https:\/\/covasna45.ro\/wp-content\/uploads\/2024\/05\/m-barc-2-1068x583.jpg 1068w, https:\/\/covasna45.ro\/wp-content\/uploads\/2024\/05\/m-barc-2.jpg 1650w\" sizes=\"auto, (max-width: 1024px) 100vw, 1024px\" \/><\/figure>\n\n\n\n<p>Barcani este azi o comun\u0103 locuit\u0103 \u00een procent cov\u00e2r\u0219itor de rom\u00e2ni, religia majoritar\u0103 fiind cea ortodox\u0103. Sunt pu\u021bin peste 3.800 de locuitori.<\/p>\n\n\n\n<figure class=\"wp-block-image size-large\"><img loading=\"lazy\" decoding=\"async\" width=\"1024\" height=\"511\" src=\"https:\/\/covasna45.ro\/wp-content\/uploads\/2024\/05\/com-b-1024x511.jpg\" alt=\"\" class=\"wp-image-6126\" srcset=\"https:\/\/covasna45.ro\/wp-content\/uploads\/2024\/05\/com-b-1024x511.jpg 1024w, https:\/\/covasna45.ro\/wp-content\/uploads\/2024\/05\/com-b-300x150.jpg 300w, https:\/\/covasna45.ro\/wp-content\/uploads\/2024\/05\/com-b-768x384.jpg 768w, https:\/\/covasna45.ro\/wp-content\/uploads\/2024\/05\/com-b-1536x767.jpg 1536w, https:\/\/covasna45.ro\/wp-content\/uploads\/2024\/05\/com-b-150x75.jpg 150w, https:\/\/covasna45.ro\/wp-content\/uploads\/2024\/05\/com-b-696x348.jpg 696w, https:\/\/covasna45.ro\/wp-content\/uploads\/2024\/05\/com-b-1068x533.jpg 1068w, https:\/\/covasna45.ro\/wp-content\/uploads\/2024\/05\/com-b.jpg 1620w\" sizes=\"auto, (max-width: 1024px) 100vw, 1024px\" \/><\/figure>\n\n\n\n<p>Comuna are un aspect rustic, principalele ocupa\u021bii ale localnicilor fiind cre\u0219terea animalelor (ovine, bovine, cai), cultivarea terenurilor, prelucrarea lemnului.<\/p>\n\n\n\n<figure class=\"wp-block-image size-large\"><img loading=\"lazy\" decoding=\"async\" width=\"1024\" height=\"559\" src=\"https:\/\/covasna45.ro\/wp-content\/uploads\/2024\/05\/m-oi-1024x559.jpg\" alt=\"\" class=\"wp-image-6111\" srcset=\"https:\/\/covasna45.ro\/wp-content\/uploads\/2024\/05\/m-oi-1024x559.jpg 1024w, https:\/\/covasna45.ro\/wp-content\/uploads\/2024\/05\/m-oi-300x164.jpg 300w, https:\/\/covasna45.ro\/wp-content\/uploads\/2024\/05\/m-oi-768x419.jpg 768w, https:\/\/covasna45.ro\/wp-content\/uploads\/2024\/05\/m-oi-1536x839.jpg 1536w, https:\/\/covasna45.ro\/wp-content\/uploads\/2024\/05\/m-oi-150x82.jpg 150w, https:\/\/covasna45.ro\/wp-content\/uploads\/2024\/05\/m-oi-696x380.jpg 696w, https:\/\/covasna45.ro\/wp-content\/uploads\/2024\/05\/m-oi-1068x583.jpg 1068w, https:\/\/covasna45.ro\/wp-content\/uploads\/2024\/05\/m-oi.jpg 1650w\" sizes=\"auto, (max-width: 1024px) 100vw, 1024px\" \/><\/figure>\n\n\n\n<h2 class=\"wp-block-heading\">Este momentul s\u0103 ne uit\u0103m cum s-au dezvoltat alte localit\u0103\u021bi, spune Maura.<\/h2>\n\n\n\n<p>\u201e<strong><em>Administra\u021bia local\u0103 trebuie s\u0103 munceasc\u0103 pentru a face via\u021ba oamenilor mai bun\u0103. E momentul s\u0103 deschidem prim\u0103ria c\u0103tre cet\u0103\u021beni. E timpul s\u0103 aducem investi\u021bii, s\u0103 scriem proiecte europene \u0219i guvernamentale, a\u0219a cum o fac toate localit\u0103\u021bile care vor cu adev\u0103rat s\u0103 se dezvolte<\/em><\/strong>\u201d.<\/p>\n\n\n\n<figure class=\"wp-block-image size-large\"><img loading=\"lazy\" decoding=\"async\" width=\"1024\" height=\"746\" src=\"https:\/\/covasna45.ro\/wp-content\/uploads\/2024\/05\/m-flori-1024x746.jpg\" alt=\"\" class=\"wp-image-6118\" srcset=\"https:\/\/covasna45.ro\/wp-content\/uploads\/2024\/05\/m-flori-1024x746.jpg 1024w, https:\/\/covasna45.ro\/wp-content\/uploads\/2024\/05\/m-flori-300x218.jpg 300w, https:\/\/covasna45.ro\/wp-content\/uploads\/2024\/05\/m-flori-768x559.jpg 768w, https:\/\/covasna45.ro\/wp-content\/uploads\/2024\/05\/m-flori-150x109.jpg 150w, https:\/\/covasna45.ro\/wp-content\/uploads\/2024\/05\/m-flori-696x507.jpg 696w, https:\/\/covasna45.ro\/wp-content\/uploads\/2024\/05\/m-flori-1068x778.jpg 1068w, https:\/\/covasna45.ro\/wp-content\/uploads\/2024\/05\/m-flori.jpg 1464w\" sizes=\"auto, (max-width: 1024px) 100vw, 1024px\" \/><\/figure>\n\n\n\n<h2 class=\"wp-block-heading\">Proiectele fostei administra\u021bii PSD<\/h2>\n\n\n\n<p>Cea mai mare parte a proiectelor realizate \u00een Barcani au fost ini\u021biate \u0219i dezvoltate de administra\u021bia PSD, explic\u0103 ea. Actualul primar nu a f\u0103cut dec\u00e2t s\u0103 inaugureze munca celor de dinaintea sa.<\/p>\n\n\n\n<p>\u201e<strong>Cred c\u0103 e corect s\u0103 ne amintim c\u0103 toate proiectele realizate \u00een ultimul timp au fost generate \u0219i lucrate de echipa PSD a prim\u0103riei Barcani, nu de cel care taie panglici. Printre ele &#8211; modernizarea drumului comunal Barcani-L\u0103d\u0103u\u021bi, re\u021beaua public\u0103 de ap\u0103 \u0219i ap\u0103 uzat\u0103 din S\u0103r\u0103ma\u0219 (cu bran\u0219amente), sala de sport din Barcani, extinderea \u0219i modernizarea \u0218colii gimnaziale \u0219i a gr\u0103dini\u021bei, \u00eembun\u0103t\u0103\u021birea re\u021belei de drumuri de interes local din comun\u0103 sau alimentarea cu ap\u0103 \u0219i canalizarea din L\u0103d\u0103u\u021bi. S\u0103 nu uit\u0103m \u0219i de complexul turistic Lughet<\/strong>\u201d.<\/p>\n\n\n\n<figure class=\"wp-block-image size-large\"><img loading=\"lazy\" decoding=\"async\" width=\"1024\" height=\"640\" src=\"https:\/\/covasna45.ro\/wp-content\/uploads\/2024\/05\/m-saramas-1024x640.jpg\" alt=\"\" class=\"wp-image-6112\" srcset=\"https:\/\/covasna45.ro\/wp-content\/uploads\/2024\/05\/m-saramas-1024x640.jpg 1024w, https:\/\/covasna45.ro\/wp-content\/uploads\/2024\/05\/m-saramas-300x188.jpg 300w, https:\/\/covasna45.ro\/wp-content\/uploads\/2024\/05\/m-saramas-768x480.jpg 768w, https:\/\/covasna45.ro\/wp-content\/uploads\/2024\/05\/m-saramas-1536x960.jpg 1536w, https:\/\/covasna45.ro\/wp-content\/uploads\/2024\/05\/m-saramas-150x94.jpg 150w, https:\/\/covasna45.ro\/wp-content\/uploads\/2024\/05\/m-saramas-696x435.jpg 696w, https:\/\/covasna45.ro\/wp-content\/uploads\/2024\/05\/m-saramas-1068x668.jpg 1068w, https:\/\/covasna45.ro\/wp-content\/uploads\/2024\/05\/m-saramas.jpg 1641w\" sizes=\"auto, (max-width: 1024px) 100vw, 1024px\" \/><\/figure>\n\n\n\n<h2 class=\"wp-block-heading\">Obiective clare. \u0218i necesare<\/h2>\n\n\n\n<p>\u201e<strong><em>Sunt preg\u0103tit\u0103 \u0219i hot\u0103r\u00e2t\u0103 s\u0103 fac ordine \u00een prim\u0103rie \u0219i s\u0103 punem institu\u021bia \u00een slujba cet\u0103\u021benilor. Vreau s\u0103 facem \u00eempreun\u0103 foarte multe lucruri de care noi, oamenii din Barcani, avem nevoie<\/em><\/strong>\u201d, puncteaz\u0103 Maura, care a preg\u0103tit un program c\u00e2t se poate de concret, \u00een cazul \u00een care prime\u0219te votul cet\u0103\u021benilor, pe 9 iunie.<\/p>\n\n\n\n<figure class=\"wp-block-image size-large\"><img loading=\"lazy\" decoding=\"async\" width=\"869\" height=\"1024\" src=\"https:\/\/covasna45.ro\/wp-content\/uploads\/2024\/05\/m-calc-869x1024.jpeg\" alt=\"\" class=\"wp-image-6113\" srcset=\"https:\/\/covasna45.ro\/wp-content\/uploads\/2024\/05\/m-calc-869x1024.jpeg 869w, https:\/\/covasna45.ro\/wp-content\/uploads\/2024\/05\/m-calc-255x300.jpeg 255w, https:\/\/covasna45.ro\/wp-content\/uploads\/2024\/05\/m-calc-768x905.jpeg 768w, https:\/\/covasna45.ro\/wp-content\/uploads\/2024\/05\/m-calc-150x177.jpeg 150w, https:\/\/covasna45.ro\/wp-content\/uploads\/2024\/05\/m-calc-300x354.jpeg 300w, https:\/\/covasna45.ro\/wp-content\/uploads\/2024\/05\/m-calc-696x820.jpeg 696w, https:\/\/covasna45.ro\/wp-content\/uploads\/2024\/05\/m-calc-1068x1259.jpeg 1068w, https:\/\/covasna45.ro\/wp-content\/uploads\/2024\/05\/m-calc.jpeg 1092w\" sizes=\"auto, (max-width: 869px) 100vw, 869px\" \/><\/figure>\n\n\n\n<p>Iat\u0103 principalele sale obiective:<\/p>\n\n\n\n<ul class=\"wp-block-list\">\n<li>Asfaltarea fiec\u0103rei str\u0103du\u021be cu rigole \u0219i acces la proprietate, inclusiv DN13E<\/li>\n\n\n\n<li>Extinderea re\u021belei de ap\u0103 potabil\u0103 \u0219i canalizare menajer\u0103 \u00een zonele Nochioru\u0219, Nade\u0219, Constada&nbsp;\u0219i&nbsp;Teosica<\/li>\n\n\n\n<li>Ap\u0103, canalizare \u0219i asfalt \u00een zonele Frigura\u0219 \u0219i p\u00e2r\u00e2ul Jacului, precum \u0219i \u00een satul L\u0103d\u0103u\u021bi, zona&nbsp;Ghergheloaia<\/li>\n\n\n\n<li>Cadastru \u0219i intabulare \u00een Barcani<\/li>\n\n\n\n<li>Digitalizarea serviciilor prim\u0103riei<\/li>\n\n\n\n<li>Asigurarea transparen\u021bei \u00een func\u021bionarea prim\u0103riei<\/li>\n\n\n\n<li>Centru medical de permanen\u021b\u0103<\/li>\n\n\n\n<li>Cabinet stomatologic \u0219colar<\/li>\n\n\n\n<li>Asisten\u021b\u0103 social\u0103 pentru p\u0103rin\u021bii \u0219i copiii vulnerabili<\/li>\n\n\n\n<li>Capele \u00een fiecare sat<\/li>\n\n\n\n<li>Transport public \u0219i bazat pe vehicule nepoluante<\/li>\n\n\n\n<li>Reabilitarea c\u0103minelor culturale&nbsp; din Barcani, L\u0103d\u0103u\u021bi \u0219i S\u0103r\u0103ma\u0219<\/li>\n\n\n\n<li>Centru de Agrement \u0219i Divertisment cu bazin de \u00eenot, patinoar, p\u00e2rtie de schi<\/li>\n\n\n\n<li>Campare \u0219i de agrement \u00een zona Lughe\u021b<\/li>\n\n\n\n<li>Parcuri, spa\u021bii de joac\u0103 pentru copii, terenuri de sport, piste de biciclete<\/li>\n\n\n\n<li>Teren sintetic de fotbal \u00een L\u0103d\u0103u\u021bi<\/li>\n\n\n\n<li>Organizarea s\u0103rb\u0103torii de Zilele comunei Barcani<\/li>\n\n\n\n<li>Amenajarea t\u00e2rgului pe terenul comunei\u201d.<\/li>\n<\/ul>\n\n\n\n<figure class=\"wp-block-image size-large\"><img loading=\"lazy\" decoding=\"async\" width=\"1024\" height=\"768\" src=\"https:\/\/covasna45.ro\/wp-content\/uploads\/2024\/05\/m-fan-1024x768.jpg\" alt=\"\" class=\"wp-image-6114\" srcset=\"https:\/\/covasna45.ro\/wp-content\/uploads\/2024\/05\/m-fan-1024x768.jpg 1024w, https:\/\/covasna45.ro\/wp-content\/uploads\/2024\/05\/m-fan-300x225.jpg 300w, https:\/\/covasna45.ro\/wp-content\/uploads\/2024\/05\/m-fan-768x576.jpg 768w, https:\/\/covasna45.ro\/wp-content\/uploads\/2024\/05\/m-fan-1536x1152.jpg 1536w, https:\/\/covasna45.ro\/wp-content\/uploads\/2024\/05\/m-fan-150x113.jpg 150w, https:\/\/covasna45.ro\/wp-content\/uploads\/2024\/05\/m-fan-696x522.jpg 696w, https:\/\/covasna45.ro\/wp-content\/uploads\/2024\/05\/m-fan-1068x801.jpg 1068w, https:\/\/covasna45.ro\/wp-content\/uploads\/2024\/05\/m-fan.jpg 1624w\" sizes=\"auto, (max-width: 1024px) 100vw, 1024px\" \/><\/figure>\n\n\n\n<h2 class=\"wp-block-heading\">Gospodari de Barcani<\/h2>\n\n\n\n<p>Maura Elena Olaru este c\u0103s\u0103torit\u0103 \u0219i are doi copii. So\u021bul ei, tehnician silvic, este un om respectat \u0219i apreciat \u00een comunitate. Dan Olaru munce\u0219te de diminea\u021ba p\u00e2n\u0103 seara \u0219i \u021bine o gospod\u0103rie \u00een toat\u0103 regula. De fapt, familia lor se define\u0219te prin munc\u0103 \u0219i principii de via\u021b\u0103 s\u0103n\u0103toase.<\/p>\n\n\n\n<figure class=\"wp-block-image size-large\"><img loading=\"lazy\" decoding=\"async\" width=\"1024\" height=\"768\" src=\"https:\/\/covasna45.ro\/wp-content\/uploads\/2024\/05\/m-sot-1024x768.jpg\" alt=\"\" class=\"wp-image-6115\" srcset=\"https:\/\/covasna45.ro\/wp-content\/uploads\/2024\/05\/m-sot-1024x768.jpg 1024w, https:\/\/covasna45.ro\/wp-content\/uploads\/2024\/05\/m-sot-300x225.jpg 300w, https:\/\/covasna45.ro\/wp-content\/uploads\/2024\/05\/m-sot-768x576.jpg 768w, https:\/\/covasna45.ro\/wp-content\/uploads\/2024\/05\/m-sot-1536x1152.jpg 1536w, https:\/\/covasna45.ro\/wp-content\/uploads\/2024\/05\/m-sot-150x113.jpg 150w, https:\/\/covasna45.ro\/wp-content\/uploads\/2024\/05\/m-sot-696x522.jpg 696w, https:\/\/covasna45.ro\/wp-content\/uploads\/2024\/05\/m-sot-1068x801.jpg 1068w, https:\/\/covasna45.ro\/wp-content\/uploads\/2024\/05\/m-sot.jpg 1624w\" sizes=\"auto, (max-width: 1024px) 100vw, 1024px\" \/><\/figure>\n\n\n\n<p>Lista de consilieri cu care Maura Elena Olaru vine la alegerile din 9 iunie este format\u0103 din oameni implica\u021bi, antreprenori, mici fermieri sau oameni care au \u00een grij\u0103 \u201eaurul verde\u201d \u2013 silvicultori. Nu lipsesc nici tinerii.<\/p>\n\n\n\n<figure class=\"wp-block-image size-large\"><img loading=\"lazy\" decoding=\"async\" width=\"870\" height=\"1024\" src=\"https:\/\/covasna45.ro\/wp-content\/uploads\/2024\/05\/cl-870x1024.jpg\" alt=\"\" class=\"wp-image-6123\" srcset=\"https:\/\/covasna45.ro\/wp-content\/uploads\/2024\/05\/cl-870x1024.jpg 870w, https:\/\/covasna45.ro\/wp-content\/uploads\/2024\/05\/cl-255x300.jpg 255w, https:\/\/covasna45.ro\/wp-content\/uploads\/2024\/05\/cl-768x904.jpg 768w, https:\/\/covasna45.ro\/wp-content\/uploads\/2024\/05\/cl-150x177.jpg 150w, https:\/\/covasna45.ro\/wp-content\/uploads\/2024\/05\/cl-300x353.jpg 300w, https:\/\/covasna45.ro\/wp-content\/uploads\/2024\/05\/cl-696x819.jpg 696w, https:\/\/covasna45.ro\/wp-content\/uploads\/2024\/05\/cl-1068x1257.jpg 1068w, https:\/\/covasna45.ro\/wp-content\/uploads\/2024\/05\/cl.jpg 1170w\" sizes=\"auto, (max-width: 870px) 100vw, 870px\" \/><\/figure>\n\n\n\n<p>\u201e<strong>Cred c\u0103 putem, pe 9 iunie, s\u0103 ne mobiliz\u0103m \u0219i s\u0103 pornim pe un drum al dezvolt\u0103rii. Nu mai putem, \u00een 2024, s\u0103 st\u0103m pe loc \u0219i s\u0103 t\u0103iem panglici la ce au construit al\u021bii. Avem nevoie de stabilitate \u00een Prim\u0103rie, nu putem angaja \u0219i concedia oameni dup\u0103 bunul plac. Avem nevoie s\u0103 \u00een\u021belegem c\u0103 administra\u021bia local\u0103 \u00eenseamn\u0103 principii clare de func\u021bionare, \u00eenseamn\u0103 strategie \u0219i oameni competen\u021bi. E timpul s\u0103 muncim real, cu obiective clare, cu transparen\u021b\u0103 \u0219i determinare. Am \u00eencredere c\u0103 putem. \u00cei a\u0219tept la vot pe cei care vor s\u0103 fim uni\u021bi \u0219i s\u0103 dezvolt\u0103m comuna \u0219i \u00eei \u00eendemn s\u0103 pun\u0103 \u0219tampila pe nr. 1 pe buletinul de vot pentru primar!<\/strong>\u201d<\/p>\n\n\n\n<figure class=\"wp-block-image size-large\"><img loading=\"lazy\" decoding=\"async\" width=\"1024\" height=\"768\" src=\"https:\/\/covasna45.ro\/wp-content\/uploads\/2024\/05\/m-grup-1024x768.jpg\" alt=\"\" class=\"wp-image-6117\" srcset=\"https:\/\/covasna45.ro\/wp-content\/uploads\/2024\/05\/m-grup-1024x768.jpg 1024w, https:\/\/covasna45.ro\/wp-content\/uploads\/2024\/05\/m-grup-300x225.jpg 300w, https:\/\/covasna45.ro\/wp-content\/uploads\/2024\/05\/m-grup-768x576.jpg 768w, https:\/\/covasna45.ro\/wp-content\/uploads\/2024\/05\/m-grup-1536x1152.jpg 1536w, https:\/\/covasna45.ro\/wp-content\/uploads\/2024\/05\/m-grup-150x113.jpg 150w, https:\/\/covasna45.ro\/wp-content\/uploads\/2024\/05\/m-grup-696x522.jpg 696w, https:\/\/covasna45.ro\/wp-content\/uploads\/2024\/05\/m-grup-1068x801.jpg 1068w, https:\/\/covasna45.ro\/wp-content\/uploads\/2024\/05\/m-grup.jpg 1624w\" sizes=\"auto, (max-width: 1024px) 100vw, 1024px\" \/><\/figure>\n\n\n\n<p><em>Comandat de PSD, realizat de SC Art Consulting SRL, Cod AEP 21240002.<\/em><\/p>\n","protected":false},"excerpt":{"rendered":"<p>Maura Elena Olaru, economist care a lucrat \u00een Prim\u0103ria Barcani, este candidatul PSD la func\u021bia de primar. Dou\u0103 principii stau la baza programului s\u0103u pentru comun\u0103: unitate \u0219i dezvoltare. Pentru c\u0103, \u00een acest moment, \u00een Barcani nu sunt nici una, nici cealalt\u0103. Tot ce s-a inaugurat \u00een ultimii ani a fost g\u00e2ndit, ini\u021biat \u0219i creat [&hellip;]<\/p>\n","protected":false},"author":1,"featured_media":6107,"comment_status":"open","ping_status":"closed","sticky":false,"template":"","format":"standard","meta":{"tdm_status":"","tdm_grid_status":"","footnotes":""},"categories":[14],"tags":[2430,2429,2428,2431,625],"class_list":{"0":"post-6106","1":"post","2":"type-post","3":"status-publish","4":"format-standard","5":"has-post-thumbnail","7":"category-lumea-noastra","8":"tag-alegeri-locale-2024","9":"tag-barcani","10":"tag-maura-elena-olaru","11":"tag-primaria-barcani","12":"tag-psd"},"yoast_head":"<!-- This site is optimized with the Yoast SEO plugin v27.5 - https:\/\/yoast.com\/product\/yoast-seo-wordpress\/ -->\n<title>Maura Elena Olaru, candidat la Prim\u0103ria Barcani: \u201eSunt preg\u0103tit\u0103 \u0219i hot\u0103r\u00e2t\u0103 s\u0103 dezvolt comuna!\u201d (P) - Covasna45<\/title>\n<meta name=\"description\" content=\"Maura Elena Olaru, economist care a lucrat \u00een Prim\u0103ria Barcani, este candidatul PSD la func\u021bia de primar.\" \/>\n<meta name=\"robots\" content=\"index, follow, max-snippet:-1, max-image-preview:large, max-video-preview:-1\" \/>\n<link rel=\"canonical\" href=\"https:\/\/covasna45.ro\/index.php\/lumea-noastra\/maura-elena-olaru-candidat-la-primaria-barcani-sunt-pregatita-si-hotarata-sa-dezvolt-comuna-p\/\" \/>\n<meta property=\"og:locale\" content=\"ro_RO\" \/>\n<meta property=\"og:type\" content=\"article\" \/>\n<meta property=\"og:title\" content=\"Maura Elena Olaru, candidat la Prim\u0103ria Barcani: \u201eSunt preg\u0103tit\u0103 \u0219i hot\u0103r\u00e2t\u0103 s\u0103 dezvolt comuna!\u201d (P) - Covasna45\" \/>\n<meta property=\"og:description\" content=\"Maura Elena Olaru, economist care a lucrat \u00een Prim\u0103ria Barcani, este candidatul PSD la func\u021bia de primar.\" \/>\n<meta property=\"og:url\" content=\"https:\/\/covasna45.ro\/index.php\/lumea-noastra\/maura-elena-olaru-candidat-la-primaria-barcani-sunt-pregatita-si-hotarata-sa-dezvolt-comuna-p\/\" \/>\n<meta property=\"og:site_name\" content=\"Covasna45\" \/>\n<meta property=\"article:published_time\" content=\"2024-05-27T07:15:47+00:00\" \/>\n<meta property=\"article:modified_time\" content=\"2024-06-07T08:12:29+00:00\" \/>\n<meta property=\"og:image\" content=\"https:\/\/covasna45.ro\/wp-content\/uploads\/2024\/05\/m-foto-2.jpg\" \/>\n\t<meta property=\"og:image:width\" content=\"1114\" \/>\n\t<meta property=\"og:image:height\" content=\"723\" \/>\n\t<meta property=\"og:image:type\" content=\"image\/jpeg\" \/>\n<meta name=\"author\" content=\"Covasna45\" \/>\n<meta name=\"twitter:card\" content=\"summary_large_image\" \/>\n<meta name=\"twitter:label1\" content=\"Scris de\" \/>\n\t<meta name=\"twitter:data1\" content=\"Covasna45\" \/>\n\t<meta name=\"twitter:label2\" content=\"Timp estimat pentru citire\" \/>\n\t<meta name=\"twitter:data2\" content=\"8 minute\" \/>\n<script type=\"application\/ld+json\" class=\"yoast-schema-graph\">{\"@context\":\"https:\\\/\\\/schema.org\",\"@graph\":[{\"@type\":\"Article\",\"@id\":\"https:\\\/\\\/covasna45.ro\\\/index.php\\\/lumea-noastra\\\/maura-elena-olaru-candidat-la-primaria-barcani-sunt-pregatita-si-hotarata-sa-dezvolt-comuna-p\\\/#article\",\"isPartOf\":{\"@id\":\"https:\\\/\\\/covasna45.ro\\\/index.php\\\/lumea-noastra\\\/maura-elena-olaru-candidat-la-primaria-barcani-sunt-pregatita-si-hotarata-sa-dezvolt-comuna-p\\\/\"},\"author\":{\"name\":\"Covasna45\",\"@id\":\"https:\\\/\\\/covasna45.ro\\\/#\\\/schema\\\/person\\\/e674052bd7d95d70bbb007a1060ab73c\"},\"headline\":\"Maura Elena Olaru, candidat la Prim\u0103ria Barcani: \u201eSunt preg\u0103tit\u0103 \u0219i hot\u0103r\u00e2t\u0103 s\u0103 dezvolt comuna!\u201d (P)\",\"datePublished\":\"2024-05-27T07:15:47+00:00\",\"dateModified\":\"2024-06-07T08:12:29+00:00\",\"mainEntityOfPage\":{\"@id\":\"https:\\\/\\\/covasna45.ro\\\/index.php\\\/lumea-noastra\\\/maura-elena-olaru-candidat-la-primaria-barcani-sunt-pregatita-si-hotarata-sa-dezvolt-comuna-p\\\/\"},\"wordCount\":1059,\"commentCount\":7,\"publisher\":{\"@id\":\"https:\\\/\\\/covasna45.ro\\\/#organization\"},\"image\":{\"@id\":\"https:\\\/\\\/covasna45.ro\\\/index.php\\\/lumea-noastra\\\/maura-elena-olaru-candidat-la-primaria-barcani-sunt-pregatita-si-hotarata-sa-dezvolt-comuna-p\\\/#primaryimage\"},\"thumbnailUrl\":\"https:\\\/\\\/covasna45.ro\\\/wp-content\\\/uploads\\\/2024\\\/05\\\/m-foto-2.jpg\",\"keywords\":[\"alegeri locale 2024\",\"Barcani\",\"Maura Elena Olaru\",\"Primaria Barcani\",\"PSD\"],\"articleSection\":[\"Lumea noastr\u0103\"],\"inLanguage\":\"ro-RO\",\"potentialAction\":[{\"@type\":\"CommentAction\",\"name\":\"Comment\",\"target\":[\"https:\\\/\\\/covasna45.ro\\\/index.php\\\/lumea-noastra\\\/maura-elena-olaru-candidat-la-primaria-barcani-sunt-pregatita-si-hotarata-sa-dezvolt-comuna-p\\\/#respond\"]}]},{\"@type\":\"WebPage\",\"@id\":\"https:\\\/\\\/covasna45.ro\\\/index.php\\\/lumea-noastra\\\/maura-elena-olaru-candidat-la-primaria-barcani-sunt-pregatita-si-hotarata-sa-dezvolt-comuna-p\\\/\",\"url\":\"https:\\\/\\\/covasna45.ro\\\/index.php\\\/lumea-noastra\\\/maura-elena-olaru-candidat-la-primaria-barcani-sunt-pregatita-si-hotarata-sa-dezvolt-comuna-p\\\/\",\"name\":\"Maura Elena Olaru, candidat la Prim\u0103ria Barcani: \u201eSunt preg\u0103tit\u0103 \u0219i hot\u0103r\u00e2t\u0103 s\u0103 dezvolt comuna!\u201d (P) - Covasna45\",\"isPartOf\":{\"@id\":\"https:\\\/\\\/covasna45.ro\\\/#website\"},\"primaryImageOfPage\":{\"@id\":\"https:\\\/\\\/covasna45.ro\\\/index.php\\\/lumea-noastra\\\/maura-elena-olaru-candidat-la-primaria-barcani-sunt-pregatita-si-hotarata-sa-dezvolt-comuna-p\\\/#primaryimage\"},\"image\":{\"@id\":\"https:\\\/\\\/covasna45.ro\\\/index.php\\\/lumea-noastra\\\/maura-elena-olaru-candidat-la-primaria-barcani-sunt-pregatita-si-hotarata-sa-dezvolt-comuna-p\\\/#primaryimage\"},\"thumbnailUrl\":\"https:\\\/\\\/covasna45.ro\\\/wp-content\\\/uploads\\\/2024\\\/05\\\/m-foto-2.jpg\",\"datePublished\":\"2024-05-27T07:15:47+00:00\",\"dateModified\":\"2024-06-07T08:12:29+00:00\",\"description\":\"Maura Elena Olaru, economist care a lucrat \u00een Prim\u0103ria Barcani, este candidatul PSD la func\u021bia de primar.\",\"breadcrumb\":{\"@id\":\"https:\\\/\\\/covasna45.ro\\\/index.php\\\/lumea-noastra\\\/maura-elena-olaru-candidat-la-primaria-barcani-sunt-pregatita-si-hotarata-sa-dezvolt-comuna-p\\\/#breadcrumb\"},\"inLanguage\":\"ro-RO\",\"potentialAction\":[{\"@type\":\"ReadAction\",\"target\":[\"https:\\\/\\\/covasna45.ro\\\/index.php\\\/lumea-noastra\\\/maura-elena-olaru-candidat-la-primaria-barcani-sunt-pregatita-si-hotarata-sa-dezvolt-comuna-p\\\/\"]}]},{\"@type\":\"ImageObject\",\"inLanguage\":\"ro-RO\",\"@id\":\"https:\\\/\\\/covasna45.ro\\\/index.php\\\/lumea-noastra\\\/maura-elena-olaru-candidat-la-primaria-barcani-sunt-pregatita-si-hotarata-sa-dezvolt-comuna-p\\\/#primaryimage\",\"url\":\"https:\\\/\\\/covasna45.ro\\\/wp-content\\\/uploads\\\/2024\\\/05\\\/m-foto-2.jpg\",\"contentUrl\":\"https:\\\/\\\/covasna45.ro\\\/wp-content\\\/uploads\\\/2024\\\/05\\\/m-foto-2.jpg\",\"width\":1114,\"height\":723},{\"@type\":\"BreadcrumbList\",\"@id\":\"https:\\\/\\\/covasna45.ro\\\/index.php\\\/lumea-noastra\\\/maura-elena-olaru-candidat-la-primaria-barcani-sunt-pregatita-si-hotarata-sa-dezvolt-comuna-p\\\/#breadcrumb\",\"itemListElement\":[{\"@type\":\"ListItem\",\"position\":1,\"name\":\"Prima pagin\u0103\",\"item\":\"https:\\\/\\\/covasna45.ro\\\/\"},{\"@type\":\"ListItem\",\"position\":2,\"name\":\"Maura Elena Olaru, candidat la Prim\u0103ria Barcani: \u201eSunt preg\u0103tit\u0103 \u0219i hot\u0103r\u00e2t\u0103 s\u0103 dezvolt comuna!\u201d (P)\"}]},{\"@type\":\"WebSite\",\"@id\":\"https:\\\/\\\/covasna45.ro\\\/#website\",\"url\":\"https:\\\/\\\/covasna45.ro\\\/\",\"name\":\"covasna45.ro\",\"description\":\"\",\"publisher\":{\"@id\":\"https:\\\/\\\/covasna45.ro\\\/#organization\"},\"potentialAction\":[{\"@type\":\"SearchAction\",\"target\":{\"@type\":\"EntryPoint\",\"urlTemplate\":\"https:\\\/\\\/covasna45.ro\\\/?s={search_term_string}\"},\"query-input\":{\"@type\":\"PropertyValueSpecification\",\"valueRequired\":true,\"valueName\":\"search_term_string\"}}],\"inLanguage\":\"ro-RO\"},{\"@type\":\"Organization\",\"@id\":\"https:\\\/\\\/covasna45.ro\\\/#organization\",\"name\":\"covasna45.ro\",\"url\":\"https:\\\/\\\/covasna45.ro\\\/\",\"logo\":{\"@type\":\"ImageObject\",\"inLanguage\":\"ro-RO\",\"@id\":\"https:\\\/\\\/covasna45.ro\\\/#\\\/schema\\\/logo\\\/image\\\/\",\"url\":\"https:\\\/\\\/covasna45.ro\\\/wp-content\\\/uploads\\\/2023\\\/01\\\/icon_logo.png\",\"contentUrl\":\"https:\\\/\\\/covasna45.ro\\\/wp-content\\\/uploads\\\/2023\\\/01\\\/icon_logo.png\",\"width\":1900,\"height\":1900,\"caption\":\"covasna45.ro\"},\"image\":{\"@id\":\"https:\\\/\\\/covasna45.ro\\\/#\\\/schema\\\/logo\\\/image\\\/\"}},{\"@type\":\"Person\",\"@id\":\"https:\\\/\\\/covasna45.ro\\\/#\\\/schema\\\/person\\\/e674052bd7d95d70bbb007a1060ab73c\",\"name\":\"Covasna45\",\"image\":{\"@type\":\"ImageObject\",\"inLanguage\":\"ro-RO\",\"@id\":\"https:\\\/\\\/covasna45.ro\\\/wp-content\\\/uploads\\\/2025\\\/10\\\/icon_logo_covasna45-150x150.png\",\"url\":\"https:\\\/\\\/covasna45.ro\\\/wp-content\\\/uploads\\\/2025\\\/10\\\/icon_logo_covasna45-150x150.png\",\"contentUrl\":\"https:\\\/\\\/covasna45.ro\\\/wp-content\\\/uploads\\\/2025\\\/10\\\/icon_logo_covasna45-150x150.png\",\"caption\":\"Covasna45\"},\"sameAs\":[\"https:\\\/\\\/covasna45.ro\"],\"url\":\"https:\\\/\\\/covasna45.ro\\\/index.php\\\/author\\\/covasna\\\/\"}]}<\/script>\n<!-- \/ Yoast SEO plugin. -->","yoast_head_json":{"title":"Maura Elena Olaru, candidat la Prim\u0103ria Barcani: \u201eSunt preg\u0103tit\u0103 \u0219i hot\u0103r\u00e2t\u0103 s\u0103 dezvolt comuna!\u201d (P) - Covasna45","description":"Maura Elena Olaru, economist care a lucrat \u00een Prim\u0103ria Barcani, este candidatul PSD la func\u021bia de primar.","robots":{"index":"index","follow":"follow","max-snippet":"max-snippet:-1","max-image-preview":"max-image-preview:large","max-video-preview":"max-video-preview:-1"},"canonical":"https:\/\/covasna45.ro\/index.php\/lumea-noastra\/maura-elena-olaru-candidat-la-primaria-barcani-sunt-pregatita-si-hotarata-sa-dezvolt-comuna-p\/","og_locale":"ro_RO","og_type":"article","og_title":"Maura Elena Olaru, candidat la Prim\u0103ria Barcani: \u201eSunt preg\u0103tit\u0103 \u0219i hot\u0103r\u00e2t\u0103 s\u0103 dezvolt comuna!\u201d (P) - Covasna45","og_description":"Maura Elena Olaru, economist care a lucrat \u00een Prim\u0103ria Barcani, este candidatul PSD la func\u021bia de primar.","og_url":"https:\/\/covasna45.ro\/index.php\/lumea-noastra\/maura-elena-olaru-candidat-la-primaria-barcani-sunt-pregatita-si-hotarata-sa-dezvolt-comuna-p\/","og_site_name":"Covasna45","article_published_time":"2024-05-27T07:15:47+00:00","article_modified_time":"2024-06-07T08:12:29+00:00","og_image":[{"width":1114,"height":723,"url":"https:\/\/covasna45.ro\/wp-content\/uploads\/2024\/05\/m-foto-2.jpg","type":"image\/jpeg"}],"author":"Covasna45","twitter_card":"summary_large_image","twitter_misc":{"Scris de":"Covasna45","Timp estimat pentru citire":"8 minute"},"schema":{"@context":"https:\/\/schema.org","@graph":[{"@type":"Article","@id":"https:\/\/covasna45.ro\/index.php\/lumea-noastra\/maura-elena-olaru-candidat-la-primaria-barcani-sunt-pregatita-si-hotarata-sa-dezvolt-comuna-p\/#article","isPartOf":{"@id":"https:\/\/covasna45.ro\/index.php\/lumea-noastra\/maura-elena-olaru-candidat-la-primaria-barcani-sunt-pregatita-si-hotarata-sa-dezvolt-comuna-p\/"},"author":{"name":"Covasna45","@id":"https:\/\/covasna45.ro\/#\/schema\/person\/e674052bd7d95d70bbb007a1060ab73c"},"headline":"Maura Elena Olaru, candidat la Prim\u0103ria Barcani: \u201eSunt preg\u0103tit\u0103 \u0219i hot\u0103r\u00e2t\u0103 s\u0103 dezvolt comuna!\u201d (P)","datePublished":"2024-05-27T07:15:47+00:00","dateModified":"2024-06-07T08:12:29+00:00","mainEntityOfPage":{"@id":"https:\/\/covasna45.ro\/index.php\/lumea-noastra\/maura-elena-olaru-candidat-la-primaria-barcani-sunt-pregatita-si-hotarata-sa-dezvolt-comuna-p\/"},"wordCount":1059,"commentCount":7,"publisher":{"@id":"https:\/\/covasna45.ro\/#organization"},"image":{"@id":"https:\/\/covasna45.ro\/index.php\/lumea-noastra\/maura-elena-olaru-candidat-la-primaria-barcani-sunt-pregatita-si-hotarata-sa-dezvolt-comuna-p\/#primaryimage"},"thumbnailUrl":"https:\/\/covasna45.ro\/wp-content\/uploads\/2024\/05\/m-foto-2.jpg","keywords":["alegeri locale 2024","Barcani","Maura Elena Olaru","Primaria Barcani","PSD"],"articleSection":["Lumea noastr\u0103"],"inLanguage":"ro-RO","potentialAction":[{"@type":"CommentAction","name":"Comment","target":["https:\/\/covasna45.ro\/index.php\/lumea-noastra\/maura-elena-olaru-candidat-la-primaria-barcani-sunt-pregatita-si-hotarata-sa-dezvolt-comuna-p\/#respond"]}]},{"@type":"WebPage","@id":"https:\/\/covasna45.ro\/index.php\/lumea-noastra\/maura-elena-olaru-candidat-la-primaria-barcani-sunt-pregatita-si-hotarata-sa-dezvolt-comuna-p\/","url":"https:\/\/covasna45.ro\/index.php\/lumea-noastra\/maura-elena-olaru-candidat-la-primaria-barcani-sunt-pregatita-si-hotarata-sa-dezvolt-comuna-p\/","name":"Maura Elena Olaru, candidat la Prim\u0103ria Barcani: \u201eSunt preg\u0103tit\u0103 \u0219i hot\u0103r\u00e2t\u0103 s\u0103 dezvolt comuna!\u201d (P) - Covasna45","isPartOf":{"@id":"https:\/\/covasna45.ro\/#website"},"primaryImageOfPage":{"@id":"https:\/\/covasna45.ro\/index.php\/lumea-noastra\/maura-elena-olaru-candidat-la-primaria-barcani-sunt-pregatita-si-hotarata-sa-dezvolt-comuna-p\/#primaryimage"},"image":{"@id":"https:\/\/covasna45.ro\/index.php\/lumea-noastra\/maura-elena-olaru-candidat-la-primaria-barcani-sunt-pregatita-si-hotarata-sa-dezvolt-comuna-p\/#primaryimage"},"thumbnailUrl":"https:\/\/covasna45.ro\/wp-content\/uploads\/2024\/05\/m-foto-2.jpg","datePublished":"2024-05-27T07:15:47+00:00","dateModified":"2024-06-07T08:12:29+00:00","description":"Maura Elena Olaru, economist care a lucrat \u00een Prim\u0103ria Barcani, este candidatul PSD la func\u021bia de primar.","breadcrumb":{"@id":"https:\/\/covasna45.ro\/index.php\/lumea-noastra\/maura-elena-olaru-candidat-la-primaria-barcani-sunt-pregatita-si-hotarata-sa-dezvolt-comuna-p\/#breadcrumb"},"inLanguage":"ro-RO","potentialAction":[{"@type":"ReadAction","target":["https:\/\/covasna45.ro\/index.php\/lumea-noastra\/maura-elena-olaru-candidat-la-primaria-barcani-sunt-pregatita-si-hotarata-sa-dezvolt-comuna-p\/"]}]},{"@type":"ImageObject","inLanguage":"ro-RO","@id":"https:\/\/covasna45.ro\/index.php\/lumea-noastra\/maura-elena-olaru-candidat-la-primaria-barcani-sunt-pregatita-si-hotarata-sa-dezvolt-comuna-p\/#primaryimage","url":"https:\/\/covasna45.ro\/wp-content\/uploads\/2024\/05\/m-foto-2.jpg","contentUrl":"https:\/\/covasna45.ro\/wp-content\/uploads\/2024\/05\/m-foto-2.jpg","width":1114,"height":723},{"@type":"BreadcrumbList","@id":"https:\/\/covasna45.ro\/index.php\/lumea-noastra\/maura-elena-olaru-candidat-la-primaria-barcani-sunt-pregatita-si-hotarata-sa-dezvolt-comuna-p\/#breadcrumb","itemListElement":[{"@type":"ListItem","position":1,"name":"Prima pagin\u0103","item":"https:\/\/covasna45.ro\/"},{"@type":"ListItem","position":2,"name":"Maura Elena Olaru, candidat la Prim\u0103ria Barcani: \u201eSunt preg\u0103tit\u0103 \u0219i hot\u0103r\u00e2t\u0103 s\u0103 dezvolt comuna!\u201d (P)"}]},{"@type":"WebSite","@id":"https:\/\/covasna45.ro\/#website","url":"https:\/\/covasna45.ro\/","name":"covasna45.ro","description":"","publisher":{"@id":"https:\/\/covasna45.ro\/#organization"},"potentialAction":[{"@type":"SearchAction","target":{"@type":"EntryPoint","urlTemplate":"https:\/\/covasna45.ro\/?s={search_term_string}"},"query-input":{"@type":"PropertyValueSpecification","valueRequired":true,"valueName":"search_term_string"}}],"inLanguage":"ro-RO"},{"@type":"Organization","@id":"https:\/\/covasna45.ro\/#organization","name":"covasna45.ro","url":"https:\/\/covasna45.ro\/","logo":{"@type":"ImageObject","inLanguage":"ro-RO","@id":"https:\/\/covasna45.ro\/#\/schema\/logo\/image\/","url":"https:\/\/covasna45.ro\/wp-content\/uploads\/2023\/01\/icon_logo.png","contentUrl":"https:\/\/covasna45.ro\/wp-content\/uploads\/2023\/01\/icon_logo.png","width":1900,"height":1900,"caption":"covasna45.ro"},"image":{"@id":"https:\/\/covasna45.ro\/#\/schema\/logo\/image\/"}},{"@type":"Person","@id":"https:\/\/covasna45.ro\/#\/schema\/person\/e674052bd7d95d70bbb007a1060ab73c","name":"Covasna45","image":{"@type":"ImageObject","inLanguage":"ro-RO","@id":"https:\/\/covasna45.ro\/wp-content\/uploads\/2025\/10\/icon_logo_covasna45-150x150.png","url":"https:\/\/covasna45.ro\/wp-content\/uploads\/2025\/10\/icon_logo_covasna45-150x150.png","contentUrl":"https:\/\/covasna45.ro\/wp-content\/uploads\/2025\/10\/icon_logo_covasna45-150x150.png","caption":"Covasna45"},"sameAs":["https:\/\/covasna45.ro"],"url":"https:\/\/covasna45.ro\/index.php\/author\/covasna\/"}]}},"_links":{"self":[{"href":"https:\/\/covasna45.ro\/index.php\/wp-json\/wp\/v2\/posts\/6106","targetHints":{"allow":["GET"]}}],"collection":[{"href":"https:\/\/covasna45.ro\/index.php\/wp-json\/wp\/v2\/posts"}],"about":[{"href":"https:\/\/covasna45.ro\/index.php\/wp-json\/wp\/v2\/types\/post"}],"author":[{"embeddable":true,"href":"https:\/\/covasna45.ro\/index.php\/wp-json\/wp\/v2\/users\/1"}],"replies":[{"embeddable":true,"href":"https:\/\/covasna45.ro\/index.php\/wp-json\/wp\/v2\/comments?post=6106"}],"version-history":[{"count":4,"href":"https:\/\/covasna45.ro\/index.php\/wp-json\/wp\/v2\/posts\/6106\/revisions"}],"predecessor-version":[{"id":6405,"href":"https:\/\/covasna45.ro\/index.php\/wp-json\/wp\/v2\/posts\/6106\/revisions\/6405"}],"wp:featuredmedia":[{"embeddable":true,"href":"https:\/\/covasna45.ro\/index.php\/wp-json\/wp\/v2\/media\/6107"}],"wp:attachment":[{"href":"https:\/\/covasna45.ro\/index.php\/wp-json\/wp\/v2\/media?parent=6106"}],"wp:term":[{"taxonomy":"category","embeddable":true,"href":"https:\/\/covasna45.ro\/index.php\/wp-json\/wp\/v2\/categories?post=6106"},{"taxonomy":"post_tag","embeddable":true,"href":"https:\/\/covasna45.ro\/index.php\/wp-json\/wp\/v2\/tags?post=6106"}],"curies":[{"name":"wp","href":"https:\/\/api.w.org\/{rel}","templated":true}]}}