{"id":6221,"date":"2024-05-31T10:19:20","date_gmt":"2024-05-31T08:19:20","guid":{"rendered":"https:\/\/covasna45.ro\/?p=6221"},"modified":"2024-05-31T10:19:20","modified_gmt":"2024-05-31T08:19:20","slug":"traian-basescu-despre-viitorul-presedinte-e-nevoie-de-un-civil-generalii-sa-si-pape-pensiile-speciale","status":"publish","type":"post","link":"https:\/\/covasna45.ro\/index.php\/lumea-noastra\/traian-basescu-despre-viitorul-presedinte-e-nevoie-de-un-civil-generalii-sa-si-pape-pensiile-speciale\/","title":{"rendered":"Traian B\u0103sescu despre viitorul pre\u0219edinte: \u201eE nevoie de un civil. Generalii s\u0103-\u0219i pape pensiile speciale!\u201d"},"content":{"rendered":"\n<p>Fostul pre\u0219edinte Traian B\u0103sescu a criticat dezbaterile premature despre alegerile preziden\u021biale, subliniind c\u0103 toate sondajele actuale \u00eel plaseaz\u0103 pe Mircea Geoan\u0103 pe primul loc. <\/p>\n\n\n\n<p>B\u0103sescu a atras aten\u021bia c\u0103, de\u0219i aceste sondaje arat\u0103 c\u0103 discu\u021biile despre preziden\u021biale sunt irelevante \u00een prezent, s\u0103pt\u0103m\u00e2na viitoare au loc alegerile locale \u0219i europarlamentare, care au fost neglijate \u00een dezbateri publice. El a subliniat necesitatea unui regim civil, critic\u00e2nd influen\u021ba generalilor \u00een rezerv\u0103 \u00een via\u021ba social\u0103 rom\u00e2neasc\u0103 \u0219i a eviden\u021biat importan\u021ba unei istorii personale acceptabile pentru candida\u021bii la pre\u0219edin\u021bie.<\/p>\n\n\n\n<p>\u201e<strong><em>Toate sondajele \u00eel plaseaz\u0103 pe Mircea Geoan\u0103 pe primul loc \u00een sondajele pentru preziden\u021biale. Ne arat\u0103 c\u0103 batem c\u00e2mpii to\u021bi. Discut\u0103m despre preziden\u021biale c\u00e2nd s\u0103pt\u0103m\u00e2na viitoare sunt locale \u0219i europarlamentare. I-am intoxicat pe rom\u00e2ni cu orice alt subiect dec\u00e2t a vorbi de alegerile europarlamentare.<\/em><\/strong><\/p>\n\n\n\n<p>Dac\u0103 cineva a dominat c\u00e2t de c\u00e2t peste acest subiect, au fost alegerile locale, dar despre europarlamentare eu nu am auzit dezbateri, e prea devreme s\u0103 vorbim de preziden\u021biale.<\/p>\n\n\n\n<p><strong><em>Pe Ciolacu o s\u0103 \u00eel ai pe Omar Hayssam \u00een poze, cred c\u0103 trebuie pu\u021bin altceva pentru preziden\u021biale. Iar din punctul de vedere al lui Ciuc\u0103, cred c\u0103 e o mare gre\u0219eal\u0103. Uita\u021bi-v\u0103 c\u0103 via\u021ba social\u0103 rom\u00e2neasc\u0103 e tot mai amprentat\u0103 de generalii \u00een rezerv\u0103, n-a\u0219 vrea s\u0103 fiu r\u0103ut\u0103cios, dar avem nevoie \u00eenc\u0103 de un regim civil. Generalii s\u0103 stea s\u0103 \u00ee\u0219i pape pensiile speciale, nu vreau s\u0103 dau exemple.<\/em><\/strong><\/p>\n\n\n\n<p><strong><em>Ca s\u0103 fii pre\u0219edinte trebuie s\u0103 ai o oarecare v\u00e2rst\u0103, deci ai un istoric \u00een spatele t\u0103u, totul trebuie s\u0103 fie o istorie digerabil\u0103, acceptabil\u0103, c\u0103 nu e nimeni perfect<\/em><\/strong>\u201d, a declarat Traian B\u0103sescu, pentru\u00a0<a href=\"https:\/\/www.euronews.ro\/articole\/exclusiv-traian-basescu-despre-candidatii-la-alegerile-prezidentiale-din-2024-ca\" target=\"_blank\" rel=\"noreferrer noopener\">Euronews Rom\u00e2nia<\/a>.<\/p>\n","protected":false},"excerpt":{"rendered":"<p>Fostul pre\u0219edinte Traian B\u0103sescu a criticat dezbaterile premature despre alegerile preziden\u021biale, subliniind c\u0103 toate sondajele actuale \u00eel plaseaz\u0103 pe Mircea Geoan\u0103 pe primul loc. B\u0103sescu a atras aten\u021bia c\u0103, de\u0219i aceste sondaje arat\u0103 c\u0103 discu\u021biile despre preziden\u021biale sunt irelevante \u00een prezent, s\u0103pt\u0103m\u00e2na viitoare au loc alegerile locale \u0219i europarlamentare, care au fost neglijate \u00een dezbateri [&hellip;]<\/p>\n","protected":false},"author":1,"featured_media":6222,"comment_status":"open","ping_status":"closed","sticky":false,"template":"","format":"standard","meta":{"tdm_status":"","tdm_grid_status":"","footnotes":""},"categories":[14],"tags":[340,2109,2452],"class_list":{"0":"post-6221","1":"post","2":"type-post","3":"status-publish","4":"format-standard","5":"has-post-thumbnail","7":"category-lumea-noastra","8":"tag-alegeri","9":"tag-presedinte","10":"tag-traian-basescu"},"yoast_head":"<!-- This site is optimized with the Yoast SEO plugin v27.5 - https:\/\/yoast.com\/product\/yoast-seo-wordpress\/ -->\n<title>Traian B\u0103sescu despre viitorul pre\u0219edinte: \u201eE nevoie de un civil. Generalii s\u0103-\u0219i pape pensiile speciale!\u201d - Covasna45<\/title>\n<meta name=\"description\" content=\"Fostul pre\u0219edinte Traian B\u0103sescu a criticat dezbaterile premature despre alegerile preziden\u021biale.\" \/>\n<meta name=\"robots\" content=\"index, follow, max-snippet:-1, max-image-preview:large, max-video-preview:-1\" \/>\n<link rel=\"canonical\" href=\"https:\/\/covasna45.ro\/index.php\/lumea-noastra\/traian-basescu-despre-viitorul-presedinte-e-nevoie-de-un-civil-generalii-sa-si-pape-pensiile-speciale\/\" \/>\n<meta property=\"og:locale\" content=\"ro_RO\" \/>\n<meta property=\"og:type\" content=\"article\" \/>\n<meta property=\"og:title\" content=\"Traian B\u0103sescu despre viitorul pre\u0219edinte: \u201eE nevoie de un civil. Generalii s\u0103-\u0219i pape pensiile speciale!\u201d - Covasna45\" \/>\n<meta property=\"og:description\" content=\"Fostul pre\u0219edinte Traian B\u0103sescu a criticat dezbaterile premature despre alegerile preziden\u021biale.\" \/>\n<meta property=\"og:url\" content=\"https:\/\/covasna45.ro\/index.php\/lumea-noastra\/traian-basescu-despre-viitorul-presedinte-e-nevoie-de-un-civil-generalii-sa-si-pape-pensiile-speciale\/\" \/>\n<meta property=\"og:site_name\" content=\"Covasna45\" \/>\n<meta property=\"article:published_time\" content=\"2024-05-31T08:19:20+00:00\" \/>\n<meta property=\"og:image\" content=\"https:\/\/covasna45.ro\/wp-content\/uploads\/2024\/05\/traian-basescu.jpg\" \/>\n\t<meta property=\"og:image:width\" content=\"1624\" \/>\n\t<meta property=\"og:image:height\" content=\"967\" \/>\n\t<meta property=\"og:image:type\" content=\"image\/jpeg\" \/>\n<meta name=\"author\" content=\"Covasna45\" \/>\n<meta name=\"twitter:card\" content=\"summary_large_image\" \/>\n<meta name=\"twitter:label1\" content=\"Scris de\" \/>\n\t<meta name=\"twitter:data1\" content=\"Covasna45\" \/>\n\t<meta name=\"twitter:label2\" content=\"Timp estimat pentru citire\" \/>\n\t<meta name=\"twitter:data2\" content=\"2 minute\" \/>\n<script type=\"application\/ld+json\" class=\"yoast-schema-graph\">{\"@context\":\"https:\\\/\\\/schema.org\",\"@graph\":[{\"@type\":\"Article\",\"@id\":\"https:\\\/\\\/covasna45.ro\\\/index.php\\\/lumea-noastra\\\/traian-basescu-despre-viitorul-presedinte-e-nevoie-de-un-civil-generalii-sa-si-pape-pensiile-speciale\\\/#article\",\"isPartOf\":{\"@id\":\"https:\\\/\\\/covasna45.ro\\\/index.php\\\/lumea-noastra\\\/traian-basescu-despre-viitorul-presedinte-e-nevoie-de-un-civil-generalii-sa-si-pape-pensiile-speciale\\\/\"},\"author\":{\"name\":\"Covasna45\",\"@id\":\"https:\\\/\\\/covasna45.ro\\\/#\\\/schema\\\/person\\\/e674052bd7d95d70bbb007a1060ab73c\"},\"headline\":\"Traian B\u0103sescu despre viitorul pre\u0219edinte: \u201eE nevoie de un civil. Generalii s\u0103-\u0219i pape pensiile speciale!\u201d\",\"datePublished\":\"2024-05-31T08:19:20+00:00\",\"mainEntityOfPage\":{\"@id\":\"https:\\\/\\\/covasna45.ro\\\/index.php\\\/lumea-noastra\\\/traian-basescu-despre-viitorul-presedinte-e-nevoie-de-un-civil-generalii-sa-si-pape-pensiile-speciale\\\/\"},\"wordCount\":331,\"commentCount\":0,\"publisher\":{\"@id\":\"https:\\\/\\\/covasna45.ro\\\/#organization\"},\"image\":{\"@id\":\"https:\\\/\\\/covasna45.ro\\\/index.php\\\/lumea-noastra\\\/traian-basescu-despre-viitorul-presedinte-e-nevoie-de-un-civil-generalii-sa-si-pape-pensiile-speciale\\\/#primaryimage\"},\"thumbnailUrl\":\"https:\\\/\\\/covasna45.ro\\\/wp-content\\\/uploads\\\/2024\\\/05\\\/traian-basescu.jpg\",\"keywords\":[\"Alegeri\",\"Pre\u0219edinte\",\"Traian Basescu\"],\"articleSection\":[\"Lumea noastr\u0103\"],\"inLanguage\":\"ro-RO\",\"potentialAction\":[{\"@type\":\"CommentAction\",\"name\":\"Comment\",\"target\":[\"https:\\\/\\\/covasna45.ro\\\/index.php\\\/lumea-noastra\\\/traian-basescu-despre-viitorul-presedinte-e-nevoie-de-un-civil-generalii-sa-si-pape-pensiile-speciale\\\/#respond\"]}]},{\"@type\":\"WebPage\",\"@id\":\"https:\\\/\\\/covasna45.ro\\\/index.php\\\/lumea-noastra\\\/traian-basescu-despre-viitorul-presedinte-e-nevoie-de-un-civil-generalii-sa-si-pape-pensiile-speciale\\\/\",\"url\":\"https:\\\/\\\/covasna45.ro\\\/index.php\\\/lumea-noastra\\\/traian-basescu-despre-viitorul-presedinte-e-nevoie-de-un-civil-generalii-sa-si-pape-pensiile-speciale\\\/\",\"name\":\"Traian B\u0103sescu despre viitorul pre\u0219edinte: \u201eE nevoie de un civil. Generalii s\u0103-\u0219i pape pensiile speciale!\u201d - Covasna45\",\"isPartOf\":{\"@id\":\"https:\\\/\\\/covasna45.ro\\\/#website\"},\"primaryImageOfPage\":{\"@id\":\"https:\\\/\\\/covasna45.ro\\\/index.php\\\/lumea-noastra\\\/traian-basescu-despre-viitorul-presedinte-e-nevoie-de-un-civil-generalii-sa-si-pape-pensiile-speciale\\\/#primaryimage\"},\"image\":{\"@id\":\"https:\\\/\\\/covasna45.ro\\\/index.php\\\/lumea-noastra\\\/traian-basescu-despre-viitorul-presedinte-e-nevoie-de-un-civil-generalii-sa-si-pape-pensiile-speciale\\\/#primaryimage\"},\"thumbnailUrl\":\"https:\\\/\\\/covasna45.ro\\\/wp-content\\\/uploads\\\/2024\\\/05\\\/traian-basescu.jpg\",\"datePublished\":\"2024-05-31T08:19:20+00:00\",\"description\":\"Fostul pre\u0219edinte Traian B\u0103sescu a criticat dezbaterile premature despre alegerile preziden\u021biale.\",\"breadcrumb\":{\"@id\":\"https:\\\/\\\/covasna45.ro\\\/index.php\\\/lumea-noastra\\\/traian-basescu-despre-viitorul-presedinte-e-nevoie-de-un-civil-generalii-sa-si-pape-pensiile-speciale\\\/#breadcrumb\"},\"inLanguage\":\"ro-RO\",\"potentialAction\":[{\"@type\":\"ReadAction\",\"target\":[\"https:\\\/\\\/covasna45.ro\\\/index.php\\\/lumea-noastra\\\/traian-basescu-despre-viitorul-presedinte-e-nevoie-de-un-civil-generalii-sa-si-pape-pensiile-speciale\\\/\"]}]},{\"@type\":\"ImageObject\",\"inLanguage\":\"ro-RO\",\"@id\":\"https:\\\/\\\/covasna45.ro\\\/index.php\\\/lumea-noastra\\\/traian-basescu-despre-viitorul-presedinte-e-nevoie-de-un-civil-generalii-sa-si-pape-pensiile-speciale\\\/#primaryimage\",\"url\":\"https:\\\/\\\/covasna45.ro\\\/wp-content\\\/uploads\\\/2024\\\/05\\\/traian-basescu.jpg\",\"contentUrl\":\"https:\\\/\\\/covasna45.ro\\\/wp-content\\\/uploads\\\/2024\\\/05\\\/traian-basescu.jpg\",\"width\":1624,\"height\":967},{\"@type\":\"BreadcrumbList\",\"@id\":\"https:\\\/\\\/covasna45.ro\\\/index.php\\\/lumea-noastra\\\/traian-basescu-despre-viitorul-presedinte-e-nevoie-de-un-civil-generalii-sa-si-pape-pensiile-speciale\\\/#breadcrumb\",\"itemListElement\":[{\"@type\":\"ListItem\",\"position\":1,\"name\":\"Prima pagin\u0103\",\"item\":\"https:\\\/\\\/covasna45.ro\\\/\"},{\"@type\":\"ListItem\",\"position\":2,\"name\":\"Traian B\u0103sescu despre viitorul pre\u0219edinte: \u201eE nevoie de un civil. Generalii s\u0103-\u0219i pape pensiile speciale!\u201d\"}]},{\"@type\":\"WebSite\",\"@id\":\"https:\\\/\\\/covasna45.ro\\\/#website\",\"url\":\"https:\\\/\\\/covasna45.ro\\\/\",\"name\":\"covasna45.ro\",\"description\":\"\",\"publisher\":{\"@id\":\"https:\\\/\\\/covasna45.ro\\\/#organization\"},\"potentialAction\":[{\"@type\":\"SearchAction\",\"target\":{\"@type\":\"EntryPoint\",\"urlTemplate\":\"https:\\\/\\\/covasna45.ro\\\/?s={search_term_string}\"},\"query-input\":{\"@type\":\"PropertyValueSpecification\",\"valueRequired\":true,\"valueName\":\"search_term_string\"}}],\"inLanguage\":\"ro-RO\"},{\"@type\":\"Organization\",\"@id\":\"https:\\\/\\\/covasna45.ro\\\/#organization\",\"name\":\"covasna45.ro\",\"url\":\"https:\\\/\\\/covasna45.ro\\\/\",\"logo\":{\"@type\":\"ImageObject\",\"inLanguage\":\"ro-RO\",\"@id\":\"https:\\\/\\\/covasna45.ro\\\/#\\\/schema\\\/logo\\\/image\\\/\",\"url\":\"https:\\\/\\\/covasna45.ro\\\/wp-content\\\/uploads\\\/2023\\\/01\\\/icon_logo.png\",\"contentUrl\":\"https:\\\/\\\/covasna45.ro\\\/wp-content\\\/uploads\\\/2023\\\/01\\\/icon_logo.png\",\"width\":1900,\"height\":1900,\"caption\":\"covasna45.ro\"},\"image\":{\"@id\":\"https:\\\/\\\/covasna45.ro\\\/#\\\/schema\\\/logo\\\/image\\\/\"}},{\"@type\":\"Person\",\"@id\":\"https:\\\/\\\/covasna45.ro\\\/#\\\/schema\\\/person\\\/e674052bd7d95d70bbb007a1060ab73c\",\"name\":\"Covasna45\",\"image\":{\"@type\":\"ImageObject\",\"inLanguage\":\"ro-RO\",\"@id\":\"https:\\\/\\\/covasna45.ro\\\/wp-content\\\/uploads\\\/2025\\\/10\\\/icon_logo_covasna45-150x150.png\",\"url\":\"https:\\\/\\\/covasna45.ro\\\/wp-content\\\/uploads\\\/2025\\\/10\\\/icon_logo_covasna45-150x150.png\",\"contentUrl\":\"https:\\\/\\\/covasna45.ro\\\/wp-content\\\/uploads\\\/2025\\\/10\\\/icon_logo_covasna45-150x150.png\",\"caption\":\"Covasna45\"},\"sameAs\":[\"https:\\\/\\\/covasna45.ro\"],\"url\":\"https:\\\/\\\/covasna45.ro\\\/index.php\\\/author\\\/covasna\\\/\"}]}<\/script>\n<!-- \/ Yoast SEO plugin. -->","yoast_head_json":{"title":"Traian B\u0103sescu despre viitorul pre\u0219edinte: \u201eE nevoie de un civil. Generalii s\u0103-\u0219i pape pensiile speciale!\u201d - Covasna45","description":"Fostul pre\u0219edinte Traian B\u0103sescu a criticat dezbaterile premature despre alegerile preziden\u021biale.","robots":{"index":"index","follow":"follow","max-snippet":"max-snippet:-1","max-image-preview":"max-image-preview:large","max-video-preview":"max-video-preview:-1"},"canonical":"https:\/\/covasna45.ro\/index.php\/lumea-noastra\/traian-basescu-despre-viitorul-presedinte-e-nevoie-de-un-civil-generalii-sa-si-pape-pensiile-speciale\/","og_locale":"ro_RO","og_type":"article","og_title":"Traian B\u0103sescu despre viitorul pre\u0219edinte: \u201eE nevoie de un civil. Generalii s\u0103-\u0219i pape pensiile speciale!\u201d - Covasna45","og_description":"Fostul pre\u0219edinte Traian B\u0103sescu a criticat dezbaterile premature despre alegerile preziden\u021biale.","og_url":"https:\/\/covasna45.ro\/index.php\/lumea-noastra\/traian-basescu-despre-viitorul-presedinte-e-nevoie-de-un-civil-generalii-sa-si-pape-pensiile-speciale\/","og_site_name":"Covasna45","article_published_time":"2024-05-31T08:19:20+00:00","og_image":[{"width":1624,"height":967,"url":"https:\/\/covasna45.ro\/wp-content\/uploads\/2024\/05\/traian-basescu.jpg","type":"image\/jpeg"}],"author":"Covasna45","twitter_card":"summary_large_image","twitter_misc":{"Scris de":"Covasna45","Timp estimat pentru citire":"2 minute"},"schema":{"@context":"https:\/\/schema.org","@graph":[{"@type":"Article","@id":"https:\/\/covasna45.ro\/index.php\/lumea-noastra\/traian-basescu-despre-viitorul-presedinte-e-nevoie-de-un-civil-generalii-sa-si-pape-pensiile-speciale\/#article","isPartOf":{"@id":"https:\/\/covasna45.ro\/index.php\/lumea-noastra\/traian-basescu-despre-viitorul-presedinte-e-nevoie-de-un-civil-generalii-sa-si-pape-pensiile-speciale\/"},"author":{"name":"Covasna45","@id":"https:\/\/covasna45.ro\/#\/schema\/person\/e674052bd7d95d70bbb007a1060ab73c"},"headline":"Traian B\u0103sescu despre viitorul pre\u0219edinte: \u201eE nevoie de un civil. Generalii s\u0103-\u0219i pape pensiile speciale!\u201d","datePublished":"2024-05-31T08:19:20+00:00","mainEntityOfPage":{"@id":"https:\/\/covasna45.ro\/index.php\/lumea-noastra\/traian-basescu-despre-viitorul-presedinte-e-nevoie-de-un-civil-generalii-sa-si-pape-pensiile-speciale\/"},"wordCount":331,"commentCount":0,"publisher":{"@id":"https:\/\/covasna45.ro\/#organization"},"image":{"@id":"https:\/\/covasna45.ro\/index.php\/lumea-noastra\/traian-basescu-despre-viitorul-presedinte-e-nevoie-de-un-civil-generalii-sa-si-pape-pensiile-speciale\/#primaryimage"},"thumbnailUrl":"https:\/\/covasna45.ro\/wp-content\/uploads\/2024\/05\/traian-basescu.jpg","keywords":["Alegeri","Pre\u0219edinte","Traian Basescu"],"articleSection":["Lumea noastr\u0103"],"inLanguage":"ro-RO","potentialAction":[{"@type":"CommentAction","name":"Comment","target":["https:\/\/covasna45.ro\/index.php\/lumea-noastra\/traian-basescu-despre-viitorul-presedinte-e-nevoie-de-un-civil-generalii-sa-si-pape-pensiile-speciale\/#respond"]}]},{"@type":"WebPage","@id":"https:\/\/covasna45.ro\/index.php\/lumea-noastra\/traian-basescu-despre-viitorul-presedinte-e-nevoie-de-un-civil-generalii-sa-si-pape-pensiile-speciale\/","url":"https:\/\/covasna45.ro\/index.php\/lumea-noastra\/traian-basescu-despre-viitorul-presedinte-e-nevoie-de-un-civil-generalii-sa-si-pape-pensiile-speciale\/","name":"Traian B\u0103sescu despre viitorul pre\u0219edinte: \u201eE nevoie de un civil. Generalii s\u0103-\u0219i pape pensiile speciale!\u201d - Covasna45","isPartOf":{"@id":"https:\/\/covasna45.ro\/#website"},"primaryImageOfPage":{"@id":"https:\/\/covasna45.ro\/index.php\/lumea-noastra\/traian-basescu-despre-viitorul-presedinte-e-nevoie-de-un-civil-generalii-sa-si-pape-pensiile-speciale\/#primaryimage"},"image":{"@id":"https:\/\/covasna45.ro\/index.php\/lumea-noastra\/traian-basescu-despre-viitorul-presedinte-e-nevoie-de-un-civil-generalii-sa-si-pape-pensiile-speciale\/#primaryimage"},"thumbnailUrl":"https:\/\/covasna45.ro\/wp-content\/uploads\/2024\/05\/traian-basescu.jpg","datePublished":"2024-05-31T08:19:20+00:00","description":"Fostul pre\u0219edinte Traian B\u0103sescu a criticat dezbaterile premature despre alegerile preziden\u021biale.","breadcrumb":{"@id":"https:\/\/covasna45.ro\/index.php\/lumea-noastra\/traian-basescu-despre-viitorul-presedinte-e-nevoie-de-un-civil-generalii-sa-si-pape-pensiile-speciale\/#breadcrumb"},"inLanguage":"ro-RO","potentialAction":[{"@type":"ReadAction","target":["https:\/\/covasna45.ro\/index.php\/lumea-noastra\/traian-basescu-despre-viitorul-presedinte-e-nevoie-de-un-civil-generalii-sa-si-pape-pensiile-speciale\/"]}]},{"@type":"ImageObject","inLanguage":"ro-RO","@id":"https:\/\/covasna45.ro\/index.php\/lumea-noastra\/traian-basescu-despre-viitorul-presedinte-e-nevoie-de-un-civil-generalii-sa-si-pape-pensiile-speciale\/#primaryimage","url":"https:\/\/covasna45.ro\/wp-content\/uploads\/2024\/05\/traian-basescu.jpg","contentUrl":"https:\/\/covasna45.ro\/wp-content\/uploads\/2024\/05\/traian-basescu.jpg","width":1624,"height":967},{"@type":"BreadcrumbList","@id":"https:\/\/covasna45.ro\/index.php\/lumea-noastra\/traian-basescu-despre-viitorul-presedinte-e-nevoie-de-un-civil-generalii-sa-si-pape-pensiile-speciale\/#breadcrumb","itemListElement":[{"@type":"ListItem","position":1,"name":"Prima pagin\u0103","item":"https:\/\/covasna45.ro\/"},{"@type":"ListItem","position":2,"name":"Traian B\u0103sescu despre viitorul pre\u0219edinte: \u201eE nevoie de un civil. Generalii s\u0103-\u0219i pape pensiile speciale!\u201d"}]},{"@type":"WebSite","@id":"https:\/\/covasna45.ro\/#website","url":"https:\/\/covasna45.ro\/","name":"covasna45.ro","description":"","publisher":{"@id":"https:\/\/covasna45.ro\/#organization"},"potentialAction":[{"@type":"SearchAction","target":{"@type":"EntryPoint","urlTemplate":"https:\/\/covasna45.ro\/?s={search_term_string}"},"query-input":{"@type":"PropertyValueSpecification","valueRequired":true,"valueName":"search_term_string"}}],"inLanguage":"ro-RO"},{"@type":"Organization","@id":"https:\/\/covasna45.ro\/#organization","name":"covasna45.ro","url":"https:\/\/covasna45.ro\/","logo":{"@type":"ImageObject","inLanguage":"ro-RO","@id":"https:\/\/covasna45.ro\/#\/schema\/logo\/image\/","url":"https:\/\/covasna45.ro\/wp-content\/uploads\/2023\/01\/icon_logo.png","contentUrl":"https:\/\/covasna45.ro\/wp-content\/uploads\/2023\/01\/icon_logo.png","width":1900,"height":1900,"caption":"covasna45.ro"},"image":{"@id":"https:\/\/covasna45.ro\/#\/schema\/logo\/image\/"}},{"@type":"Person","@id":"https:\/\/covasna45.ro\/#\/schema\/person\/e674052bd7d95d70bbb007a1060ab73c","name":"Covasna45","image":{"@type":"ImageObject","inLanguage":"ro-RO","@id":"https:\/\/covasna45.ro\/wp-content\/uploads\/2025\/10\/icon_logo_covasna45-150x150.png","url":"https:\/\/covasna45.ro\/wp-content\/uploads\/2025\/10\/icon_logo_covasna45-150x150.png","contentUrl":"https:\/\/covasna45.ro\/wp-content\/uploads\/2025\/10\/icon_logo_covasna45-150x150.png","caption":"Covasna45"},"sameAs":["https:\/\/covasna45.ro"],"url":"https:\/\/covasna45.ro\/index.php\/author\/covasna\/"}]}},"_links":{"self":[{"href":"https:\/\/covasna45.ro\/index.php\/wp-json\/wp\/v2\/posts\/6221","targetHints":{"allow":["GET"]}}],"collection":[{"href":"https:\/\/covasna45.ro\/index.php\/wp-json\/wp\/v2\/posts"}],"about":[{"href":"https:\/\/covasna45.ro\/index.php\/wp-json\/wp\/v2\/types\/post"}],"author":[{"embeddable":true,"href":"https:\/\/covasna45.ro\/index.php\/wp-json\/wp\/v2\/users\/1"}],"replies":[{"embeddable":true,"href":"https:\/\/covasna45.ro\/index.php\/wp-json\/wp\/v2\/comments?post=6221"}],"version-history":[{"count":1,"href":"https:\/\/covasna45.ro\/index.php\/wp-json\/wp\/v2\/posts\/6221\/revisions"}],"predecessor-version":[{"id":6223,"href":"https:\/\/covasna45.ro\/index.php\/wp-json\/wp\/v2\/posts\/6221\/revisions\/6223"}],"wp:featuredmedia":[{"embeddable":true,"href":"https:\/\/covasna45.ro\/index.php\/wp-json\/wp\/v2\/media\/6222"}],"wp:attachment":[{"href":"https:\/\/covasna45.ro\/index.php\/wp-json\/wp\/v2\/media?parent=6221"}],"wp:term":[{"taxonomy":"category","embeddable":true,"href":"https:\/\/covasna45.ro\/index.php\/wp-json\/wp\/v2\/categories?post=6221"},{"taxonomy":"post_tag","embeddable":true,"href":"https:\/\/covasna45.ro\/index.php\/wp-json\/wp\/v2\/tags?post=6221"}],"curies":[{"name":"wp","href":"https:\/\/api.w.org\/{rel}","templated":true}]}}