{"id":6711,"date":"2024-06-27T08:51:33","date_gmt":"2024-06-27T06:51:33","guid":{"rendered":"https:\/\/covasna45.ro\/?p=6711"},"modified":"2024-06-27T08:51:34","modified_gmt":"2024-06-27T06:51:34","slug":"romania-olanda-pe-2-iulie-in-optimile-euro-cat-costa-biletele-la-meci","status":"publish","type":"post","link":"https:\/\/covasna45.ro\/index.php\/sport\/romania-olanda-pe-2-iulie-in-optimile-euro-cat-costa-biletele-la-meci\/","title":{"rendered":"Rom\u00e2nia \u2013 Olanda, pe 2 iulie \u00een optimile EURO. C\u00e2t cost\u0103 biletele la meci?"},"content":{"rendered":"\n<p>Rom\u00e2nia a c\u00e2\u0219tigat grupa E de la EURO 2024 \u00een urma meciurilor disputate \u00een aceast\u0103 sear\u0103 la Frankfurt \u0219i la Stuttgart, na\u021bionala lui Edi Iord\u0103nescu egal\u00e2nd la acest moment cea mai bun\u0103 performan\u021b\u0103 din istorie a tricolorilor la Europene.<\/p>\n\n\n\n<figure class=\"wp-block-image size-large\"><img loading=\"lazy\" decoding=\"async\" width=\"819\" height=\"1024\" src=\"https:\/\/covasna45.ro\/wp-content\/uploads\/2024\/06\/8imi-819x1024.jpg\" alt=\"\" class=\"wp-image-6713\" srcset=\"https:\/\/covasna45.ro\/wp-content\/uploads\/2024\/06\/8imi-819x1024.jpg 819w, https:\/\/covasna45.ro\/wp-content\/uploads\/2024\/06\/8imi-240x300.jpg 240w, https:\/\/covasna45.ro\/wp-content\/uploads\/2024\/06\/8imi-768x960.jpg 768w, https:\/\/covasna45.ro\/wp-content\/uploads\/2024\/06\/8imi-150x188.jpg 150w, https:\/\/covasna45.ro\/wp-content\/uploads\/2024\/06\/8imi-300x375.jpg 300w, https:\/\/covasna45.ro\/wp-content\/uploads\/2024\/06\/8imi-696x870.jpg 696w, https:\/\/covasna45.ro\/wp-content\/uploads\/2024\/06\/8imi-1068x1335.jpg 1068w, https:\/\/covasna45.ro\/wp-content\/uploads\/2024\/06\/8imi.jpg 1080w\" sizes=\"auto, (max-width: 819px) 100vw, 819px\" \/><\/figure>\n\n\n\n<p>Optimea de final\u0103 Rom\u00e2nia \u2013 Olanda se va juca mar\u021bi, 2 iulie, pe Allianz Arena din Munchen. Un stadion care potrivit standardelor UEFA, pentru EURO 2024, are o capacitate de 66.000 de locuri.<br>Aici am debutat \u00een turneu cu un extraordinar 3-0 \u00een fa\u021ba Ucrainei, \u00eentr-o atmosfer\u0103 teribil\u0103 creat\u0103 de zeci de mii de rom\u00e2ni \u00een tribune! Tot pe Allianz Arena a \u00eenceput \u0219i EURO 2024, cu Germania \u2013 Sco\u021bia 5-1. Iar arena din Munchen va g\u0103zdui \u0219i una dintre semifinalele competi\u021biei.<\/p>\n\n\n\n<figure class=\"wp-block-image size-large\"><img loading=\"lazy\" decoding=\"async\" width=\"1024\" height=\"576\" src=\"https:\/\/covasna45.ro\/wp-content\/uploads\/2024\/06\/calif-optimi-1024x576.jpg\" alt=\"\" class=\"wp-image-6714\" srcset=\"https:\/\/covasna45.ro\/wp-content\/uploads\/2024\/06\/calif-optimi-1024x576.jpg 1024w, https:\/\/covasna45.ro\/wp-content\/uploads\/2024\/06\/calif-optimi-300x169.jpg 300w, https:\/\/covasna45.ro\/wp-content\/uploads\/2024\/06\/calif-optimi-768x432.jpg 768w, https:\/\/covasna45.ro\/wp-content\/uploads\/2024\/06\/calif-optimi-150x84.jpg 150w, https:\/\/covasna45.ro\/wp-content\/uploads\/2024\/06\/calif-optimi-696x392.jpg 696w, https:\/\/covasna45.ro\/wp-content\/uploads\/2024\/06\/calif-optimi-1068x601.jpg 1068w, https:\/\/covasna45.ro\/wp-content\/uploads\/2024\/06\/calif-optimi.jpg 1439w\" sizes=\"auto, (max-width: 1024px) 100vw, 1024px\" \/><\/figure>\n\n\n\n<h2 class=\"wp-block-heading\">C\u00e2t cost\u0103 biletele la Rom\u00e2nia \u2013 Olanda<\/h2>\n\n\n\n<p>Bilete la Rom\u00e2nia \u2013 Olanda \u00een optimi de final\u0103 EURO 2024 vor deveni disponibile pe site-ul UEFA \u00een orele urm\u0103toare \u0219i vor putea fi procurate de suporterii rom\u00e2ni la urm\u0103toarele pre\u021buri:<\/p>\n\n\n\n<ul class=\"wp-block-list\">\n<li> Peluze \u2013 50 euro<\/li>\n\n\n\n<li>Categoria 3 \u2013 85 euro<\/li>\n\n\n\n<li>Categoria 2 \u2013 175 euro<\/li>\n\n\n\n<li>Categoria 1 \u2013 250 euro<\/li>\n\n\n\n<li>Categoria Prime \u2013 500 euro<\/li>\n<\/ul>\n\n\n\n<h2 class=\"wp-block-heading\">\u201eFac o reveren\u021b\u0103 \u00een fa\u021ba suporterilor!\u201d<\/h2>\n\n\n\n<p>Selec\u0163ionerul echipei na\u0163ionale de fotbal, Edward Iord\u0103nescu, a declarat asear\u0103, dup\u0103 egalul cu Slovacia \u015fi calificarea \u00een optimile de final\u0103 ale EURO 2024, c\u0103 acesta este momentul primei reprezentative \u015fi seara Rom\u00e2niei.<\/p>\n\n\n\n<p>\u201e<strong><em>E momentul nostru, e seara noastr\u0103, e seara Rom\u00e2niei. Se \u00eent\u00e2mpl\u0103 s\u0103 fie \u015fi Ziua Drapelului \u015fi este o bucurie \u00een plus. To\u0163i suntem m\u00e2ndri c\u0103 suntem rom\u00e2ni<\/em><\/strong>&#8222;, a afirmat Iord\u0103nescu la Pro Arena.<\/p>\n\n\n\n<p>Tehnicianul le-a mul\u0163umit fanilor rom\u00e2ni pentru sus\u0163inerea necondi\u0163ionat\u0103 ar\u0103tat\u0103 de-a lungul celor trei partide disputate p\u00e2n\u0103 acum la turneul final din Germania.<\/p>\n\n\n\n<figure class=\"wp-block-image size-large\"><img loading=\"lazy\" decoding=\"async\" width=\"1024\" height=\"682\" src=\"https:\/\/covasna45.ro\/wp-content\/uploads\/2024\/06\/euro-sup-germ-1024x682.jpg\" alt=\"\" class=\"wp-image-6715\" srcset=\"https:\/\/covasna45.ro\/wp-content\/uploads\/2024\/06\/euro-sup-germ-1024x682.jpg 1024w, https:\/\/covasna45.ro\/wp-content\/uploads\/2024\/06\/euro-sup-germ-300x200.jpg 300w, https:\/\/covasna45.ro\/wp-content\/uploads\/2024\/06\/euro-sup-germ-768x512.jpg 768w, https:\/\/covasna45.ro\/wp-content\/uploads\/2024\/06\/euro-sup-germ-150x100.jpg 150w, https:\/\/covasna45.ro\/wp-content\/uploads\/2024\/06\/euro-sup-germ-696x464.jpg 696w, https:\/\/covasna45.ro\/wp-content\/uploads\/2024\/06\/euro-sup-germ-1068x712.jpg 1068w, https:\/\/covasna45.ro\/wp-content\/uploads\/2024\/06\/euro-sup-germ.jpg 1439w\" sizes=\"auto, (max-width: 1024px) 100vw, 1024px\" \/><\/figure>\n\n\n\n<p>\u201e<strong><em>Fac o reveren\u0163\u0103 \u00een fa\u0163a suporterilor echipei na\u0163ionale a Rom\u00e2niei, de aici, de acas\u0103, de pretutindeni. Ce am tr\u0103it aici zilele acestea \u015fi ast\u0103zi, bine\u00een\u0163eles, se tr\u0103ie\u015fte probabil o dat\u0103 \u00een via\u0163\u0103. At\u00e2ta c\u0103ldur\u0103, at\u00e2ta suport, at\u00e2ta sprijin&#8230; o spun cu convingere c\u0103 \u00een istorie suporterii nu au fost niciodat\u0103 at\u00e2t de aproape de echipa na\u0163ional\u0103 \u015fi at\u00e2t de implica\u0163i \u00een tot ce s-a \u00eent\u00e2mplat, a\u015fa cum au fost acum. Sunt m\u00e2ndri c\u0103 sunt rom\u00e2ni. Pentru noi cea mai mare preocupare aceasta este. \u015ei de acolo cred c\u0103 vine cea mai mare presiune, pentru c\u0103 ne dorim s\u0103 nu \u00eei dezam\u0103gim. \u015ei muncim din toate puterile ca s\u0103 nu \u00eei dezam\u0103gim<\/em><\/strong>&#8222;, a precizat Edward Iord\u0103nescu.<\/p>\n\n\n\n<p><em>Foto: <a href=\"https:\/\/www.facebook.com\/NationalaRomanieiOfficial\">Echipa na\u021bional\u0103 de fotbal a Rom\u00e2niei<\/a><\/em><\/p>\n","protected":false},"excerpt":{"rendered":"<p>Rom\u00e2nia a c\u00e2\u0219tigat grupa E de la EURO 2024 \u00een urma meciurilor disputate \u00een aceast\u0103 sear\u0103 la Frankfurt \u0219i la Stuttgart, na\u021bionala lui Edi Iord\u0103nescu egal\u00e2nd la acest moment cea mai bun\u0103 performan\u021b\u0103 din istorie a tricolorilor la Europene. Optimea de final\u0103 Rom\u00e2nia \u2013 Olanda se va juca mar\u021bi, 2 iulie, pe Allianz Arena din [&hellip;]<\/p>\n","protected":false},"author":1,"featured_media":6712,"comment_status":"open","ping_status":"closed","sticky":false,"template":"","format":"standard","meta":{"tdm_status":"","tdm_grid_status":"","footnotes":""},"categories":[17],"tags":[236,1746,2542,2230],"class_list":{"0":"post-6711","1":"post","2":"type-post","3":"status-publish","4":"format-standard","5":"has-post-thumbnail","7":"category-sport","8":"tag-euro-2024","9":"tag-olanda","10":"tag-optimi-euro","11":"tag-romania-2"},"yoast_head":"<!-- This site is optimized with the Yoast SEO plugin v27.5 - https:\/\/yoast.com\/product\/yoast-seo-wordpress\/ -->\n<title>Rom\u00e2nia \u2013 Olanda, pe 2 iulie \u00een optimile EURO. C\u00e2t cost\u0103 biletele la meci? - Covasna45<\/title>\n<meta name=\"description\" content=\"Bilete la Rom\u00e2nia \u2013 Olanda \u00een optimi de final\u0103 EURO 2024 vor deveni disponibile pe site-ul UEFA \u00een orele urm\u0103toare.\" \/>\n<meta name=\"robots\" content=\"index, follow, max-snippet:-1, max-image-preview:large, max-video-preview:-1\" \/>\n<link rel=\"canonical\" href=\"https:\/\/covasna45.ro\/index.php\/sport\/romania-olanda-pe-2-iulie-in-optimile-euro-cat-costa-biletele-la-meci\/\" \/>\n<meta property=\"og:locale\" content=\"ro_RO\" \/>\n<meta property=\"og:type\" content=\"article\" \/>\n<meta property=\"og:title\" content=\"Rom\u00e2nia \u2013 Olanda, pe 2 iulie \u00een optimile EURO. C\u00e2t cost\u0103 biletele la meci? - Covasna45\" \/>\n<meta property=\"og:description\" content=\"Bilete la Rom\u00e2nia \u2013 Olanda \u00een optimi de final\u0103 EURO 2024 vor deveni disponibile pe site-ul UEFA \u00een orele urm\u0103toare.\" \/>\n<meta property=\"og:url\" content=\"https:\/\/covasna45.ro\/index.php\/sport\/romania-olanda-pe-2-iulie-in-optimile-euro-cat-costa-biletele-la-meci\/\" \/>\n<meta property=\"og:site_name\" content=\"Covasna45\" \/>\n<meta property=\"article:published_time\" content=\"2024-06-27T06:51:33+00:00\" \/>\n<meta property=\"article:modified_time\" content=\"2024-06-27T06:51:34+00:00\" \/>\n<meta property=\"og:image\" content=\"https:\/\/covasna45.ro\/wp-content\/uploads\/2024\/06\/opt-germ-scaled.jpg\" \/>\n\t<meta property=\"og:image:width\" content=\"2560\" \/>\n\t<meta property=\"og:image:height\" content=\"1280\" \/>\n\t<meta property=\"og:image:type\" content=\"image\/jpeg\" \/>\n<meta name=\"author\" content=\"Covasna45\" \/>\n<meta name=\"twitter:card\" content=\"summary_large_image\" \/>\n<meta name=\"twitter:label1\" content=\"Scris de\" \/>\n\t<meta name=\"twitter:data1\" content=\"Covasna45\" \/>\n\t<meta name=\"twitter:label2\" content=\"Timp estimat pentru citire\" \/>\n\t<meta name=\"twitter:data2\" content=\"3 minute\" \/>\n<script type=\"application\/ld+json\" class=\"yoast-schema-graph\">{\"@context\":\"https:\\\/\\\/schema.org\",\"@graph\":[{\"@type\":\"Article\",\"@id\":\"https:\\\/\\\/covasna45.ro\\\/index.php\\\/sport\\\/romania-olanda-pe-2-iulie-in-optimile-euro-cat-costa-biletele-la-meci\\\/#article\",\"isPartOf\":{\"@id\":\"https:\\\/\\\/covasna45.ro\\\/index.php\\\/sport\\\/romania-olanda-pe-2-iulie-in-optimile-euro-cat-costa-biletele-la-meci\\\/\"},\"author\":{\"name\":\"Covasna45\",\"@id\":\"https:\\\/\\\/covasna45.ro\\\/#\\\/schema\\\/person\\\/e674052bd7d95d70bbb007a1060ab73c\"},\"headline\":\"Rom\u00e2nia \u2013 Olanda, pe 2 iulie \u00een optimile EURO. C\u00e2t cost\u0103 biletele la meci?\",\"datePublished\":\"2024-06-27T06:51:33+00:00\",\"dateModified\":\"2024-06-27T06:51:34+00:00\",\"mainEntityOfPage\":{\"@id\":\"https:\\\/\\\/covasna45.ro\\\/index.php\\\/sport\\\/romania-olanda-pe-2-iulie-in-optimile-euro-cat-costa-biletele-la-meci\\\/\"},\"wordCount\":451,\"commentCount\":0,\"publisher\":{\"@id\":\"https:\\\/\\\/covasna45.ro\\\/#organization\"},\"image\":{\"@id\":\"https:\\\/\\\/covasna45.ro\\\/index.php\\\/sport\\\/romania-olanda-pe-2-iulie-in-optimile-euro-cat-costa-biletele-la-meci\\\/#primaryimage\"},\"thumbnailUrl\":\"https:\\\/\\\/covasna45.ro\\\/wp-content\\\/uploads\\\/2024\\\/06\\\/opt-germ-scaled.jpg\",\"keywords\":[\"Euro 2024\",\"Olanda\",\"optimi euro\",\"romania\"],\"articleSection\":[\"Sport\"],\"inLanguage\":\"ro-RO\",\"potentialAction\":[{\"@type\":\"CommentAction\",\"name\":\"Comment\",\"target\":[\"https:\\\/\\\/covasna45.ro\\\/index.php\\\/sport\\\/romania-olanda-pe-2-iulie-in-optimile-euro-cat-costa-biletele-la-meci\\\/#respond\"]}]},{\"@type\":\"WebPage\",\"@id\":\"https:\\\/\\\/covasna45.ro\\\/index.php\\\/sport\\\/romania-olanda-pe-2-iulie-in-optimile-euro-cat-costa-biletele-la-meci\\\/\",\"url\":\"https:\\\/\\\/covasna45.ro\\\/index.php\\\/sport\\\/romania-olanda-pe-2-iulie-in-optimile-euro-cat-costa-biletele-la-meci\\\/\",\"name\":\"Rom\u00e2nia \u2013 Olanda, pe 2 iulie \u00een optimile EURO. C\u00e2t cost\u0103 biletele la meci? - Covasna45\",\"isPartOf\":{\"@id\":\"https:\\\/\\\/covasna45.ro\\\/#website\"},\"primaryImageOfPage\":{\"@id\":\"https:\\\/\\\/covasna45.ro\\\/index.php\\\/sport\\\/romania-olanda-pe-2-iulie-in-optimile-euro-cat-costa-biletele-la-meci\\\/#primaryimage\"},\"image\":{\"@id\":\"https:\\\/\\\/covasna45.ro\\\/index.php\\\/sport\\\/romania-olanda-pe-2-iulie-in-optimile-euro-cat-costa-biletele-la-meci\\\/#primaryimage\"},\"thumbnailUrl\":\"https:\\\/\\\/covasna45.ro\\\/wp-content\\\/uploads\\\/2024\\\/06\\\/opt-germ-scaled.jpg\",\"datePublished\":\"2024-06-27T06:51:33+00:00\",\"dateModified\":\"2024-06-27T06:51:34+00:00\",\"description\":\"Bilete la Rom\u00e2nia \u2013 Olanda \u00een optimi de final\u0103 EURO 2024 vor deveni disponibile pe site-ul UEFA \u00een orele urm\u0103toare.\",\"breadcrumb\":{\"@id\":\"https:\\\/\\\/covasna45.ro\\\/index.php\\\/sport\\\/romania-olanda-pe-2-iulie-in-optimile-euro-cat-costa-biletele-la-meci\\\/#breadcrumb\"},\"inLanguage\":\"ro-RO\",\"potentialAction\":[{\"@type\":\"ReadAction\",\"target\":[\"https:\\\/\\\/covasna45.ro\\\/index.php\\\/sport\\\/romania-olanda-pe-2-iulie-in-optimile-euro-cat-costa-biletele-la-meci\\\/\"]}]},{\"@type\":\"ImageObject\",\"inLanguage\":\"ro-RO\",\"@id\":\"https:\\\/\\\/covasna45.ro\\\/index.php\\\/sport\\\/romania-olanda-pe-2-iulie-in-optimile-euro-cat-costa-biletele-la-meci\\\/#primaryimage\",\"url\":\"https:\\\/\\\/covasna45.ro\\\/wp-content\\\/uploads\\\/2024\\\/06\\\/opt-germ-scaled.jpg\",\"contentUrl\":\"https:\\\/\\\/covasna45.ro\\\/wp-content\\\/uploads\\\/2024\\\/06\\\/opt-germ-scaled.jpg\",\"width\":2560,\"height\":1280},{\"@type\":\"BreadcrumbList\",\"@id\":\"https:\\\/\\\/covasna45.ro\\\/index.php\\\/sport\\\/romania-olanda-pe-2-iulie-in-optimile-euro-cat-costa-biletele-la-meci\\\/#breadcrumb\",\"itemListElement\":[{\"@type\":\"ListItem\",\"position\":1,\"name\":\"Prima pagin\u0103\",\"item\":\"https:\\\/\\\/covasna45.ro\\\/\"},{\"@type\":\"ListItem\",\"position\":2,\"name\":\"Rom\u00e2nia \u2013 Olanda, pe 2 iulie \u00een optimile EURO. C\u00e2t cost\u0103 biletele la meci?\"}]},{\"@type\":\"WebSite\",\"@id\":\"https:\\\/\\\/covasna45.ro\\\/#website\",\"url\":\"https:\\\/\\\/covasna45.ro\\\/\",\"name\":\"covasna45.ro\",\"description\":\"\",\"publisher\":{\"@id\":\"https:\\\/\\\/covasna45.ro\\\/#organization\"},\"potentialAction\":[{\"@type\":\"SearchAction\",\"target\":{\"@type\":\"EntryPoint\",\"urlTemplate\":\"https:\\\/\\\/covasna45.ro\\\/?s={search_term_string}\"},\"query-input\":{\"@type\":\"PropertyValueSpecification\",\"valueRequired\":true,\"valueName\":\"search_term_string\"}}],\"inLanguage\":\"ro-RO\"},{\"@type\":\"Organization\",\"@id\":\"https:\\\/\\\/covasna45.ro\\\/#organization\",\"name\":\"covasna45.ro\",\"url\":\"https:\\\/\\\/covasna45.ro\\\/\",\"logo\":{\"@type\":\"ImageObject\",\"inLanguage\":\"ro-RO\",\"@id\":\"https:\\\/\\\/covasna45.ro\\\/#\\\/schema\\\/logo\\\/image\\\/\",\"url\":\"https:\\\/\\\/covasna45.ro\\\/wp-content\\\/uploads\\\/2023\\\/01\\\/icon_logo.png\",\"contentUrl\":\"https:\\\/\\\/covasna45.ro\\\/wp-content\\\/uploads\\\/2023\\\/01\\\/icon_logo.png\",\"width\":1900,\"height\":1900,\"caption\":\"covasna45.ro\"},\"image\":{\"@id\":\"https:\\\/\\\/covasna45.ro\\\/#\\\/schema\\\/logo\\\/image\\\/\"}},{\"@type\":\"Person\",\"@id\":\"https:\\\/\\\/covasna45.ro\\\/#\\\/schema\\\/person\\\/e674052bd7d95d70bbb007a1060ab73c\",\"name\":\"Covasna45\",\"image\":{\"@type\":\"ImageObject\",\"inLanguage\":\"ro-RO\",\"@id\":\"https:\\\/\\\/covasna45.ro\\\/wp-content\\\/uploads\\\/2025\\\/10\\\/icon_logo_covasna45-150x150.png\",\"url\":\"https:\\\/\\\/covasna45.ro\\\/wp-content\\\/uploads\\\/2025\\\/10\\\/icon_logo_covasna45-150x150.png\",\"contentUrl\":\"https:\\\/\\\/covasna45.ro\\\/wp-content\\\/uploads\\\/2025\\\/10\\\/icon_logo_covasna45-150x150.png\",\"caption\":\"Covasna45\"},\"sameAs\":[\"https:\\\/\\\/covasna45.ro\"],\"url\":\"https:\\\/\\\/covasna45.ro\\\/index.php\\\/author\\\/covasna\\\/\"}]}<\/script>\n<!-- \/ Yoast SEO plugin. -->","yoast_head_json":{"title":"Rom\u00e2nia \u2013 Olanda, pe 2 iulie \u00een optimile EURO. C\u00e2t cost\u0103 biletele la meci? - Covasna45","description":"Bilete la Rom\u00e2nia \u2013 Olanda \u00een optimi de final\u0103 EURO 2024 vor deveni disponibile pe site-ul UEFA \u00een orele urm\u0103toare.","robots":{"index":"index","follow":"follow","max-snippet":"max-snippet:-1","max-image-preview":"max-image-preview:large","max-video-preview":"max-video-preview:-1"},"canonical":"https:\/\/covasna45.ro\/index.php\/sport\/romania-olanda-pe-2-iulie-in-optimile-euro-cat-costa-biletele-la-meci\/","og_locale":"ro_RO","og_type":"article","og_title":"Rom\u00e2nia \u2013 Olanda, pe 2 iulie \u00een optimile EURO. C\u00e2t cost\u0103 biletele la meci? - Covasna45","og_description":"Bilete la Rom\u00e2nia \u2013 Olanda \u00een optimi de final\u0103 EURO 2024 vor deveni disponibile pe site-ul UEFA \u00een orele urm\u0103toare.","og_url":"https:\/\/covasna45.ro\/index.php\/sport\/romania-olanda-pe-2-iulie-in-optimile-euro-cat-costa-biletele-la-meci\/","og_site_name":"Covasna45","article_published_time":"2024-06-27T06:51:33+00:00","article_modified_time":"2024-06-27T06:51:34+00:00","og_image":[{"width":2560,"height":1280,"url":"https:\/\/covasna45.ro\/wp-content\/uploads\/2024\/06\/opt-germ-scaled.jpg","type":"image\/jpeg"}],"author":"Covasna45","twitter_card":"summary_large_image","twitter_misc":{"Scris de":"Covasna45","Timp estimat pentru citire":"3 minute"},"schema":{"@context":"https:\/\/schema.org","@graph":[{"@type":"Article","@id":"https:\/\/covasna45.ro\/index.php\/sport\/romania-olanda-pe-2-iulie-in-optimile-euro-cat-costa-biletele-la-meci\/#article","isPartOf":{"@id":"https:\/\/covasna45.ro\/index.php\/sport\/romania-olanda-pe-2-iulie-in-optimile-euro-cat-costa-biletele-la-meci\/"},"author":{"name":"Covasna45","@id":"https:\/\/covasna45.ro\/#\/schema\/person\/e674052bd7d95d70bbb007a1060ab73c"},"headline":"Rom\u00e2nia \u2013 Olanda, pe 2 iulie \u00een optimile EURO. C\u00e2t cost\u0103 biletele la meci?","datePublished":"2024-06-27T06:51:33+00:00","dateModified":"2024-06-27T06:51:34+00:00","mainEntityOfPage":{"@id":"https:\/\/covasna45.ro\/index.php\/sport\/romania-olanda-pe-2-iulie-in-optimile-euro-cat-costa-biletele-la-meci\/"},"wordCount":451,"commentCount":0,"publisher":{"@id":"https:\/\/covasna45.ro\/#organization"},"image":{"@id":"https:\/\/covasna45.ro\/index.php\/sport\/romania-olanda-pe-2-iulie-in-optimile-euro-cat-costa-biletele-la-meci\/#primaryimage"},"thumbnailUrl":"https:\/\/covasna45.ro\/wp-content\/uploads\/2024\/06\/opt-germ-scaled.jpg","keywords":["Euro 2024","Olanda","optimi euro","romania"],"articleSection":["Sport"],"inLanguage":"ro-RO","potentialAction":[{"@type":"CommentAction","name":"Comment","target":["https:\/\/covasna45.ro\/index.php\/sport\/romania-olanda-pe-2-iulie-in-optimile-euro-cat-costa-biletele-la-meci\/#respond"]}]},{"@type":"WebPage","@id":"https:\/\/covasna45.ro\/index.php\/sport\/romania-olanda-pe-2-iulie-in-optimile-euro-cat-costa-biletele-la-meci\/","url":"https:\/\/covasna45.ro\/index.php\/sport\/romania-olanda-pe-2-iulie-in-optimile-euro-cat-costa-biletele-la-meci\/","name":"Rom\u00e2nia \u2013 Olanda, pe 2 iulie \u00een optimile EURO. C\u00e2t cost\u0103 biletele la meci? - Covasna45","isPartOf":{"@id":"https:\/\/covasna45.ro\/#website"},"primaryImageOfPage":{"@id":"https:\/\/covasna45.ro\/index.php\/sport\/romania-olanda-pe-2-iulie-in-optimile-euro-cat-costa-biletele-la-meci\/#primaryimage"},"image":{"@id":"https:\/\/covasna45.ro\/index.php\/sport\/romania-olanda-pe-2-iulie-in-optimile-euro-cat-costa-biletele-la-meci\/#primaryimage"},"thumbnailUrl":"https:\/\/covasna45.ro\/wp-content\/uploads\/2024\/06\/opt-germ-scaled.jpg","datePublished":"2024-06-27T06:51:33+00:00","dateModified":"2024-06-27T06:51:34+00:00","description":"Bilete la Rom\u00e2nia \u2013 Olanda \u00een optimi de final\u0103 EURO 2024 vor deveni disponibile pe site-ul UEFA \u00een orele urm\u0103toare.","breadcrumb":{"@id":"https:\/\/covasna45.ro\/index.php\/sport\/romania-olanda-pe-2-iulie-in-optimile-euro-cat-costa-biletele-la-meci\/#breadcrumb"},"inLanguage":"ro-RO","potentialAction":[{"@type":"ReadAction","target":["https:\/\/covasna45.ro\/index.php\/sport\/romania-olanda-pe-2-iulie-in-optimile-euro-cat-costa-biletele-la-meci\/"]}]},{"@type":"ImageObject","inLanguage":"ro-RO","@id":"https:\/\/covasna45.ro\/index.php\/sport\/romania-olanda-pe-2-iulie-in-optimile-euro-cat-costa-biletele-la-meci\/#primaryimage","url":"https:\/\/covasna45.ro\/wp-content\/uploads\/2024\/06\/opt-germ-scaled.jpg","contentUrl":"https:\/\/covasna45.ro\/wp-content\/uploads\/2024\/06\/opt-germ-scaled.jpg","width":2560,"height":1280},{"@type":"BreadcrumbList","@id":"https:\/\/covasna45.ro\/index.php\/sport\/romania-olanda-pe-2-iulie-in-optimile-euro-cat-costa-biletele-la-meci\/#breadcrumb","itemListElement":[{"@type":"ListItem","position":1,"name":"Prima pagin\u0103","item":"https:\/\/covasna45.ro\/"},{"@type":"ListItem","position":2,"name":"Rom\u00e2nia \u2013 Olanda, pe 2 iulie \u00een optimile EURO. C\u00e2t cost\u0103 biletele la meci?"}]},{"@type":"WebSite","@id":"https:\/\/covasna45.ro\/#website","url":"https:\/\/covasna45.ro\/","name":"covasna45.ro","description":"","publisher":{"@id":"https:\/\/covasna45.ro\/#organization"},"potentialAction":[{"@type":"SearchAction","target":{"@type":"EntryPoint","urlTemplate":"https:\/\/covasna45.ro\/?s={search_term_string}"},"query-input":{"@type":"PropertyValueSpecification","valueRequired":true,"valueName":"search_term_string"}}],"inLanguage":"ro-RO"},{"@type":"Organization","@id":"https:\/\/covasna45.ro\/#organization","name":"covasna45.ro","url":"https:\/\/covasna45.ro\/","logo":{"@type":"ImageObject","inLanguage":"ro-RO","@id":"https:\/\/covasna45.ro\/#\/schema\/logo\/image\/","url":"https:\/\/covasna45.ro\/wp-content\/uploads\/2023\/01\/icon_logo.png","contentUrl":"https:\/\/covasna45.ro\/wp-content\/uploads\/2023\/01\/icon_logo.png","width":1900,"height":1900,"caption":"covasna45.ro"},"image":{"@id":"https:\/\/covasna45.ro\/#\/schema\/logo\/image\/"}},{"@type":"Person","@id":"https:\/\/covasna45.ro\/#\/schema\/person\/e674052bd7d95d70bbb007a1060ab73c","name":"Covasna45","image":{"@type":"ImageObject","inLanguage":"ro-RO","@id":"https:\/\/covasna45.ro\/wp-content\/uploads\/2025\/10\/icon_logo_covasna45-150x150.png","url":"https:\/\/covasna45.ro\/wp-content\/uploads\/2025\/10\/icon_logo_covasna45-150x150.png","contentUrl":"https:\/\/covasna45.ro\/wp-content\/uploads\/2025\/10\/icon_logo_covasna45-150x150.png","caption":"Covasna45"},"sameAs":["https:\/\/covasna45.ro"],"url":"https:\/\/covasna45.ro\/index.php\/author\/covasna\/"}]}},"_links":{"self":[{"href":"https:\/\/covasna45.ro\/index.php\/wp-json\/wp\/v2\/posts\/6711","targetHints":{"allow":["GET"]}}],"collection":[{"href":"https:\/\/covasna45.ro\/index.php\/wp-json\/wp\/v2\/posts"}],"about":[{"href":"https:\/\/covasna45.ro\/index.php\/wp-json\/wp\/v2\/types\/post"}],"author":[{"embeddable":true,"href":"https:\/\/covasna45.ro\/index.php\/wp-json\/wp\/v2\/users\/1"}],"replies":[{"embeddable":true,"href":"https:\/\/covasna45.ro\/index.php\/wp-json\/wp\/v2\/comments?post=6711"}],"version-history":[{"count":1,"href":"https:\/\/covasna45.ro\/index.php\/wp-json\/wp\/v2\/posts\/6711\/revisions"}],"predecessor-version":[{"id":6716,"href":"https:\/\/covasna45.ro\/index.php\/wp-json\/wp\/v2\/posts\/6711\/revisions\/6716"}],"wp:featuredmedia":[{"embeddable":true,"href":"https:\/\/covasna45.ro\/index.php\/wp-json\/wp\/v2\/media\/6712"}],"wp:attachment":[{"href":"https:\/\/covasna45.ro\/index.php\/wp-json\/wp\/v2\/media?parent=6711"}],"wp:term":[{"taxonomy":"category","embeddable":true,"href":"https:\/\/covasna45.ro\/index.php\/wp-json\/wp\/v2\/categories?post=6711"},{"taxonomy":"post_tag","embeddable":true,"href":"https:\/\/covasna45.ro\/index.php\/wp-json\/wp\/v2\/tags?post=6711"}],"curies":[{"name":"wp","href":"https:\/\/api.w.org\/{rel}","templated":true}]}}