{"id":6911,"date":"2024-07-11T10:10:01","date_gmt":"2024-07-11T08:10:01","guid":{"rendered":"https:\/\/covasna45.ro\/?p=6911"},"modified":"2024-07-11T10:10:02","modified_gmt":"2024-07-11T08:10:02","slug":"zile-de-foc-anm-a-emis-cod-rosu-de-canicula-in-13-si-14-iulie","status":"publish","type":"post","link":"https:\/\/covasna45.ro\/index.php\/lumea-noastra\/zile-de-foc-anm-a-emis-cod-rosu-de-canicula-in-13-si-14-iulie\/","title":{"rendered":"Zile de foc: ANM a emis cod ro\u0219u de canicul\u0103 \u00een 13 \u0219i 14 iulie"},"content":{"rendered":"\n<p>Administra\u021bia Na\u021bional\u0103 de Meteorologie a emis o <a href=\"https:\/\/www.meteoromania.ro\/avertizari\/\">avertizare<\/a> tip cod ro\u0219u de canicul\u0103 pentru 13 \u0219i 14 iulie.<\/p>\n\n\n\n<p>\u201eFenomene vizate: val de c\u0103ldur\u0103 intens \u0219i persistent, canicul\u0103, disconfort termic deosebit de accentuat<br>Zone afectate: Cri\u0219ana, Banat, Oltenia, Muntenia \u0219i Moldova<\/p>\n\n\n\n<p>\u00cen\u00a0Cri\u0219ana, Banat, Oltenia, Muntenia \u0219i Moldova, valul de c\u0103ldura va continua s\u0103 se intensifice. Se vor \u00eenregistra temperaturi maxime \u00eentre 37 \u0219i 41 de grade.\u00a0Disconfortul termic va fi deosebit de accentuat, iar indicele temperatur\u0103-umezeal\u0103 (ITU) va dep\u0103\u0219i pragul critic de 80 de unit\u0103\u021bi.<\/p>\n\n\n\n<p>Minimele termice nu vor cobor\u00ee sub 20 de grade, astfel c\u0103 vor caracteriza nop\u021bi tropicale.<\/p>\n\n\n\n<p>Not\u0103: Valul de c\u0103ldur\u0103 va persista \u00een toat\u0103 \u021bara \u0219i \u00een zilele urm\u0103toare\u201d eset mesajul ANM.<\/p>\n","protected":false},"excerpt":{"rendered":"<p>Administra\u021bia Na\u021bional\u0103 de Meteorologie a emis o avertizare tip cod ro\u0219u de canicul\u0103 pentru 13 \u0219i 14 iulie. \u201eFenomene vizate: val de c\u0103ldur\u0103 intens \u0219i persistent, canicul\u0103, disconfort termic deosebit de accentuatZone afectate: Cri\u0219ana, Banat, Oltenia, Muntenia \u0219i Moldova \u00cen\u00a0Cri\u0219ana, Banat, Oltenia, Muntenia \u0219i Moldova, valul de c\u0103ldura va continua s\u0103 se intensifice. Se vor [&hellip;]<\/p>\n","protected":false},"author":1,"featured_media":6912,"comment_status":"open","ping_status":"closed","sticky":false,"template":"","format":"standard","meta":{"tdm_status":"","tdm_grid_status":"","footnotes":""},"categories":[14],"tags":[2589,2590,2588],"class_list":{"0":"post-6911","1":"post","2":"type-post","3":"status-publish","4":"format-standard","5":"has-post-thumbnail","7":"category-lumea-noastra","8":"tag-anm","9":"tag-canicula","10":"tag-cod-rosu"},"yoast_head":"<!-- This site is optimized with the Yoast SEO plugin v27.5 - https:\/\/yoast.com\/product\/yoast-seo-wordpress\/ -->\n<title>Zile de foc: ANM a emis cod ro\u0219u de canicul\u0103 \u00een 13 \u0219i 14 iulie - Covasna45<\/title>\n<meta name=\"description\" content=\"Valul de c\u0103ldur\u0103 va persista \u00een toat\u0103 \u021bara \u0219i \u00een zilele urm\u0103toare\u201d eset mesajul ANM.\" \/>\n<meta name=\"robots\" content=\"index, follow, max-snippet:-1, max-image-preview:large, max-video-preview:-1\" \/>\n<link rel=\"canonical\" href=\"https:\/\/covasna45.ro\/index.php\/lumea-noastra\/zile-de-foc-anm-a-emis-cod-rosu-de-canicula-in-13-si-14-iulie\/\" \/>\n<meta property=\"og:locale\" content=\"ro_RO\" \/>\n<meta property=\"og:type\" content=\"article\" \/>\n<meta property=\"og:title\" content=\"Zile de foc: ANM a emis cod ro\u0219u de canicul\u0103 \u00een 13 \u0219i 14 iulie - Covasna45\" \/>\n<meta property=\"og:description\" content=\"Valul de c\u0103ldur\u0103 va persista \u00een toat\u0103 \u021bara \u0219i \u00een zilele urm\u0103toare\u201d eset mesajul ANM.\" \/>\n<meta property=\"og:url\" content=\"https:\/\/covasna45.ro\/index.php\/lumea-noastra\/zile-de-foc-anm-a-emis-cod-rosu-de-canicula-in-13-si-14-iulie\/\" \/>\n<meta property=\"og:site_name\" content=\"Covasna45\" \/>\n<meta property=\"article:published_time\" content=\"2024-07-11T08:10:01+00:00\" \/>\n<meta property=\"article:modified_time\" content=\"2024-07-11T08:10:02+00:00\" \/>\n<meta property=\"og:image\" content=\"https:\/\/covasna45.ro\/wp-content\/uploads\/2024\/07\/cod-rosu.jpg\" \/>\n\t<meta property=\"og:image:width\" content=\"641\" \/>\n\t<meta property=\"og:image:height\" content=\"293\" \/>\n\t<meta property=\"og:image:type\" content=\"image\/jpeg\" \/>\n<meta name=\"author\" content=\"Covasna45\" \/>\n<meta name=\"twitter:card\" content=\"summary_large_image\" \/>\n<meta name=\"twitter:label1\" content=\"Scris de\" \/>\n\t<meta name=\"twitter:data1\" content=\"Covasna45\" \/>\n\t<meta name=\"twitter:label2\" content=\"Timp estimat pentru citire\" \/>\n\t<meta name=\"twitter:data2\" content=\"1 minut\" \/>\n<script type=\"application\/ld+json\" class=\"yoast-schema-graph\">{\"@context\":\"https:\\\/\\\/schema.org\",\"@graph\":[{\"@type\":\"Article\",\"@id\":\"https:\\\/\\\/covasna45.ro\\\/index.php\\\/lumea-noastra\\\/zile-de-foc-anm-a-emis-cod-rosu-de-canicula-in-13-si-14-iulie\\\/#article\",\"isPartOf\":{\"@id\":\"https:\\\/\\\/covasna45.ro\\\/index.php\\\/lumea-noastra\\\/zile-de-foc-anm-a-emis-cod-rosu-de-canicula-in-13-si-14-iulie\\\/\"},\"author\":{\"name\":\"Covasna45\",\"@id\":\"https:\\\/\\\/covasna45.ro\\\/#\\\/schema\\\/person\\\/e674052bd7d95d70bbb007a1060ab73c\"},\"headline\":\"Zile de foc: ANM a emis cod ro\u0219u de canicul\u0103 \u00een 13 \u0219i 14 iulie\",\"datePublished\":\"2024-07-11T08:10:01+00:00\",\"dateModified\":\"2024-07-11T08:10:02+00:00\",\"mainEntityOfPage\":{\"@id\":\"https:\\\/\\\/covasna45.ro\\\/index.php\\\/lumea-noastra\\\/zile-de-foc-anm-a-emis-cod-rosu-de-canicula-in-13-si-14-iulie\\\/\"},\"wordCount\":136,\"commentCount\":0,\"publisher\":{\"@id\":\"https:\\\/\\\/covasna45.ro\\\/#organization\"},\"image\":{\"@id\":\"https:\\\/\\\/covasna45.ro\\\/index.php\\\/lumea-noastra\\\/zile-de-foc-anm-a-emis-cod-rosu-de-canicula-in-13-si-14-iulie\\\/#primaryimage\"},\"thumbnailUrl\":\"https:\\\/\\\/covasna45.ro\\\/wp-content\\\/uploads\\\/2024\\\/07\\\/cod-rosu.jpg\",\"keywords\":[\"anm\",\"canicula\",\"cod rosu\"],\"articleSection\":[\"Lumea noastr\u0103\"],\"inLanguage\":\"ro-RO\",\"potentialAction\":[{\"@type\":\"CommentAction\",\"name\":\"Comment\",\"target\":[\"https:\\\/\\\/covasna45.ro\\\/index.php\\\/lumea-noastra\\\/zile-de-foc-anm-a-emis-cod-rosu-de-canicula-in-13-si-14-iulie\\\/#respond\"]}]},{\"@type\":\"WebPage\",\"@id\":\"https:\\\/\\\/covasna45.ro\\\/index.php\\\/lumea-noastra\\\/zile-de-foc-anm-a-emis-cod-rosu-de-canicula-in-13-si-14-iulie\\\/\",\"url\":\"https:\\\/\\\/covasna45.ro\\\/index.php\\\/lumea-noastra\\\/zile-de-foc-anm-a-emis-cod-rosu-de-canicula-in-13-si-14-iulie\\\/\",\"name\":\"Zile de foc: ANM a emis cod ro\u0219u de canicul\u0103 \u00een 13 \u0219i 14 iulie - Covasna45\",\"isPartOf\":{\"@id\":\"https:\\\/\\\/covasna45.ro\\\/#website\"},\"primaryImageOfPage\":{\"@id\":\"https:\\\/\\\/covasna45.ro\\\/index.php\\\/lumea-noastra\\\/zile-de-foc-anm-a-emis-cod-rosu-de-canicula-in-13-si-14-iulie\\\/#primaryimage\"},\"image\":{\"@id\":\"https:\\\/\\\/covasna45.ro\\\/index.php\\\/lumea-noastra\\\/zile-de-foc-anm-a-emis-cod-rosu-de-canicula-in-13-si-14-iulie\\\/#primaryimage\"},\"thumbnailUrl\":\"https:\\\/\\\/covasna45.ro\\\/wp-content\\\/uploads\\\/2024\\\/07\\\/cod-rosu.jpg\",\"datePublished\":\"2024-07-11T08:10:01+00:00\",\"dateModified\":\"2024-07-11T08:10:02+00:00\",\"description\":\"Valul de c\u0103ldur\u0103 va persista \u00een toat\u0103 \u021bara \u0219i \u00een zilele urm\u0103toare\u201d eset mesajul ANM.\",\"breadcrumb\":{\"@id\":\"https:\\\/\\\/covasna45.ro\\\/index.php\\\/lumea-noastra\\\/zile-de-foc-anm-a-emis-cod-rosu-de-canicula-in-13-si-14-iulie\\\/#breadcrumb\"},\"inLanguage\":\"ro-RO\",\"potentialAction\":[{\"@type\":\"ReadAction\",\"target\":[\"https:\\\/\\\/covasna45.ro\\\/index.php\\\/lumea-noastra\\\/zile-de-foc-anm-a-emis-cod-rosu-de-canicula-in-13-si-14-iulie\\\/\"]}]},{\"@type\":\"ImageObject\",\"inLanguage\":\"ro-RO\",\"@id\":\"https:\\\/\\\/covasna45.ro\\\/index.php\\\/lumea-noastra\\\/zile-de-foc-anm-a-emis-cod-rosu-de-canicula-in-13-si-14-iulie\\\/#primaryimage\",\"url\":\"https:\\\/\\\/covasna45.ro\\\/wp-content\\\/uploads\\\/2024\\\/07\\\/cod-rosu.jpg\",\"contentUrl\":\"https:\\\/\\\/covasna45.ro\\\/wp-content\\\/uploads\\\/2024\\\/07\\\/cod-rosu.jpg\",\"width\":641,\"height\":293},{\"@type\":\"BreadcrumbList\",\"@id\":\"https:\\\/\\\/covasna45.ro\\\/index.php\\\/lumea-noastra\\\/zile-de-foc-anm-a-emis-cod-rosu-de-canicula-in-13-si-14-iulie\\\/#breadcrumb\",\"itemListElement\":[{\"@type\":\"ListItem\",\"position\":1,\"name\":\"Prima pagin\u0103\",\"item\":\"https:\\\/\\\/covasna45.ro\\\/\"},{\"@type\":\"ListItem\",\"position\":2,\"name\":\"Zile de foc: ANM a emis cod ro\u0219u de canicul\u0103 \u00een 13 \u0219i 14 iulie\"}]},{\"@type\":\"WebSite\",\"@id\":\"https:\\\/\\\/covasna45.ro\\\/#website\",\"url\":\"https:\\\/\\\/covasna45.ro\\\/\",\"name\":\"covasna45.ro\",\"description\":\"\",\"publisher\":{\"@id\":\"https:\\\/\\\/covasna45.ro\\\/#organization\"},\"potentialAction\":[{\"@type\":\"SearchAction\",\"target\":{\"@type\":\"EntryPoint\",\"urlTemplate\":\"https:\\\/\\\/covasna45.ro\\\/?s={search_term_string}\"},\"query-input\":{\"@type\":\"PropertyValueSpecification\",\"valueRequired\":true,\"valueName\":\"search_term_string\"}}],\"inLanguage\":\"ro-RO\"},{\"@type\":\"Organization\",\"@id\":\"https:\\\/\\\/covasna45.ro\\\/#organization\",\"name\":\"covasna45.ro\",\"url\":\"https:\\\/\\\/covasna45.ro\\\/\",\"logo\":{\"@type\":\"ImageObject\",\"inLanguage\":\"ro-RO\",\"@id\":\"https:\\\/\\\/covasna45.ro\\\/#\\\/schema\\\/logo\\\/image\\\/\",\"url\":\"https:\\\/\\\/covasna45.ro\\\/wp-content\\\/uploads\\\/2023\\\/01\\\/icon_logo.png\",\"contentUrl\":\"https:\\\/\\\/covasna45.ro\\\/wp-content\\\/uploads\\\/2023\\\/01\\\/icon_logo.png\",\"width\":1900,\"height\":1900,\"caption\":\"covasna45.ro\"},\"image\":{\"@id\":\"https:\\\/\\\/covasna45.ro\\\/#\\\/schema\\\/logo\\\/image\\\/\"}},{\"@type\":\"Person\",\"@id\":\"https:\\\/\\\/covasna45.ro\\\/#\\\/schema\\\/person\\\/e674052bd7d95d70bbb007a1060ab73c\",\"name\":\"Covasna45\",\"image\":{\"@type\":\"ImageObject\",\"inLanguage\":\"ro-RO\",\"@id\":\"https:\\\/\\\/covasna45.ro\\\/wp-content\\\/uploads\\\/2025\\\/10\\\/icon_logo_covasna45-150x150.png\",\"url\":\"https:\\\/\\\/covasna45.ro\\\/wp-content\\\/uploads\\\/2025\\\/10\\\/icon_logo_covasna45-150x150.png\",\"contentUrl\":\"https:\\\/\\\/covasna45.ro\\\/wp-content\\\/uploads\\\/2025\\\/10\\\/icon_logo_covasna45-150x150.png\",\"caption\":\"Covasna45\"},\"sameAs\":[\"https:\\\/\\\/covasna45.ro\"],\"url\":\"https:\\\/\\\/covasna45.ro\\\/index.php\\\/author\\\/covasna\\\/\"}]}<\/script>\n<!-- \/ Yoast SEO plugin. -->","yoast_head_json":{"title":"Zile de foc: ANM a emis cod ro\u0219u de canicul\u0103 \u00een 13 \u0219i 14 iulie - Covasna45","description":"Valul de c\u0103ldur\u0103 va persista \u00een toat\u0103 \u021bara \u0219i \u00een zilele urm\u0103toare\u201d eset mesajul ANM.","robots":{"index":"index","follow":"follow","max-snippet":"max-snippet:-1","max-image-preview":"max-image-preview:large","max-video-preview":"max-video-preview:-1"},"canonical":"https:\/\/covasna45.ro\/index.php\/lumea-noastra\/zile-de-foc-anm-a-emis-cod-rosu-de-canicula-in-13-si-14-iulie\/","og_locale":"ro_RO","og_type":"article","og_title":"Zile de foc: ANM a emis cod ro\u0219u de canicul\u0103 \u00een 13 \u0219i 14 iulie - Covasna45","og_description":"Valul de c\u0103ldur\u0103 va persista \u00een toat\u0103 \u021bara \u0219i \u00een zilele urm\u0103toare\u201d eset mesajul ANM.","og_url":"https:\/\/covasna45.ro\/index.php\/lumea-noastra\/zile-de-foc-anm-a-emis-cod-rosu-de-canicula-in-13-si-14-iulie\/","og_site_name":"Covasna45","article_published_time":"2024-07-11T08:10:01+00:00","article_modified_time":"2024-07-11T08:10:02+00:00","og_image":[{"width":641,"height":293,"url":"https:\/\/covasna45.ro\/wp-content\/uploads\/2024\/07\/cod-rosu.jpg","type":"image\/jpeg"}],"author":"Covasna45","twitter_card":"summary_large_image","twitter_misc":{"Scris de":"Covasna45","Timp estimat pentru citire":"1 minut"},"schema":{"@context":"https:\/\/schema.org","@graph":[{"@type":"Article","@id":"https:\/\/covasna45.ro\/index.php\/lumea-noastra\/zile-de-foc-anm-a-emis-cod-rosu-de-canicula-in-13-si-14-iulie\/#article","isPartOf":{"@id":"https:\/\/covasna45.ro\/index.php\/lumea-noastra\/zile-de-foc-anm-a-emis-cod-rosu-de-canicula-in-13-si-14-iulie\/"},"author":{"name":"Covasna45","@id":"https:\/\/covasna45.ro\/#\/schema\/person\/e674052bd7d95d70bbb007a1060ab73c"},"headline":"Zile de foc: ANM a emis cod ro\u0219u de canicul\u0103 \u00een 13 \u0219i 14 iulie","datePublished":"2024-07-11T08:10:01+00:00","dateModified":"2024-07-11T08:10:02+00:00","mainEntityOfPage":{"@id":"https:\/\/covasna45.ro\/index.php\/lumea-noastra\/zile-de-foc-anm-a-emis-cod-rosu-de-canicula-in-13-si-14-iulie\/"},"wordCount":136,"commentCount":0,"publisher":{"@id":"https:\/\/covasna45.ro\/#organization"},"image":{"@id":"https:\/\/covasna45.ro\/index.php\/lumea-noastra\/zile-de-foc-anm-a-emis-cod-rosu-de-canicula-in-13-si-14-iulie\/#primaryimage"},"thumbnailUrl":"https:\/\/covasna45.ro\/wp-content\/uploads\/2024\/07\/cod-rosu.jpg","keywords":["anm","canicula","cod rosu"],"articleSection":["Lumea noastr\u0103"],"inLanguage":"ro-RO","potentialAction":[{"@type":"CommentAction","name":"Comment","target":["https:\/\/covasna45.ro\/index.php\/lumea-noastra\/zile-de-foc-anm-a-emis-cod-rosu-de-canicula-in-13-si-14-iulie\/#respond"]}]},{"@type":"WebPage","@id":"https:\/\/covasna45.ro\/index.php\/lumea-noastra\/zile-de-foc-anm-a-emis-cod-rosu-de-canicula-in-13-si-14-iulie\/","url":"https:\/\/covasna45.ro\/index.php\/lumea-noastra\/zile-de-foc-anm-a-emis-cod-rosu-de-canicula-in-13-si-14-iulie\/","name":"Zile de foc: ANM a emis cod ro\u0219u de canicul\u0103 \u00een 13 \u0219i 14 iulie - Covasna45","isPartOf":{"@id":"https:\/\/covasna45.ro\/#website"},"primaryImageOfPage":{"@id":"https:\/\/covasna45.ro\/index.php\/lumea-noastra\/zile-de-foc-anm-a-emis-cod-rosu-de-canicula-in-13-si-14-iulie\/#primaryimage"},"image":{"@id":"https:\/\/covasna45.ro\/index.php\/lumea-noastra\/zile-de-foc-anm-a-emis-cod-rosu-de-canicula-in-13-si-14-iulie\/#primaryimage"},"thumbnailUrl":"https:\/\/covasna45.ro\/wp-content\/uploads\/2024\/07\/cod-rosu.jpg","datePublished":"2024-07-11T08:10:01+00:00","dateModified":"2024-07-11T08:10:02+00:00","description":"Valul de c\u0103ldur\u0103 va persista \u00een toat\u0103 \u021bara \u0219i \u00een zilele urm\u0103toare\u201d eset mesajul ANM.","breadcrumb":{"@id":"https:\/\/covasna45.ro\/index.php\/lumea-noastra\/zile-de-foc-anm-a-emis-cod-rosu-de-canicula-in-13-si-14-iulie\/#breadcrumb"},"inLanguage":"ro-RO","potentialAction":[{"@type":"ReadAction","target":["https:\/\/covasna45.ro\/index.php\/lumea-noastra\/zile-de-foc-anm-a-emis-cod-rosu-de-canicula-in-13-si-14-iulie\/"]}]},{"@type":"ImageObject","inLanguage":"ro-RO","@id":"https:\/\/covasna45.ro\/index.php\/lumea-noastra\/zile-de-foc-anm-a-emis-cod-rosu-de-canicula-in-13-si-14-iulie\/#primaryimage","url":"https:\/\/covasna45.ro\/wp-content\/uploads\/2024\/07\/cod-rosu.jpg","contentUrl":"https:\/\/covasna45.ro\/wp-content\/uploads\/2024\/07\/cod-rosu.jpg","width":641,"height":293},{"@type":"BreadcrumbList","@id":"https:\/\/covasna45.ro\/index.php\/lumea-noastra\/zile-de-foc-anm-a-emis-cod-rosu-de-canicula-in-13-si-14-iulie\/#breadcrumb","itemListElement":[{"@type":"ListItem","position":1,"name":"Prima pagin\u0103","item":"https:\/\/covasna45.ro\/"},{"@type":"ListItem","position":2,"name":"Zile de foc: ANM a emis cod ro\u0219u de canicul\u0103 \u00een 13 \u0219i 14 iulie"}]},{"@type":"WebSite","@id":"https:\/\/covasna45.ro\/#website","url":"https:\/\/covasna45.ro\/","name":"covasna45.ro","description":"","publisher":{"@id":"https:\/\/covasna45.ro\/#organization"},"potentialAction":[{"@type":"SearchAction","target":{"@type":"EntryPoint","urlTemplate":"https:\/\/covasna45.ro\/?s={search_term_string}"},"query-input":{"@type":"PropertyValueSpecification","valueRequired":true,"valueName":"search_term_string"}}],"inLanguage":"ro-RO"},{"@type":"Organization","@id":"https:\/\/covasna45.ro\/#organization","name":"covasna45.ro","url":"https:\/\/covasna45.ro\/","logo":{"@type":"ImageObject","inLanguage":"ro-RO","@id":"https:\/\/covasna45.ro\/#\/schema\/logo\/image\/","url":"https:\/\/covasna45.ro\/wp-content\/uploads\/2023\/01\/icon_logo.png","contentUrl":"https:\/\/covasna45.ro\/wp-content\/uploads\/2023\/01\/icon_logo.png","width":1900,"height":1900,"caption":"covasna45.ro"},"image":{"@id":"https:\/\/covasna45.ro\/#\/schema\/logo\/image\/"}},{"@type":"Person","@id":"https:\/\/covasna45.ro\/#\/schema\/person\/e674052bd7d95d70bbb007a1060ab73c","name":"Covasna45","image":{"@type":"ImageObject","inLanguage":"ro-RO","@id":"https:\/\/covasna45.ro\/wp-content\/uploads\/2025\/10\/icon_logo_covasna45-150x150.png","url":"https:\/\/covasna45.ro\/wp-content\/uploads\/2025\/10\/icon_logo_covasna45-150x150.png","contentUrl":"https:\/\/covasna45.ro\/wp-content\/uploads\/2025\/10\/icon_logo_covasna45-150x150.png","caption":"Covasna45"},"sameAs":["https:\/\/covasna45.ro"],"url":"https:\/\/covasna45.ro\/index.php\/author\/covasna\/"}]}},"_links":{"self":[{"href":"https:\/\/covasna45.ro\/index.php\/wp-json\/wp\/v2\/posts\/6911","targetHints":{"allow":["GET"]}}],"collection":[{"href":"https:\/\/covasna45.ro\/index.php\/wp-json\/wp\/v2\/posts"}],"about":[{"href":"https:\/\/covasna45.ro\/index.php\/wp-json\/wp\/v2\/types\/post"}],"author":[{"embeddable":true,"href":"https:\/\/covasna45.ro\/index.php\/wp-json\/wp\/v2\/users\/1"}],"replies":[{"embeddable":true,"href":"https:\/\/covasna45.ro\/index.php\/wp-json\/wp\/v2\/comments?post=6911"}],"version-history":[{"count":1,"href":"https:\/\/covasna45.ro\/index.php\/wp-json\/wp\/v2\/posts\/6911\/revisions"}],"predecessor-version":[{"id":6913,"href":"https:\/\/covasna45.ro\/index.php\/wp-json\/wp\/v2\/posts\/6911\/revisions\/6913"}],"wp:featuredmedia":[{"embeddable":true,"href":"https:\/\/covasna45.ro\/index.php\/wp-json\/wp\/v2\/media\/6912"}],"wp:attachment":[{"href":"https:\/\/covasna45.ro\/index.php\/wp-json\/wp\/v2\/media?parent=6911"}],"wp:term":[{"taxonomy":"category","embeddable":true,"href":"https:\/\/covasna45.ro\/index.php\/wp-json\/wp\/v2\/categories?post=6911"},{"taxonomy":"post_tag","embeddable":true,"href":"https:\/\/covasna45.ro\/index.php\/wp-json\/wp\/v2\/tags?post=6911"}],"curies":[{"name":"wp","href":"https:\/\/api.w.org\/{rel}","templated":true}]}}