{"id":6919,"date":"2024-07-11T14:48:54","date_gmt":"2024-07-11T12:48:54","guid":{"rendered":"https:\/\/covasna45.ro\/?p=6919"},"modified":"2024-07-11T14:52:51","modified_gmt":"2024-07-11T12:52:51","slug":"proiectul-udmr-privind-cota-de-preventie-la-urs-la-un-pas-de-adoptare","status":"publish","type":"post","link":"https:\/\/covasna45.ro\/index.php\/lumea-noastra\/proiectul-udmr-privind-cota-de-preventie-la-urs-la-un-pas-de-adoptare\/","title":{"rendered":"Proiectul UDMR privind cota de preven\u021bie la urs, la un pas de adoptare"},"content":{"rendered":"\n<p>Pe 3 octombrie 2023, senatorul UDMR T\u00e1nczos&nbsp;Barna depunea la Parlament un proiect de lege prin care se instituiau cote mai mari la v\u00e2n\u0103toarea de urs, at\u00e2t cote de preven\u021bie, c\u00e2t \u0219i de interven\u021bie. Concret, \u00een acest moment, cota de preven\u021bie la urs stabilit\u0103 de Ministerul Mediului, \u00een acord cu Academia Rom\u00e2n\u0103, este de 140 de exemplare, iar cota de interven\u021bie \u2013 55 de exemplare. \u00cen urma mai multor discu\u021bii, pl\u00e2ngeri, pagube \u0219i analize, inclusiv cu autorit\u0103\u021bile \u0219i fermierii din jude\u021bul Covasna, T\u00e1nczos&nbsp;Barna a propus cre\u0219terea de la 140 la 426 de exemplare la cota de preven\u021bie. Adoptat deja de Senat, proiectul st\u0103 de 8 luni la Camera Deputa\u021bilor. Abia azi premierul Marcel Ciolacu a anun\u021bat c\u0103 se convoac\u0103 pentru 15 iulie o \u0219edin\u021b\u0103 extraordinar\u0103 a Camerei, pentru adoptarea acestui proiect. Decizia vine dup\u0103 ce o t\u00e2n\u0103r\u0103 de 19 ani a murit sf\u00e2\u0219iat\u0103 de urs \u00een Bucegi, ceea ce a readus \u00een aten\u021bie num\u0103rul mare de ur\u0219i de pe teritoriul Rom\u00e2niei.<\/p>\n\n\n\n<figure class=\"wp-block-image size-large\"><img loading=\"lazy\" decoding=\"async\" width=\"1024\" height=\"768\" src=\"https:\/\/covasna45.ro\/wp-content\/uploads\/2024\/07\/urs-rnp-1024x768.jpg\" alt=\"\" class=\"wp-image-6921\" srcset=\"https:\/\/covasna45.ro\/wp-content\/uploads\/2024\/07\/urs-rnp-1024x768.jpg 1024w, https:\/\/covasna45.ro\/wp-content\/uploads\/2024\/07\/urs-rnp-300x225.jpg 300w, https:\/\/covasna45.ro\/wp-content\/uploads\/2024\/07\/urs-rnp-768x576.jpg 768w, https:\/\/covasna45.ro\/wp-content\/uploads\/2024\/07\/urs-rnp-1536x1152.jpg 1536w, https:\/\/covasna45.ro\/wp-content\/uploads\/2024\/07\/urs-rnp-150x113.jpg 150w, https:\/\/covasna45.ro\/wp-content\/uploads\/2024\/07\/urs-rnp-696x522.jpg 696w, https:\/\/covasna45.ro\/wp-content\/uploads\/2024\/07\/urs-rnp-1068x801.jpg 1068w, https:\/\/covasna45.ro\/wp-content\/uploads\/2024\/07\/urs-rnp-1920x1440.jpg 1920w, https:\/\/covasna45.ro\/wp-content\/uploads\/2024\/07\/urs-rnp.jpg 2048w\" sizes=\"auto, (max-width: 1024px) 100vw, 1024px\" \/><\/figure>\n\n\n\n<h2 class=\"wp-block-heading\">\u0218i Romsilva ia m\u0103suri<\/h2>\n\n\n\n<p>Directorul general al&nbsp;Regiei Nationale a Regia Nationala a Padurilor \u2013 Romsilva, Marius \u2013 Dan Siiulescu, a dispus azi intensificarea masurilor de monitorizare a populatiei de urs in fondurile cinegetice gestionate de c\u0103tre Romsilva, \u00een special \u00een zonele turistice cu risc privind interac\u021biunea oamenilor cu exemplarele de urs.<\/p>\n\n\n\n<p>Astfel, vor fi identificate \u0219i monitorizate cu aten\u021bie traseele turistice cele mai expuse interac\u021biunii dintre om \u0219i urs, vor fi amplasate panouri de avertizare referitoare la prezen\u021ba ur\u0219ilor, pe aceste trasee turistice care se suprapun cu fondul forestier de stat administrat de Romsilva, dar \u0219i recomand\u0103ri pentru prevenirea \u0219i evitarea situa\u021biilor periculoase.<\/p>\n\n\n\n<p>De asemenea, vor fi instalate pe aceste trasee turistice, \u00een zonele de risc, camere de monitorizare a faunei cu transmiterea instantanee a imaginilor, pentru identificarea \u00een timp real a prezen\u021bei ur\u0219ilor \u00een zonele traseelor amenajate, frecventate de c\u0103tre turi\u0219ti.<\/p>\n\n\n\n<p>P\u0103durarii de v\u00e2n\u0103toare din fondurile cinegetice gestionate de c\u0103tre Regia Nationala a P\u0103durilor \u2013 Romsilva, dup\u0103 analiza acestor imagini, vor comunica \u00een regim de urgen\u021b\u0103 autorit\u0103\u021bilor competente poten\u021bialele situa\u021bii de risc ap\u0103rute.<\/p>\n\n\n\n<p>\u201e<strong><em>Men\u021bion\u0103m c\u0103 Regia Na\u021bional\u0103 a P\u0103durilor \u2013 Romsilva gestioneaz\u0103 241 de fonduri cinegetice, circa 11% din totalul fondurilor cinegetice la nivel na\u021bional. Pe cele o sut\u0103 de fonduri cinegetice gestionate de c\u0103tre Romsilva, \u00een care se reg\u0103sesc popula\u021bii de urs, au fost evaluate anul trecut circa 2.700 de exemplare, efectivul optim fiind de 948 de exemplare de urs, adic\u0103 de aproape trei ori mai mult dec\u00e2t optimul\u201d<\/em><\/strong>, se arat\u0103 \u00eentr-un comunicat de pres\u0103 transmis de <a href=\"https:\/\/www.rosilva.ro\/comunicate_de_presa\/romsilva_intensifica_masurile_de_monitorizare_a_populatiei_de_urs_in_fondurile_cinegetice_gestionate_in_zonele_de_risc_privind_interactiunea_cu_oamenii__p_850.htm\">regie<\/a>.<\/p>\n\n\n\n<h2 class=\"wp-block-heading\">Parlamentul a fost convocat \u00een sesiune extraordinar\u0103, iar \u0219edin\u021ba va avea loc, luni, 15 iulie, de la ora 15.00.<\/h2>\n\n\n\n<p>\u201e<strong><em>Am vorbit \u0219i cu domnul <a href=\"https:\/\/covasna45.ro\/index.php\/opinii\/ursul-ucigas-si-ministrul-inutil\/\">ministru<\/a> al Mediului, am vorbit \u0219i cu cei mai implica\u021bi \u0219i mai \u0219tiutori \u00een domeniu. Este o aglomera\u021bie \u00een anumite zone, ur\u0219ii nu mai au m\u00e2ncare suficient\u0103 \u0219i de asta coboar\u0103. Am vorbit \u0219i cu domnul Simonis, pre\u0219edinte Camerei Deputa\u021bilor, pentru c\u0103 modificarea nu se poate face dec\u00e2t prin Parlament. Dup\u0103 discu\u021biile cu Ministrul Mediului pornim o ini\u021biativ\u0103 \u0219i vom cere o sesiune extraordinar\u0103 \u00een Parlament (&#8230;) Nu se va da liber la \u00eempu\u0219cat ur\u0219i \u00een Rom\u00e2niei dup\u0103 bunul plac al fiec\u0103ruia, dar va exista o ini\u021biativ\u0103 \u0219i se va cere sesiune extraordinar\u0103 \u00een Parlament pentru adoptarea acesteia<\/em><\/strong>\u201d, spune premierul.<\/p>\n\n\n\n<h2 class=\"wp-block-heading\">T\u00e1nczos&nbsp;Barna: Trebuie reintrodus\u0103 v\u00e2n\u0103toarea \u0219i trebuie evitate pierderile de vie\u021bi omene\u0219ti.<\/h2>\n\n\n\n<p>\u201eDe\u0219i Senatul a adoptat \u00eenc\u0103 din noiembrie proiectul de lege privind cotele de v\u00e2n\u0103toare pe baza studiilor \u0219tiin\u021bifice, acesta se afl\u0103 \u00eempotmolit de opt luni \u00een Camera Deputa\u021bilor f\u0103r\u0103 s\u0103 fie dezb\u0103tut. Proiectul de lege privind cotele de v\u00e2n\u0103toare poate fi votat \u0219i m\u00e2ine, dac\u0103 exist\u0103 voin\u021b\u0103 din partea coali\u021biei de guvernare.<\/p>\n\n\n\n<figure class=\"wp-block-image size-large\"><img loading=\"lazy\" decoding=\"async\" width=\"1024\" height=\"1024\" src=\"https:\/\/covasna45.ro\/wp-content\/uploads\/2024\/07\/tb-urs-1024x1024.jpg\" alt=\"\" class=\"wp-image-6922\" srcset=\"https:\/\/covasna45.ro\/wp-content\/uploads\/2024\/07\/tb-urs-1024x1024.jpg 1024w, https:\/\/covasna45.ro\/wp-content\/uploads\/2024\/07\/tb-urs-300x300.jpg 300w, https:\/\/covasna45.ro\/wp-content\/uploads\/2024\/07\/tb-urs-150x150.jpg 150w, https:\/\/covasna45.ro\/wp-content\/uploads\/2024\/07\/tb-urs-768x768.jpg 768w, https:\/\/covasna45.ro\/wp-content\/uploads\/2024\/07\/tb-urs-696x696.jpg 696w, https:\/\/covasna45.ro\/wp-content\/uploads\/2024\/07\/tb-urs-1068x1068.jpg 1068w, https:\/\/covasna45.ro\/wp-content\/uploads\/2024\/07\/tb-urs.jpg 1080w\" sizes=\"auto, (max-width: 1024px) 100vw, 1024px\" \/><\/figure>\n\n\n\n<h3 class=\"wp-block-heading\">Via\u021ba unei tinere trebuie s\u0103 fie mai important\u0103 dec\u00e2t frica de activi\u0219tii de mediu. Trebuie reintrodus\u0103 v\u00e2n\u0103toarea \u0219i trebuie evitate pierderile de vie\u021bi omene\u0219ti.<\/h3>\n\n\n\n<p>Densitatea \u00een anumite zone e at\u00e2t de mare \u00eenc\u00e2t afecteaz\u0103 specia \u00een sine.<\/p>\n\n\n\n<p><strong><em>Cota de 426 de exemplare recoltate anual nu va avea niciun efect negativ asupra popula\u021biei de urs brun \u00een Rom\u00e2nia. Dac\u0103 vorbim de pagubele produse \u00een agricultur\u0103 \u0219i zootehnie, cifrele sunt \u00eengrijor\u0103toare. Ministerul Mediului a pl\u0103tit daune c\u0103tre fermieri de milioane de lei numai \u00een acest an. <\/em><\/strong><\/p>\n\n\n\n<p>Proiectul UDMR a fost sus\u021binut de 103 parlamentari, at\u00e2t din arcul guvernamental, c\u00e2t \u0219i din partea opozi\u021biei \u0219i acest lucru demonstreaz\u0103 c\u0103 protec\u021bia vie\u021bii umane nu depinde de culoarea politic\u0103 \u0219i c\u0103 este necesar\u0103 o interven\u021bie eficient\u0103 pentru gestionarea problemelor cauzate de suprapopularea de ur\u0219i. <\/p>\n\n\n\n<p><strong><em>Problema e c\u0103 dac\u0103 nu avem un management al popula\u021biei de urs f\u0103cut prin instrumente ale statului, oamenii vor \u00eencepe s\u0103 ia m\u0103suri singuri. Ei trebuie s\u0103 simt\u0103 c\u0103 sunt proteja\u021bi de stat. \u0218i eu nu vreau s\u0103 v\u0103d ur\u0219i otr\u0103vi\u021bi, c\u0103lca\u021bi de tren sau \u021binu\u021bi \u00een lan\u021b. Vreau s\u0103 v\u0103d lege, ordine de ministru, management cinegetic \u0219i echilibru<\/em><\/strong>\u201d, a spus T\u00e1nczos&nbsp;Barna.&nbsp;<\/p>\n","protected":false},"excerpt":{"rendered":"<p>Pe 3 octombrie 2023, senatorul UDMR T\u00e1nczos&nbsp;Barna depunea la Parlament un proiect de lege prin care se instituiau cote mai mari la v\u00e2n\u0103toarea de urs, at\u00e2t cote de preven\u021bie, c\u00e2t \u0219i de interven\u021bie. Concret, \u00een acest moment, cota de preven\u021bie la urs stabilit\u0103 de Ministerul Mediului, \u00een acord cu Academia Rom\u00e2n\u0103, este de 140 de [&hellip;]<\/p>\n","protected":false},"author":1,"featured_media":6920,"comment_status":"open","ping_status":"closed","sticky":false,"template":"","format":"standard","meta":{"tdm_status":"","tdm_grid_status":"","footnotes":""},"categories":[14],"tags":[2213,189,770],"class_list":{"0":"post-6919","1":"post","2":"type-post","3":"status-publish","4":"format-standard","5":"has-post-thumbnail","7":"category-lumea-noastra","8":"tag-tanczos-barna-2","9":"tag-udmr","10":"tag-urs"},"yoast_head":"<!-- This site is optimized with the Yoast SEO plugin v27.5 - https:\/\/yoast.com\/product\/yoast-seo-wordpress\/ -->\n<title>Proiectul UDMR privind cota de preven\u021bie la urs, la un pas de adoptare - Covasna45<\/title>\n<meta name=\"description\" content=\"Parlamentul a fost convocat \u00een sesiune extraordinar\u0103, iar \u0219edin\u021ba va avea loc, luni, 15 iulie, de la ora 15.00.\" \/>\n<meta name=\"robots\" content=\"index, follow, max-snippet:-1, max-image-preview:large, max-video-preview:-1\" \/>\n<link rel=\"canonical\" href=\"https:\/\/covasna45.ro\/index.php\/lumea-noastra\/proiectul-udmr-privind-cota-de-preventie-la-urs-la-un-pas-de-adoptare\/\" \/>\n<meta property=\"og:locale\" content=\"ro_RO\" \/>\n<meta property=\"og:type\" content=\"article\" \/>\n<meta property=\"og:title\" content=\"Proiectul UDMR privind cota de preven\u021bie la urs, la un pas de adoptare - Covasna45\" \/>\n<meta property=\"og:description\" content=\"Parlamentul a fost convocat \u00een sesiune extraordinar\u0103, iar \u0219edin\u021ba va avea loc, luni, 15 iulie, de la ora 15.00.\" \/>\n<meta property=\"og:url\" content=\"https:\/\/covasna45.ro\/index.php\/lumea-noastra\/proiectul-udmr-privind-cota-de-preventie-la-urs-la-un-pas-de-adoptare\/\" \/>\n<meta property=\"og:site_name\" content=\"Covasna45\" \/>\n<meta property=\"article:published_time\" content=\"2024-07-11T12:48:54+00:00\" \/>\n<meta property=\"article:modified_time\" content=\"2024-07-11T12:52:51+00:00\" \/>\n<meta property=\"og:image\" content=\"https:\/\/covasna45.ro\/wp-content\/uploads\/2024\/07\/tb-parl.jpg\" \/>\n\t<meta property=\"og:image:width\" content=\"2048\" \/>\n\t<meta property=\"og:image:height\" content=\"1365\" \/>\n\t<meta property=\"og:image:type\" content=\"image\/jpeg\" \/>\n<meta name=\"author\" content=\"Covasna45\" \/>\n<meta name=\"twitter:card\" content=\"summary_large_image\" \/>\n<meta name=\"twitter:label1\" content=\"Scris de\" \/>\n\t<meta name=\"twitter:data1\" content=\"Covasna45\" \/>\n\t<meta name=\"twitter:label2\" content=\"Timp estimat pentru citire\" \/>\n\t<meta name=\"twitter:data2\" content=\"5 minute\" \/>\n<script type=\"application\/ld+json\" class=\"yoast-schema-graph\">{\"@context\":\"https:\\\/\\\/schema.org\",\"@graph\":[{\"@type\":\"Article\",\"@id\":\"https:\\\/\\\/covasna45.ro\\\/index.php\\\/lumea-noastra\\\/proiectul-udmr-privind-cota-de-preventie-la-urs-la-un-pas-de-adoptare\\\/#article\",\"isPartOf\":{\"@id\":\"https:\\\/\\\/covasna45.ro\\\/index.php\\\/lumea-noastra\\\/proiectul-udmr-privind-cota-de-preventie-la-urs-la-un-pas-de-adoptare\\\/\"},\"author\":{\"name\":\"Covasna45\",\"@id\":\"https:\\\/\\\/covasna45.ro\\\/#\\\/schema\\\/person\\\/e674052bd7d95d70bbb007a1060ab73c\"},\"headline\":\"Proiectul UDMR privind cota de preven\u021bie la urs, la un pas de adoptare\",\"datePublished\":\"2024-07-11T12:48:54+00:00\",\"dateModified\":\"2024-07-11T12:52:51+00:00\",\"mainEntityOfPage\":{\"@id\":\"https:\\\/\\\/covasna45.ro\\\/index.php\\\/lumea-noastra\\\/proiectul-udmr-privind-cota-de-preventie-la-urs-la-un-pas-de-adoptare\\\/\"},\"wordCount\":913,\"commentCount\":0,\"publisher\":{\"@id\":\"https:\\\/\\\/covasna45.ro\\\/#organization\"},\"image\":{\"@id\":\"https:\\\/\\\/covasna45.ro\\\/index.php\\\/lumea-noastra\\\/proiectul-udmr-privind-cota-de-preventie-la-urs-la-un-pas-de-adoptare\\\/#primaryimage\"},\"thumbnailUrl\":\"https:\\\/\\\/covasna45.ro\\\/wp-content\\\/uploads\\\/2024\\\/07\\\/tb-parl.jpg\",\"keywords\":[\"tanczos barna\",\"UDMR\",\"Urs\"],\"articleSection\":[\"Lumea noastr\u0103\"],\"inLanguage\":\"ro-RO\",\"potentialAction\":[{\"@type\":\"CommentAction\",\"name\":\"Comment\",\"target\":[\"https:\\\/\\\/covasna45.ro\\\/index.php\\\/lumea-noastra\\\/proiectul-udmr-privind-cota-de-preventie-la-urs-la-un-pas-de-adoptare\\\/#respond\"]}]},{\"@type\":\"WebPage\",\"@id\":\"https:\\\/\\\/covasna45.ro\\\/index.php\\\/lumea-noastra\\\/proiectul-udmr-privind-cota-de-preventie-la-urs-la-un-pas-de-adoptare\\\/\",\"url\":\"https:\\\/\\\/covasna45.ro\\\/index.php\\\/lumea-noastra\\\/proiectul-udmr-privind-cota-de-preventie-la-urs-la-un-pas-de-adoptare\\\/\",\"name\":\"Proiectul UDMR privind cota de preven\u021bie la urs, la un pas de adoptare - Covasna45\",\"isPartOf\":{\"@id\":\"https:\\\/\\\/covasna45.ro\\\/#website\"},\"primaryImageOfPage\":{\"@id\":\"https:\\\/\\\/covasna45.ro\\\/index.php\\\/lumea-noastra\\\/proiectul-udmr-privind-cota-de-preventie-la-urs-la-un-pas-de-adoptare\\\/#primaryimage\"},\"image\":{\"@id\":\"https:\\\/\\\/covasna45.ro\\\/index.php\\\/lumea-noastra\\\/proiectul-udmr-privind-cota-de-preventie-la-urs-la-un-pas-de-adoptare\\\/#primaryimage\"},\"thumbnailUrl\":\"https:\\\/\\\/covasna45.ro\\\/wp-content\\\/uploads\\\/2024\\\/07\\\/tb-parl.jpg\",\"datePublished\":\"2024-07-11T12:48:54+00:00\",\"dateModified\":\"2024-07-11T12:52:51+00:00\",\"description\":\"Parlamentul a fost convocat \u00een sesiune extraordinar\u0103, iar \u0219edin\u021ba va avea loc, luni, 15 iulie, de la ora 15.00.\",\"breadcrumb\":{\"@id\":\"https:\\\/\\\/covasna45.ro\\\/index.php\\\/lumea-noastra\\\/proiectul-udmr-privind-cota-de-preventie-la-urs-la-un-pas-de-adoptare\\\/#breadcrumb\"},\"inLanguage\":\"ro-RO\",\"potentialAction\":[{\"@type\":\"ReadAction\",\"target\":[\"https:\\\/\\\/covasna45.ro\\\/index.php\\\/lumea-noastra\\\/proiectul-udmr-privind-cota-de-preventie-la-urs-la-un-pas-de-adoptare\\\/\"]}]},{\"@type\":\"ImageObject\",\"inLanguage\":\"ro-RO\",\"@id\":\"https:\\\/\\\/covasna45.ro\\\/index.php\\\/lumea-noastra\\\/proiectul-udmr-privind-cota-de-preventie-la-urs-la-un-pas-de-adoptare\\\/#primaryimage\",\"url\":\"https:\\\/\\\/covasna45.ro\\\/wp-content\\\/uploads\\\/2024\\\/07\\\/tb-parl.jpg\",\"contentUrl\":\"https:\\\/\\\/covasna45.ro\\\/wp-content\\\/uploads\\\/2024\\\/07\\\/tb-parl.jpg\",\"width\":2048,\"height\":1365},{\"@type\":\"BreadcrumbList\",\"@id\":\"https:\\\/\\\/covasna45.ro\\\/index.php\\\/lumea-noastra\\\/proiectul-udmr-privind-cota-de-preventie-la-urs-la-un-pas-de-adoptare\\\/#breadcrumb\",\"itemListElement\":[{\"@type\":\"ListItem\",\"position\":1,\"name\":\"Prima pagin\u0103\",\"item\":\"https:\\\/\\\/covasna45.ro\\\/\"},{\"@type\":\"ListItem\",\"position\":2,\"name\":\"Proiectul UDMR privind cota de preven\u021bie la urs, la un pas de adoptare\"}]},{\"@type\":\"WebSite\",\"@id\":\"https:\\\/\\\/covasna45.ro\\\/#website\",\"url\":\"https:\\\/\\\/covasna45.ro\\\/\",\"name\":\"covasna45.ro\",\"description\":\"\",\"publisher\":{\"@id\":\"https:\\\/\\\/covasna45.ro\\\/#organization\"},\"potentialAction\":[{\"@type\":\"SearchAction\",\"target\":{\"@type\":\"EntryPoint\",\"urlTemplate\":\"https:\\\/\\\/covasna45.ro\\\/?s={search_term_string}\"},\"query-input\":{\"@type\":\"PropertyValueSpecification\",\"valueRequired\":true,\"valueName\":\"search_term_string\"}}],\"inLanguage\":\"ro-RO\"},{\"@type\":\"Organization\",\"@id\":\"https:\\\/\\\/covasna45.ro\\\/#organization\",\"name\":\"covasna45.ro\",\"url\":\"https:\\\/\\\/covasna45.ro\\\/\",\"logo\":{\"@type\":\"ImageObject\",\"inLanguage\":\"ro-RO\",\"@id\":\"https:\\\/\\\/covasna45.ro\\\/#\\\/schema\\\/logo\\\/image\\\/\",\"url\":\"https:\\\/\\\/covasna45.ro\\\/wp-content\\\/uploads\\\/2023\\\/01\\\/icon_logo.png\",\"contentUrl\":\"https:\\\/\\\/covasna45.ro\\\/wp-content\\\/uploads\\\/2023\\\/01\\\/icon_logo.png\",\"width\":1900,\"height\":1900,\"caption\":\"covasna45.ro\"},\"image\":{\"@id\":\"https:\\\/\\\/covasna45.ro\\\/#\\\/schema\\\/logo\\\/image\\\/\"}},{\"@type\":\"Person\",\"@id\":\"https:\\\/\\\/covasna45.ro\\\/#\\\/schema\\\/person\\\/e674052bd7d95d70bbb007a1060ab73c\",\"name\":\"Covasna45\",\"image\":{\"@type\":\"ImageObject\",\"inLanguage\":\"ro-RO\",\"@id\":\"https:\\\/\\\/covasna45.ro\\\/wp-content\\\/uploads\\\/2025\\\/10\\\/icon_logo_covasna45-150x150.png\",\"url\":\"https:\\\/\\\/covasna45.ro\\\/wp-content\\\/uploads\\\/2025\\\/10\\\/icon_logo_covasna45-150x150.png\",\"contentUrl\":\"https:\\\/\\\/covasna45.ro\\\/wp-content\\\/uploads\\\/2025\\\/10\\\/icon_logo_covasna45-150x150.png\",\"caption\":\"Covasna45\"},\"sameAs\":[\"https:\\\/\\\/covasna45.ro\"],\"url\":\"https:\\\/\\\/covasna45.ro\\\/index.php\\\/author\\\/covasna\\\/\"}]}<\/script>\n<!-- \/ Yoast SEO plugin. -->","yoast_head_json":{"title":"Proiectul UDMR privind cota de preven\u021bie la urs, la un pas de adoptare - Covasna45","description":"Parlamentul a fost convocat \u00een sesiune extraordinar\u0103, iar \u0219edin\u021ba va avea loc, luni, 15 iulie, de la ora 15.00.","robots":{"index":"index","follow":"follow","max-snippet":"max-snippet:-1","max-image-preview":"max-image-preview:large","max-video-preview":"max-video-preview:-1"},"canonical":"https:\/\/covasna45.ro\/index.php\/lumea-noastra\/proiectul-udmr-privind-cota-de-preventie-la-urs-la-un-pas-de-adoptare\/","og_locale":"ro_RO","og_type":"article","og_title":"Proiectul UDMR privind cota de preven\u021bie la urs, la un pas de adoptare - Covasna45","og_description":"Parlamentul a fost convocat \u00een sesiune extraordinar\u0103, iar \u0219edin\u021ba va avea loc, luni, 15 iulie, de la ora 15.00.","og_url":"https:\/\/covasna45.ro\/index.php\/lumea-noastra\/proiectul-udmr-privind-cota-de-preventie-la-urs-la-un-pas-de-adoptare\/","og_site_name":"Covasna45","article_published_time":"2024-07-11T12:48:54+00:00","article_modified_time":"2024-07-11T12:52:51+00:00","og_image":[{"width":2048,"height":1365,"url":"https:\/\/covasna45.ro\/wp-content\/uploads\/2024\/07\/tb-parl.jpg","type":"image\/jpeg"}],"author":"Covasna45","twitter_card":"summary_large_image","twitter_misc":{"Scris de":"Covasna45","Timp estimat pentru citire":"5 minute"},"schema":{"@context":"https:\/\/schema.org","@graph":[{"@type":"Article","@id":"https:\/\/covasna45.ro\/index.php\/lumea-noastra\/proiectul-udmr-privind-cota-de-preventie-la-urs-la-un-pas-de-adoptare\/#article","isPartOf":{"@id":"https:\/\/covasna45.ro\/index.php\/lumea-noastra\/proiectul-udmr-privind-cota-de-preventie-la-urs-la-un-pas-de-adoptare\/"},"author":{"name":"Covasna45","@id":"https:\/\/covasna45.ro\/#\/schema\/person\/e674052bd7d95d70bbb007a1060ab73c"},"headline":"Proiectul UDMR privind cota de preven\u021bie la urs, la un pas de adoptare","datePublished":"2024-07-11T12:48:54+00:00","dateModified":"2024-07-11T12:52:51+00:00","mainEntityOfPage":{"@id":"https:\/\/covasna45.ro\/index.php\/lumea-noastra\/proiectul-udmr-privind-cota-de-preventie-la-urs-la-un-pas-de-adoptare\/"},"wordCount":913,"commentCount":0,"publisher":{"@id":"https:\/\/covasna45.ro\/#organization"},"image":{"@id":"https:\/\/covasna45.ro\/index.php\/lumea-noastra\/proiectul-udmr-privind-cota-de-preventie-la-urs-la-un-pas-de-adoptare\/#primaryimage"},"thumbnailUrl":"https:\/\/covasna45.ro\/wp-content\/uploads\/2024\/07\/tb-parl.jpg","keywords":["tanczos barna","UDMR","Urs"],"articleSection":["Lumea noastr\u0103"],"inLanguage":"ro-RO","potentialAction":[{"@type":"CommentAction","name":"Comment","target":["https:\/\/covasna45.ro\/index.php\/lumea-noastra\/proiectul-udmr-privind-cota-de-preventie-la-urs-la-un-pas-de-adoptare\/#respond"]}]},{"@type":"WebPage","@id":"https:\/\/covasna45.ro\/index.php\/lumea-noastra\/proiectul-udmr-privind-cota-de-preventie-la-urs-la-un-pas-de-adoptare\/","url":"https:\/\/covasna45.ro\/index.php\/lumea-noastra\/proiectul-udmr-privind-cota-de-preventie-la-urs-la-un-pas-de-adoptare\/","name":"Proiectul UDMR privind cota de preven\u021bie la urs, la un pas de adoptare - Covasna45","isPartOf":{"@id":"https:\/\/covasna45.ro\/#website"},"primaryImageOfPage":{"@id":"https:\/\/covasna45.ro\/index.php\/lumea-noastra\/proiectul-udmr-privind-cota-de-preventie-la-urs-la-un-pas-de-adoptare\/#primaryimage"},"image":{"@id":"https:\/\/covasna45.ro\/index.php\/lumea-noastra\/proiectul-udmr-privind-cota-de-preventie-la-urs-la-un-pas-de-adoptare\/#primaryimage"},"thumbnailUrl":"https:\/\/covasna45.ro\/wp-content\/uploads\/2024\/07\/tb-parl.jpg","datePublished":"2024-07-11T12:48:54+00:00","dateModified":"2024-07-11T12:52:51+00:00","description":"Parlamentul a fost convocat \u00een sesiune extraordinar\u0103, iar \u0219edin\u021ba va avea loc, luni, 15 iulie, de la ora 15.00.","breadcrumb":{"@id":"https:\/\/covasna45.ro\/index.php\/lumea-noastra\/proiectul-udmr-privind-cota-de-preventie-la-urs-la-un-pas-de-adoptare\/#breadcrumb"},"inLanguage":"ro-RO","potentialAction":[{"@type":"ReadAction","target":["https:\/\/covasna45.ro\/index.php\/lumea-noastra\/proiectul-udmr-privind-cota-de-preventie-la-urs-la-un-pas-de-adoptare\/"]}]},{"@type":"ImageObject","inLanguage":"ro-RO","@id":"https:\/\/covasna45.ro\/index.php\/lumea-noastra\/proiectul-udmr-privind-cota-de-preventie-la-urs-la-un-pas-de-adoptare\/#primaryimage","url":"https:\/\/covasna45.ro\/wp-content\/uploads\/2024\/07\/tb-parl.jpg","contentUrl":"https:\/\/covasna45.ro\/wp-content\/uploads\/2024\/07\/tb-parl.jpg","width":2048,"height":1365},{"@type":"BreadcrumbList","@id":"https:\/\/covasna45.ro\/index.php\/lumea-noastra\/proiectul-udmr-privind-cota-de-preventie-la-urs-la-un-pas-de-adoptare\/#breadcrumb","itemListElement":[{"@type":"ListItem","position":1,"name":"Prima pagin\u0103","item":"https:\/\/covasna45.ro\/"},{"@type":"ListItem","position":2,"name":"Proiectul UDMR privind cota de preven\u021bie la urs, la un pas de adoptare"}]},{"@type":"WebSite","@id":"https:\/\/covasna45.ro\/#website","url":"https:\/\/covasna45.ro\/","name":"covasna45.ro","description":"","publisher":{"@id":"https:\/\/covasna45.ro\/#organization"},"potentialAction":[{"@type":"SearchAction","target":{"@type":"EntryPoint","urlTemplate":"https:\/\/covasna45.ro\/?s={search_term_string}"},"query-input":{"@type":"PropertyValueSpecification","valueRequired":true,"valueName":"search_term_string"}}],"inLanguage":"ro-RO"},{"@type":"Organization","@id":"https:\/\/covasna45.ro\/#organization","name":"covasna45.ro","url":"https:\/\/covasna45.ro\/","logo":{"@type":"ImageObject","inLanguage":"ro-RO","@id":"https:\/\/covasna45.ro\/#\/schema\/logo\/image\/","url":"https:\/\/covasna45.ro\/wp-content\/uploads\/2023\/01\/icon_logo.png","contentUrl":"https:\/\/covasna45.ro\/wp-content\/uploads\/2023\/01\/icon_logo.png","width":1900,"height":1900,"caption":"covasna45.ro"},"image":{"@id":"https:\/\/covasna45.ro\/#\/schema\/logo\/image\/"}},{"@type":"Person","@id":"https:\/\/covasna45.ro\/#\/schema\/person\/e674052bd7d95d70bbb007a1060ab73c","name":"Covasna45","image":{"@type":"ImageObject","inLanguage":"ro-RO","@id":"https:\/\/covasna45.ro\/wp-content\/uploads\/2025\/10\/icon_logo_covasna45-150x150.png","url":"https:\/\/covasna45.ro\/wp-content\/uploads\/2025\/10\/icon_logo_covasna45-150x150.png","contentUrl":"https:\/\/covasna45.ro\/wp-content\/uploads\/2025\/10\/icon_logo_covasna45-150x150.png","caption":"Covasna45"},"sameAs":["https:\/\/covasna45.ro"],"url":"https:\/\/covasna45.ro\/index.php\/author\/covasna\/"}]}},"_links":{"self":[{"href":"https:\/\/covasna45.ro\/index.php\/wp-json\/wp\/v2\/posts\/6919","targetHints":{"allow":["GET"]}}],"collection":[{"href":"https:\/\/covasna45.ro\/index.php\/wp-json\/wp\/v2\/posts"}],"about":[{"href":"https:\/\/covasna45.ro\/index.php\/wp-json\/wp\/v2\/types\/post"}],"author":[{"embeddable":true,"href":"https:\/\/covasna45.ro\/index.php\/wp-json\/wp\/v2\/users\/1"}],"replies":[{"embeddable":true,"href":"https:\/\/covasna45.ro\/index.php\/wp-json\/wp\/v2\/comments?post=6919"}],"version-history":[{"count":4,"href":"https:\/\/covasna45.ro\/index.php\/wp-json\/wp\/v2\/posts\/6919\/revisions"}],"predecessor-version":[{"id":6926,"href":"https:\/\/covasna45.ro\/index.php\/wp-json\/wp\/v2\/posts\/6919\/revisions\/6926"}],"wp:featuredmedia":[{"embeddable":true,"href":"https:\/\/covasna45.ro\/index.php\/wp-json\/wp\/v2\/media\/6920"}],"wp:attachment":[{"href":"https:\/\/covasna45.ro\/index.php\/wp-json\/wp\/v2\/media?parent=6919"}],"wp:term":[{"taxonomy":"category","embeddable":true,"href":"https:\/\/covasna45.ro\/index.php\/wp-json\/wp\/v2\/categories?post=6919"},{"taxonomy":"post_tag","embeddable":true,"href":"https:\/\/covasna45.ro\/index.php\/wp-json\/wp\/v2\/tags?post=6919"}],"curies":[{"name":"wp","href":"https:\/\/api.w.org\/{rel}","templated":true}]}}