{"id":6990,"date":"2024-07-17T08:40:28","date_gmt":"2024-07-17T06:40:28","guid":{"rendered":"https:\/\/covasna45.ro\/?p=6990"},"modified":"2024-07-17T08:40:29","modified_gmt":"2024-07-17T06:40:29","slug":"probleme-cu-apa-in-tot-judetul-motivul-oamenii-uda-gradinile","status":"publish","type":"post","link":"https:\/\/covasna45.ro\/index.php\/lumea-noastra\/probleme-cu-apa-in-tot-judetul-motivul-oamenii-uda-gradinile\/","title":{"rendered":"Probleme cu apa \u00een tot jude\u021bul. Motivul? Oamenii ud\u0103 gr\u0103dinile"},"content":{"rendered":"\n<p>Cei de la Gospod\u0103rie Comunal\u0103 SA a\u0219teapt\u0103 ploile ca s\u0103 se rezolve problema aliment\u0103rii cu ap\u0103. Din cauza secetei, oamenii ud\u0103 gr\u0103dinile, ceea ce duce la probleme de presiune \u0219i randament pentru sistemul de alimentare.<\/p>\n\n\n\n<p>\u201eEste o problem\u0103 la nivel na\u021bional, consumatorii utilizeaz\u0103 apa pentru gr\u0103dini, ceea ce este o problem\u0103 foarte mare. A\u0219tept\u0103m ploile\u2026\u201d, au spus cei de la Gospod\u0103rie Comunal\u0103 pentru covasna45.ro.<\/p>\n\n\n\n<p>\u00centre timp, ei au anun\u021bat, printr-un <a href=\"https:\/\/www.facebook.com\/apacov.ro\">comunicat<\/a>, care e situa\u021bia \u00een jude\u021b:<\/p>\n\n\n\n<p>\u201eLa fel ca celelalte companii din \u021bar\u0103 care furnizeaz\u0103 servicii de ap\u0103, \u0219i Gospod\u0103rie Comunal\u0103 SA \u0219i-a modificat modul de exploatare a re\u021belei, din cauza secetei. Operatorul regional subliniaz\u0103 c\u0103 problemele de presiune \u0219i de randament sunt cauzate de utilizarea apei \u00een scopuri agricole, practic\u0103 strict interzis\u0103, \u00eentruc\u00e2t consumul s-a dublat \u0219i, \u00een unele cazuri, chiar s-a triplat.<\/p>\n\n\n\n<p>Atunci c\u00e2nd nu este canicul\u0103, sistemul poate asigura popula\u021biei necesarul de ap\u0103 \u00een mod continuu, la parametri normali. Compania de ap\u0103 \u00eencearc\u0103 s\u0103 rezolve problema deficitului de ap\u0103 care apare \u00een perioadele secetoase, \u00een moduri diferite pentru fiecare localitate \u00een parte.<\/p>\n\n\n\n<h2 class=\"wp-block-heading\">Comuna Ozun<\/h2>\n\n\n\n<p>\u00cen timpul zilei, \u00eentre orele 8:00 &#8211; 22:00, apa potabil\u0103 este furnizat\u0103 direct din Sf\u00e2ntu Gheorghe c\u0103tre Ozun \u0219i S\u00e2ntionlunca. \u00cen aceast\u0103 perioad\u0103, rezervorul de ap\u0103 potabil\u0103 de 300 de metri cubi de la uzina din Ozun nu este umplut, pentru a se asigura o alimentare continu\u0103 a clien\u021bilor din Ozun \u0219i S\u00e2ntionlunca.<\/p>\n\n\n\n<p>Pe timpul nop\u021bii, \u00eentre orele 22:00 \u0219i 8:00, acest rezervor va fi deschis pentru a aproviziona cu ap\u0103 potabil\u0103 consumatorii din Lisn\u0103u \u0219i Bicfal\u0103u. \u00cen zona de deasupra pompei de presiune din Bicfal\u0103u (T\u00f3pataka) sunt probleme cu alimentarea cu energie electric\u0103 a pompei, iar generatorul local trebuie utilizat mai des, ceea ce implic\u0103 costuri ridicate.<\/p>\n\n\n\n<h2 class=\"wp-block-heading\">Co\u0219eni, Chilieni \u0219i Chichi\u0219<\/h2>\n\n\n\n<p>Aceste localit\u0103\u021bi sunt alimentate de o conduct\u0103 cu diametrul de 110 mm. Se \u00eencearc\u0103 rezolvarea aliment\u0103rii celor 3 sate prin furnizarea apei de la re\u021beaua din Sf\u00e2ntu Gheorghe doar c\u0103tre Co\u0219eni \u0219i Chilieni pe timpul zilei, \u00eentre orele 8:00 \u0219i 22:00. Pe timpul nop\u021bii, \u00eentre orele 22:00 \u0219i 8:00, se va \u00eencepe umplerea rezervorului de 250 de metri cubi din Chichi\u0219, care furnizeaz\u0103 apa potabil\u0103 pe timpul zilei c\u0103tre consumatorii din Chichi\u0219.<\/p>\n\n\n\n<h2 class=\"wp-block-heading\">Z\u0103lan \u0219i Olteni<\/h2>\n\n\n\n<p>La Z\u0103lan, pu\u021bul armatei asigur\u0103 apa potabil\u0103 necesar\u0103 localit\u0103\u021bilor Z\u0103lan \u0219i Olteni, dar din cauza condi\u021biilor topografice locale, la Z\u0103lan ac\u021bioneaz\u0103 \u0219i o pomp\u0103 de presiune suplimentar\u0103, pentru a alimenta rezervorul de 200 de metri cubi \u0219i, de acolo, consumatorii care locuiesc mai sus (cantitatea de ap\u0103 care curge din izvorul Z\u0103lan este neglijabil\u0103).<\/p>\n\n\n\n<p>\u00cen weekendul 12-14 iulie, din cauza consumului ridicat \u00eenregistrat \u00een p\u0103r\u021bile inferioare ale localit\u0103\u021bilor Olteni \u0219i Z\u0103lan (zona Bencefalva), nu a fost posibil\u0103 umplerea rezervorului de ap\u0103 potabil\u0103 din Z\u0103lan, astfel \u00eenc\u00e2t \u00een partea superioar\u0103 (zona Suta) serviciul este critic. At\u00e2ta timp c\u00e2t aceast\u0103 problem\u0103 persist\u0103, la Olteni serviciul va fi oprit \u00eentre orele 22:00 \u0219i 8:00, pentru ca rezervorul s\u0103 poat\u0103 fi umplut noaptea, dar va func\u021biona \u00eentre orele 8:00 \u0219i 22:00. Din p\u0103cate, consumatorii trebuie s\u0103 dea dovad\u0103 de \u00een\u021belegere \u00eentruc\u00e2t la reluarea furniz\u0103rii serviciului, re\u021beaua are nevoie de timp pentru a se re\u00eenc\u0103rca.<\/p>\n\n\n\n<h2 class=\"wp-block-heading\">Bodoc<\/h2>\n\n\n\n<p>La Bodoc a existat o problem\u0103 cu apa potabil\u0103 din cauza consumului uria\u0219, dar aceasta a fost rezolvat\u0103, iar opera\u021biunea continu\u0103 f\u0103r\u0103 probleme majore.<\/p>\n\n\n\n<h2 class=\"wp-block-heading\">Ghidfal\u0103u<\/h2>\n\n\n\n<p>Sunt constant probleme opera\u021bionale \u00een special \u00een zona Foto\u0219 \u0219i Anghelu\u0219, unde, din cauza consumului ridicat, seara \u0219i la sf\u00e2r\u0219it de s\u0103pt\u0103m\u00e2n\u0103 se constat\u0103 lipsa apei \u00een zona din apropierea terenului de fotbal din Ghidfal\u0103u. Tot din cauza consumului ridicat, rezervoarele de ap\u0103 potabil\u0103 din Foto\u0219 \u0219i Anghelu\u0219 sunt dificil de umplut, problema afect\u00e2nd mai ales consumatorii din Foto\u0219.<\/p>\n\n\n\n<h2 class=\"wp-block-heading\">Valea Cri\u0219ului \u0219i Calnic<\/h2>\n\n\n\n<p>Gospod\u0103rie Comunal\u0103 se str\u0103duie\u0219te s\u0103 umple \u0219i s\u0103 \u00eentre\u021bin\u0103 rezervorul de ap\u0103 potabil\u0103, au fost reparate mai multe conducte sparte, \u00een special \u00een zona Valea Cri\u0219ului, iar momentan se poate asigura furnizarea apei potabile c\u0103tre consumatori.<\/p>\n\n\n\n<h2 class=\"wp-block-heading\">Ilieni<\/h2>\n\n\n\n<p>Aici, zonele cu probleme sunt cele deservite de Gospod\u0103rie Comunal\u0103 SA cu ajutorul sta\u021biilor locale de cre\u0219tere a presiunii: Szalom\u00e9r I, Szalom\u00e9r II \u0219i S\u00e2ncrai. Au fost \u0219i vor mai fi \u00eentreruperi de ap\u0103 din cauza sursei de alimentare cu energie electric\u0103 sau pentru c\u0103 pompele func\u021bioneaz\u0103 f\u0103r\u0103 \u00eentrerupere.<\/p>\n\n\n\n<h2 class=\"wp-block-heading\">Arcu\u0219<\/h2>\n\n\n\n<p>La Arcu\u0219 apar doar \u00eentreruperi legate de alimentarea cu energie electric\u0103. Gospod\u0103rie Comunal\u0103 solicit\u0103 consumatorilor s\u0103 fie aten\u021bi la consumul de ap\u0103 potabil\u0103 \u0219i s\u0103 semnaleze orice anomalie sau avarie ap\u0103rut\u0103 la conducte, care ar putea duce la lipsa apei sau ar necesita lucr\u0103ri de lung\u0103 durat\u0103 \u0219i, inevitabil, noi \u00eentreruperi de ap\u0103.<\/p>\n\n\n\n<h2 class=\"wp-block-heading\">T\u00e2rgu Secuiesc, Tinoasa, S\u0103s\u0103u\u0219i, Lunga, S\u00e2nzieni<\/h2>\n\n\n\n<p>Deocamdat\u0103 nu exist\u0103 probleme \u00een aceste localit\u0103\u021bi, dar consumul a crescut \u00een ultimele s\u0103pt\u0103m\u00e2ni din cauza secetei, \u00een mod evident ca urmare a utiliz\u0103rii apei potabile pentru irigarea terenurilor. Nivelul hidrostatic al pu\u021burilor variaz\u0103 \u00eentre 3 \u0219i 5 metri (acceptabil), \u00eens\u0103 dac\u0103 scade mai mult, ar putea provoca \u00eentreruperi ale serviciului.<\/p>\n\n\n\n<h2 class=\"wp-block-heading\">Ghelin\u021ba<\/h2>\n\n\n\n<p>Rezervorul din Ghelin\u021ba a fost golit complet de dou\u0103 ori \u00een ultimele luni, problemele fiind cauzate mai ales de utilizarea apei pentru iriga\u021bii, la care s-au ad\u0103ugat pierderile datorate mai multor \u021bevi sparte.<\/p>\n\n\n\n<h2 class=\"wp-block-heading\">Covasna, Chiuru\u0219, Pachia, Brate\u0219, Telechia<\/h2>\n\n\n\n<p>\u0218i \u00een aceste zone ale jude\u021bului se simt efectele caniculei, iar nivelul apei din rezervoare a sc\u0103zut. \u00cen cazul ora\u0219ului Covasna, deocamdat\u0103 problemele nu sunt legate de nivelul apei, ci de conductele \u00eenvechite, care sunt \u00een permanen\u021b\u0103 reparate sau \u00eenlocuite de Gospod\u0103rie Comunal\u0103 \u0219i Prim\u0103rie. Nu sunt probleme opera\u021bionale deocamdat\u0103, dar seceta poate provoca \u0219i aici \u00eentreruperi \u00een viitor.<\/p>\n\n\n\n<h2 class=\"wp-block-heading\">Barcani \u0219i S\u0103r\u0103ma\u0219<\/h2>\n\n\n\n<p>Comuna Barcani este alimentat\u0103 cu ap\u0103 din re\u021beaua ora\u0219ului \u00centorsura Buz\u0103ului, prin intermediul unei conducte de 100 mm. Dac\u0103 locuitorii nu folosesc apa pentru iriga\u021bii, serviciul func\u021bioneaz\u0103 ne\u00eentrerupt, dar atunci c\u00e2nd consumul dep\u0103\u0219e\u0219te capacitatea conductei, apar probleme \u00een special \u00een jurul pompelor de presiune \u0219i la cap\u0103tul re\u021belei (solu\u021bia va fi instalarea unei conducte cu diametrul de 250 mm p\u00e2n\u0103 la Barcani, iar de acolo, instalarea unei conducte de 110 mm). Problemele de alimentare cu ap\u0103 apar \u00eentre orele 7:00 \u0219i 11:00, respectiv \u00eentre orele 16:00 \u0219i 23:00, din cauza consumului care dep\u0103\u0219e\u0219te cu mult capacitatea sistemului.<\/p>\n\n\n\n<h2 class=\"wp-block-heading\">Sita Buz\u0103ului<\/h2>\n\n\n\n<p>\u00cen anumite momente ale zilei, pompele care asigur\u0103 presiunea corespunz\u0103toare a re\u021belei de ap\u0103 nu \u00ee\u0219i pot face treaba a\u0219a cum ar trebui din cauza consumului ridicat, ceea ce duce la un deficit de ap\u0103 \u00een zonele aflate la o mai mare altitudine\u201d.<\/p>\n","protected":false},"excerpt":{"rendered":"<p>Cei de la Gospod\u0103rie Comunal\u0103 SA a\u0219teapt\u0103 ploile ca s\u0103 se rezolve problema aliment\u0103rii cu ap\u0103. Din cauza secetei, oamenii ud\u0103 gr\u0103dinile, ceea ce duce la probleme de presiune \u0219i randament pentru sistemul de alimentare. \u201eEste o problem\u0103 la nivel na\u021bional, consumatorii utilizeaz\u0103 apa pentru gr\u0103dini, ceea ce este o problem\u0103 foarte mare. A\u0219tept\u0103m ploile\u2026\u201d, [&hellip;]<\/p>\n","protected":false},"author":1,"featured_media":6991,"comment_status":"open","ping_status":"closed","sticky":false,"template":"","format":"standard","meta":{"tdm_status":"","tdm_grid_status":"","footnotes":""},"categories":[14],"tags":[2607,21],"class_list":{"0":"post-6990","1":"post","2":"type-post","3":"status-publish","4":"format-standard","5":"has-post-thumbnail","7":"category-lumea-noastra","8":"tag-apa","9":"tag-covasna"},"yoast_head":"<!-- This site is optimized with the Yoast SEO plugin v27.5 - https:\/\/yoast.com\/product\/yoast-seo-wordpress\/ -->\n<title>Probleme cu apa \u00een tot jude\u021bul. Motivul? Oamenii ud\u0103 gr\u0103dinile - Covasna45<\/title>\n<meta name=\"description\" content=\"Din cauza secetei, oamenii ud\u0103 gr\u0103dinile, ceea ce duce la probleme de presiune \u0219i randament pentru sistemul de alimentare.\" \/>\n<meta name=\"robots\" content=\"index, follow, max-snippet:-1, max-image-preview:large, max-video-preview:-1\" \/>\n<link rel=\"canonical\" href=\"https:\/\/covasna45.ro\/index.php\/lumea-noastra\/probleme-cu-apa-in-tot-judetul-motivul-oamenii-uda-gradinile\/\" \/>\n<meta property=\"og:locale\" content=\"ro_RO\" \/>\n<meta property=\"og:type\" content=\"article\" \/>\n<meta property=\"og:title\" content=\"Probleme cu apa \u00een tot jude\u021bul. Motivul? Oamenii ud\u0103 gr\u0103dinile - Covasna45\" \/>\n<meta property=\"og:description\" content=\"Din cauza secetei, oamenii ud\u0103 gr\u0103dinile, ceea ce duce la probleme de presiune \u0219i randament pentru sistemul de alimentare.\" \/>\n<meta property=\"og:url\" content=\"https:\/\/covasna45.ro\/index.php\/lumea-noastra\/probleme-cu-apa-in-tot-judetul-motivul-oamenii-uda-gradinile\/\" \/>\n<meta property=\"og:site_name\" content=\"Covasna45\" \/>\n<meta property=\"article:published_time\" content=\"2024-07-17T06:40:28+00:00\" \/>\n<meta property=\"article:modified_time\" content=\"2024-07-17T06:40:29+00:00\" \/>\n<meta property=\"og:image\" content=\"https:\/\/covasna45.ro\/wp-content\/uploads\/2024\/07\/furtun.jpg\" \/>\n\t<meta property=\"og:image:width\" content=\"1672\" \/>\n\t<meta property=\"og:image:height\" content=\"1115\" \/>\n\t<meta property=\"og:image:type\" content=\"image\/jpeg\" \/>\n<meta name=\"author\" content=\"Covasna45\" \/>\n<meta name=\"twitter:card\" content=\"summary_large_image\" \/>\n<meta name=\"twitter:label1\" content=\"Scris de\" \/>\n\t<meta name=\"twitter:data1\" content=\"Covasna45\" \/>\n\t<meta name=\"twitter:label2\" content=\"Timp estimat pentru citire\" \/>\n\t<meta name=\"twitter:data2\" content=\"6 minute\" \/>\n<script type=\"application\/ld+json\" class=\"yoast-schema-graph\">{\"@context\":\"https:\\\/\\\/schema.org\",\"@graph\":[{\"@type\":\"Article\",\"@id\":\"https:\\\/\\\/covasna45.ro\\\/index.php\\\/lumea-noastra\\\/probleme-cu-apa-in-tot-judetul-motivul-oamenii-uda-gradinile\\\/#article\",\"isPartOf\":{\"@id\":\"https:\\\/\\\/covasna45.ro\\\/index.php\\\/lumea-noastra\\\/probleme-cu-apa-in-tot-judetul-motivul-oamenii-uda-gradinile\\\/\"},\"author\":{\"name\":\"Covasna45\",\"@id\":\"https:\\\/\\\/covasna45.ro\\\/#\\\/schema\\\/person\\\/e674052bd7d95d70bbb007a1060ab73c\"},\"headline\":\"Probleme cu apa \u00een tot jude\u021bul. Motivul? Oamenii ud\u0103 gr\u0103dinile\",\"datePublished\":\"2024-07-17T06:40:28+00:00\",\"dateModified\":\"2024-07-17T06:40:29+00:00\",\"mainEntityOfPage\":{\"@id\":\"https:\\\/\\\/covasna45.ro\\\/index.php\\\/lumea-noastra\\\/probleme-cu-apa-in-tot-judetul-motivul-oamenii-uda-gradinile\\\/\"},\"wordCount\":1162,\"commentCount\":0,\"publisher\":{\"@id\":\"https:\\\/\\\/covasna45.ro\\\/#organization\"},\"image\":{\"@id\":\"https:\\\/\\\/covasna45.ro\\\/index.php\\\/lumea-noastra\\\/probleme-cu-apa-in-tot-judetul-motivul-oamenii-uda-gradinile\\\/#primaryimage\"},\"thumbnailUrl\":\"https:\\\/\\\/covasna45.ro\\\/wp-content\\\/uploads\\\/2024\\\/07\\\/furtun.jpg\",\"keywords\":[\"apa\",\"covasna\"],\"articleSection\":[\"Lumea noastr\u0103\"],\"inLanguage\":\"ro-RO\",\"potentialAction\":[{\"@type\":\"CommentAction\",\"name\":\"Comment\",\"target\":[\"https:\\\/\\\/covasna45.ro\\\/index.php\\\/lumea-noastra\\\/probleme-cu-apa-in-tot-judetul-motivul-oamenii-uda-gradinile\\\/#respond\"]}]},{\"@type\":\"WebPage\",\"@id\":\"https:\\\/\\\/covasna45.ro\\\/index.php\\\/lumea-noastra\\\/probleme-cu-apa-in-tot-judetul-motivul-oamenii-uda-gradinile\\\/\",\"url\":\"https:\\\/\\\/covasna45.ro\\\/index.php\\\/lumea-noastra\\\/probleme-cu-apa-in-tot-judetul-motivul-oamenii-uda-gradinile\\\/\",\"name\":\"Probleme cu apa \u00een tot jude\u021bul. Motivul? Oamenii ud\u0103 gr\u0103dinile - Covasna45\",\"isPartOf\":{\"@id\":\"https:\\\/\\\/covasna45.ro\\\/#website\"},\"primaryImageOfPage\":{\"@id\":\"https:\\\/\\\/covasna45.ro\\\/index.php\\\/lumea-noastra\\\/probleme-cu-apa-in-tot-judetul-motivul-oamenii-uda-gradinile\\\/#primaryimage\"},\"image\":{\"@id\":\"https:\\\/\\\/covasna45.ro\\\/index.php\\\/lumea-noastra\\\/probleme-cu-apa-in-tot-judetul-motivul-oamenii-uda-gradinile\\\/#primaryimage\"},\"thumbnailUrl\":\"https:\\\/\\\/covasna45.ro\\\/wp-content\\\/uploads\\\/2024\\\/07\\\/furtun.jpg\",\"datePublished\":\"2024-07-17T06:40:28+00:00\",\"dateModified\":\"2024-07-17T06:40:29+00:00\",\"description\":\"Din cauza secetei, oamenii ud\u0103 gr\u0103dinile, ceea ce duce la probleme de presiune \u0219i randament pentru sistemul de alimentare.\",\"breadcrumb\":{\"@id\":\"https:\\\/\\\/covasna45.ro\\\/index.php\\\/lumea-noastra\\\/probleme-cu-apa-in-tot-judetul-motivul-oamenii-uda-gradinile\\\/#breadcrumb\"},\"inLanguage\":\"ro-RO\",\"potentialAction\":[{\"@type\":\"ReadAction\",\"target\":[\"https:\\\/\\\/covasna45.ro\\\/index.php\\\/lumea-noastra\\\/probleme-cu-apa-in-tot-judetul-motivul-oamenii-uda-gradinile\\\/\"]}]},{\"@type\":\"ImageObject\",\"inLanguage\":\"ro-RO\",\"@id\":\"https:\\\/\\\/covasna45.ro\\\/index.php\\\/lumea-noastra\\\/probleme-cu-apa-in-tot-judetul-motivul-oamenii-uda-gradinile\\\/#primaryimage\",\"url\":\"https:\\\/\\\/covasna45.ro\\\/wp-content\\\/uploads\\\/2024\\\/07\\\/furtun.jpg\",\"contentUrl\":\"https:\\\/\\\/covasna45.ro\\\/wp-content\\\/uploads\\\/2024\\\/07\\\/furtun.jpg\",\"width\":1672,\"height\":1115},{\"@type\":\"BreadcrumbList\",\"@id\":\"https:\\\/\\\/covasna45.ro\\\/index.php\\\/lumea-noastra\\\/probleme-cu-apa-in-tot-judetul-motivul-oamenii-uda-gradinile\\\/#breadcrumb\",\"itemListElement\":[{\"@type\":\"ListItem\",\"position\":1,\"name\":\"Prima pagin\u0103\",\"item\":\"https:\\\/\\\/covasna45.ro\\\/\"},{\"@type\":\"ListItem\",\"position\":2,\"name\":\"Probleme cu apa \u00een tot jude\u021bul. Motivul? Oamenii ud\u0103 gr\u0103dinile\"}]},{\"@type\":\"WebSite\",\"@id\":\"https:\\\/\\\/covasna45.ro\\\/#website\",\"url\":\"https:\\\/\\\/covasna45.ro\\\/\",\"name\":\"covasna45.ro\",\"description\":\"\",\"publisher\":{\"@id\":\"https:\\\/\\\/covasna45.ro\\\/#organization\"},\"potentialAction\":[{\"@type\":\"SearchAction\",\"target\":{\"@type\":\"EntryPoint\",\"urlTemplate\":\"https:\\\/\\\/covasna45.ro\\\/?s={search_term_string}\"},\"query-input\":{\"@type\":\"PropertyValueSpecification\",\"valueRequired\":true,\"valueName\":\"search_term_string\"}}],\"inLanguage\":\"ro-RO\"},{\"@type\":\"Organization\",\"@id\":\"https:\\\/\\\/covasna45.ro\\\/#organization\",\"name\":\"covasna45.ro\",\"url\":\"https:\\\/\\\/covasna45.ro\\\/\",\"logo\":{\"@type\":\"ImageObject\",\"inLanguage\":\"ro-RO\",\"@id\":\"https:\\\/\\\/covasna45.ro\\\/#\\\/schema\\\/logo\\\/image\\\/\",\"url\":\"https:\\\/\\\/covasna45.ro\\\/wp-content\\\/uploads\\\/2023\\\/01\\\/icon_logo.png\",\"contentUrl\":\"https:\\\/\\\/covasna45.ro\\\/wp-content\\\/uploads\\\/2023\\\/01\\\/icon_logo.png\",\"width\":1900,\"height\":1900,\"caption\":\"covasna45.ro\"},\"image\":{\"@id\":\"https:\\\/\\\/covasna45.ro\\\/#\\\/schema\\\/logo\\\/image\\\/\"}},{\"@type\":\"Person\",\"@id\":\"https:\\\/\\\/covasna45.ro\\\/#\\\/schema\\\/person\\\/e674052bd7d95d70bbb007a1060ab73c\",\"name\":\"Covasna45\",\"image\":{\"@type\":\"ImageObject\",\"inLanguage\":\"ro-RO\",\"@id\":\"https:\\\/\\\/covasna45.ro\\\/wp-content\\\/uploads\\\/2025\\\/10\\\/icon_logo_covasna45-150x150.png\",\"url\":\"https:\\\/\\\/covasna45.ro\\\/wp-content\\\/uploads\\\/2025\\\/10\\\/icon_logo_covasna45-150x150.png\",\"contentUrl\":\"https:\\\/\\\/covasna45.ro\\\/wp-content\\\/uploads\\\/2025\\\/10\\\/icon_logo_covasna45-150x150.png\",\"caption\":\"Covasna45\"},\"sameAs\":[\"https:\\\/\\\/covasna45.ro\"],\"url\":\"https:\\\/\\\/covasna45.ro\\\/index.php\\\/author\\\/covasna\\\/\"}]}<\/script>\n<!-- \/ Yoast SEO plugin. -->","yoast_head_json":{"title":"Probleme cu apa \u00een tot jude\u021bul. Motivul? Oamenii ud\u0103 gr\u0103dinile - Covasna45","description":"Din cauza secetei, oamenii ud\u0103 gr\u0103dinile, ceea ce duce la probleme de presiune \u0219i randament pentru sistemul de alimentare.","robots":{"index":"index","follow":"follow","max-snippet":"max-snippet:-1","max-image-preview":"max-image-preview:large","max-video-preview":"max-video-preview:-1"},"canonical":"https:\/\/covasna45.ro\/index.php\/lumea-noastra\/probleme-cu-apa-in-tot-judetul-motivul-oamenii-uda-gradinile\/","og_locale":"ro_RO","og_type":"article","og_title":"Probleme cu apa \u00een tot jude\u021bul. Motivul? Oamenii ud\u0103 gr\u0103dinile - Covasna45","og_description":"Din cauza secetei, oamenii ud\u0103 gr\u0103dinile, ceea ce duce la probleme de presiune \u0219i randament pentru sistemul de alimentare.","og_url":"https:\/\/covasna45.ro\/index.php\/lumea-noastra\/probleme-cu-apa-in-tot-judetul-motivul-oamenii-uda-gradinile\/","og_site_name":"Covasna45","article_published_time":"2024-07-17T06:40:28+00:00","article_modified_time":"2024-07-17T06:40:29+00:00","og_image":[{"width":1672,"height":1115,"url":"https:\/\/covasna45.ro\/wp-content\/uploads\/2024\/07\/furtun.jpg","type":"image\/jpeg"}],"author":"Covasna45","twitter_card":"summary_large_image","twitter_misc":{"Scris de":"Covasna45","Timp estimat pentru citire":"6 minute"},"schema":{"@context":"https:\/\/schema.org","@graph":[{"@type":"Article","@id":"https:\/\/covasna45.ro\/index.php\/lumea-noastra\/probleme-cu-apa-in-tot-judetul-motivul-oamenii-uda-gradinile\/#article","isPartOf":{"@id":"https:\/\/covasna45.ro\/index.php\/lumea-noastra\/probleme-cu-apa-in-tot-judetul-motivul-oamenii-uda-gradinile\/"},"author":{"name":"Covasna45","@id":"https:\/\/covasna45.ro\/#\/schema\/person\/e674052bd7d95d70bbb007a1060ab73c"},"headline":"Probleme cu apa \u00een tot jude\u021bul. Motivul? Oamenii ud\u0103 gr\u0103dinile","datePublished":"2024-07-17T06:40:28+00:00","dateModified":"2024-07-17T06:40:29+00:00","mainEntityOfPage":{"@id":"https:\/\/covasna45.ro\/index.php\/lumea-noastra\/probleme-cu-apa-in-tot-judetul-motivul-oamenii-uda-gradinile\/"},"wordCount":1162,"commentCount":0,"publisher":{"@id":"https:\/\/covasna45.ro\/#organization"},"image":{"@id":"https:\/\/covasna45.ro\/index.php\/lumea-noastra\/probleme-cu-apa-in-tot-judetul-motivul-oamenii-uda-gradinile\/#primaryimage"},"thumbnailUrl":"https:\/\/covasna45.ro\/wp-content\/uploads\/2024\/07\/furtun.jpg","keywords":["apa","covasna"],"articleSection":["Lumea noastr\u0103"],"inLanguage":"ro-RO","potentialAction":[{"@type":"CommentAction","name":"Comment","target":["https:\/\/covasna45.ro\/index.php\/lumea-noastra\/probleme-cu-apa-in-tot-judetul-motivul-oamenii-uda-gradinile\/#respond"]}]},{"@type":"WebPage","@id":"https:\/\/covasna45.ro\/index.php\/lumea-noastra\/probleme-cu-apa-in-tot-judetul-motivul-oamenii-uda-gradinile\/","url":"https:\/\/covasna45.ro\/index.php\/lumea-noastra\/probleme-cu-apa-in-tot-judetul-motivul-oamenii-uda-gradinile\/","name":"Probleme cu apa \u00een tot jude\u021bul. Motivul? Oamenii ud\u0103 gr\u0103dinile - Covasna45","isPartOf":{"@id":"https:\/\/covasna45.ro\/#website"},"primaryImageOfPage":{"@id":"https:\/\/covasna45.ro\/index.php\/lumea-noastra\/probleme-cu-apa-in-tot-judetul-motivul-oamenii-uda-gradinile\/#primaryimage"},"image":{"@id":"https:\/\/covasna45.ro\/index.php\/lumea-noastra\/probleme-cu-apa-in-tot-judetul-motivul-oamenii-uda-gradinile\/#primaryimage"},"thumbnailUrl":"https:\/\/covasna45.ro\/wp-content\/uploads\/2024\/07\/furtun.jpg","datePublished":"2024-07-17T06:40:28+00:00","dateModified":"2024-07-17T06:40:29+00:00","description":"Din cauza secetei, oamenii ud\u0103 gr\u0103dinile, ceea ce duce la probleme de presiune \u0219i randament pentru sistemul de alimentare.","breadcrumb":{"@id":"https:\/\/covasna45.ro\/index.php\/lumea-noastra\/probleme-cu-apa-in-tot-judetul-motivul-oamenii-uda-gradinile\/#breadcrumb"},"inLanguage":"ro-RO","potentialAction":[{"@type":"ReadAction","target":["https:\/\/covasna45.ro\/index.php\/lumea-noastra\/probleme-cu-apa-in-tot-judetul-motivul-oamenii-uda-gradinile\/"]}]},{"@type":"ImageObject","inLanguage":"ro-RO","@id":"https:\/\/covasna45.ro\/index.php\/lumea-noastra\/probleme-cu-apa-in-tot-judetul-motivul-oamenii-uda-gradinile\/#primaryimage","url":"https:\/\/covasna45.ro\/wp-content\/uploads\/2024\/07\/furtun.jpg","contentUrl":"https:\/\/covasna45.ro\/wp-content\/uploads\/2024\/07\/furtun.jpg","width":1672,"height":1115},{"@type":"BreadcrumbList","@id":"https:\/\/covasna45.ro\/index.php\/lumea-noastra\/probleme-cu-apa-in-tot-judetul-motivul-oamenii-uda-gradinile\/#breadcrumb","itemListElement":[{"@type":"ListItem","position":1,"name":"Prima pagin\u0103","item":"https:\/\/covasna45.ro\/"},{"@type":"ListItem","position":2,"name":"Probleme cu apa \u00een tot jude\u021bul. Motivul? Oamenii ud\u0103 gr\u0103dinile"}]},{"@type":"WebSite","@id":"https:\/\/covasna45.ro\/#website","url":"https:\/\/covasna45.ro\/","name":"covasna45.ro","description":"","publisher":{"@id":"https:\/\/covasna45.ro\/#organization"},"potentialAction":[{"@type":"SearchAction","target":{"@type":"EntryPoint","urlTemplate":"https:\/\/covasna45.ro\/?s={search_term_string}"},"query-input":{"@type":"PropertyValueSpecification","valueRequired":true,"valueName":"search_term_string"}}],"inLanguage":"ro-RO"},{"@type":"Organization","@id":"https:\/\/covasna45.ro\/#organization","name":"covasna45.ro","url":"https:\/\/covasna45.ro\/","logo":{"@type":"ImageObject","inLanguage":"ro-RO","@id":"https:\/\/covasna45.ro\/#\/schema\/logo\/image\/","url":"https:\/\/covasna45.ro\/wp-content\/uploads\/2023\/01\/icon_logo.png","contentUrl":"https:\/\/covasna45.ro\/wp-content\/uploads\/2023\/01\/icon_logo.png","width":1900,"height":1900,"caption":"covasna45.ro"},"image":{"@id":"https:\/\/covasna45.ro\/#\/schema\/logo\/image\/"}},{"@type":"Person","@id":"https:\/\/covasna45.ro\/#\/schema\/person\/e674052bd7d95d70bbb007a1060ab73c","name":"Covasna45","image":{"@type":"ImageObject","inLanguage":"ro-RO","@id":"https:\/\/covasna45.ro\/wp-content\/uploads\/2025\/10\/icon_logo_covasna45-150x150.png","url":"https:\/\/covasna45.ro\/wp-content\/uploads\/2025\/10\/icon_logo_covasna45-150x150.png","contentUrl":"https:\/\/covasna45.ro\/wp-content\/uploads\/2025\/10\/icon_logo_covasna45-150x150.png","caption":"Covasna45"},"sameAs":["https:\/\/covasna45.ro"],"url":"https:\/\/covasna45.ro\/index.php\/author\/covasna\/"}]}},"_links":{"self":[{"href":"https:\/\/covasna45.ro\/index.php\/wp-json\/wp\/v2\/posts\/6990","targetHints":{"allow":["GET"]}}],"collection":[{"href":"https:\/\/covasna45.ro\/index.php\/wp-json\/wp\/v2\/posts"}],"about":[{"href":"https:\/\/covasna45.ro\/index.php\/wp-json\/wp\/v2\/types\/post"}],"author":[{"embeddable":true,"href":"https:\/\/covasna45.ro\/index.php\/wp-json\/wp\/v2\/users\/1"}],"replies":[{"embeddable":true,"href":"https:\/\/covasna45.ro\/index.php\/wp-json\/wp\/v2\/comments?post=6990"}],"version-history":[{"count":1,"href":"https:\/\/covasna45.ro\/index.php\/wp-json\/wp\/v2\/posts\/6990\/revisions"}],"predecessor-version":[{"id":6992,"href":"https:\/\/covasna45.ro\/index.php\/wp-json\/wp\/v2\/posts\/6990\/revisions\/6992"}],"wp:featuredmedia":[{"embeddable":true,"href":"https:\/\/covasna45.ro\/index.php\/wp-json\/wp\/v2\/media\/6991"}],"wp:attachment":[{"href":"https:\/\/covasna45.ro\/index.php\/wp-json\/wp\/v2\/media?parent=6990"}],"wp:term":[{"taxonomy":"category","embeddable":true,"href":"https:\/\/covasna45.ro\/index.php\/wp-json\/wp\/v2\/categories?post=6990"},{"taxonomy":"post_tag","embeddable":true,"href":"https:\/\/covasna45.ro\/index.php\/wp-json\/wp\/v2\/tags?post=6990"}],"curies":[{"name":"wp","href":"https:\/\/api.w.org\/{rel}","templated":true}]}}