{"id":6993,"date":"2024-07-17T09:48:57","date_gmt":"2024-07-17T07:48:57","guid":{"rendered":"https:\/\/covasna45.ro\/?p=6993"},"modified":"2024-07-17T09:48:58","modified_gmt":"2024-07-17T07:48:58","slug":"orasul-covasna-pregateste-sarbatoarea-mestesugurilor-festivalul-forgacs-pe-27-si-28-iulie","status":"publish","type":"post","link":"https:\/\/covasna45.ro\/index.php\/lumea-noastra\/orasul-covasna-pregateste-sarbatoarea-mestesugurilor-festivalul-forgacs-pe-27-si-28-iulie\/","title":{"rendered":"Ora\u0219ul Covasna preg\u0103te\u0219te s\u0103rb\u0103toarea me\u0219te\u0219ugurilor: Festivalul \u201eForg\u00e1cs\u201d, pe 27 \u0219i 28 iulie"},"content":{"rendered":"\n<p>Cea de-a cincea edi\u021bie a Festivalului \u201eForg\u00e1cs\u201d va avea loc pe 27 \u0219i 28 iulie \u00een centrul ora\u0219ului Covasna. \u00cen timp ce \u00een alte ora\u0219e, chiar din jude\u021b, au loc festivaluri f\u0103r\u0103 un scop precis (dar cu fonduri generoase), la \u201eForg\u00e1cs\u201d sunt s\u0103rb\u0103torite me\u0219te\u0219ugurile din scaunul Orbai \u0219i sunt pu\u0219i \u00een valoare oamenii care duc mai departe tradi\u021bia \u2013 de la cei care fac por\u021bi secuie\u0219ti sau \u0219indril\u0103, p\u00e2n\u0103 la cei care confec\u021bioneaz\u0103 p\u0103l\u0103rii din paie sau ciub\u0103re.<\/p>\n\n\n\n<figure class=\"wp-block-image size-large\"><img loading=\"lazy\" decoding=\"async\" width=\"676\" height=\"1024\" src=\"https:\/\/covasna45.ro\/wp-content\/uploads\/2024\/07\/tibor-forgacs-676x1024.jpg\" alt=\"\" class=\"wp-image-6995\" srcset=\"https:\/\/covasna45.ro\/wp-content\/uploads\/2024\/07\/tibor-forgacs-676x1024.jpg 676w, https:\/\/covasna45.ro\/wp-content\/uploads\/2024\/07\/tibor-forgacs-198x300.jpg 198w, https:\/\/covasna45.ro\/wp-content\/uploads\/2024\/07\/tibor-forgacs-768x1163.jpg 768w, https:\/\/covasna45.ro\/wp-content\/uploads\/2024\/07\/tibor-forgacs-1014x1536.jpg 1014w, https:\/\/covasna45.ro\/wp-content\/uploads\/2024\/07\/tibor-forgacs-1352x2048.jpg 1352w, https:\/\/covasna45.ro\/wp-content\/uploads\/2024\/07\/tibor-forgacs-150x227.jpg 150w, https:\/\/covasna45.ro\/wp-content\/uploads\/2024\/07\/tibor-forgacs-300x454.jpg 300w, https:\/\/covasna45.ro\/wp-content\/uploads\/2024\/07\/tibor-forgacs-696x1054.jpg 696w, https:\/\/covasna45.ro\/wp-content\/uploads\/2024\/07\/tibor-forgacs-1068x1618.jpg 1068w, https:\/\/covasna45.ro\/wp-content\/uploads\/2024\/07\/tibor-forgacs-scaled.jpg 1690w\" sizes=\"auto, (max-width: 676px) 100vw, 676px\" \/><\/figure>\n\n\n\n<p>Ca \u0219i la edi\u021biile anterioare, \u0219i \u00een acest an vor participa la festival comunit\u0103\u021bile micro-regiunii, astfel c\u0103 \u00eei vom putea urm\u0103ri la lucru sau cu produsele lor pe me\u0219terii din Zagon, Brate\u0219, Z\u0103bala, Comand\u0103u, Boro\u0219neu Mare sau Ghelin\u021ba.<\/p>\n\n\n\n<figure class=\"wp-block-image size-large\"><img loading=\"lazy\" decoding=\"async\" width=\"1024\" height=\"704\" src=\"https:\/\/covasna45.ro\/wp-content\/uploads\/2024\/07\/forgacs-2024-1024x704.jpg\" alt=\"\" class=\"wp-image-6996\" srcset=\"https:\/\/covasna45.ro\/wp-content\/uploads\/2024\/07\/forgacs-2024-1024x704.jpg 1024w, https:\/\/covasna45.ro\/wp-content\/uploads\/2024\/07\/forgacs-2024-300x206.jpg 300w, https:\/\/covasna45.ro\/wp-content\/uploads\/2024\/07\/forgacs-2024-768x528.jpg 768w, https:\/\/covasna45.ro\/wp-content\/uploads\/2024\/07\/forgacs-2024-150x103.jpg 150w, https:\/\/covasna45.ro\/wp-content\/uploads\/2024\/07\/forgacs-2024-218x150.jpg 218w, https:\/\/covasna45.ro\/wp-content\/uploads\/2024\/07\/forgacs-2024-696x478.jpg 696w, https:\/\/covasna45.ro\/wp-content\/uploads\/2024\/07\/forgacs-2024-1068x734.jpg 1068w, https:\/\/covasna45.ro\/wp-content\/uploads\/2024\/07\/forgacs-2024.jpg 1320w\" sizes=\"auto, (max-width: 1024px) 100vw, 1024px\" \/><\/figure>\n\n\n\n<p>Nu vor lipsi programele culturale sau concertele, chiar dac\u0103 edi\u021bia din acest an este la \u201econcuren\u021b\u0103\u201d cu cea de-a 33-a edi\u021bie a \u201eUniversit\u0103\u021bii de var\u0103\u201d Tusv\u00e1nyos. Vor urca pe scen\u0103 ansambluri de muzic\u0103 \u0219i dansuri populare, dar organizatorii vor aduce \u0219i trupe de muzic\u0103 retro sau folk \u00eendr\u0103gite de public.<\/p>\n\n\n\n<figure class=\"wp-block-image size-large\"><img loading=\"lazy\" decoding=\"async\" width=\"1024\" height=\"768\" src=\"https:\/\/covasna45.ro\/wp-content\/uploads\/2024\/07\/lenn-for-1024x768.jpg\" alt=\"\" class=\"wp-image-7000\" srcset=\"https:\/\/covasna45.ro\/wp-content\/uploads\/2024\/07\/lenn-for-1024x768.jpg 1024w, https:\/\/covasna45.ro\/wp-content\/uploads\/2024\/07\/lenn-for-300x225.jpg 300w, https:\/\/covasna45.ro\/wp-content\/uploads\/2024\/07\/lenn-for-768x576.jpg 768w, https:\/\/covasna45.ro\/wp-content\/uploads\/2024\/07\/lenn-for-1536x1152.jpg 1536w, https:\/\/covasna45.ro\/wp-content\/uploads\/2024\/07\/lenn-for-150x113.jpg 150w, https:\/\/covasna45.ro\/wp-content\/uploads\/2024\/07\/lenn-for-696x522.jpg 696w, https:\/\/covasna45.ro\/wp-content\/uploads\/2024\/07\/lenn-for-1068x801.jpg 1068w, https:\/\/covasna45.ro\/wp-content\/uploads\/2024\/07\/lenn-for.jpg 1624w\" sizes=\"auto, (max-width: 1024px) 100vw, 1024px\" \/><\/figure>\n\n\n\n<p>\u0218i concursul de t\u0103iere a lemnului face parte din edi\u021bia 2024. Mai multe echipe ale firmelor de exploatare forestier\u0103 \u0219i prelucrare primar\u0103 a lemnului se vor \u00eentrece \u00een m\u00e2nuirea motofier\u0103str\u0103ului.<\/p>\n\n\n\n<figure class=\"wp-block-image size-large\"><img loading=\"lazy\" decoding=\"async\" width=\"1024\" height=\"768\" src=\"https:\/\/covasna45.ro\/wp-content\/uploads\/2024\/07\/for6-1024x768.jpg\" alt=\"\" class=\"wp-image-6997\" srcset=\"https:\/\/covasna45.ro\/wp-content\/uploads\/2024\/07\/for6-1024x768.jpg 1024w, https:\/\/covasna45.ro\/wp-content\/uploads\/2024\/07\/for6-300x225.jpg 300w, https:\/\/covasna45.ro\/wp-content\/uploads\/2024\/07\/for6-768x576.jpg 768w, https:\/\/covasna45.ro\/wp-content\/uploads\/2024\/07\/for6-1536x1152.jpg 1536w, https:\/\/covasna45.ro\/wp-content\/uploads\/2024\/07\/for6-150x113.jpg 150w, https:\/\/covasna45.ro\/wp-content\/uploads\/2024\/07\/for6-696x522.jpg 696w, https:\/\/covasna45.ro\/wp-content\/uploads\/2024\/07\/for6-1068x801.jpg 1068w, https:\/\/covasna45.ro\/wp-content\/uploads\/2024\/07\/for6.jpg 1624w\" sizes=\"auto, (max-width: 1024px) 100vw, 1024px\" \/><\/figure>\n\n\n\n<p>\u201e<strong><em>Obiectivele noastre sunt s\u0103 \u00eei aducem \u00eempreun\u0103 pe cei din regiune, s\u0103 vedem tehnicile de lucru \u00een prelucrarea lemnului, s\u0103 coagul\u0103m cumva for\u021bele \u0219i valorile din zona Orbai. Esen\u021ba acestui eveniment e dat\u0103 chiar de numele lui. Pentru c\u0103 forg\u00e1cs \u00eenseamn\u0103 un rest care r\u0103m\u00e2ne dup\u0103 prelucrarea lemnului, ca o dovad\u0103 c\u0103 dintr-o bucat\u0103 de lemn s-a realizat ceva valoros. C\u0103 s-a muncit. Festivalul arat\u0103 specificul zonei noastre \u0219i este despre munc\u0103<\/em><\/strong>\u201d, a declarat pentru <a href=\"https:\/\/covasna45.ro\/index.php\/lumea-noastra\/viktor-orban-a-confirmat-prezenta-la-tusvanyos-pe-27-iulie\/\">covasna45.ro<\/a> primarul ora\u0219ului Covasna, principalul organizator al festivalului, Gyer\u0151 J\u00f3zsef.<\/p>\n\n\n\n<figure class=\"wp-block-image size-large\"><img loading=\"lazy\" decoding=\"async\" width=\"1024\" height=\"768\" src=\"https:\/\/covasna45.ro\/wp-content\/uploads\/2024\/07\/for3-1024x768.jpg\" alt=\"\" class=\"wp-image-6998\" srcset=\"https:\/\/covasna45.ro\/wp-content\/uploads\/2024\/07\/for3-1024x768.jpg 1024w, https:\/\/covasna45.ro\/wp-content\/uploads\/2024\/07\/for3-300x225.jpg 300w, https:\/\/covasna45.ro\/wp-content\/uploads\/2024\/07\/for3-768x576.jpg 768w, https:\/\/covasna45.ro\/wp-content\/uploads\/2024\/07\/for3-1536x1152.jpg 1536w, https:\/\/covasna45.ro\/wp-content\/uploads\/2024\/07\/for3-150x113.jpg 150w, https:\/\/covasna45.ro\/wp-content\/uploads\/2024\/07\/for3-696x522.jpg 696w, https:\/\/covasna45.ro\/wp-content\/uploads\/2024\/07\/for3-1068x801.jpg 1068w, https:\/\/covasna45.ro\/wp-content\/uploads\/2024\/07\/for3.jpg 1624w\" sizes=\"auto, (max-width: 1024px) 100vw, 1024px\" \/><\/figure>\n\n\n\n<p>Cei care vor veni la Covasna pe 27 \u0219i 28 iulie se vor bucura \u0219i de preparate tradi\u021bionale, dar \u0219i de ofertele speciale de la food truck-uri. Dar vor putea s\u0103 admire unelte, \u021bes\u0103turi, echipamente de lucru \u0219i s\u0103 cumpere produse realizate manual chiar de la cei care le-au realizat.<\/p>\n\n\n\n<figure class=\"wp-block-image size-large\"><img loading=\"lazy\" decoding=\"async\" width=\"1024\" height=\"768\" src=\"https:\/\/covasna45.ro\/wp-content\/uploads\/2024\/07\/for5-1024x768.jpg\" alt=\"\" class=\"wp-image-6999\" srcset=\"https:\/\/covasna45.ro\/wp-content\/uploads\/2024\/07\/for5-1024x768.jpg 1024w, https:\/\/covasna45.ro\/wp-content\/uploads\/2024\/07\/for5-300x225.jpg 300w, https:\/\/covasna45.ro\/wp-content\/uploads\/2024\/07\/for5-768x576.jpg 768w, https:\/\/covasna45.ro\/wp-content\/uploads\/2024\/07\/for5-1536x1152.jpg 1536w, https:\/\/covasna45.ro\/wp-content\/uploads\/2024\/07\/for5-150x113.jpg 150w, https:\/\/covasna45.ro\/wp-content\/uploads\/2024\/07\/for5-696x522.jpg 696w, https:\/\/covasna45.ro\/wp-content\/uploads\/2024\/07\/for5-1068x801.jpg 1068w, https:\/\/covasna45.ro\/wp-content\/uploads\/2024\/07\/for5.jpg 1624w\" sizes=\"auto, (max-width: 1024px) 100vw, 1024px\" \/><\/figure>\n\n\n\n<p>Printre organizatori se num\u0103r\u0103 prim\u0103riile din scaunul Orbai, Consiliul Jude\u021bean Covasna, Asocia\u021bia pentru Dezvoltarea Turismului \u00een jude\u021bul Covasna, Organiza\u021bia de Femei a UDMR din ora\u0219ul Covasna, Casa de Cultur\u0103 Covasna \u0219i Asocia\u021bia Tinerilor din Covasna.<\/p>\n","protected":false},"excerpt":{"rendered":"<p>Cea de-a cincea edi\u021bie a Festivalului \u201eForg\u00e1cs\u201d va avea loc pe 27 \u0219i 28 iulie \u00een centrul ora\u0219ului Covasna. \u00cen timp ce \u00een alte ora\u0219e, chiar din jude\u021b, au loc festivaluri f\u0103r\u0103 un scop precis (dar cu fonduri generoase), la \u201eForg\u00e1cs\u201d sunt s\u0103rb\u0103torite me\u0219te\u0219ugurile din scaunul Orbai \u0219i sunt pu\u0219i \u00een valoare oamenii care duc [&hellip;]<\/p>\n","protected":false},"author":1,"featured_media":6994,"comment_status":"open","ping_status":"closed","sticky":false,"template":"","format":"standard","meta":{"tdm_status":"","tdm_grid_status":"","footnotes":""},"categories":[14],"tags":[21,2608,2609],"class_list":{"0":"post-6993","1":"post","2":"type-post","3":"status-publish","4":"format-standard","5":"has-post-thumbnail","7":"category-lumea-noastra","8":"tag-covasna","9":"tag-forgacs","10":"tag-mestesug-2"},"yoast_head":"<!-- This site is optimized with the Yoast SEO plugin v27.5 - https:\/\/yoast.com\/product\/yoast-seo-wordpress\/ -->\n<title>Ora\u0219ul Covasna preg\u0103te\u0219te s\u0103rb\u0103toarea me\u0219te\u0219ugurilor: Festivalul \u201eForg\u00e1cs\u201d, pe 27 \u0219i 28 iulie - Covasna45<\/title>\n<meta name=\"description\" content=\"Mai multe echipe ale firmelor de exploatare forestier\u0103 \u0219i prelucrare primar\u0103 a lemnului se vor \u00eentrece \u00een m\u00e2nuirea motofier\u0103str\u0103ului.\" \/>\n<meta name=\"robots\" content=\"index, follow, max-snippet:-1, max-image-preview:large, max-video-preview:-1\" \/>\n<link rel=\"canonical\" href=\"https:\/\/covasna45.ro\/index.php\/lumea-noastra\/orasul-covasna-pregateste-sarbatoarea-mestesugurilor-festivalul-forgacs-pe-27-si-28-iulie\/\" \/>\n<meta property=\"og:locale\" content=\"ro_RO\" \/>\n<meta property=\"og:type\" content=\"article\" \/>\n<meta property=\"og:title\" content=\"Ora\u0219ul Covasna preg\u0103te\u0219te s\u0103rb\u0103toarea me\u0219te\u0219ugurilor: Festivalul \u201eForg\u00e1cs\u201d, pe 27 \u0219i 28 iulie - Covasna45\" \/>\n<meta property=\"og:description\" content=\"Mai multe echipe ale firmelor de exploatare forestier\u0103 \u0219i prelucrare primar\u0103 a lemnului se vor \u00eentrece \u00een m\u00e2nuirea motofier\u0103str\u0103ului.\" \/>\n<meta property=\"og:url\" content=\"https:\/\/covasna45.ro\/index.php\/lumea-noastra\/orasul-covasna-pregateste-sarbatoarea-mestesugurilor-festivalul-forgacs-pe-27-si-28-iulie\/\" \/>\n<meta property=\"og:site_name\" content=\"Covasna45\" \/>\n<meta property=\"article:published_time\" content=\"2024-07-17T07:48:57+00:00\" \/>\n<meta property=\"article:modified_time\" content=\"2024-07-17T07:48:58+00:00\" \/>\n<meta property=\"og:image\" content=\"https:\/\/covasna45.ro\/wp-content\/uploads\/2024\/07\/for8.jpg\" \/>\n\t<meta property=\"og:image:width\" content=\"1232\" \/>\n\t<meta property=\"og:image:height\" content=\"735\" \/>\n\t<meta property=\"og:image:type\" content=\"image\/jpeg\" \/>\n<meta name=\"author\" content=\"Covasna45\" \/>\n<meta name=\"twitter:card\" content=\"summary_large_image\" \/>\n<meta name=\"twitter:label1\" content=\"Scris de\" \/>\n\t<meta name=\"twitter:data1\" content=\"Covasna45\" \/>\n\t<meta name=\"twitter:label2\" content=\"Timp estimat pentru citire\" \/>\n\t<meta name=\"twitter:data2\" content=\"4 minute\" \/>\n<script type=\"application\/ld+json\" class=\"yoast-schema-graph\">{\"@context\":\"https:\\\/\\\/schema.org\",\"@graph\":[{\"@type\":\"Article\",\"@id\":\"https:\\\/\\\/covasna45.ro\\\/index.php\\\/lumea-noastra\\\/orasul-covasna-pregateste-sarbatoarea-mestesugurilor-festivalul-forgacs-pe-27-si-28-iulie\\\/#article\",\"isPartOf\":{\"@id\":\"https:\\\/\\\/covasna45.ro\\\/index.php\\\/lumea-noastra\\\/orasul-covasna-pregateste-sarbatoarea-mestesugurilor-festivalul-forgacs-pe-27-si-28-iulie\\\/\"},\"author\":{\"name\":\"Covasna45\",\"@id\":\"https:\\\/\\\/covasna45.ro\\\/#\\\/schema\\\/person\\\/e674052bd7d95d70bbb007a1060ab73c\"},\"headline\":\"Ora\u0219ul Covasna preg\u0103te\u0219te s\u0103rb\u0103toarea me\u0219te\u0219ugurilor: Festivalul \u201eForg\u00e1cs\u201d, pe 27 \u0219i 28 iulie\",\"datePublished\":\"2024-07-17T07:48:57+00:00\",\"dateModified\":\"2024-07-17T07:48:58+00:00\",\"mainEntityOfPage\":{\"@id\":\"https:\\\/\\\/covasna45.ro\\\/index.php\\\/lumea-noastra\\\/orasul-covasna-pregateste-sarbatoarea-mestesugurilor-festivalul-forgacs-pe-27-si-28-iulie\\\/\"},\"wordCount\":434,\"commentCount\":0,\"publisher\":{\"@id\":\"https:\\\/\\\/covasna45.ro\\\/#organization\"},\"image\":{\"@id\":\"https:\\\/\\\/covasna45.ro\\\/index.php\\\/lumea-noastra\\\/orasul-covasna-pregateste-sarbatoarea-mestesugurilor-festivalul-forgacs-pe-27-si-28-iulie\\\/#primaryimage\"},\"thumbnailUrl\":\"https:\\\/\\\/covasna45.ro\\\/wp-content\\\/uploads\\\/2024\\\/07\\\/for8.jpg\",\"keywords\":[\"covasna\",\"Forgacs\",\"mestesug\"],\"articleSection\":[\"Lumea noastr\u0103\"],\"inLanguage\":\"ro-RO\",\"potentialAction\":[{\"@type\":\"CommentAction\",\"name\":\"Comment\",\"target\":[\"https:\\\/\\\/covasna45.ro\\\/index.php\\\/lumea-noastra\\\/orasul-covasna-pregateste-sarbatoarea-mestesugurilor-festivalul-forgacs-pe-27-si-28-iulie\\\/#respond\"]}]},{\"@type\":\"WebPage\",\"@id\":\"https:\\\/\\\/covasna45.ro\\\/index.php\\\/lumea-noastra\\\/orasul-covasna-pregateste-sarbatoarea-mestesugurilor-festivalul-forgacs-pe-27-si-28-iulie\\\/\",\"url\":\"https:\\\/\\\/covasna45.ro\\\/index.php\\\/lumea-noastra\\\/orasul-covasna-pregateste-sarbatoarea-mestesugurilor-festivalul-forgacs-pe-27-si-28-iulie\\\/\",\"name\":\"Ora\u0219ul Covasna preg\u0103te\u0219te s\u0103rb\u0103toarea me\u0219te\u0219ugurilor: Festivalul \u201eForg\u00e1cs\u201d, pe 27 \u0219i 28 iulie - Covasna45\",\"isPartOf\":{\"@id\":\"https:\\\/\\\/covasna45.ro\\\/#website\"},\"primaryImageOfPage\":{\"@id\":\"https:\\\/\\\/covasna45.ro\\\/index.php\\\/lumea-noastra\\\/orasul-covasna-pregateste-sarbatoarea-mestesugurilor-festivalul-forgacs-pe-27-si-28-iulie\\\/#primaryimage\"},\"image\":{\"@id\":\"https:\\\/\\\/covasna45.ro\\\/index.php\\\/lumea-noastra\\\/orasul-covasna-pregateste-sarbatoarea-mestesugurilor-festivalul-forgacs-pe-27-si-28-iulie\\\/#primaryimage\"},\"thumbnailUrl\":\"https:\\\/\\\/covasna45.ro\\\/wp-content\\\/uploads\\\/2024\\\/07\\\/for8.jpg\",\"datePublished\":\"2024-07-17T07:48:57+00:00\",\"dateModified\":\"2024-07-17T07:48:58+00:00\",\"description\":\"Mai multe echipe ale firmelor de exploatare forestier\u0103 \u0219i prelucrare primar\u0103 a lemnului se vor \u00eentrece \u00een m\u00e2nuirea motofier\u0103str\u0103ului.\",\"breadcrumb\":{\"@id\":\"https:\\\/\\\/covasna45.ro\\\/index.php\\\/lumea-noastra\\\/orasul-covasna-pregateste-sarbatoarea-mestesugurilor-festivalul-forgacs-pe-27-si-28-iulie\\\/#breadcrumb\"},\"inLanguage\":\"ro-RO\",\"potentialAction\":[{\"@type\":\"ReadAction\",\"target\":[\"https:\\\/\\\/covasna45.ro\\\/index.php\\\/lumea-noastra\\\/orasul-covasna-pregateste-sarbatoarea-mestesugurilor-festivalul-forgacs-pe-27-si-28-iulie\\\/\"]}]},{\"@type\":\"ImageObject\",\"inLanguage\":\"ro-RO\",\"@id\":\"https:\\\/\\\/covasna45.ro\\\/index.php\\\/lumea-noastra\\\/orasul-covasna-pregateste-sarbatoarea-mestesugurilor-festivalul-forgacs-pe-27-si-28-iulie\\\/#primaryimage\",\"url\":\"https:\\\/\\\/covasna45.ro\\\/wp-content\\\/uploads\\\/2024\\\/07\\\/for8.jpg\",\"contentUrl\":\"https:\\\/\\\/covasna45.ro\\\/wp-content\\\/uploads\\\/2024\\\/07\\\/for8.jpg\",\"width\":1232,\"height\":735},{\"@type\":\"BreadcrumbList\",\"@id\":\"https:\\\/\\\/covasna45.ro\\\/index.php\\\/lumea-noastra\\\/orasul-covasna-pregateste-sarbatoarea-mestesugurilor-festivalul-forgacs-pe-27-si-28-iulie\\\/#breadcrumb\",\"itemListElement\":[{\"@type\":\"ListItem\",\"position\":1,\"name\":\"Prima pagin\u0103\",\"item\":\"https:\\\/\\\/covasna45.ro\\\/\"},{\"@type\":\"ListItem\",\"position\":2,\"name\":\"Ora\u0219ul Covasna preg\u0103te\u0219te s\u0103rb\u0103toarea me\u0219te\u0219ugurilor: Festivalul \u201eForg\u00e1cs\u201d, pe 27 \u0219i 28 iulie\"}]},{\"@type\":\"WebSite\",\"@id\":\"https:\\\/\\\/covasna45.ro\\\/#website\",\"url\":\"https:\\\/\\\/covasna45.ro\\\/\",\"name\":\"covasna45.ro\",\"description\":\"\",\"publisher\":{\"@id\":\"https:\\\/\\\/covasna45.ro\\\/#organization\"},\"potentialAction\":[{\"@type\":\"SearchAction\",\"target\":{\"@type\":\"EntryPoint\",\"urlTemplate\":\"https:\\\/\\\/covasna45.ro\\\/?s={search_term_string}\"},\"query-input\":{\"@type\":\"PropertyValueSpecification\",\"valueRequired\":true,\"valueName\":\"search_term_string\"}}],\"inLanguage\":\"ro-RO\"},{\"@type\":\"Organization\",\"@id\":\"https:\\\/\\\/covasna45.ro\\\/#organization\",\"name\":\"covasna45.ro\",\"url\":\"https:\\\/\\\/covasna45.ro\\\/\",\"logo\":{\"@type\":\"ImageObject\",\"inLanguage\":\"ro-RO\",\"@id\":\"https:\\\/\\\/covasna45.ro\\\/#\\\/schema\\\/logo\\\/image\\\/\",\"url\":\"https:\\\/\\\/covasna45.ro\\\/wp-content\\\/uploads\\\/2023\\\/01\\\/icon_logo.png\",\"contentUrl\":\"https:\\\/\\\/covasna45.ro\\\/wp-content\\\/uploads\\\/2023\\\/01\\\/icon_logo.png\",\"width\":1900,\"height\":1900,\"caption\":\"covasna45.ro\"},\"image\":{\"@id\":\"https:\\\/\\\/covasna45.ro\\\/#\\\/schema\\\/logo\\\/image\\\/\"}},{\"@type\":\"Person\",\"@id\":\"https:\\\/\\\/covasna45.ro\\\/#\\\/schema\\\/person\\\/e674052bd7d95d70bbb007a1060ab73c\",\"name\":\"Covasna45\",\"image\":{\"@type\":\"ImageObject\",\"inLanguage\":\"ro-RO\",\"@id\":\"https:\\\/\\\/covasna45.ro\\\/wp-content\\\/uploads\\\/2025\\\/10\\\/icon_logo_covasna45-150x150.png\",\"url\":\"https:\\\/\\\/covasna45.ro\\\/wp-content\\\/uploads\\\/2025\\\/10\\\/icon_logo_covasna45-150x150.png\",\"contentUrl\":\"https:\\\/\\\/covasna45.ro\\\/wp-content\\\/uploads\\\/2025\\\/10\\\/icon_logo_covasna45-150x150.png\",\"caption\":\"Covasna45\"},\"sameAs\":[\"https:\\\/\\\/covasna45.ro\"],\"url\":\"https:\\\/\\\/covasna45.ro\\\/index.php\\\/author\\\/covasna\\\/\"}]}<\/script>\n<!-- \/ Yoast SEO plugin. -->","yoast_head_json":{"title":"Ora\u0219ul Covasna preg\u0103te\u0219te s\u0103rb\u0103toarea me\u0219te\u0219ugurilor: Festivalul \u201eForg\u00e1cs\u201d, pe 27 \u0219i 28 iulie - Covasna45","description":"Mai multe echipe ale firmelor de exploatare forestier\u0103 \u0219i prelucrare primar\u0103 a lemnului se vor \u00eentrece \u00een m\u00e2nuirea motofier\u0103str\u0103ului.","robots":{"index":"index","follow":"follow","max-snippet":"max-snippet:-1","max-image-preview":"max-image-preview:large","max-video-preview":"max-video-preview:-1"},"canonical":"https:\/\/covasna45.ro\/index.php\/lumea-noastra\/orasul-covasna-pregateste-sarbatoarea-mestesugurilor-festivalul-forgacs-pe-27-si-28-iulie\/","og_locale":"ro_RO","og_type":"article","og_title":"Ora\u0219ul Covasna preg\u0103te\u0219te s\u0103rb\u0103toarea me\u0219te\u0219ugurilor: Festivalul \u201eForg\u00e1cs\u201d, pe 27 \u0219i 28 iulie - Covasna45","og_description":"Mai multe echipe ale firmelor de exploatare forestier\u0103 \u0219i prelucrare primar\u0103 a lemnului se vor \u00eentrece \u00een m\u00e2nuirea motofier\u0103str\u0103ului.","og_url":"https:\/\/covasna45.ro\/index.php\/lumea-noastra\/orasul-covasna-pregateste-sarbatoarea-mestesugurilor-festivalul-forgacs-pe-27-si-28-iulie\/","og_site_name":"Covasna45","article_published_time":"2024-07-17T07:48:57+00:00","article_modified_time":"2024-07-17T07:48:58+00:00","og_image":[{"width":1232,"height":735,"url":"https:\/\/covasna45.ro\/wp-content\/uploads\/2024\/07\/for8.jpg","type":"image\/jpeg"}],"author":"Covasna45","twitter_card":"summary_large_image","twitter_misc":{"Scris de":"Covasna45","Timp estimat pentru citire":"4 minute"},"schema":{"@context":"https:\/\/schema.org","@graph":[{"@type":"Article","@id":"https:\/\/covasna45.ro\/index.php\/lumea-noastra\/orasul-covasna-pregateste-sarbatoarea-mestesugurilor-festivalul-forgacs-pe-27-si-28-iulie\/#article","isPartOf":{"@id":"https:\/\/covasna45.ro\/index.php\/lumea-noastra\/orasul-covasna-pregateste-sarbatoarea-mestesugurilor-festivalul-forgacs-pe-27-si-28-iulie\/"},"author":{"name":"Covasna45","@id":"https:\/\/covasna45.ro\/#\/schema\/person\/e674052bd7d95d70bbb007a1060ab73c"},"headline":"Ora\u0219ul Covasna preg\u0103te\u0219te s\u0103rb\u0103toarea me\u0219te\u0219ugurilor: Festivalul \u201eForg\u00e1cs\u201d, pe 27 \u0219i 28 iulie","datePublished":"2024-07-17T07:48:57+00:00","dateModified":"2024-07-17T07:48:58+00:00","mainEntityOfPage":{"@id":"https:\/\/covasna45.ro\/index.php\/lumea-noastra\/orasul-covasna-pregateste-sarbatoarea-mestesugurilor-festivalul-forgacs-pe-27-si-28-iulie\/"},"wordCount":434,"commentCount":0,"publisher":{"@id":"https:\/\/covasna45.ro\/#organization"},"image":{"@id":"https:\/\/covasna45.ro\/index.php\/lumea-noastra\/orasul-covasna-pregateste-sarbatoarea-mestesugurilor-festivalul-forgacs-pe-27-si-28-iulie\/#primaryimage"},"thumbnailUrl":"https:\/\/covasna45.ro\/wp-content\/uploads\/2024\/07\/for8.jpg","keywords":["covasna","Forgacs","mestesug"],"articleSection":["Lumea noastr\u0103"],"inLanguage":"ro-RO","potentialAction":[{"@type":"CommentAction","name":"Comment","target":["https:\/\/covasna45.ro\/index.php\/lumea-noastra\/orasul-covasna-pregateste-sarbatoarea-mestesugurilor-festivalul-forgacs-pe-27-si-28-iulie\/#respond"]}]},{"@type":"WebPage","@id":"https:\/\/covasna45.ro\/index.php\/lumea-noastra\/orasul-covasna-pregateste-sarbatoarea-mestesugurilor-festivalul-forgacs-pe-27-si-28-iulie\/","url":"https:\/\/covasna45.ro\/index.php\/lumea-noastra\/orasul-covasna-pregateste-sarbatoarea-mestesugurilor-festivalul-forgacs-pe-27-si-28-iulie\/","name":"Ora\u0219ul Covasna preg\u0103te\u0219te s\u0103rb\u0103toarea me\u0219te\u0219ugurilor: Festivalul \u201eForg\u00e1cs\u201d, pe 27 \u0219i 28 iulie - Covasna45","isPartOf":{"@id":"https:\/\/covasna45.ro\/#website"},"primaryImageOfPage":{"@id":"https:\/\/covasna45.ro\/index.php\/lumea-noastra\/orasul-covasna-pregateste-sarbatoarea-mestesugurilor-festivalul-forgacs-pe-27-si-28-iulie\/#primaryimage"},"image":{"@id":"https:\/\/covasna45.ro\/index.php\/lumea-noastra\/orasul-covasna-pregateste-sarbatoarea-mestesugurilor-festivalul-forgacs-pe-27-si-28-iulie\/#primaryimage"},"thumbnailUrl":"https:\/\/covasna45.ro\/wp-content\/uploads\/2024\/07\/for8.jpg","datePublished":"2024-07-17T07:48:57+00:00","dateModified":"2024-07-17T07:48:58+00:00","description":"Mai multe echipe ale firmelor de exploatare forestier\u0103 \u0219i prelucrare primar\u0103 a lemnului se vor \u00eentrece \u00een m\u00e2nuirea motofier\u0103str\u0103ului.","breadcrumb":{"@id":"https:\/\/covasna45.ro\/index.php\/lumea-noastra\/orasul-covasna-pregateste-sarbatoarea-mestesugurilor-festivalul-forgacs-pe-27-si-28-iulie\/#breadcrumb"},"inLanguage":"ro-RO","potentialAction":[{"@type":"ReadAction","target":["https:\/\/covasna45.ro\/index.php\/lumea-noastra\/orasul-covasna-pregateste-sarbatoarea-mestesugurilor-festivalul-forgacs-pe-27-si-28-iulie\/"]}]},{"@type":"ImageObject","inLanguage":"ro-RO","@id":"https:\/\/covasna45.ro\/index.php\/lumea-noastra\/orasul-covasna-pregateste-sarbatoarea-mestesugurilor-festivalul-forgacs-pe-27-si-28-iulie\/#primaryimage","url":"https:\/\/covasna45.ro\/wp-content\/uploads\/2024\/07\/for8.jpg","contentUrl":"https:\/\/covasna45.ro\/wp-content\/uploads\/2024\/07\/for8.jpg","width":1232,"height":735},{"@type":"BreadcrumbList","@id":"https:\/\/covasna45.ro\/index.php\/lumea-noastra\/orasul-covasna-pregateste-sarbatoarea-mestesugurilor-festivalul-forgacs-pe-27-si-28-iulie\/#breadcrumb","itemListElement":[{"@type":"ListItem","position":1,"name":"Prima pagin\u0103","item":"https:\/\/covasna45.ro\/"},{"@type":"ListItem","position":2,"name":"Ora\u0219ul Covasna preg\u0103te\u0219te s\u0103rb\u0103toarea me\u0219te\u0219ugurilor: Festivalul \u201eForg\u00e1cs\u201d, pe 27 \u0219i 28 iulie"}]},{"@type":"WebSite","@id":"https:\/\/covasna45.ro\/#website","url":"https:\/\/covasna45.ro\/","name":"covasna45.ro","description":"","publisher":{"@id":"https:\/\/covasna45.ro\/#organization"},"potentialAction":[{"@type":"SearchAction","target":{"@type":"EntryPoint","urlTemplate":"https:\/\/covasna45.ro\/?s={search_term_string}"},"query-input":{"@type":"PropertyValueSpecification","valueRequired":true,"valueName":"search_term_string"}}],"inLanguage":"ro-RO"},{"@type":"Organization","@id":"https:\/\/covasna45.ro\/#organization","name":"covasna45.ro","url":"https:\/\/covasna45.ro\/","logo":{"@type":"ImageObject","inLanguage":"ro-RO","@id":"https:\/\/covasna45.ro\/#\/schema\/logo\/image\/","url":"https:\/\/covasna45.ro\/wp-content\/uploads\/2023\/01\/icon_logo.png","contentUrl":"https:\/\/covasna45.ro\/wp-content\/uploads\/2023\/01\/icon_logo.png","width":1900,"height":1900,"caption":"covasna45.ro"},"image":{"@id":"https:\/\/covasna45.ro\/#\/schema\/logo\/image\/"}},{"@type":"Person","@id":"https:\/\/covasna45.ro\/#\/schema\/person\/e674052bd7d95d70bbb007a1060ab73c","name":"Covasna45","image":{"@type":"ImageObject","inLanguage":"ro-RO","@id":"https:\/\/covasna45.ro\/wp-content\/uploads\/2025\/10\/icon_logo_covasna45-150x150.png","url":"https:\/\/covasna45.ro\/wp-content\/uploads\/2025\/10\/icon_logo_covasna45-150x150.png","contentUrl":"https:\/\/covasna45.ro\/wp-content\/uploads\/2025\/10\/icon_logo_covasna45-150x150.png","caption":"Covasna45"},"sameAs":["https:\/\/covasna45.ro"],"url":"https:\/\/covasna45.ro\/index.php\/author\/covasna\/"}]}},"_links":{"self":[{"href":"https:\/\/covasna45.ro\/index.php\/wp-json\/wp\/v2\/posts\/6993","targetHints":{"allow":["GET"]}}],"collection":[{"href":"https:\/\/covasna45.ro\/index.php\/wp-json\/wp\/v2\/posts"}],"about":[{"href":"https:\/\/covasna45.ro\/index.php\/wp-json\/wp\/v2\/types\/post"}],"author":[{"embeddable":true,"href":"https:\/\/covasna45.ro\/index.php\/wp-json\/wp\/v2\/users\/1"}],"replies":[{"embeddable":true,"href":"https:\/\/covasna45.ro\/index.php\/wp-json\/wp\/v2\/comments?post=6993"}],"version-history":[{"count":1,"href":"https:\/\/covasna45.ro\/index.php\/wp-json\/wp\/v2\/posts\/6993\/revisions"}],"predecessor-version":[{"id":7001,"href":"https:\/\/covasna45.ro\/index.php\/wp-json\/wp\/v2\/posts\/6993\/revisions\/7001"}],"wp:featuredmedia":[{"embeddable":true,"href":"https:\/\/covasna45.ro\/index.php\/wp-json\/wp\/v2\/media\/6994"}],"wp:attachment":[{"href":"https:\/\/covasna45.ro\/index.php\/wp-json\/wp\/v2\/media?parent=6993"}],"wp:term":[{"taxonomy":"category","embeddable":true,"href":"https:\/\/covasna45.ro\/index.php\/wp-json\/wp\/v2\/categories?post=6993"},{"taxonomy":"post_tag","embeddable":true,"href":"https:\/\/covasna45.ro\/index.php\/wp-json\/wp\/v2\/tags?post=6993"}],"curies":[{"name":"wp","href":"https:\/\/api.w.org\/{rel}","templated":true}]}}