{"id":7024,"date":"2024-07-18T15:00:15","date_gmt":"2024-07-18T13:00:15","guid":{"rendered":"https:\/\/covasna45.ro\/?p=7024"},"modified":"2024-07-18T15:00:16","modified_gmt":"2024-07-18T13:00:16","slug":"muzeul-comunismului-goneste-festivalul-tabako-pe-arena-sepsi","status":"publish","type":"post","link":"https:\/\/covasna45.ro\/index.php\/lumea-noastra\/muzeul-comunismului-goneste-festivalul-tabako-pe-arena-sepsi\/","title":{"rendered":"Muzeul Comunismului \u201egone\u0219te\u201d festivalul Tabak\u00f3 pe Arena Sepsi"},"content":{"rendered":"\n<p>Festivalul Tabak\u00f3 va avea \u00een acest an un alt nume \u0219i o alt\u0103 gazd\u0103: Sepsi Tabak\u00f3 \u2013 Arena Edition, la Arena Sepsi. Motivul mut\u0103rii este c\u0103 la fosta fabric\u0103 de \u021bigarete, unde avea loc p\u00e2n\u0103 acum evenimentul, a \u00eenceput construc\u021bia Muzeului Comunismului. Mai multe zone ale fabricii vor r\u0103m\u00e2ne \u00eenchise pentru public c\u00e2t timp vor dura lucr\u0103rile de construc\u0163ie a viitorului muzeu, se arat\u0103 \u00eentr-un comunicat al organizatorilor.<\/p>\n\n\n\n<figure class=\"wp-block-image size-large\"><img loading=\"lazy\" decoding=\"async\" width=\"1024\" height=\"442\" src=\"https:\/\/covasna45.ro\/wp-content\/uploads\/2024\/07\/sepsi-arena-3-1024x442.jpeg\" alt=\"\" class=\"wp-image-7026\" srcset=\"https:\/\/covasna45.ro\/wp-content\/uploads\/2024\/07\/sepsi-arena-3-1024x442.jpeg 1024w, https:\/\/covasna45.ro\/wp-content\/uploads\/2024\/07\/sepsi-arena-3-300x130.jpeg 300w, https:\/\/covasna45.ro\/wp-content\/uploads\/2024\/07\/sepsi-arena-3-768x332.jpeg 768w, https:\/\/covasna45.ro\/wp-content\/uploads\/2024\/07\/sepsi-arena-3-1536x664.jpeg 1536w, https:\/\/covasna45.ro\/wp-content\/uploads\/2024\/07\/sepsi-arena-3-150x65.jpeg 150w, https:\/\/covasna45.ro\/wp-content\/uploads\/2024\/07\/sepsi-arena-3-696x301.jpeg 696w, https:\/\/covasna45.ro\/wp-content\/uploads\/2024\/07\/sepsi-arena-3-1068x461.jpeg 1068w, https:\/\/covasna45.ro\/wp-content\/uploads\/2024\/07\/sepsi-arena-3.jpeg 1544w\" sizes=\"auto, (max-width: 1024px) 100vw, 1024px\" \/><figcaption class=\"wp-element-caption\">Foto: <a href=\"https:\/\/sepsiosk.ro\/index.php\/ro\/home-ro\">Sepsi OSK<\/a><\/figcaption><\/figure>\n\n\n\n<p>Schimbarea loca\u021biei nu afecteaz\u0103 arti\u0219tii, ace\u0219tia vor performa \u00een continuare <strong>\u00eentre 29 \u0219i 31 august<\/strong>: Inna, DJ Antoine, Carla&#8217;s Dreams, Dirty Nano, Margaret Island, ByeAlex \u0219i Slepp, Ganxsta Zolee \u0219i Kartel, precum \u0219i Wellhello.<\/p>\n\n\n\n<figure class=\"wp-block-image size-large\"><img loading=\"lazy\" decoding=\"async\" width=\"768\" height=\"1024\" src=\"https:\/\/covasna45.ro\/wp-content\/uploads\/2023\/09\/trotuar_tabako-768x1024.jpg\" alt=\"\" class=\"wp-image-2784\" srcset=\"https:\/\/covasna45.ro\/wp-content\/uploads\/2023\/09\/trotuar_tabako-768x1024.jpg 768w, https:\/\/covasna45.ro\/wp-content\/uploads\/2023\/09\/trotuar_tabako-225x300.jpg 225w, https:\/\/covasna45.ro\/wp-content\/uploads\/2023\/09\/trotuar_tabako-1152x1536.jpg 1152w, https:\/\/covasna45.ro\/wp-content\/uploads\/2023\/09\/trotuar_tabako-150x200.jpg 150w, https:\/\/covasna45.ro\/wp-content\/uploads\/2023\/09\/trotuar_tabako-300x400.jpg 300w, https:\/\/covasna45.ro\/wp-content\/uploads\/2023\/09\/trotuar_tabako-696x928.jpg 696w, https:\/\/covasna45.ro\/wp-content\/uploads\/2023\/09\/trotuar_tabako-1068x1424.jpg 1068w, https:\/\/covasna45.ro\/wp-content\/uploads\/2023\/09\/trotuar_tabako.jpg 1536w\" sizes=\"auto, (max-width: 768px) 100vw, 768px\" \/><\/figure>\n\n\n\n<p>\u201e<strong><em>De fapt, doar loca\u021bia s-a schimbat, arti\u0219tii, oferta cultural\u0103 \u0219i muzical\u0103 r\u0103m\u00e2n acelea\u0219i. Echipa organizatoare lucreaz\u0103 acum pentru a asigura aceea\u0219i experien\u021b\u0103 de festival pentru participan\u021bi ca \u0219i \u00een anii anteriori. Vestea bun\u0103 este c\u0103 noua loca\u021bie Sepsi Tabak\u00f3 \u2013 Arena Edition va deranja mai pu\u021bini locuitorii, astfel c\u0103 petrecerile de noapte vor putea dura mai mult. Scopul nostru acum este s\u0103 organiz\u0103m transportul rapid \u0219i f\u0103r\u0103 probleme al festivalierilor \u00eentre ora\u0219 \u0219i noua loca\u021bie<\/em><\/strong>\u201d \u2013 a declarat Erdei Anita, organizatorul principal.<\/p>\n\n\n\n<figure class=\"wp-block-image size-full\"><img loading=\"lazy\" decoding=\"async\" width=\"1024\" height=\"768\" src=\"https:\/\/covasna45.ro\/wp-content\/uploads\/2023\/09\/t1.jpg\" alt=\"\" class=\"wp-image-2781\" srcset=\"https:\/\/covasna45.ro\/wp-content\/uploads\/2023\/09\/t1.jpg 1024w, https:\/\/covasna45.ro\/wp-content\/uploads\/2023\/09\/t1-300x225.jpg 300w, https:\/\/covasna45.ro\/wp-content\/uploads\/2023\/09\/t1-768x576.jpg 768w, https:\/\/covasna45.ro\/wp-content\/uploads\/2023\/09\/t1-150x113.jpg 150w, https:\/\/covasna45.ro\/wp-content\/uploads\/2023\/09\/t1-696x522.jpg 696w, https:\/\/covasna45.ro\/wp-content\/uploads\/2023\/09\/t1-265x198.jpg 265w\" sizes=\"auto, (max-width: 1024px) 100vw, 1024px\" \/><\/figure>\n\n\n\n<p>Mutarea nea\u0219teptat\u0103 a loca\u0163iei <a href=\"https:\/\/covasna45.ro\/index.php\/lumea-noastra\/a-treia-editie-a-festivalului-tabako-printre-invitati-carlas-dreams\/\">festivalului<\/a> nu va influen\u021ba pre\u021burile biletelor, abonamentul s\u0103pt\u0103m\u00e2nal cost\u00e2nd 229 lei, iar VIP Pass-ul 329 lei, acestea put\u00e2nd fi achizi\u021bionate pe site-ul <a href=\"http:\/\/www.tabako.ro\">www.tabako.ro<\/a>.<\/p>\n","protected":false},"excerpt":{"rendered":"<p>Festivalul Tabak\u00f3 va avea \u00een acest an un alt nume \u0219i o alt\u0103 gazd\u0103: Sepsi Tabak\u00f3 \u2013 Arena Edition, la Arena Sepsi. Motivul mut\u0103rii este c\u0103 la fosta fabric\u0103 de \u021bigarete, unde avea loc p\u00e2n\u0103 acum evenimentul, a \u00eenceput construc\u021bia Muzeului Comunismului. Mai multe zone ale fabricii vor r\u0103m\u00e2ne \u00eenchise pentru public c\u00e2t timp vor [&hellip;]<\/p>\n","protected":false},"author":1,"featured_media":2782,"comment_status":"open","ping_status":"closed","sticky":false,"template":"","format":"standard","meta":{"tdm_status":"","tdm_grid_status":"","footnotes":""},"categories":[14],"tags":[690,2540],"class_list":{"0":"post-7024","1":"post","2":"type-post","3":"status-publish","4":"format-standard","5":"has-post-thumbnail","7":"category-lumea-noastra","8":"tag-arena-sepsi","9":"tag-tabako-2"},"yoast_head":"<!-- This site is optimized with the Yoast SEO plugin v27.5 - https:\/\/yoast.com\/product\/yoast-seo-wordpress\/ -->\n<title>Muzeul Comunismului \u201egone\u0219te\u201d festivalul Tabak\u00f3 pe Arena Sepsi - Covasna45<\/title>\n<meta name=\"description\" content=\"Mutarea nea\u0219teptat\u0103 a loca\u0163iei festivalului nu va influen\u021ba pre\u021burile biletelor, abonamentul s\u0103pt\u0103m\u00e2nal cost\u00e2nd 229 lei.\" \/>\n<meta name=\"robots\" content=\"index, follow, max-snippet:-1, max-image-preview:large, max-video-preview:-1\" \/>\n<link rel=\"canonical\" href=\"https:\/\/covasna45.ro\/index.php\/lumea-noastra\/muzeul-comunismului-goneste-festivalul-tabako-pe-arena-sepsi\/\" \/>\n<meta property=\"og:locale\" content=\"ro_RO\" \/>\n<meta property=\"og:type\" content=\"article\" \/>\n<meta property=\"og:title\" content=\"Muzeul Comunismului \u201egone\u0219te\u201d festivalul Tabak\u00f3 pe Arena Sepsi - Covasna45\" \/>\n<meta property=\"og:description\" content=\"Mutarea nea\u0219teptat\u0103 a loca\u0163iei festivalului nu va influen\u021ba pre\u021burile biletelor, abonamentul s\u0103pt\u0103m\u00e2nal cost\u00e2nd 229 lei.\" \/>\n<meta property=\"og:url\" content=\"https:\/\/covasna45.ro\/index.php\/lumea-noastra\/muzeul-comunismului-goneste-festivalul-tabako-pe-arena-sepsi\/\" \/>\n<meta property=\"og:site_name\" content=\"Covasna45\" \/>\n<meta property=\"article:published_time\" content=\"2024-07-18T13:00:15+00:00\" \/>\n<meta property=\"article:modified_time\" content=\"2024-07-18T13:00:16+00:00\" \/>\n<meta property=\"og:image\" content=\"https:\/\/covasna45.ro\/wp-content\/uploads\/2023\/09\/t2.jpg\" \/>\n\t<meta property=\"og:image:width\" content=\"1024\" \/>\n\t<meta property=\"og:image:height\" content=\"768\" \/>\n\t<meta property=\"og:image:type\" content=\"image\/jpeg\" \/>\n<meta name=\"author\" content=\"Covasna45\" \/>\n<meta name=\"twitter:card\" content=\"summary_large_image\" \/>\n<meta name=\"twitter:label1\" content=\"Scris de\" \/>\n\t<meta name=\"twitter:data1\" content=\"Covasna45\" \/>\n\t<meta name=\"twitter:label2\" content=\"Timp estimat pentru citire\" \/>\n\t<meta name=\"twitter:data2\" content=\"2 minute\" \/>\n<script type=\"application\/ld+json\" class=\"yoast-schema-graph\">{\"@context\":\"https:\\\/\\\/schema.org\",\"@graph\":[{\"@type\":\"Article\",\"@id\":\"https:\\\/\\\/covasna45.ro\\\/index.php\\\/lumea-noastra\\\/muzeul-comunismului-goneste-festivalul-tabako-pe-arena-sepsi\\\/#article\",\"isPartOf\":{\"@id\":\"https:\\\/\\\/covasna45.ro\\\/index.php\\\/lumea-noastra\\\/muzeul-comunismului-goneste-festivalul-tabako-pe-arena-sepsi\\\/\"},\"author\":{\"name\":\"Covasna45\",\"@id\":\"https:\\\/\\\/covasna45.ro\\\/#\\\/schema\\\/person\\\/e674052bd7d95d70bbb007a1060ab73c\"},\"headline\":\"Muzeul Comunismului \u201egone\u0219te\u201d festivalul Tabak\u00f3 pe Arena Sepsi\",\"datePublished\":\"2024-07-18T13:00:15+00:00\",\"dateModified\":\"2024-07-18T13:00:16+00:00\",\"mainEntityOfPage\":{\"@id\":\"https:\\\/\\\/covasna45.ro\\\/index.php\\\/lumea-noastra\\\/muzeul-comunismului-goneste-festivalul-tabako-pe-arena-sepsi\\\/\"},\"wordCount\":252,\"commentCount\":0,\"publisher\":{\"@id\":\"https:\\\/\\\/covasna45.ro\\\/#organization\"},\"image\":{\"@id\":\"https:\\\/\\\/covasna45.ro\\\/index.php\\\/lumea-noastra\\\/muzeul-comunismului-goneste-festivalul-tabako-pe-arena-sepsi\\\/#primaryimage\"},\"thumbnailUrl\":\"https:\\\/\\\/covasna45.ro\\\/wp-content\\\/uploads\\\/2023\\\/09\\\/t2.jpg\",\"keywords\":[\"Arena Sepsi\",\"tabako\"],\"articleSection\":[\"Lumea noastr\u0103\"],\"inLanguage\":\"ro-RO\",\"potentialAction\":[{\"@type\":\"CommentAction\",\"name\":\"Comment\",\"target\":[\"https:\\\/\\\/covasna45.ro\\\/index.php\\\/lumea-noastra\\\/muzeul-comunismului-goneste-festivalul-tabako-pe-arena-sepsi\\\/#respond\"]}]},{\"@type\":\"WebPage\",\"@id\":\"https:\\\/\\\/covasna45.ro\\\/index.php\\\/lumea-noastra\\\/muzeul-comunismului-goneste-festivalul-tabako-pe-arena-sepsi\\\/\",\"url\":\"https:\\\/\\\/covasna45.ro\\\/index.php\\\/lumea-noastra\\\/muzeul-comunismului-goneste-festivalul-tabako-pe-arena-sepsi\\\/\",\"name\":\"Muzeul Comunismului \u201egone\u0219te\u201d festivalul Tabak\u00f3 pe Arena Sepsi - Covasna45\",\"isPartOf\":{\"@id\":\"https:\\\/\\\/covasna45.ro\\\/#website\"},\"primaryImageOfPage\":{\"@id\":\"https:\\\/\\\/covasna45.ro\\\/index.php\\\/lumea-noastra\\\/muzeul-comunismului-goneste-festivalul-tabako-pe-arena-sepsi\\\/#primaryimage\"},\"image\":{\"@id\":\"https:\\\/\\\/covasna45.ro\\\/index.php\\\/lumea-noastra\\\/muzeul-comunismului-goneste-festivalul-tabako-pe-arena-sepsi\\\/#primaryimage\"},\"thumbnailUrl\":\"https:\\\/\\\/covasna45.ro\\\/wp-content\\\/uploads\\\/2023\\\/09\\\/t2.jpg\",\"datePublished\":\"2024-07-18T13:00:15+00:00\",\"dateModified\":\"2024-07-18T13:00:16+00:00\",\"description\":\"Mutarea nea\u0219teptat\u0103 a loca\u0163iei festivalului nu va influen\u021ba pre\u021burile biletelor, abonamentul s\u0103pt\u0103m\u00e2nal cost\u00e2nd 229 lei.\",\"breadcrumb\":{\"@id\":\"https:\\\/\\\/covasna45.ro\\\/index.php\\\/lumea-noastra\\\/muzeul-comunismului-goneste-festivalul-tabako-pe-arena-sepsi\\\/#breadcrumb\"},\"inLanguage\":\"ro-RO\",\"potentialAction\":[{\"@type\":\"ReadAction\",\"target\":[\"https:\\\/\\\/covasna45.ro\\\/index.php\\\/lumea-noastra\\\/muzeul-comunismului-goneste-festivalul-tabako-pe-arena-sepsi\\\/\"]}]},{\"@type\":\"ImageObject\",\"inLanguage\":\"ro-RO\",\"@id\":\"https:\\\/\\\/covasna45.ro\\\/index.php\\\/lumea-noastra\\\/muzeul-comunismului-goneste-festivalul-tabako-pe-arena-sepsi\\\/#primaryimage\",\"url\":\"https:\\\/\\\/covasna45.ro\\\/wp-content\\\/uploads\\\/2023\\\/09\\\/t2.jpg\",\"contentUrl\":\"https:\\\/\\\/covasna45.ro\\\/wp-content\\\/uploads\\\/2023\\\/09\\\/t2.jpg\",\"width\":1024,\"height\":768},{\"@type\":\"BreadcrumbList\",\"@id\":\"https:\\\/\\\/covasna45.ro\\\/index.php\\\/lumea-noastra\\\/muzeul-comunismului-goneste-festivalul-tabako-pe-arena-sepsi\\\/#breadcrumb\",\"itemListElement\":[{\"@type\":\"ListItem\",\"position\":1,\"name\":\"Prima pagin\u0103\",\"item\":\"https:\\\/\\\/covasna45.ro\\\/\"},{\"@type\":\"ListItem\",\"position\":2,\"name\":\"Muzeul Comunismului \u201egone\u0219te\u201d festivalul Tabak\u00f3 pe Arena Sepsi\"}]},{\"@type\":\"WebSite\",\"@id\":\"https:\\\/\\\/covasna45.ro\\\/#website\",\"url\":\"https:\\\/\\\/covasna45.ro\\\/\",\"name\":\"covasna45.ro\",\"description\":\"\",\"publisher\":{\"@id\":\"https:\\\/\\\/covasna45.ro\\\/#organization\"},\"potentialAction\":[{\"@type\":\"SearchAction\",\"target\":{\"@type\":\"EntryPoint\",\"urlTemplate\":\"https:\\\/\\\/covasna45.ro\\\/?s={search_term_string}\"},\"query-input\":{\"@type\":\"PropertyValueSpecification\",\"valueRequired\":true,\"valueName\":\"search_term_string\"}}],\"inLanguage\":\"ro-RO\"},{\"@type\":\"Organization\",\"@id\":\"https:\\\/\\\/covasna45.ro\\\/#organization\",\"name\":\"covasna45.ro\",\"url\":\"https:\\\/\\\/covasna45.ro\\\/\",\"logo\":{\"@type\":\"ImageObject\",\"inLanguage\":\"ro-RO\",\"@id\":\"https:\\\/\\\/covasna45.ro\\\/#\\\/schema\\\/logo\\\/image\\\/\",\"url\":\"https:\\\/\\\/covasna45.ro\\\/wp-content\\\/uploads\\\/2023\\\/01\\\/icon_logo.png\",\"contentUrl\":\"https:\\\/\\\/covasna45.ro\\\/wp-content\\\/uploads\\\/2023\\\/01\\\/icon_logo.png\",\"width\":1900,\"height\":1900,\"caption\":\"covasna45.ro\"},\"image\":{\"@id\":\"https:\\\/\\\/covasna45.ro\\\/#\\\/schema\\\/logo\\\/image\\\/\"}},{\"@type\":\"Person\",\"@id\":\"https:\\\/\\\/covasna45.ro\\\/#\\\/schema\\\/person\\\/e674052bd7d95d70bbb007a1060ab73c\",\"name\":\"Covasna45\",\"image\":{\"@type\":\"ImageObject\",\"inLanguage\":\"ro-RO\",\"@id\":\"https:\\\/\\\/covasna45.ro\\\/wp-content\\\/uploads\\\/2025\\\/10\\\/icon_logo_covasna45-150x150.png\",\"url\":\"https:\\\/\\\/covasna45.ro\\\/wp-content\\\/uploads\\\/2025\\\/10\\\/icon_logo_covasna45-150x150.png\",\"contentUrl\":\"https:\\\/\\\/covasna45.ro\\\/wp-content\\\/uploads\\\/2025\\\/10\\\/icon_logo_covasna45-150x150.png\",\"caption\":\"Covasna45\"},\"sameAs\":[\"https:\\\/\\\/covasna45.ro\"],\"url\":\"https:\\\/\\\/covasna45.ro\\\/index.php\\\/author\\\/covasna\\\/\"}]}<\/script>\n<!-- \/ Yoast SEO plugin. -->","yoast_head_json":{"title":"Muzeul Comunismului \u201egone\u0219te\u201d festivalul Tabak\u00f3 pe Arena Sepsi - Covasna45","description":"Mutarea nea\u0219teptat\u0103 a loca\u0163iei festivalului nu va influen\u021ba pre\u021burile biletelor, abonamentul s\u0103pt\u0103m\u00e2nal cost\u00e2nd 229 lei.","robots":{"index":"index","follow":"follow","max-snippet":"max-snippet:-1","max-image-preview":"max-image-preview:large","max-video-preview":"max-video-preview:-1"},"canonical":"https:\/\/covasna45.ro\/index.php\/lumea-noastra\/muzeul-comunismului-goneste-festivalul-tabako-pe-arena-sepsi\/","og_locale":"ro_RO","og_type":"article","og_title":"Muzeul Comunismului \u201egone\u0219te\u201d festivalul Tabak\u00f3 pe Arena Sepsi - Covasna45","og_description":"Mutarea nea\u0219teptat\u0103 a loca\u0163iei festivalului nu va influen\u021ba pre\u021burile biletelor, abonamentul s\u0103pt\u0103m\u00e2nal cost\u00e2nd 229 lei.","og_url":"https:\/\/covasna45.ro\/index.php\/lumea-noastra\/muzeul-comunismului-goneste-festivalul-tabako-pe-arena-sepsi\/","og_site_name":"Covasna45","article_published_time":"2024-07-18T13:00:15+00:00","article_modified_time":"2024-07-18T13:00:16+00:00","og_image":[{"width":1024,"height":768,"url":"https:\/\/covasna45.ro\/wp-content\/uploads\/2023\/09\/t2.jpg","type":"image\/jpeg"}],"author":"Covasna45","twitter_card":"summary_large_image","twitter_misc":{"Scris de":"Covasna45","Timp estimat pentru citire":"2 minute"},"schema":{"@context":"https:\/\/schema.org","@graph":[{"@type":"Article","@id":"https:\/\/covasna45.ro\/index.php\/lumea-noastra\/muzeul-comunismului-goneste-festivalul-tabako-pe-arena-sepsi\/#article","isPartOf":{"@id":"https:\/\/covasna45.ro\/index.php\/lumea-noastra\/muzeul-comunismului-goneste-festivalul-tabako-pe-arena-sepsi\/"},"author":{"name":"Covasna45","@id":"https:\/\/covasna45.ro\/#\/schema\/person\/e674052bd7d95d70bbb007a1060ab73c"},"headline":"Muzeul Comunismului \u201egone\u0219te\u201d festivalul Tabak\u00f3 pe Arena Sepsi","datePublished":"2024-07-18T13:00:15+00:00","dateModified":"2024-07-18T13:00:16+00:00","mainEntityOfPage":{"@id":"https:\/\/covasna45.ro\/index.php\/lumea-noastra\/muzeul-comunismului-goneste-festivalul-tabako-pe-arena-sepsi\/"},"wordCount":252,"commentCount":0,"publisher":{"@id":"https:\/\/covasna45.ro\/#organization"},"image":{"@id":"https:\/\/covasna45.ro\/index.php\/lumea-noastra\/muzeul-comunismului-goneste-festivalul-tabako-pe-arena-sepsi\/#primaryimage"},"thumbnailUrl":"https:\/\/covasna45.ro\/wp-content\/uploads\/2023\/09\/t2.jpg","keywords":["Arena Sepsi","tabako"],"articleSection":["Lumea noastr\u0103"],"inLanguage":"ro-RO","potentialAction":[{"@type":"CommentAction","name":"Comment","target":["https:\/\/covasna45.ro\/index.php\/lumea-noastra\/muzeul-comunismului-goneste-festivalul-tabako-pe-arena-sepsi\/#respond"]}]},{"@type":"WebPage","@id":"https:\/\/covasna45.ro\/index.php\/lumea-noastra\/muzeul-comunismului-goneste-festivalul-tabako-pe-arena-sepsi\/","url":"https:\/\/covasna45.ro\/index.php\/lumea-noastra\/muzeul-comunismului-goneste-festivalul-tabako-pe-arena-sepsi\/","name":"Muzeul Comunismului \u201egone\u0219te\u201d festivalul Tabak\u00f3 pe Arena Sepsi - Covasna45","isPartOf":{"@id":"https:\/\/covasna45.ro\/#website"},"primaryImageOfPage":{"@id":"https:\/\/covasna45.ro\/index.php\/lumea-noastra\/muzeul-comunismului-goneste-festivalul-tabako-pe-arena-sepsi\/#primaryimage"},"image":{"@id":"https:\/\/covasna45.ro\/index.php\/lumea-noastra\/muzeul-comunismului-goneste-festivalul-tabako-pe-arena-sepsi\/#primaryimage"},"thumbnailUrl":"https:\/\/covasna45.ro\/wp-content\/uploads\/2023\/09\/t2.jpg","datePublished":"2024-07-18T13:00:15+00:00","dateModified":"2024-07-18T13:00:16+00:00","description":"Mutarea nea\u0219teptat\u0103 a loca\u0163iei festivalului nu va influen\u021ba pre\u021burile biletelor, abonamentul s\u0103pt\u0103m\u00e2nal cost\u00e2nd 229 lei.","breadcrumb":{"@id":"https:\/\/covasna45.ro\/index.php\/lumea-noastra\/muzeul-comunismului-goneste-festivalul-tabako-pe-arena-sepsi\/#breadcrumb"},"inLanguage":"ro-RO","potentialAction":[{"@type":"ReadAction","target":["https:\/\/covasna45.ro\/index.php\/lumea-noastra\/muzeul-comunismului-goneste-festivalul-tabako-pe-arena-sepsi\/"]}]},{"@type":"ImageObject","inLanguage":"ro-RO","@id":"https:\/\/covasna45.ro\/index.php\/lumea-noastra\/muzeul-comunismului-goneste-festivalul-tabako-pe-arena-sepsi\/#primaryimage","url":"https:\/\/covasna45.ro\/wp-content\/uploads\/2023\/09\/t2.jpg","contentUrl":"https:\/\/covasna45.ro\/wp-content\/uploads\/2023\/09\/t2.jpg","width":1024,"height":768},{"@type":"BreadcrumbList","@id":"https:\/\/covasna45.ro\/index.php\/lumea-noastra\/muzeul-comunismului-goneste-festivalul-tabako-pe-arena-sepsi\/#breadcrumb","itemListElement":[{"@type":"ListItem","position":1,"name":"Prima pagin\u0103","item":"https:\/\/covasna45.ro\/"},{"@type":"ListItem","position":2,"name":"Muzeul Comunismului \u201egone\u0219te\u201d festivalul Tabak\u00f3 pe Arena Sepsi"}]},{"@type":"WebSite","@id":"https:\/\/covasna45.ro\/#website","url":"https:\/\/covasna45.ro\/","name":"covasna45.ro","description":"","publisher":{"@id":"https:\/\/covasna45.ro\/#organization"},"potentialAction":[{"@type":"SearchAction","target":{"@type":"EntryPoint","urlTemplate":"https:\/\/covasna45.ro\/?s={search_term_string}"},"query-input":{"@type":"PropertyValueSpecification","valueRequired":true,"valueName":"search_term_string"}}],"inLanguage":"ro-RO"},{"@type":"Organization","@id":"https:\/\/covasna45.ro\/#organization","name":"covasna45.ro","url":"https:\/\/covasna45.ro\/","logo":{"@type":"ImageObject","inLanguage":"ro-RO","@id":"https:\/\/covasna45.ro\/#\/schema\/logo\/image\/","url":"https:\/\/covasna45.ro\/wp-content\/uploads\/2023\/01\/icon_logo.png","contentUrl":"https:\/\/covasna45.ro\/wp-content\/uploads\/2023\/01\/icon_logo.png","width":1900,"height":1900,"caption":"covasna45.ro"},"image":{"@id":"https:\/\/covasna45.ro\/#\/schema\/logo\/image\/"}},{"@type":"Person","@id":"https:\/\/covasna45.ro\/#\/schema\/person\/e674052bd7d95d70bbb007a1060ab73c","name":"Covasna45","image":{"@type":"ImageObject","inLanguage":"ro-RO","@id":"https:\/\/covasna45.ro\/wp-content\/uploads\/2025\/10\/icon_logo_covasna45-150x150.png","url":"https:\/\/covasna45.ro\/wp-content\/uploads\/2025\/10\/icon_logo_covasna45-150x150.png","contentUrl":"https:\/\/covasna45.ro\/wp-content\/uploads\/2025\/10\/icon_logo_covasna45-150x150.png","caption":"Covasna45"},"sameAs":["https:\/\/covasna45.ro"],"url":"https:\/\/covasna45.ro\/index.php\/author\/covasna\/"}]}},"_links":{"self":[{"href":"https:\/\/covasna45.ro\/index.php\/wp-json\/wp\/v2\/posts\/7024","targetHints":{"allow":["GET"]}}],"collection":[{"href":"https:\/\/covasna45.ro\/index.php\/wp-json\/wp\/v2\/posts"}],"about":[{"href":"https:\/\/covasna45.ro\/index.php\/wp-json\/wp\/v2\/types\/post"}],"author":[{"embeddable":true,"href":"https:\/\/covasna45.ro\/index.php\/wp-json\/wp\/v2\/users\/1"}],"replies":[{"embeddable":true,"href":"https:\/\/covasna45.ro\/index.php\/wp-json\/wp\/v2\/comments?post=7024"}],"version-history":[{"count":1,"href":"https:\/\/covasna45.ro\/index.php\/wp-json\/wp\/v2\/posts\/7024\/revisions"}],"predecessor-version":[{"id":7027,"href":"https:\/\/covasna45.ro\/index.php\/wp-json\/wp\/v2\/posts\/7024\/revisions\/7027"}],"wp:featuredmedia":[{"embeddable":true,"href":"https:\/\/covasna45.ro\/index.php\/wp-json\/wp\/v2\/media\/2782"}],"wp:attachment":[{"href":"https:\/\/covasna45.ro\/index.php\/wp-json\/wp\/v2\/media?parent=7024"}],"wp:term":[{"taxonomy":"category","embeddable":true,"href":"https:\/\/covasna45.ro\/index.php\/wp-json\/wp\/v2\/categories?post=7024"},{"taxonomy":"post_tag","embeddable":true,"href":"https:\/\/covasna45.ro\/index.php\/wp-json\/wp\/v2\/tags?post=7024"}],"curies":[{"name":"wp","href":"https:\/\/api.w.org\/{rel}","templated":true}]}}