{"id":704,"date":"2023-03-02T14:23:00","date_gmt":"2023-03-02T12:23:00","guid":{"rendered":"https:\/\/covasna45.ro\/?p=704"},"modified":"2023-03-02T13:29:06","modified_gmt":"2023-03-02T11:29:06","slug":"fifa-anunta-masuri-care-vor-revolutiona-fotbalul","status":"publish","type":"post","link":"https:\/\/covasna45.ro\/index.php\/sport\/fifa-anunta-masuri-care-vor-revolutiona-fotbalul\/","title":{"rendered":"FIFA anun\u021b\u0103 m\u0103suri care vor revolu\u021biona fotbalul"},"content":{"rendered":"\n<p>FIFA, forul condus de Gianni Infantino, se preg\u0103te\u0219te s\u0103 adopte primele m\u0103suri pe tema \u00eembun\u0103t\u0103\u021birii jocului de fotbal.<\/p>\n\n\n\n<p>\u00cempreun\u0103 cu IFAB \u2013 organismul care stabile\u0219te regulile fotbalului, se va studia varianta introducerii cronometrului care se opre\u0219te \u00een timpul meciurilor, scrie ziarul spaniol Marca.<\/p>\n\n\n\n<p><strong>\u00cencep\u00e2nd din sezonul viitor, timpul pierdut pentru s\u0103rb\u0103torirea golurilor urmeaz\u0103 s\u0103 fie ad\u0103ugat la prelungirile fiec\u0103rei reprize.<\/strong><\/p>\n\n\n\n<p>O alt\u0103 regul\u0103 care va intra \u00een vigoare este cea care va interzice portarilor s\u0103 distrag\u0103 aten\u021bia executan\u021bilor de lovituri de la 11 metri, s\u0103 \u00eent\u00e2rzie execu\u021bia, s\u0103 ating\u0103 st\u00e2lpii, bara transversal\u0103 sau plasa por\u021bii.<\/p>\n\n\n\n<p><strong>\u00cen plus, conform fostului antrenor Arsene Wenger, actual director de dezvoltare al FIFA, se vor purta discu\u021bii despre regula ofsaid-ului \u0219i anularea creditului care i se d\u0103 \u00een prezent juc\u0103torului care atac\u0103.<\/strong><\/p>\n","protected":false},"excerpt":{"rendered":"<p>FIFA, forul condus de Gianni Infantino, se preg\u0103te\u0219te s\u0103 adopte primele m\u0103suri pe tema \u00eembun\u0103t\u0103\u021birii jocului de fotbal. \u00cempreun\u0103 cu IFAB \u2013 organismul care stabile\u0219te regulile fotbalului, se va studia varianta introducerii cronometrului care se opre\u0219te \u00een timpul meciurilor, scrie ziarul spaniol Marca. \u00cencep\u00e2nd din sezonul viitor, timpul pierdut pentru s\u0103rb\u0103torirea golurilor urmeaz\u0103 s\u0103 fie [&hellip;]<\/p>\n","protected":false},"author":1,"featured_media":705,"comment_status":"open","ping_status":"closed","sticky":false,"template":"","format":"standard","meta":{"tdm_status":"","tdm_grid_status":"","footnotes":""},"categories":[17],"tags":[74,39,38],"class_list":{"0":"post-704","1":"post","2":"type-post","3":"status-publish","4":"format-standard","5":"has-post-thumbnail","7":"category-sport","8":"tag-arsene-wenger","9":"tag-fifa","10":"tag-fotbal"},"yoast_head":"<!-- This site is optimized with the Yoast SEO plugin v27.5 - https:\/\/yoast.com\/product\/yoast-seo-wordpress\/ -->\n<title>FIFA anun\u021b\u0103 m\u0103suri care vor revolu\u021biona fotbalul - Covasna45<\/title>\n<meta name=\"description\" content=\"FIFA, forul condus de Gianni Infantino, se preg\u0103te\u0219te s\u0103 adopte primele m\u0103suri pe tema \u00eembun\u0103t\u0103\u021birii jocului de fotbal.\" \/>\n<meta name=\"robots\" content=\"index, follow, max-snippet:-1, max-image-preview:large, max-video-preview:-1\" \/>\n<link rel=\"canonical\" href=\"https:\/\/covasna45.ro\/index.php\/sport\/fifa-anunta-masuri-care-vor-revolutiona-fotbalul\/\" \/>\n<meta property=\"og:locale\" content=\"ro_RO\" \/>\n<meta property=\"og:type\" content=\"article\" \/>\n<meta property=\"og:title\" content=\"FIFA anun\u021b\u0103 m\u0103suri care vor revolu\u021biona fotbalul - Covasna45\" \/>\n<meta property=\"og:description\" content=\"FIFA, forul condus de Gianni Infantino, se preg\u0103te\u0219te s\u0103 adopte primele m\u0103suri pe tema \u00eembun\u0103t\u0103\u021birii jocului de fotbal.\" \/>\n<meta property=\"og:url\" content=\"https:\/\/covasna45.ro\/index.php\/sport\/fifa-anunta-masuri-care-vor-revolutiona-fotbalul\/\" \/>\n<meta property=\"og:site_name\" content=\"Covasna45\" \/>\n<meta property=\"article:published_time\" content=\"2023-03-02T12:23:00+00:00\" \/>\n<meta property=\"og:image\" content=\"https:\/\/covasna45.ro\/wp-content\/uploads\/2023\/03\/fifa.jpg\" \/>\n\t<meta property=\"og:image:width\" content=\"1280\" \/>\n\t<meta property=\"og:image:height\" content=\"720\" \/>\n\t<meta property=\"og:image:type\" content=\"image\/jpeg\" \/>\n<meta name=\"author\" content=\"Covasna45\" \/>\n<meta name=\"twitter:card\" content=\"summary_large_image\" \/>\n<meta name=\"twitter:label1\" content=\"Scris de\" \/>\n\t<meta name=\"twitter:data1\" content=\"Covasna45\" \/>\n\t<meta name=\"twitter:label2\" content=\"Timp estimat pentru citire\" \/>\n\t<meta name=\"twitter:data2\" content=\"1 minut\" \/>\n<script type=\"application\/ld+json\" class=\"yoast-schema-graph\">{\"@context\":\"https:\\\/\\\/schema.org\",\"@graph\":[{\"@type\":\"Article\",\"@id\":\"https:\\\/\\\/covasna45.ro\\\/index.php\\\/sport\\\/fifa-anunta-masuri-care-vor-revolutiona-fotbalul\\\/#article\",\"isPartOf\":{\"@id\":\"https:\\\/\\\/covasna45.ro\\\/index.php\\\/sport\\\/fifa-anunta-masuri-care-vor-revolutiona-fotbalul\\\/\"},\"author\":{\"name\":\"Covasna45\",\"@id\":\"https:\\\/\\\/covasna45.ro\\\/#\\\/schema\\\/person\\\/e674052bd7d95d70bbb007a1060ab73c\"},\"headline\":\"FIFA anun\u021b\u0103 m\u0103suri care vor revolu\u021biona fotbalul\",\"datePublished\":\"2023-03-02T12:23:00+00:00\",\"mainEntityOfPage\":{\"@id\":\"https:\\\/\\\/covasna45.ro\\\/index.php\\\/sport\\\/fifa-anunta-masuri-care-vor-revolutiona-fotbalul\\\/\"},\"wordCount\":154,\"commentCount\":0,\"publisher\":{\"@id\":\"https:\\\/\\\/covasna45.ro\\\/#organization\"},\"image\":{\"@id\":\"https:\\\/\\\/covasna45.ro\\\/index.php\\\/sport\\\/fifa-anunta-masuri-care-vor-revolutiona-fotbalul\\\/#primaryimage\"},\"thumbnailUrl\":\"https:\\\/\\\/covasna45.ro\\\/wp-content\\\/uploads\\\/2023\\\/03\\\/fifa.jpg\",\"keywords\":[\"Arsene Wenger\",\"FIFA\",\"Fotbal\"],\"articleSection\":[\"Sport\"],\"inLanguage\":\"ro-RO\",\"potentialAction\":[{\"@type\":\"CommentAction\",\"name\":\"Comment\",\"target\":[\"https:\\\/\\\/covasna45.ro\\\/index.php\\\/sport\\\/fifa-anunta-masuri-care-vor-revolutiona-fotbalul\\\/#respond\"]}]},{\"@type\":\"WebPage\",\"@id\":\"https:\\\/\\\/covasna45.ro\\\/index.php\\\/sport\\\/fifa-anunta-masuri-care-vor-revolutiona-fotbalul\\\/\",\"url\":\"https:\\\/\\\/covasna45.ro\\\/index.php\\\/sport\\\/fifa-anunta-masuri-care-vor-revolutiona-fotbalul\\\/\",\"name\":\"FIFA anun\u021b\u0103 m\u0103suri care vor revolu\u021biona fotbalul - Covasna45\",\"isPartOf\":{\"@id\":\"https:\\\/\\\/covasna45.ro\\\/#website\"},\"primaryImageOfPage\":{\"@id\":\"https:\\\/\\\/covasna45.ro\\\/index.php\\\/sport\\\/fifa-anunta-masuri-care-vor-revolutiona-fotbalul\\\/#primaryimage\"},\"image\":{\"@id\":\"https:\\\/\\\/covasna45.ro\\\/index.php\\\/sport\\\/fifa-anunta-masuri-care-vor-revolutiona-fotbalul\\\/#primaryimage\"},\"thumbnailUrl\":\"https:\\\/\\\/covasna45.ro\\\/wp-content\\\/uploads\\\/2023\\\/03\\\/fifa.jpg\",\"datePublished\":\"2023-03-02T12:23:00+00:00\",\"description\":\"FIFA, forul condus de Gianni Infantino, se preg\u0103te\u0219te s\u0103 adopte primele m\u0103suri pe tema \u00eembun\u0103t\u0103\u021birii jocului de fotbal.\",\"breadcrumb\":{\"@id\":\"https:\\\/\\\/covasna45.ro\\\/index.php\\\/sport\\\/fifa-anunta-masuri-care-vor-revolutiona-fotbalul\\\/#breadcrumb\"},\"inLanguage\":\"ro-RO\",\"potentialAction\":[{\"@type\":\"ReadAction\",\"target\":[\"https:\\\/\\\/covasna45.ro\\\/index.php\\\/sport\\\/fifa-anunta-masuri-care-vor-revolutiona-fotbalul\\\/\"]}]},{\"@type\":\"ImageObject\",\"inLanguage\":\"ro-RO\",\"@id\":\"https:\\\/\\\/covasna45.ro\\\/index.php\\\/sport\\\/fifa-anunta-masuri-care-vor-revolutiona-fotbalul\\\/#primaryimage\",\"url\":\"https:\\\/\\\/covasna45.ro\\\/wp-content\\\/uploads\\\/2023\\\/03\\\/fifa.jpg\",\"contentUrl\":\"https:\\\/\\\/covasna45.ro\\\/wp-content\\\/uploads\\\/2023\\\/03\\\/fifa.jpg\",\"width\":1280,\"height\":720},{\"@type\":\"BreadcrumbList\",\"@id\":\"https:\\\/\\\/covasna45.ro\\\/index.php\\\/sport\\\/fifa-anunta-masuri-care-vor-revolutiona-fotbalul\\\/#breadcrumb\",\"itemListElement\":[{\"@type\":\"ListItem\",\"position\":1,\"name\":\"Prima pagin\u0103\",\"item\":\"https:\\\/\\\/covasna45.ro\\\/\"},{\"@type\":\"ListItem\",\"position\":2,\"name\":\"FIFA anun\u021b\u0103 m\u0103suri care vor revolu\u021biona fotbalul\"}]},{\"@type\":\"WebSite\",\"@id\":\"https:\\\/\\\/covasna45.ro\\\/#website\",\"url\":\"https:\\\/\\\/covasna45.ro\\\/\",\"name\":\"covasna45.ro\",\"description\":\"\",\"publisher\":{\"@id\":\"https:\\\/\\\/covasna45.ro\\\/#organization\"},\"potentialAction\":[{\"@type\":\"SearchAction\",\"target\":{\"@type\":\"EntryPoint\",\"urlTemplate\":\"https:\\\/\\\/covasna45.ro\\\/?s={search_term_string}\"},\"query-input\":{\"@type\":\"PropertyValueSpecification\",\"valueRequired\":true,\"valueName\":\"search_term_string\"}}],\"inLanguage\":\"ro-RO\"},{\"@type\":\"Organization\",\"@id\":\"https:\\\/\\\/covasna45.ro\\\/#organization\",\"name\":\"covasna45.ro\",\"url\":\"https:\\\/\\\/covasna45.ro\\\/\",\"logo\":{\"@type\":\"ImageObject\",\"inLanguage\":\"ro-RO\",\"@id\":\"https:\\\/\\\/covasna45.ro\\\/#\\\/schema\\\/logo\\\/image\\\/\",\"url\":\"https:\\\/\\\/covasna45.ro\\\/wp-content\\\/uploads\\\/2023\\\/01\\\/icon_logo.png\",\"contentUrl\":\"https:\\\/\\\/covasna45.ro\\\/wp-content\\\/uploads\\\/2023\\\/01\\\/icon_logo.png\",\"width\":1900,\"height\":1900,\"caption\":\"covasna45.ro\"},\"image\":{\"@id\":\"https:\\\/\\\/covasna45.ro\\\/#\\\/schema\\\/logo\\\/image\\\/\"}},{\"@type\":\"Person\",\"@id\":\"https:\\\/\\\/covasna45.ro\\\/#\\\/schema\\\/person\\\/e674052bd7d95d70bbb007a1060ab73c\",\"name\":\"Covasna45\",\"image\":{\"@type\":\"ImageObject\",\"inLanguage\":\"ro-RO\",\"@id\":\"https:\\\/\\\/covasna45.ro\\\/wp-content\\\/uploads\\\/2025\\\/10\\\/icon_logo_covasna45-150x150.png\",\"url\":\"https:\\\/\\\/covasna45.ro\\\/wp-content\\\/uploads\\\/2025\\\/10\\\/icon_logo_covasna45-150x150.png\",\"contentUrl\":\"https:\\\/\\\/covasna45.ro\\\/wp-content\\\/uploads\\\/2025\\\/10\\\/icon_logo_covasna45-150x150.png\",\"caption\":\"Covasna45\"},\"sameAs\":[\"https:\\\/\\\/covasna45.ro\"],\"url\":\"https:\\\/\\\/covasna45.ro\\\/index.php\\\/author\\\/covasna\\\/\"}]}<\/script>\n<!-- \/ Yoast SEO plugin. -->","yoast_head_json":{"title":"FIFA anun\u021b\u0103 m\u0103suri care vor revolu\u021biona fotbalul - Covasna45","description":"FIFA, forul condus de Gianni Infantino, se preg\u0103te\u0219te s\u0103 adopte primele m\u0103suri pe tema \u00eembun\u0103t\u0103\u021birii jocului de fotbal.","robots":{"index":"index","follow":"follow","max-snippet":"max-snippet:-1","max-image-preview":"max-image-preview:large","max-video-preview":"max-video-preview:-1"},"canonical":"https:\/\/covasna45.ro\/index.php\/sport\/fifa-anunta-masuri-care-vor-revolutiona-fotbalul\/","og_locale":"ro_RO","og_type":"article","og_title":"FIFA anun\u021b\u0103 m\u0103suri care vor revolu\u021biona fotbalul - Covasna45","og_description":"FIFA, forul condus de Gianni Infantino, se preg\u0103te\u0219te s\u0103 adopte primele m\u0103suri pe tema \u00eembun\u0103t\u0103\u021birii jocului de fotbal.","og_url":"https:\/\/covasna45.ro\/index.php\/sport\/fifa-anunta-masuri-care-vor-revolutiona-fotbalul\/","og_site_name":"Covasna45","article_published_time":"2023-03-02T12:23:00+00:00","og_image":[{"width":1280,"height":720,"url":"https:\/\/covasna45.ro\/wp-content\/uploads\/2023\/03\/fifa.jpg","type":"image\/jpeg"}],"author":"Covasna45","twitter_card":"summary_large_image","twitter_misc":{"Scris de":"Covasna45","Timp estimat pentru citire":"1 minut"},"schema":{"@context":"https:\/\/schema.org","@graph":[{"@type":"Article","@id":"https:\/\/covasna45.ro\/index.php\/sport\/fifa-anunta-masuri-care-vor-revolutiona-fotbalul\/#article","isPartOf":{"@id":"https:\/\/covasna45.ro\/index.php\/sport\/fifa-anunta-masuri-care-vor-revolutiona-fotbalul\/"},"author":{"name":"Covasna45","@id":"https:\/\/covasna45.ro\/#\/schema\/person\/e674052bd7d95d70bbb007a1060ab73c"},"headline":"FIFA anun\u021b\u0103 m\u0103suri care vor revolu\u021biona fotbalul","datePublished":"2023-03-02T12:23:00+00:00","mainEntityOfPage":{"@id":"https:\/\/covasna45.ro\/index.php\/sport\/fifa-anunta-masuri-care-vor-revolutiona-fotbalul\/"},"wordCount":154,"commentCount":0,"publisher":{"@id":"https:\/\/covasna45.ro\/#organization"},"image":{"@id":"https:\/\/covasna45.ro\/index.php\/sport\/fifa-anunta-masuri-care-vor-revolutiona-fotbalul\/#primaryimage"},"thumbnailUrl":"https:\/\/covasna45.ro\/wp-content\/uploads\/2023\/03\/fifa.jpg","keywords":["Arsene Wenger","FIFA","Fotbal"],"articleSection":["Sport"],"inLanguage":"ro-RO","potentialAction":[{"@type":"CommentAction","name":"Comment","target":["https:\/\/covasna45.ro\/index.php\/sport\/fifa-anunta-masuri-care-vor-revolutiona-fotbalul\/#respond"]}]},{"@type":"WebPage","@id":"https:\/\/covasna45.ro\/index.php\/sport\/fifa-anunta-masuri-care-vor-revolutiona-fotbalul\/","url":"https:\/\/covasna45.ro\/index.php\/sport\/fifa-anunta-masuri-care-vor-revolutiona-fotbalul\/","name":"FIFA anun\u021b\u0103 m\u0103suri care vor revolu\u021biona fotbalul - Covasna45","isPartOf":{"@id":"https:\/\/covasna45.ro\/#website"},"primaryImageOfPage":{"@id":"https:\/\/covasna45.ro\/index.php\/sport\/fifa-anunta-masuri-care-vor-revolutiona-fotbalul\/#primaryimage"},"image":{"@id":"https:\/\/covasna45.ro\/index.php\/sport\/fifa-anunta-masuri-care-vor-revolutiona-fotbalul\/#primaryimage"},"thumbnailUrl":"https:\/\/covasna45.ro\/wp-content\/uploads\/2023\/03\/fifa.jpg","datePublished":"2023-03-02T12:23:00+00:00","description":"FIFA, forul condus de Gianni Infantino, se preg\u0103te\u0219te s\u0103 adopte primele m\u0103suri pe tema \u00eembun\u0103t\u0103\u021birii jocului de fotbal.","breadcrumb":{"@id":"https:\/\/covasna45.ro\/index.php\/sport\/fifa-anunta-masuri-care-vor-revolutiona-fotbalul\/#breadcrumb"},"inLanguage":"ro-RO","potentialAction":[{"@type":"ReadAction","target":["https:\/\/covasna45.ro\/index.php\/sport\/fifa-anunta-masuri-care-vor-revolutiona-fotbalul\/"]}]},{"@type":"ImageObject","inLanguage":"ro-RO","@id":"https:\/\/covasna45.ro\/index.php\/sport\/fifa-anunta-masuri-care-vor-revolutiona-fotbalul\/#primaryimage","url":"https:\/\/covasna45.ro\/wp-content\/uploads\/2023\/03\/fifa.jpg","contentUrl":"https:\/\/covasna45.ro\/wp-content\/uploads\/2023\/03\/fifa.jpg","width":1280,"height":720},{"@type":"BreadcrumbList","@id":"https:\/\/covasna45.ro\/index.php\/sport\/fifa-anunta-masuri-care-vor-revolutiona-fotbalul\/#breadcrumb","itemListElement":[{"@type":"ListItem","position":1,"name":"Prima pagin\u0103","item":"https:\/\/covasna45.ro\/"},{"@type":"ListItem","position":2,"name":"FIFA anun\u021b\u0103 m\u0103suri care vor revolu\u021biona fotbalul"}]},{"@type":"WebSite","@id":"https:\/\/covasna45.ro\/#website","url":"https:\/\/covasna45.ro\/","name":"covasna45.ro","description":"","publisher":{"@id":"https:\/\/covasna45.ro\/#organization"},"potentialAction":[{"@type":"SearchAction","target":{"@type":"EntryPoint","urlTemplate":"https:\/\/covasna45.ro\/?s={search_term_string}"},"query-input":{"@type":"PropertyValueSpecification","valueRequired":true,"valueName":"search_term_string"}}],"inLanguage":"ro-RO"},{"@type":"Organization","@id":"https:\/\/covasna45.ro\/#organization","name":"covasna45.ro","url":"https:\/\/covasna45.ro\/","logo":{"@type":"ImageObject","inLanguage":"ro-RO","@id":"https:\/\/covasna45.ro\/#\/schema\/logo\/image\/","url":"https:\/\/covasna45.ro\/wp-content\/uploads\/2023\/01\/icon_logo.png","contentUrl":"https:\/\/covasna45.ro\/wp-content\/uploads\/2023\/01\/icon_logo.png","width":1900,"height":1900,"caption":"covasna45.ro"},"image":{"@id":"https:\/\/covasna45.ro\/#\/schema\/logo\/image\/"}},{"@type":"Person","@id":"https:\/\/covasna45.ro\/#\/schema\/person\/e674052bd7d95d70bbb007a1060ab73c","name":"Covasna45","image":{"@type":"ImageObject","inLanguage":"ro-RO","@id":"https:\/\/covasna45.ro\/wp-content\/uploads\/2025\/10\/icon_logo_covasna45-150x150.png","url":"https:\/\/covasna45.ro\/wp-content\/uploads\/2025\/10\/icon_logo_covasna45-150x150.png","contentUrl":"https:\/\/covasna45.ro\/wp-content\/uploads\/2025\/10\/icon_logo_covasna45-150x150.png","caption":"Covasna45"},"sameAs":["https:\/\/covasna45.ro"],"url":"https:\/\/covasna45.ro\/index.php\/author\/covasna\/"}]}},"_links":{"self":[{"href":"https:\/\/covasna45.ro\/index.php\/wp-json\/wp\/v2\/posts\/704","targetHints":{"allow":["GET"]}}],"collection":[{"href":"https:\/\/covasna45.ro\/index.php\/wp-json\/wp\/v2\/posts"}],"about":[{"href":"https:\/\/covasna45.ro\/index.php\/wp-json\/wp\/v2\/types\/post"}],"author":[{"embeddable":true,"href":"https:\/\/covasna45.ro\/index.php\/wp-json\/wp\/v2\/users\/1"}],"replies":[{"embeddable":true,"href":"https:\/\/covasna45.ro\/index.php\/wp-json\/wp\/v2\/comments?post=704"}],"version-history":[{"count":1,"href":"https:\/\/covasna45.ro\/index.php\/wp-json\/wp\/v2\/posts\/704\/revisions"}],"predecessor-version":[{"id":706,"href":"https:\/\/covasna45.ro\/index.php\/wp-json\/wp\/v2\/posts\/704\/revisions\/706"}],"wp:featuredmedia":[{"embeddable":true,"href":"https:\/\/covasna45.ro\/index.php\/wp-json\/wp\/v2\/media\/705"}],"wp:attachment":[{"href":"https:\/\/covasna45.ro\/index.php\/wp-json\/wp\/v2\/media?parent=704"}],"wp:term":[{"taxonomy":"category","embeddable":true,"href":"https:\/\/covasna45.ro\/index.php\/wp-json\/wp\/v2\/categories?post=704"},{"taxonomy":"post_tag","embeddable":true,"href":"https:\/\/covasna45.ro\/index.php\/wp-json\/wp\/v2\/tags?post=704"}],"curies":[{"name":"wp","href":"https:\/\/api.w.org\/{rel}","templated":true}]}}