{"id":7040,"date":"2024-07-24T11:04:31","date_gmt":"2024-07-24T09:04:31","guid":{"rendered":"https:\/\/covasna45.ro\/?p=7040"},"modified":"2024-07-24T11:04:32","modified_gmt":"2024-07-24T09:04:32","slug":"primaria-reci-construieste-o-statie-de-pompare-pana-in-primavara-lacul-reci-va-fi-plin","status":"publish","type":"post","link":"https:\/\/covasna45.ro\/index.php\/lumea-noastra\/primaria-reci-construieste-o-statie-de-pompare-pana-in-primavara-lacul-reci-va-fi-plin\/","title":{"rendered":"Prim\u0103ria Reci construie\u0219te o sta\u021bie de pompare: p\u00e2n\u0103 \u00een prim\u0103var\u0103 Lacul Reci va fi plin"},"content":{"rendered":"\n<p>Prim\u0103ria Reci construie\u0219te \u00een aceste zile o sta\u021bie de pompare pentru a umple lacul. \u00centr-o s\u0103pt\u0103m\u00e2n\u0103, aceasta va fi gata \u0219i va \u00eencepe pomparea apei. Imaginea dezolant\u0103 de azi a frumosului Lac Reci va deveni astfel o amintire, iar anul viitor, dac\u0103 toate merg bine, acesta va putea r\u0103cori din nou turi\u0219tii \u0219i localnicii \u0219i va g\u0103zdui p\u0103s\u0103ri, pe\u0219ti \u0219i plante.<\/p>\n\n\n\n<figure class=\"wp-block-image size-large\"><img loading=\"lazy\" decoding=\"async\" width=\"1024\" height=\"463\" src=\"https:\/\/covasna45.ro\/wp-content\/uploads\/2024\/07\/lac-reci-1024x463.jpg\" alt=\"\" class=\"wp-image-7042\" srcset=\"https:\/\/covasna45.ro\/wp-content\/uploads\/2024\/07\/lac-reci-1024x463.jpg 1024w, https:\/\/covasna45.ro\/wp-content\/uploads\/2024\/07\/lac-reci-300x136.jpg 300w, https:\/\/covasna45.ro\/wp-content\/uploads\/2024\/07\/lac-reci-768x347.jpg 768w, https:\/\/covasna45.ro\/wp-content\/uploads\/2024\/07\/lac-reci-1536x695.jpg 1536w, https:\/\/covasna45.ro\/wp-content\/uploads\/2024\/07\/lac-reci-150x68.jpg 150w, https:\/\/covasna45.ro\/wp-content\/uploads\/2024\/07\/lac-reci-696x315.jpg 696w, https:\/\/covasna45.ro\/wp-content\/uploads\/2024\/07\/lac-reci-1068x483.jpg 1068w, https:\/\/covasna45.ro\/wp-content\/uploads\/2024\/07\/lac-reci.jpg 1713w\" sizes=\"auto, (max-width: 1024px) 100vw, 1024px\" \/><\/figure>\n\n\n\n<p>\u201e<strong><em>Prefectura Covasna a convocat Comitetul Jude\u021bean pentru Situa\u021bii de urgen\u021b\u0103 \u2013 pentru c\u0103 era o situa\u021bie de urgen\u021b\u0103 \u2013 \u0219i am primit autoriza\u021bia de construire \u00een regim de urgen\u021b\u0103 a sta\u021biei de pompare. Ne-au ajutat toate institu\u021biile, inclusiv cei de la Mediu sau ISU. Pentru c\u0103 f\u0103r\u0103 aceast\u0103 autoriza\u021bie nu puteam face nimic<\/em><\/strong>\u201d, a declarat pentru <a href=\"https:\/\/covasna45.ro\/index.php\/lumea-noastra\/zilele-comunei-reci-muzica-expozitii-de-tractoare-si-de-animale-concursuri\/\">covasna45.ro<\/a> primarul din Reci, Dombora Lehel.<\/p>\n\n\n\n<figure class=\"wp-block-image size-large\"><img loading=\"lazy\" decoding=\"async\" width=\"1024\" height=\"508\" src=\"https:\/\/covasna45.ro\/wp-content\/uploads\/2024\/07\/lac-reci2-1024x508.jpg\" alt=\"\" class=\"wp-image-7043\" srcset=\"https:\/\/covasna45.ro\/wp-content\/uploads\/2024\/07\/lac-reci2-1024x508.jpg 1024w, https:\/\/covasna45.ro\/wp-content\/uploads\/2024\/07\/lac-reci2-300x149.jpg 300w, https:\/\/covasna45.ro\/wp-content\/uploads\/2024\/07\/lac-reci2-768x381.jpg 768w, https:\/\/covasna45.ro\/wp-content\/uploads\/2024\/07\/lac-reci2-1536x762.jpg 1536w, https:\/\/covasna45.ro\/wp-content\/uploads\/2024\/07\/lac-reci2-150x74.jpg 150w, https:\/\/covasna45.ro\/wp-content\/uploads\/2024\/07\/lac-reci2-696x345.jpg 696w, https:\/\/covasna45.ro\/wp-content\/uploads\/2024\/07\/lac-reci2-1068x530.jpg 1068w, https:\/\/covasna45.ro\/wp-content\/uploads\/2024\/07\/lac-reci2.jpg 1713w\" sizes=\"auto, (max-width: 1024px) 100vw, 1024px\" \/><\/figure>\n\n\n\n<p>\u201eAm \u00eencercat s\u0103 aducem ap\u0103 \u00een lac \u0219i cu motopompe&#8230; a fost un efort teribil, oamenii no\u0219tri lucrau prin rota\u021bie ca s\u0103 men\u021binem un ritm, iar dup\u0103 dou\u0103 luni de pompat continuu nivelul apei era tot jos&#8230; Costurile erau foarte mari, pentru c\u0103 acele motopompe func\u021bioneaz\u0103 cu motorin\u0103. <\/p>\n\n\n\n<figure class=\"wp-block-image size-large\"><img loading=\"lazy\" decoding=\"async\" width=\"1024\" height=\"546\" src=\"https:\/\/covasna45.ro\/wp-content\/uploads\/2024\/07\/reci4-1024x546.jpg\" alt=\"\" class=\"wp-image-7044\" srcset=\"https:\/\/covasna45.ro\/wp-content\/uploads\/2024\/07\/reci4-1024x546.jpg 1024w, https:\/\/covasna45.ro\/wp-content\/uploads\/2024\/07\/reci4-300x160.jpg 300w, https:\/\/covasna45.ro\/wp-content\/uploads\/2024\/07\/reci4-768x409.jpg 768w, https:\/\/covasna45.ro\/wp-content\/uploads\/2024\/07\/reci4-1536x819.jpg 1536w, https:\/\/covasna45.ro\/wp-content\/uploads\/2024\/07\/reci4-150x80.jpg 150w, https:\/\/covasna45.ro\/wp-content\/uploads\/2024\/07\/reci4-696x371.jpg 696w, https:\/\/covasna45.ro\/wp-content\/uploads\/2024\/07\/reci4-1068x569.jpg 1068w, https:\/\/covasna45.ro\/wp-content\/uploads\/2024\/07\/reci4.jpg 1713w\" sizes=\"auto, (max-width: 1024px) 100vw, 1024px\" \/><\/figure>\n\n\n\n<p>Dup\u0103 ce am cheltuit bani pe combustibil \u0219i am f\u0103cut eforturi mari, nivelul apei crescuse cu doar 40 de centimetri. Ne-a fost clar c\u0103 nu era o solu\u021bie. Cu sta\u021bia sper\u0103m s\u0103 avem un nivel optim de 1,5 \u2013 2 metri p\u00e2n\u0103 \u00een prim\u0103var\u0103\u201d, ne-a mai spus primarul.<\/p>\n\n\n\n<figure class=\"wp-block-image size-full\"><img loading=\"lazy\" decoding=\"async\" width=\"776\" height=\"710\" src=\"https:\/\/covasna45.ro\/wp-content\/uploads\/2024\/07\/dombora-reci.jpg\" alt=\"\" class=\"wp-image-7045\" srcset=\"https:\/\/covasna45.ro\/wp-content\/uploads\/2024\/07\/dombora-reci.jpg 776w, https:\/\/covasna45.ro\/wp-content\/uploads\/2024\/07\/dombora-reci-300x274.jpg 300w, https:\/\/covasna45.ro\/wp-content\/uploads\/2024\/07\/dombora-reci-768x703.jpg 768w, https:\/\/covasna45.ro\/wp-content\/uploads\/2024\/07\/dombora-reci-150x137.jpg 150w, https:\/\/covasna45.ro\/wp-content\/uploads\/2024\/07\/dombora-reci-696x637.jpg 696w\" sizes=\"auto, (max-width: 776px) 100vw, 776px\" \/><\/figure>\n\n\n\n<p>Sta\u021bia e construit\u0103 l\u00e2ng\u0103 r\u00e2ul Negru \u0219i este parte a unui plan de refacere a lacului. Prima parte a constat \u00een reconstruc\u021bia digului de protec\u021bie. Banii vin din bugetul local al comunei Reci.<\/p>\n\n\n\n<figure class=\"wp-block-image size-large\"><img loading=\"lazy\" decoding=\"async\" width=\"1024\" height=\"768\" src=\"https:\/\/covasna45.ro\/wp-content\/uploads\/2024\/07\/primaria-reci-1024x768.jpg\" alt=\"\" class=\"wp-image-7046\" srcset=\"https:\/\/covasna45.ro\/wp-content\/uploads\/2024\/07\/primaria-reci-1024x768.jpg 1024w, https:\/\/covasna45.ro\/wp-content\/uploads\/2024\/07\/primaria-reci-300x225.jpg 300w, https:\/\/covasna45.ro\/wp-content\/uploads\/2024\/07\/primaria-reci-768x576.jpg 768w, https:\/\/covasna45.ro\/wp-content\/uploads\/2024\/07\/primaria-reci-1536x1152.jpg 1536w, https:\/\/covasna45.ro\/wp-content\/uploads\/2024\/07\/primaria-reci-150x113.jpg 150w, https:\/\/covasna45.ro\/wp-content\/uploads\/2024\/07\/primaria-reci-696x522.jpg 696w, https:\/\/covasna45.ro\/wp-content\/uploads\/2024\/07\/primaria-reci-1068x801.jpg 1068w, https:\/\/covasna45.ro\/wp-content\/uploads\/2024\/07\/primaria-reci.jpg 1680w\" sizes=\"auto, (max-width: 1024px) 100vw, 1024px\" \/><\/figure>\n\n\n\n<p>Una dintre cauzele care au dus la sc\u0103derea apei din lac este c\u0103 sursele de ap\u0103 din zon\u0103 sunt la limit\u0103 \u2013 p\u00e2r\u00e2ul Sociova, de exemplu, nu mai are debit de ani buni.<\/p>\n","protected":false},"excerpt":{"rendered":"<p>Prim\u0103ria Reci construie\u0219te \u00een aceste zile o sta\u021bie de pompare pentru a umple lacul. \u00centr-o s\u0103pt\u0103m\u00e2n\u0103, aceasta va fi gata \u0219i va \u00eencepe pomparea apei. Imaginea dezolant\u0103 de azi a frumosului Lac Reci va deveni astfel o amintire, iar anul viitor, dac\u0103 toate merg bine, acesta va putea r\u0103cori din nou turi\u0219tii \u0219i localnicii \u0219i [&hellip;]<\/p>\n","protected":false},"author":1,"featured_media":7041,"comment_status":"open","ping_status":"closed","sticky":false,"template":"","format":"standard","meta":{"tdm_status":"","tdm_grid_status":"","footnotes":""},"categories":[14],"tags":[2614,2594],"class_list":{"0":"post-7040","1":"post","2":"type-post","3":"status-publish","4":"format-standard","5":"has-post-thumbnail","7":"category-lumea-noastra","8":"tag-lacul-reci","9":"tag-reci"},"yoast_head":"<!-- This site is optimized with the Yoast SEO plugin v27.5 - https:\/\/yoast.com\/product\/yoast-seo-wordpress\/ -->\n<title>Prim\u0103ria Reci construie\u0219te o sta\u021bie de pompare: p\u00e2n\u0103 \u00een prim\u0103var\u0103 Lacul Reci va fi plin - Covasna45<\/title>\n<meta name=\"description\" content=\"Sta\u021bia e construit\u0103 l\u00e2ng\u0103 r\u00e2ul Negru \u0219i este parte a unui plan de refacere a lacului. Prima parte a constat \u00een reconstruc\u021bia digului.\" \/>\n<meta name=\"robots\" content=\"index, follow, max-snippet:-1, max-image-preview:large, max-video-preview:-1\" \/>\n<link rel=\"canonical\" href=\"https:\/\/covasna45.ro\/index.php\/lumea-noastra\/primaria-reci-construieste-o-statie-de-pompare-pana-in-primavara-lacul-reci-va-fi-plin\/\" \/>\n<meta property=\"og:locale\" content=\"ro_RO\" \/>\n<meta property=\"og:type\" content=\"article\" \/>\n<meta property=\"og:title\" content=\"Prim\u0103ria Reci construie\u0219te o sta\u021bie de pompare: p\u00e2n\u0103 \u00een prim\u0103var\u0103 Lacul Reci va fi plin - Covasna45\" \/>\n<meta property=\"og:description\" content=\"Sta\u021bia e construit\u0103 l\u00e2ng\u0103 r\u00e2ul Negru \u0219i este parte a unui plan de refacere a lacului. Prima parte a constat \u00een reconstruc\u021bia digului.\" \/>\n<meta property=\"og:url\" content=\"https:\/\/covasna45.ro\/index.php\/lumea-noastra\/primaria-reci-construieste-o-statie-de-pompare-pana-in-primavara-lacul-reci-va-fi-plin\/\" \/>\n<meta property=\"og:site_name\" content=\"Covasna45\" \/>\n<meta property=\"article:published_time\" content=\"2024-07-24T09:04:31+00:00\" \/>\n<meta property=\"article:modified_time\" content=\"2024-07-24T09:04:32+00:00\" \/>\n<meta property=\"og:image\" content=\"https:\/\/covasna45.ro\/wp-content\/uploads\/2024\/07\/lac-reci3-scaled.jpg\" \/>\n\t<meta property=\"og:image:width\" content=\"2560\" \/>\n\t<meta property=\"og:image:height\" content=\"1365\" \/>\n\t<meta property=\"og:image:type\" content=\"image\/jpeg\" \/>\n<meta name=\"author\" content=\"Covasna45\" \/>\n<meta name=\"twitter:card\" content=\"summary_large_image\" \/>\n<meta name=\"twitter:label1\" content=\"Scris de\" \/>\n\t<meta name=\"twitter:data1\" content=\"Covasna45\" \/>\n\t<meta name=\"twitter:label2\" content=\"Timp estimat pentru citire\" \/>\n\t<meta name=\"twitter:data2\" content=\"3 minute\" \/>\n<script type=\"application\/ld+json\" class=\"yoast-schema-graph\">{\"@context\":\"https:\\\/\\\/schema.org\",\"@graph\":[{\"@type\":\"Article\",\"@id\":\"https:\\\/\\\/covasna45.ro\\\/index.php\\\/lumea-noastra\\\/primaria-reci-construieste-o-statie-de-pompare-pana-in-primavara-lacul-reci-va-fi-plin\\\/#article\",\"isPartOf\":{\"@id\":\"https:\\\/\\\/covasna45.ro\\\/index.php\\\/lumea-noastra\\\/primaria-reci-construieste-o-statie-de-pompare-pana-in-primavara-lacul-reci-va-fi-plin\\\/\"},\"author\":{\"name\":\"Covasna45\",\"@id\":\"https:\\\/\\\/covasna45.ro\\\/#\\\/schema\\\/person\\\/e674052bd7d95d70bbb007a1060ab73c\"},\"headline\":\"Prim\u0103ria Reci construie\u0219te o sta\u021bie de pompare: p\u00e2n\u0103 \u00een prim\u0103var\u0103 Lacul Reci va fi plin\",\"datePublished\":\"2024-07-24T09:04:31+00:00\",\"dateModified\":\"2024-07-24T09:04:32+00:00\",\"mainEntityOfPage\":{\"@id\":\"https:\\\/\\\/covasna45.ro\\\/index.php\\\/lumea-noastra\\\/primaria-reci-construieste-o-statie-de-pompare-pana-in-primavara-lacul-reci-va-fi-plin\\\/\"},\"wordCount\":337,\"commentCount\":0,\"publisher\":{\"@id\":\"https:\\\/\\\/covasna45.ro\\\/#organization\"},\"image\":{\"@id\":\"https:\\\/\\\/covasna45.ro\\\/index.php\\\/lumea-noastra\\\/primaria-reci-construieste-o-statie-de-pompare-pana-in-primavara-lacul-reci-va-fi-plin\\\/#primaryimage\"},\"thumbnailUrl\":\"https:\\\/\\\/covasna45.ro\\\/wp-content\\\/uploads\\\/2024\\\/07\\\/lac-reci3-scaled.jpg\",\"keywords\":[\"lacul Reci\",\"reci\"],\"articleSection\":[\"Lumea noastr\u0103\"],\"inLanguage\":\"ro-RO\",\"potentialAction\":[{\"@type\":\"CommentAction\",\"name\":\"Comment\",\"target\":[\"https:\\\/\\\/covasna45.ro\\\/index.php\\\/lumea-noastra\\\/primaria-reci-construieste-o-statie-de-pompare-pana-in-primavara-lacul-reci-va-fi-plin\\\/#respond\"]}]},{\"@type\":\"WebPage\",\"@id\":\"https:\\\/\\\/covasna45.ro\\\/index.php\\\/lumea-noastra\\\/primaria-reci-construieste-o-statie-de-pompare-pana-in-primavara-lacul-reci-va-fi-plin\\\/\",\"url\":\"https:\\\/\\\/covasna45.ro\\\/index.php\\\/lumea-noastra\\\/primaria-reci-construieste-o-statie-de-pompare-pana-in-primavara-lacul-reci-va-fi-plin\\\/\",\"name\":\"Prim\u0103ria Reci construie\u0219te o sta\u021bie de pompare: p\u00e2n\u0103 \u00een prim\u0103var\u0103 Lacul Reci va fi plin - Covasna45\",\"isPartOf\":{\"@id\":\"https:\\\/\\\/covasna45.ro\\\/#website\"},\"primaryImageOfPage\":{\"@id\":\"https:\\\/\\\/covasna45.ro\\\/index.php\\\/lumea-noastra\\\/primaria-reci-construieste-o-statie-de-pompare-pana-in-primavara-lacul-reci-va-fi-plin\\\/#primaryimage\"},\"image\":{\"@id\":\"https:\\\/\\\/covasna45.ro\\\/index.php\\\/lumea-noastra\\\/primaria-reci-construieste-o-statie-de-pompare-pana-in-primavara-lacul-reci-va-fi-plin\\\/#primaryimage\"},\"thumbnailUrl\":\"https:\\\/\\\/covasna45.ro\\\/wp-content\\\/uploads\\\/2024\\\/07\\\/lac-reci3-scaled.jpg\",\"datePublished\":\"2024-07-24T09:04:31+00:00\",\"dateModified\":\"2024-07-24T09:04:32+00:00\",\"description\":\"Sta\u021bia e construit\u0103 l\u00e2ng\u0103 r\u00e2ul Negru \u0219i este parte a unui plan de refacere a lacului. Prima parte a constat \u00een reconstruc\u021bia digului.\",\"breadcrumb\":{\"@id\":\"https:\\\/\\\/covasna45.ro\\\/index.php\\\/lumea-noastra\\\/primaria-reci-construieste-o-statie-de-pompare-pana-in-primavara-lacul-reci-va-fi-plin\\\/#breadcrumb\"},\"inLanguage\":\"ro-RO\",\"potentialAction\":[{\"@type\":\"ReadAction\",\"target\":[\"https:\\\/\\\/covasna45.ro\\\/index.php\\\/lumea-noastra\\\/primaria-reci-construieste-o-statie-de-pompare-pana-in-primavara-lacul-reci-va-fi-plin\\\/\"]}]},{\"@type\":\"ImageObject\",\"inLanguage\":\"ro-RO\",\"@id\":\"https:\\\/\\\/covasna45.ro\\\/index.php\\\/lumea-noastra\\\/primaria-reci-construieste-o-statie-de-pompare-pana-in-primavara-lacul-reci-va-fi-plin\\\/#primaryimage\",\"url\":\"https:\\\/\\\/covasna45.ro\\\/wp-content\\\/uploads\\\/2024\\\/07\\\/lac-reci3-scaled.jpg\",\"contentUrl\":\"https:\\\/\\\/covasna45.ro\\\/wp-content\\\/uploads\\\/2024\\\/07\\\/lac-reci3-scaled.jpg\",\"width\":2560,\"height\":1365},{\"@type\":\"BreadcrumbList\",\"@id\":\"https:\\\/\\\/covasna45.ro\\\/index.php\\\/lumea-noastra\\\/primaria-reci-construieste-o-statie-de-pompare-pana-in-primavara-lacul-reci-va-fi-plin\\\/#breadcrumb\",\"itemListElement\":[{\"@type\":\"ListItem\",\"position\":1,\"name\":\"Prima pagin\u0103\",\"item\":\"https:\\\/\\\/covasna45.ro\\\/\"},{\"@type\":\"ListItem\",\"position\":2,\"name\":\"Prim\u0103ria Reci construie\u0219te o sta\u021bie de pompare: p\u00e2n\u0103 \u00een prim\u0103var\u0103 Lacul Reci va fi plin\"}]},{\"@type\":\"WebSite\",\"@id\":\"https:\\\/\\\/covasna45.ro\\\/#website\",\"url\":\"https:\\\/\\\/covasna45.ro\\\/\",\"name\":\"covasna45.ro\",\"description\":\"\",\"publisher\":{\"@id\":\"https:\\\/\\\/covasna45.ro\\\/#organization\"},\"potentialAction\":[{\"@type\":\"SearchAction\",\"target\":{\"@type\":\"EntryPoint\",\"urlTemplate\":\"https:\\\/\\\/covasna45.ro\\\/?s={search_term_string}\"},\"query-input\":{\"@type\":\"PropertyValueSpecification\",\"valueRequired\":true,\"valueName\":\"search_term_string\"}}],\"inLanguage\":\"ro-RO\"},{\"@type\":\"Organization\",\"@id\":\"https:\\\/\\\/covasna45.ro\\\/#organization\",\"name\":\"covasna45.ro\",\"url\":\"https:\\\/\\\/covasna45.ro\\\/\",\"logo\":{\"@type\":\"ImageObject\",\"inLanguage\":\"ro-RO\",\"@id\":\"https:\\\/\\\/covasna45.ro\\\/#\\\/schema\\\/logo\\\/image\\\/\",\"url\":\"https:\\\/\\\/covasna45.ro\\\/wp-content\\\/uploads\\\/2023\\\/01\\\/icon_logo.png\",\"contentUrl\":\"https:\\\/\\\/covasna45.ro\\\/wp-content\\\/uploads\\\/2023\\\/01\\\/icon_logo.png\",\"width\":1900,\"height\":1900,\"caption\":\"covasna45.ro\"},\"image\":{\"@id\":\"https:\\\/\\\/covasna45.ro\\\/#\\\/schema\\\/logo\\\/image\\\/\"}},{\"@type\":\"Person\",\"@id\":\"https:\\\/\\\/covasna45.ro\\\/#\\\/schema\\\/person\\\/e674052bd7d95d70bbb007a1060ab73c\",\"name\":\"Covasna45\",\"image\":{\"@type\":\"ImageObject\",\"inLanguage\":\"ro-RO\",\"@id\":\"https:\\\/\\\/covasna45.ro\\\/wp-content\\\/uploads\\\/2025\\\/10\\\/icon_logo_covasna45-150x150.png\",\"url\":\"https:\\\/\\\/covasna45.ro\\\/wp-content\\\/uploads\\\/2025\\\/10\\\/icon_logo_covasna45-150x150.png\",\"contentUrl\":\"https:\\\/\\\/covasna45.ro\\\/wp-content\\\/uploads\\\/2025\\\/10\\\/icon_logo_covasna45-150x150.png\",\"caption\":\"Covasna45\"},\"sameAs\":[\"https:\\\/\\\/covasna45.ro\"],\"url\":\"https:\\\/\\\/covasna45.ro\\\/index.php\\\/author\\\/covasna\\\/\"}]}<\/script>\n<!-- \/ Yoast SEO plugin. -->","yoast_head_json":{"title":"Prim\u0103ria Reci construie\u0219te o sta\u021bie de pompare: p\u00e2n\u0103 \u00een prim\u0103var\u0103 Lacul Reci va fi plin - Covasna45","description":"Sta\u021bia e construit\u0103 l\u00e2ng\u0103 r\u00e2ul Negru \u0219i este parte a unui plan de refacere a lacului. Prima parte a constat \u00een reconstruc\u021bia digului.","robots":{"index":"index","follow":"follow","max-snippet":"max-snippet:-1","max-image-preview":"max-image-preview:large","max-video-preview":"max-video-preview:-1"},"canonical":"https:\/\/covasna45.ro\/index.php\/lumea-noastra\/primaria-reci-construieste-o-statie-de-pompare-pana-in-primavara-lacul-reci-va-fi-plin\/","og_locale":"ro_RO","og_type":"article","og_title":"Prim\u0103ria Reci construie\u0219te o sta\u021bie de pompare: p\u00e2n\u0103 \u00een prim\u0103var\u0103 Lacul Reci va fi plin - Covasna45","og_description":"Sta\u021bia e construit\u0103 l\u00e2ng\u0103 r\u00e2ul Negru \u0219i este parte a unui plan de refacere a lacului. Prima parte a constat \u00een reconstruc\u021bia digului.","og_url":"https:\/\/covasna45.ro\/index.php\/lumea-noastra\/primaria-reci-construieste-o-statie-de-pompare-pana-in-primavara-lacul-reci-va-fi-plin\/","og_site_name":"Covasna45","article_published_time":"2024-07-24T09:04:31+00:00","article_modified_time":"2024-07-24T09:04:32+00:00","og_image":[{"width":2560,"height":1365,"url":"https:\/\/covasna45.ro\/wp-content\/uploads\/2024\/07\/lac-reci3-scaled.jpg","type":"image\/jpeg"}],"author":"Covasna45","twitter_card":"summary_large_image","twitter_misc":{"Scris de":"Covasna45","Timp estimat pentru citire":"3 minute"},"schema":{"@context":"https:\/\/schema.org","@graph":[{"@type":"Article","@id":"https:\/\/covasna45.ro\/index.php\/lumea-noastra\/primaria-reci-construieste-o-statie-de-pompare-pana-in-primavara-lacul-reci-va-fi-plin\/#article","isPartOf":{"@id":"https:\/\/covasna45.ro\/index.php\/lumea-noastra\/primaria-reci-construieste-o-statie-de-pompare-pana-in-primavara-lacul-reci-va-fi-plin\/"},"author":{"name":"Covasna45","@id":"https:\/\/covasna45.ro\/#\/schema\/person\/e674052bd7d95d70bbb007a1060ab73c"},"headline":"Prim\u0103ria Reci construie\u0219te o sta\u021bie de pompare: p\u00e2n\u0103 \u00een prim\u0103var\u0103 Lacul Reci va fi plin","datePublished":"2024-07-24T09:04:31+00:00","dateModified":"2024-07-24T09:04:32+00:00","mainEntityOfPage":{"@id":"https:\/\/covasna45.ro\/index.php\/lumea-noastra\/primaria-reci-construieste-o-statie-de-pompare-pana-in-primavara-lacul-reci-va-fi-plin\/"},"wordCount":337,"commentCount":0,"publisher":{"@id":"https:\/\/covasna45.ro\/#organization"},"image":{"@id":"https:\/\/covasna45.ro\/index.php\/lumea-noastra\/primaria-reci-construieste-o-statie-de-pompare-pana-in-primavara-lacul-reci-va-fi-plin\/#primaryimage"},"thumbnailUrl":"https:\/\/covasna45.ro\/wp-content\/uploads\/2024\/07\/lac-reci3-scaled.jpg","keywords":["lacul Reci","reci"],"articleSection":["Lumea noastr\u0103"],"inLanguage":"ro-RO","potentialAction":[{"@type":"CommentAction","name":"Comment","target":["https:\/\/covasna45.ro\/index.php\/lumea-noastra\/primaria-reci-construieste-o-statie-de-pompare-pana-in-primavara-lacul-reci-va-fi-plin\/#respond"]}]},{"@type":"WebPage","@id":"https:\/\/covasna45.ro\/index.php\/lumea-noastra\/primaria-reci-construieste-o-statie-de-pompare-pana-in-primavara-lacul-reci-va-fi-plin\/","url":"https:\/\/covasna45.ro\/index.php\/lumea-noastra\/primaria-reci-construieste-o-statie-de-pompare-pana-in-primavara-lacul-reci-va-fi-plin\/","name":"Prim\u0103ria Reci construie\u0219te o sta\u021bie de pompare: p\u00e2n\u0103 \u00een prim\u0103var\u0103 Lacul Reci va fi plin - Covasna45","isPartOf":{"@id":"https:\/\/covasna45.ro\/#website"},"primaryImageOfPage":{"@id":"https:\/\/covasna45.ro\/index.php\/lumea-noastra\/primaria-reci-construieste-o-statie-de-pompare-pana-in-primavara-lacul-reci-va-fi-plin\/#primaryimage"},"image":{"@id":"https:\/\/covasna45.ro\/index.php\/lumea-noastra\/primaria-reci-construieste-o-statie-de-pompare-pana-in-primavara-lacul-reci-va-fi-plin\/#primaryimage"},"thumbnailUrl":"https:\/\/covasna45.ro\/wp-content\/uploads\/2024\/07\/lac-reci3-scaled.jpg","datePublished":"2024-07-24T09:04:31+00:00","dateModified":"2024-07-24T09:04:32+00:00","description":"Sta\u021bia e construit\u0103 l\u00e2ng\u0103 r\u00e2ul Negru \u0219i este parte a unui plan de refacere a lacului. Prima parte a constat \u00een reconstruc\u021bia digului.","breadcrumb":{"@id":"https:\/\/covasna45.ro\/index.php\/lumea-noastra\/primaria-reci-construieste-o-statie-de-pompare-pana-in-primavara-lacul-reci-va-fi-plin\/#breadcrumb"},"inLanguage":"ro-RO","potentialAction":[{"@type":"ReadAction","target":["https:\/\/covasna45.ro\/index.php\/lumea-noastra\/primaria-reci-construieste-o-statie-de-pompare-pana-in-primavara-lacul-reci-va-fi-plin\/"]}]},{"@type":"ImageObject","inLanguage":"ro-RO","@id":"https:\/\/covasna45.ro\/index.php\/lumea-noastra\/primaria-reci-construieste-o-statie-de-pompare-pana-in-primavara-lacul-reci-va-fi-plin\/#primaryimage","url":"https:\/\/covasna45.ro\/wp-content\/uploads\/2024\/07\/lac-reci3-scaled.jpg","contentUrl":"https:\/\/covasna45.ro\/wp-content\/uploads\/2024\/07\/lac-reci3-scaled.jpg","width":2560,"height":1365},{"@type":"BreadcrumbList","@id":"https:\/\/covasna45.ro\/index.php\/lumea-noastra\/primaria-reci-construieste-o-statie-de-pompare-pana-in-primavara-lacul-reci-va-fi-plin\/#breadcrumb","itemListElement":[{"@type":"ListItem","position":1,"name":"Prima pagin\u0103","item":"https:\/\/covasna45.ro\/"},{"@type":"ListItem","position":2,"name":"Prim\u0103ria Reci construie\u0219te o sta\u021bie de pompare: p\u00e2n\u0103 \u00een prim\u0103var\u0103 Lacul Reci va fi plin"}]},{"@type":"WebSite","@id":"https:\/\/covasna45.ro\/#website","url":"https:\/\/covasna45.ro\/","name":"covasna45.ro","description":"","publisher":{"@id":"https:\/\/covasna45.ro\/#organization"},"potentialAction":[{"@type":"SearchAction","target":{"@type":"EntryPoint","urlTemplate":"https:\/\/covasna45.ro\/?s={search_term_string}"},"query-input":{"@type":"PropertyValueSpecification","valueRequired":true,"valueName":"search_term_string"}}],"inLanguage":"ro-RO"},{"@type":"Organization","@id":"https:\/\/covasna45.ro\/#organization","name":"covasna45.ro","url":"https:\/\/covasna45.ro\/","logo":{"@type":"ImageObject","inLanguage":"ro-RO","@id":"https:\/\/covasna45.ro\/#\/schema\/logo\/image\/","url":"https:\/\/covasna45.ro\/wp-content\/uploads\/2023\/01\/icon_logo.png","contentUrl":"https:\/\/covasna45.ro\/wp-content\/uploads\/2023\/01\/icon_logo.png","width":1900,"height":1900,"caption":"covasna45.ro"},"image":{"@id":"https:\/\/covasna45.ro\/#\/schema\/logo\/image\/"}},{"@type":"Person","@id":"https:\/\/covasna45.ro\/#\/schema\/person\/e674052bd7d95d70bbb007a1060ab73c","name":"Covasna45","image":{"@type":"ImageObject","inLanguage":"ro-RO","@id":"https:\/\/covasna45.ro\/wp-content\/uploads\/2025\/10\/icon_logo_covasna45-150x150.png","url":"https:\/\/covasna45.ro\/wp-content\/uploads\/2025\/10\/icon_logo_covasna45-150x150.png","contentUrl":"https:\/\/covasna45.ro\/wp-content\/uploads\/2025\/10\/icon_logo_covasna45-150x150.png","caption":"Covasna45"},"sameAs":["https:\/\/covasna45.ro"],"url":"https:\/\/covasna45.ro\/index.php\/author\/covasna\/"}]}},"_links":{"self":[{"href":"https:\/\/covasna45.ro\/index.php\/wp-json\/wp\/v2\/posts\/7040","targetHints":{"allow":["GET"]}}],"collection":[{"href":"https:\/\/covasna45.ro\/index.php\/wp-json\/wp\/v2\/posts"}],"about":[{"href":"https:\/\/covasna45.ro\/index.php\/wp-json\/wp\/v2\/types\/post"}],"author":[{"embeddable":true,"href":"https:\/\/covasna45.ro\/index.php\/wp-json\/wp\/v2\/users\/1"}],"replies":[{"embeddable":true,"href":"https:\/\/covasna45.ro\/index.php\/wp-json\/wp\/v2\/comments?post=7040"}],"version-history":[{"count":1,"href":"https:\/\/covasna45.ro\/index.php\/wp-json\/wp\/v2\/posts\/7040\/revisions"}],"predecessor-version":[{"id":7047,"href":"https:\/\/covasna45.ro\/index.php\/wp-json\/wp\/v2\/posts\/7040\/revisions\/7047"}],"wp:featuredmedia":[{"embeddable":true,"href":"https:\/\/covasna45.ro\/index.php\/wp-json\/wp\/v2\/media\/7041"}],"wp:attachment":[{"href":"https:\/\/covasna45.ro\/index.php\/wp-json\/wp\/v2\/media?parent=7040"}],"wp:term":[{"taxonomy":"category","embeddable":true,"href":"https:\/\/covasna45.ro\/index.php\/wp-json\/wp\/v2\/categories?post=7040"},{"taxonomy":"post_tag","embeddable":true,"href":"https:\/\/covasna45.ro\/index.php\/wp-json\/wp\/v2\/tags?post=7040"}],"curies":[{"name":"wp","href":"https:\/\/api.w.org\/{rel}","templated":true}]}}