{"id":7184,"date":"2024-07-30T09:51:19","date_gmt":"2024-07-30T07:51:19","guid":{"rendered":"https:\/\/covasna45.ro\/?p=7184"},"modified":"2024-07-30T09:51:20","modified_gmt":"2024-07-30T07:51:20","slug":"orasele-romaniei-vor-avea-zone-cu-niveluri-scazute-de-emisii-taxe-pentru-masinile-poluante","status":"publish","type":"post","link":"https:\/\/covasna45.ro\/index.php\/lumea-noastra\/orasele-romaniei-vor-avea-zone-cu-niveluri-scazute-de-emisii-taxe-pentru-masinile-poluante\/","title":{"rendered":"Ora\u0219ele Rom\u00e2niei vor avea \u201eZone cu Niveluri Sc\u0103zute de Emisii\u201d: taxe pentru ma\u0219inile poluante"},"content":{"rendered":"\n<p>Guvernul instituie \u00een ora\u0219ele Rom\u00e2niei Zonele cu Niveluri Sc\u0103zute de Emisii unde circula\u021bia autovehiculelor de\u021binute de cet\u0103\u021beni \u0219i firme ce nu stabilesc anumite baremuri privind noxele vor avea circula\u021bia limitat\u0103 iar, \u00een anumite cazuri, permis\u0103 doar dup\u0103 plata unei taxe, potrivit unui proiect de Hot\u0103r\u00e2re de Guvern ini\u021biat de Ministerul Dezvolt\u0103rii.<\/p>\n\n\n\n<p>Potrivit <a href=\"https:\/\/www.stiripesurse.ro\/apare-o-noua-taxa-auto-in-orase-amenzi-mari-pentru-soferii-care-incalca-restrictiile_3392655.html\">stiripesurse.ro<\/a>, autovehiculele institu\u021biilor de ap\u0103rare, ordine public\u0103 \u0219i servicii publice sunt exceptate de la prevederile actualei HG. De asemenea, prevederile legii nu se aplic\u0103 celor ce au domiciliul sau reziden\u021ba \u00een respectiva zon\u0103.<\/p>\n\n\n\n<h2 class=\"wp-block-heading\">Amenzi \u0219i penalit\u0103\u021bi<\/h2>\n\n\n\n<p>Pentru \u00eenceput, nerespectarea prevederii din zonele speciale se va pedepsi cu amend\u0103 contraven\u021bional\u0103 \u2013 300 de lei la prima abatere, care, dac\u0103 nu este pl\u0103tit\u0103 \u00een termen, atrage penalit\u0103\u021bi de 500 lei pe zi.<\/p>\n\n\n\n<p>\u201e(1) Constituie contraven\u021bie \u0219i se sanc\u021bioneaz\u0103 cu amend\u0103 de 300 lei circula\u021bia pe drumurile publice din interiorul ZNSE a vehiculelor care nu respect\u0103 prevederile regulamentului local de acces \u00een ZNSE.<\/p>\n\n\n\n<p>(2) Constituie contraven\u021bie \u0219i se sanc\u021bioneaz\u0103 consiliile locale, respectiv Consiliul General al municipiului Bucure\u0219ti cu amend\u0103 de 500 lei pentru fiecare zi de \u00eent\u00e2rziere fa\u021b\u0103 de termenele specificate la art. 22, alin. (4), lit. a) \u0219i b), din Legea nr. 155\/2023 privind mobilitatea urban\u0103 durabil\u0103\u201d, se arat\u0103 \u00een actul normativ.<\/p>\n\n\n\n<h2 class=\"wp-block-heading\">Condi\u021biile care trebuie \u00eendeplinite de autorit\u0103\u021bile locale \u00een zonele cu restric\u021bii<\/h2>\n\n\n\n<p>Potrivit proiectului de hot\u0103r\u00e2re:<\/p>\n\n\n\n<p>(1) ZNSE sunt ini\u021biate, delimitate \u0219i gestionate de c\u0103tre autorit\u0103\u021bile administra\u021biei publice locale.<\/p>\n\n\n\n<p>(2) Anterior instituirii ZNSE, pentru a garanta o abordare nediscriminatorie, autorit\u0103\u021bile administra\u021biei publice locale au obliga\u021bia efectu\u0103rii urm\u0103toarelor m\u0103suri compensatorii pentru asigurarea accesului liber al tuturor cet\u0103\u021benilor \u00een toate zonele urbane:<\/p>\n\n\n\n<p>a. asigurarea serviciului de transport public local de c\u0103l\u0103tori \u00een interiorul ZNSE;<\/p>\n\n\n\n<p>b. asigurarea infrastructurii pentru mobilitatea activ\u0103.<\/p>\n\n\n\n<p>ZNSE pot fi de dou\u0103 tipuri:<\/p>\n\n\n\n<p>a) ZNSE pentru care se stabilesc tarife de acces pentru autovehicule, \u00een func\u021bie de clasele de autovehicule specificate la art. 8 alin. (2), caz \u00een care autoritatea administra\u021biei publice locale care instituie aceste ZNSE trebuie s\u0103 implementeze mecanisme care s\u0103 asigure accesul \u00een mod controlat \u00een interiorul ZNSE, precum \u0219i platform\u0103 online unde se poate achita tariful de acces;<\/p>\n\n\n\n<p>b) ZNSE pentru care se stabilesc reguli care limiteaz\u0103 accesul autovehiculelor \u00een func\u021bie de clasele de autovehicule specificate la art. 8, alin. (2), \u00een care autoritatea administra\u021biei publice locale care instituie aceste zone trebuie s\u0103 asigure controlul accesului \u00een aceste zone.<\/p>\n\n\n\n<p>2) Pentru ambele tipuri de ZNSE se asigur\u0103 o abordare bazat\u0103 pe monitorizare video.<\/p>\n\n\n\n<p>\u00cen interiorul perimetrului ZNSE este permis accesul doar pentru autovehiculele care \u00eendeplinesc cel pu\u021bin una dintre urm\u0103toarele condi\u021bii:<\/p>\n\n\n\n<p>a) respect\u0103 standardele de emisii ale zonei, conform regulamentului local de acces aprobat de c\u0103tre consiliul local sau Consiliul General al Municipiului Bucure\u0219ti, dup\u0103 caz;<\/p>\n\n\n\n<p>b) achit\u0103 tariful de acces aferent, dac\u0103 ZNSE se \u00eencadreaz\u0103 \u00een categoria a) de la art. 4;<\/p>\n\n\n\n<p>c) apar\u021bin persoanelor cu dizabilit\u0103\u021bi dac\u0103 fac dovada prin documente justificatoare;<\/p>\n\n\n\n<p>d) sunt exceptate conform legisla\u021biei \u00een vigoare sau conform regulamentului local de acces \u00een ZNSE.\u201d.<\/p>\n\n\n\n<h2 class=\"wp-block-heading\">Scopul instituirii ZNSE este de a limita circula\u021bia autovehiculelor poluante \u00eentr-un perimetru definit \u0219i \u00een anumite intervale orare, dup\u0103 caz, prin decizia autorit\u0103\u021bilor administra\u021biei publice locale.<\/h2>\n\n\n\n<p>\u00cen vederea instituirii ZNSE, se utilizeaz\u0103 urm\u0103toarele clase de autovehicule din categoriile M \u0219i N, astfel cum sunt definite la art. 4 alin. (1) lit. (a) \u2013 (b) din Regulamentul (UE) 2018\/858 al Parlamentului European \u0219i al Consiliului din 30 mai 2018 privind omologarea \u0219i supravegherea pie\u021bei autovehiculelor \u0219i remorcilor acestora, precum \u0219i ale sistemelor, componentelor \u0219i unit\u0103\u021bilor tehnice separate destinate vehiculelor respective, de modificare a Regulamentelor (CE) nr. 715\/2007 \u0219i (CE) nr. 595\/2009 \u0219i de abrogare a Directivei 2007\/46\/CE, stabilite \u00een func\u021bie de norma de poluare \u0219i de tipul de combustibil:<\/p>\n\n\n\n<p>a) clasa 1- vehicule cu norma de poluare EURO 3\/III pe motorin\u0103 \u0219i normele de poluare Euro 2\/II, Euro 1\/I \u0219i non euro;<\/p>\n\n\n\n<p>b) clasa 2 \u2013 vehicule cu norma de poluare EURO 4\/IV pe motorin\u0103 \u0219i norma de poluare EURO 3\/III pe benzin\u0103, GPL, GNC \u0219i GNL;<\/p>\n\n\n\n<p>c) clasa 3 \u2013 vehicule cu norma de poluare EURO 5\/V\/EEV pe motorin\u0103 \u0219i norma de poluare EURO 4\/IV pe benzin\u0103 GPL, GNC \u0219i GNL;<\/p>\n\n\n\n<p>d) clasa 4 \u2013 vehicule cu norma de poluare EURO 6\/VI pe motorin\u0103 \u0219i norma de poluare EURO 5\/V\/EEV pe benzin\u0103, GPL, GNC \u0219i GNL;<\/p>\n\n\n\n<p>e) clasa 5 \u2013 vehicule cu norma de poluare EURO 6\/VI pe benzin\u0103, GPL, GNC \u0219i GNL;<\/p>\n\n\n\n<p>f) clasa verde \u2013 vehicule pur electrice, vehicule cu pil\u0103 de combustie cu hidrogen.<\/p>\n\n\n\n<p>Evident, cei mai avantaja\u021bi proprietari de autovehicule, care nu vor fi afecta\u021bi de aceast\u0103 HG, sunt cei de la clasa 3, 4 \u0219i 5.<\/p>\n","protected":false},"excerpt":{"rendered":"<p>Guvernul instituie \u00een ora\u0219ele Rom\u00e2niei Zonele cu Niveluri Sc\u0103zute de Emisii unde circula\u021bia autovehiculelor de\u021binute de cet\u0103\u021beni \u0219i firme ce nu stabilesc anumite baremuri privind noxele vor avea circula\u021bia limitat\u0103 iar, \u00een anumite cazuri, permis\u0103 doar dup\u0103 plata unei taxe, potrivit unui proiect de Hot\u0103r\u00e2re de Guvern ini\u021biat de Ministerul Dezvolt\u0103rii. Potrivit stiripesurse.ro, autovehiculele institu\u021biilor [&hellip;]<\/p>\n","protected":false},"author":1,"featured_media":4674,"comment_status":"open","ping_status":"closed","sticky":false,"template":"","format":"standard","meta":{"tdm_status":"","tdm_grid_status":"","footnotes":""},"categories":[14],"tags":[2636,2385,1989,2635,1566,2250,2634],"class_list":{"0":"post-7184","1":"post","2":"type-post","3":"status-publish","4":"format-standard","5":"has-post-thumbnail","7":"category-lumea-noastra","8":"tag-acces","9":"tag-emisii","10":"tag-masini","11":"tag-ministerul-dezvoltarii-2","12":"tag-poluare","13":"tag-trafic","14":"tag-znse"},"yoast_head":"<!-- This site is optimized with the Yoast SEO plugin v27.5 - https:\/\/yoast.com\/product\/yoast-seo-wordpress\/ -->\n<title>Ora\u0219ele Rom\u00e2niei vor avea \u201eZone cu Niveluri Sc\u0103zute de Emisii\u201d: taxe pentru ma\u0219inile poluante - Covasna45<\/title>\n<meta name=\"description\" content=\"ZNSE sunt ini\u021biate, delimitate \u0219i gestionate de c\u0103tre autorit\u0103\u021bile administra\u021biei publice locale..\" \/>\n<meta name=\"robots\" content=\"index, follow, max-snippet:-1, max-image-preview:large, max-video-preview:-1\" \/>\n<link rel=\"canonical\" href=\"https:\/\/covasna45.ro\/index.php\/lumea-noastra\/orasele-romaniei-vor-avea-zone-cu-niveluri-scazute-de-emisii-taxe-pentru-masinile-poluante\/\" \/>\n<meta property=\"og:locale\" content=\"ro_RO\" \/>\n<meta property=\"og:type\" content=\"article\" \/>\n<meta property=\"og:title\" content=\"Ora\u0219ele Rom\u00e2niei vor avea \u201eZone cu Niveluri Sc\u0103zute de Emisii\u201d: taxe pentru ma\u0219inile poluante - Covasna45\" \/>\n<meta property=\"og:description\" content=\"ZNSE sunt ini\u021biate, delimitate \u0219i gestionate de c\u0103tre autorit\u0103\u021bile administra\u021biei publice locale..\" \/>\n<meta property=\"og:url\" content=\"https:\/\/covasna45.ro\/index.php\/lumea-noastra\/orasele-romaniei-vor-avea-zone-cu-niveluri-scazute-de-emisii-taxe-pentru-masinile-poluante\/\" \/>\n<meta property=\"og:site_name\" content=\"Covasna45\" \/>\n<meta property=\"article:published_time\" content=\"2024-07-30T07:51:19+00:00\" \/>\n<meta property=\"article:modified_time\" content=\"2024-07-30T07:51:20+00:00\" \/>\n<meta property=\"og:image\" content=\"https:\/\/covasna45.ro\/wp-content\/uploads\/2024\/01\/masini-second.jpg\" \/>\n\t<meta property=\"og:image:width\" content=\"2508\" \/>\n\t<meta property=\"og:image:height\" content=\"1672\" \/>\n\t<meta property=\"og:image:type\" content=\"image\/jpeg\" \/>\n<meta name=\"author\" content=\"Covasna45\" \/>\n<meta name=\"twitter:card\" content=\"summary_large_image\" \/>\n<meta name=\"twitter:label1\" content=\"Scris de\" \/>\n\t<meta name=\"twitter:data1\" content=\"Covasna45\" \/>\n\t<meta name=\"twitter:label2\" content=\"Timp estimat pentru citire\" \/>\n\t<meta name=\"twitter:data2\" content=\"5 minute\" \/>\n<script type=\"application\/ld+json\" class=\"yoast-schema-graph\">{\"@context\":\"https:\\\/\\\/schema.org\",\"@graph\":[{\"@type\":\"Article\",\"@id\":\"https:\\\/\\\/covasna45.ro\\\/index.php\\\/lumea-noastra\\\/orasele-romaniei-vor-avea-zone-cu-niveluri-scazute-de-emisii-taxe-pentru-masinile-poluante\\\/#article\",\"isPartOf\":{\"@id\":\"https:\\\/\\\/covasna45.ro\\\/index.php\\\/lumea-noastra\\\/orasele-romaniei-vor-avea-zone-cu-niveluri-scazute-de-emisii-taxe-pentru-masinile-poluante\\\/\"},\"author\":{\"name\":\"Covasna45\",\"@id\":\"https:\\\/\\\/covasna45.ro\\\/#\\\/schema\\\/person\\\/e674052bd7d95d70bbb007a1060ab73c\"},\"headline\":\"Ora\u0219ele Rom\u00e2niei vor avea \u201eZone cu Niveluri Sc\u0103zute de Emisii\u201d: taxe pentru ma\u0219inile poluante\",\"datePublished\":\"2024-07-30T07:51:19+00:00\",\"dateModified\":\"2024-07-30T07:51:20+00:00\",\"mainEntityOfPage\":{\"@id\":\"https:\\\/\\\/covasna45.ro\\\/index.php\\\/lumea-noastra\\\/orasele-romaniei-vor-avea-zone-cu-niveluri-scazute-de-emisii-taxe-pentru-masinile-poluante\\\/\"},\"wordCount\":803,\"commentCount\":0,\"publisher\":{\"@id\":\"https:\\\/\\\/covasna45.ro\\\/#organization\"},\"image\":{\"@id\":\"https:\\\/\\\/covasna45.ro\\\/index.php\\\/lumea-noastra\\\/orasele-romaniei-vor-avea-zone-cu-niveluri-scazute-de-emisii-taxe-pentru-masinile-poluante\\\/#primaryimage\"},\"thumbnailUrl\":\"https:\\\/\\\/covasna45.ro\\\/wp-content\\\/uploads\\\/2024\\\/01\\\/masini-second.jpg\",\"keywords\":[\"acces\",\"emisii\",\"masini\",\"ministerul dezvoltarii\",\"Poluare\",\"Trafic\",\"znse\"],\"articleSection\":[\"Lumea noastr\u0103\"],\"inLanguage\":\"ro-RO\",\"potentialAction\":[{\"@type\":\"CommentAction\",\"name\":\"Comment\",\"target\":[\"https:\\\/\\\/covasna45.ro\\\/index.php\\\/lumea-noastra\\\/orasele-romaniei-vor-avea-zone-cu-niveluri-scazute-de-emisii-taxe-pentru-masinile-poluante\\\/#respond\"]}]},{\"@type\":\"WebPage\",\"@id\":\"https:\\\/\\\/covasna45.ro\\\/index.php\\\/lumea-noastra\\\/orasele-romaniei-vor-avea-zone-cu-niveluri-scazute-de-emisii-taxe-pentru-masinile-poluante\\\/\",\"url\":\"https:\\\/\\\/covasna45.ro\\\/index.php\\\/lumea-noastra\\\/orasele-romaniei-vor-avea-zone-cu-niveluri-scazute-de-emisii-taxe-pentru-masinile-poluante\\\/\",\"name\":\"Ora\u0219ele Rom\u00e2niei vor avea \u201eZone cu Niveluri Sc\u0103zute de Emisii\u201d: taxe pentru ma\u0219inile poluante - Covasna45\",\"isPartOf\":{\"@id\":\"https:\\\/\\\/covasna45.ro\\\/#website\"},\"primaryImageOfPage\":{\"@id\":\"https:\\\/\\\/covasna45.ro\\\/index.php\\\/lumea-noastra\\\/orasele-romaniei-vor-avea-zone-cu-niveluri-scazute-de-emisii-taxe-pentru-masinile-poluante\\\/#primaryimage\"},\"image\":{\"@id\":\"https:\\\/\\\/covasna45.ro\\\/index.php\\\/lumea-noastra\\\/orasele-romaniei-vor-avea-zone-cu-niveluri-scazute-de-emisii-taxe-pentru-masinile-poluante\\\/#primaryimage\"},\"thumbnailUrl\":\"https:\\\/\\\/covasna45.ro\\\/wp-content\\\/uploads\\\/2024\\\/01\\\/masini-second.jpg\",\"datePublished\":\"2024-07-30T07:51:19+00:00\",\"dateModified\":\"2024-07-30T07:51:20+00:00\",\"description\":\"ZNSE sunt ini\u021biate, delimitate \u0219i gestionate de c\u0103tre autorit\u0103\u021bile administra\u021biei publice locale..\",\"breadcrumb\":{\"@id\":\"https:\\\/\\\/covasna45.ro\\\/index.php\\\/lumea-noastra\\\/orasele-romaniei-vor-avea-zone-cu-niveluri-scazute-de-emisii-taxe-pentru-masinile-poluante\\\/#breadcrumb\"},\"inLanguage\":\"ro-RO\",\"potentialAction\":[{\"@type\":\"ReadAction\",\"target\":[\"https:\\\/\\\/covasna45.ro\\\/index.php\\\/lumea-noastra\\\/orasele-romaniei-vor-avea-zone-cu-niveluri-scazute-de-emisii-taxe-pentru-masinile-poluante\\\/\"]}]},{\"@type\":\"ImageObject\",\"inLanguage\":\"ro-RO\",\"@id\":\"https:\\\/\\\/covasna45.ro\\\/index.php\\\/lumea-noastra\\\/orasele-romaniei-vor-avea-zone-cu-niveluri-scazute-de-emisii-taxe-pentru-masinile-poluante\\\/#primaryimage\",\"url\":\"https:\\\/\\\/covasna45.ro\\\/wp-content\\\/uploads\\\/2024\\\/01\\\/masini-second.jpg\",\"contentUrl\":\"https:\\\/\\\/covasna45.ro\\\/wp-content\\\/uploads\\\/2024\\\/01\\\/masini-second.jpg\",\"width\":2508,\"height\":1672},{\"@type\":\"BreadcrumbList\",\"@id\":\"https:\\\/\\\/covasna45.ro\\\/index.php\\\/lumea-noastra\\\/orasele-romaniei-vor-avea-zone-cu-niveluri-scazute-de-emisii-taxe-pentru-masinile-poluante\\\/#breadcrumb\",\"itemListElement\":[{\"@type\":\"ListItem\",\"position\":1,\"name\":\"Prima pagin\u0103\",\"item\":\"https:\\\/\\\/covasna45.ro\\\/\"},{\"@type\":\"ListItem\",\"position\":2,\"name\":\"Ora\u0219ele Rom\u00e2niei vor avea \u201eZone cu Niveluri Sc\u0103zute de Emisii\u201d: taxe pentru ma\u0219inile poluante\"}]},{\"@type\":\"WebSite\",\"@id\":\"https:\\\/\\\/covasna45.ro\\\/#website\",\"url\":\"https:\\\/\\\/covasna45.ro\\\/\",\"name\":\"covasna45.ro\",\"description\":\"\",\"publisher\":{\"@id\":\"https:\\\/\\\/covasna45.ro\\\/#organization\"},\"potentialAction\":[{\"@type\":\"SearchAction\",\"target\":{\"@type\":\"EntryPoint\",\"urlTemplate\":\"https:\\\/\\\/covasna45.ro\\\/?s={search_term_string}\"},\"query-input\":{\"@type\":\"PropertyValueSpecification\",\"valueRequired\":true,\"valueName\":\"search_term_string\"}}],\"inLanguage\":\"ro-RO\"},{\"@type\":\"Organization\",\"@id\":\"https:\\\/\\\/covasna45.ro\\\/#organization\",\"name\":\"covasna45.ro\",\"url\":\"https:\\\/\\\/covasna45.ro\\\/\",\"logo\":{\"@type\":\"ImageObject\",\"inLanguage\":\"ro-RO\",\"@id\":\"https:\\\/\\\/covasna45.ro\\\/#\\\/schema\\\/logo\\\/image\\\/\",\"url\":\"https:\\\/\\\/covasna45.ro\\\/wp-content\\\/uploads\\\/2023\\\/01\\\/icon_logo.png\",\"contentUrl\":\"https:\\\/\\\/covasna45.ro\\\/wp-content\\\/uploads\\\/2023\\\/01\\\/icon_logo.png\",\"width\":1900,\"height\":1900,\"caption\":\"covasna45.ro\"},\"image\":{\"@id\":\"https:\\\/\\\/covasna45.ro\\\/#\\\/schema\\\/logo\\\/image\\\/\"}},{\"@type\":\"Person\",\"@id\":\"https:\\\/\\\/covasna45.ro\\\/#\\\/schema\\\/person\\\/e674052bd7d95d70bbb007a1060ab73c\",\"name\":\"Covasna45\",\"image\":{\"@type\":\"ImageObject\",\"inLanguage\":\"ro-RO\",\"@id\":\"https:\\\/\\\/covasna45.ro\\\/wp-content\\\/uploads\\\/2025\\\/10\\\/icon_logo_covasna45-150x150.png\",\"url\":\"https:\\\/\\\/covasna45.ro\\\/wp-content\\\/uploads\\\/2025\\\/10\\\/icon_logo_covasna45-150x150.png\",\"contentUrl\":\"https:\\\/\\\/covasna45.ro\\\/wp-content\\\/uploads\\\/2025\\\/10\\\/icon_logo_covasna45-150x150.png\",\"caption\":\"Covasna45\"},\"sameAs\":[\"https:\\\/\\\/covasna45.ro\"],\"url\":\"https:\\\/\\\/covasna45.ro\\\/index.php\\\/author\\\/covasna\\\/\"}]}<\/script>\n<!-- \/ Yoast SEO plugin. -->","yoast_head_json":{"title":"Ora\u0219ele Rom\u00e2niei vor avea \u201eZone cu Niveluri Sc\u0103zute de Emisii\u201d: taxe pentru ma\u0219inile poluante - Covasna45","description":"ZNSE sunt ini\u021biate, delimitate \u0219i gestionate de c\u0103tre autorit\u0103\u021bile administra\u021biei publice locale..","robots":{"index":"index","follow":"follow","max-snippet":"max-snippet:-1","max-image-preview":"max-image-preview:large","max-video-preview":"max-video-preview:-1"},"canonical":"https:\/\/covasna45.ro\/index.php\/lumea-noastra\/orasele-romaniei-vor-avea-zone-cu-niveluri-scazute-de-emisii-taxe-pentru-masinile-poluante\/","og_locale":"ro_RO","og_type":"article","og_title":"Ora\u0219ele Rom\u00e2niei vor avea \u201eZone cu Niveluri Sc\u0103zute de Emisii\u201d: taxe pentru ma\u0219inile poluante - Covasna45","og_description":"ZNSE sunt ini\u021biate, delimitate \u0219i gestionate de c\u0103tre autorit\u0103\u021bile administra\u021biei publice locale..","og_url":"https:\/\/covasna45.ro\/index.php\/lumea-noastra\/orasele-romaniei-vor-avea-zone-cu-niveluri-scazute-de-emisii-taxe-pentru-masinile-poluante\/","og_site_name":"Covasna45","article_published_time":"2024-07-30T07:51:19+00:00","article_modified_time":"2024-07-30T07:51:20+00:00","og_image":[{"width":2508,"height":1672,"url":"https:\/\/covasna45.ro\/wp-content\/uploads\/2024\/01\/masini-second.jpg","type":"image\/jpeg"}],"author":"Covasna45","twitter_card":"summary_large_image","twitter_misc":{"Scris de":"Covasna45","Timp estimat pentru citire":"5 minute"},"schema":{"@context":"https:\/\/schema.org","@graph":[{"@type":"Article","@id":"https:\/\/covasna45.ro\/index.php\/lumea-noastra\/orasele-romaniei-vor-avea-zone-cu-niveluri-scazute-de-emisii-taxe-pentru-masinile-poluante\/#article","isPartOf":{"@id":"https:\/\/covasna45.ro\/index.php\/lumea-noastra\/orasele-romaniei-vor-avea-zone-cu-niveluri-scazute-de-emisii-taxe-pentru-masinile-poluante\/"},"author":{"name":"Covasna45","@id":"https:\/\/covasna45.ro\/#\/schema\/person\/e674052bd7d95d70bbb007a1060ab73c"},"headline":"Ora\u0219ele Rom\u00e2niei vor avea \u201eZone cu Niveluri Sc\u0103zute de Emisii\u201d: taxe pentru ma\u0219inile poluante","datePublished":"2024-07-30T07:51:19+00:00","dateModified":"2024-07-30T07:51:20+00:00","mainEntityOfPage":{"@id":"https:\/\/covasna45.ro\/index.php\/lumea-noastra\/orasele-romaniei-vor-avea-zone-cu-niveluri-scazute-de-emisii-taxe-pentru-masinile-poluante\/"},"wordCount":803,"commentCount":0,"publisher":{"@id":"https:\/\/covasna45.ro\/#organization"},"image":{"@id":"https:\/\/covasna45.ro\/index.php\/lumea-noastra\/orasele-romaniei-vor-avea-zone-cu-niveluri-scazute-de-emisii-taxe-pentru-masinile-poluante\/#primaryimage"},"thumbnailUrl":"https:\/\/covasna45.ro\/wp-content\/uploads\/2024\/01\/masini-second.jpg","keywords":["acces","emisii","masini","ministerul dezvoltarii","Poluare","Trafic","znse"],"articleSection":["Lumea noastr\u0103"],"inLanguage":"ro-RO","potentialAction":[{"@type":"CommentAction","name":"Comment","target":["https:\/\/covasna45.ro\/index.php\/lumea-noastra\/orasele-romaniei-vor-avea-zone-cu-niveluri-scazute-de-emisii-taxe-pentru-masinile-poluante\/#respond"]}]},{"@type":"WebPage","@id":"https:\/\/covasna45.ro\/index.php\/lumea-noastra\/orasele-romaniei-vor-avea-zone-cu-niveluri-scazute-de-emisii-taxe-pentru-masinile-poluante\/","url":"https:\/\/covasna45.ro\/index.php\/lumea-noastra\/orasele-romaniei-vor-avea-zone-cu-niveluri-scazute-de-emisii-taxe-pentru-masinile-poluante\/","name":"Ora\u0219ele Rom\u00e2niei vor avea \u201eZone cu Niveluri Sc\u0103zute de Emisii\u201d: taxe pentru ma\u0219inile poluante - Covasna45","isPartOf":{"@id":"https:\/\/covasna45.ro\/#website"},"primaryImageOfPage":{"@id":"https:\/\/covasna45.ro\/index.php\/lumea-noastra\/orasele-romaniei-vor-avea-zone-cu-niveluri-scazute-de-emisii-taxe-pentru-masinile-poluante\/#primaryimage"},"image":{"@id":"https:\/\/covasna45.ro\/index.php\/lumea-noastra\/orasele-romaniei-vor-avea-zone-cu-niveluri-scazute-de-emisii-taxe-pentru-masinile-poluante\/#primaryimage"},"thumbnailUrl":"https:\/\/covasna45.ro\/wp-content\/uploads\/2024\/01\/masini-second.jpg","datePublished":"2024-07-30T07:51:19+00:00","dateModified":"2024-07-30T07:51:20+00:00","description":"ZNSE sunt ini\u021biate, delimitate \u0219i gestionate de c\u0103tre autorit\u0103\u021bile administra\u021biei publice locale..","breadcrumb":{"@id":"https:\/\/covasna45.ro\/index.php\/lumea-noastra\/orasele-romaniei-vor-avea-zone-cu-niveluri-scazute-de-emisii-taxe-pentru-masinile-poluante\/#breadcrumb"},"inLanguage":"ro-RO","potentialAction":[{"@type":"ReadAction","target":["https:\/\/covasna45.ro\/index.php\/lumea-noastra\/orasele-romaniei-vor-avea-zone-cu-niveluri-scazute-de-emisii-taxe-pentru-masinile-poluante\/"]}]},{"@type":"ImageObject","inLanguage":"ro-RO","@id":"https:\/\/covasna45.ro\/index.php\/lumea-noastra\/orasele-romaniei-vor-avea-zone-cu-niveluri-scazute-de-emisii-taxe-pentru-masinile-poluante\/#primaryimage","url":"https:\/\/covasna45.ro\/wp-content\/uploads\/2024\/01\/masini-second.jpg","contentUrl":"https:\/\/covasna45.ro\/wp-content\/uploads\/2024\/01\/masini-second.jpg","width":2508,"height":1672},{"@type":"BreadcrumbList","@id":"https:\/\/covasna45.ro\/index.php\/lumea-noastra\/orasele-romaniei-vor-avea-zone-cu-niveluri-scazute-de-emisii-taxe-pentru-masinile-poluante\/#breadcrumb","itemListElement":[{"@type":"ListItem","position":1,"name":"Prima pagin\u0103","item":"https:\/\/covasna45.ro\/"},{"@type":"ListItem","position":2,"name":"Ora\u0219ele Rom\u00e2niei vor avea \u201eZone cu Niveluri Sc\u0103zute de Emisii\u201d: taxe pentru ma\u0219inile poluante"}]},{"@type":"WebSite","@id":"https:\/\/covasna45.ro\/#website","url":"https:\/\/covasna45.ro\/","name":"covasna45.ro","description":"","publisher":{"@id":"https:\/\/covasna45.ro\/#organization"},"potentialAction":[{"@type":"SearchAction","target":{"@type":"EntryPoint","urlTemplate":"https:\/\/covasna45.ro\/?s={search_term_string}"},"query-input":{"@type":"PropertyValueSpecification","valueRequired":true,"valueName":"search_term_string"}}],"inLanguage":"ro-RO"},{"@type":"Organization","@id":"https:\/\/covasna45.ro\/#organization","name":"covasna45.ro","url":"https:\/\/covasna45.ro\/","logo":{"@type":"ImageObject","inLanguage":"ro-RO","@id":"https:\/\/covasna45.ro\/#\/schema\/logo\/image\/","url":"https:\/\/covasna45.ro\/wp-content\/uploads\/2023\/01\/icon_logo.png","contentUrl":"https:\/\/covasna45.ro\/wp-content\/uploads\/2023\/01\/icon_logo.png","width":1900,"height":1900,"caption":"covasna45.ro"},"image":{"@id":"https:\/\/covasna45.ro\/#\/schema\/logo\/image\/"}},{"@type":"Person","@id":"https:\/\/covasna45.ro\/#\/schema\/person\/e674052bd7d95d70bbb007a1060ab73c","name":"Covasna45","image":{"@type":"ImageObject","inLanguage":"ro-RO","@id":"https:\/\/covasna45.ro\/wp-content\/uploads\/2025\/10\/icon_logo_covasna45-150x150.png","url":"https:\/\/covasna45.ro\/wp-content\/uploads\/2025\/10\/icon_logo_covasna45-150x150.png","contentUrl":"https:\/\/covasna45.ro\/wp-content\/uploads\/2025\/10\/icon_logo_covasna45-150x150.png","caption":"Covasna45"},"sameAs":["https:\/\/covasna45.ro"],"url":"https:\/\/covasna45.ro\/index.php\/author\/covasna\/"}]}},"_links":{"self":[{"href":"https:\/\/covasna45.ro\/index.php\/wp-json\/wp\/v2\/posts\/7184","targetHints":{"allow":["GET"]}}],"collection":[{"href":"https:\/\/covasna45.ro\/index.php\/wp-json\/wp\/v2\/posts"}],"about":[{"href":"https:\/\/covasna45.ro\/index.php\/wp-json\/wp\/v2\/types\/post"}],"author":[{"embeddable":true,"href":"https:\/\/covasna45.ro\/index.php\/wp-json\/wp\/v2\/users\/1"}],"replies":[{"embeddable":true,"href":"https:\/\/covasna45.ro\/index.php\/wp-json\/wp\/v2\/comments?post=7184"}],"version-history":[{"count":1,"href":"https:\/\/covasna45.ro\/index.php\/wp-json\/wp\/v2\/posts\/7184\/revisions"}],"predecessor-version":[{"id":7185,"href":"https:\/\/covasna45.ro\/index.php\/wp-json\/wp\/v2\/posts\/7184\/revisions\/7185"}],"wp:featuredmedia":[{"embeddable":true,"href":"https:\/\/covasna45.ro\/index.php\/wp-json\/wp\/v2\/media\/4674"}],"wp:attachment":[{"href":"https:\/\/covasna45.ro\/index.php\/wp-json\/wp\/v2\/media?parent=7184"}],"wp:term":[{"taxonomy":"category","embeddable":true,"href":"https:\/\/covasna45.ro\/index.php\/wp-json\/wp\/v2\/categories?post=7184"},{"taxonomy":"post_tag","embeddable":true,"href":"https:\/\/covasna45.ro\/index.php\/wp-json\/wp\/v2\/tags?post=7184"}],"curies":[{"name":"wp","href":"https:\/\/api.w.org\/{rel}","templated":true}]}}