{"id":7235,"date":"2024-08-05T09:33:30","date_gmt":"2024-08-05T07:33:30","guid":{"rendered":"https:\/\/covasna45.ro\/?p=7235"},"modified":"2024-08-05T09:33:30","modified_gmt":"2024-08-05T07:33:30","slug":"rapid-sepsi-osk-diseara-fara-cosmin-matei-suspendat-pe-6-luni","status":"publish","type":"post","link":"https:\/\/covasna45.ro\/index.php\/sport\/rapid-sepsi-osk-diseara-fara-cosmin-matei-suspendat-pe-6-luni\/","title":{"rendered":"Rapid \u2013 Sepsi OSK, disear\u0103. F\u0103r\u0103 Cosmin Matei, suspendat pe 6 luni"},"content":{"rendered":"\n<p>Etapa a patra a SuperLigii Rom\u00e2niei are programat pentru aceast\u0103 sear\u0103 meciul dintre Rapid Bucure\u0219ti \u0219i Sepsi OSK. Confruntarea va \u00eencepe de la ora 22:00.<\/p>\n\n\n\n<figure class=\"wp-block-image size-large\"><img loading=\"lazy\" decoding=\"async\" width=\"1022\" height=\"1024\" src=\"https:\/\/covasna45.ro\/wp-content\/uploads\/2024\/08\/rapid-2-1022x1024.jpg\" alt=\"\" class=\"wp-image-7237\" srcset=\"https:\/\/covasna45.ro\/wp-content\/uploads\/2024\/08\/rapid-2-1022x1024.jpg 1022w, https:\/\/covasna45.ro\/wp-content\/uploads\/2024\/08\/rapid-2-300x300.jpg 300w, https:\/\/covasna45.ro\/wp-content\/uploads\/2024\/08\/rapid-2-150x150.jpg 150w, https:\/\/covasna45.ro\/wp-content\/uploads\/2024\/08\/rapid-2-768x769.jpg 768w, https:\/\/covasna45.ro\/wp-content\/uploads\/2024\/08\/rapid-2-696x697.jpg 696w, https:\/\/covasna45.ro\/wp-content\/uploads\/2024\/08\/rapid-2-1068x1070.jpg 1068w, https:\/\/covasna45.ro\/wp-content\/uploads\/2024\/08\/rapid-2.jpg 1266w\" sizes=\"auto, (max-width: 1022px) 100vw, 1022px\" \/><\/figure>\n\n\n\n<p>Sepsi Sf\u00e2ntu Gheorghe trece printr-o perioad\u0103 foarte bun\u0103. Forma\u021bia preg\u0103tit\u0103 de Bernd Storck are dou\u0103 victorii (1-0 cu Poli Ia\u0219i, 2-1 cu Gloria Buz\u0103u) \u0219i un egal, 1 -1 cu Dinamo \u00een acest sezon \u0219i ocup\u0103 pozi\u021bia a cincea, cu \u0219apte puncte \u0219i golaveraj +2.<\/p>\n\n\n\n<p>Confruntarea din aceast\u0103 sear\u0103 va fi a 12-a \u00eentre cele dou\u0103 echipe, iar balan\u021ba este perfect egal\u0103. At\u00e2t giule\u0219tenii, c\u00e2t \u0219i cov\u0103snenii au ob\u021binut c\u00e2te trei victorii, \u00een timp ce cinci partide s-au \u00eencheiat la egalitate.<\/p>\n\n\n\n<figure class=\"wp-block-image size-large\"><img loading=\"lazy\" decoding=\"async\" width=\"1024\" height=\"1024\" src=\"https:\/\/covasna45.ro\/wp-content\/uploads\/2024\/08\/rapid-sepsi-1024x1024.jpg\" alt=\"\" class=\"wp-image-7238\" srcset=\"https:\/\/covasna45.ro\/wp-content\/uploads\/2024\/08\/rapid-sepsi-1024x1024.jpg 1024w, https:\/\/covasna45.ro\/wp-content\/uploads\/2024\/08\/rapid-sepsi-300x300.jpg 300w, https:\/\/covasna45.ro\/wp-content\/uploads\/2024\/08\/rapid-sepsi-150x150.jpg 150w, https:\/\/covasna45.ro\/wp-content\/uploads\/2024\/08\/rapid-sepsi-768x768.jpg 768w, https:\/\/covasna45.ro\/wp-content\/uploads\/2024\/08\/rapid-sepsi-696x696.jpg 696w, https:\/\/covasna45.ro\/wp-content\/uploads\/2024\/08\/rapid-sepsi-1068x1068.jpg 1068w, https:\/\/covasna45.ro\/wp-content\/uploads\/2024\/08\/rapid-sepsi.jpg 1200w\" sizes=\"auto, (max-width: 1024px) 100vw, 1024px\" \/><\/figure>\n\n\n\n<h2 class=\"wp-block-heading\">Agen\u021bia Antidoping (ANAD) l-a suspendat pentru \u0219ase luni pe juc\u0103torul lui Sepsi OSK, Cosmin Matei.<\/h2>\n\n\n\n<p>Antrenorul Bernd Storck spune c\u0103 echipa e al\u0103turi de el. Cosmin Matei a declarat, \u00eentr-un comunicat, c\u0103 nu \u00een\u021belege decizia.<\/p>\n\n\n\n<p>\u201e<strong><em>Sunt foarte dezam\u0103git. De la \u00eenceput am cooperat pe deplin cu Agen\u021bia Antidoping. Cu ajutorul laboratoarelor antidoping acreditate de Agen\u021bia Interna\u021bional\u0103 Antidoping \u0219i \u00een conformitate cu cerin\u021bele sus\u021binute de acestea, am demonstrat c\u0103 suplimentul alimentar respectiv a fost contaminat cu substan\u021ba interzis\u0103 g\u0103sit\u0103 \u00een proba mea. Sunt foarte dezam\u0103git pentru c\u0103 am crezut c\u0103 au \u00een\u021beles situa\u021bia mea. Nimic nu a fost neclar \u00een tot cazul meu, dar am primit aceast\u0103 suspendare de 6 luni.\u00a0Nu \u00een\u021beleg cum am putut fi g\u0103sit vinovat c\u00e2nd s-au f\u0103cut o serie de teste \u00een laboratoare acreditate si au constatat ca unele fiole erau contaminate iar altele nu con\u021bineau substan\u021ba interzis\u0103. Toate sunt sigilate, dar provin din diferite loturi. Practic totul depinde de noroc<\/em><\/strong>\u201d, a spus fotbalistul.<\/p>\n\n\n\n<figure class=\"wp-block-image size-large\"><img loading=\"lazy\" decoding=\"async\" width=\"1024\" height=\"682\" src=\"https:\/\/covasna45.ro\/wp-content\/uploads\/2024\/08\/matei-doping-1024x682.jpg\" alt=\"\" class=\"wp-image-7239\" srcset=\"https:\/\/covasna45.ro\/wp-content\/uploads\/2024\/08\/matei-doping-1024x682.jpg 1024w, https:\/\/covasna45.ro\/wp-content\/uploads\/2024\/08\/matei-doping-300x200.jpg 300w, https:\/\/covasna45.ro\/wp-content\/uploads\/2024\/08\/matei-doping-768x512.jpg 768w, https:\/\/covasna45.ro\/wp-content\/uploads\/2024\/08\/matei-doping-1536x1023.jpg 1536w, https:\/\/covasna45.ro\/wp-content\/uploads\/2024\/08\/matei-doping-150x100.jpg 150w, https:\/\/covasna45.ro\/wp-content\/uploads\/2024\/08\/matei-doping-696x464.jpg 696w, https:\/\/covasna45.ro\/wp-content\/uploads\/2024\/08\/matei-doping-1068x712.jpg 1068w, https:\/\/covasna45.ro\/wp-content\/uploads\/2024\/08\/matei-doping.jpg 1600w\" sizes=\"auto, (max-width: 1024px) 100vw, 1024px\" \/><\/figure>\n\n\n\n<p>La r\u00e2ndul s\u0103u, antrenorul Sepsi spune c\u0103 e \u201eregretabil c\u0103 drepturile de joc ale lui Cosmin Matei au fost suspendate pentru \u0219ase luni\u201d.<\/p>\n\n\n\n<p>\u201e<strong><em>Sper\u0103m c\u0103 va putea juca dup\u0103 apel. Situa\u021bia este dificil\u0103 pentru echip\u0103 din punct de vedere mental, dar \u00een acela\u0219i timp \u015fi juc\u0103torul este dezam\u0103git, fiind o lovitur\u0103 serioas\u0103 s\u0103 ratezi jum\u0103tate de an la v\u00e2rsta de 32 de ani. Nu e u\u0219or pentru el. Noi suntem al\u0103turi de el \u0219i \u00eel sus\u021binem<\/em><\/strong>\u201d, a precizat tehnicianul.<\/p>\n\n\n\n<p>Bernd Storck a mai men\u021bionat, \u00een conferin\u021ba de pres\u0103 de dinaintea meciului cu Rapid, c\u0103 amicalul din aceast\u0103 s\u0103pt\u0103m\u00e2n\u0103 a fost o oportunitate de a se preg\u0103ti pentru provoc\u0103rile care ne a\u015fteapt\u0103 \u00een urm\u0103toarele s\u0103pt\u0103m\u00e2ni. A revenit \u015fi Gabriel Debeljuh, a marcat \u00een meciul amical, ceea ce \u00eei d\u0103 \u00eencredere, a mai spus Bernd Storck.<\/p>\n\n\n\n<p>Referitor la primele etape din acest sezon, el a subliniat c\u0103 au \u00eenceput bine meciurile, dar c\u0103 \u00een a doua repriz\u0103 nu au reu\u0219it s\u0103 se adapteze la adversari.<\/p>\n\n\n\n<p>\u201e<strong><em>Sunt mul\u021bumit de modul \u00een care am \u00eenceput sezonul, am adunat \u0219apte puncte, puteam c\u00e2\u0219tiga \u015fi cu Dinamo, dar nu ne-au fost acordate dou\u0103 penalty-uri<\/em><\/strong>&#8222;, a conchis antrenorul Bernd Storck.<\/p>\n","protected":false},"excerpt":{"rendered":"<p>Etapa a patra a SuperLigii Rom\u00e2niei are programat pentru aceast\u0103 sear\u0103 meciul dintre Rapid Bucure\u0219ti \u0219i Sepsi OSK. Confruntarea va \u00eencepe de la ora 22:00. Sepsi Sf\u00e2ntu Gheorghe trece printr-o perioad\u0103 foarte bun\u0103. Forma\u021bia preg\u0103tit\u0103 de Bernd Storck are dou\u0103 victorii (1-0 cu Poli Ia\u0219i, 2-1 cu Gloria Buz\u0103u) \u0219i un egal, 1 -1 cu [&hellip;]<\/p>\n","protected":false},"author":1,"featured_media":7236,"comment_status":"open","ping_status":"closed","sticky":false,"template":"","format":"standard","meta":{"tdm_status":"","tdm_grid_status":"","footnotes":""},"categories":[17],"tags":[1093,395,60],"class_list":{"0":"post-7235","1":"post","2":"type-post","3":"status-publish","4":"format-standard","5":"has-post-thumbnail","7":"category-sport","8":"tag-cosmin-matei","9":"tag-rapid","10":"tag-sepsi-osk"},"yoast_head":"<!-- This site is optimized with the Yoast SEO plugin v27.5 - https:\/\/yoast.com\/product\/yoast-seo-wordpress\/ -->\n<title>Rapid \u2013 Sepsi OSK, disear\u0103. F\u0103r\u0103 Cosmin Matei, suspendat pe 6 luni - Covasna45<\/title>\n<meta name=\"description\" content=\"Antrenorul Bernd Storck spune c\u0103 echipa e al\u0103turi de el. Cosmin Matei a declarat, \u00eentr-un comunicat, c\u0103 nu \u00een\u021belege decizia.\" \/>\n<meta name=\"robots\" content=\"index, follow, max-snippet:-1, max-image-preview:large, max-video-preview:-1\" \/>\n<link rel=\"canonical\" href=\"https:\/\/covasna45.ro\/index.php\/sport\/rapid-sepsi-osk-diseara-fara-cosmin-matei-suspendat-pe-6-luni\/\" \/>\n<meta property=\"og:locale\" content=\"ro_RO\" \/>\n<meta property=\"og:type\" content=\"article\" \/>\n<meta property=\"og:title\" content=\"Rapid \u2013 Sepsi OSK, disear\u0103. F\u0103r\u0103 Cosmin Matei, suspendat pe 6 luni - Covasna45\" \/>\n<meta property=\"og:description\" content=\"Antrenorul Bernd Storck spune c\u0103 echipa e al\u0103turi de el. Cosmin Matei a declarat, \u00eentr-un comunicat, c\u0103 nu \u00een\u021belege decizia.\" \/>\n<meta property=\"og:url\" content=\"https:\/\/covasna45.ro\/index.php\/sport\/rapid-sepsi-osk-diseara-fara-cosmin-matei-suspendat-pe-6-luni\/\" \/>\n<meta property=\"og:site_name\" content=\"Covasna45\" \/>\n<meta property=\"article:published_time\" content=\"2024-08-05T07:33:30+00:00\" \/>\n<meta property=\"og:image\" content=\"https:\/\/covasna45.ro\/wp-content\/uploads\/2024\/08\/rapid-stadion.jpg\" \/>\n\t<meta property=\"og:image:width\" content=\"2048\" \/>\n\t<meta property=\"og:image:height\" content=\"1536\" \/>\n\t<meta property=\"og:image:type\" content=\"image\/jpeg\" \/>\n<meta name=\"author\" content=\"Covasna45\" \/>\n<meta name=\"twitter:card\" content=\"summary_large_image\" \/>\n<meta name=\"twitter:label1\" content=\"Scris de\" \/>\n\t<meta name=\"twitter:data1\" content=\"Covasna45\" \/>\n\t<meta name=\"twitter:label2\" content=\"Timp estimat pentru citire\" \/>\n\t<meta name=\"twitter:data2\" content=\"4 minute\" \/>\n<script type=\"application\/ld+json\" class=\"yoast-schema-graph\">{\"@context\":\"https:\\\/\\\/schema.org\",\"@graph\":[{\"@type\":\"Article\",\"@id\":\"https:\\\/\\\/covasna45.ro\\\/index.php\\\/sport\\\/rapid-sepsi-osk-diseara-fara-cosmin-matei-suspendat-pe-6-luni\\\/#article\",\"isPartOf\":{\"@id\":\"https:\\\/\\\/covasna45.ro\\\/index.php\\\/sport\\\/rapid-sepsi-osk-diseara-fara-cosmin-matei-suspendat-pe-6-luni\\\/\"},\"author\":{\"name\":\"Covasna45\",\"@id\":\"https:\\\/\\\/covasna45.ro\\\/#\\\/schema\\\/person\\\/e674052bd7d95d70bbb007a1060ab73c\"},\"headline\":\"Rapid \u2013 Sepsi OSK, disear\u0103. F\u0103r\u0103 Cosmin Matei, suspendat pe 6 luni\",\"datePublished\":\"2024-08-05T07:33:30+00:00\",\"mainEntityOfPage\":{\"@id\":\"https:\\\/\\\/covasna45.ro\\\/index.php\\\/sport\\\/rapid-sepsi-osk-diseara-fara-cosmin-matei-suspendat-pe-6-luni\\\/\"},\"wordCount\":526,\"commentCount\":0,\"publisher\":{\"@id\":\"https:\\\/\\\/covasna45.ro\\\/#organization\"},\"image\":{\"@id\":\"https:\\\/\\\/covasna45.ro\\\/index.php\\\/sport\\\/rapid-sepsi-osk-diseara-fara-cosmin-matei-suspendat-pe-6-luni\\\/#primaryimage\"},\"thumbnailUrl\":\"https:\\\/\\\/covasna45.ro\\\/wp-content\\\/uploads\\\/2024\\\/08\\\/rapid-stadion.jpg\",\"keywords\":[\"Cosmin Matei\",\"Rapid\",\"Sepsi OSK\"],\"articleSection\":[\"Sport\"],\"inLanguage\":\"ro-RO\",\"potentialAction\":[{\"@type\":\"CommentAction\",\"name\":\"Comment\",\"target\":[\"https:\\\/\\\/covasna45.ro\\\/index.php\\\/sport\\\/rapid-sepsi-osk-diseara-fara-cosmin-matei-suspendat-pe-6-luni\\\/#respond\"]}]},{\"@type\":\"WebPage\",\"@id\":\"https:\\\/\\\/covasna45.ro\\\/index.php\\\/sport\\\/rapid-sepsi-osk-diseara-fara-cosmin-matei-suspendat-pe-6-luni\\\/\",\"url\":\"https:\\\/\\\/covasna45.ro\\\/index.php\\\/sport\\\/rapid-sepsi-osk-diseara-fara-cosmin-matei-suspendat-pe-6-luni\\\/\",\"name\":\"Rapid \u2013 Sepsi OSK, disear\u0103. F\u0103r\u0103 Cosmin Matei, suspendat pe 6 luni - Covasna45\",\"isPartOf\":{\"@id\":\"https:\\\/\\\/covasna45.ro\\\/#website\"},\"primaryImageOfPage\":{\"@id\":\"https:\\\/\\\/covasna45.ro\\\/index.php\\\/sport\\\/rapid-sepsi-osk-diseara-fara-cosmin-matei-suspendat-pe-6-luni\\\/#primaryimage\"},\"image\":{\"@id\":\"https:\\\/\\\/covasna45.ro\\\/index.php\\\/sport\\\/rapid-sepsi-osk-diseara-fara-cosmin-matei-suspendat-pe-6-luni\\\/#primaryimage\"},\"thumbnailUrl\":\"https:\\\/\\\/covasna45.ro\\\/wp-content\\\/uploads\\\/2024\\\/08\\\/rapid-stadion.jpg\",\"datePublished\":\"2024-08-05T07:33:30+00:00\",\"description\":\"Antrenorul Bernd Storck spune c\u0103 echipa e al\u0103turi de el. Cosmin Matei a declarat, \u00eentr-un comunicat, c\u0103 nu \u00een\u021belege decizia.\",\"breadcrumb\":{\"@id\":\"https:\\\/\\\/covasna45.ro\\\/index.php\\\/sport\\\/rapid-sepsi-osk-diseara-fara-cosmin-matei-suspendat-pe-6-luni\\\/#breadcrumb\"},\"inLanguage\":\"ro-RO\",\"potentialAction\":[{\"@type\":\"ReadAction\",\"target\":[\"https:\\\/\\\/covasna45.ro\\\/index.php\\\/sport\\\/rapid-sepsi-osk-diseara-fara-cosmin-matei-suspendat-pe-6-luni\\\/\"]}]},{\"@type\":\"ImageObject\",\"inLanguage\":\"ro-RO\",\"@id\":\"https:\\\/\\\/covasna45.ro\\\/index.php\\\/sport\\\/rapid-sepsi-osk-diseara-fara-cosmin-matei-suspendat-pe-6-luni\\\/#primaryimage\",\"url\":\"https:\\\/\\\/covasna45.ro\\\/wp-content\\\/uploads\\\/2024\\\/08\\\/rapid-stadion.jpg\",\"contentUrl\":\"https:\\\/\\\/covasna45.ro\\\/wp-content\\\/uploads\\\/2024\\\/08\\\/rapid-stadion.jpg\",\"width\":2048,\"height\":1536},{\"@type\":\"BreadcrumbList\",\"@id\":\"https:\\\/\\\/covasna45.ro\\\/index.php\\\/sport\\\/rapid-sepsi-osk-diseara-fara-cosmin-matei-suspendat-pe-6-luni\\\/#breadcrumb\",\"itemListElement\":[{\"@type\":\"ListItem\",\"position\":1,\"name\":\"Prima pagin\u0103\",\"item\":\"https:\\\/\\\/covasna45.ro\\\/\"},{\"@type\":\"ListItem\",\"position\":2,\"name\":\"Rapid \u2013 Sepsi OSK, disear\u0103. F\u0103r\u0103 Cosmin Matei, suspendat pe 6 luni\"}]},{\"@type\":\"WebSite\",\"@id\":\"https:\\\/\\\/covasna45.ro\\\/#website\",\"url\":\"https:\\\/\\\/covasna45.ro\\\/\",\"name\":\"covasna45.ro\",\"description\":\"\",\"publisher\":{\"@id\":\"https:\\\/\\\/covasna45.ro\\\/#organization\"},\"potentialAction\":[{\"@type\":\"SearchAction\",\"target\":{\"@type\":\"EntryPoint\",\"urlTemplate\":\"https:\\\/\\\/covasna45.ro\\\/?s={search_term_string}\"},\"query-input\":{\"@type\":\"PropertyValueSpecification\",\"valueRequired\":true,\"valueName\":\"search_term_string\"}}],\"inLanguage\":\"ro-RO\"},{\"@type\":\"Organization\",\"@id\":\"https:\\\/\\\/covasna45.ro\\\/#organization\",\"name\":\"covasna45.ro\",\"url\":\"https:\\\/\\\/covasna45.ro\\\/\",\"logo\":{\"@type\":\"ImageObject\",\"inLanguage\":\"ro-RO\",\"@id\":\"https:\\\/\\\/covasna45.ro\\\/#\\\/schema\\\/logo\\\/image\\\/\",\"url\":\"https:\\\/\\\/covasna45.ro\\\/wp-content\\\/uploads\\\/2023\\\/01\\\/icon_logo.png\",\"contentUrl\":\"https:\\\/\\\/covasna45.ro\\\/wp-content\\\/uploads\\\/2023\\\/01\\\/icon_logo.png\",\"width\":1900,\"height\":1900,\"caption\":\"covasna45.ro\"},\"image\":{\"@id\":\"https:\\\/\\\/covasna45.ro\\\/#\\\/schema\\\/logo\\\/image\\\/\"}},{\"@type\":\"Person\",\"@id\":\"https:\\\/\\\/covasna45.ro\\\/#\\\/schema\\\/person\\\/e674052bd7d95d70bbb007a1060ab73c\",\"name\":\"Covasna45\",\"image\":{\"@type\":\"ImageObject\",\"inLanguage\":\"ro-RO\",\"@id\":\"https:\\\/\\\/covasna45.ro\\\/wp-content\\\/uploads\\\/2025\\\/10\\\/icon_logo_covasna45-150x150.png\",\"url\":\"https:\\\/\\\/covasna45.ro\\\/wp-content\\\/uploads\\\/2025\\\/10\\\/icon_logo_covasna45-150x150.png\",\"contentUrl\":\"https:\\\/\\\/covasna45.ro\\\/wp-content\\\/uploads\\\/2025\\\/10\\\/icon_logo_covasna45-150x150.png\",\"caption\":\"Covasna45\"},\"sameAs\":[\"https:\\\/\\\/covasna45.ro\"],\"url\":\"https:\\\/\\\/covasna45.ro\\\/index.php\\\/author\\\/covasna\\\/\"}]}<\/script>\n<!-- \/ Yoast SEO plugin. -->","yoast_head_json":{"title":"Rapid \u2013 Sepsi OSK, disear\u0103. F\u0103r\u0103 Cosmin Matei, suspendat pe 6 luni - Covasna45","description":"Antrenorul Bernd Storck spune c\u0103 echipa e al\u0103turi de el. Cosmin Matei a declarat, \u00eentr-un comunicat, c\u0103 nu \u00een\u021belege decizia.","robots":{"index":"index","follow":"follow","max-snippet":"max-snippet:-1","max-image-preview":"max-image-preview:large","max-video-preview":"max-video-preview:-1"},"canonical":"https:\/\/covasna45.ro\/index.php\/sport\/rapid-sepsi-osk-diseara-fara-cosmin-matei-suspendat-pe-6-luni\/","og_locale":"ro_RO","og_type":"article","og_title":"Rapid \u2013 Sepsi OSK, disear\u0103. F\u0103r\u0103 Cosmin Matei, suspendat pe 6 luni - Covasna45","og_description":"Antrenorul Bernd Storck spune c\u0103 echipa e al\u0103turi de el. Cosmin Matei a declarat, \u00eentr-un comunicat, c\u0103 nu \u00een\u021belege decizia.","og_url":"https:\/\/covasna45.ro\/index.php\/sport\/rapid-sepsi-osk-diseara-fara-cosmin-matei-suspendat-pe-6-luni\/","og_site_name":"Covasna45","article_published_time":"2024-08-05T07:33:30+00:00","og_image":[{"width":2048,"height":1536,"url":"https:\/\/covasna45.ro\/wp-content\/uploads\/2024\/08\/rapid-stadion.jpg","type":"image\/jpeg"}],"author":"Covasna45","twitter_card":"summary_large_image","twitter_misc":{"Scris de":"Covasna45","Timp estimat pentru citire":"4 minute"},"schema":{"@context":"https:\/\/schema.org","@graph":[{"@type":"Article","@id":"https:\/\/covasna45.ro\/index.php\/sport\/rapid-sepsi-osk-diseara-fara-cosmin-matei-suspendat-pe-6-luni\/#article","isPartOf":{"@id":"https:\/\/covasna45.ro\/index.php\/sport\/rapid-sepsi-osk-diseara-fara-cosmin-matei-suspendat-pe-6-luni\/"},"author":{"name":"Covasna45","@id":"https:\/\/covasna45.ro\/#\/schema\/person\/e674052bd7d95d70bbb007a1060ab73c"},"headline":"Rapid \u2013 Sepsi OSK, disear\u0103. F\u0103r\u0103 Cosmin Matei, suspendat pe 6 luni","datePublished":"2024-08-05T07:33:30+00:00","mainEntityOfPage":{"@id":"https:\/\/covasna45.ro\/index.php\/sport\/rapid-sepsi-osk-diseara-fara-cosmin-matei-suspendat-pe-6-luni\/"},"wordCount":526,"commentCount":0,"publisher":{"@id":"https:\/\/covasna45.ro\/#organization"},"image":{"@id":"https:\/\/covasna45.ro\/index.php\/sport\/rapid-sepsi-osk-diseara-fara-cosmin-matei-suspendat-pe-6-luni\/#primaryimage"},"thumbnailUrl":"https:\/\/covasna45.ro\/wp-content\/uploads\/2024\/08\/rapid-stadion.jpg","keywords":["Cosmin Matei","Rapid","Sepsi OSK"],"articleSection":["Sport"],"inLanguage":"ro-RO","potentialAction":[{"@type":"CommentAction","name":"Comment","target":["https:\/\/covasna45.ro\/index.php\/sport\/rapid-sepsi-osk-diseara-fara-cosmin-matei-suspendat-pe-6-luni\/#respond"]}]},{"@type":"WebPage","@id":"https:\/\/covasna45.ro\/index.php\/sport\/rapid-sepsi-osk-diseara-fara-cosmin-matei-suspendat-pe-6-luni\/","url":"https:\/\/covasna45.ro\/index.php\/sport\/rapid-sepsi-osk-diseara-fara-cosmin-matei-suspendat-pe-6-luni\/","name":"Rapid \u2013 Sepsi OSK, disear\u0103. F\u0103r\u0103 Cosmin Matei, suspendat pe 6 luni - Covasna45","isPartOf":{"@id":"https:\/\/covasna45.ro\/#website"},"primaryImageOfPage":{"@id":"https:\/\/covasna45.ro\/index.php\/sport\/rapid-sepsi-osk-diseara-fara-cosmin-matei-suspendat-pe-6-luni\/#primaryimage"},"image":{"@id":"https:\/\/covasna45.ro\/index.php\/sport\/rapid-sepsi-osk-diseara-fara-cosmin-matei-suspendat-pe-6-luni\/#primaryimage"},"thumbnailUrl":"https:\/\/covasna45.ro\/wp-content\/uploads\/2024\/08\/rapid-stadion.jpg","datePublished":"2024-08-05T07:33:30+00:00","description":"Antrenorul Bernd Storck spune c\u0103 echipa e al\u0103turi de el. Cosmin Matei a declarat, \u00eentr-un comunicat, c\u0103 nu \u00een\u021belege decizia.","breadcrumb":{"@id":"https:\/\/covasna45.ro\/index.php\/sport\/rapid-sepsi-osk-diseara-fara-cosmin-matei-suspendat-pe-6-luni\/#breadcrumb"},"inLanguage":"ro-RO","potentialAction":[{"@type":"ReadAction","target":["https:\/\/covasna45.ro\/index.php\/sport\/rapid-sepsi-osk-diseara-fara-cosmin-matei-suspendat-pe-6-luni\/"]}]},{"@type":"ImageObject","inLanguage":"ro-RO","@id":"https:\/\/covasna45.ro\/index.php\/sport\/rapid-sepsi-osk-diseara-fara-cosmin-matei-suspendat-pe-6-luni\/#primaryimage","url":"https:\/\/covasna45.ro\/wp-content\/uploads\/2024\/08\/rapid-stadion.jpg","contentUrl":"https:\/\/covasna45.ro\/wp-content\/uploads\/2024\/08\/rapid-stadion.jpg","width":2048,"height":1536},{"@type":"BreadcrumbList","@id":"https:\/\/covasna45.ro\/index.php\/sport\/rapid-sepsi-osk-diseara-fara-cosmin-matei-suspendat-pe-6-luni\/#breadcrumb","itemListElement":[{"@type":"ListItem","position":1,"name":"Prima pagin\u0103","item":"https:\/\/covasna45.ro\/"},{"@type":"ListItem","position":2,"name":"Rapid \u2013 Sepsi OSK, disear\u0103. F\u0103r\u0103 Cosmin Matei, suspendat pe 6 luni"}]},{"@type":"WebSite","@id":"https:\/\/covasna45.ro\/#website","url":"https:\/\/covasna45.ro\/","name":"covasna45.ro","description":"","publisher":{"@id":"https:\/\/covasna45.ro\/#organization"},"potentialAction":[{"@type":"SearchAction","target":{"@type":"EntryPoint","urlTemplate":"https:\/\/covasna45.ro\/?s={search_term_string}"},"query-input":{"@type":"PropertyValueSpecification","valueRequired":true,"valueName":"search_term_string"}}],"inLanguage":"ro-RO"},{"@type":"Organization","@id":"https:\/\/covasna45.ro\/#organization","name":"covasna45.ro","url":"https:\/\/covasna45.ro\/","logo":{"@type":"ImageObject","inLanguage":"ro-RO","@id":"https:\/\/covasna45.ro\/#\/schema\/logo\/image\/","url":"https:\/\/covasna45.ro\/wp-content\/uploads\/2023\/01\/icon_logo.png","contentUrl":"https:\/\/covasna45.ro\/wp-content\/uploads\/2023\/01\/icon_logo.png","width":1900,"height":1900,"caption":"covasna45.ro"},"image":{"@id":"https:\/\/covasna45.ro\/#\/schema\/logo\/image\/"}},{"@type":"Person","@id":"https:\/\/covasna45.ro\/#\/schema\/person\/e674052bd7d95d70bbb007a1060ab73c","name":"Covasna45","image":{"@type":"ImageObject","inLanguage":"ro-RO","@id":"https:\/\/covasna45.ro\/wp-content\/uploads\/2025\/10\/icon_logo_covasna45-150x150.png","url":"https:\/\/covasna45.ro\/wp-content\/uploads\/2025\/10\/icon_logo_covasna45-150x150.png","contentUrl":"https:\/\/covasna45.ro\/wp-content\/uploads\/2025\/10\/icon_logo_covasna45-150x150.png","caption":"Covasna45"},"sameAs":["https:\/\/covasna45.ro"],"url":"https:\/\/covasna45.ro\/index.php\/author\/covasna\/"}]}},"_links":{"self":[{"href":"https:\/\/covasna45.ro\/index.php\/wp-json\/wp\/v2\/posts\/7235","targetHints":{"allow":["GET"]}}],"collection":[{"href":"https:\/\/covasna45.ro\/index.php\/wp-json\/wp\/v2\/posts"}],"about":[{"href":"https:\/\/covasna45.ro\/index.php\/wp-json\/wp\/v2\/types\/post"}],"author":[{"embeddable":true,"href":"https:\/\/covasna45.ro\/index.php\/wp-json\/wp\/v2\/users\/1"}],"replies":[{"embeddable":true,"href":"https:\/\/covasna45.ro\/index.php\/wp-json\/wp\/v2\/comments?post=7235"}],"version-history":[{"count":1,"href":"https:\/\/covasna45.ro\/index.php\/wp-json\/wp\/v2\/posts\/7235\/revisions"}],"predecessor-version":[{"id":7240,"href":"https:\/\/covasna45.ro\/index.php\/wp-json\/wp\/v2\/posts\/7235\/revisions\/7240"}],"wp:featuredmedia":[{"embeddable":true,"href":"https:\/\/covasna45.ro\/index.php\/wp-json\/wp\/v2\/media\/7236"}],"wp:attachment":[{"href":"https:\/\/covasna45.ro\/index.php\/wp-json\/wp\/v2\/media?parent=7235"}],"wp:term":[{"taxonomy":"category","embeddable":true,"href":"https:\/\/covasna45.ro\/index.php\/wp-json\/wp\/v2\/categories?post=7235"},{"taxonomy":"post_tag","embeddable":true,"href":"https:\/\/covasna45.ro\/index.php\/wp-json\/wp\/v2\/tags?post=7235"}],"curies":[{"name":"wp","href":"https:\/\/api.w.org\/{rel}","templated":true}]}}