{"id":7393,"date":"2024-08-16T12:30:20","date_gmt":"2024-08-16T10:30:20","guid":{"rendered":"https:\/\/covasna45.ro\/?p=7393"},"modified":"2024-08-16T12:30:21","modified_gmt":"2024-08-16T10:30:21","slug":"tot-mai-multe-cazuri-oms-declara-epidemia-de-mpox-o-urgenta-globala-de-sanatate","status":"publish","type":"post","link":"https:\/\/covasna45.ro\/index.php\/lumea-noastra\/tot-mai-multe-cazuri-oms-declara-epidemia-de-mpox-o-urgenta-globala-de-sanatate\/","title":{"rendered":"Tot mai multe cazuri. OMS declar\u0103 epidemia de mpox \u201eo urgen\u021b\u0103 global\u0103 de s\u0103n\u0103tate\u201d"},"content":{"rendered":"\n<p>Organiza\u021bia Mondial\u0103 a S\u0103n\u0103t\u0103\u021bii a declarat focarul de variola maimu\u021bei din Africa \u201eo urgen\u021b\u0103 de s\u0103n\u0103tate public\u0103 de interes interna\u0163ional\u201d.<\/p>\n\n\n\n<p>OMS \u0219i-a convocat comitetul de urgen\u021b\u0103 pe fondul \u00eengrijor\u0103rii c\u0103 o tulpin\u0103 mortal\u0103 a virusului, clade Ib, a ajuns \u00een patru \u021b\u0103ri din Africa. Aceste zone nu au fost afectate anterior de boal\u0103.<\/p>\n\n\n\n<p>Ast\u0103zi, virusul a fost detectat \u00een Pakistan. Ministerul S\u0103n\u0103t\u0103\u0163ii din \u021bara asiatic\u0103 a <a href=\"https:\/\/www.stiripesurse.ro\/virusul-mpox-se-raspandeste-ca-fulgerul-a-fost-detectat-foarte-aproape-de-orientul-mijlociu-dupa-e_3407839.html\">confirmat<\/a> cel pu\u0163in un caz la un pacient care s-a \u00eentors dintr-o \u0163ar\u0103 din Golf. Autorit\u0103\u0163ile provinciale din domeniul s\u0103n\u0103t\u0103\u021bii au raportat trei cazuri, informeaz\u0103 Mediafax.<\/p>\n\n\n\n<p>Un purt\u0103tor de cuv\u00e2nt al Ministerului S\u0103n\u0103t\u0103\u021bii din Pakistan a spus c\u0103 \u00eenc\u0103 nu se \u0219tie ce variant\u0103 de mpox are pacientul care a venit din Golf, potrivit Reuters. Tot vineri, departamentul de s\u0103n\u0103tate din provincia Khyber Pakhtunkhwa a anun\u021bat c\u0103 trei cazuri au fost detectate la persoane care veneau din Emiratele Arabe Unite. Pacien\u021bii au fost introdu\u0219i \u00een carantin\u0103.<\/p>\n\n\n\n<h2 class=\"wp-block-heading\">Primul caz din Suedia<\/h2>\n\n\n\n<p>Europa va \u00eenregistra probabil mai multe cazuri importate de mpox \u00een \u201ezilele urm\u0103toare\u201d, a avertizat ieri filiala european\u0103 a Organiza\u021biei Mondiale a S\u0103n\u0103t\u0103\u021bii (OMS), \u00een urma descoperirii noii variante, mai periculoas\u0103, a bolii \u00een Suedia. \u201eConfirmarea cladei 1 a subtipului mpox \u00een Suedia reflect\u0103 \u00een mod clar interconectarea lumii noastre (&#8230;) Este probabil ca alte cazuri importate de clade 1 s\u0103 fie \u00eenregistrate \u00een regiunea european\u0103 \u00een urm\u0103toarele zile \u0219i s\u0103pt\u0103m\u00e2ni\u201d, a afirmat OMS \u00eentr-un comunicat.<br><br>De la \u00eenceputul anului, au fost raportate peste 17.000 de cazuri de mpox \u0219i peste 500 de decese \u00een 13 \u021b\u0103ri din Africa, potrivit Centrului African pentru Controlul \u0219i Prevenirea Bolilor, care clasific\u0103 focarul drept \u201eeveniment cu risc foarte ridicat\u201d. Cel mai mare num\u0103r de cazuri, peste 14.000, este \u00een Republica Democrat\u0103 Congo, care a raportat 96% din cazurile confirmate luna aceasta.<\/p>\n\n\n\n<p><strong>Mpox, cunoscut\u0103 anterior ca variola maimu\u021belor, este o boal\u0103 viral\u0103 care se poate r\u0103sp\u00e2ndi cu u\u0219urin\u021b\u0103 \u00eentre oameni \u0219i de la animalele infectate.<\/strong><\/p>\n\n\n\n<p>Se poate r\u0103sp\u00e2ndi prin contact str\u00e2ns, cum ar fi&nbsp;atingerea, s\u0103rutul sau contactul sexual, precum \u0219i prin materiale contaminate precum cear\u0219afuri, \u00eembr\u0103c\u0103minte \u0219i ace, potrivit OMS. Simptomele includ febr\u0103, o erup\u021bie cutanat\u0103 dureroas\u0103, dureri de cap, dureri musculare \u0219i de spate, energie sc\u0103zut\u0103 \u0219i ganglioni limfatici m\u0103ri\u021bi.<\/p>\n\n\n\n<h2 class=\"wp-block-heading\">Variola maimu\u021bei are manifest\u0103ri u\u0219oare asupra oamenilor<\/h2>\n\n\n\n<p>Majoritatea celor infecta\u021bi se recupereaz\u0103 \u00een c\u00e2teva s\u0103pt\u0103m\u00e2ni, f\u0103r\u0103 tratament. Virusul raportat \u00een Europa este varianta vest-african\u0103. Aceasta este fatal\u0103 pentru aproximativ 1 din 100 de persoane infectate.<\/p>\n\n\n\n<p>Formele severe ale bolii pot aparea \u00een grupurile vulnerabile, copiii de v\u00e2rste mici, femeile \u00eens\u0103rcinate sau pacien\u021bi cu probleme de imunitate. \u00cen cazul lor organismul nu produce o reactie imunitar\u0103 adecvat\u0103 (persoane cu unele boli cronice, forme de cancer, persoane v\u00e2rstnice).<\/p>\n\n\n\n<h2 class=\"wp-block-heading\">Exist\u0103 vaccin \u00een Rom\u00e2nia pentru aceast\u0103 boal\u0103<\/h2>\n\n\n\n<p>\u00cen Romania exist\u0103 un plan de vaccinare contra variolei maimu\u021bei. Vaccinul se administreaz\u0103 de personal medical, \u00een spitalele cu sec\u021bii de boli infec\u021bioase pentru a preveni apari\u021bia \u0219i r\u0103sp\u00e2ndirea bolii. Situa\u021biile \u00een care vaccinul se administreaz\u0103 sunt urm\u0103toarele:<\/p>\n\n\n\n<ul class=\"wp-block-list\">\n<li>Contac\u021bilor direc\u021bi ai persoanelor care au fost confirmate cu variola maimu\u021bei, \u00een primele 4-14 zile de la expunere<\/li>\n<\/ul>\n\n\n\n<ul class=\"wp-block-list\">\n<li>Personalului medico-sanitar dac\u0103 a fost expus accidental virusului.<\/li>\n<\/ul>\n\n\n\n<p>Vaccinul \u00eempotriva variolei maimu\u021bei nu se administreaz\u0103 femeilor \u00eens\u0103rcinate, copiilor, adolescentilor cu v\u00e2rsta sub 18 ani.<\/p>\n","protected":false},"excerpt":{"rendered":"<p>Organiza\u021bia Mondial\u0103 a S\u0103n\u0103t\u0103\u021bii a declarat focarul de variola maimu\u021bei din Africa \u201eo urgen\u021b\u0103 de s\u0103n\u0103tate public\u0103 de interes interna\u0163ional\u201d. OMS \u0219i-a convocat comitetul de urgen\u021b\u0103 pe fondul \u00eengrijor\u0103rii c\u0103 o tulpin\u0103 mortal\u0103 a virusului, clade Ib, a ajuns \u00een patru \u021b\u0103ri din Africa. Aceste zone nu au fost afectate anterior de boal\u0103. Ast\u0103zi, virusul [&hellip;]<\/p>\n","protected":false},"author":1,"featured_media":7394,"comment_status":"open","ping_status":"closed","sticky":false,"template":"","format":"standard","meta":{"tdm_status":"","tdm_grid_status":"","footnotes":""},"categories":[14],"tags":[],"class_list":{"0":"post-7393","1":"post","2":"type-post","3":"status-publish","4":"format-standard","5":"has-post-thumbnail","7":"category-lumea-noastra"},"yoast_head":"<!-- This site is optimized with the Yoast SEO plugin v27.5 - https:\/\/yoast.com\/product\/yoast-seo-wordpress\/ -->\n<title>Tot mai multe cazuri. OMS declar\u0103 epidemia de mpox \u201eo urgen\u021b\u0103 global\u0103 de s\u0103n\u0103tate\u201d - Covasna45<\/title>\n<meta name=\"description\" content=\"Majoritatea celor infecta\u021bi se recupereaz\u0103 \u00een c\u00e2teva s\u0103pt\u0103m\u00e2ni, f\u0103r\u0103 tratament. Virusul raportat \u00een Europa este varianta vest-african\u0103.\" \/>\n<meta name=\"robots\" content=\"index, follow, max-snippet:-1, max-image-preview:large, max-video-preview:-1\" \/>\n<link rel=\"canonical\" href=\"https:\/\/covasna45.ro\/index.php\/lumea-noastra\/tot-mai-multe-cazuri-oms-declara-epidemia-de-mpox-o-urgenta-globala-de-sanatate\/\" \/>\n<meta property=\"og:locale\" content=\"ro_RO\" \/>\n<meta property=\"og:type\" content=\"article\" \/>\n<meta property=\"og:title\" content=\"Tot mai multe cazuri. OMS declar\u0103 epidemia de mpox \u201eo urgen\u021b\u0103 global\u0103 de s\u0103n\u0103tate\u201d - Covasna45\" \/>\n<meta property=\"og:description\" content=\"Majoritatea celor infecta\u021bi se recupereaz\u0103 \u00een c\u00e2teva s\u0103pt\u0103m\u00e2ni, f\u0103r\u0103 tratament. Virusul raportat \u00een Europa este varianta vest-african\u0103.\" \/>\n<meta property=\"og:url\" content=\"https:\/\/covasna45.ro\/index.php\/lumea-noastra\/tot-mai-multe-cazuri-oms-declara-epidemia-de-mpox-o-urgenta-globala-de-sanatate\/\" \/>\n<meta property=\"og:site_name\" content=\"Covasna45\" \/>\n<meta property=\"article:published_time\" content=\"2024-08-16T10:30:20+00:00\" \/>\n<meta property=\"article:modified_time\" content=\"2024-08-16T10:30:21+00:00\" \/>\n<meta property=\"og:image\" content=\"https:\/\/covasna45.ro\/wp-content\/uploads\/2024\/08\/mpox-virust.jpg\" \/>\n\t<meta property=\"og:image:width\" content=\"780\" \/>\n\t<meta property=\"og:image:height\" content=\"440\" \/>\n\t<meta property=\"og:image:type\" content=\"image\/jpeg\" \/>\n<meta name=\"author\" content=\"Covasna45\" \/>\n<meta name=\"twitter:card\" content=\"summary_large_image\" \/>\n<meta name=\"twitter:label1\" content=\"Scris de\" \/>\n\t<meta name=\"twitter:data1\" content=\"Covasna45\" \/>\n\t<meta name=\"twitter:label2\" content=\"Timp estimat pentru citire\" \/>\n\t<meta name=\"twitter:data2\" content=\"4 minute\" \/>\n<script type=\"application\/ld+json\" class=\"yoast-schema-graph\">{\"@context\":\"https:\\\/\\\/schema.org\",\"@graph\":[{\"@type\":\"Article\",\"@id\":\"https:\\\/\\\/covasna45.ro\\\/index.php\\\/lumea-noastra\\\/tot-mai-multe-cazuri-oms-declara-epidemia-de-mpox-o-urgenta-globala-de-sanatate\\\/#article\",\"isPartOf\":{\"@id\":\"https:\\\/\\\/covasna45.ro\\\/index.php\\\/lumea-noastra\\\/tot-mai-multe-cazuri-oms-declara-epidemia-de-mpox-o-urgenta-globala-de-sanatate\\\/\"},\"author\":{\"name\":\"Covasna45\",\"@id\":\"https:\\\/\\\/covasna45.ro\\\/#\\\/schema\\\/person\\\/e674052bd7d95d70bbb007a1060ab73c\"},\"headline\":\"Tot mai multe cazuri. OMS declar\u0103 epidemia de mpox \u201eo urgen\u021b\u0103 global\u0103 de s\u0103n\u0103tate\u201d\",\"datePublished\":\"2024-08-16T10:30:20+00:00\",\"dateModified\":\"2024-08-16T10:30:21+00:00\",\"mainEntityOfPage\":{\"@id\":\"https:\\\/\\\/covasna45.ro\\\/index.php\\\/lumea-noastra\\\/tot-mai-multe-cazuri-oms-declara-epidemia-de-mpox-o-urgenta-globala-de-sanatate\\\/\"},\"wordCount\":614,\"commentCount\":0,\"publisher\":{\"@id\":\"https:\\\/\\\/covasna45.ro\\\/#organization\"},\"image\":{\"@id\":\"https:\\\/\\\/covasna45.ro\\\/index.php\\\/lumea-noastra\\\/tot-mai-multe-cazuri-oms-declara-epidemia-de-mpox-o-urgenta-globala-de-sanatate\\\/#primaryimage\"},\"thumbnailUrl\":\"https:\\\/\\\/covasna45.ro\\\/wp-content\\\/uploads\\\/2024\\\/08\\\/mpox-virust.jpg\",\"articleSection\":[\"Lumea noastr\u0103\"],\"inLanguage\":\"ro-RO\",\"potentialAction\":[{\"@type\":\"CommentAction\",\"name\":\"Comment\",\"target\":[\"https:\\\/\\\/covasna45.ro\\\/index.php\\\/lumea-noastra\\\/tot-mai-multe-cazuri-oms-declara-epidemia-de-mpox-o-urgenta-globala-de-sanatate\\\/#respond\"]}]},{\"@type\":\"WebPage\",\"@id\":\"https:\\\/\\\/covasna45.ro\\\/index.php\\\/lumea-noastra\\\/tot-mai-multe-cazuri-oms-declara-epidemia-de-mpox-o-urgenta-globala-de-sanatate\\\/\",\"url\":\"https:\\\/\\\/covasna45.ro\\\/index.php\\\/lumea-noastra\\\/tot-mai-multe-cazuri-oms-declara-epidemia-de-mpox-o-urgenta-globala-de-sanatate\\\/\",\"name\":\"Tot mai multe cazuri. OMS declar\u0103 epidemia de mpox \u201eo urgen\u021b\u0103 global\u0103 de s\u0103n\u0103tate\u201d - Covasna45\",\"isPartOf\":{\"@id\":\"https:\\\/\\\/covasna45.ro\\\/#website\"},\"primaryImageOfPage\":{\"@id\":\"https:\\\/\\\/covasna45.ro\\\/index.php\\\/lumea-noastra\\\/tot-mai-multe-cazuri-oms-declara-epidemia-de-mpox-o-urgenta-globala-de-sanatate\\\/#primaryimage\"},\"image\":{\"@id\":\"https:\\\/\\\/covasna45.ro\\\/index.php\\\/lumea-noastra\\\/tot-mai-multe-cazuri-oms-declara-epidemia-de-mpox-o-urgenta-globala-de-sanatate\\\/#primaryimage\"},\"thumbnailUrl\":\"https:\\\/\\\/covasna45.ro\\\/wp-content\\\/uploads\\\/2024\\\/08\\\/mpox-virust.jpg\",\"datePublished\":\"2024-08-16T10:30:20+00:00\",\"dateModified\":\"2024-08-16T10:30:21+00:00\",\"description\":\"Majoritatea celor infecta\u021bi se recupereaz\u0103 \u00een c\u00e2teva s\u0103pt\u0103m\u00e2ni, f\u0103r\u0103 tratament. Virusul raportat \u00een Europa este varianta vest-african\u0103.\",\"breadcrumb\":{\"@id\":\"https:\\\/\\\/covasna45.ro\\\/index.php\\\/lumea-noastra\\\/tot-mai-multe-cazuri-oms-declara-epidemia-de-mpox-o-urgenta-globala-de-sanatate\\\/#breadcrumb\"},\"inLanguage\":\"ro-RO\",\"potentialAction\":[{\"@type\":\"ReadAction\",\"target\":[\"https:\\\/\\\/covasna45.ro\\\/index.php\\\/lumea-noastra\\\/tot-mai-multe-cazuri-oms-declara-epidemia-de-mpox-o-urgenta-globala-de-sanatate\\\/\"]}]},{\"@type\":\"ImageObject\",\"inLanguage\":\"ro-RO\",\"@id\":\"https:\\\/\\\/covasna45.ro\\\/index.php\\\/lumea-noastra\\\/tot-mai-multe-cazuri-oms-declara-epidemia-de-mpox-o-urgenta-globala-de-sanatate\\\/#primaryimage\",\"url\":\"https:\\\/\\\/covasna45.ro\\\/wp-content\\\/uploads\\\/2024\\\/08\\\/mpox-virust.jpg\",\"contentUrl\":\"https:\\\/\\\/covasna45.ro\\\/wp-content\\\/uploads\\\/2024\\\/08\\\/mpox-virust.jpg\",\"width\":780,\"height\":440},{\"@type\":\"BreadcrumbList\",\"@id\":\"https:\\\/\\\/covasna45.ro\\\/index.php\\\/lumea-noastra\\\/tot-mai-multe-cazuri-oms-declara-epidemia-de-mpox-o-urgenta-globala-de-sanatate\\\/#breadcrumb\",\"itemListElement\":[{\"@type\":\"ListItem\",\"position\":1,\"name\":\"Prima pagin\u0103\",\"item\":\"https:\\\/\\\/covasna45.ro\\\/\"},{\"@type\":\"ListItem\",\"position\":2,\"name\":\"Tot mai multe cazuri. OMS declar\u0103 epidemia de mpox \u201eo urgen\u021b\u0103 global\u0103 de s\u0103n\u0103tate\u201d\"}]},{\"@type\":\"WebSite\",\"@id\":\"https:\\\/\\\/covasna45.ro\\\/#website\",\"url\":\"https:\\\/\\\/covasna45.ro\\\/\",\"name\":\"covasna45.ro\",\"description\":\"\",\"publisher\":{\"@id\":\"https:\\\/\\\/covasna45.ro\\\/#organization\"},\"potentialAction\":[{\"@type\":\"SearchAction\",\"target\":{\"@type\":\"EntryPoint\",\"urlTemplate\":\"https:\\\/\\\/covasna45.ro\\\/?s={search_term_string}\"},\"query-input\":{\"@type\":\"PropertyValueSpecification\",\"valueRequired\":true,\"valueName\":\"search_term_string\"}}],\"inLanguage\":\"ro-RO\"},{\"@type\":\"Organization\",\"@id\":\"https:\\\/\\\/covasna45.ro\\\/#organization\",\"name\":\"covasna45.ro\",\"url\":\"https:\\\/\\\/covasna45.ro\\\/\",\"logo\":{\"@type\":\"ImageObject\",\"inLanguage\":\"ro-RO\",\"@id\":\"https:\\\/\\\/covasna45.ro\\\/#\\\/schema\\\/logo\\\/image\\\/\",\"url\":\"https:\\\/\\\/covasna45.ro\\\/wp-content\\\/uploads\\\/2023\\\/01\\\/icon_logo.png\",\"contentUrl\":\"https:\\\/\\\/covasna45.ro\\\/wp-content\\\/uploads\\\/2023\\\/01\\\/icon_logo.png\",\"width\":1900,\"height\":1900,\"caption\":\"covasna45.ro\"},\"image\":{\"@id\":\"https:\\\/\\\/covasna45.ro\\\/#\\\/schema\\\/logo\\\/image\\\/\"}},{\"@type\":\"Person\",\"@id\":\"https:\\\/\\\/covasna45.ro\\\/#\\\/schema\\\/person\\\/e674052bd7d95d70bbb007a1060ab73c\",\"name\":\"Covasna45\",\"image\":{\"@type\":\"ImageObject\",\"inLanguage\":\"ro-RO\",\"@id\":\"https:\\\/\\\/covasna45.ro\\\/wp-content\\\/uploads\\\/2025\\\/10\\\/icon_logo_covasna45-150x150.png\",\"url\":\"https:\\\/\\\/covasna45.ro\\\/wp-content\\\/uploads\\\/2025\\\/10\\\/icon_logo_covasna45-150x150.png\",\"contentUrl\":\"https:\\\/\\\/covasna45.ro\\\/wp-content\\\/uploads\\\/2025\\\/10\\\/icon_logo_covasna45-150x150.png\",\"caption\":\"Covasna45\"},\"sameAs\":[\"https:\\\/\\\/covasna45.ro\"],\"url\":\"https:\\\/\\\/covasna45.ro\\\/index.php\\\/author\\\/covasna\\\/\"}]}<\/script>\n<!-- \/ Yoast SEO plugin. -->","yoast_head_json":{"title":"Tot mai multe cazuri. OMS declar\u0103 epidemia de mpox \u201eo urgen\u021b\u0103 global\u0103 de s\u0103n\u0103tate\u201d - Covasna45","description":"Majoritatea celor infecta\u021bi se recupereaz\u0103 \u00een c\u00e2teva s\u0103pt\u0103m\u00e2ni, f\u0103r\u0103 tratament. Virusul raportat \u00een Europa este varianta vest-african\u0103.","robots":{"index":"index","follow":"follow","max-snippet":"max-snippet:-1","max-image-preview":"max-image-preview:large","max-video-preview":"max-video-preview:-1"},"canonical":"https:\/\/covasna45.ro\/index.php\/lumea-noastra\/tot-mai-multe-cazuri-oms-declara-epidemia-de-mpox-o-urgenta-globala-de-sanatate\/","og_locale":"ro_RO","og_type":"article","og_title":"Tot mai multe cazuri. OMS declar\u0103 epidemia de mpox \u201eo urgen\u021b\u0103 global\u0103 de s\u0103n\u0103tate\u201d - Covasna45","og_description":"Majoritatea celor infecta\u021bi se recupereaz\u0103 \u00een c\u00e2teva s\u0103pt\u0103m\u00e2ni, f\u0103r\u0103 tratament. Virusul raportat \u00een Europa este varianta vest-african\u0103.","og_url":"https:\/\/covasna45.ro\/index.php\/lumea-noastra\/tot-mai-multe-cazuri-oms-declara-epidemia-de-mpox-o-urgenta-globala-de-sanatate\/","og_site_name":"Covasna45","article_published_time":"2024-08-16T10:30:20+00:00","article_modified_time":"2024-08-16T10:30:21+00:00","og_image":[{"width":780,"height":440,"url":"https:\/\/covasna45.ro\/wp-content\/uploads\/2024\/08\/mpox-virust.jpg","type":"image\/jpeg"}],"author":"Covasna45","twitter_card":"summary_large_image","twitter_misc":{"Scris de":"Covasna45","Timp estimat pentru citire":"4 minute"},"schema":{"@context":"https:\/\/schema.org","@graph":[{"@type":"Article","@id":"https:\/\/covasna45.ro\/index.php\/lumea-noastra\/tot-mai-multe-cazuri-oms-declara-epidemia-de-mpox-o-urgenta-globala-de-sanatate\/#article","isPartOf":{"@id":"https:\/\/covasna45.ro\/index.php\/lumea-noastra\/tot-mai-multe-cazuri-oms-declara-epidemia-de-mpox-o-urgenta-globala-de-sanatate\/"},"author":{"name":"Covasna45","@id":"https:\/\/covasna45.ro\/#\/schema\/person\/e674052bd7d95d70bbb007a1060ab73c"},"headline":"Tot mai multe cazuri. OMS declar\u0103 epidemia de mpox \u201eo urgen\u021b\u0103 global\u0103 de s\u0103n\u0103tate\u201d","datePublished":"2024-08-16T10:30:20+00:00","dateModified":"2024-08-16T10:30:21+00:00","mainEntityOfPage":{"@id":"https:\/\/covasna45.ro\/index.php\/lumea-noastra\/tot-mai-multe-cazuri-oms-declara-epidemia-de-mpox-o-urgenta-globala-de-sanatate\/"},"wordCount":614,"commentCount":0,"publisher":{"@id":"https:\/\/covasna45.ro\/#organization"},"image":{"@id":"https:\/\/covasna45.ro\/index.php\/lumea-noastra\/tot-mai-multe-cazuri-oms-declara-epidemia-de-mpox-o-urgenta-globala-de-sanatate\/#primaryimage"},"thumbnailUrl":"https:\/\/covasna45.ro\/wp-content\/uploads\/2024\/08\/mpox-virust.jpg","articleSection":["Lumea noastr\u0103"],"inLanguage":"ro-RO","potentialAction":[{"@type":"CommentAction","name":"Comment","target":["https:\/\/covasna45.ro\/index.php\/lumea-noastra\/tot-mai-multe-cazuri-oms-declara-epidemia-de-mpox-o-urgenta-globala-de-sanatate\/#respond"]}]},{"@type":"WebPage","@id":"https:\/\/covasna45.ro\/index.php\/lumea-noastra\/tot-mai-multe-cazuri-oms-declara-epidemia-de-mpox-o-urgenta-globala-de-sanatate\/","url":"https:\/\/covasna45.ro\/index.php\/lumea-noastra\/tot-mai-multe-cazuri-oms-declara-epidemia-de-mpox-o-urgenta-globala-de-sanatate\/","name":"Tot mai multe cazuri. OMS declar\u0103 epidemia de mpox \u201eo urgen\u021b\u0103 global\u0103 de s\u0103n\u0103tate\u201d - Covasna45","isPartOf":{"@id":"https:\/\/covasna45.ro\/#website"},"primaryImageOfPage":{"@id":"https:\/\/covasna45.ro\/index.php\/lumea-noastra\/tot-mai-multe-cazuri-oms-declara-epidemia-de-mpox-o-urgenta-globala-de-sanatate\/#primaryimage"},"image":{"@id":"https:\/\/covasna45.ro\/index.php\/lumea-noastra\/tot-mai-multe-cazuri-oms-declara-epidemia-de-mpox-o-urgenta-globala-de-sanatate\/#primaryimage"},"thumbnailUrl":"https:\/\/covasna45.ro\/wp-content\/uploads\/2024\/08\/mpox-virust.jpg","datePublished":"2024-08-16T10:30:20+00:00","dateModified":"2024-08-16T10:30:21+00:00","description":"Majoritatea celor infecta\u021bi se recupereaz\u0103 \u00een c\u00e2teva s\u0103pt\u0103m\u00e2ni, f\u0103r\u0103 tratament. Virusul raportat \u00een Europa este varianta vest-african\u0103.","breadcrumb":{"@id":"https:\/\/covasna45.ro\/index.php\/lumea-noastra\/tot-mai-multe-cazuri-oms-declara-epidemia-de-mpox-o-urgenta-globala-de-sanatate\/#breadcrumb"},"inLanguage":"ro-RO","potentialAction":[{"@type":"ReadAction","target":["https:\/\/covasna45.ro\/index.php\/lumea-noastra\/tot-mai-multe-cazuri-oms-declara-epidemia-de-mpox-o-urgenta-globala-de-sanatate\/"]}]},{"@type":"ImageObject","inLanguage":"ro-RO","@id":"https:\/\/covasna45.ro\/index.php\/lumea-noastra\/tot-mai-multe-cazuri-oms-declara-epidemia-de-mpox-o-urgenta-globala-de-sanatate\/#primaryimage","url":"https:\/\/covasna45.ro\/wp-content\/uploads\/2024\/08\/mpox-virust.jpg","contentUrl":"https:\/\/covasna45.ro\/wp-content\/uploads\/2024\/08\/mpox-virust.jpg","width":780,"height":440},{"@type":"BreadcrumbList","@id":"https:\/\/covasna45.ro\/index.php\/lumea-noastra\/tot-mai-multe-cazuri-oms-declara-epidemia-de-mpox-o-urgenta-globala-de-sanatate\/#breadcrumb","itemListElement":[{"@type":"ListItem","position":1,"name":"Prima pagin\u0103","item":"https:\/\/covasna45.ro\/"},{"@type":"ListItem","position":2,"name":"Tot mai multe cazuri. OMS declar\u0103 epidemia de mpox \u201eo urgen\u021b\u0103 global\u0103 de s\u0103n\u0103tate\u201d"}]},{"@type":"WebSite","@id":"https:\/\/covasna45.ro\/#website","url":"https:\/\/covasna45.ro\/","name":"covasna45.ro","description":"","publisher":{"@id":"https:\/\/covasna45.ro\/#organization"},"potentialAction":[{"@type":"SearchAction","target":{"@type":"EntryPoint","urlTemplate":"https:\/\/covasna45.ro\/?s={search_term_string}"},"query-input":{"@type":"PropertyValueSpecification","valueRequired":true,"valueName":"search_term_string"}}],"inLanguage":"ro-RO"},{"@type":"Organization","@id":"https:\/\/covasna45.ro\/#organization","name":"covasna45.ro","url":"https:\/\/covasna45.ro\/","logo":{"@type":"ImageObject","inLanguage":"ro-RO","@id":"https:\/\/covasna45.ro\/#\/schema\/logo\/image\/","url":"https:\/\/covasna45.ro\/wp-content\/uploads\/2023\/01\/icon_logo.png","contentUrl":"https:\/\/covasna45.ro\/wp-content\/uploads\/2023\/01\/icon_logo.png","width":1900,"height":1900,"caption":"covasna45.ro"},"image":{"@id":"https:\/\/covasna45.ro\/#\/schema\/logo\/image\/"}},{"@type":"Person","@id":"https:\/\/covasna45.ro\/#\/schema\/person\/e674052bd7d95d70bbb007a1060ab73c","name":"Covasna45","image":{"@type":"ImageObject","inLanguage":"ro-RO","@id":"https:\/\/covasna45.ro\/wp-content\/uploads\/2025\/10\/icon_logo_covasna45-150x150.png","url":"https:\/\/covasna45.ro\/wp-content\/uploads\/2025\/10\/icon_logo_covasna45-150x150.png","contentUrl":"https:\/\/covasna45.ro\/wp-content\/uploads\/2025\/10\/icon_logo_covasna45-150x150.png","caption":"Covasna45"},"sameAs":["https:\/\/covasna45.ro"],"url":"https:\/\/covasna45.ro\/index.php\/author\/covasna\/"}]}},"_links":{"self":[{"href":"https:\/\/covasna45.ro\/index.php\/wp-json\/wp\/v2\/posts\/7393","targetHints":{"allow":["GET"]}}],"collection":[{"href":"https:\/\/covasna45.ro\/index.php\/wp-json\/wp\/v2\/posts"}],"about":[{"href":"https:\/\/covasna45.ro\/index.php\/wp-json\/wp\/v2\/types\/post"}],"author":[{"embeddable":true,"href":"https:\/\/covasna45.ro\/index.php\/wp-json\/wp\/v2\/users\/1"}],"replies":[{"embeddable":true,"href":"https:\/\/covasna45.ro\/index.php\/wp-json\/wp\/v2\/comments?post=7393"}],"version-history":[{"count":1,"href":"https:\/\/covasna45.ro\/index.php\/wp-json\/wp\/v2\/posts\/7393\/revisions"}],"predecessor-version":[{"id":7395,"href":"https:\/\/covasna45.ro\/index.php\/wp-json\/wp\/v2\/posts\/7393\/revisions\/7395"}],"wp:featuredmedia":[{"embeddable":true,"href":"https:\/\/covasna45.ro\/index.php\/wp-json\/wp\/v2\/media\/7394"}],"wp:attachment":[{"href":"https:\/\/covasna45.ro\/index.php\/wp-json\/wp\/v2\/media?parent=7393"}],"wp:term":[{"taxonomy":"category","embeddable":true,"href":"https:\/\/covasna45.ro\/index.php\/wp-json\/wp\/v2\/categories?post=7393"},{"taxonomy":"post_tag","embeddable":true,"href":"https:\/\/covasna45.ro\/index.php\/wp-json\/wp\/v2\/tags?post=7393"}],"curies":[{"name":"wp","href":"https:\/\/api.w.org\/{rel}","templated":true}]}}