{"id":7396,"date":"2024-08-16T14:01:03","date_gmt":"2024-08-16T12:01:03","guid":{"rendered":"https:\/\/covasna45.ro\/?p=7396"},"modified":"2024-08-16T14:01:04","modified_gmt":"2024-08-16T12:01:04","slug":"talcioc-la-reci-pe-17-si-18-august","status":"publish","type":"post","link":"https:\/\/covasna45.ro\/index.php\/lumea-noastra\/talcioc-la-reci-pe-17-si-18-august\/","title":{"rendered":"Talcioc la Reci, pe 17 \u0219i 18 august"},"content":{"rendered":"\n<p>Pasiona\u021bii de piese de colec\u021bie sau de vechituri pot veni, pe 17 \u0219i 18 august, \u00een intersec\u021bia de la Reci, la o nou\u0103 edi\u021bie a Talciocului de l\u00e2ng\u0103 Mestec\u0103ni\u0219.<\/p>\n\n\n\n<figure class=\"wp-block-image size-full\"><img loading=\"lazy\" decoding=\"async\" width=\"960\" height=\"720\" src=\"https:\/\/covasna45.ro\/wp-content\/uploads\/2024\/08\/r2.jpg\" alt=\"\" class=\"wp-image-7398\" srcset=\"https:\/\/covasna45.ro\/wp-content\/uploads\/2024\/08\/r2.jpg 960w, https:\/\/covasna45.ro\/wp-content\/uploads\/2024\/08\/r2-300x225.jpg 300w, https:\/\/covasna45.ro\/wp-content\/uploads\/2024\/08\/r2-768x576.jpg 768w, https:\/\/covasna45.ro\/wp-content\/uploads\/2024\/08\/r2-150x113.jpg 150w, https:\/\/covasna45.ro\/wp-content\/uploads\/2024\/08\/r2-696x522.jpg 696w\" sizes=\"auto, (max-width: 960px) 100vw, 960px\" \/><\/figure>\n\n\n\n<p>Vor fi prezen\u021bi \u00een jur de 50 de expozan\u021bi cu tot felul de \u201ecomori\u201d, de la vase, la obiecte vintage, statui, haine \u0219i tablouri. Cei care le comercializeaz\u0103 sunt din Harghita, Buz\u0103u, Bihor, Arad sau Bra\u0219ov.<\/p>\n\n\n\n<figure class=\"wp-block-image size-full\"><img loading=\"lazy\" decoding=\"async\" width=\"960\" height=\"720\" src=\"https:\/\/covasna45.ro\/wp-content\/uploads\/2024\/08\/r1.jpg\" alt=\"\" class=\"wp-image-7399\" srcset=\"https:\/\/covasna45.ro\/wp-content\/uploads\/2024\/08\/r1.jpg 960w, https:\/\/covasna45.ro\/wp-content\/uploads\/2024\/08\/r1-300x225.jpg 300w, https:\/\/covasna45.ro\/wp-content\/uploads\/2024\/08\/r1-768x576.jpg 768w, https:\/\/covasna45.ro\/wp-content\/uploads\/2024\/08\/r1-150x113.jpg 150w, https:\/\/covasna45.ro\/wp-content\/uploads\/2024\/08\/r1-696x522.jpg 696w\" sizes=\"auto, (max-width: 960px) 100vw, 960px\" \/><\/figure>\n\n\n\n<p>\u201e<strong><em>Avem o politic\u0103 destul de clar\u0103 de a opri accesul a\u0219a-numi\u021bilor samsari sau intermediari de diverse obiecte sau produse noi originare din China sau din pia\u021ba de ru\u0219i. \u0218i acesta este motivul pentru care expozan\u021bii no\u0219tri revin cu pl\u0103cere, pentru c\u0103 nu suntem acel gen de pia\u021b\u0103 \u00een care g\u0103se\u0219ti \u0219i v\u00e2nz\u0103tori de ro\u0219ii sau te miri ce altceva. <\/em><\/strong><\/p>\n\n\n\n<figure class=\"wp-block-image size-full\"><img loading=\"lazy\" decoding=\"async\" width=\"720\" height=\"960\" src=\"https:\/\/covasna45.ro\/wp-content\/uploads\/2024\/08\/r4.jpg\" alt=\"\" class=\"wp-image-7400\" srcset=\"https:\/\/covasna45.ro\/wp-content\/uploads\/2024\/08\/r4.jpg 720w, https:\/\/covasna45.ro\/wp-content\/uploads\/2024\/08\/r4-225x300.jpg 225w, https:\/\/covasna45.ro\/wp-content\/uploads\/2024\/08\/r4-150x200.jpg 150w, https:\/\/covasna45.ro\/wp-content\/uploads\/2024\/08\/r4-300x400.jpg 300w, https:\/\/covasna45.ro\/wp-content\/uploads\/2024\/08\/r4-696x928.jpg 696w\" sizes=\"auto, (max-width: 720px) 100vw, 720px\" \/><\/figure>\n\n\n\n<p><strong><em>Noi \u00eencerc\u0103m s\u0103 p\u0103str\u0103m o atmosfer\u0103 frumoas\u0103, \u00een care oamenii s\u0103 vin\u0103 s\u0103 cumpere lucruri, \u00een care expozan\u021bii s\u0103 \u0219tie c\u0103 sunt proteja\u021bi. <\/em><\/strong><\/p>\n\n\n\n<figure class=\"wp-block-image size-full\"><img loading=\"lazy\" decoding=\"async\" width=\"720\" height=\"960\" src=\"https:\/\/covasna45.ro\/wp-content\/uploads\/2024\/08\/r5.jpg\" alt=\"\" class=\"wp-image-7401\" srcset=\"https:\/\/covasna45.ro\/wp-content\/uploads\/2024\/08\/r5.jpg 720w, https:\/\/covasna45.ro\/wp-content\/uploads\/2024\/08\/r5-225x300.jpg 225w, https:\/\/covasna45.ro\/wp-content\/uploads\/2024\/08\/r5-150x200.jpg 150w, https:\/\/covasna45.ro\/wp-content\/uploads\/2024\/08\/r5-300x400.jpg 300w, https:\/\/covasna45.ro\/wp-content\/uploads\/2024\/08\/r5-696x928.jpg 696w\" sizes=\"auto, (max-width: 720px) 100vw, 720px\" \/><\/figure>\n\n\n\n<p><strong><em>Ne dorim ca pe viitor s\u0103 extindem proiectul, astfel \u00eenc\u00e2t s\u0103 avem o zon\u0103 de camping cu mai multe zile de t\u00e2rg, cu muzic\u0103 \u0219i s\u0103 organiz\u0103m pie\u021be tematice \u0219i alte evenimente<\/em><\/strong>\u201d, a spus, pentru covasna45.ro, Jozsi Gyozo.<\/p>\n\n\n\n<figure class=\"wp-block-image size-full\"><img loading=\"lazy\" decoding=\"async\" width=\"960\" height=\"720\" src=\"https:\/\/covasna45.ro\/wp-content\/uploads\/2024\/08\/r7.jpg\" alt=\"\" class=\"wp-image-7402\" srcset=\"https:\/\/covasna45.ro\/wp-content\/uploads\/2024\/08\/r7.jpg 960w, https:\/\/covasna45.ro\/wp-content\/uploads\/2024\/08\/r7-300x225.jpg 300w, https:\/\/covasna45.ro\/wp-content\/uploads\/2024\/08\/r7-768x576.jpg 768w, https:\/\/covasna45.ro\/wp-content\/uploads\/2024\/08\/r7-150x113.jpg 150w, https:\/\/covasna45.ro\/wp-content\/uploads\/2024\/08\/r7-696x522.jpg 696w\" sizes=\"auto, (max-width: 960px) 100vw, 960px\" \/><\/figure>\n\n\n\n<p>Cei care organizeaz\u0103 talciocul sunt aceea\u0219i echip\u0103 care administreaz\u0103 \u0219i simpaticul local Szimpla din Sf\u00e2ntu Gheorghe, unde atmosfera e la fel de vintage. De altfel, conceptul administratorilor e simplu, dup\u0103 cum e \u0219i numele: \u201eNou\u0103 ne place s\u0103 recuper\u0103m ce arunc\u0103 al\u021bii \u0219i s\u0103 \u00eei d\u0103m o alt\u0103 utilizare\u201d. De altfel, la Szimpla mobilierul este confec\u021bionat din ma\u0219ini vechi de cusut, schiuri sau alte piese recuperate.<\/p>\n\n\n\n<figure class=\"wp-block-image size-large\"><img loading=\"lazy\" decoding=\"async\" width=\"1024\" height=\"536\" src=\"https:\/\/covasna45.ro\/wp-content\/uploads\/2024\/08\/talcioc-1024x536.jpg\" alt=\"\" class=\"wp-image-7403\" srcset=\"https:\/\/covasna45.ro\/wp-content\/uploads\/2024\/08\/talcioc-1024x536.jpg 1024w, https:\/\/covasna45.ro\/wp-content\/uploads\/2024\/08\/talcioc-300x157.jpg 300w, https:\/\/covasna45.ro\/wp-content\/uploads\/2024\/08\/talcioc-768x402.jpg 768w, https:\/\/covasna45.ro\/wp-content\/uploads\/2024\/08\/talcioc-1536x804.jpg 1536w, https:\/\/covasna45.ro\/wp-content\/uploads\/2024\/08\/talcioc-150x78.jpg 150w, https:\/\/covasna45.ro\/wp-content\/uploads\/2024\/08\/talcioc-696x364.jpg 696w, https:\/\/covasna45.ro\/wp-content\/uploads\/2024\/08\/talcioc-1068x559.jpg 1068w, https:\/\/covasna45.ro\/wp-content\/uploads\/2024\/08\/talcioc.jpg 1600w\" sizes=\"auto, (max-width: 1024px) 100vw, 1024px\" \/><\/figure>\n","protected":false},"excerpt":{"rendered":"<p>Pasiona\u021bii de piese de colec\u021bie sau de vechituri pot veni, pe 17 \u0219i 18 august, \u00een intersec\u021bia de la Reci, la o nou\u0103 edi\u021bie a Talciocului de l\u00e2ng\u0103 Mestec\u0103ni\u0219. Vor fi prezen\u021bi \u00een jur de 50 de expozan\u021bi cu tot felul de \u201ecomori\u201d, de la vase, la obiecte vintage, statui, haine \u0219i tablouri. Cei care [&hellip;]<\/p>\n","protected":false},"author":1,"featured_media":7397,"comment_status":"open","ping_status":"closed","sticky":false,"template":"","format":"standard","meta":{"tdm_status":"","tdm_grid_status":"","footnotes":""},"categories":[14],"tags":[2594,2680],"class_list":{"0":"post-7396","1":"post","2":"type-post","3":"status-publish","4":"format-standard","5":"has-post-thumbnail","7":"category-lumea-noastra","8":"tag-reci","9":"tag-talcioc"},"yoast_head":"<!-- This site is optimized with the Yoast SEO plugin v27.5 - https:\/\/yoast.com\/product\/yoast-seo-wordpress\/ -->\n<title>Talcioc la Reci, pe 17 \u0219i 18 august - Covasna45<\/title>\n<meta name=\"description\" content=\"Pasiona\u021bii de piese de colec\u021bie sau de vechituri pot veni, pe 17 \u0219i 18 august, \u00een intersec\u021bia de la Reci, la o nou\u0103 edi\u021bie a Talciocului.\" \/>\n<meta name=\"robots\" content=\"index, follow, max-snippet:-1, max-image-preview:large, max-video-preview:-1\" \/>\n<link rel=\"canonical\" href=\"https:\/\/covasna45.ro\/index.php\/lumea-noastra\/talcioc-la-reci-pe-17-si-18-august\/\" \/>\n<meta property=\"og:locale\" content=\"ro_RO\" \/>\n<meta property=\"og:type\" content=\"article\" \/>\n<meta property=\"og:title\" content=\"Talcioc la Reci, pe 17 \u0219i 18 august - Covasna45\" \/>\n<meta property=\"og:description\" content=\"Pasiona\u021bii de piese de colec\u021bie sau de vechituri pot veni, pe 17 \u0219i 18 august, \u00een intersec\u021bia de la Reci, la o nou\u0103 edi\u021bie a Talciocului.\" \/>\n<meta property=\"og:url\" content=\"https:\/\/covasna45.ro\/index.php\/lumea-noastra\/talcioc-la-reci-pe-17-si-18-august\/\" \/>\n<meta property=\"og:site_name\" content=\"Covasna45\" \/>\n<meta property=\"article:published_time\" content=\"2024-08-16T12:01:03+00:00\" \/>\n<meta property=\"article:modified_time\" content=\"2024-08-16T12:01:04+00:00\" \/>\n<meta property=\"og:image\" content=\"https:\/\/covasna45.ro\/wp-content\/uploads\/2024\/08\/r8.jpg\" \/>\n\t<meta property=\"og:image:width\" content=\"960\" \/>\n\t<meta property=\"og:image:height\" content=\"720\" \/>\n\t<meta property=\"og:image:type\" content=\"image\/jpeg\" \/>\n<meta name=\"author\" content=\"Covasna45\" \/>\n<meta name=\"twitter:card\" content=\"summary_large_image\" \/>\n<meta name=\"twitter:label1\" content=\"Scris de\" \/>\n\t<meta name=\"twitter:data1\" content=\"Covasna45\" \/>\n\t<meta name=\"twitter:label2\" content=\"Timp estimat pentru citire\" \/>\n\t<meta name=\"twitter:data2\" content=\"3 minute\" \/>\n<script type=\"application\/ld+json\" class=\"yoast-schema-graph\">{\"@context\":\"https:\\\/\\\/schema.org\",\"@graph\":[{\"@type\":\"Article\",\"@id\":\"https:\\\/\\\/covasna45.ro\\\/index.php\\\/lumea-noastra\\\/talcioc-la-reci-pe-17-si-18-august\\\/#article\",\"isPartOf\":{\"@id\":\"https:\\\/\\\/covasna45.ro\\\/index.php\\\/lumea-noastra\\\/talcioc-la-reci-pe-17-si-18-august\\\/\"},\"author\":{\"name\":\"Covasna45\",\"@id\":\"https:\\\/\\\/covasna45.ro\\\/#\\\/schema\\\/person\\\/e674052bd7d95d70bbb007a1060ab73c\"},\"headline\":\"Talcioc la Reci, pe 17 \u0219i 18 august\",\"datePublished\":\"2024-08-16T12:01:03+00:00\",\"dateModified\":\"2024-08-16T12:01:04+00:00\",\"mainEntityOfPage\":{\"@id\":\"https:\\\/\\\/covasna45.ro\\\/index.php\\\/lumea-noastra\\\/talcioc-la-reci-pe-17-si-18-august\\\/\"},\"wordCount\":293,\"commentCount\":0,\"publisher\":{\"@id\":\"https:\\\/\\\/covasna45.ro\\\/#organization\"},\"image\":{\"@id\":\"https:\\\/\\\/covasna45.ro\\\/index.php\\\/lumea-noastra\\\/talcioc-la-reci-pe-17-si-18-august\\\/#primaryimage\"},\"thumbnailUrl\":\"https:\\\/\\\/covasna45.ro\\\/wp-content\\\/uploads\\\/2024\\\/08\\\/r8.jpg\",\"keywords\":[\"reci\",\"talcioc\"],\"articleSection\":[\"Lumea noastr\u0103\"],\"inLanguage\":\"ro-RO\",\"potentialAction\":[{\"@type\":\"CommentAction\",\"name\":\"Comment\",\"target\":[\"https:\\\/\\\/covasna45.ro\\\/index.php\\\/lumea-noastra\\\/talcioc-la-reci-pe-17-si-18-august\\\/#respond\"]}]},{\"@type\":\"WebPage\",\"@id\":\"https:\\\/\\\/covasna45.ro\\\/index.php\\\/lumea-noastra\\\/talcioc-la-reci-pe-17-si-18-august\\\/\",\"url\":\"https:\\\/\\\/covasna45.ro\\\/index.php\\\/lumea-noastra\\\/talcioc-la-reci-pe-17-si-18-august\\\/\",\"name\":\"Talcioc la Reci, pe 17 \u0219i 18 august - Covasna45\",\"isPartOf\":{\"@id\":\"https:\\\/\\\/covasna45.ro\\\/#website\"},\"primaryImageOfPage\":{\"@id\":\"https:\\\/\\\/covasna45.ro\\\/index.php\\\/lumea-noastra\\\/talcioc-la-reci-pe-17-si-18-august\\\/#primaryimage\"},\"image\":{\"@id\":\"https:\\\/\\\/covasna45.ro\\\/index.php\\\/lumea-noastra\\\/talcioc-la-reci-pe-17-si-18-august\\\/#primaryimage\"},\"thumbnailUrl\":\"https:\\\/\\\/covasna45.ro\\\/wp-content\\\/uploads\\\/2024\\\/08\\\/r8.jpg\",\"datePublished\":\"2024-08-16T12:01:03+00:00\",\"dateModified\":\"2024-08-16T12:01:04+00:00\",\"description\":\"Pasiona\u021bii de piese de colec\u021bie sau de vechituri pot veni, pe 17 \u0219i 18 august, \u00een intersec\u021bia de la Reci, la o nou\u0103 edi\u021bie a Talciocului.\",\"breadcrumb\":{\"@id\":\"https:\\\/\\\/covasna45.ro\\\/index.php\\\/lumea-noastra\\\/talcioc-la-reci-pe-17-si-18-august\\\/#breadcrumb\"},\"inLanguage\":\"ro-RO\",\"potentialAction\":[{\"@type\":\"ReadAction\",\"target\":[\"https:\\\/\\\/covasna45.ro\\\/index.php\\\/lumea-noastra\\\/talcioc-la-reci-pe-17-si-18-august\\\/\"]}]},{\"@type\":\"ImageObject\",\"inLanguage\":\"ro-RO\",\"@id\":\"https:\\\/\\\/covasna45.ro\\\/index.php\\\/lumea-noastra\\\/talcioc-la-reci-pe-17-si-18-august\\\/#primaryimage\",\"url\":\"https:\\\/\\\/covasna45.ro\\\/wp-content\\\/uploads\\\/2024\\\/08\\\/r8.jpg\",\"contentUrl\":\"https:\\\/\\\/covasna45.ro\\\/wp-content\\\/uploads\\\/2024\\\/08\\\/r8.jpg\",\"width\":960,\"height\":720},{\"@type\":\"BreadcrumbList\",\"@id\":\"https:\\\/\\\/covasna45.ro\\\/index.php\\\/lumea-noastra\\\/talcioc-la-reci-pe-17-si-18-august\\\/#breadcrumb\",\"itemListElement\":[{\"@type\":\"ListItem\",\"position\":1,\"name\":\"Prima pagin\u0103\",\"item\":\"https:\\\/\\\/covasna45.ro\\\/\"},{\"@type\":\"ListItem\",\"position\":2,\"name\":\"Talcioc la Reci, pe 17 \u0219i 18 august\"}]},{\"@type\":\"WebSite\",\"@id\":\"https:\\\/\\\/covasna45.ro\\\/#website\",\"url\":\"https:\\\/\\\/covasna45.ro\\\/\",\"name\":\"covasna45.ro\",\"description\":\"\",\"publisher\":{\"@id\":\"https:\\\/\\\/covasna45.ro\\\/#organization\"},\"potentialAction\":[{\"@type\":\"SearchAction\",\"target\":{\"@type\":\"EntryPoint\",\"urlTemplate\":\"https:\\\/\\\/covasna45.ro\\\/?s={search_term_string}\"},\"query-input\":{\"@type\":\"PropertyValueSpecification\",\"valueRequired\":true,\"valueName\":\"search_term_string\"}}],\"inLanguage\":\"ro-RO\"},{\"@type\":\"Organization\",\"@id\":\"https:\\\/\\\/covasna45.ro\\\/#organization\",\"name\":\"covasna45.ro\",\"url\":\"https:\\\/\\\/covasna45.ro\\\/\",\"logo\":{\"@type\":\"ImageObject\",\"inLanguage\":\"ro-RO\",\"@id\":\"https:\\\/\\\/covasna45.ro\\\/#\\\/schema\\\/logo\\\/image\\\/\",\"url\":\"https:\\\/\\\/covasna45.ro\\\/wp-content\\\/uploads\\\/2023\\\/01\\\/icon_logo.png\",\"contentUrl\":\"https:\\\/\\\/covasna45.ro\\\/wp-content\\\/uploads\\\/2023\\\/01\\\/icon_logo.png\",\"width\":1900,\"height\":1900,\"caption\":\"covasna45.ro\"},\"image\":{\"@id\":\"https:\\\/\\\/covasna45.ro\\\/#\\\/schema\\\/logo\\\/image\\\/\"}},{\"@type\":\"Person\",\"@id\":\"https:\\\/\\\/covasna45.ro\\\/#\\\/schema\\\/person\\\/e674052bd7d95d70bbb007a1060ab73c\",\"name\":\"Covasna45\",\"image\":{\"@type\":\"ImageObject\",\"inLanguage\":\"ro-RO\",\"@id\":\"https:\\\/\\\/covasna45.ro\\\/wp-content\\\/uploads\\\/2025\\\/10\\\/icon_logo_covasna45-150x150.png\",\"url\":\"https:\\\/\\\/covasna45.ro\\\/wp-content\\\/uploads\\\/2025\\\/10\\\/icon_logo_covasna45-150x150.png\",\"contentUrl\":\"https:\\\/\\\/covasna45.ro\\\/wp-content\\\/uploads\\\/2025\\\/10\\\/icon_logo_covasna45-150x150.png\",\"caption\":\"Covasna45\"},\"sameAs\":[\"https:\\\/\\\/covasna45.ro\"],\"url\":\"https:\\\/\\\/covasna45.ro\\\/index.php\\\/author\\\/covasna\\\/\"}]}<\/script>\n<!-- \/ Yoast SEO plugin. -->","yoast_head_json":{"title":"Talcioc la Reci, pe 17 \u0219i 18 august - Covasna45","description":"Pasiona\u021bii de piese de colec\u021bie sau de vechituri pot veni, pe 17 \u0219i 18 august, \u00een intersec\u021bia de la Reci, la o nou\u0103 edi\u021bie a Talciocului.","robots":{"index":"index","follow":"follow","max-snippet":"max-snippet:-1","max-image-preview":"max-image-preview:large","max-video-preview":"max-video-preview:-1"},"canonical":"https:\/\/covasna45.ro\/index.php\/lumea-noastra\/talcioc-la-reci-pe-17-si-18-august\/","og_locale":"ro_RO","og_type":"article","og_title":"Talcioc la Reci, pe 17 \u0219i 18 august - Covasna45","og_description":"Pasiona\u021bii de piese de colec\u021bie sau de vechituri pot veni, pe 17 \u0219i 18 august, \u00een intersec\u021bia de la Reci, la o nou\u0103 edi\u021bie a Talciocului.","og_url":"https:\/\/covasna45.ro\/index.php\/lumea-noastra\/talcioc-la-reci-pe-17-si-18-august\/","og_site_name":"Covasna45","article_published_time":"2024-08-16T12:01:03+00:00","article_modified_time":"2024-08-16T12:01:04+00:00","og_image":[{"width":960,"height":720,"url":"https:\/\/covasna45.ro\/wp-content\/uploads\/2024\/08\/r8.jpg","type":"image\/jpeg"}],"author":"Covasna45","twitter_card":"summary_large_image","twitter_misc":{"Scris de":"Covasna45","Timp estimat pentru citire":"3 minute"},"schema":{"@context":"https:\/\/schema.org","@graph":[{"@type":"Article","@id":"https:\/\/covasna45.ro\/index.php\/lumea-noastra\/talcioc-la-reci-pe-17-si-18-august\/#article","isPartOf":{"@id":"https:\/\/covasna45.ro\/index.php\/lumea-noastra\/talcioc-la-reci-pe-17-si-18-august\/"},"author":{"name":"Covasna45","@id":"https:\/\/covasna45.ro\/#\/schema\/person\/e674052bd7d95d70bbb007a1060ab73c"},"headline":"Talcioc la Reci, pe 17 \u0219i 18 august","datePublished":"2024-08-16T12:01:03+00:00","dateModified":"2024-08-16T12:01:04+00:00","mainEntityOfPage":{"@id":"https:\/\/covasna45.ro\/index.php\/lumea-noastra\/talcioc-la-reci-pe-17-si-18-august\/"},"wordCount":293,"commentCount":0,"publisher":{"@id":"https:\/\/covasna45.ro\/#organization"},"image":{"@id":"https:\/\/covasna45.ro\/index.php\/lumea-noastra\/talcioc-la-reci-pe-17-si-18-august\/#primaryimage"},"thumbnailUrl":"https:\/\/covasna45.ro\/wp-content\/uploads\/2024\/08\/r8.jpg","keywords":["reci","talcioc"],"articleSection":["Lumea noastr\u0103"],"inLanguage":"ro-RO","potentialAction":[{"@type":"CommentAction","name":"Comment","target":["https:\/\/covasna45.ro\/index.php\/lumea-noastra\/talcioc-la-reci-pe-17-si-18-august\/#respond"]}]},{"@type":"WebPage","@id":"https:\/\/covasna45.ro\/index.php\/lumea-noastra\/talcioc-la-reci-pe-17-si-18-august\/","url":"https:\/\/covasna45.ro\/index.php\/lumea-noastra\/talcioc-la-reci-pe-17-si-18-august\/","name":"Talcioc la Reci, pe 17 \u0219i 18 august - Covasna45","isPartOf":{"@id":"https:\/\/covasna45.ro\/#website"},"primaryImageOfPage":{"@id":"https:\/\/covasna45.ro\/index.php\/lumea-noastra\/talcioc-la-reci-pe-17-si-18-august\/#primaryimage"},"image":{"@id":"https:\/\/covasna45.ro\/index.php\/lumea-noastra\/talcioc-la-reci-pe-17-si-18-august\/#primaryimage"},"thumbnailUrl":"https:\/\/covasna45.ro\/wp-content\/uploads\/2024\/08\/r8.jpg","datePublished":"2024-08-16T12:01:03+00:00","dateModified":"2024-08-16T12:01:04+00:00","description":"Pasiona\u021bii de piese de colec\u021bie sau de vechituri pot veni, pe 17 \u0219i 18 august, \u00een intersec\u021bia de la Reci, la o nou\u0103 edi\u021bie a Talciocului.","breadcrumb":{"@id":"https:\/\/covasna45.ro\/index.php\/lumea-noastra\/talcioc-la-reci-pe-17-si-18-august\/#breadcrumb"},"inLanguage":"ro-RO","potentialAction":[{"@type":"ReadAction","target":["https:\/\/covasna45.ro\/index.php\/lumea-noastra\/talcioc-la-reci-pe-17-si-18-august\/"]}]},{"@type":"ImageObject","inLanguage":"ro-RO","@id":"https:\/\/covasna45.ro\/index.php\/lumea-noastra\/talcioc-la-reci-pe-17-si-18-august\/#primaryimage","url":"https:\/\/covasna45.ro\/wp-content\/uploads\/2024\/08\/r8.jpg","contentUrl":"https:\/\/covasna45.ro\/wp-content\/uploads\/2024\/08\/r8.jpg","width":960,"height":720},{"@type":"BreadcrumbList","@id":"https:\/\/covasna45.ro\/index.php\/lumea-noastra\/talcioc-la-reci-pe-17-si-18-august\/#breadcrumb","itemListElement":[{"@type":"ListItem","position":1,"name":"Prima pagin\u0103","item":"https:\/\/covasna45.ro\/"},{"@type":"ListItem","position":2,"name":"Talcioc la Reci, pe 17 \u0219i 18 august"}]},{"@type":"WebSite","@id":"https:\/\/covasna45.ro\/#website","url":"https:\/\/covasna45.ro\/","name":"covasna45.ro","description":"","publisher":{"@id":"https:\/\/covasna45.ro\/#organization"},"potentialAction":[{"@type":"SearchAction","target":{"@type":"EntryPoint","urlTemplate":"https:\/\/covasna45.ro\/?s={search_term_string}"},"query-input":{"@type":"PropertyValueSpecification","valueRequired":true,"valueName":"search_term_string"}}],"inLanguage":"ro-RO"},{"@type":"Organization","@id":"https:\/\/covasna45.ro\/#organization","name":"covasna45.ro","url":"https:\/\/covasna45.ro\/","logo":{"@type":"ImageObject","inLanguage":"ro-RO","@id":"https:\/\/covasna45.ro\/#\/schema\/logo\/image\/","url":"https:\/\/covasna45.ro\/wp-content\/uploads\/2023\/01\/icon_logo.png","contentUrl":"https:\/\/covasna45.ro\/wp-content\/uploads\/2023\/01\/icon_logo.png","width":1900,"height":1900,"caption":"covasna45.ro"},"image":{"@id":"https:\/\/covasna45.ro\/#\/schema\/logo\/image\/"}},{"@type":"Person","@id":"https:\/\/covasna45.ro\/#\/schema\/person\/e674052bd7d95d70bbb007a1060ab73c","name":"Covasna45","image":{"@type":"ImageObject","inLanguage":"ro-RO","@id":"https:\/\/covasna45.ro\/wp-content\/uploads\/2025\/10\/icon_logo_covasna45-150x150.png","url":"https:\/\/covasna45.ro\/wp-content\/uploads\/2025\/10\/icon_logo_covasna45-150x150.png","contentUrl":"https:\/\/covasna45.ro\/wp-content\/uploads\/2025\/10\/icon_logo_covasna45-150x150.png","caption":"Covasna45"},"sameAs":["https:\/\/covasna45.ro"],"url":"https:\/\/covasna45.ro\/index.php\/author\/covasna\/"}]}},"_links":{"self":[{"href":"https:\/\/covasna45.ro\/index.php\/wp-json\/wp\/v2\/posts\/7396","targetHints":{"allow":["GET"]}}],"collection":[{"href":"https:\/\/covasna45.ro\/index.php\/wp-json\/wp\/v2\/posts"}],"about":[{"href":"https:\/\/covasna45.ro\/index.php\/wp-json\/wp\/v2\/types\/post"}],"author":[{"embeddable":true,"href":"https:\/\/covasna45.ro\/index.php\/wp-json\/wp\/v2\/users\/1"}],"replies":[{"embeddable":true,"href":"https:\/\/covasna45.ro\/index.php\/wp-json\/wp\/v2\/comments?post=7396"}],"version-history":[{"count":1,"href":"https:\/\/covasna45.ro\/index.php\/wp-json\/wp\/v2\/posts\/7396\/revisions"}],"predecessor-version":[{"id":7404,"href":"https:\/\/covasna45.ro\/index.php\/wp-json\/wp\/v2\/posts\/7396\/revisions\/7404"}],"wp:featuredmedia":[{"embeddable":true,"href":"https:\/\/covasna45.ro\/index.php\/wp-json\/wp\/v2\/media\/7397"}],"wp:attachment":[{"href":"https:\/\/covasna45.ro\/index.php\/wp-json\/wp\/v2\/media?parent=7396"}],"wp:term":[{"taxonomy":"category","embeddable":true,"href":"https:\/\/covasna45.ro\/index.php\/wp-json\/wp\/v2\/categories?post=7396"},{"taxonomy":"post_tag","embeddable":true,"href":"https:\/\/covasna45.ro\/index.php\/wp-json\/wp\/v2\/tags?post=7396"}],"curies":[{"name":"wp","href":"https:\/\/api.w.org\/{rel}","templated":true}]}}