{"id":7428,"date":"2024-08-20T07:59:00","date_gmt":"2024-08-20T05:59:00","guid":{"rendered":"https:\/\/covasna45.ro\/?p=7428"},"modified":"2024-08-20T07:59:01","modified_gmt":"2024-08-20T05:59:01","slug":"marcel-ciolacu-cere-solutii-de-guvernare-de-la-oamenii-obisnuiti","status":"publish","type":"post","link":"https:\/\/covasna45.ro\/index.php\/lumea-noastra\/marcel-ciolacu-cere-solutii-de-guvernare-de-la-oamenii-obisnuiti\/","title":{"rendered":"Marcel Ciolacu cere solu\u021bii de guvernare de la \u201eoamenii obi\u0219nui\u021bi\u201d"},"content":{"rendered":"\n<p>Cu doar c\u00e2teva zile \u00eenainte de Congresul PSD, \u00een urma c\u0103ruia se a\u0219teapt\u0103 anun\u021bul oficial privind candidatul partidului la pre\u0219edin\u021bia Rom\u00e2niei, liderul social-democra\u021bilor le cere \u201eoamenilor obi\u0219nui\u021bi\u201d s\u0103 propun\u0103 solu\u021bii de \u201eschimbare\u201d a \u021b\u0103rii. Solu\u021biile vor face apoi parte dintr-un plan care s\u0103 respecte \u201ecu adev\u0103rat\u201d voin\u021ba \u0219i interesele rom\u00e2nilor, anun\u021b\u0103 Marcel Ciolacu.<\/p>\n\n\n\n<p>Platforma online pe care rom\u00e2nii pot trimite idei este deja func\u021bional\u0103. Se nume\u0219te \u201eRom\u00e2nia dorit\u0103\u201d \u0219i poart\u0103 sigla PSD.<\/p>\n\n\n\n<p>\u201e<strong><em>Te rug\u0103m s\u0103 ne scrii cum vezi tu solu\u021bii punctuale la cele mai importante probleme din via\u021ba unui om simplu \u0219i a familiei sale: ce se \u00eent\u00e2mpl\u0103 cu educa\u021bia copiilor, cum va fi dac\u0103 m\u0103 voi interna \u00eentr-un spital, cum vom avea mai repede autostr\u0103zi prin toat\u0103 Rom\u00e2nia, cum facem s\u0103 respir\u0103m un aer mai curat sau care sunt solu\u021biile ca s\u0103 redeschidem fabrici \u0219i uzine locale ca s\u0103 producem mai mult \u00een Rom\u00e2nia.<\/em><\/strong><\/p>\n\n\n\n<figure class=\"wp-block-image size-large\"><img loading=\"lazy\" decoding=\"async\" width=\"1024\" height=\"1024\" src=\"https:\/\/covasna45.ro\/wp-content\/uploads\/2024\/08\/psd-ro-dorita-1024x1024.jpg\" alt=\"\" class=\"wp-image-7429\" srcset=\"https:\/\/covasna45.ro\/wp-content\/uploads\/2024\/08\/psd-ro-dorita-1024x1024.jpg 1024w, https:\/\/covasna45.ro\/wp-content\/uploads\/2024\/08\/psd-ro-dorita-300x300.jpg 300w, https:\/\/covasna45.ro\/wp-content\/uploads\/2024\/08\/psd-ro-dorita-150x150.jpg 150w, https:\/\/covasna45.ro\/wp-content\/uploads\/2024\/08\/psd-ro-dorita-768x768.jpg 768w, https:\/\/covasna45.ro\/wp-content\/uploads\/2024\/08\/psd-ro-dorita-696x696.jpg 696w, https:\/\/covasna45.ro\/wp-content\/uploads\/2024\/08\/psd-ro-dorita-1068x1068.jpg 1068w, https:\/\/covasna45.ro\/wp-content\/uploads\/2024\/08\/psd-ro-dorita.jpg 1200w\" sizes=\"auto, (max-width: 1024px) 100vw, 1024px\" \/><\/figure>\n\n\n\n<p><strong><em>Scrie-ne \u0219i spune-ne cum vrei tu s\u0103 schimbi Rom\u00e2nia! \u0218i cu c\u00e2t vor fi mai mult mesaje \u0219i solu\u021bii, cu at\u00e2t mai puternic\u0103 va fi for\u021ba \u00eensumat\u0103 a ideilor venite de la fiecare dintre voi. Iar noi vom folosi aceast\u0103 energie pentru a construi un Plan pentru Rom\u00e2nia care s\u0103 respecte cu adev\u0103rat voin\u021ba \u0219i interesele rom\u00e2nilor<\/em><\/strong>\u201d, se arat\u0103 pe <a href=\"https:\/\/www.romaniadorita.ro\/\">site<\/a>.<\/p>\n\n\n\n<h2 class=\"wp-block-heading\">Cre\u0219te num\u0103rul de vicepre\u0219edin\u021bi<\/h2>\n\n\n\n<p>La Congresul PSD, ce se va desf\u0103\u0219ura s\u00e2mb\u0103t\u0103, la Romexpo, se va opera \u0219i o modificare \u00een statutul partidului, \u00een sensul c\u0103 num\u0103rul de vicepre\u0219edin\u021bi va cre\u0219te. \u201eAm stabilit, ca s\u0103 nu modific\u0103m statutul \u00een ceea ce prive\u015fte candidaturile, s\u0103 fie candidaturi tot pe mo\u0163iune. O s\u0103 fie o candidatur\u0103 asumat\u0103 a pre\u015fedintelui cu lista pentru vicepre\u015fedin\u0163i. Un singur lucru o s\u0103 modific\u0103m, la \u00eenceputul congresului, ca \u015fi procedur\u0103 legal\u0103, o s\u0103 m\u0103rim num\u0103rul de vicepre\u015fedin\u0163i, de la patru vicepre\u015fedin\u0163i pe domenii de activitate, o s\u0103 fie opt vicepre\u015fedin\u0163i pe domenii de activitate \u015fi opt vicepre\u015fedin\u0163i pentru fiecare regiune de dezvoltare a Rom\u00e2niei\u201d, a anun\u021bat Marcel Ciolacu.<br><\/p>\n","protected":false},"excerpt":{"rendered":"<p>Cu doar c\u00e2teva zile \u00eenainte de Congresul PSD, \u00een urma c\u0103ruia se a\u0219teapt\u0103 anun\u021bul oficial privind candidatul partidului la pre\u0219edin\u021bia Rom\u00e2niei, liderul social-democra\u021bilor le cere \u201eoamenilor obi\u0219nui\u021bi\u201d s\u0103 propun\u0103 solu\u021bii de \u201eschimbare\u201d a \u021b\u0103rii. Solu\u021biile vor face apoi parte dintr-un plan care s\u0103 respecte \u201ecu adev\u0103rat\u201d voin\u021ba \u0219i interesele rom\u00e2nilor, anun\u021b\u0103 Marcel Ciolacu. Platforma online [&hellip;]<\/p>\n","protected":false},"author":1,"featured_media":4970,"comment_status":"open","ping_status":"closed","sticky":false,"template":"","format":"standard","meta":{"tdm_status":"","tdm_grid_status":"","footnotes":""},"categories":[14],"tags":[797,625],"class_list":{"0":"post-7428","1":"post","2":"type-post","3":"status-publish","4":"format-standard","5":"has-post-thumbnail","7":"category-lumea-noastra","8":"tag-marcel-ciolacu","9":"tag-psd"},"yoast_head":"<!-- This site is optimized with the Yoast SEO plugin v27.5 - https:\/\/yoast.com\/product\/yoast-seo-wordpress\/ -->\n<title>Marcel Ciolacu cere solu\u021bii de guvernare de la \u201eoamenii obi\u0219nui\u021bi\u201d - Covasna45<\/title>\n<meta name=\"description\" content=\"La Congresul PSD, ce se va desf\u0103\u0219ura s\u00e2mb\u0103t\u0103, la Romexpo, se va opera \u0219i o modificare \u00een statutul partidului.\" \/>\n<meta name=\"robots\" content=\"index, follow, max-snippet:-1, max-image-preview:large, max-video-preview:-1\" \/>\n<link rel=\"canonical\" href=\"https:\/\/covasna45.ro\/index.php\/lumea-noastra\/marcel-ciolacu-cere-solutii-de-guvernare-de-la-oamenii-obisnuiti\/\" \/>\n<meta property=\"og:locale\" content=\"ro_RO\" \/>\n<meta property=\"og:type\" content=\"article\" \/>\n<meta property=\"og:title\" content=\"Marcel Ciolacu cere solu\u021bii de guvernare de la \u201eoamenii obi\u0219nui\u021bi\u201d - Covasna45\" \/>\n<meta property=\"og:description\" content=\"La Congresul PSD, ce se va desf\u0103\u0219ura s\u00e2mb\u0103t\u0103, la Romexpo, se va opera \u0219i o modificare \u00een statutul partidului.\" \/>\n<meta property=\"og:url\" content=\"https:\/\/covasna45.ro\/index.php\/lumea-noastra\/marcel-ciolacu-cere-solutii-de-guvernare-de-la-oamenii-obisnuiti\/\" \/>\n<meta property=\"og:site_name\" content=\"Covasna45\" \/>\n<meta property=\"article:published_time\" content=\"2024-08-20T05:59:00+00:00\" \/>\n<meta property=\"article:modified_time\" content=\"2024-08-20T05:59:01+00:00\" \/>\n<meta property=\"og:image\" content=\"https:\/\/covasna45.ro\/wp-content\/uploads\/2024\/02\/ciolacu-psd-cv.jpg\" \/>\n\t<meta property=\"og:image:width\" content=\"1226\" \/>\n\t<meta property=\"og:image:height\" content=\"708\" \/>\n\t<meta property=\"og:image:type\" content=\"image\/jpeg\" \/>\n<meta name=\"author\" content=\"Covasna45\" \/>\n<meta name=\"twitter:card\" content=\"summary_large_image\" \/>\n<meta name=\"twitter:label1\" content=\"Scris de\" \/>\n\t<meta name=\"twitter:data1\" content=\"Covasna45\" \/>\n\t<meta name=\"twitter:label2\" content=\"Timp estimat pentru citire\" \/>\n\t<meta name=\"twitter:data2\" content=\"3 minute\" \/>\n<script type=\"application\/ld+json\" class=\"yoast-schema-graph\">{\"@context\":\"https:\\\/\\\/schema.org\",\"@graph\":[{\"@type\":\"Article\",\"@id\":\"https:\\\/\\\/covasna45.ro\\\/index.php\\\/lumea-noastra\\\/marcel-ciolacu-cere-solutii-de-guvernare-de-la-oamenii-obisnuiti\\\/#article\",\"isPartOf\":{\"@id\":\"https:\\\/\\\/covasna45.ro\\\/index.php\\\/lumea-noastra\\\/marcel-ciolacu-cere-solutii-de-guvernare-de-la-oamenii-obisnuiti\\\/\"},\"author\":{\"name\":\"Covasna45\",\"@id\":\"https:\\\/\\\/covasna45.ro\\\/#\\\/schema\\\/person\\\/e674052bd7d95d70bbb007a1060ab73c\"},\"headline\":\"Marcel Ciolacu cere solu\u021bii de guvernare de la \u201eoamenii obi\u0219nui\u021bi\u201d\",\"datePublished\":\"2024-08-20T05:59:00+00:00\",\"dateModified\":\"2024-08-20T05:59:01+00:00\",\"mainEntityOfPage\":{\"@id\":\"https:\\\/\\\/covasna45.ro\\\/index.php\\\/lumea-noastra\\\/marcel-ciolacu-cere-solutii-de-guvernare-de-la-oamenii-obisnuiti\\\/\"},\"wordCount\":399,\"commentCount\":0,\"publisher\":{\"@id\":\"https:\\\/\\\/covasna45.ro\\\/#organization\"},\"image\":{\"@id\":\"https:\\\/\\\/covasna45.ro\\\/index.php\\\/lumea-noastra\\\/marcel-ciolacu-cere-solutii-de-guvernare-de-la-oamenii-obisnuiti\\\/#primaryimage\"},\"thumbnailUrl\":\"https:\\\/\\\/covasna45.ro\\\/wp-content\\\/uploads\\\/2024\\\/02\\\/ciolacu-psd-cv.jpg\",\"keywords\":[\"Marcel Ciolacu\",\"PSD\"],\"articleSection\":[\"Lumea noastr\u0103\"],\"inLanguage\":\"ro-RO\",\"potentialAction\":[{\"@type\":\"CommentAction\",\"name\":\"Comment\",\"target\":[\"https:\\\/\\\/covasna45.ro\\\/index.php\\\/lumea-noastra\\\/marcel-ciolacu-cere-solutii-de-guvernare-de-la-oamenii-obisnuiti\\\/#respond\"]}]},{\"@type\":\"WebPage\",\"@id\":\"https:\\\/\\\/covasna45.ro\\\/index.php\\\/lumea-noastra\\\/marcel-ciolacu-cere-solutii-de-guvernare-de-la-oamenii-obisnuiti\\\/\",\"url\":\"https:\\\/\\\/covasna45.ro\\\/index.php\\\/lumea-noastra\\\/marcel-ciolacu-cere-solutii-de-guvernare-de-la-oamenii-obisnuiti\\\/\",\"name\":\"Marcel Ciolacu cere solu\u021bii de guvernare de la \u201eoamenii obi\u0219nui\u021bi\u201d - Covasna45\",\"isPartOf\":{\"@id\":\"https:\\\/\\\/covasna45.ro\\\/#website\"},\"primaryImageOfPage\":{\"@id\":\"https:\\\/\\\/covasna45.ro\\\/index.php\\\/lumea-noastra\\\/marcel-ciolacu-cere-solutii-de-guvernare-de-la-oamenii-obisnuiti\\\/#primaryimage\"},\"image\":{\"@id\":\"https:\\\/\\\/covasna45.ro\\\/index.php\\\/lumea-noastra\\\/marcel-ciolacu-cere-solutii-de-guvernare-de-la-oamenii-obisnuiti\\\/#primaryimage\"},\"thumbnailUrl\":\"https:\\\/\\\/covasna45.ro\\\/wp-content\\\/uploads\\\/2024\\\/02\\\/ciolacu-psd-cv.jpg\",\"datePublished\":\"2024-08-20T05:59:00+00:00\",\"dateModified\":\"2024-08-20T05:59:01+00:00\",\"description\":\"La Congresul PSD, ce se va desf\u0103\u0219ura s\u00e2mb\u0103t\u0103, la Romexpo, se va opera \u0219i o modificare \u00een statutul partidului.\",\"breadcrumb\":{\"@id\":\"https:\\\/\\\/covasna45.ro\\\/index.php\\\/lumea-noastra\\\/marcel-ciolacu-cere-solutii-de-guvernare-de-la-oamenii-obisnuiti\\\/#breadcrumb\"},\"inLanguage\":\"ro-RO\",\"potentialAction\":[{\"@type\":\"ReadAction\",\"target\":[\"https:\\\/\\\/covasna45.ro\\\/index.php\\\/lumea-noastra\\\/marcel-ciolacu-cere-solutii-de-guvernare-de-la-oamenii-obisnuiti\\\/\"]}]},{\"@type\":\"ImageObject\",\"inLanguage\":\"ro-RO\",\"@id\":\"https:\\\/\\\/covasna45.ro\\\/index.php\\\/lumea-noastra\\\/marcel-ciolacu-cere-solutii-de-guvernare-de-la-oamenii-obisnuiti\\\/#primaryimage\",\"url\":\"https:\\\/\\\/covasna45.ro\\\/wp-content\\\/uploads\\\/2024\\\/02\\\/ciolacu-psd-cv.jpg\",\"contentUrl\":\"https:\\\/\\\/covasna45.ro\\\/wp-content\\\/uploads\\\/2024\\\/02\\\/ciolacu-psd-cv.jpg\",\"width\":1226,\"height\":708},{\"@type\":\"BreadcrumbList\",\"@id\":\"https:\\\/\\\/covasna45.ro\\\/index.php\\\/lumea-noastra\\\/marcel-ciolacu-cere-solutii-de-guvernare-de-la-oamenii-obisnuiti\\\/#breadcrumb\",\"itemListElement\":[{\"@type\":\"ListItem\",\"position\":1,\"name\":\"Prima pagin\u0103\",\"item\":\"https:\\\/\\\/covasna45.ro\\\/\"},{\"@type\":\"ListItem\",\"position\":2,\"name\":\"Marcel Ciolacu cere solu\u021bii de guvernare de la \u201eoamenii obi\u0219nui\u021bi\u201d\"}]},{\"@type\":\"WebSite\",\"@id\":\"https:\\\/\\\/covasna45.ro\\\/#website\",\"url\":\"https:\\\/\\\/covasna45.ro\\\/\",\"name\":\"covasna45.ro\",\"description\":\"\",\"publisher\":{\"@id\":\"https:\\\/\\\/covasna45.ro\\\/#organization\"},\"potentialAction\":[{\"@type\":\"SearchAction\",\"target\":{\"@type\":\"EntryPoint\",\"urlTemplate\":\"https:\\\/\\\/covasna45.ro\\\/?s={search_term_string}\"},\"query-input\":{\"@type\":\"PropertyValueSpecification\",\"valueRequired\":true,\"valueName\":\"search_term_string\"}}],\"inLanguage\":\"ro-RO\"},{\"@type\":\"Organization\",\"@id\":\"https:\\\/\\\/covasna45.ro\\\/#organization\",\"name\":\"covasna45.ro\",\"url\":\"https:\\\/\\\/covasna45.ro\\\/\",\"logo\":{\"@type\":\"ImageObject\",\"inLanguage\":\"ro-RO\",\"@id\":\"https:\\\/\\\/covasna45.ro\\\/#\\\/schema\\\/logo\\\/image\\\/\",\"url\":\"https:\\\/\\\/covasna45.ro\\\/wp-content\\\/uploads\\\/2023\\\/01\\\/icon_logo.png\",\"contentUrl\":\"https:\\\/\\\/covasna45.ro\\\/wp-content\\\/uploads\\\/2023\\\/01\\\/icon_logo.png\",\"width\":1900,\"height\":1900,\"caption\":\"covasna45.ro\"},\"image\":{\"@id\":\"https:\\\/\\\/covasna45.ro\\\/#\\\/schema\\\/logo\\\/image\\\/\"}},{\"@type\":\"Person\",\"@id\":\"https:\\\/\\\/covasna45.ro\\\/#\\\/schema\\\/person\\\/e674052bd7d95d70bbb007a1060ab73c\",\"name\":\"Covasna45\",\"image\":{\"@type\":\"ImageObject\",\"inLanguage\":\"ro-RO\",\"@id\":\"https:\\\/\\\/covasna45.ro\\\/wp-content\\\/uploads\\\/2025\\\/10\\\/icon_logo_covasna45-150x150.png\",\"url\":\"https:\\\/\\\/covasna45.ro\\\/wp-content\\\/uploads\\\/2025\\\/10\\\/icon_logo_covasna45-150x150.png\",\"contentUrl\":\"https:\\\/\\\/covasna45.ro\\\/wp-content\\\/uploads\\\/2025\\\/10\\\/icon_logo_covasna45-150x150.png\",\"caption\":\"Covasna45\"},\"sameAs\":[\"https:\\\/\\\/covasna45.ro\"],\"url\":\"https:\\\/\\\/covasna45.ro\\\/index.php\\\/author\\\/covasna\\\/\"}]}<\/script>\n<!-- \/ Yoast SEO plugin. -->","yoast_head_json":{"title":"Marcel Ciolacu cere solu\u021bii de guvernare de la \u201eoamenii obi\u0219nui\u021bi\u201d - Covasna45","description":"La Congresul PSD, ce se va desf\u0103\u0219ura s\u00e2mb\u0103t\u0103, la Romexpo, se va opera \u0219i o modificare \u00een statutul partidului.","robots":{"index":"index","follow":"follow","max-snippet":"max-snippet:-1","max-image-preview":"max-image-preview:large","max-video-preview":"max-video-preview:-1"},"canonical":"https:\/\/covasna45.ro\/index.php\/lumea-noastra\/marcel-ciolacu-cere-solutii-de-guvernare-de-la-oamenii-obisnuiti\/","og_locale":"ro_RO","og_type":"article","og_title":"Marcel Ciolacu cere solu\u021bii de guvernare de la \u201eoamenii obi\u0219nui\u021bi\u201d - Covasna45","og_description":"La Congresul PSD, ce se va desf\u0103\u0219ura s\u00e2mb\u0103t\u0103, la Romexpo, se va opera \u0219i o modificare \u00een statutul partidului.","og_url":"https:\/\/covasna45.ro\/index.php\/lumea-noastra\/marcel-ciolacu-cere-solutii-de-guvernare-de-la-oamenii-obisnuiti\/","og_site_name":"Covasna45","article_published_time":"2024-08-20T05:59:00+00:00","article_modified_time":"2024-08-20T05:59:01+00:00","og_image":[{"width":1226,"height":708,"url":"https:\/\/covasna45.ro\/wp-content\/uploads\/2024\/02\/ciolacu-psd-cv.jpg","type":"image\/jpeg"}],"author":"Covasna45","twitter_card":"summary_large_image","twitter_misc":{"Scris de":"Covasna45","Timp estimat pentru citire":"3 minute"},"schema":{"@context":"https:\/\/schema.org","@graph":[{"@type":"Article","@id":"https:\/\/covasna45.ro\/index.php\/lumea-noastra\/marcel-ciolacu-cere-solutii-de-guvernare-de-la-oamenii-obisnuiti\/#article","isPartOf":{"@id":"https:\/\/covasna45.ro\/index.php\/lumea-noastra\/marcel-ciolacu-cere-solutii-de-guvernare-de-la-oamenii-obisnuiti\/"},"author":{"name":"Covasna45","@id":"https:\/\/covasna45.ro\/#\/schema\/person\/e674052bd7d95d70bbb007a1060ab73c"},"headline":"Marcel Ciolacu cere solu\u021bii de guvernare de la \u201eoamenii obi\u0219nui\u021bi\u201d","datePublished":"2024-08-20T05:59:00+00:00","dateModified":"2024-08-20T05:59:01+00:00","mainEntityOfPage":{"@id":"https:\/\/covasna45.ro\/index.php\/lumea-noastra\/marcel-ciolacu-cere-solutii-de-guvernare-de-la-oamenii-obisnuiti\/"},"wordCount":399,"commentCount":0,"publisher":{"@id":"https:\/\/covasna45.ro\/#organization"},"image":{"@id":"https:\/\/covasna45.ro\/index.php\/lumea-noastra\/marcel-ciolacu-cere-solutii-de-guvernare-de-la-oamenii-obisnuiti\/#primaryimage"},"thumbnailUrl":"https:\/\/covasna45.ro\/wp-content\/uploads\/2024\/02\/ciolacu-psd-cv.jpg","keywords":["Marcel Ciolacu","PSD"],"articleSection":["Lumea noastr\u0103"],"inLanguage":"ro-RO","potentialAction":[{"@type":"CommentAction","name":"Comment","target":["https:\/\/covasna45.ro\/index.php\/lumea-noastra\/marcel-ciolacu-cere-solutii-de-guvernare-de-la-oamenii-obisnuiti\/#respond"]}]},{"@type":"WebPage","@id":"https:\/\/covasna45.ro\/index.php\/lumea-noastra\/marcel-ciolacu-cere-solutii-de-guvernare-de-la-oamenii-obisnuiti\/","url":"https:\/\/covasna45.ro\/index.php\/lumea-noastra\/marcel-ciolacu-cere-solutii-de-guvernare-de-la-oamenii-obisnuiti\/","name":"Marcel Ciolacu cere solu\u021bii de guvernare de la \u201eoamenii obi\u0219nui\u021bi\u201d - Covasna45","isPartOf":{"@id":"https:\/\/covasna45.ro\/#website"},"primaryImageOfPage":{"@id":"https:\/\/covasna45.ro\/index.php\/lumea-noastra\/marcel-ciolacu-cere-solutii-de-guvernare-de-la-oamenii-obisnuiti\/#primaryimage"},"image":{"@id":"https:\/\/covasna45.ro\/index.php\/lumea-noastra\/marcel-ciolacu-cere-solutii-de-guvernare-de-la-oamenii-obisnuiti\/#primaryimage"},"thumbnailUrl":"https:\/\/covasna45.ro\/wp-content\/uploads\/2024\/02\/ciolacu-psd-cv.jpg","datePublished":"2024-08-20T05:59:00+00:00","dateModified":"2024-08-20T05:59:01+00:00","description":"La Congresul PSD, ce se va desf\u0103\u0219ura s\u00e2mb\u0103t\u0103, la Romexpo, se va opera \u0219i o modificare \u00een statutul partidului.","breadcrumb":{"@id":"https:\/\/covasna45.ro\/index.php\/lumea-noastra\/marcel-ciolacu-cere-solutii-de-guvernare-de-la-oamenii-obisnuiti\/#breadcrumb"},"inLanguage":"ro-RO","potentialAction":[{"@type":"ReadAction","target":["https:\/\/covasna45.ro\/index.php\/lumea-noastra\/marcel-ciolacu-cere-solutii-de-guvernare-de-la-oamenii-obisnuiti\/"]}]},{"@type":"ImageObject","inLanguage":"ro-RO","@id":"https:\/\/covasna45.ro\/index.php\/lumea-noastra\/marcel-ciolacu-cere-solutii-de-guvernare-de-la-oamenii-obisnuiti\/#primaryimage","url":"https:\/\/covasna45.ro\/wp-content\/uploads\/2024\/02\/ciolacu-psd-cv.jpg","contentUrl":"https:\/\/covasna45.ro\/wp-content\/uploads\/2024\/02\/ciolacu-psd-cv.jpg","width":1226,"height":708},{"@type":"BreadcrumbList","@id":"https:\/\/covasna45.ro\/index.php\/lumea-noastra\/marcel-ciolacu-cere-solutii-de-guvernare-de-la-oamenii-obisnuiti\/#breadcrumb","itemListElement":[{"@type":"ListItem","position":1,"name":"Prima pagin\u0103","item":"https:\/\/covasna45.ro\/"},{"@type":"ListItem","position":2,"name":"Marcel Ciolacu cere solu\u021bii de guvernare de la \u201eoamenii obi\u0219nui\u021bi\u201d"}]},{"@type":"WebSite","@id":"https:\/\/covasna45.ro\/#website","url":"https:\/\/covasna45.ro\/","name":"covasna45.ro","description":"","publisher":{"@id":"https:\/\/covasna45.ro\/#organization"},"potentialAction":[{"@type":"SearchAction","target":{"@type":"EntryPoint","urlTemplate":"https:\/\/covasna45.ro\/?s={search_term_string}"},"query-input":{"@type":"PropertyValueSpecification","valueRequired":true,"valueName":"search_term_string"}}],"inLanguage":"ro-RO"},{"@type":"Organization","@id":"https:\/\/covasna45.ro\/#organization","name":"covasna45.ro","url":"https:\/\/covasna45.ro\/","logo":{"@type":"ImageObject","inLanguage":"ro-RO","@id":"https:\/\/covasna45.ro\/#\/schema\/logo\/image\/","url":"https:\/\/covasna45.ro\/wp-content\/uploads\/2023\/01\/icon_logo.png","contentUrl":"https:\/\/covasna45.ro\/wp-content\/uploads\/2023\/01\/icon_logo.png","width":1900,"height":1900,"caption":"covasna45.ro"},"image":{"@id":"https:\/\/covasna45.ro\/#\/schema\/logo\/image\/"}},{"@type":"Person","@id":"https:\/\/covasna45.ro\/#\/schema\/person\/e674052bd7d95d70bbb007a1060ab73c","name":"Covasna45","image":{"@type":"ImageObject","inLanguage":"ro-RO","@id":"https:\/\/covasna45.ro\/wp-content\/uploads\/2025\/10\/icon_logo_covasna45-150x150.png","url":"https:\/\/covasna45.ro\/wp-content\/uploads\/2025\/10\/icon_logo_covasna45-150x150.png","contentUrl":"https:\/\/covasna45.ro\/wp-content\/uploads\/2025\/10\/icon_logo_covasna45-150x150.png","caption":"Covasna45"},"sameAs":["https:\/\/covasna45.ro"],"url":"https:\/\/covasna45.ro\/index.php\/author\/covasna\/"}]}},"_links":{"self":[{"href":"https:\/\/covasna45.ro\/index.php\/wp-json\/wp\/v2\/posts\/7428","targetHints":{"allow":["GET"]}}],"collection":[{"href":"https:\/\/covasna45.ro\/index.php\/wp-json\/wp\/v2\/posts"}],"about":[{"href":"https:\/\/covasna45.ro\/index.php\/wp-json\/wp\/v2\/types\/post"}],"author":[{"embeddable":true,"href":"https:\/\/covasna45.ro\/index.php\/wp-json\/wp\/v2\/users\/1"}],"replies":[{"embeddable":true,"href":"https:\/\/covasna45.ro\/index.php\/wp-json\/wp\/v2\/comments?post=7428"}],"version-history":[{"count":1,"href":"https:\/\/covasna45.ro\/index.php\/wp-json\/wp\/v2\/posts\/7428\/revisions"}],"predecessor-version":[{"id":7430,"href":"https:\/\/covasna45.ro\/index.php\/wp-json\/wp\/v2\/posts\/7428\/revisions\/7430"}],"wp:featuredmedia":[{"embeddable":true,"href":"https:\/\/covasna45.ro\/index.php\/wp-json\/wp\/v2\/media\/4970"}],"wp:attachment":[{"href":"https:\/\/covasna45.ro\/index.php\/wp-json\/wp\/v2\/media?parent=7428"}],"wp:term":[{"taxonomy":"category","embeddable":true,"href":"https:\/\/covasna45.ro\/index.php\/wp-json\/wp\/v2\/categories?post=7428"},{"taxonomy":"post_tag","embeddable":true,"href":"https:\/\/covasna45.ro\/index.php\/wp-json\/wp\/v2\/tags?post=7428"}],"curies":[{"name":"wp","href":"https:\/\/api.w.org\/{rel}","templated":true}]}}